{"id":32089,"date":"2022-04-08T16:41:03","date_gmt":"2022-04-08T16:41:03","guid":{"rendered":"https:\/\/www.africa-press.net\/cotedivoire\/politique\/san-pedro-leffondrement-dun-mur-fait-deux-morts"},"modified":"2022-04-08T17:06:43","modified_gmt":"2022-04-08T17:06:43","slug":"san-pedro-leffondrement-dun-mur-fait-deux-morts","status":"publish","type":"post","link":"https:\/\/www.africa-press.net\/cotedivoire\/toutes-les-actualites\/san-pedro-leffondrement-dun-mur-fait-deux-morts","title":{"rendered":"San-P\u00e9dro, l&rsquo;effondrement d&rsquo;un mur fait deux morts"},"content":{"rendered":"<p><span style=\"color: #ff6600\"><strong>Africa-Press &#8211; C\u00f4te d&rsquo;Ivoire. <\/strong><\/span> Deux jeunes hommes, des ressortissants Burkinab\u00e9s, ont en effet \u00e9t\u00e9 tu\u00e9s dans l\u2019effondrement d\u2019un mur t\u00f4t ce jeudi 07 0vril 2022 a appris KOACI de t\u00e9moins.<\/p>\n<p>Selon des informations recueillies sur place, c\u2019est aux environs de 05 heures du matin que le drame s\u2019est produit. Ces jeunes hommes, \u00e2g\u00e9s de 16 et 19 ans, \u00e9taient encore endormis dans leur maison construite en baraquement quand la cl\u00f4ture d\u2019un terrain non encore b\u00e2ti et situ\u00e9 \u00e0 proximit\u00e9 du garage d\u2019automobiles appel\u00e9 \u00ab Garage Soumahoro \u00bb s\u2019est effondr\u00e9e sur eux.<\/p>\n<p>Ils y habitaient seuls, en l\u2019absence de leur tuteur en d\u00e9placement.<\/p>\n<p>Toujours selon les informations rapport\u00e9es, l\u2019effondrement de cette cl\u00f4ture serait d\u00fb \u00e0 la forte pluie qui s\u2019est abattue sur la ville de San-P\u00e9dro dans la nuit du mercredi 06 avril au jeudi 07 avril 2022.<\/p>\n<p>Alert\u00e9es, les forces de s\u00e9curit\u00e9 arriv\u00e9es sur le site du drame, ont proc\u00e9d\u00e9 \u00e0 la constatation d&rsquo;usage avant de c\u00e9der la place au service comp\u00e9tent pour le transfert des corps dans le lieu appropri\u00e9.<\/p>\n<p><strong>Pour plus d&rsquo;informations et d&rsquo;analyses sur la <a href=\"https:\/\/www.africa-press.net\/cotedivoire\">C\u00f4te d&rsquo;Ivoire<\/a>, suivez <a href=\"https:\/\/www.africa-press.net\/\">Africa-Press<\/a><\/strong><\/p>\n","protected":false},"excerpt":{"rendered":"<p>Africa-Press &#8211; C\u00f4te d&rsquo;Ivoire. Deux jeunes hommes, des ressortissants Burkinab\u00e9s, ont en effet \u00e9t\u00e9 tu\u00e9s dans l\u2019effondrement d\u2019un mur t\u00f4t ce jeudi 07 0vril 2022 a appris KOACI de t\u00e9moins. Selon des informations recueillies sur place, c\u2019est aux environs de 05 heures du matin que le drame s\u2019est produit. Ces jeunes hommes, \u00e2g\u00e9s de 16 [&hellip;]<\/p>\n","protected":false},"author":82,"featured_media":32088,"comment_status":"open","ping_status":"closed","sticky":false,"template":"","format":"standard","meta":{"footnotes":""},"categories":[21,11,10],"tags":[56,63,29,5417,1592,1863],"class_list":["post-32089","post","type-post","status-publish","format-standard","has-post-thumbnail","hentry","category-communaute","category-homepage-french","category-toutes-les-actualites","tag-africa-press","tag-africa-press-cote-divoire","tag-cote-divoire","tag-mur","tag-pluie","tag-san-pedro-2"],"yoast_head":"<!-- This site is optimized with the Yoast SEO Premium plugin v26.1 (Yoast SEO v27.0) - https:\/\/yoast.com\/product\/yoast-seo-premium-wordpress\/ -->\n<title>San-P\u00e9dro, l&#039;effondrement d&#039;un mur fait deux morts - C\u00f4te d&#039;Ivoire<\/title>\n<meta name=\"description\" content=\"Deux jeunes hommes, des ressortissants Burkinab\u00e9s, ont en effet \u00e9t\u00e9 tu\u00e9s dans l\u2019effondrement d\u2019un mur t\u00f4t ce jeudi 07 0 ...\" \/>\n<meta name=\"robots\" content=\"index, follow, max-snippet:-1, max-image-preview:large, max-video-preview:-1\" \/>\n<link rel=\"canonical\" href=\"https:\/\/www.africa-press.net\/cotedivoire\/toutes-les-actualites\/san-pedro-leffondrement-dun-mur-fait-deux-morts\" \/>\n<meta property=\"og:locale\" content=\"fr_FR\" \/>\n<meta property=\"og:type\" content=\"article\" \/>\n<meta property=\"og:title\" content=\"San-P\u00e9dro, l&#039;effondrement d&#039;un mur fait deux morts\" \/>\n<meta property=\"og:description\" content=\"Deux jeunes hommes, des ressortissants Burkinab\u00e9s, ont en effet \u00e9t\u00e9 tu\u00e9s dans l\u2019effondrement d\u2019un mur t\u00f4t ce jeudi 07 0 ...\" \/>\n<meta property=\"og:url\" content=\"https:\/\/www.africa-press.net\/cotedivoire\/toutes-les-actualites\/san-pedro-leffondrement-dun-mur-fait-deux-morts\" \/>\n<meta property=\"og:site_name\" content=\"C\u00f4te d&#039;Ivoire\" \/>\n<meta property=\"article:published_time\" content=\"2022-04-08T16:41:03+00:00\" \/>\n<meta property=\"article:modified_time\" content=\"2022-04-08T17:06:43+00:00\" \/>\n<meta property=\"og:image\" content=\"https:\/\/static.africa-press.net\/cote\/sites\/43\/2022\/04\/img-62506b84c78c0.jpg\" \/>\n\t<meta property=\"og:image:width\" content=\"720\" \/>\n\t<meta property=\"og:image:height\" content=\"428\" \/>\n\t<meta property=\"og:image:type\" content=\"image\/jpeg\" \/>\n<meta name=\"author\" content=\"cfeditorfr\" \/>\n<meta name=\"twitter:card\" content=\"summary_large_image\" \/>\n<meta name=\"twitter:label1\" content=\"\u00c9crit par\" \/>\n\t<meta name=\"twitter:data1\" content=\"cfeditorfr\" \/>\n\t<meta name=\"twitter:label2\" content=\"Dur\u00e9e de lecture estim\u00e9e\" \/>\n\t<meta name=\"twitter:data2\" content=\"1 minute\" \/>\n<script type=\"application\/ld+json\" class=\"yoast-schema-graph\">{\"@context\":\"https:\/\/schema.org\",\"@graph\":[{\"@type\":\"Article\",\"@id\":\"https:\/\/www.africa-press.net\/cotedivoire\/toutes-les-actualites\/san-pedro-leffondrement-dun-mur-fait-deux-morts#article\",\"isPartOf\":{\"@id\":\"https:\/\/www.africa-press.net\/cotedivoire\/toutes-les-actualites\/san-pedro-leffondrement-dun-mur-fait-deux-morts\"},\"author\":{\"name\":\"cfeditorfr\",\"@id\":\"https:\/\/www.africa-press.net\/cotedivoire\/#\/schema\/person\/2b1cf3cd81a31e3cd26889ca66d677f1\"},\"headline\":\"San-P\u00e9dro, l&rsquo;effondrement d&rsquo;un mur fait deux morts\",\"datePublished\":\"2022-04-08T16:41:03+00:00\",\"dateModified\":\"2022-04-08T17:06:43+00:00\",\"mainEntityOfPage\":{\"@id\":\"https:\/\/www.africa-press.net\/cotedivoire\/toutes-les-actualites\/san-pedro-leffondrement-dun-mur-fait-deux-morts\"},\"wordCount\":214,\"commentCount\":0,\"image\":{\"@id\":\"https:\/\/www.africa-press.net\/cotedivoire\/toutes-les-actualites\/san-pedro-leffondrement-dun-mur-fait-deux-morts#primaryimage\"},\"thumbnailUrl\":\"https:\/\/static.africa-press.net\/cote\/sites\/43\/2022\/04\/img-62506b84c78c0.jpg\",\"keywords\":[\"Africa Press\",\"Africa Press-C\u00f4te d'Ivoire\",\"C\u00d4TE D'IVOIRE\",\"mur\",\"pluie\",\"San-Pedro\"],\"articleSection\":[\"Communaut\u00e9\",\"homepage-french\",\"Toutes les actualit\u00e9s\"],\"inLanguage\":\"fr-FR\",\"potentialAction\":[{\"@type\":\"CommentAction\",\"name\":\"Comment\",\"target\":[\"https:\/\/www.africa-press.net\/cotedivoire\/toutes-les-actualites\/san-pedro-leffondrement-dun-mur-fait-deux-morts#respond\"]}]},{\"@type\":\"WebPage\",\"@id\":\"https:\/\/www.africa-press.net\/cotedivoire\/toutes-les-actualites\/san-pedro-leffondrement-dun-mur-fait-deux-morts\",\"url\":\"https:\/\/www.africa-press.net\/cotedivoire\/toutes-les-actualites\/san-pedro-leffondrement-dun-mur-fait-deux-morts\",\"name\":\"San-P\u00e9dro, l'effondrement d'un mur fait deux morts - C\u00f4te d&#039;Ivoire\",\"isPartOf\":{\"@id\":\"https:\/\/www.africa-press.net\/cotedivoire\/#website\"},\"primaryImageOfPage\":{\"@id\":\"https:\/\/www.africa-press.net\/cotedivoire\/toutes-les-actualites\/san-pedro-leffondrement-dun-mur-fait-deux-morts#primaryimage\"},\"image\":{\"@id\":\"https:\/\/www.africa-press.net\/cotedivoire\/toutes-les-actualites\/san-pedro-leffondrement-dun-mur-fait-deux-morts#primaryimage\"},\"thumbnailUrl\":\"https:\/\/static.africa-press.net\/cote\/sites\/43\/2022\/04\/img-62506b84c78c0.jpg\",\"datePublished\":\"2022-04-08T16:41:03+00:00\",\"dateModified\":\"2022-04-08T17:06:43+00:00\",\"author\":{\"@id\":\"https:\/\/www.africa-press.net\/cotedivoire\/#\/schema\/person\/2b1cf3cd81a31e3cd26889ca66d677f1\"},\"description\":\"Deux jeunes hommes, des ressortissants Burkinab\u00e9s, ont en effet \u00e9t\u00e9 tu\u00e9s dans l\u2019effondrement d\u2019un mur t\u00f4t ce jeudi 07 0 ...\",\"breadcrumb\":{\"@id\":\"https:\/\/www.africa-press.net\/cotedivoire\/toutes-les-actualites\/san-pedro-leffondrement-dun-mur-fait-deux-morts#breadcrumb\"},\"inLanguage\":\"fr-FR\",\"potentialAction\":[{\"@type\":\"ReadAction\",\"target\":[\"https:\/\/www.africa-press.net\/cotedivoire\/toutes-les-actualites\/san-pedro-leffondrement-dun-mur-fait-deux-morts\"]}]},{\"@type\":\"ImageObject\",\"inLanguage\":\"fr-FR\",\"@id\":\"https:\/\/www.africa-press.net\/cotedivoire\/toutes-les-actualites\/san-pedro-leffondrement-dun-mur-fait-deux-morts#primaryimage\",\"url\":\"https:\/\/static.africa-press.net\/cote\/sites\/43\/2022\/04\/img-62506b84c78c0.jpg\",\"contentUrl\":\"https:\/\/static.africa-press.net\/cote\/sites\/43\/2022\/04\/img-62506b84c78c0.jpg\",\"width\":720,\"height\":428,\"caption\":\"San-P\u00e9dro, l'effondrement d'un mur fait deux morts\"},{\"@type\":\"BreadcrumbList\",\"@id\":\"https:\/\/www.africa-press.net\/cotedivoire\/toutes-les-actualites\/san-pedro-leffondrement-dun-mur-fait-deux-morts#breadcrumb\",\"itemListElement\":[{\"@type\":\"ListItem\",\"position\":1,\"name\":\"Accueil\",\"item\":\"https:\/\/www.africa-press.net\/cotedivoire\/\"},{\"@type\":\"ListItem\",\"position\":2,\"name\":\"San-P\u00e9dro, l&#8217;effondrement d&#8217;un mur fait deux morts\"}]},{\"@type\":\"WebSite\",\"@id\":\"https:\/\/www.africa-press.net\/cotedivoire\/#website\",\"url\":\"https:\/\/www.africa-press.net\/cotedivoire\/\",\"name\":\"C\u00f4te d&#039;Ivoire\",\"description\":\"Just another Africa News Agency Sites site\",\"potentialAction\":[{\"@type\":\"SearchAction\",\"target\":{\"@type\":\"EntryPoint\",\"urlTemplate\":\"https:\/\/www.africa-press.net\/cotedivoire\/?s={search_term_string}\"},\"query-input\":{\"@type\":\"PropertyValueSpecification\",\"valueRequired\":true,\"valueName\":\"search_term_string\"}}],\"inLanguage\":\"fr-FR\"},{\"@type\":\"Person\",\"@id\":\"https:\/\/www.africa-press.net\/cotedivoire\/#\/schema\/person\/2b1cf3cd81a31e3cd26889ca66d677f1\",\"name\":\"cfeditorfr\"}]}<\/script>\n<!-- \/ Yoast SEO Premium plugin. -->","yoast_head_json":{"title":"San-P\u00e9dro, l'effondrement d'un mur fait deux morts - C\u00f4te d&#039;Ivoire","description":"Deux jeunes hommes, des ressortissants Burkinab\u00e9s, ont en effet \u00e9t\u00e9 tu\u00e9s dans l\u2019effondrement d\u2019un mur t\u00f4t ce jeudi 07 0 ...","robots":{"index":"index","follow":"follow","max-snippet":"max-snippet:-1","max-image-preview":"max-image-preview:large","max-video-preview":"max-video-preview:-1"},"canonical":"https:\/\/www.africa-press.net\/cotedivoire\/toutes-les-actualites\/san-pedro-leffondrement-dun-mur-fait-deux-morts","og_locale":"fr_FR","og_type":"article","og_title":"San-P\u00e9dro, l'effondrement d'un mur fait deux morts","og_description":"Deux jeunes hommes, des ressortissants Burkinab\u00e9s, ont en effet \u00e9t\u00e9 tu\u00e9s dans l\u2019effondrement d\u2019un mur t\u00f4t ce jeudi 07 0 ...","og_url":"https:\/\/www.africa-press.net\/cotedivoire\/toutes-les-actualites\/san-pedro-leffondrement-dun-mur-fait-deux-morts","og_site_name":"C\u00f4te d&#039;Ivoire","article_published_time":"2022-04-08T16:41:03+00:00","article_modified_time":"2022-04-08T17:06:43+00:00","og_image":[{"width":720,"height":428,"url":"https:\/\/static.africa-press.net\/cote\/sites\/43\/2022\/04\/img-62506b84c78c0.jpg","type":"image\/jpeg"}],"author":"cfeditorfr","twitter_card":"summary_large_image","twitter_misc":{"\u00c9crit par":"cfeditorfr","Dur\u00e9e de lecture estim\u00e9e":"1 minute"},"schema":{"@context":"https:\/\/schema.org","@graph":[{"@type":"Article","@id":"https:\/\/www.africa-press.net\/cotedivoire\/toutes-les-actualites\/san-pedro-leffondrement-dun-mur-fait-deux-morts#article","isPartOf":{"@id":"https:\/\/www.africa-press.net\/cotedivoire\/toutes-les-actualites\/san-pedro-leffondrement-dun-mur-fait-deux-morts"},"author":{"name":"cfeditorfr","@id":"https:\/\/www.africa-press.net\/cotedivoire\/#\/schema\/person\/2b1cf3cd81a31e3cd26889ca66d677f1"},"headline":"San-P\u00e9dro, l&rsquo;effondrement d&rsquo;un mur fait deux morts","datePublished":"2022-04-08T16:41:03+00:00","dateModified":"2022-04-08T17:06:43+00:00","mainEntityOfPage":{"@id":"https:\/\/www.africa-press.net\/cotedivoire\/toutes-les-actualites\/san-pedro-leffondrement-dun-mur-fait-deux-morts"},"wordCount":214,"commentCount":0,"image":{"@id":"https:\/\/www.africa-press.net\/cotedivoire\/toutes-les-actualites\/san-pedro-leffondrement-dun-mur-fait-deux-morts#primaryimage"},"thumbnailUrl":"https:\/\/static.africa-press.net\/cote\/sites\/43\/2022\/04\/img-62506b84c78c0.jpg","keywords":["Africa Press","Africa Press-C\u00f4te d'Ivoire","C\u00d4TE D'IVOIRE","mur","pluie","San-Pedro"],"articleSection":["Communaut\u00e9","homepage-french","Toutes les actualit\u00e9s"],"inLanguage":"fr-FR","potentialAction":[{"@type":"CommentAction","name":"Comment","target":["https:\/\/www.africa-press.net\/cotedivoire\/toutes-les-actualites\/san-pedro-leffondrement-dun-mur-fait-deux-morts#respond"]}]},{"@type":"WebPage","@id":"https:\/\/www.africa-press.net\/cotedivoire\/toutes-les-actualites\/san-pedro-leffondrement-dun-mur-fait-deux-morts","url":"https:\/\/www.africa-press.net\/cotedivoire\/toutes-les-actualites\/san-pedro-leffondrement-dun-mur-fait-deux-morts","name":"San-P\u00e9dro, l'effondrement d'un mur fait deux morts - C\u00f4te d&#039;Ivoire","isPartOf":{"@id":"https:\/\/www.africa-press.net\/cotedivoire\/#website"},"primaryImageOfPage":{"@id":"https:\/\/www.africa-press.net\/cotedivoire\/toutes-les-actualites\/san-pedro-leffondrement-dun-mur-fait-deux-morts#primaryimage"},"image":{"@id":"https:\/\/www.africa-press.net\/cotedivoire\/toutes-les-actualites\/san-pedro-leffondrement-dun-mur-fait-deux-morts#primaryimage"},"thumbnailUrl":"https:\/\/static.africa-press.net\/cote\/sites\/43\/2022\/04\/img-62506b84c78c0.jpg","datePublished":"2022-04-08T16:41:03+00:00","dateModified":"2022-04-08T17:06:43+00:00","author":{"@id":"https:\/\/www.africa-press.net\/cotedivoire\/#\/schema\/person\/2b1cf3cd81a31e3cd26889ca66d677f1"},"description":"Deux jeunes hommes, des ressortissants Burkinab\u00e9s, ont en effet \u00e9t\u00e9 tu\u00e9s dans l\u2019effondrement d\u2019un mur t\u00f4t ce jeudi 07 0 ...","breadcrumb":{"@id":"https:\/\/www.africa-press.net\/cotedivoire\/toutes-les-actualites\/san-pedro-leffondrement-dun-mur-fait-deux-morts#breadcrumb"},"inLanguage":"fr-FR","potentialAction":[{"@type":"ReadAction","target":["https:\/\/www.africa-press.net\/cotedivoire\/toutes-les-actualites\/san-pedro-leffondrement-dun-mur-fait-deux-morts"]}]},{"@type":"ImageObject","inLanguage":"fr-FR","@id":"https:\/\/www.africa-press.net\/cotedivoire\/toutes-les-actualites\/san-pedro-leffondrement-dun-mur-fait-deux-morts#primaryimage","url":"https:\/\/static.africa-press.net\/cote\/sites\/43\/2022\/04\/img-62506b84c78c0.jpg","contentUrl":"https:\/\/static.africa-press.net\/cote\/sites\/43\/2022\/04\/img-62506b84c78c0.jpg","width":720,"height":428,"caption":"San-P\u00e9dro, l'effondrement d'un mur fait deux morts"},{"@type":"BreadcrumbList","@id":"https:\/\/www.africa-press.net\/cotedivoire\/toutes-les-actualites\/san-pedro-leffondrement-dun-mur-fait-deux-morts#breadcrumb","itemListElement":[{"@type":"ListItem","position":1,"name":"Accueil","item":"https:\/\/www.africa-press.net\/cotedivoire\/"},{"@type":"ListItem","position":2,"name":"San-P\u00e9dro, l&#8217;effondrement d&#8217;un mur fait deux morts"}]},{"@type":"WebSite","@id":"https:\/\/www.africa-press.net\/cotedivoire\/#website","url":"https:\/\/www.africa-press.net\/cotedivoire\/","name":"C\u00f4te d&#039;Ivoire","description":"Just another Africa News Agency Sites site","potentialAction":[{"@type":"SearchAction","target":{"@type":"EntryPoint","urlTemplate":"https:\/\/www.africa-press.net\/cotedivoire\/?s={search_term_string}"},"query-input":{"@type":"PropertyValueSpecification","valueRequired":true,"valueName":"search_term_string"}}],"inLanguage":"fr-FR"},{"@type":"Person","@id":"https:\/\/www.africa-press.net\/cotedivoire\/#\/schema\/person\/2b1cf3cd81a31e3cd26889ca66d677f1","name":"cfeditorfr"}]}},"_links":{"self":[{"href":"https:\/\/www.africa-press.net\/cotedivoire\/wp-json\/wp\/v2\/posts\/32089","targetHints":{"allow":["GET"]}}],"collection":[{"href":"https:\/\/www.africa-press.net\/cotedivoire\/wp-json\/wp\/v2\/posts"}],"about":[{"href":"https:\/\/www.africa-press.net\/cotedivoire\/wp-json\/wp\/v2\/types\/post"}],"author":[{"embeddable":true,"href":"https:\/\/www.africa-press.net\/cotedivoire\/wp-json\/wp\/v2\/users\/82"}],"replies":[{"embeddable":true,"href":"https:\/\/www.africa-press.net\/cotedivoire\/wp-json\/wp\/v2\/comments?post=32089"}],"version-history":[{"count":0,"href":"https:\/\/www.africa-press.net\/cotedivoire\/wp-json\/wp\/v2\/posts\/32089\/revisions"}],"wp:featuredmedia":[{"embeddable":true,"href":"https:\/\/www.africa-press.net\/cotedivoire\/wp-json\/wp\/v2\/media\/32088"}],"wp:attachment":[{"href":"https:\/\/www.africa-press.net\/cotedivoire\/wp-json\/wp\/v2\/media?parent=32089"}],"wp:term":[{"taxonomy":"category","embeddable":true,"href":"https:\/\/www.africa-press.net\/cotedivoire\/wp-json\/wp\/v2\/categories?post=32089"},{"taxonomy":"post_tag","embeddable":true,"href":"https:\/\/www.africa-press.net\/cotedivoire\/wp-json\/wp\/v2\/tags?post=32089"}],"curies":[{"name":"wp","href":"https:\/\/api.w.org\/{rel}","templated":true}]}}