{"id":32107,"date":"2022-04-08T16:44:57","date_gmt":"2022-04-08T16:44:57","guid":{"rendered":"https:\/\/www.africa-press.net\/cotedivoire\/politique\/a-travers-le-projet-dignite-63-jeunes-primes-par-lavsi-dans-le-cadre-de-la-lutte-contre-la-migration-irreguliere"},"modified":"2022-04-08T17:15:34","modified_gmt":"2022-04-08T17:15:34","slug":"a-travers-le-projet-dignite-63-jeunes-primes-par-lavsi-dans-le-cadre-de-la-lutte-contre-la-migration-irreguliere","status":"publish","type":"post","link":"https:\/\/www.africa-press.net\/cotedivoire\/toutes-les-actualites\/a-travers-le-projet-dignite-63-jeunes-primes-par-lavsi-dans-le-cadre-de-la-lutte-contre-la-migration-irreguliere","title":{"rendered":"\u00c0 travers le projet Dignit\u00e9, 63 jeunes prim\u00e9s par l&rsquo;AVSI dans le cadre de la lutte contre la migration irr\u00e9guli\u00e8re"},"content":{"rendered":"<p><span style=\"color: #ff6600\"><strong>Africa-Press &#8211; C\u00f4te d&rsquo;Ivoire. <\/strong><\/span><b>La r\u00e9compense des r\u00e9cipiendaires (ph KOACI)<\/b><\/p>\n<p>Fond\u00e9e en Italie en 1972, l&rsquo;Association des Volontaires pour le Service International (AVSI), une organisation internationale qui a pour mission de promouvoir de la dignit\u00e9 humaine partout dans le monde \u00e0 travers des projets de d\u00e9veloppement, a organis\u00e9 ce mercredi 06 avril 2022 \u00e0 Bouak\u00e9, une c\u00e9r\u00e9monie de remise de certificat de fin de formation qui s&rsquo;inscrit dans le cadre d&rsquo;une activit\u00e9 de sensibilisation sur les risques et dangers li\u00e9s \u00e0 la migration irr\u00e9guli\u00e8re. 63 jeunes gar\u00e7ons et filles issus de divers horizons de la capitale de la r\u00e9gion de Gb\u00eak\u00ea, ont \u00e9t\u00e9 prim\u00e9s \u00e0 la suite d&rsquo;une p\u00e9riode de formation allant de 3 \u00e0 6 mois selon le domaine choisi.<\/p>\n<p>\u00ab Pr\u00e9sente en C\u00f4te d&rsquo;Ivoire depuis 2008, AVSI &#8211; CI s&rsquo;est engag\u00e9 conform\u00e9ment \u00e0 sa mission dans le domaine de la migration en vue de lutter contre la migration irr\u00e9guli\u00e8re. Au regard du drame li\u00e9 \u00e0 ce ph\u00e9nom\u00e8ne de la migration irr\u00e9guli\u00e8re avec son corollaire de morts dans le d\u00e9sert et en Mer, AVIS-CI a d\u00e9cid\u00e9 de s&rsquo;engager dans la lutte contre ce ph\u00e9nom\u00e8ne \u00e0 travers des actions cl\u00e9s, portant sur la formation, la sensibilisation de masse et l&rsquo;appui \u00e0 l&rsquo;entrepreneuriat des jeunes.<\/p>\n<p>La c\u00e9r\u00e9monie de ce jour s&rsquo;inscrit dans le cadre de l&rsquo;un de ces projets d\u00e9nomm\u00e9 \u00ab\u00a0Dignit\u00e9\u00a0\u00bb, d\u00e9but\u00e9 en novembre 2020 et vise \u00e0 lutter contre les causes de la migration irr\u00e9guli\u00e8re. Il est r\u00e9alis\u00e9 dans les villes de Bouak\u00e9, Daloa, Korhogo et Abidjan. Le projet Dignit\u00e9, il faut le dire, est mis en \u0153uvre avec la collaboration de plusieurs partenaires nationaux et internationaux que nous voulons ici remercier&#8230;\u00bb a d\u00e9clar\u00e9 monsieur Gogoua Valentin, charg\u00e9 du suivi \u00e9valuation r\u00e9gional de AVSI &#8211; Bouak\u00e9 qui par la suite, a demand\u00e9 aux b\u00e9n\u00e9ficiaires du jour et ceux d&rsquo;apr\u00e8s \u00ab de ne pas faire de de ces attestations des peintures de d\u00e9coration. Nous vous demandons de ne pas les ranger dans vos tiroirs et vite faire d&rsquo;oublier les connaissances acquises.\u00bb<\/p>\n<p>Pr\u00e9sent \u00e0 cette c\u00e9r\u00e9monie de distinction, le secr\u00e9taire g\u00e9n\u00e9ral 1 de la pr\u00e9fecture de r\u00e9gion de Bouak\u00e9 monsieur Katou Boni, a fait un large tour d&rsquo;horizon sur les al\u00e9as li\u00e9s \u00e0 la migration irr\u00e9guli\u00e8re. Pour lui, \u00ab l&rsquo;Europe n&rsquo;est pas l&rsquo;Eldorado \u00bb. Il a encourag\u00e9 les jeunes \u00e0 la formation, car dira-t-il, \u00ab la r\u00e9ussite, ce n&rsquo;est pas simplement dans les bureaux. Faites en sorte que votre activit\u00e9 prosp\u00e8re pour que vous alliez faire vos vacances en Europe.\u00bb<\/p>\n<p>Notons que les personnes prim\u00e9es, ont \u00e9t\u00e9 form\u00e9es dans diff\u00e9rents domaines notamment l&rsquo;informatique, l&rsquo;\u00e9levage (volaille), l&rsquo;\u00e9nergie solaire, la p\u00e2tisserie, la coiffure et la couture.<\/p>\n<p><strong>Pour plus d&rsquo;informations et d&rsquo;analyses sur la <a href=\"https:\/\/www.africa-press.net\/cotedivoire\">C\u00f4te d&rsquo;Ivoire<\/a>, suivez <a href=\"https:\/\/www.africa-press.net\/\">Africa-Press<\/a><\/strong><\/p>\n","protected":false},"excerpt":{"rendered":"<p>Africa-Press &#8211; C\u00f4te d&rsquo;Ivoire. La r\u00e9compense des r\u00e9cipiendaires (ph KOACI) Fond\u00e9e en Italie en 1972, l&rsquo;Association des Volontaires pour le Service International (AVSI), une organisation internationale qui a pour mission de promouvoir de la dignit\u00e9 humaine partout dans le monde \u00e0 travers des projets de d\u00e9veloppement, a organis\u00e9 ce mercredi 06 avril 2022 \u00e0 Bouak\u00e9, [&hellip;]<\/p>\n","protected":false},"author":82,"featured_media":32106,"comment_status":"open","ping_status":"closed","sticky":false,"template":"","format":"standard","meta":{"footnotes":""},"categories":[21,11,10],"tags":[56,63,5424,366,29,2698,5423],"class_list":["post-32107","post","type-post","status-publish","format-standard","has-post-thumbnail","hentry","category-communaute","category-homepage-french","category-toutes-les-actualites","tag-africa-press","tag-africa-press-cote-divoire","tag-avsi","tag-bouake","tag-cote-divoire","tag-dignite","tag-migration-irreguliere"],"yoast_head":"<!-- This site is optimized with the Yoast SEO Premium plugin v26.1 (Yoast SEO v27.0) - https:\/\/yoast.com\/product\/yoast-seo-premium-wordpress\/ -->\n<title>\u00c0 travers le projet Dignit\u00e9, 63 jeunes prim\u00e9s par l&#039;AVSI dans le cadre de la lutte contre la migration irr\u00e9guli\u00e8re - C\u00f4te d&#039;Ivoire<\/title>\n<meta name=\"description\" content=\"La r\u00e9compense des r\u00e9cipiendaires (ph KOACI) Fond\u00e9e en Italie en 1972, l&#039;Association des Volontaires pour le Serv ...\" \/>\n<meta name=\"robots\" content=\"index, follow, max-snippet:-1, max-image-preview:large, max-video-preview:-1\" \/>\n<link rel=\"canonical\" href=\"https:\/\/www.africa-press.net\/cotedivoire\/toutes-les-actualites\/a-travers-le-projet-dignite-63-jeunes-primes-par-lavsi-dans-le-cadre-de-la-lutte-contre-la-migration-irreguliere\" \/>\n<meta property=\"og:locale\" content=\"fr_FR\" \/>\n<meta property=\"og:type\" content=\"article\" \/>\n<meta property=\"og:title\" content=\"\u00c0 travers le projet Dignit\u00e9, 63 jeunes prim\u00e9s par l&#039;AVSI dans le cadre de la lutte contre la migration irr\u00e9guli\u00e8re\" \/>\n<meta property=\"og:description\" content=\"La r\u00e9compense des r\u00e9cipiendaires (ph KOACI) Fond\u00e9e en Italie en 1972, l&#039;Association des Volontaires pour le Serv ...\" \/>\n<meta property=\"og:url\" content=\"https:\/\/www.africa-press.net\/cotedivoire\/toutes-les-actualites\/a-travers-le-projet-dignite-63-jeunes-primes-par-lavsi-dans-le-cadre-de-la-lutte-contre-la-migration-irreguliere\" \/>\n<meta property=\"og:site_name\" content=\"C\u00f4te d&#039;Ivoire\" \/>\n<meta property=\"article:published_time\" content=\"2022-04-08T16:44:57+00:00\" \/>\n<meta property=\"article:modified_time\" content=\"2022-04-08T17:15:34+00:00\" \/>\n<meta property=\"og:image\" content=\"https:\/\/static.africa-press.net\/cote\/sites\/43\/2022\/04\/img-62506d8d7ae41.jpg\" \/>\n\t<meta property=\"og:image:width\" content=\"720\" \/>\n\t<meta property=\"og:image:height\" content=\"405\" \/>\n\t<meta property=\"og:image:type\" content=\"image\/jpeg\" \/>\n<meta name=\"author\" content=\"cfeditorfr\" \/>\n<meta name=\"twitter:card\" content=\"summary_large_image\" \/>\n<meta name=\"twitter:label1\" content=\"\u00c9crit par\" \/>\n\t<meta name=\"twitter:data1\" content=\"cfeditorfr\" \/>\n\t<meta name=\"twitter:label2\" content=\"Dur\u00e9e de lecture estim\u00e9e\" \/>\n\t<meta name=\"twitter:data2\" content=\"2 minutes\" \/>\n<script type=\"application\/ld+json\" class=\"yoast-schema-graph\">{\"@context\":\"https:\/\/schema.org\",\"@graph\":[{\"@type\":\"Article\",\"@id\":\"https:\/\/www.africa-press.net\/cotedivoire\/toutes-les-actualites\/a-travers-le-projet-dignite-63-jeunes-primes-par-lavsi-dans-le-cadre-de-la-lutte-contre-la-migration-irreguliere#article\",\"isPartOf\":{\"@id\":\"https:\/\/www.africa-press.net\/cotedivoire\/toutes-les-actualites\/a-travers-le-projet-dignite-63-jeunes-primes-par-lavsi-dans-le-cadre-de-la-lutte-contre-la-migration-irreguliere\"},\"author\":{\"name\":\"cfeditorfr\",\"@id\":\"https:\/\/www.africa-press.net\/cotedivoire\/#\/schema\/person\/2b1cf3cd81a31e3cd26889ca66d677f1\"},\"headline\":\"\u00c0 travers le projet Dignit\u00e9, 63 jeunes prim\u00e9s par l&rsquo;AVSI dans le cadre de la lutte contre la migration irr\u00e9guli\u00e8re\",\"datePublished\":\"2022-04-08T16:44:57+00:00\",\"dateModified\":\"2022-04-08T17:15:34+00:00\",\"mainEntityOfPage\":{\"@id\":\"https:\/\/www.africa-press.net\/cotedivoire\/toutes-les-actualites\/a-travers-le-projet-dignite-63-jeunes-primes-par-lavsi-dans-le-cadre-de-la-lutte-contre-la-migration-irreguliere\"},\"wordCount\":524,\"commentCount\":0,\"image\":{\"@id\":\"https:\/\/www.africa-press.net\/cotedivoire\/toutes-les-actualites\/a-travers-le-projet-dignite-63-jeunes-primes-par-lavsi-dans-le-cadre-de-la-lutte-contre-la-migration-irreguliere#primaryimage\"},\"thumbnailUrl\":\"https:\/\/static.africa-press.net\/cote\/sites\/43\/2022\/04\/img-62506d8d7ae41.jpg\",\"keywords\":[\"Africa Press\",\"Africa Press-C\u00f4te d'Ivoire\",\"AVSI\",\"Bouak\u00e9\",\"C\u00d4TE D'IVOIRE\",\"Dignit\u00e9\",\"migration irr\u00e9guli\u00e8re\"],\"articleSection\":[\"Communaut\u00e9\",\"homepage-french\",\"Toutes les actualit\u00e9s\"],\"inLanguage\":\"fr-FR\",\"potentialAction\":[{\"@type\":\"CommentAction\",\"name\":\"Comment\",\"target\":[\"https:\/\/www.africa-press.net\/cotedivoire\/toutes-les-actualites\/a-travers-le-projet-dignite-63-jeunes-primes-par-lavsi-dans-le-cadre-de-la-lutte-contre-la-migration-irreguliere#respond\"]}]},{\"@type\":\"WebPage\",\"@id\":\"https:\/\/www.africa-press.net\/cotedivoire\/toutes-les-actualites\/a-travers-le-projet-dignite-63-jeunes-primes-par-lavsi-dans-le-cadre-de-la-lutte-contre-la-migration-irreguliere\",\"url\":\"https:\/\/www.africa-press.net\/cotedivoire\/toutes-les-actualites\/a-travers-le-projet-dignite-63-jeunes-primes-par-lavsi-dans-le-cadre-de-la-lutte-contre-la-migration-irreguliere\",\"name\":\"\u00c0 travers le projet Dignit\u00e9, 63 jeunes prim\u00e9s par l'AVSI dans le cadre de la lutte contre la migration irr\u00e9guli\u00e8re - C\u00f4te d&#039;Ivoire\",\"isPartOf\":{\"@id\":\"https:\/\/www.africa-press.net\/cotedivoire\/#website\"},\"primaryImageOfPage\":{\"@id\":\"https:\/\/www.africa-press.net\/cotedivoire\/toutes-les-actualites\/a-travers-le-projet-dignite-63-jeunes-primes-par-lavsi-dans-le-cadre-de-la-lutte-contre-la-migration-irreguliere#primaryimage\"},\"image\":{\"@id\":\"https:\/\/www.africa-press.net\/cotedivoire\/toutes-les-actualites\/a-travers-le-projet-dignite-63-jeunes-primes-par-lavsi-dans-le-cadre-de-la-lutte-contre-la-migration-irreguliere#primaryimage\"},\"thumbnailUrl\":\"https:\/\/static.africa-press.net\/cote\/sites\/43\/2022\/04\/img-62506d8d7ae41.jpg\",\"datePublished\":\"2022-04-08T16:44:57+00:00\",\"dateModified\":\"2022-04-08T17:15:34+00:00\",\"author\":{\"@id\":\"https:\/\/www.africa-press.net\/cotedivoire\/#\/schema\/person\/2b1cf3cd81a31e3cd26889ca66d677f1\"},\"description\":\"La r\u00e9compense des r\u00e9cipiendaires (ph KOACI) Fond\u00e9e en Italie en 1972, l'Association des Volontaires pour le Serv ...\",\"breadcrumb\":{\"@id\":\"https:\/\/www.africa-press.net\/cotedivoire\/toutes-les-actualites\/a-travers-le-projet-dignite-63-jeunes-primes-par-lavsi-dans-le-cadre-de-la-lutte-contre-la-migration-irreguliere#breadcrumb\"},\"inLanguage\":\"fr-FR\",\"potentialAction\":[{\"@type\":\"ReadAction\",\"target\":[\"https:\/\/www.africa-press.net\/cotedivoire\/toutes-les-actualites\/a-travers-le-projet-dignite-63-jeunes-primes-par-lavsi-dans-le-cadre-de-la-lutte-contre-la-migration-irreguliere\"]}]},{\"@type\":\"ImageObject\",\"inLanguage\":\"fr-FR\",\"@id\":\"https:\/\/www.africa-press.net\/cotedivoire\/toutes-les-actualites\/a-travers-le-projet-dignite-63-jeunes-primes-par-lavsi-dans-le-cadre-de-la-lutte-contre-la-migration-irreguliere#primaryimage\",\"url\":\"https:\/\/static.africa-press.net\/cote\/sites\/43\/2022\/04\/img-62506d8d7ae41.jpg\",\"contentUrl\":\"https:\/\/static.africa-press.net\/cote\/sites\/43\/2022\/04\/img-62506d8d7ae41.jpg\",\"width\":720,\"height\":405,\"caption\":\"\u00c0 travers le projet Dignit\u00e9, 63 jeunes prim\u00e9s par l'AVSI dans le cadre de la lutte contre la migration irr\u00e9guli\u00e8re\"},{\"@type\":\"BreadcrumbList\",\"@id\":\"https:\/\/www.africa-press.net\/cotedivoire\/toutes-les-actualites\/a-travers-le-projet-dignite-63-jeunes-primes-par-lavsi-dans-le-cadre-de-la-lutte-contre-la-migration-irreguliere#breadcrumb\",\"itemListElement\":[{\"@type\":\"ListItem\",\"position\":1,\"name\":\"Accueil\",\"item\":\"https:\/\/www.africa-press.net\/cotedivoire\/\"},{\"@type\":\"ListItem\",\"position\":2,\"name\":\"\u00c0 travers le projet Dignit\u00e9, 63 jeunes prim\u00e9s par l&#8217;AVSI dans le cadre de la lutte contre la migration irr\u00e9guli\u00e8re\"}]},{\"@type\":\"WebSite\",\"@id\":\"https:\/\/www.africa-press.net\/cotedivoire\/#website\",\"url\":\"https:\/\/www.africa-press.net\/cotedivoire\/\",\"name\":\"C\u00f4te d&#039;Ivoire\",\"description\":\"Just another Africa News Agency Sites site\",\"potentialAction\":[{\"@type\":\"SearchAction\",\"target\":{\"@type\":\"EntryPoint\",\"urlTemplate\":\"https:\/\/www.africa-press.net\/cotedivoire\/?s={search_term_string}\"},\"query-input\":{\"@type\":\"PropertyValueSpecification\",\"valueRequired\":true,\"valueName\":\"search_term_string\"}}],\"inLanguage\":\"fr-FR\"},{\"@type\":\"Person\",\"@id\":\"https:\/\/www.africa-press.net\/cotedivoire\/#\/schema\/person\/2b1cf3cd81a31e3cd26889ca66d677f1\",\"name\":\"cfeditorfr\"}]}<\/script>\n<!-- \/ Yoast SEO Premium plugin. -->","yoast_head_json":{"title":"\u00c0 travers le projet Dignit\u00e9, 63 jeunes prim\u00e9s par l'AVSI dans le cadre de la lutte contre la migration irr\u00e9guli\u00e8re - C\u00f4te d&#039;Ivoire","description":"La r\u00e9compense des r\u00e9cipiendaires (ph KOACI) Fond\u00e9e en Italie en 1972, l'Association des Volontaires pour le Serv ...","robots":{"index":"index","follow":"follow","max-snippet":"max-snippet:-1","max-image-preview":"max-image-preview:large","max-video-preview":"max-video-preview:-1"},"canonical":"https:\/\/www.africa-press.net\/cotedivoire\/toutes-les-actualites\/a-travers-le-projet-dignite-63-jeunes-primes-par-lavsi-dans-le-cadre-de-la-lutte-contre-la-migration-irreguliere","og_locale":"fr_FR","og_type":"article","og_title":"\u00c0 travers le projet Dignit\u00e9, 63 jeunes prim\u00e9s par l'AVSI dans le cadre de la lutte contre la migration irr\u00e9guli\u00e8re","og_description":"La r\u00e9compense des r\u00e9cipiendaires (ph KOACI) Fond\u00e9e en Italie en 1972, l'Association des Volontaires pour le Serv ...","og_url":"https:\/\/www.africa-press.net\/cotedivoire\/toutes-les-actualites\/a-travers-le-projet-dignite-63-jeunes-primes-par-lavsi-dans-le-cadre-de-la-lutte-contre-la-migration-irreguliere","og_site_name":"C\u00f4te d&#039;Ivoire","article_published_time":"2022-04-08T16:44:57+00:00","article_modified_time":"2022-04-08T17:15:34+00:00","og_image":[{"width":720,"height":405,"url":"https:\/\/static.africa-press.net\/cote\/sites\/43\/2022\/04\/img-62506d8d7ae41.jpg","type":"image\/jpeg"}],"author":"cfeditorfr","twitter_card":"summary_large_image","twitter_misc":{"\u00c9crit par":"cfeditorfr","Dur\u00e9e de lecture estim\u00e9e":"2 minutes"},"schema":{"@context":"https:\/\/schema.org","@graph":[{"@type":"Article","@id":"https:\/\/www.africa-press.net\/cotedivoire\/toutes-les-actualites\/a-travers-le-projet-dignite-63-jeunes-primes-par-lavsi-dans-le-cadre-de-la-lutte-contre-la-migration-irreguliere#article","isPartOf":{"@id":"https:\/\/www.africa-press.net\/cotedivoire\/toutes-les-actualites\/a-travers-le-projet-dignite-63-jeunes-primes-par-lavsi-dans-le-cadre-de-la-lutte-contre-la-migration-irreguliere"},"author":{"name":"cfeditorfr","@id":"https:\/\/www.africa-press.net\/cotedivoire\/#\/schema\/person\/2b1cf3cd81a31e3cd26889ca66d677f1"},"headline":"\u00c0 travers le projet Dignit\u00e9, 63 jeunes prim\u00e9s par l&rsquo;AVSI dans le cadre de la lutte contre la migration irr\u00e9guli\u00e8re","datePublished":"2022-04-08T16:44:57+00:00","dateModified":"2022-04-08T17:15:34+00:00","mainEntityOfPage":{"@id":"https:\/\/www.africa-press.net\/cotedivoire\/toutes-les-actualites\/a-travers-le-projet-dignite-63-jeunes-primes-par-lavsi-dans-le-cadre-de-la-lutte-contre-la-migration-irreguliere"},"wordCount":524,"commentCount":0,"image":{"@id":"https:\/\/www.africa-press.net\/cotedivoire\/toutes-les-actualites\/a-travers-le-projet-dignite-63-jeunes-primes-par-lavsi-dans-le-cadre-de-la-lutte-contre-la-migration-irreguliere#primaryimage"},"thumbnailUrl":"https:\/\/static.africa-press.net\/cote\/sites\/43\/2022\/04\/img-62506d8d7ae41.jpg","keywords":["Africa Press","Africa Press-C\u00f4te d'Ivoire","AVSI","Bouak\u00e9","C\u00d4TE D'IVOIRE","Dignit\u00e9","migration irr\u00e9guli\u00e8re"],"articleSection":["Communaut\u00e9","homepage-french","Toutes les actualit\u00e9s"],"inLanguage":"fr-FR","potentialAction":[{"@type":"CommentAction","name":"Comment","target":["https:\/\/www.africa-press.net\/cotedivoire\/toutes-les-actualites\/a-travers-le-projet-dignite-63-jeunes-primes-par-lavsi-dans-le-cadre-de-la-lutte-contre-la-migration-irreguliere#respond"]}]},{"@type":"WebPage","@id":"https:\/\/www.africa-press.net\/cotedivoire\/toutes-les-actualites\/a-travers-le-projet-dignite-63-jeunes-primes-par-lavsi-dans-le-cadre-de-la-lutte-contre-la-migration-irreguliere","url":"https:\/\/www.africa-press.net\/cotedivoire\/toutes-les-actualites\/a-travers-le-projet-dignite-63-jeunes-primes-par-lavsi-dans-le-cadre-de-la-lutte-contre-la-migration-irreguliere","name":"\u00c0 travers le projet Dignit\u00e9, 63 jeunes prim\u00e9s par l'AVSI dans le cadre de la lutte contre la migration irr\u00e9guli\u00e8re - C\u00f4te d&#039;Ivoire","isPartOf":{"@id":"https:\/\/www.africa-press.net\/cotedivoire\/#website"},"primaryImageOfPage":{"@id":"https:\/\/www.africa-press.net\/cotedivoire\/toutes-les-actualites\/a-travers-le-projet-dignite-63-jeunes-primes-par-lavsi-dans-le-cadre-de-la-lutte-contre-la-migration-irreguliere#primaryimage"},"image":{"@id":"https:\/\/www.africa-press.net\/cotedivoire\/toutes-les-actualites\/a-travers-le-projet-dignite-63-jeunes-primes-par-lavsi-dans-le-cadre-de-la-lutte-contre-la-migration-irreguliere#primaryimage"},"thumbnailUrl":"https:\/\/static.africa-press.net\/cote\/sites\/43\/2022\/04\/img-62506d8d7ae41.jpg","datePublished":"2022-04-08T16:44:57+00:00","dateModified":"2022-04-08T17:15:34+00:00","author":{"@id":"https:\/\/www.africa-press.net\/cotedivoire\/#\/schema\/person\/2b1cf3cd81a31e3cd26889ca66d677f1"},"description":"La r\u00e9compense des r\u00e9cipiendaires (ph KOACI) Fond\u00e9e en Italie en 1972, l'Association des Volontaires pour le Serv ...","breadcrumb":{"@id":"https:\/\/www.africa-press.net\/cotedivoire\/toutes-les-actualites\/a-travers-le-projet-dignite-63-jeunes-primes-par-lavsi-dans-le-cadre-de-la-lutte-contre-la-migration-irreguliere#breadcrumb"},"inLanguage":"fr-FR","potentialAction":[{"@type":"ReadAction","target":["https:\/\/www.africa-press.net\/cotedivoire\/toutes-les-actualites\/a-travers-le-projet-dignite-63-jeunes-primes-par-lavsi-dans-le-cadre-de-la-lutte-contre-la-migration-irreguliere"]}]},{"@type":"ImageObject","inLanguage":"fr-FR","@id":"https:\/\/www.africa-press.net\/cotedivoire\/toutes-les-actualites\/a-travers-le-projet-dignite-63-jeunes-primes-par-lavsi-dans-le-cadre-de-la-lutte-contre-la-migration-irreguliere#primaryimage","url":"https:\/\/static.africa-press.net\/cote\/sites\/43\/2022\/04\/img-62506d8d7ae41.jpg","contentUrl":"https:\/\/static.africa-press.net\/cote\/sites\/43\/2022\/04\/img-62506d8d7ae41.jpg","width":720,"height":405,"caption":"\u00c0 travers le projet Dignit\u00e9, 63 jeunes prim\u00e9s par l'AVSI dans le cadre de la lutte contre la migration irr\u00e9guli\u00e8re"},{"@type":"BreadcrumbList","@id":"https:\/\/www.africa-press.net\/cotedivoire\/toutes-les-actualites\/a-travers-le-projet-dignite-63-jeunes-primes-par-lavsi-dans-le-cadre-de-la-lutte-contre-la-migration-irreguliere#breadcrumb","itemListElement":[{"@type":"ListItem","position":1,"name":"Accueil","item":"https:\/\/www.africa-press.net\/cotedivoire\/"},{"@type":"ListItem","position":2,"name":"\u00c0 travers le projet Dignit\u00e9, 63 jeunes prim\u00e9s par l&#8217;AVSI dans le cadre de la lutte contre la migration irr\u00e9guli\u00e8re"}]},{"@type":"WebSite","@id":"https:\/\/www.africa-press.net\/cotedivoire\/#website","url":"https:\/\/www.africa-press.net\/cotedivoire\/","name":"C\u00f4te d&#039;Ivoire","description":"Just another Africa News Agency Sites site","potentialAction":[{"@type":"SearchAction","target":{"@type":"EntryPoint","urlTemplate":"https:\/\/www.africa-press.net\/cotedivoire\/?s={search_term_string}"},"query-input":{"@type":"PropertyValueSpecification","valueRequired":true,"valueName":"search_term_string"}}],"inLanguage":"fr-FR"},{"@type":"Person","@id":"https:\/\/www.africa-press.net\/cotedivoire\/#\/schema\/person\/2b1cf3cd81a31e3cd26889ca66d677f1","name":"cfeditorfr"}]}},"_links":{"self":[{"href":"https:\/\/www.africa-press.net\/cotedivoire\/wp-json\/wp\/v2\/posts\/32107","targetHints":{"allow":["GET"]}}],"collection":[{"href":"https:\/\/www.africa-press.net\/cotedivoire\/wp-json\/wp\/v2\/posts"}],"about":[{"href":"https:\/\/www.africa-press.net\/cotedivoire\/wp-json\/wp\/v2\/types\/post"}],"author":[{"embeddable":true,"href":"https:\/\/www.africa-press.net\/cotedivoire\/wp-json\/wp\/v2\/users\/82"}],"replies":[{"embeddable":true,"href":"https:\/\/www.africa-press.net\/cotedivoire\/wp-json\/wp\/v2\/comments?post=32107"}],"version-history":[{"count":0,"href":"https:\/\/www.africa-press.net\/cotedivoire\/wp-json\/wp\/v2\/posts\/32107\/revisions"}],"wp:featuredmedia":[{"embeddable":true,"href":"https:\/\/www.africa-press.net\/cotedivoire\/wp-json\/wp\/v2\/media\/32106"}],"wp:attachment":[{"href":"https:\/\/www.africa-press.net\/cotedivoire\/wp-json\/wp\/v2\/media?parent=32107"}],"wp:term":[{"taxonomy":"category","embeddable":true,"href":"https:\/\/www.africa-press.net\/cotedivoire\/wp-json\/wp\/v2\/categories?post=32107"},{"taxonomy":"post_tag","embeddable":true,"href":"https:\/\/www.africa-press.net\/cotedivoire\/wp-json\/wp\/v2\/tags?post=32107"}],"curies":[{"name":"wp","href":"https:\/\/api.w.org\/{rel}","templated":true}]}}