{"id":32153,"date":"2022-04-09T16:44:31","date_gmt":"2022-04-09T16:44:31","guid":{"rendered":"https:\/\/www.africa-press.net\/cotedivoire\/politique\/gbagbo-en-pays-we-parce-quon-vous-a-tue-je-vous-propose-de-proposer-la-reconciliation-cest-vous-lavenir-de-la-cote-divoire"},"modified":"2022-04-09T17:02:57","modified_gmt":"2022-04-09T17:02:57","slug":"gbagbo-en-pays-we-parce-quon-vous-a-tue-je-vous-propose-de-proposer-la-reconciliation-cest-vous-lavenir-de-la-cote-divoire","status":"publish","type":"post","link":"https:\/\/www.africa-press.net\/cotedivoire\/politique\/gbagbo-en-pays-we-parce-quon-vous-a-tue-je-vous-propose-de-proposer-la-reconciliation-cest-vous-lavenir-de-la-cote-divoire","title":{"rendered":"Gbagbo en pays w\u00ea \u00ab parce qu&rsquo;on vous a tu\u00e9, je vous propose de proposer la r\u00e9conciliation, c&rsquo;est vous l&rsquo;avenir de la C\u00f4te d&rsquo;Ivoire \u00bb"},"content":{"rendered":"<p><span style=\"color: #ff6600\"><strong>Africa-Press &#8211; C\u00f4te d&rsquo;Ivoire. <\/strong><\/span><b>Gbagbo \u00e0 Duekou\u00e9 ce vendredi (Ph KOACI)<\/b><\/p>\n<p>Onze ann\u00e9es apr\u00e8s la crise post\u00e9lectorale de 2010-2011 qui a enregistr\u00e9 plusieurs morts dans la partie ouest de la C\u00f4te d\u2019Ivoire, Laurent Gbagbo a foul\u00e9 le sol des r\u00e9gions du Gu\u00e9mon et du Cavally.<\/p>\n<p>Il effectue une visite de compassion dans les r\u00e9gions dans ces deux r\u00e9gions pour une visite de compassion.<\/p>\n<p>Ainsi, ce vendredi 8 avril 2022, l\u2019ancien pr\u00e9sident ivoirien Laurent Gbagbo en compagnie de sa compagne Nadiani Bamba et plusieurs cadres du Parti des Peuples Africains \u2013 C\u00f4te d\u2019Ivoire (PPA-CI) se sont inclin\u00e9s sur les fausses communes de Nahibly, Guitrozon et de Duekoue-Carrefour, comme constat\u00e9 par KOACI.<\/p>\n<p>Dans son meeting qu\u2019il a anim\u00e9 \u00e0 Duekou\u00e9 ce jour, le natif de Mama s\u2019est interrog\u00e9 sur le mobile des tueries \u00e0 l\u2019ouest.<\/p>\n<p>\u00ab Aujourd\u2019hui, je suis venu pleurer, parce que pour un petit conflit, on a eu tous ces morts, je ne comprends pas encore, peut-\u00eatre qu\u2019un jour, je comprendrai. C\u2019est impensable, m\u00eame 12 ans apr\u00e8s, c\u2019est impensable. Sinon, ce n\u2019est pas normal, il faut que les Ivoiriens comprennent qu\u2019on ne peut pas chercher \u00e0 se massacrer comme \u00e7a, perp\u00e9tuellement pour des petites questions de disputes post\u00e9lectorales. \u00bb, a d\u00e9clar\u00e9 Laurent Gbagbo.<\/p>\n<p>Le pr\u00e9sident du PPA-CI, a demand\u00e9 \u00e0 ses h\u00f4tes d\u2019apaiser leurs c\u0153urs. Il les a invit\u00e9s au pardon et au d\u00e9passement de soi.<\/p>\n<p>L\u2019ancien pensionnaire de la cour p\u00e9nale internationale (CPI) tout en invitant le peuple w\u00ea au pardon, leur a demand\u00e9 de proposer \u00e0 la C\u00f4te d\u2019Ivoire, la paix.<\/p>\n<p>\u00ab Je suis venu vous dire d\u2019apaiser vos c\u0153urs, vous avez assez pleur\u00e9. Les gens parlent des victimes, mais un jour, \u00e0 t\u00eate repos\u00e9e, on verra qui est victime et qui ne l\u2019est pas, mais pour le moment apaisez vos c\u0153urs. Dans l\u2019histoire du monde, ce sont ceux qui ont souffert, ce sont eux qui pardonnent. C\u2019est leur pardon qui a un sens. Vous les w\u00ea, parce qu\u2019on vous a tu\u00e9, je vous propose de proposer \u00e0 la C\u00f4te d\u2019Ivoire la r\u00e9conciliation. La paix future de la C\u00f4te d\u2019Ivoire passera ici (en pays w\u00ea ndlr) parce que c\u2019est ici la mort a frapp\u00e9 en grand nombre. Si vous proposez la paix, les probl\u00e8mes qui minent la paix, on va les r\u00e9gler un \u00e0 un. Doucement, doucement, nous sommes press\u00e9s. \u00bb, a fait savoir Gbagbo.<\/p>\n<p>Justifiant le retard de cette visite \u00e0 l&rsquo;ouest, Laurent Gbagbo a expliqu\u00e9 qu\u2019il devait r\u00e9gler certains probl\u00e8mes.<\/p>\n<p>\u00ab Je voulais venir depuis mon arriv\u00e9e de l\u2019Europe, mais il y avait beaucoup de probl\u00e8mes \u00e0 r\u00e9gler. J\u2019\u00e9tais occup\u00e9, mais j\u2019ai pris un moment pour venir. La paix en C\u00f4te d\u2019Ivoire viendra du pays w\u00ea. \u00bb, a-t-il dit.<\/p>\n<p>Enfin, Laurent Gbagbo a invit\u00e9 les anciens de la r\u00e9gion du Gu\u00e9mon et du Cavally de r\u00e9fl\u00e9chir sur comment proposer \u00e0 la C\u00f4te d\u2019Ivoire la paix.<\/p>\n<p>Notons que l\u2019ex-pr\u00e9sident animera demain samedi 9 avril 2022 un meeting \u00e0 Guiglo, dans la r\u00e9gion du Cavally, fief de Hubert Oulaye, le pr\u00e9sident ex\u00e9cutif du PPA-CI.<\/p>\n<p><b>Jean Chr\u00e9sus, Abidjan<\/b><\/p>\n<p><strong>Pour plus d&rsquo;informations et d&rsquo;analyses sur la <a href=\"https:\/\/www.africa-press.net\/cotedivoire\">C\u00f4te d&rsquo;Ivoire<\/a>, suivez <a href=\"https:\/\/www.africa-press.net\/\">Africa-Press<\/a><\/strong><\/p>\n","protected":false},"excerpt":{"rendered":"<p>Africa-Press &#8211; C\u00f4te d&rsquo;Ivoire. Gbagbo \u00e0 Duekou\u00e9 ce vendredi (Ph KOACI) Onze ann\u00e9es apr\u00e8s la crise post\u00e9lectorale de 2010-2011 qui a enregistr\u00e9 plusieurs morts dans la partie ouest de la C\u00f4te d\u2019Ivoire, Laurent Gbagbo a foul\u00e9 le sol des r\u00e9gions du Gu\u00e9mon et du Cavally. Il effectue une visite de compassion dans les r\u00e9gions dans [&hellip;]<\/p>\n","protected":false},"author":82,"featured_media":32152,"comment_status":"open","ping_status":"closed","sticky":false,"template":"","format":"standard","meta":{"footnotes":""},"categories":[11,2,10],"tags":[56,63,382,29,320,816,377,2097,912,4804,1165,1952,397],"class_list":["post-32153","post","type-post","status-publish","format-standard","has-post-thumbnail","hentry","category-homepage-french","category-politique","category-toutes-les-actualites","tag-africa-press","tag-africa-press-cote-divoire","tag-cavally","tag-cote-divoire","tag-gbagbo","tag-guemon","tag-guiglo","tag-hubert-oulaye","tag-mama","tag-meeting","tag-nadiani-bamba","tag-ppa-ci","tag-we"],"yoast_head":"<!-- This site is optimized with the Yoast SEO Premium plugin v26.1 (Yoast SEO v27.0) - https:\/\/yoast.com\/product\/yoast-seo-premium-wordpress\/ -->\n<title>Gbagbo en pays w\u00ea \u00ab parce qu&#039;on vous a tu\u00e9, je vous propose de proposer la r\u00e9conciliation, c&#039;est vous l&#039;avenir de la C\u00f4te d&#039;Ivoire \u00bb - C\u00f4te d&#039;Ivoire<\/title>\n<meta name=\"description\" content=\"Gbagbo \u00e0 Duekou\u00e9 ce vendredi (Ph KOACI) Onze ann\u00e9es apr\u00e8s la crise post\u00e9lectorale de 2010-2011 qui a enregistr\u00e9 ...\" \/>\n<meta name=\"robots\" content=\"index, follow, max-snippet:-1, max-image-preview:large, max-video-preview:-1\" \/>\n<link rel=\"canonical\" href=\"https:\/\/www.africa-press.net\/cotedivoire\/politique\/gbagbo-en-pays-we-parce-quon-vous-a-tue-je-vous-propose-de-proposer-la-reconciliation-cest-vous-lavenir-de-la-cote-divoire\" \/>\n<meta property=\"og:locale\" content=\"fr_FR\" \/>\n<meta property=\"og:type\" content=\"article\" \/>\n<meta property=\"og:title\" content=\"Gbagbo en pays w\u00ea \u00ab parce qu&#039;on vous a tu\u00e9, je vous propose de proposer la r\u00e9conciliation, c&#039;est vous l&#039;avenir de la C\u00f4te d&#039;Ivoire \u00bb\" \/>\n<meta property=\"og:description\" content=\"Gbagbo \u00e0 Duekou\u00e9 ce vendredi (Ph KOACI) Onze ann\u00e9es apr\u00e8s la crise post\u00e9lectorale de 2010-2011 qui a enregistr\u00e9 ...\" \/>\n<meta property=\"og:url\" content=\"https:\/\/www.africa-press.net\/cotedivoire\/politique\/gbagbo-en-pays-we-parce-quon-vous-a-tue-je-vous-propose-de-proposer-la-reconciliation-cest-vous-lavenir-de-la-cote-divoire\" \/>\n<meta property=\"og:site_name\" content=\"C\u00f4te d&#039;Ivoire\" \/>\n<meta property=\"article:published_time\" content=\"2022-04-09T16:44:31+00:00\" \/>\n<meta property=\"article:modified_time\" content=\"2022-04-09T17:02:57+00:00\" \/>\n<meta property=\"og:image\" content=\"https:\/\/static.africa-press.net\/cote\/sites\/43\/2022\/04\/postQueueImg_9.jpg\" \/>\n\t<meta property=\"og:image:width\" content=\"720\" \/>\n\t<meta property=\"og:image:height\" content=\"387\" \/>\n\t<meta property=\"og:image:type\" content=\"image\/jpeg\" \/>\n<meta name=\"author\" content=\"cfeditorfr\" \/>\n<meta name=\"twitter:card\" content=\"summary_large_image\" \/>\n<meta name=\"twitter:label1\" content=\"\u00c9crit par\" \/>\n\t<meta name=\"twitter:data1\" content=\"cfeditorfr\" \/>\n\t<meta name=\"twitter:label2\" content=\"Dur\u00e9e de lecture estim\u00e9e\" \/>\n\t<meta name=\"twitter:data2\" content=\"3 minutes\" \/>\n<script type=\"application\/ld+json\" class=\"yoast-schema-graph\">{\"@context\":\"https:\/\/schema.org\",\"@graph\":[{\"@type\":\"Article\",\"@id\":\"https:\/\/www.africa-press.net\/cotedivoire\/politique\/gbagbo-en-pays-we-parce-quon-vous-a-tue-je-vous-propose-de-proposer-la-reconciliation-cest-vous-lavenir-de-la-cote-divoire#article\",\"isPartOf\":{\"@id\":\"https:\/\/www.africa-press.net\/cotedivoire\/politique\/gbagbo-en-pays-we-parce-quon-vous-a-tue-je-vous-propose-de-proposer-la-reconciliation-cest-vous-lavenir-de-la-cote-divoire\"},\"author\":{\"name\":\"cfeditorfr\",\"@id\":\"https:\/\/www.africa-press.net\/cotedivoire\/#\/schema\/person\/2b1cf3cd81a31e3cd26889ca66d677f1\"},\"headline\":\"Gbagbo en pays w\u00ea \u00ab parce qu&rsquo;on vous a tu\u00e9, je vous propose de proposer la r\u00e9conciliation, c&rsquo;est vous l&rsquo;avenir de la C\u00f4te d&rsquo;Ivoire \u00bb\",\"datePublished\":\"2022-04-09T16:44:31+00:00\",\"dateModified\":\"2022-04-09T17:02:57+00:00\",\"mainEntityOfPage\":{\"@id\":\"https:\/\/www.africa-press.net\/cotedivoire\/politique\/gbagbo-en-pays-we-parce-quon-vous-a-tue-je-vous-propose-de-proposer-la-reconciliation-cest-vous-lavenir-de-la-cote-divoire\"},\"wordCount\":601,\"commentCount\":0,\"image\":{\"@id\":\"https:\/\/www.africa-press.net\/cotedivoire\/politique\/gbagbo-en-pays-we-parce-quon-vous-a-tue-je-vous-propose-de-proposer-la-reconciliation-cest-vous-lavenir-de-la-cote-divoire#primaryimage\"},\"thumbnailUrl\":\"https:\/\/static.africa-press.net\/cote\/sites\/43\/2022\/04\/postQueueImg_9.jpg\",\"keywords\":[\"Africa Press\",\"Africa Press-C\u00f4te d'Ivoire\",\"Cavally\",\"C\u00d4TE D'IVOIRE\",\"Gbagbo\",\"Gu\u00e9mon\",\"Guiglo\",\"Hubert Oulaye\",\"Mama\",\"meeting\",\"Nadiani Bamba\",\"PPA-CI\",\"w\u00ea\"],\"articleSection\":[\"homepage-french\",\"Politique\",\"Toutes les actualit\u00e9s\"],\"inLanguage\":\"fr-FR\",\"potentialAction\":[{\"@type\":\"CommentAction\",\"name\":\"Comment\",\"target\":[\"https:\/\/www.africa-press.net\/cotedivoire\/politique\/gbagbo-en-pays-we-parce-quon-vous-a-tue-je-vous-propose-de-proposer-la-reconciliation-cest-vous-lavenir-de-la-cote-divoire#respond\"]}]},{\"@type\":\"WebPage\",\"@id\":\"https:\/\/www.africa-press.net\/cotedivoire\/politique\/gbagbo-en-pays-we-parce-quon-vous-a-tue-je-vous-propose-de-proposer-la-reconciliation-cest-vous-lavenir-de-la-cote-divoire\",\"url\":\"https:\/\/www.africa-press.net\/cotedivoire\/politique\/gbagbo-en-pays-we-parce-quon-vous-a-tue-je-vous-propose-de-proposer-la-reconciliation-cest-vous-lavenir-de-la-cote-divoire\",\"name\":\"Gbagbo en pays w\u00ea \u00ab parce qu'on vous a tu\u00e9, je vous propose de proposer la r\u00e9conciliation, c'est vous l'avenir de la C\u00f4te d'Ivoire \u00bb - C\u00f4te d&#039;Ivoire\",\"isPartOf\":{\"@id\":\"https:\/\/www.africa-press.net\/cotedivoire\/#website\"},\"primaryImageOfPage\":{\"@id\":\"https:\/\/www.africa-press.net\/cotedivoire\/politique\/gbagbo-en-pays-we-parce-quon-vous-a-tue-je-vous-propose-de-proposer-la-reconciliation-cest-vous-lavenir-de-la-cote-divoire#primaryimage\"},\"image\":{\"@id\":\"https:\/\/www.africa-press.net\/cotedivoire\/politique\/gbagbo-en-pays-we-parce-quon-vous-a-tue-je-vous-propose-de-proposer-la-reconciliation-cest-vous-lavenir-de-la-cote-divoire#primaryimage\"},\"thumbnailUrl\":\"https:\/\/static.africa-press.net\/cote\/sites\/43\/2022\/04\/postQueueImg_9.jpg\",\"datePublished\":\"2022-04-09T16:44:31+00:00\",\"dateModified\":\"2022-04-09T17:02:57+00:00\",\"author\":{\"@id\":\"https:\/\/www.africa-press.net\/cotedivoire\/#\/schema\/person\/2b1cf3cd81a31e3cd26889ca66d677f1\"},\"description\":\"Gbagbo \u00e0 Duekou\u00e9 ce vendredi (Ph KOACI) Onze ann\u00e9es apr\u00e8s la crise post\u00e9lectorale de 2010-2011 qui a enregistr\u00e9 ...\",\"breadcrumb\":{\"@id\":\"https:\/\/www.africa-press.net\/cotedivoire\/politique\/gbagbo-en-pays-we-parce-quon-vous-a-tue-je-vous-propose-de-proposer-la-reconciliation-cest-vous-lavenir-de-la-cote-divoire#breadcrumb\"},\"inLanguage\":\"fr-FR\",\"potentialAction\":[{\"@type\":\"ReadAction\",\"target\":[\"https:\/\/www.africa-press.net\/cotedivoire\/politique\/gbagbo-en-pays-we-parce-quon-vous-a-tue-je-vous-propose-de-proposer-la-reconciliation-cest-vous-lavenir-de-la-cote-divoire\"]}]},{\"@type\":\"ImageObject\",\"inLanguage\":\"fr-FR\",\"@id\":\"https:\/\/www.africa-press.net\/cotedivoire\/politique\/gbagbo-en-pays-we-parce-quon-vous-a-tue-je-vous-propose-de-proposer-la-reconciliation-cest-vous-lavenir-de-la-cote-divoire#primaryimage\",\"url\":\"https:\/\/static.africa-press.net\/cote\/sites\/43\/2022\/04\/postQueueImg_9.jpg\",\"contentUrl\":\"https:\/\/static.africa-press.net\/cote\/sites\/43\/2022\/04\/postQueueImg_9.jpg\",\"width\":720,\"height\":387,\"caption\":\"Gbagbo en pays w\u00ea \u00ab parce qu'on vous a tu\u00e9, je vous propose de proposer la r\u00e9conciliation, c'est vous l'avenir de la C\u00f4te d'Ivoire \u00bb\"},{\"@type\":\"BreadcrumbList\",\"@id\":\"https:\/\/www.africa-press.net\/cotedivoire\/politique\/gbagbo-en-pays-we-parce-quon-vous-a-tue-je-vous-propose-de-proposer-la-reconciliation-cest-vous-lavenir-de-la-cote-divoire#breadcrumb\",\"itemListElement\":[{\"@type\":\"ListItem\",\"position\":1,\"name\":\"Accueil\",\"item\":\"https:\/\/www.africa-press.net\/cotedivoire\/\"},{\"@type\":\"ListItem\",\"position\":2,\"name\":\"Gbagbo en pays w\u00ea \u00ab parce qu&#8217;on vous a tu\u00e9, je vous propose de proposer la r\u00e9conciliation, c&#8217;est vous l&#8217;avenir de la C\u00f4te d&#8217;Ivoire \u00bb\"}]},{\"@type\":\"WebSite\",\"@id\":\"https:\/\/www.africa-press.net\/cotedivoire\/#website\",\"url\":\"https:\/\/www.africa-press.net\/cotedivoire\/\",\"name\":\"C\u00f4te d&#039;Ivoire\",\"description\":\"Just another Africa News Agency Sites site\",\"potentialAction\":[{\"@type\":\"SearchAction\",\"target\":{\"@type\":\"EntryPoint\",\"urlTemplate\":\"https:\/\/www.africa-press.net\/cotedivoire\/?s={search_term_string}\"},\"query-input\":{\"@type\":\"PropertyValueSpecification\",\"valueRequired\":true,\"valueName\":\"search_term_string\"}}],\"inLanguage\":\"fr-FR\"},{\"@type\":\"Person\",\"@id\":\"https:\/\/www.africa-press.net\/cotedivoire\/#\/schema\/person\/2b1cf3cd81a31e3cd26889ca66d677f1\",\"name\":\"cfeditorfr\"}]}<\/script>\n<!-- \/ Yoast SEO Premium plugin. -->","yoast_head_json":{"title":"Gbagbo en pays w\u00ea \u00ab parce qu'on vous a tu\u00e9, je vous propose de proposer la r\u00e9conciliation, c'est vous l'avenir de la C\u00f4te d'Ivoire \u00bb - C\u00f4te d&#039;Ivoire","description":"Gbagbo \u00e0 Duekou\u00e9 ce vendredi (Ph KOACI) Onze ann\u00e9es apr\u00e8s la crise post\u00e9lectorale de 2010-2011 qui a enregistr\u00e9 ...","robots":{"index":"index","follow":"follow","max-snippet":"max-snippet:-1","max-image-preview":"max-image-preview:large","max-video-preview":"max-video-preview:-1"},"canonical":"https:\/\/www.africa-press.net\/cotedivoire\/politique\/gbagbo-en-pays-we-parce-quon-vous-a-tue-je-vous-propose-de-proposer-la-reconciliation-cest-vous-lavenir-de-la-cote-divoire","og_locale":"fr_FR","og_type":"article","og_title":"Gbagbo en pays w\u00ea \u00ab parce qu'on vous a tu\u00e9, je vous propose de proposer la r\u00e9conciliation, c'est vous l'avenir de la C\u00f4te d'Ivoire \u00bb","og_description":"Gbagbo \u00e0 Duekou\u00e9 ce vendredi (Ph KOACI) Onze ann\u00e9es apr\u00e8s la crise post\u00e9lectorale de 2010-2011 qui a enregistr\u00e9 ...","og_url":"https:\/\/www.africa-press.net\/cotedivoire\/politique\/gbagbo-en-pays-we-parce-quon-vous-a-tue-je-vous-propose-de-proposer-la-reconciliation-cest-vous-lavenir-de-la-cote-divoire","og_site_name":"C\u00f4te d&#039;Ivoire","article_published_time":"2022-04-09T16:44:31+00:00","article_modified_time":"2022-04-09T17:02:57+00:00","og_image":[{"width":720,"height":387,"url":"https:\/\/static.africa-press.net\/cote\/sites\/43\/2022\/04\/postQueueImg_9.jpg","type":"image\/jpeg"}],"author":"cfeditorfr","twitter_card":"summary_large_image","twitter_misc":{"\u00c9crit par":"cfeditorfr","Dur\u00e9e de lecture estim\u00e9e":"3 minutes"},"schema":{"@context":"https:\/\/schema.org","@graph":[{"@type":"Article","@id":"https:\/\/www.africa-press.net\/cotedivoire\/politique\/gbagbo-en-pays-we-parce-quon-vous-a-tue-je-vous-propose-de-proposer-la-reconciliation-cest-vous-lavenir-de-la-cote-divoire#article","isPartOf":{"@id":"https:\/\/www.africa-press.net\/cotedivoire\/politique\/gbagbo-en-pays-we-parce-quon-vous-a-tue-je-vous-propose-de-proposer-la-reconciliation-cest-vous-lavenir-de-la-cote-divoire"},"author":{"name":"cfeditorfr","@id":"https:\/\/www.africa-press.net\/cotedivoire\/#\/schema\/person\/2b1cf3cd81a31e3cd26889ca66d677f1"},"headline":"Gbagbo en pays w\u00ea \u00ab parce qu&rsquo;on vous a tu\u00e9, je vous propose de proposer la r\u00e9conciliation, c&rsquo;est vous l&rsquo;avenir de la C\u00f4te d&rsquo;Ivoire \u00bb","datePublished":"2022-04-09T16:44:31+00:00","dateModified":"2022-04-09T17:02:57+00:00","mainEntityOfPage":{"@id":"https:\/\/www.africa-press.net\/cotedivoire\/politique\/gbagbo-en-pays-we-parce-quon-vous-a-tue-je-vous-propose-de-proposer-la-reconciliation-cest-vous-lavenir-de-la-cote-divoire"},"wordCount":601,"commentCount":0,"image":{"@id":"https:\/\/www.africa-press.net\/cotedivoire\/politique\/gbagbo-en-pays-we-parce-quon-vous-a-tue-je-vous-propose-de-proposer-la-reconciliation-cest-vous-lavenir-de-la-cote-divoire#primaryimage"},"thumbnailUrl":"https:\/\/static.africa-press.net\/cote\/sites\/43\/2022\/04\/postQueueImg_9.jpg","keywords":["Africa Press","Africa Press-C\u00f4te d'Ivoire","Cavally","C\u00d4TE D'IVOIRE","Gbagbo","Gu\u00e9mon","Guiglo","Hubert Oulaye","Mama","meeting","Nadiani Bamba","PPA-CI","w\u00ea"],"articleSection":["homepage-french","Politique","Toutes les actualit\u00e9s"],"inLanguage":"fr-FR","potentialAction":[{"@type":"CommentAction","name":"Comment","target":["https:\/\/www.africa-press.net\/cotedivoire\/politique\/gbagbo-en-pays-we-parce-quon-vous-a-tue-je-vous-propose-de-proposer-la-reconciliation-cest-vous-lavenir-de-la-cote-divoire#respond"]}]},{"@type":"WebPage","@id":"https:\/\/www.africa-press.net\/cotedivoire\/politique\/gbagbo-en-pays-we-parce-quon-vous-a-tue-je-vous-propose-de-proposer-la-reconciliation-cest-vous-lavenir-de-la-cote-divoire","url":"https:\/\/www.africa-press.net\/cotedivoire\/politique\/gbagbo-en-pays-we-parce-quon-vous-a-tue-je-vous-propose-de-proposer-la-reconciliation-cest-vous-lavenir-de-la-cote-divoire","name":"Gbagbo en pays w\u00ea \u00ab parce qu'on vous a tu\u00e9, je vous propose de proposer la r\u00e9conciliation, c'est vous l'avenir de la C\u00f4te d'Ivoire \u00bb - C\u00f4te d&#039;Ivoire","isPartOf":{"@id":"https:\/\/www.africa-press.net\/cotedivoire\/#website"},"primaryImageOfPage":{"@id":"https:\/\/www.africa-press.net\/cotedivoire\/politique\/gbagbo-en-pays-we-parce-quon-vous-a-tue-je-vous-propose-de-proposer-la-reconciliation-cest-vous-lavenir-de-la-cote-divoire#primaryimage"},"image":{"@id":"https:\/\/www.africa-press.net\/cotedivoire\/politique\/gbagbo-en-pays-we-parce-quon-vous-a-tue-je-vous-propose-de-proposer-la-reconciliation-cest-vous-lavenir-de-la-cote-divoire#primaryimage"},"thumbnailUrl":"https:\/\/static.africa-press.net\/cote\/sites\/43\/2022\/04\/postQueueImg_9.jpg","datePublished":"2022-04-09T16:44:31+00:00","dateModified":"2022-04-09T17:02:57+00:00","author":{"@id":"https:\/\/www.africa-press.net\/cotedivoire\/#\/schema\/person\/2b1cf3cd81a31e3cd26889ca66d677f1"},"description":"Gbagbo \u00e0 Duekou\u00e9 ce vendredi (Ph KOACI) Onze ann\u00e9es apr\u00e8s la crise post\u00e9lectorale de 2010-2011 qui a enregistr\u00e9 ...","breadcrumb":{"@id":"https:\/\/www.africa-press.net\/cotedivoire\/politique\/gbagbo-en-pays-we-parce-quon-vous-a-tue-je-vous-propose-de-proposer-la-reconciliation-cest-vous-lavenir-de-la-cote-divoire#breadcrumb"},"inLanguage":"fr-FR","potentialAction":[{"@type":"ReadAction","target":["https:\/\/www.africa-press.net\/cotedivoire\/politique\/gbagbo-en-pays-we-parce-quon-vous-a-tue-je-vous-propose-de-proposer-la-reconciliation-cest-vous-lavenir-de-la-cote-divoire"]}]},{"@type":"ImageObject","inLanguage":"fr-FR","@id":"https:\/\/www.africa-press.net\/cotedivoire\/politique\/gbagbo-en-pays-we-parce-quon-vous-a-tue-je-vous-propose-de-proposer-la-reconciliation-cest-vous-lavenir-de-la-cote-divoire#primaryimage","url":"https:\/\/static.africa-press.net\/cote\/sites\/43\/2022\/04\/postQueueImg_9.jpg","contentUrl":"https:\/\/static.africa-press.net\/cote\/sites\/43\/2022\/04\/postQueueImg_9.jpg","width":720,"height":387,"caption":"Gbagbo en pays w\u00ea \u00ab parce qu'on vous a tu\u00e9, je vous propose de proposer la r\u00e9conciliation, c'est vous l'avenir de la C\u00f4te d'Ivoire \u00bb"},{"@type":"BreadcrumbList","@id":"https:\/\/www.africa-press.net\/cotedivoire\/politique\/gbagbo-en-pays-we-parce-quon-vous-a-tue-je-vous-propose-de-proposer-la-reconciliation-cest-vous-lavenir-de-la-cote-divoire#breadcrumb","itemListElement":[{"@type":"ListItem","position":1,"name":"Accueil","item":"https:\/\/www.africa-press.net\/cotedivoire\/"},{"@type":"ListItem","position":2,"name":"Gbagbo en pays w\u00ea \u00ab parce qu&#8217;on vous a tu\u00e9, je vous propose de proposer la r\u00e9conciliation, c&#8217;est vous l&#8217;avenir de la C\u00f4te d&#8217;Ivoire \u00bb"}]},{"@type":"WebSite","@id":"https:\/\/www.africa-press.net\/cotedivoire\/#website","url":"https:\/\/www.africa-press.net\/cotedivoire\/","name":"C\u00f4te d&#039;Ivoire","description":"Just another Africa News Agency Sites site","potentialAction":[{"@type":"SearchAction","target":{"@type":"EntryPoint","urlTemplate":"https:\/\/www.africa-press.net\/cotedivoire\/?s={search_term_string}"},"query-input":{"@type":"PropertyValueSpecification","valueRequired":true,"valueName":"search_term_string"}}],"inLanguage":"fr-FR"},{"@type":"Person","@id":"https:\/\/www.africa-press.net\/cotedivoire\/#\/schema\/person\/2b1cf3cd81a31e3cd26889ca66d677f1","name":"cfeditorfr"}]}},"_links":{"self":[{"href":"https:\/\/www.africa-press.net\/cotedivoire\/wp-json\/wp\/v2\/posts\/32153","targetHints":{"allow":["GET"]}}],"collection":[{"href":"https:\/\/www.africa-press.net\/cotedivoire\/wp-json\/wp\/v2\/posts"}],"about":[{"href":"https:\/\/www.africa-press.net\/cotedivoire\/wp-json\/wp\/v2\/types\/post"}],"author":[{"embeddable":true,"href":"https:\/\/www.africa-press.net\/cotedivoire\/wp-json\/wp\/v2\/users\/82"}],"replies":[{"embeddable":true,"href":"https:\/\/www.africa-press.net\/cotedivoire\/wp-json\/wp\/v2\/comments?post=32153"}],"version-history":[{"count":0,"href":"https:\/\/www.africa-press.net\/cotedivoire\/wp-json\/wp\/v2\/posts\/32153\/revisions"}],"wp:featuredmedia":[{"embeddable":true,"href":"https:\/\/www.africa-press.net\/cotedivoire\/wp-json\/wp\/v2\/media\/32152"}],"wp:attachment":[{"href":"https:\/\/www.africa-press.net\/cotedivoire\/wp-json\/wp\/v2\/media?parent=32153"}],"wp:term":[{"taxonomy":"category","embeddable":true,"href":"https:\/\/www.africa-press.net\/cotedivoire\/wp-json\/wp\/v2\/categories?post=32153"},{"taxonomy":"post_tag","embeddable":true,"href":"https:\/\/www.africa-press.net\/cotedivoire\/wp-json\/wp\/v2\/tags?post=32153"}],"curies":[{"name":"wp","href":"https:\/\/api.w.org\/{rel}","templated":true}]}}