{"id":32177,"date":"2022-04-09T16:50:41","date_gmt":"2022-04-09T16:50:41","guid":{"rendered":"https:\/\/www.africa-press.net\/cotedivoire\/politique\/organisation-dune-ceremonie-dhommage-a-ouattara-suite-a-la-sortie-du-roi-tanoe-les-organisateurs-cette-attitude-du-president-de-la-chambre-est-dommage-et-honteuse"},"modified":"2022-04-09T17:17:44","modified_gmt":"2022-04-09T17:17:44","slug":"organisation-dune-ceremonie-dhommage-a-ouattara-suite-a-la-sortie-du-roi-tanoe-les-organisateurs-cette-attitude-du-president-de-la-chambre-est-dommage-et-honteuse","status":"publish","type":"post","link":"https:\/\/www.africa-press.net\/cotedivoire\/politique\/organisation-dune-ceremonie-dhommage-a-ouattara-suite-a-la-sortie-du-roi-tanoe-les-organisateurs-cette-attitude-du-president-de-la-chambre-est-dommage-et-honteuse","title":{"rendered":"Organisation d&rsquo;une c\u00e9r\u00e9monie d&rsquo;hommage \u00e0 Ouattara, suite \u00e0 la sortie du Roi Tano\u00e9, les organisateurs \u00ab Cette attitude du pr\u00e9sident de la chambre est dommage et honteuse \u00bb"},"content":{"rendered":"<p><span style=\"color: #ff6600\"><strong>Africa-Press &#8211; C\u00f4te d&rsquo;Ivoire. <\/strong><\/span><b>Nanan N&rsquo;Gaza IV et les chefs coutumiers (Ph KOACI)<\/b><\/p>\n<p>Des chefs coutumiers ont d\u00e9cid\u00e9 d\u2019organiser une c\u00e9r\u00e9monie d\u2019hommage au chef de l\u2019Etat Alassane Ouattara, le 9 avril 2022 pour lui exprimer leur gratitude suite \u00e0 la loi de 2014 portant statut des rois et chefs traditionnels que ce dernier a fait adopter.<\/p>\n<p>Fort de cela, le conseil sup\u00e9rieur des chefs coutumiers de C\u00f4te d&rsquo;Ivoire avait pr\u00e9vu d&rsquo;organiser une c\u00e9r\u00e9monie d\u2019hommage \u00e0 Alassane Ouattara le 9 avril 2022 au Palais de la culture de Treichville pour rendre un hommage au Chef de l\u2019Etat.<\/p>\n<p>\u00c0 l\u2019\u00e9vidence, cette c\u00e9r\u00e9monie d\u2019hommage sera sans nul doute report\u00e9e du fait des incompr\u00e9hensions entre la chambre des rois et chefs traditionnels dirig\u00e9e par le Roi Amon Tano\u00e9 et les organisateurs de cette journ\u00e9e d\u2019hommage \u00e0 Alassane Ouattara.<\/p>\n<p>En effet, lors de sa derni\u00e8re sortie, devant la presse, le Roi Amon Tano\u00e9, pr\u00e9sident de la chambre des rois et chefs traditionnels s\u2019est d\u00e9solidaris\u00e9 de l\u2019initiative des organisateurs de la journ\u00e9e d\u2019hommage \u00e0 Alassane Ouattara.<\/p>\n<p>Si Nanan N\u2019Gaza IV, chef de la tribu Assan\u00e9 dans le Moronou et son groupe, affirment avoir tenu inform\u00e9 le pr\u00e9sident de la chambre des rois et chefs traditionnels de la tenue de cette c\u00e9r\u00e9monie, la derni\u00e8re r\u00e9action de Nanan Amon Tano\u00e9, traitant les organisateurs de cette c\u00e9r\u00e9monie de reconnaissance \u00e0 Alassane Ouattara de \u00ab dissidents \u00bb en dit le contraire.<\/p>\n<p>Cette sortie inattendue du Roi des N\u2019Zima a suscit\u00e9 des r\u00e9actions de la part des organisateurs de la journ\u00e9e d\u2019hommage \u00e0 Alassane Ouattara.<\/p>\n<p>L\u2019un des hauts dirigeants du conseil sup\u00e9rieur des chefs coutumiers de C\u00f4te d&rsquo;Ivoire, dont nous allons taire le nom pour l\u2019instant a voulu faire la part des choses. Pour lui, il est important de dissocier les attributions des chefs des communaut\u00e9s \u00e0 celles de la chambre des rois et chefs traditionnels.<\/p>\n<p>\u00ab Cela fait vraiment piti\u00e9 de voir une institution tomber si bas, ou alors il ignore le contenu de la loi qui fonde la chambre des rois et chefs traditionnels dont il est pr\u00e9sident, car \u00e0 ma connaissance, les chefs des communaut\u00e9s ne font pas partie de la chambre des rois et chefs traditionnels alors d&rsquo;o\u00f9 vient-il que ceux-ci puissent \u00eatre trait\u00e9s de dissidents vu qu&rsquo;ils ne font m\u00eame pas partis de la chambre or pour rentrer en dissidence, il aurait fallu que les chefs des communaut\u00e9s en soient membres. \u00bb, affirme-t-il.<\/p>\n<p>Selon ce membre des organisateurs de la c\u00e9r\u00e9monie d&rsquo;hommage \u00e0 Alassane Ouattara, la r\u00e9action de Nanan Amon Tano\u00e9 est hasardeuse. Il s\u2019interroge de ce fait sur les r\u00e9elles intentions du pr\u00e9sident de la chambre des rois et chefs traditionnels.<\/p>\n<p>\u00ab D&rsquo;o\u00f9 vient cette sortie vraiment hasardeuse du roi et pr\u00e9sident de la chambre qui est une institution respect\u00e9e et connue, est-ce une fa\u00e7on de dire \u00e0 toute l&rsquo;opinion publique nationale et internationale, qu&rsquo;il n&rsquo;y a plus de s\u00e9r\u00e9nit\u00e9 en leur sein ? Mais si tel est le cas qu&rsquo;il exprime cela clairement \u00e0 ses membres, mais vouloir \u00e0 tout prix y entra\u00eener une organisation des chefs de communaut\u00e9s qui n&rsquo;ont rien \u00e0 voir avec leur palabre interne et qui veulent tout simplement honorer le pr\u00e9sident de la R\u00e9publique pour avoir sign\u00e9 un d\u00e9cret dont seuls les membres de la chambre en sont b\u00e9n\u00e9ficiaires, il choisit ce moment que nous voulons tr\u00e8s solennel pour semer la confusion volontairement dans l&rsquo;opinion publique afin de ne pas rendre hommage au chef de l&rsquo;Etat. Personnellement, je trouve cela grave pour un pr\u00e9sident d&rsquo;une institution et de surcro\u00eet, un roi qui, s&rsquo;il est vraiment digne de ce poste, devrait pr\u00f4ner l&rsquo;unit\u00e9 et promouvoir la coh\u00e9sion au tour des actions du chef de l&rsquo;Etat que d&rsquo;\u00eatre un saboteur des belles initiatives qui aident \u00e0 mettre en valeur tous les efforts visibles du chef de l&rsquo;Etat. \u00bb, a-t-il rench\u00e9ri.<\/p>\n<p>\u00ab Cette attitude du pr\u00e9sident de la chambre est vraiment dommage et honteuse. Qu&rsquo;il sache que sa sortie dans les m\u00e9dias, ne concerne pas le conseil sup\u00e9rieur des chefs coutumiers de C\u00f4te d&rsquo;Ivoire, et est souhaitable que tout roi et pr\u00e9sident de la chambre qu&rsquo;il est, fasse preuve de courage afin de revoir sa copie. \u00bb, ajoute celui qui est membre du groupe des organisateurs de la journ\u00e9e d\u2019hommage \u00e0 Alassane Ouattara.<\/p>\n<p>Aussi, du c\u00f4t\u00e9 des organisateurs de la c\u00e9r\u00e9monie d\u2019hommage \u00e0 Alassane Ouattara, on se pose la question de savoir quel est le probl\u00e8me du pr\u00e9sident de la chambre qui semble \u00e0 l\u2019\u00e9vidence s\u2019opposer contre une c\u00e9r\u00e9monie d\u2019hommage au Chef de l\u2019Etat, \u00e0 travers sa d\u00e9claration.<\/p>\n<p>R\u00e9pliquant \u00e0 la sortie du pr\u00e9sident de la chambre des Rois et chefs traditionnels, les organisateurs font savoir qu\u2019il n\u2019y a pas de mal \u00e0 rendre hommage au pr\u00e9sident de la r\u00e9publique. Ils font savoir aussi que selon l\u2019article 16 de la loi organique, le mandat du pr\u00e9sident de la chambre des rois Nanan Amon Tano\u00e9 est termin\u00e9 depuis le 2 octobre 2021 et qu\u2019il est l\u00e0 pour exp\u00e9dier les affaires courantes en attendant la nomination d\u2019un autre.<\/p>\n<p>\u00ab Si une autre structure d\u00e9cide de magnifier le pr\u00e9sident de la R\u00e9publique alors que lui (Amon Tano\u00e9 Ndlr) ne l\u2019a pas fait depuis sa nomination en 2014, alors quel est le probl\u00e8me ? C\u2019est le pr\u00e9sident de la R\u00e9publique qui doit nous faire savoir de ne pas le magnifier sinon nous tous, on sait que le mandat du pr\u00e9sident de la chambre est termin\u00e9, il ne doit plus se repr\u00e9senter \u00bb, r\u00e9plique une source bien introduite au sein des organisateurs de la c\u00e9r\u00e9monie d\u2019hommage \u00e0 Alassane Ouattara.<\/p>\n<p>Enfin, nous apprenons que la c\u00e9r\u00e9monie d\u2019hommage des chefs coutumiers \u00e0 Alassane Ouattara pr\u00e9vue ce samedi 9 avril 2022 est report\u00e9e \u00e0 une date ult\u00e9rieure, compte tenu des derniers r\u00e9glages et de la volont\u00e9 du chef de l\u2019Etat Alassane Ouattara, lui-m\u00eame de prendre part \u00e0 cet \u00e9v\u00e9nement.<\/p>\n<p><b>Jean Chr\u00e9sus, Abidjan<\/b><\/p>\n<p><strong>Pour plus d&rsquo;informations et d&rsquo;analyses sur la <a href=\"https:\/\/www.africa-press.net\/cotedivoire\">C\u00f4te d&rsquo;Ivoire<\/a>, suivez <a href=\"https:\/\/www.africa-press.net\/\">Africa-Press<\/a><\/strong><\/p>\n","protected":false},"excerpt":{"rendered":"<p>Africa-Press &#8211; C\u00f4te d&rsquo;Ivoire. Nanan N&rsquo;Gaza IV et les chefs coutumiers (Ph KOACI) Des chefs coutumiers ont d\u00e9cid\u00e9 d\u2019organiser une c\u00e9r\u00e9monie d\u2019hommage au chef de l\u2019Etat Alassane Ouattara, le 9 avril 2022 pour lui exprimer leur gratitude suite \u00e0 la loi de 2014 portant statut des rois et chefs traditionnels que ce dernier a fait [&hellip;]<\/p>\n","protected":false},"author":82,"featured_media":32176,"comment_status":"open","ping_status":"closed","sticky":false,"template":"","format":"standard","meta":{"footnotes":""},"categories":[11,2,10],"tags":[56,63,38,5449,29,676,5451,5450,4723,398],"class_list":["post-32177","post","type-post","status-publish","format-standard","has-post-thumbnail","hentry","category-homepage-french","category-politique","category-toutes-les-actualites","tag-africa-press","tag-africa-press-cote-divoire","tag-alassane-ouattara","tag-amon-tanoe","tag-cote-divoire","tag-hommage","tag-ngaza","tag-nanan","tag-roi","tag-treichville"],"yoast_head":"<!-- This site is optimized with the Yoast SEO Premium plugin v26.1 (Yoast SEO v27.0) - https:\/\/yoast.com\/product\/yoast-seo-premium-wordpress\/ -->\n<title>Organisation d&#039;une c\u00e9r\u00e9monie d&#039;hommage \u00e0 Ouattara, suite \u00e0 la sortie du Roi Tano\u00e9, les organisateurs \u00ab Cette attitude du pr\u00e9sident de la chambre est dommage et honteuse \u00bb - C\u00f4te d&#039;Ivoire<\/title>\n<meta name=\"description\" content=\"Nanan N&#039;Gaza IV et les chefs coutumiers (Ph KOACI) Des chefs coutumiers ont d\u00e9cid\u00e9 d\u2019organiser une c\u00e9r\u00e9monie d\u2019h ...\" \/>\n<meta name=\"robots\" content=\"index, follow, max-snippet:-1, max-image-preview:large, max-video-preview:-1\" \/>\n<link rel=\"canonical\" href=\"https:\/\/www.africa-press.net\/cotedivoire\/politique\/organisation-dune-ceremonie-dhommage-a-ouattara-suite-a-la-sortie-du-roi-tanoe-les-organisateurs-cette-attitude-du-president-de-la-chambre-est-dommage-et-honteuse\" \/>\n<meta property=\"og:locale\" content=\"fr_FR\" \/>\n<meta property=\"og:type\" content=\"article\" \/>\n<meta property=\"og:title\" content=\"Organisation d&#039;une c\u00e9r\u00e9monie d&#039;hommage \u00e0 Ouattara, suite \u00e0 la sortie du Roi Tano\u00e9, les organisateurs \u00ab Cette attitude du pr\u00e9sident de la chambre est dommage et honteuse \u00bb\" \/>\n<meta property=\"og:description\" content=\"Nanan N&#039;Gaza IV et les chefs coutumiers (Ph KOACI) Des chefs coutumiers ont d\u00e9cid\u00e9 d\u2019organiser une c\u00e9r\u00e9monie d\u2019h ...\" \/>\n<meta property=\"og:url\" content=\"https:\/\/www.africa-press.net\/cotedivoire\/politique\/organisation-dune-ceremonie-dhommage-a-ouattara-suite-a-la-sortie-du-roi-tanoe-les-organisateurs-cette-attitude-du-president-de-la-chambre-est-dommage-et-honteuse\" \/>\n<meta property=\"og:site_name\" content=\"C\u00f4te d&#039;Ivoire\" \/>\n<meta property=\"article:published_time\" content=\"2022-04-09T16:50:41+00:00\" \/>\n<meta property=\"article:modified_time\" content=\"2022-04-09T17:17:44+00:00\" \/>\n<meta property=\"og:image\" content=\"https:\/\/static.africa-press.net\/cote\/sites\/43\/2022\/04\/postQueueImg_17.jpg\" \/>\n\t<meta property=\"og:image:width\" content=\"720\" \/>\n\t<meta property=\"og:image:height\" content=\"439\" \/>\n\t<meta property=\"og:image:type\" content=\"image\/jpeg\" \/>\n<meta name=\"author\" content=\"cfeditorfr\" \/>\n<meta name=\"twitter:card\" content=\"summary_large_image\" \/>\n<meta name=\"twitter:label1\" content=\"\u00c9crit par\" \/>\n\t<meta name=\"twitter:data1\" content=\"cfeditorfr\" \/>\n\t<meta name=\"twitter:label2\" content=\"Dur\u00e9e de lecture estim\u00e9e\" \/>\n\t<meta name=\"twitter:data2\" content=\"5 minutes\" \/>\n<script type=\"application\/ld+json\" class=\"yoast-schema-graph\">{\"@context\":\"https:\/\/schema.org\",\"@graph\":[{\"@type\":\"Article\",\"@id\":\"https:\/\/www.africa-press.net\/cotedivoire\/politique\/organisation-dune-ceremonie-dhommage-a-ouattara-suite-a-la-sortie-du-roi-tanoe-les-organisateurs-cette-attitude-du-president-de-la-chambre-est-dommage-et-honteuse#article\",\"isPartOf\":{\"@id\":\"https:\/\/www.africa-press.net\/cotedivoire\/politique\/organisation-dune-ceremonie-dhommage-a-ouattara-suite-a-la-sortie-du-roi-tanoe-les-organisateurs-cette-attitude-du-president-de-la-chambre-est-dommage-et-honteuse\"},\"author\":{\"name\":\"cfeditorfr\",\"@id\":\"https:\/\/www.africa-press.net\/cotedivoire\/#\/schema\/person\/2b1cf3cd81a31e3cd26889ca66d677f1\"},\"headline\":\"Organisation d&rsquo;une c\u00e9r\u00e9monie d&rsquo;hommage \u00e0 Ouattara, suite \u00e0 la sortie du Roi Tano\u00e9, les organisateurs \u00ab Cette attitude du pr\u00e9sident de la chambre est dommage et honteuse \u00bb\",\"datePublished\":\"2022-04-09T16:50:41+00:00\",\"dateModified\":\"2022-04-09T17:17:44+00:00\",\"mainEntityOfPage\":{\"@id\":\"https:\/\/www.africa-press.net\/cotedivoire\/politique\/organisation-dune-ceremonie-dhommage-a-ouattara-suite-a-la-sortie-du-roi-tanoe-les-organisateurs-cette-attitude-du-president-de-la-chambre-est-dommage-et-honteuse\"},\"wordCount\":1115,\"commentCount\":0,\"image\":{\"@id\":\"https:\/\/www.africa-press.net\/cotedivoire\/politique\/organisation-dune-ceremonie-dhommage-a-ouattara-suite-a-la-sortie-du-roi-tanoe-les-organisateurs-cette-attitude-du-president-de-la-chambre-est-dommage-et-honteuse#primaryimage\"},\"thumbnailUrl\":\"https:\/\/static.africa-press.net\/cote\/sites\/43\/2022\/04\/postQueueImg_17.jpg\",\"keywords\":[\"Africa Press\",\"Africa Press-C\u00f4te d'Ivoire\",\"Alassane Ouattara\",\"Amon Tano\u00e9\",\"C\u00d4TE D'IVOIRE\",\"hommage\",\"N'Gaza\",\"Nanan\",\"Roi\",\"Treichville\"],\"articleSection\":[\"homepage-french\",\"Politique\",\"Toutes les actualit\u00e9s\"],\"inLanguage\":\"fr-FR\",\"potentialAction\":[{\"@type\":\"CommentAction\",\"name\":\"Comment\",\"target\":[\"https:\/\/www.africa-press.net\/cotedivoire\/politique\/organisation-dune-ceremonie-dhommage-a-ouattara-suite-a-la-sortie-du-roi-tanoe-les-organisateurs-cette-attitude-du-president-de-la-chambre-est-dommage-et-honteuse#respond\"]}]},{\"@type\":\"WebPage\",\"@id\":\"https:\/\/www.africa-press.net\/cotedivoire\/politique\/organisation-dune-ceremonie-dhommage-a-ouattara-suite-a-la-sortie-du-roi-tanoe-les-organisateurs-cette-attitude-du-president-de-la-chambre-est-dommage-et-honteuse\",\"url\":\"https:\/\/www.africa-press.net\/cotedivoire\/politique\/organisation-dune-ceremonie-dhommage-a-ouattara-suite-a-la-sortie-du-roi-tanoe-les-organisateurs-cette-attitude-du-president-de-la-chambre-est-dommage-et-honteuse\",\"name\":\"Organisation d'une c\u00e9r\u00e9monie d'hommage \u00e0 Ouattara, suite \u00e0 la sortie du Roi Tano\u00e9, les organisateurs \u00ab Cette attitude du pr\u00e9sident de la chambre est dommage et honteuse \u00bb - C\u00f4te d&#039;Ivoire\",\"isPartOf\":{\"@id\":\"https:\/\/www.africa-press.net\/cotedivoire\/#website\"},\"primaryImageOfPage\":{\"@id\":\"https:\/\/www.africa-press.net\/cotedivoire\/politique\/organisation-dune-ceremonie-dhommage-a-ouattara-suite-a-la-sortie-du-roi-tanoe-les-organisateurs-cette-attitude-du-president-de-la-chambre-est-dommage-et-honteuse#primaryimage\"},\"image\":{\"@id\":\"https:\/\/www.africa-press.net\/cotedivoire\/politique\/organisation-dune-ceremonie-dhommage-a-ouattara-suite-a-la-sortie-du-roi-tanoe-les-organisateurs-cette-attitude-du-president-de-la-chambre-est-dommage-et-honteuse#primaryimage\"},\"thumbnailUrl\":\"https:\/\/static.africa-press.net\/cote\/sites\/43\/2022\/04\/postQueueImg_17.jpg\",\"datePublished\":\"2022-04-09T16:50:41+00:00\",\"dateModified\":\"2022-04-09T17:17:44+00:00\",\"author\":{\"@id\":\"https:\/\/www.africa-press.net\/cotedivoire\/#\/schema\/person\/2b1cf3cd81a31e3cd26889ca66d677f1\"},\"description\":\"Nanan N'Gaza IV et les chefs coutumiers (Ph KOACI) Des chefs coutumiers ont d\u00e9cid\u00e9 d\u2019organiser une c\u00e9r\u00e9monie d\u2019h ...\",\"breadcrumb\":{\"@id\":\"https:\/\/www.africa-press.net\/cotedivoire\/politique\/organisation-dune-ceremonie-dhommage-a-ouattara-suite-a-la-sortie-du-roi-tanoe-les-organisateurs-cette-attitude-du-president-de-la-chambre-est-dommage-et-honteuse#breadcrumb\"},\"inLanguage\":\"fr-FR\",\"potentialAction\":[{\"@type\":\"ReadAction\",\"target\":[\"https:\/\/www.africa-press.net\/cotedivoire\/politique\/organisation-dune-ceremonie-dhommage-a-ouattara-suite-a-la-sortie-du-roi-tanoe-les-organisateurs-cette-attitude-du-president-de-la-chambre-est-dommage-et-honteuse\"]}]},{\"@type\":\"ImageObject\",\"inLanguage\":\"fr-FR\",\"@id\":\"https:\/\/www.africa-press.net\/cotedivoire\/politique\/organisation-dune-ceremonie-dhommage-a-ouattara-suite-a-la-sortie-du-roi-tanoe-les-organisateurs-cette-attitude-du-president-de-la-chambre-est-dommage-et-honteuse#primaryimage\",\"url\":\"https:\/\/static.africa-press.net\/cote\/sites\/43\/2022\/04\/postQueueImg_17.jpg\",\"contentUrl\":\"https:\/\/static.africa-press.net\/cote\/sites\/43\/2022\/04\/postQueueImg_17.jpg\",\"width\":720,\"height\":439,\"caption\":\"Organisation d'une c\u00e9r\u00e9monie d'hommage \u00e0 Ouattara, suite \u00e0 la sortie du Roi Tano\u00e9, les organisateurs \u00ab Cette attitude du pr\u00e9sident de la chambre est dommage et honteuse \u00bb\"},{\"@type\":\"BreadcrumbList\",\"@id\":\"https:\/\/www.africa-press.net\/cotedivoire\/politique\/organisation-dune-ceremonie-dhommage-a-ouattara-suite-a-la-sortie-du-roi-tanoe-les-organisateurs-cette-attitude-du-president-de-la-chambre-est-dommage-et-honteuse#breadcrumb\",\"itemListElement\":[{\"@type\":\"ListItem\",\"position\":1,\"name\":\"Accueil\",\"item\":\"https:\/\/www.africa-press.net\/cotedivoire\/\"},{\"@type\":\"ListItem\",\"position\":2,\"name\":\"Organisation d&#8217;une c\u00e9r\u00e9monie d&#8217;hommage \u00e0 Ouattara, suite \u00e0 la sortie du Roi Tano\u00e9, les organisateurs \u00ab Cette attitude du pr\u00e9sident de la chambre est dommage et honteuse \u00bb\"}]},{\"@type\":\"WebSite\",\"@id\":\"https:\/\/www.africa-press.net\/cotedivoire\/#website\",\"url\":\"https:\/\/www.africa-press.net\/cotedivoire\/\",\"name\":\"C\u00f4te d&#039;Ivoire\",\"description\":\"Just another Africa News Agency Sites site\",\"potentialAction\":[{\"@type\":\"SearchAction\",\"target\":{\"@type\":\"EntryPoint\",\"urlTemplate\":\"https:\/\/www.africa-press.net\/cotedivoire\/?s={search_term_string}\"},\"query-input\":{\"@type\":\"PropertyValueSpecification\",\"valueRequired\":true,\"valueName\":\"search_term_string\"}}],\"inLanguage\":\"fr-FR\"},{\"@type\":\"Person\",\"@id\":\"https:\/\/www.africa-press.net\/cotedivoire\/#\/schema\/person\/2b1cf3cd81a31e3cd26889ca66d677f1\",\"name\":\"cfeditorfr\"}]}<\/script>\n<!-- \/ Yoast SEO Premium plugin. -->","yoast_head_json":{"title":"Organisation d'une c\u00e9r\u00e9monie d'hommage \u00e0 Ouattara, suite \u00e0 la sortie du Roi Tano\u00e9, les organisateurs \u00ab Cette attitude du pr\u00e9sident de la chambre est dommage et honteuse \u00bb - C\u00f4te d&#039;Ivoire","description":"Nanan N'Gaza IV et les chefs coutumiers (Ph KOACI) Des chefs coutumiers ont d\u00e9cid\u00e9 d\u2019organiser une c\u00e9r\u00e9monie d\u2019h ...","robots":{"index":"index","follow":"follow","max-snippet":"max-snippet:-1","max-image-preview":"max-image-preview:large","max-video-preview":"max-video-preview:-1"},"canonical":"https:\/\/www.africa-press.net\/cotedivoire\/politique\/organisation-dune-ceremonie-dhommage-a-ouattara-suite-a-la-sortie-du-roi-tanoe-les-organisateurs-cette-attitude-du-president-de-la-chambre-est-dommage-et-honteuse","og_locale":"fr_FR","og_type":"article","og_title":"Organisation d'une c\u00e9r\u00e9monie d'hommage \u00e0 Ouattara, suite \u00e0 la sortie du Roi Tano\u00e9, les organisateurs \u00ab Cette attitude du pr\u00e9sident de la chambre est dommage et honteuse \u00bb","og_description":"Nanan N'Gaza IV et les chefs coutumiers (Ph KOACI) Des chefs coutumiers ont d\u00e9cid\u00e9 d\u2019organiser une c\u00e9r\u00e9monie d\u2019h ...","og_url":"https:\/\/www.africa-press.net\/cotedivoire\/politique\/organisation-dune-ceremonie-dhommage-a-ouattara-suite-a-la-sortie-du-roi-tanoe-les-organisateurs-cette-attitude-du-president-de-la-chambre-est-dommage-et-honteuse","og_site_name":"C\u00f4te d&#039;Ivoire","article_published_time":"2022-04-09T16:50:41+00:00","article_modified_time":"2022-04-09T17:17:44+00:00","og_image":[{"width":720,"height":439,"url":"https:\/\/static.africa-press.net\/cote\/sites\/43\/2022\/04\/postQueueImg_17.jpg","type":"image\/jpeg"}],"author":"cfeditorfr","twitter_card":"summary_large_image","twitter_misc":{"\u00c9crit par":"cfeditorfr","Dur\u00e9e de lecture estim\u00e9e":"5 minutes"},"schema":{"@context":"https:\/\/schema.org","@graph":[{"@type":"Article","@id":"https:\/\/www.africa-press.net\/cotedivoire\/politique\/organisation-dune-ceremonie-dhommage-a-ouattara-suite-a-la-sortie-du-roi-tanoe-les-organisateurs-cette-attitude-du-president-de-la-chambre-est-dommage-et-honteuse#article","isPartOf":{"@id":"https:\/\/www.africa-press.net\/cotedivoire\/politique\/organisation-dune-ceremonie-dhommage-a-ouattara-suite-a-la-sortie-du-roi-tanoe-les-organisateurs-cette-attitude-du-president-de-la-chambre-est-dommage-et-honteuse"},"author":{"name":"cfeditorfr","@id":"https:\/\/www.africa-press.net\/cotedivoire\/#\/schema\/person\/2b1cf3cd81a31e3cd26889ca66d677f1"},"headline":"Organisation d&rsquo;une c\u00e9r\u00e9monie d&rsquo;hommage \u00e0 Ouattara, suite \u00e0 la sortie du Roi Tano\u00e9, les organisateurs \u00ab Cette attitude du pr\u00e9sident de la chambre est dommage et honteuse \u00bb","datePublished":"2022-04-09T16:50:41+00:00","dateModified":"2022-04-09T17:17:44+00:00","mainEntityOfPage":{"@id":"https:\/\/www.africa-press.net\/cotedivoire\/politique\/organisation-dune-ceremonie-dhommage-a-ouattara-suite-a-la-sortie-du-roi-tanoe-les-organisateurs-cette-attitude-du-president-de-la-chambre-est-dommage-et-honteuse"},"wordCount":1115,"commentCount":0,"image":{"@id":"https:\/\/www.africa-press.net\/cotedivoire\/politique\/organisation-dune-ceremonie-dhommage-a-ouattara-suite-a-la-sortie-du-roi-tanoe-les-organisateurs-cette-attitude-du-president-de-la-chambre-est-dommage-et-honteuse#primaryimage"},"thumbnailUrl":"https:\/\/static.africa-press.net\/cote\/sites\/43\/2022\/04\/postQueueImg_17.jpg","keywords":["Africa Press","Africa Press-C\u00f4te d'Ivoire","Alassane Ouattara","Amon Tano\u00e9","C\u00d4TE D'IVOIRE","hommage","N'Gaza","Nanan","Roi","Treichville"],"articleSection":["homepage-french","Politique","Toutes les actualit\u00e9s"],"inLanguage":"fr-FR","potentialAction":[{"@type":"CommentAction","name":"Comment","target":["https:\/\/www.africa-press.net\/cotedivoire\/politique\/organisation-dune-ceremonie-dhommage-a-ouattara-suite-a-la-sortie-du-roi-tanoe-les-organisateurs-cette-attitude-du-president-de-la-chambre-est-dommage-et-honteuse#respond"]}]},{"@type":"WebPage","@id":"https:\/\/www.africa-press.net\/cotedivoire\/politique\/organisation-dune-ceremonie-dhommage-a-ouattara-suite-a-la-sortie-du-roi-tanoe-les-organisateurs-cette-attitude-du-president-de-la-chambre-est-dommage-et-honteuse","url":"https:\/\/www.africa-press.net\/cotedivoire\/politique\/organisation-dune-ceremonie-dhommage-a-ouattara-suite-a-la-sortie-du-roi-tanoe-les-organisateurs-cette-attitude-du-president-de-la-chambre-est-dommage-et-honteuse","name":"Organisation d'une c\u00e9r\u00e9monie d'hommage \u00e0 Ouattara, suite \u00e0 la sortie du Roi Tano\u00e9, les organisateurs \u00ab Cette attitude du pr\u00e9sident de la chambre est dommage et honteuse \u00bb - C\u00f4te d&#039;Ivoire","isPartOf":{"@id":"https:\/\/www.africa-press.net\/cotedivoire\/#website"},"primaryImageOfPage":{"@id":"https:\/\/www.africa-press.net\/cotedivoire\/politique\/organisation-dune-ceremonie-dhommage-a-ouattara-suite-a-la-sortie-du-roi-tanoe-les-organisateurs-cette-attitude-du-president-de-la-chambre-est-dommage-et-honteuse#primaryimage"},"image":{"@id":"https:\/\/www.africa-press.net\/cotedivoire\/politique\/organisation-dune-ceremonie-dhommage-a-ouattara-suite-a-la-sortie-du-roi-tanoe-les-organisateurs-cette-attitude-du-president-de-la-chambre-est-dommage-et-honteuse#primaryimage"},"thumbnailUrl":"https:\/\/static.africa-press.net\/cote\/sites\/43\/2022\/04\/postQueueImg_17.jpg","datePublished":"2022-04-09T16:50:41+00:00","dateModified":"2022-04-09T17:17:44+00:00","author":{"@id":"https:\/\/www.africa-press.net\/cotedivoire\/#\/schema\/person\/2b1cf3cd81a31e3cd26889ca66d677f1"},"description":"Nanan N'Gaza IV et les chefs coutumiers (Ph KOACI) Des chefs coutumiers ont d\u00e9cid\u00e9 d\u2019organiser une c\u00e9r\u00e9monie d\u2019h ...","breadcrumb":{"@id":"https:\/\/www.africa-press.net\/cotedivoire\/politique\/organisation-dune-ceremonie-dhommage-a-ouattara-suite-a-la-sortie-du-roi-tanoe-les-organisateurs-cette-attitude-du-president-de-la-chambre-est-dommage-et-honteuse#breadcrumb"},"inLanguage":"fr-FR","potentialAction":[{"@type":"ReadAction","target":["https:\/\/www.africa-press.net\/cotedivoire\/politique\/organisation-dune-ceremonie-dhommage-a-ouattara-suite-a-la-sortie-du-roi-tanoe-les-organisateurs-cette-attitude-du-president-de-la-chambre-est-dommage-et-honteuse"]}]},{"@type":"ImageObject","inLanguage":"fr-FR","@id":"https:\/\/www.africa-press.net\/cotedivoire\/politique\/organisation-dune-ceremonie-dhommage-a-ouattara-suite-a-la-sortie-du-roi-tanoe-les-organisateurs-cette-attitude-du-president-de-la-chambre-est-dommage-et-honteuse#primaryimage","url":"https:\/\/static.africa-press.net\/cote\/sites\/43\/2022\/04\/postQueueImg_17.jpg","contentUrl":"https:\/\/static.africa-press.net\/cote\/sites\/43\/2022\/04\/postQueueImg_17.jpg","width":720,"height":439,"caption":"Organisation d'une c\u00e9r\u00e9monie d'hommage \u00e0 Ouattara, suite \u00e0 la sortie du Roi Tano\u00e9, les organisateurs \u00ab Cette attitude du pr\u00e9sident de la chambre est dommage et honteuse \u00bb"},{"@type":"BreadcrumbList","@id":"https:\/\/www.africa-press.net\/cotedivoire\/politique\/organisation-dune-ceremonie-dhommage-a-ouattara-suite-a-la-sortie-du-roi-tanoe-les-organisateurs-cette-attitude-du-president-de-la-chambre-est-dommage-et-honteuse#breadcrumb","itemListElement":[{"@type":"ListItem","position":1,"name":"Accueil","item":"https:\/\/www.africa-press.net\/cotedivoire\/"},{"@type":"ListItem","position":2,"name":"Organisation d&#8217;une c\u00e9r\u00e9monie d&#8217;hommage \u00e0 Ouattara, suite \u00e0 la sortie du Roi Tano\u00e9, les organisateurs \u00ab Cette attitude du pr\u00e9sident de la chambre est dommage et honteuse \u00bb"}]},{"@type":"WebSite","@id":"https:\/\/www.africa-press.net\/cotedivoire\/#website","url":"https:\/\/www.africa-press.net\/cotedivoire\/","name":"C\u00f4te d&#039;Ivoire","description":"Just another Africa News Agency Sites site","potentialAction":[{"@type":"SearchAction","target":{"@type":"EntryPoint","urlTemplate":"https:\/\/www.africa-press.net\/cotedivoire\/?s={search_term_string}"},"query-input":{"@type":"PropertyValueSpecification","valueRequired":true,"valueName":"search_term_string"}}],"inLanguage":"fr-FR"},{"@type":"Person","@id":"https:\/\/www.africa-press.net\/cotedivoire\/#\/schema\/person\/2b1cf3cd81a31e3cd26889ca66d677f1","name":"cfeditorfr"}]}},"_links":{"self":[{"href":"https:\/\/www.africa-press.net\/cotedivoire\/wp-json\/wp\/v2\/posts\/32177","targetHints":{"allow":["GET"]}}],"collection":[{"href":"https:\/\/www.africa-press.net\/cotedivoire\/wp-json\/wp\/v2\/posts"}],"about":[{"href":"https:\/\/www.africa-press.net\/cotedivoire\/wp-json\/wp\/v2\/types\/post"}],"author":[{"embeddable":true,"href":"https:\/\/www.africa-press.net\/cotedivoire\/wp-json\/wp\/v2\/users\/82"}],"replies":[{"embeddable":true,"href":"https:\/\/www.africa-press.net\/cotedivoire\/wp-json\/wp\/v2\/comments?post=32177"}],"version-history":[{"count":0,"href":"https:\/\/www.africa-press.net\/cotedivoire\/wp-json\/wp\/v2\/posts\/32177\/revisions"}],"wp:featuredmedia":[{"embeddable":true,"href":"https:\/\/www.africa-press.net\/cotedivoire\/wp-json\/wp\/v2\/media\/32176"}],"wp:attachment":[{"href":"https:\/\/www.africa-press.net\/cotedivoire\/wp-json\/wp\/v2\/media?parent=32177"}],"wp:term":[{"taxonomy":"category","embeddable":true,"href":"https:\/\/www.africa-press.net\/cotedivoire\/wp-json\/wp\/v2\/categories?post=32177"},{"taxonomy":"post_tag","embeddable":true,"href":"https:\/\/www.africa-press.net\/cotedivoire\/wp-json\/wp\/v2\/tags?post=32177"}],"curies":[{"name":"wp","href":"https:\/\/api.w.org\/{rel}","templated":true}]}}