{"id":32792,"date":"2022-04-19T17:10:48","date_gmt":"2022-04-19T17:10:48","guid":{"rendered":"https:\/\/www.africa-press.net\/cotedivoire\/politique\/ahousou-kouadio-reitere-ses-hommages-a-ouattara-pour-ses-actions-de-paix-et-de-developpement"},"modified":"2022-04-19T17:32:36","modified_gmt":"2022-04-19T17:32:36","slug":"ahousou-kouadio-reitere-ses-hommages-a-ouattara-pour-ses-actions-de-paix-et-de-developpement","status":"publish","type":"post","link":"https:\/\/www.africa-press.net\/cotedivoire\/politique\/ahousou-kouadio-reitere-ses-hommages-a-ouattara-pour-ses-actions-de-paix-et-de-developpement","title":{"rendered":"Ahousou-Kouadio, r\u00e9it\u00e8re ses hommages \u00e0 Ouattara pour ses actions de paix et de d\u00e9veloppement"},"content":{"rendered":"<p><span style=\"color: #ff6600\"><strong>Africa-Press &#8211; C\u00f4te d&rsquo;Ivoire. <\/strong><\/span><b>Jeannot Ahoussou-Kouadio ce mardi \u00e0 Yamoussoukro<\/b><\/p>\n<p>A l&rsquo;invitation du chef de l&rsquo;\u00c9tat, une r\u00e9union entre l&rsquo;ex\u00e9cutif et les deux chambres du parlement r\u00e9unies en congr\u00e8s s&rsquo;est tenue \u00e0 Yamoussoukro, capitale politique et administrative, conform\u00e9ment \u00e0 l&rsquo;article 114 de la Constitution.<\/p>\n<p>Pr\u00e9sident du Congr\u00e8s, Jeannot Ahoussou-Kouadio, pr\u00e9sident du S\u00e9nat a au nom de la repr\u00e9sentation nationale, \u00e0 l&rsquo;occasion, r\u00e9it\u00e9r\u00e9 ses hommages au Pr\u00e9sident de la R\u00e9publique pour ses actions de paix et de d\u00e9veloppement accomplis au quotidien pour le bien-\u00eatre des populations ivoiriennes.<\/p>\n<p>\u00ab\u00a0En 2020, nous \u00e9tions d\u00e9j\u00e0 r\u00e9unis dans cette m\u00eame salle, \u00e0 votre demande, successivement pour votre message sur l\u2019\u00e9tat de la Nation et pour l\u2019examen d\u2019un projet de loi portant modification de la Constitution. Votre message sur l\u2019\u00e9tat de la Nation avait boulevers\u00e9 la C\u00f4te d\u2019Ivoire enti\u00e8re et les dispositions de la loi constitutionnelle adopt\u00e9e, ont permis d\u2019am\u00e9liorer de mani\u00e8re significative notre Constitution\u00a0\u00bb, a-t-il rappel\u00e9.<\/p>\n<p>Selon lui, ces r\u00e9unions du Congr\u00e8s servent \u00e0 \u00e9crire l\u2019histoire glorieuse de notre Nation, que nul obstacle ne saurait d\u00e9voyer, tant elle est dict\u00e9e d\u2019une mani\u00e8re admirable par un homme \u00e0 la sagesse immense et \u00e0 la clairvoyance limpide.<\/p>\n<p>\u00ab\u00a0Nous l\u2019avons compris d\u00e9sormais, le Congr\u00e8s est appel\u00e9 \u00e0 accompagner votre vision de construction d\u2019une Nation forte et prosp\u00e8re, r\u00e9solument engag\u00e9e, dans l\u2019union, la discipline et le travail, sur le chemin inexorable de la d\u00e9mocratie et du D\u00e9veloppement\u00a0\u00bb, a ajout\u00e9, le Pr\u00e9sident du S\u00e9nat.<\/p>\n<p>Jeannot Ahousou-Kouadio a rappel\u00e9 que le Congr\u00e8s constitue le cadre constitutionnel o\u00f9 les deux chambres du Parlement, l\u2019Assembl\u00e9e nationale et le S\u00e9nat, sont appel\u00e9es \u00e0 se rencontrer, uniquement \u00e0 la demande du Pr\u00e9sident de la R\u00e9publique, aux fins d\u2019accomplir ensemble des activit\u00e9s bien pr\u00e9cises.<\/p>\n<p>Wassimagnon<\/p>\n<p><strong>Pour plus d&rsquo;informations et d&rsquo;analyses sur la <a href=\"https:\/\/www.africa-press.net\/cotedivoire\">C\u00f4te d&rsquo;Ivoire<\/a>, suivez <a href=\"https:\/\/www.africa-press.net\/\">Africa-Press<\/a><\/strong><\/p>\n","protected":false},"excerpt":{"rendered":"<p>Africa-Press &#8211; C\u00f4te d&rsquo;Ivoire. Jeannot Ahoussou-Kouadio ce mardi \u00e0 Yamoussoukro A l&rsquo;invitation du chef de l&rsquo;\u00c9tat, une r\u00e9union entre l&rsquo;ex\u00e9cutif et les deux chambres du parlement r\u00e9unies en congr\u00e8s s&rsquo;est tenue \u00e0 Yamoussoukro, capitale politique et administrative, conform\u00e9ment \u00e0 l&rsquo;article 114 de la Constitution. Pr\u00e9sident du Congr\u00e8s, Jeannot Ahoussou-Kouadio, pr\u00e9sident du S\u00e9nat a au nom [&hellip;]<\/p>\n","protected":false},"author":82,"featured_media":32791,"comment_status":"open","ping_status":"closed","sticky":false,"template":"","format":"standard","meta":{"footnotes":""},"categories":[11,2,10],"tags":[1265,56,63,1741,29,1583,871,600,421],"class_list":["post-32792","post","type-post","status-publish","format-standard","has-post-thumbnail","hentry","category-homepage-french","category-politique","category-toutes-les-actualites","tag-adama-bictogo","tag-africa-press","tag-africa-press-cote-divoire","tag-assemblee-nationale","tag-cote-divoire","tag-developpement","tag-jeannot-ahoussou-kouadio","tag-paix","tag-senat"],"yoast_head":"<!-- This site is optimized with the Yoast SEO Premium plugin v26.1 (Yoast SEO v27.0) - https:\/\/yoast.com\/product\/yoast-seo-premium-wordpress\/ -->\n<title>Ahousou-Kouadio, r\u00e9it\u00e8re ses hommages \u00e0 Ouattara pour ses actions de paix et de d\u00e9veloppement - C\u00f4te d&#039;Ivoire<\/title>\n<meta name=\"description\" content=\"Jeannot Ahoussou-Kouadio ce mardi \u00e0 Yamoussoukro A l&#039;invitation du chef de l&#039;\u00c9tat, une r\u00e9union entre l&#039;ex\u00e9cutif ...\" \/>\n<meta name=\"robots\" content=\"index, follow, max-snippet:-1, max-image-preview:large, max-video-preview:-1\" \/>\n<link rel=\"canonical\" href=\"https:\/\/www.africa-press.net\/cotedivoire\/politique\/ahousou-kouadio-reitere-ses-hommages-a-ouattara-pour-ses-actions-de-paix-et-de-developpement\" \/>\n<meta property=\"og:locale\" content=\"fr_FR\" \/>\n<meta property=\"og:type\" content=\"article\" \/>\n<meta property=\"og:title\" content=\"Ahousou-Kouadio, r\u00e9it\u00e8re ses hommages \u00e0 Ouattara pour ses actions de paix et de d\u00e9veloppement\" \/>\n<meta property=\"og:description\" content=\"Jeannot Ahoussou-Kouadio ce mardi \u00e0 Yamoussoukro A l&#039;invitation du chef de l&#039;\u00c9tat, une r\u00e9union entre l&#039;ex\u00e9cutif ...\" \/>\n<meta property=\"og:url\" content=\"https:\/\/www.africa-press.net\/cotedivoire\/politique\/ahousou-kouadio-reitere-ses-hommages-a-ouattara-pour-ses-actions-de-paix-et-de-developpement\" \/>\n<meta property=\"og:site_name\" content=\"C\u00f4te d&#039;Ivoire\" \/>\n<meta property=\"article:published_time\" content=\"2022-04-19T17:10:48+00:00\" \/>\n<meta property=\"article:modified_time\" content=\"2022-04-19T17:32:36+00:00\" \/>\n<meta property=\"og:image\" content=\"https:\/\/static.africa-press.net\/cote\/sites\/43\/2022\/04\/postQueueImg_12-625ef21aa6cd8.jpg\" \/>\n\t<meta property=\"og:image:width\" content=\"720\" \/>\n\t<meta property=\"og:image:height\" content=\"314\" \/>\n\t<meta property=\"og:image:type\" content=\"image\/jpeg\" \/>\n<meta name=\"author\" content=\"cfeditorfr\" \/>\n<meta name=\"twitter:card\" content=\"summary_large_image\" \/>\n<meta name=\"twitter:label1\" content=\"\u00c9crit par\" \/>\n\t<meta name=\"twitter:data1\" content=\"cfeditorfr\" \/>\n\t<meta name=\"twitter:label2\" content=\"Dur\u00e9e de lecture estim\u00e9e\" \/>\n\t<meta name=\"twitter:data2\" content=\"2 minutes\" \/>\n<script type=\"application\/ld+json\" class=\"yoast-schema-graph\">{\"@context\":\"https:\/\/schema.org\",\"@graph\":[{\"@type\":\"Article\",\"@id\":\"https:\/\/www.africa-press.net\/cotedivoire\/politique\/ahousou-kouadio-reitere-ses-hommages-a-ouattara-pour-ses-actions-de-paix-et-de-developpement#article\",\"isPartOf\":{\"@id\":\"https:\/\/www.africa-press.net\/cotedivoire\/politique\/ahousou-kouadio-reitere-ses-hommages-a-ouattara-pour-ses-actions-de-paix-et-de-developpement\"},\"author\":{\"name\":\"cfeditorfr\",\"@id\":\"https:\/\/www.africa-press.net\/cotedivoire\/#\/schema\/person\/2b1cf3cd81a31e3cd26889ca66d677f1\"},\"headline\":\"Ahousou-Kouadio, r\u00e9it\u00e8re ses hommages \u00e0 Ouattara pour ses actions de paix et de d\u00e9veloppement\",\"datePublished\":\"2022-04-19T17:10:48+00:00\",\"dateModified\":\"2022-04-19T17:32:36+00:00\",\"mainEntityOfPage\":{\"@id\":\"https:\/\/www.africa-press.net\/cotedivoire\/politique\/ahousou-kouadio-reitere-ses-hommages-a-ouattara-pour-ses-actions-de-paix-et-de-developpement\"},\"wordCount\":364,\"commentCount\":0,\"image\":{\"@id\":\"https:\/\/www.africa-press.net\/cotedivoire\/politique\/ahousou-kouadio-reitere-ses-hommages-a-ouattara-pour-ses-actions-de-paix-et-de-developpement#primaryimage\"},\"thumbnailUrl\":\"https:\/\/static.africa-press.net\/cote\/sites\/43\/2022\/04\/postQueueImg_12-625ef21aa6cd8.jpg\",\"keywords\":[\"Adama Bictogo\",\"Africa Press\",\"Africa Press-C\u00f4te d'Ivoire\",\"Assembl\u00e9e nationale\",\"C\u00d4TE D'IVOIRE\",\"d\u00e9veloppement\",\"Jeannot Ahoussou-Kouadio\",\"paix\",\"S\u00e9nat\"],\"articleSection\":[\"homepage-french\",\"Politique\",\"Toutes les actualit\u00e9s\"],\"inLanguage\":\"fr-FR\",\"potentialAction\":[{\"@type\":\"CommentAction\",\"name\":\"Comment\",\"target\":[\"https:\/\/www.africa-press.net\/cotedivoire\/politique\/ahousou-kouadio-reitere-ses-hommages-a-ouattara-pour-ses-actions-de-paix-et-de-developpement#respond\"]}]},{\"@type\":\"WebPage\",\"@id\":\"https:\/\/www.africa-press.net\/cotedivoire\/politique\/ahousou-kouadio-reitere-ses-hommages-a-ouattara-pour-ses-actions-de-paix-et-de-developpement\",\"url\":\"https:\/\/www.africa-press.net\/cotedivoire\/politique\/ahousou-kouadio-reitere-ses-hommages-a-ouattara-pour-ses-actions-de-paix-et-de-developpement\",\"name\":\"Ahousou-Kouadio, r\u00e9it\u00e8re ses hommages \u00e0 Ouattara pour ses actions de paix et de d\u00e9veloppement - C\u00f4te d&#039;Ivoire\",\"isPartOf\":{\"@id\":\"https:\/\/www.africa-press.net\/cotedivoire\/#website\"},\"primaryImageOfPage\":{\"@id\":\"https:\/\/www.africa-press.net\/cotedivoire\/politique\/ahousou-kouadio-reitere-ses-hommages-a-ouattara-pour-ses-actions-de-paix-et-de-developpement#primaryimage\"},\"image\":{\"@id\":\"https:\/\/www.africa-press.net\/cotedivoire\/politique\/ahousou-kouadio-reitere-ses-hommages-a-ouattara-pour-ses-actions-de-paix-et-de-developpement#primaryimage\"},\"thumbnailUrl\":\"https:\/\/static.africa-press.net\/cote\/sites\/43\/2022\/04\/postQueueImg_12-625ef21aa6cd8.jpg\",\"datePublished\":\"2022-04-19T17:10:48+00:00\",\"dateModified\":\"2022-04-19T17:32:36+00:00\",\"author\":{\"@id\":\"https:\/\/www.africa-press.net\/cotedivoire\/#\/schema\/person\/2b1cf3cd81a31e3cd26889ca66d677f1\"},\"description\":\"Jeannot Ahoussou-Kouadio ce mardi \u00e0 Yamoussoukro A l'invitation du chef de l'\u00c9tat, une r\u00e9union entre l'ex\u00e9cutif ...\",\"breadcrumb\":{\"@id\":\"https:\/\/www.africa-press.net\/cotedivoire\/politique\/ahousou-kouadio-reitere-ses-hommages-a-ouattara-pour-ses-actions-de-paix-et-de-developpement#breadcrumb\"},\"inLanguage\":\"fr-FR\",\"potentialAction\":[{\"@type\":\"ReadAction\",\"target\":[\"https:\/\/www.africa-press.net\/cotedivoire\/politique\/ahousou-kouadio-reitere-ses-hommages-a-ouattara-pour-ses-actions-de-paix-et-de-developpement\"]}]},{\"@type\":\"ImageObject\",\"inLanguage\":\"fr-FR\",\"@id\":\"https:\/\/www.africa-press.net\/cotedivoire\/politique\/ahousou-kouadio-reitere-ses-hommages-a-ouattara-pour-ses-actions-de-paix-et-de-developpement#primaryimage\",\"url\":\"https:\/\/static.africa-press.net\/cote\/sites\/43\/2022\/04\/postQueueImg_12-625ef21aa6cd8.jpg\",\"contentUrl\":\"https:\/\/static.africa-press.net\/cote\/sites\/43\/2022\/04\/postQueueImg_12-625ef21aa6cd8.jpg\",\"width\":720,\"height\":314,\"caption\":\"Ahousou-Kouadio, r\u00e9it\u00e8re ses hommages \u00e0 Ouattara pour ses actions de paix et de d\u00e9veloppement\"},{\"@type\":\"BreadcrumbList\",\"@id\":\"https:\/\/www.africa-press.net\/cotedivoire\/politique\/ahousou-kouadio-reitere-ses-hommages-a-ouattara-pour-ses-actions-de-paix-et-de-developpement#breadcrumb\",\"itemListElement\":[{\"@type\":\"ListItem\",\"position\":1,\"name\":\"Accueil\",\"item\":\"https:\/\/www.africa-press.net\/cotedivoire\/\"},{\"@type\":\"ListItem\",\"position\":2,\"name\":\"Ahousou-Kouadio, r\u00e9it\u00e8re ses hommages \u00e0 Ouattara pour ses actions de paix et de d\u00e9veloppement\"}]},{\"@type\":\"WebSite\",\"@id\":\"https:\/\/www.africa-press.net\/cotedivoire\/#website\",\"url\":\"https:\/\/www.africa-press.net\/cotedivoire\/\",\"name\":\"C\u00f4te d&#039;Ivoire\",\"description\":\"Just another Africa News Agency Sites site\",\"potentialAction\":[{\"@type\":\"SearchAction\",\"target\":{\"@type\":\"EntryPoint\",\"urlTemplate\":\"https:\/\/www.africa-press.net\/cotedivoire\/?s={search_term_string}\"},\"query-input\":{\"@type\":\"PropertyValueSpecification\",\"valueRequired\":true,\"valueName\":\"search_term_string\"}}],\"inLanguage\":\"fr-FR\"},{\"@type\":\"Person\",\"@id\":\"https:\/\/www.africa-press.net\/cotedivoire\/#\/schema\/person\/2b1cf3cd81a31e3cd26889ca66d677f1\",\"name\":\"cfeditorfr\"}]}<\/script>\n<!-- \/ Yoast SEO Premium plugin. -->","yoast_head_json":{"title":"Ahousou-Kouadio, r\u00e9it\u00e8re ses hommages \u00e0 Ouattara pour ses actions de paix et de d\u00e9veloppement - C\u00f4te d&#039;Ivoire","description":"Jeannot Ahoussou-Kouadio ce mardi \u00e0 Yamoussoukro A l'invitation du chef de l'\u00c9tat, une r\u00e9union entre l'ex\u00e9cutif ...","robots":{"index":"index","follow":"follow","max-snippet":"max-snippet:-1","max-image-preview":"max-image-preview:large","max-video-preview":"max-video-preview:-1"},"canonical":"https:\/\/www.africa-press.net\/cotedivoire\/politique\/ahousou-kouadio-reitere-ses-hommages-a-ouattara-pour-ses-actions-de-paix-et-de-developpement","og_locale":"fr_FR","og_type":"article","og_title":"Ahousou-Kouadio, r\u00e9it\u00e8re ses hommages \u00e0 Ouattara pour ses actions de paix et de d\u00e9veloppement","og_description":"Jeannot Ahoussou-Kouadio ce mardi \u00e0 Yamoussoukro A l'invitation du chef de l'\u00c9tat, une r\u00e9union entre l'ex\u00e9cutif ...","og_url":"https:\/\/www.africa-press.net\/cotedivoire\/politique\/ahousou-kouadio-reitere-ses-hommages-a-ouattara-pour-ses-actions-de-paix-et-de-developpement","og_site_name":"C\u00f4te d&#039;Ivoire","article_published_time":"2022-04-19T17:10:48+00:00","article_modified_time":"2022-04-19T17:32:36+00:00","og_image":[{"width":720,"height":314,"url":"https:\/\/static.africa-press.net\/cote\/sites\/43\/2022\/04\/postQueueImg_12-625ef21aa6cd8.jpg","type":"image\/jpeg"}],"author":"cfeditorfr","twitter_card":"summary_large_image","twitter_misc":{"\u00c9crit par":"cfeditorfr","Dur\u00e9e de lecture estim\u00e9e":"2 minutes"},"schema":{"@context":"https:\/\/schema.org","@graph":[{"@type":"Article","@id":"https:\/\/www.africa-press.net\/cotedivoire\/politique\/ahousou-kouadio-reitere-ses-hommages-a-ouattara-pour-ses-actions-de-paix-et-de-developpement#article","isPartOf":{"@id":"https:\/\/www.africa-press.net\/cotedivoire\/politique\/ahousou-kouadio-reitere-ses-hommages-a-ouattara-pour-ses-actions-de-paix-et-de-developpement"},"author":{"name":"cfeditorfr","@id":"https:\/\/www.africa-press.net\/cotedivoire\/#\/schema\/person\/2b1cf3cd81a31e3cd26889ca66d677f1"},"headline":"Ahousou-Kouadio, r\u00e9it\u00e8re ses hommages \u00e0 Ouattara pour ses actions de paix et de d\u00e9veloppement","datePublished":"2022-04-19T17:10:48+00:00","dateModified":"2022-04-19T17:32:36+00:00","mainEntityOfPage":{"@id":"https:\/\/www.africa-press.net\/cotedivoire\/politique\/ahousou-kouadio-reitere-ses-hommages-a-ouattara-pour-ses-actions-de-paix-et-de-developpement"},"wordCount":364,"commentCount":0,"image":{"@id":"https:\/\/www.africa-press.net\/cotedivoire\/politique\/ahousou-kouadio-reitere-ses-hommages-a-ouattara-pour-ses-actions-de-paix-et-de-developpement#primaryimage"},"thumbnailUrl":"https:\/\/static.africa-press.net\/cote\/sites\/43\/2022\/04\/postQueueImg_12-625ef21aa6cd8.jpg","keywords":["Adama Bictogo","Africa Press","Africa Press-C\u00f4te d'Ivoire","Assembl\u00e9e nationale","C\u00d4TE D'IVOIRE","d\u00e9veloppement","Jeannot Ahoussou-Kouadio","paix","S\u00e9nat"],"articleSection":["homepage-french","Politique","Toutes les actualit\u00e9s"],"inLanguage":"fr-FR","potentialAction":[{"@type":"CommentAction","name":"Comment","target":["https:\/\/www.africa-press.net\/cotedivoire\/politique\/ahousou-kouadio-reitere-ses-hommages-a-ouattara-pour-ses-actions-de-paix-et-de-developpement#respond"]}]},{"@type":"WebPage","@id":"https:\/\/www.africa-press.net\/cotedivoire\/politique\/ahousou-kouadio-reitere-ses-hommages-a-ouattara-pour-ses-actions-de-paix-et-de-developpement","url":"https:\/\/www.africa-press.net\/cotedivoire\/politique\/ahousou-kouadio-reitere-ses-hommages-a-ouattara-pour-ses-actions-de-paix-et-de-developpement","name":"Ahousou-Kouadio, r\u00e9it\u00e8re ses hommages \u00e0 Ouattara pour ses actions de paix et de d\u00e9veloppement - C\u00f4te d&#039;Ivoire","isPartOf":{"@id":"https:\/\/www.africa-press.net\/cotedivoire\/#website"},"primaryImageOfPage":{"@id":"https:\/\/www.africa-press.net\/cotedivoire\/politique\/ahousou-kouadio-reitere-ses-hommages-a-ouattara-pour-ses-actions-de-paix-et-de-developpement#primaryimage"},"image":{"@id":"https:\/\/www.africa-press.net\/cotedivoire\/politique\/ahousou-kouadio-reitere-ses-hommages-a-ouattara-pour-ses-actions-de-paix-et-de-developpement#primaryimage"},"thumbnailUrl":"https:\/\/static.africa-press.net\/cote\/sites\/43\/2022\/04\/postQueueImg_12-625ef21aa6cd8.jpg","datePublished":"2022-04-19T17:10:48+00:00","dateModified":"2022-04-19T17:32:36+00:00","author":{"@id":"https:\/\/www.africa-press.net\/cotedivoire\/#\/schema\/person\/2b1cf3cd81a31e3cd26889ca66d677f1"},"description":"Jeannot Ahoussou-Kouadio ce mardi \u00e0 Yamoussoukro A l'invitation du chef de l'\u00c9tat, une r\u00e9union entre l'ex\u00e9cutif ...","breadcrumb":{"@id":"https:\/\/www.africa-press.net\/cotedivoire\/politique\/ahousou-kouadio-reitere-ses-hommages-a-ouattara-pour-ses-actions-de-paix-et-de-developpement#breadcrumb"},"inLanguage":"fr-FR","potentialAction":[{"@type":"ReadAction","target":["https:\/\/www.africa-press.net\/cotedivoire\/politique\/ahousou-kouadio-reitere-ses-hommages-a-ouattara-pour-ses-actions-de-paix-et-de-developpement"]}]},{"@type":"ImageObject","inLanguage":"fr-FR","@id":"https:\/\/www.africa-press.net\/cotedivoire\/politique\/ahousou-kouadio-reitere-ses-hommages-a-ouattara-pour-ses-actions-de-paix-et-de-developpement#primaryimage","url":"https:\/\/static.africa-press.net\/cote\/sites\/43\/2022\/04\/postQueueImg_12-625ef21aa6cd8.jpg","contentUrl":"https:\/\/static.africa-press.net\/cote\/sites\/43\/2022\/04\/postQueueImg_12-625ef21aa6cd8.jpg","width":720,"height":314,"caption":"Ahousou-Kouadio, r\u00e9it\u00e8re ses hommages \u00e0 Ouattara pour ses actions de paix et de d\u00e9veloppement"},{"@type":"BreadcrumbList","@id":"https:\/\/www.africa-press.net\/cotedivoire\/politique\/ahousou-kouadio-reitere-ses-hommages-a-ouattara-pour-ses-actions-de-paix-et-de-developpement#breadcrumb","itemListElement":[{"@type":"ListItem","position":1,"name":"Accueil","item":"https:\/\/www.africa-press.net\/cotedivoire\/"},{"@type":"ListItem","position":2,"name":"Ahousou-Kouadio, r\u00e9it\u00e8re ses hommages \u00e0 Ouattara pour ses actions de paix et de d\u00e9veloppement"}]},{"@type":"WebSite","@id":"https:\/\/www.africa-press.net\/cotedivoire\/#website","url":"https:\/\/www.africa-press.net\/cotedivoire\/","name":"C\u00f4te d&#039;Ivoire","description":"Just another Africa News Agency Sites site","potentialAction":[{"@type":"SearchAction","target":{"@type":"EntryPoint","urlTemplate":"https:\/\/www.africa-press.net\/cotedivoire\/?s={search_term_string}"},"query-input":{"@type":"PropertyValueSpecification","valueRequired":true,"valueName":"search_term_string"}}],"inLanguage":"fr-FR"},{"@type":"Person","@id":"https:\/\/www.africa-press.net\/cotedivoire\/#\/schema\/person\/2b1cf3cd81a31e3cd26889ca66d677f1","name":"cfeditorfr"}]}},"_links":{"self":[{"href":"https:\/\/www.africa-press.net\/cotedivoire\/wp-json\/wp\/v2\/posts\/32792","targetHints":{"allow":["GET"]}}],"collection":[{"href":"https:\/\/www.africa-press.net\/cotedivoire\/wp-json\/wp\/v2\/posts"}],"about":[{"href":"https:\/\/www.africa-press.net\/cotedivoire\/wp-json\/wp\/v2\/types\/post"}],"author":[{"embeddable":true,"href":"https:\/\/www.africa-press.net\/cotedivoire\/wp-json\/wp\/v2\/users\/82"}],"replies":[{"embeddable":true,"href":"https:\/\/www.africa-press.net\/cotedivoire\/wp-json\/wp\/v2\/comments?post=32792"}],"version-history":[{"count":0,"href":"https:\/\/www.africa-press.net\/cotedivoire\/wp-json\/wp\/v2\/posts\/32792\/revisions"}],"wp:featuredmedia":[{"embeddable":true,"href":"https:\/\/www.africa-press.net\/cotedivoire\/wp-json\/wp\/v2\/media\/32791"}],"wp:attachment":[{"href":"https:\/\/www.africa-press.net\/cotedivoire\/wp-json\/wp\/v2\/media?parent=32792"}],"wp:term":[{"taxonomy":"category","embeddable":true,"href":"https:\/\/www.africa-press.net\/cotedivoire\/wp-json\/wp\/v2\/categories?post=32792"},{"taxonomy":"post_tag","embeddable":true,"href":"https:\/\/www.africa-press.net\/cotedivoire\/wp-json\/wp\/v2\/tags?post=32792"}],"curies":[{"name":"wp","href":"https:\/\/api.w.org\/{rel}","templated":true}]}}