{"id":33145,"date":"2022-04-23T17:30:20","date_gmt":"2022-04-23T17:30:20","guid":{"rendered":"https:\/\/www.africa-press.net\/cotedivoire\/politique\/lambassade-de-france-initie-un-projet-pour-accroitre-la-capacite-de-resilience-des-collectivites-territoriales"},"modified":"2022-04-23T17:51:36","modified_gmt":"2022-04-23T17:51:36","slug":"lambassade-de-france-initie-un-projet-pour-accroitre-la-capacite-de-resilience-des-collectivites-territoriales","status":"publish","type":"post","link":"https:\/\/www.africa-press.net\/cotedivoire\/politique\/lambassade-de-france-initie-un-projet-pour-accroitre-la-capacite-de-resilience-des-collectivites-territoriales","title":{"rendered":"L&rsquo;Ambassade de France initie un projet pour  accroitre la capacit\u00e9 de r\u00e9silience des collectivit\u00e9s territoriales"},"content":{"rendered":"<p><span style=\"color: #ff6600\"><strong>Africa-Press &#8211; C\u00f4te d&rsquo;Ivoire. <\/strong><\/span><b>L\u2019Ambassadeur de France Jean-Christophe Belliard et des membres du Gouvernement au lancement jeudi \u00e0 Abidjan (Ph)<\/b><\/p>\n<p>L\u2019Ambassade de France a initi\u00e9 un projet pour accroitre la capacit\u00e9 de r\u00e9silience des collectivit\u00e9s territoriales.<\/p>\n<p>Le lancement du projet d\u00e9nomm\u00e9 \u00ab Ville durable \u00bb, a eu lieu jeudi dernier, \u00e0 l\u2019H\u00f4tel du District d\u2019Abidjan.<\/p>\n<p>Ce projet initi\u00e9 par l\u2019Ambassade de France en C\u00f4te d\u2019Ivoire vise \u00e0 accroitre la potentialit\u00e9 de r\u00e9silience des collectivit\u00e9s territoriales en vue d\u2019un d\u00e9veloppement local plus performant et plus inclusif, explique-t-on.<\/p>\n<p>Ledit projet devrait permettre \u00e0 terme un d\u00e9veloppement durable tout en respectant les besoins environnementaux, sociaux et \u00e9conomiques du pr\u00e9sent sans compromettre l\u2019aptitude des g\u00e9n\u00e9rations futures.<\/p>\n<p>15 mairies non r\u00e9v\u00e9l\u00e9es de C\u00f4te d\u2019Ivoire sont concern\u00e9es. Elles b\u00e9n\u00e9ficieront, entre autres, de formation des \u00e9lus locaux, de la sensibilisation sur le budget participatif et du soutien aux micro-projets des collectivit\u00e9s.<\/p>\n<p>Donatien Kautcha, Abidjan<\/p>\n<p><strong>Pour plus d&rsquo;informations et d&rsquo;analyses sur la <a href=\"https:\/\/www.africa-press.net\/cotedivoire\">C\u00f4te d&rsquo;Ivoire<\/a>, suivez <a href=\"https:\/\/www.africa-press.net\/\">Africa-Press<\/a><\/strong><\/p>\n","protected":false},"excerpt":{"rendered":"<p>Africa-Press &#8211; C\u00f4te d&rsquo;Ivoire. L\u2019Ambassadeur de France Jean-Christophe Belliard et des membres du Gouvernement au lancement jeudi \u00e0 Abidjan (Ph) L\u2019Ambassade de France a initi\u00e9 un projet pour accroitre la capacit\u00e9 de r\u00e9silience des collectivit\u00e9s territoriales. Le lancement du projet d\u00e9nomm\u00e9 \u00ab Ville durable \u00bb, a eu lieu jeudi dernier, \u00e0 l\u2019H\u00f4tel du District d\u2019Abidjan. [&hellip;]<\/p>\n","protected":false},"author":82,"featured_media":33144,"comment_status":"open","ping_status":"closed","sticky":false,"template":"","format":"standard","meta":{"footnotes":""},"categories":[11,2,10],"tags":[56,63,5653,29,2813],"class_list":["post-33145","post","type-post","status-publish","format-standard","has-post-thumbnail","hentry","category-homepage-french","category-politique","category-toutes-les-actualites","tag-africa-press","tag-africa-press-cote-divoire","tag-ambassade-de-france","tag-cote-divoire","tag-jean-christophe-belliard"],"yoast_head":"<!-- This site is optimized with the Yoast SEO Premium plugin v26.1 (Yoast SEO v27.0) - https:\/\/yoast.com\/product\/yoast-seo-premium-wordpress\/ -->\n<title>L&#039;Ambassade de France initie un projet pour accroitre la capacit\u00e9 de r\u00e9silience des collectivit\u00e9s territoriales - C\u00f4te d&#039;Ivoire<\/title>\n<meta name=\"description\" content=\"L\u2019Ambassadeur de France Jean-Christophe Belliard et des membres du Gouvernement au lancement jeudi \u00e0 Abidjan (Ph) ...\" \/>\n<meta name=\"robots\" content=\"index, follow, max-snippet:-1, max-image-preview:large, max-video-preview:-1\" \/>\n<link rel=\"canonical\" href=\"https:\/\/www.africa-press.net\/cotedivoire\/politique\/lambassade-de-france-initie-un-projet-pour-accroitre-la-capacite-de-resilience-des-collectivites-territoriales\" \/>\n<meta property=\"og:locale\" content=\"fr_FR\" \/>\n<meta property=\"og:type\" content=\"article\" \/>\n<meta property=\"og:title\" content=\"L&#039;Ambassade de France initie un projet pour accroitre la capacit\u00e9 de r\u00e9silience des collectivit\u00e9s territoriales\" \/>\n<meta property=\"og:description\" content=\"L\u2019Ambassadeur de France Jean-Christophe Belliard et des membres du Gouvernement au lancement jeudi \u00e0 Abidjan (Ph) ...\" \/>\n<meta property=\"og:url\" content=\"https:\/\/www.africa-press.net\/cotedivoire\/politique\/lambassade-de-france-initie-un-projet-pour-accroitre-la-capacite-de-resilience-des-collectivites-territoriales\" \/>\n<meta property=\"og:site_name\" content=\"C\u00f4te d&#039;Ivoire\" \/>\n<meta property=\"article:published_time\" content=\"2022-04-23T17:30:20+00:00\" \/>\n<meta property=\"article:modified_time\" content=\"2022-04-23T17:51:36+00:00\" \/>\n<meta property=\"og:image\" content=\"https:\/\/static.africa-press.net\/cote\/sites\/43\/2022\/04\/postQueueImg_16-62643c7d3bb28.jpg\" \/>\n\t<meta property=\"og:image:width\" content=\"720\" \/>\n\t<meta property=\"og:image:height\" content=\"440\" \/>\n\t<meta property=\"og:image:type\" content=\"image\/jpeg\" \/>\n<meta name=\"author\" content=\"cfeditorfr\" \/>\n<meta name=\"twitter:card\" content=\"summary_large_image\" \/>\n<meta name=\"twitter:label1\" content=\"\u00c9crit par\" \/>\n\t<meta name=\"twitter:data1\" content=\"cfeditorfr\" \/>\n\t<meta name=\"twitter:label2\" content=\"Dur\u00e9e de lecture estim\u00e9e\" \/>\n\t<meta name=\"twitter:data2\" content=\"1 minute\" \/>\n<script type=\"application\/ld+json\" class=\"yoast-schema-graph\">{\"@context\":\"https:\/\/schema.org\",\"@graph\":[{\"@type\":\"Article\",\"@id\":\"https:\/\/www.africa-press.net\/cotedivoire\/politique\/lambassade-de-france-initie-un-projet-pour-accroitre-la-capacite-de-resilience-des-collectivites-territoriales#article\",\"isPartOf\":{\"@id\":\"https:\/\/www.africa-press.net\/cotedivoire\/politique\/lambassade-de-france-initie-un-projet-pour-accroitre-la-capacite-de-resilience-des-collectivites-territoriales\"},\"author\":{\"name\":\"cfeditorfr\",\"@id\":\"https:\/\/www.africa-press.net\/cotedivoire\/#\/schema\/person\/2b1cf3cd81a31e3cd26889ca66d677f1\"},\"headline\":\"L&rsquo;Ambassade de France initie un projet pour accroitre la capacit\u00e9 de r\u00e9silience des collectivit\u00e9s territoriales\",\"datePublished\":\"2022-04-23T17:30:20+00:00\",\"dateModified\":\"2022-04-23T17:51:36+00:00\",\"mainEntityOfPage\":{\"@id\":\"https:\/\/www.africa-press.net\/cotedivoire\/politique\/lambassade-de-france-initie-un-projet-pour-accroitre-la-capacite-de-resilience-des-collectivites-territoriales\"},\"wordCount\":204,\"commentCount\":0,\"image\":{\"@id\":\"https:\/\/www.africa-press.net\/cotedivoire\/politique\/lambassade-de-france-initie-un-projet-pour-accroitre-la-capacite-de-resilience-des-collectivites-territoriales#primaryimage\"},\"thumbnailUrl\":\"https:\/\/static.africa-press.net\/cote\/sites\/43\/2022\/04\/postQueueImg_16-62643c7d3bb28.jpg\",\"keywords\":[\"Africa Press\",\"Africa Press-C\u00f4te d'Ivoire\",\"Ambassade de France\",\"C\u00d4TE D'IVOIRE\",\"Jean-Christophe Belliard\"],\"articleSection\":[\"homepage-french\",\"Politique\",\"Toutes les actualit\u00e9s\"],\"inLanguage\":\"fr-FR\",\"potentialAction\":[{\"@type\":\"CommentAction\",\"name\":\"Comment\",\"target\":[\"https:\/\/www.africa-press.net\/cotedivoire\/politique\/lambassade-de-france-initie-un-projet-pour-accroitre-la-capacite-de-resilience-des-collectivites-territoriales#respond\"]}]},{\"@type\":\"WebPage\",\"@id\":\"https:\/\/www.africa-press.net\/cotedivoire\/politique\/lambassade-de-france-initie-un-projet-pour-accroitre-la-capacite-de-resilience-des-collectivites-territoriales\",\"url\":\"https:\/\/www.africa-press.net\/cotedivoire\/politique\/lambassade-de-france-initie-un-projet-pour-accroitre-la-capacite-de-resilience-des-collectivites-territoriales\",\"name\":\"L'Ambassade de France initie un projet pour accroitre la capacit\u00e9 de r\u00e9silience des collectivit\u00e9s territoriales - C\u00f4te d&#039;Ivoire\",\"isPartOf\":{\"@id\":\"https:\/\/www.africa-press.net\/cotedivoire\/#website\"},\"primaryImageOfPage\":{\"@id\":\"https:\/\/www.africa-press.net\/cotedivoire\/politique\/lambassade-de-france-initie-un-projet-pour-accroitre-la-capacite-de-resilience-des-collectivites-territoriales#primaryimage\"},\"image\":{\"@id\":\"https:\/\/www.africa-press.net\/cotedivoire\/politique\/lambassade-de-france-initie-un-projet-pour-accroitre-la-capacite-de-resilience-des-collectivites-territoriales#primaryimage\"},\"thumbnailUrl\":\"https:\/\/static.africa-press.net\/cote\/sites\/43\/2022\/04\/postQueueImg_16-62643c7d3bb28.jpg\",\"datePublished\":\"2022-04-23T17:30:20+00:00\",\"dateModified\":\"2022-04-23T17:51:36+00:00\",\"author\":{\"@id\":\"https:\/\/www.africa-press.net\/cotedivoire\/#\/schema\/person\/2b1cf3cd81a31e3cd26889ca66d677f1\"},\"description\":\"L\u2019Ambassadeur de France Jean-Christophe Belliard et des membres du Gouvernement au lancement jeudi \u00e0 Abidjan (Ph) ...\",\"breadcrumb\":{\"@id\":\"https:\/\/www.africa-press.net\/cotedivoire\/politique\/lambassade-de-france-initie-un-projet-pour-accroitre-la-capacite-de-resilience-des-collectivites-territoriales#breadcrumb\"},\"inLanguage\":\"fr-FR\",\"potentialAction\":[{\"@type\":\"ReadAction\",\"target\":[\"https:\/\/www.africa-press.net\/cotedivoire\/politique\/lambassade-de-france-initie-un-projet-pour-accroitre-la-capacite-de-resilience-des-collectivites-territoriales\"]}]},{\"@type\":\"ImageObject\",\"inLanguage\":\"fr-FR\",\"@id\":\"https:\/\/www.africa-press.net\/cotedivoire\/politique\/lambassade-de-france-initie-un-projet-pour-accroitre-la-capacite-de-resilience-des-collectivites-territoriales#primaryimage\",\"url\":\"https:\/\/static.africa-press.net\/cote\/sites\/43\/2022\/04\/postQueueImg_16-62643c7d3bb28.jpg\",\"contentUrl\":\"https:\/\/static.africa-press.net\/cote\/sites\/43\/2022\/04\/postQueueImg_16-62643c7d3bb28.jpg\",\"width\":720,\"height\":440,\"caption\":\"L'Ambassade de France initie un projet pour accroitre la capacit\u00e9 de r\u00e9silience des collectivit\u00e9s territoriales\"},{\"@type\":\"BreadcrumbList\",\"@id\":\"https:\/\/www.africa-press.net\/cotedivoire\/politique\/lambassade-de-france-initie-un-projet-pour-accroitre-la-capacite-de-resilience-des-collectivites-territoriales#breadcrumb\",\"itemListElement\":[{\"@type\":\"ListItem\",\"position\":1,\"name\":\"Accueil\",\"item\":\"https:\/\/www.africa-press.net\/cotedivoire\/\"},{\"@type\":\"ListItem\",\"position\":2,\"name\":\"L&#8217;Ambassade de France initie un projet pour accroitre la capacit\u00e9 de r\u00e9silience des collectivit\u00e9s territoriales\"}]},{\"@type\":\"WebSite\",\"@id\":\"https:\/\/www.africa-press.net\/cotedivoire\/#website\",\"url\":\"https:\/\/www.africa-press.net\/cotedivoire\/\",\"name\":\"C\u00f4te d&#039;Ivoire\",\"description\":\"Just another Africa News Agency Sites site\",\"potentialAction\":[{\"@type\":\"SearchAction\",\"target\":{\"@type\":\"EntryPoint\",\"urlTemplate\":\"https:\/\/www.africa-press.net\/cotedivoire\/?s={search_term_string}\"},\"query-input\":{\"@type\":\"PropertyValueSpecification\",\"valueRequired\":true,\"valueName\":\"search_term_string\"}}],\"inLanguage\":\"fr-FR\"},{\"@type\":\"Person\",\"@id\":\"https:\/\/www.africa-press.net\/cotedivoire\/#\/schema\/person\/2b1cf3cd81a31e3cd26889ca66d677f1\",\"name\":\"cfeditorfr\"}]}<\/script>\n<!-- \/ Yoast SEO Premium plugin. -->","yoast_head_json":{"title":"L'Ambassade de France initie un projet pour accroitre la capacit\u00e9 de r\u00e9silience des collectivit\u00e9s territoriales - C\u00f4te d&#039;Ivoire","description":"L\u2019Ambassadeur de France Jean-Christophe Belliard et des membres du Gouvernement au lancement jeudi \u00e0 Abidjan (Ph) ...","robots":{"index":"index","follow":"follow","max-snippet":"max-snippet:-1","max-image-preview":"max-image-preview:large","max-video-preview":"max-video-preview:-1"},"canonical":"https:\/\/www.africa-press.net\/cotedivoire\/politique\/lambassade-de-france-initie-un-projet-pour-accroitre-la-capacite-de-resilience-des-collectivites-territoriales","og_locale":"fr_FR","og_type":"article","og_title":"L'Ambassade de France initie un projet pour accroitre la capacit\u00e9 de r\u00e9silience des collectivit\u00e9s territoriales","og_description":"L\u2019Ambassadeur de France Jean-Christophe Belliard et des membres du Gouvernement au lancement jeudi \u00e0 Abidjan (Ph) ...","og_url":"https:\/\/www.africa-press.net\/cotedivoire\/politique\/lambassade-de-france-initie-un-projet-pour-accroitre-la-capacite-de-resilience-des-collectivites-territoriales","og_site_name":"C\u00f4te d&#039;Ivoire","article_published_time":"2022-04-23T17:30:20+00:00","article_modified_time":"2022-04-23T17:51:36+00:00","og_image":[{"width":720,"height":440,"url":"https:\/\/static.africa-press.net\/cote\/sites\/43\/2022\/04\/postQueueImg_16-62643c7d3bb28.jpg","type":"image\/jpeg"}],"author":"cfeditorfr","twitter_card":"summary_large_image","twitter_misc":{"\u00c9crit par":"cfeditorfr","Dur\u00e9e de lecture estim\u00e9e":"1 minute"},"schema":{"@context":"https:\/\/schema.org","@graph":[{"@type":"Article","@id":"https:\/\/www.africa-press.net\/cotedivoire\/politique\/lambassade-de-france-initie-un-projet-pour-accroitre-la-capacite-de-resilience-des-collectivites-territoriales#article","isPartOf":{"@id":"https:\/\/www.africa-press.net\/cotedivoire\/politique\/lambassade-de-france-initie-un-projet-pour-accroitre-la-capacite-de-resilience-des-collectivites-territoriales"},"author":{"name":"cfeditorfr","@id":"https:\/\/www.africa-press.net\/cotedivoire\/#\/schema\/person\/2b1cf3cd81a31e3cd26889ca66d677f1"},"headline":"L&rsquo;Ambassade de France initie un projet pour accroitre la capacit\u00e9 de r\u00e9silience des collectivit\u00e9s territoriales","datePublished":"2022-04-23T17:30:20+00:00","dateModified":"2022-04-23T17:51:36+00:00","mainEntityOfPage":{"@id":"https:\/\/www.africa-press.net\/cotedivoire\/politique\/lambassade-de-france-initie-un-projet-pour-accroitre-la-capacite-de-resilience-des-collectivites-territoriales"},"wordCount":204,"commentCount":0,"image":{"@id":"https:\/\/www.africa-press.net\/cotedivoire\/politique\/lambassade-de-france-initie-un-projet-pour-accroitre-la-capacite-de-resilience-des-collectivites-territoriales#primaryimage"},"thumbnailUrl":"https:\/\/static.africa-press.net\/cote\/sites\/43\/2022\/04\/postQueueImg_16-62643c7d3bb28.jpg","keywords":["Africa Press","Africa Press-C\u00f4te d'Ivoire","Ambassade de France","C\u00d4TE D'IVOIRE","Jean-Christophe Belliard"],"articleSection":["homepage-french","Politique","Toutes les actualit\u00e9s"],"inLanguage":"fr-FR","potentialAction":[{"@type":"CommentAction","name":"Comment","target":["https:\/\/www.africa-press.net\/cotedivoire\/politique\/lambassade-de-france-initie-un-projet-pour-accroitre-la-capacite-de-resilience-des-collectivites-territoriales#respond"]}]},{"@type":"WebPage","@id":"https:\/\/www.africa-press.net\/cotedivoire\/politique\/lambassade-de-france-initie-un-projet-pour-accroitre-la-capacite-de-resilience-des-collectivites-territoriales","url":"https:\/\/www.africa-press.net\/cotedivoire\/politique\/lambassade-de-france-initie-un-projet-pour-accroitre-la-capacite-de-resilience-des-collectivites-territoriales","name":"L'Ambassade de France initie un projet pour accroitre la capacit\u00e9 de r\u00e9silience des collectivit\u00e9s territoriales - C\u00f4te d&#039;Ivoire","isPartOf":{"@id":"https:\/\/www.africa-press.net\/cotedivoire\/#website"},"primaryImageOfPage":{"@id":"https:\/\/www.africa-press.net\/cotedivoire\/politique\/lambassade-de-france-initie-un-projet-pour-accroitre-la-capacite-de-resilience-des-collectivites-territoriales#primaryimage"},"image":{"@id":"https:\/\/www.africa-press.net\/cotedivoire\/politique\/lambassade-de-france-initie-un-projet-pour-accroitre-la-capacite-de-resilience-des-collectivites-territoriales#primaryimage"},"thumbnailUrl":"https:\/\/static.africa-press.net\/cote\/sites\/43\/2022\/04\/postQueueImg_16-62643c7d3bb28.jpg","datePublished":"2022-04-23T17:30:20+00:00","dateModified":"2022-04-23T17:51:36+00:00","author":{"@id":"https:\/\/www.africa-press.net\/cotedivoire\/#\/schema\/person\/2b1cf3cd81a31e3cd26889ca66d677f1"},"description":"L\u2019Ambassadeur de France Jean-Christophe Belliard et des membres du Gouvernement au lancement jeudi \u00e0 Abidjan (Ph) ...","breadcrumb":{"@id":"https:\/\/www.africa-press.net\/cotedivoire\/politique\/lambassade-de-france-initie-un-projet-pour-accroitre-la-capacite-de-resilience-des-collectivites-territoriales#breadcrumb"},"inLanguage":"fr-FR","potentialAction":[{"@type":"ReadAction","target":["https:\/\/www.africa-press.net\/cotedivoire\/politique\/lambassade-de-france-initie-un-projet-pour-accroitre-la-capacite-de-resilience-des-collectivites-territoriales"]}]},{"@type":"ImageObject","inLanguage":"fr-FR","@id":"https:\/\/www.africa-press.net\/cotedivoire\/politique\/lambassade-de-france-initie-un-projet-pour-accroitre-la-capacite-de-resilience-des-collectivites-territoriales#primaryimage","url":"https:\/\/static.africa-press.net\/cote\/sites\/43\/2022\/04\/postQueueImg_16-62643c7d3bb28.jpg","contentUrl":"https:\/\/static.africa-press.net\/cote\/sites\/43\/2022\/04\/postQueueImg_16-62643c7d3bb28.jpg","width":720,"height":440,"caption":"L'Ambassade de France initie un projet pour accroitre la capacit\u00e9 de r\u00e9silience des collectivit\u00e9s territoriales"},{"@type":"BreadcrumbList","@id":"https:\/\/www.africa-press.net\/cotedivoire\/politique\/lambassade-de-france-initie-un-projet-pour-accroitre-la-capacite-de-resilience-des-collectivites-territoriales#breadcrumb","itemListElement":[{"@type":"ListItem","position":1,"name":"Accueil","item":"https:\/\/www.africa-press.net\/cotedivoire\/"},{"@type":"ListItem","position":2,"name":"L&#8217;Ambassade de France initie un projet pour accroitre la capacit\u00e9 de r\u00e9silience des collectivit\u00e9s territoriales"}]},{"@type":"WebSite","@id":"https:\/\/www.africa-press.net\/cotedivoire\/#website","url":"https:\/\/www.africa-press.net\/cotedivoire\/","name":"C\u00f4te d&#039;Ivoire","description":"Just another Africa News Agency Sites site","potentialAction":[{"@type":"SearchAction","target":{"@type":"EntryPoint","urlTemplate":"https:\/\/www.africa-press.net\/cotedivoire\/?s={search_term_string}"},"query-input":{"@type":"PropertyValueSpecification","valueRequired":true,"valueName":"search_term_string"}}],"inLanguage":"fr-FR"},{"@type":"Person","@id":"https:\/\/www.africa-press.net\/cotedivoire\/#\/schema\/person\/2b1cf3cd81a31e3cd26889ca66d677f1","name":"cfeditorfr"}]}},"_links":{"self":[{"href":"https:\/\/www.africa-press.net\/cotedivoire\/wp-json\/wp\/v2\/posts\/33145","targetHints":{"allow":["GET"]}}],"collection":[{"href":"https:\/\/www.africa-press.net\/cotedivoire\/wp-json\/wp\/v2\/posts"}],"about":[{"href":"https:\/\/www.africa-press.net\/cotedivoire\/wp-json\/wp\/v2\/types\/post"}],"author":[{"embeddable":true,"href":"https:\/\/www.africa-press.net\/cotedivoire\/wp-json\/wp\/v2\/users\/82"}],"replies":[{"embeddable":true,"href":"https:\/\/www.africa-press.net\/cotedivoire\/wp-json\/wp\/v2\/comments?post=33145"}],"version-history":[{"count":0,"href":"https:\/\/www.africa-press.net\/cotedivoire\/wp-json\/wp\/v2\/posts\/33145\/revisions"}],"wp:featuredmedia":[{"embeddable":true,"href":"https:\/\/www.africa-press.net\/cotedivoire\/wp-json\/wp\/v2\/media\/33144"}],"wp:attachment":[{"href":"https:\/\/www.africa-press.net\/cotedivoire\/wp-json\/wp\/v2\/media?parent=33145"}],"wp:term":[{"taxonomy":"category","embeddable":true,"href":"https:\/\/www.africa-press.net\/cotedivoire\/wp-json\/wp\/v2\/categories?post=33145"},{"taxonomy":"post_tag","embeddable":true,"href":"https:\/\/www.africa-press.net\/cotedivoire\/wp-json\/wp\/v2\/tags?post=33145"}],"curies":[{"name":"wp","href":"https:\/\/api.w.org\/{rel}","templated":true}]}}