{"id":34080,"date":"2022-05-03T15:27:46","date_gmt":"2022-05-03T15:27:46","guid":{"rendered":"https:\/\/www.africa-press.net\/cotedivoire\/politique\/anne-ouloto-appelle-ses-parents-kroumen-krou-et-gnaboua-a-faire-la-politique-avec-sagesse-et-faire-des-choix-de-developpement"},"modified":"2022-05-03T15:54:01","modified_gmt":"2022-05-03T15:54:01","slug":"anne-ouloto-appelle-ses-parents-kroumen-krou-et-gnaboua-a-faire-la-politique-avec-sagesse-et-faire-des-choix-de-developpement","status":"publish","type":"post","link":"https:\/\/www.africa-press.net\/cotedivoire\/politique\/anne-ouloto-appelle-ses-parents-kroumen-krou-et-gnaboua-a-faire-la-politique-avec-sagesse-et-faire-des-choix-de-developpement","title":{"rendered":"Anne Ouloto appelle ses \u00ab parents \u00bb Kroumen, Krou et Gnaboua  \u00e0 faire la politique avec sagesse et faire des choix de d\u00e9veloppement"},"content":{"rendered":"<p><span style=\"color: #ff6600\"><strong>Africa-Press &#8211; C\u00f4te d&rsquo;Ivoire. <\/strong><\/span><b> <\/b>Une d\u00e9l\u00e9gation des peuples Krou et Gnaboua, compos\u00e9e en grand nombre des cadres de Zoukougbeu, des jeunes et des femmes, s\u2019est rendue le samedi 30 avril 2022, au domicile de la ministre de la Fonction publique, Anne Ouloto, pour la f\u00e9liciter pour sa reconduction au gouvernement. Et surtout remercier le Pr\u00e9sident Alassane Ouattara pour la confiance plac\u00e9e en leur s\u0153ur et fille.<\/p>\n<p>Cette visite qui intervenait juste apr\u00e8s le passage des Kroumen&rsquo;&gt;Kroumen, et qui s\u2019est d\u00e9roul\u00e9e en pr\u00e9sence la chefferie traditionnelle de Toulepleu, ainsi que des \u00e9lus et cadres du Cavally et du Gu\u00e9mon, la ministre l\u2019a trouv\u00e9e \u00ab tr\u00e8s \u00e9mouvante et pleine de sens. \u00bb<\/p>\n<p>Anne Ouloto a profit\u00e9 de cette rencontre pour appeler ses parents Kroumen&rsquo;&gt;Kroumen, Krou et Gnaboua \u00e0 d\u00e9passer les probl\u00e8mes de personnes, de jalousie, d\u2019orgueil, \u00ab \u00e0 faire la politique avec sagesse et faire des choix de d\u00e9veloppement \u00bb et \u00e0 ne regarder que l\u2019int\u00e9r\u00eat des populations.<\/p>\n<p>\u00ab Je sais que nous allons ensemble relever des d\u00e9fis. Saisissez la main tendue d\u2019Alassane Ouattara qui continue de faire confiance \u00e0 votre fille que je suis. Ma nomination est sa main qu\u2019il tend \u00e0 vous mes parents. Alassane Ouattara vous embrasse par ma nomination \u00bb, a d\u00e9clar\u00e9 la ministre.<\/p>\n<p>Elle a exhort\u00e9 ses h\u00f4tes \u00e0 cohabiter en bonne Intelligence avec les autres communaut\u00e9s pour une paix durable. Poursuivant, la pr\u00e9sidente du conseil r\u00e9gional du Cavally, a demand\u00e9 \u00e0 ses h\u00f4tes d&rsquo;\u00eatre des vecteurs de paix et de d\u00e9veloppement. Avant de faire savoir que toute sa politique est bas\u00e9e sur le d\u00e9veloppement.<\/p>\n<p>\u00ab Je suis venu en politique pour apporter le bien-\u00eatre \u00e0 mes parents. Chers parents, faites le bon choix, le choix du d\u00e9veloppement. Et si j\u2019ai un conseil \u00e0 vous donner, ce choix, c\u2019est le pr\u00e9sident Alassane Ouattara. Gr\u00e2ce \u00e0 lui aujourd\u2019hui toutes nos r\u00e9gions sont en chantier (\u2026) Nos r\u00e9gions regorgent de toutes les ressources \u00e9conomiques du pays. Je souhaite qu&rsquo;on soit en phase avec celui qui a la cl\u00e9 du d\u00e9veloppent, pour offrir un avenir meilleur \u00e0 nos enfants, adh\u00e9rons massivement \u00e0 la vision du pr\u00e9sident Alassane \u00bb a ass\u00e9n\u00e9 Anne Ouloto.<\/p>\n<p>Le chef de la d\u00e9l\u00e9gation, Vairou Touabri Georges, a indiqu\u00e9 qu\u2019entre les Gu\u00e9r\u00e9 et les Gnaboua, il existe des liens fraternels s\u00e9culaires qui se traduisent par la bonne collaboration entre les peuples. Il a ajout\u00e9 que cette visite intervient un an apr\u00e8s la visite qu\u2019une d\u00e9l\u00e9gation du d\u00e9partement de Zoukougbeu a rendue \u00e0 la ministre \u00e0 Guiglo.<\/p>\n<p>Le porte-parole de la d\u00e9l\u00e9gation a expliqu\u00e9 que cette visite est le fruit d\u2019une approche inclusive, \u00e0 l\u2019initiative du d\u00e9put\u00e9 Goz\u00e9 S\u00e9pl\u00e9 Bernard et le maire Yabo Koca Mo\u00efse, tous deux repr\u00e9sent\u00e9s. La d\u00e9l\u00e9gation comprenait \u00e9galement trois chefs de tribus de Zoukougbeu, le secr\u00e9taire de la chefferie et de nombreux cadres, fils et filles du d\u00e9partement.<\/p>\n<p><strong>Pour plus d&rsquo;informations et d&rsquo;analyses sur la <a href=\"https:\/\/www.africa-press.net\/cotedivoire\">C\u00f4te d&rsquo;Ivoire<\/a>, suivez <a href=\"https:\/\/www.africa-press.net\/\">Africa-Press<\/a><\/strong><\/p>\n","protected":false},"excerpt":{"rendered":"<p>Africa-Press &#8211; C\u00f4te d&rsquo;Ivoire. Une d\u00e9l\u00e9gation des peuples Krou et Gnaboua, compos\u00e9e en grand nombre des cadres de Zoukougbeu, des jeunes et des femmes, s\u2019est rendue le samedi 30 avril 2022, au domicile de la ministre de la Fonction publique, Anne Ouloto, pour la f\u00e9liciter pour sa reconduction au gouvernement. Et surtout remercier le Pr\u00e9sident [&hellip;]<\/p>\n","protected":false},"author":82,"featured_media":34079,"comment_status":"open","ping_status":"closed","sticky":false,"template":"","format":"standard","meta":{"footnotes":""},"categories":[11,2,10],"tags":[56,63,1687,29,5812,5811,5810,727,60,5813],"class_list":["post-34080","post","type-post","status-publish","format-standard","has-post-thumbnail","hentry","category-homepage-french","category-politique","category-toutes-les-actualites","tag-africa-press","tag-africa-press-cote-divoire","tag-anne-ouloto","tag-cote-divoire","tag-gnaboua","tag-krou","tag-kroumen","tag-ouattara","tag-politique","tag-sagesse"],"yoast_head":"<!-- This site is optimized with the Yoast SEO Premium plugin v26.1 (Yoast SEO v27.0) - https:\/\/yoast.com\/product\/yoast-seo-premium-wordpress\/ -->\n<title>Anne Ouloto appelle ses \u00ab parents \u00bb Kroumen, Krou et Gnaboua \u00e0 faire la politique avec sagesse et faire des choix de d\u00e9veloppement - C\u00f4te d&#039;Ivoire<\/title>\n<meta name=\"description\" content=\"Une d\u00e9l\u00e9gation des peuples Krou et Gnaboua, compos\u00e9e en grand nombre des cadres de Zoukougbeu, des jeunes et des ...\" \/>\n<meta name=\"robots\" content=\"index, follow, max-snippet:-1, max-image-preview:large, max-video-preview:-1\" \/>\n<link rel=\"canonical\" href=\"https:\/\/www.africa-press.net\/cotedivoire\/politique\/anne-ouloto-appelle-ses-parents-kroumen-krou-et-gnaboua-a-faire-la-politique-avec-sagesse-et-faire-des-choix-de-developpement\" \/>\n<meta property=\"og:locale\" content=\"fr_FR\" \/>\n<meta property=\"og:type\" content=\"article\" \/>\n<meta property=\"og:title\" content=\"Anne Ouloto appelle ses \u00ab parents \u00bb Kroumen, Krou et Gnaboua \u00e0 faire la politique avec sagesse et faire des choix de d\u00e9veloppement\" \/>\n<meta property=\"og:description\" content=\"Une d\u00e9l\u00e9gation des peuples Krou et Gnaboua, compos\u00e9e en grand nombre des cadres de Zoukougbeu, des jeunes et des ...\" \/>\n<meta property=\"og:url\" content=\"https:\/\/www.africa-press.net\/cotedivoire\/politique\/anne-ouloto-appelle-ses-parents-kroumen-krou-et-gnaboua-a-faire-la-politique-avec-sagesse-et-faire-des-choix-de-developpement\" \/>\n<meta property=\"og:site_name\" content=\"C\u00f4te d&#039;Ivoire\" \/>\n<meta property=\"article:published_time\" content=\"2022-05-03T15:27:46+00:00\" \/>\n<meta property=\"article:modified_time\" content=\"2022-05-03T15:54:01+00:00\" \/>\n<meta property=\"og:image\" content=\"https:\/\/static.africa-press.net\/cote\/sites\/43\/2022\/05\/postQueueImg_34-62714ff6cfd8d.jpg\" \/>\n\t<meta property=\"og:image:width\" content=\"720\" \/>\n\t<meta property=\"og:image:height\" content=\"349\" \/>\n\t<meta property=\"og:image:type\" content=\"image\/jpeg\" \/>\n<meta name=\"author\" content=\"cfeditorfr\" \/>\n<meta name=\"twitter:card\" content=\"summary_large_image\" \/>\n<meta name=\"twitter:label1\" content=\"\u00c9crit par\" \/>\n\t<meta name=\"twitter:data1\" content=\"cfeditorfr\" \/>\n\t<meta name=\"twitter:label2\" content=\"Dur\u00e9e de lecture estim\u00e9e\" \/>\n\t<meta name=\"twitter:data2\" content=\"3 minutes\" \/>\n<script type=\"application\/ld+json\" class=\"yoast-schema-graph\">{\"@context\":\"https:\/\/schema.org\",\"@graph\":[{\"@type\":\"Article\",\"@id\":\"https:\/\/www.africa-press.net\/cotedivoire\/politique\/anne-ouloto-appelle-ses-parents-kroumen-krou-et-gnaboua-a-faire-la-politique-avec-sagesse-et-faire-des-choix-de-developpement#article\",\"isPartOf\":{\"@id\":\"https:\/\/www.africa-press.net\/cotedivoire\/politique\/anne-ouloto-appelle-ses-parents-kroumen-krou-et-gnaboua-a-faire-la-politique-avec-sagesse-et-faire-des-choix-de-developpement\"},\"author\":{\"name\":\"cfeditorfr\",\"@id\":\"https:\/\/www.africa-press.net\/cotedivoire\/#\/schema\/person\/2b1cf3cd81a31e3cd26889ca66d677f1\"},\"headline\":\"Anne Ouloto appelle ses \u00ab parents \u00bb Kroumen, Krou et Gnaboua \u00e0 faire la politique avec sagesse et faire des choix de d\u00e9veloppement\",\"datePublished\":\"2022-05-03T15:27:46+00:00\",\"dateModified\":\"2022-05-03T15:54:01+00:00\",\"mainEntityOfPage\":{\"@id\":\"https:\/\/www.africa-press.net\/cotedivoire\/politique\/anne-ouloto-appelle-ses-parents-kroumen-krou-et-gnaboua-a-faire-la-politique-avec-sagesse-et-faire-des-choix-de-developpement\"},\"wordCount\":555,\"commentCount\":0,\"image\":{\"@id\":\"https:\/\/www.africa-press.net\/cotedivoire\/politique\/anne-ouloto-appelle-ses-parents-kroumen-krou-et-gnaboua-a-faire-la-politique-avec-sagesse-et-faire-des-choix-de-developpement#primaryimage\"},\"thumbnailUrl\":\"https:\/\/static.africa-press.net\/cote\/sites\/43\/2022\/05\/postQueueImg_34-62714ff6cfd8d.jpg\",\"keywords\":[\"Africa Press\",\"Africa Press-C\u00f4te d'Ivoire\",\"Anne Ouloto\",\"C\u00d4TE D'IVOIRE\",\"Gnaboua\",\"Krou\",\"Kroumen\",\"Ouattara\",\"Politique\",\"sagesse\"],\"articleSection\":[\"homepage-french\",\"Politique\",\"Toutes les actualit\u00e9s\"],\"inLanguage\":\"fr-FR\",\"potentialAction\":[{\"@type\":\"CommentAction\",\"name\":\"Comment\",\"target\":[\"https:\/\/www.africa-press.net\/cotedivoire\/politique\/anne-ouloto-appelle-ses-parents-kroumen-krou-et-gnaboua-a-faire-la-politique-avec-sagesse-et-faire-des-choix-de-developpement#respond\"]}]},{\"@type\":\"WebPage\",\"@id\":\"https:\/\/www.africa-press.net\/cotedivoire\/politique\/anne-ouloto-appelle-ses-parents-kroumen-krou-et-gnaboua-a-faire-la-politique-avec-sagesse-et-faire-des-choix-de-developpement\",\"url\":\"https:\/\/www.africa-press.net\/cotedivoire\/politique\/anne-ouloto-appelle-ses-parents-kroumen-krou-et-gnaboua-a-faire-la-politique-avec-sagesse-et-faire-des-choix-de-developpement\",\"name\":\"Anne Ouloto appelle ses \u00ab parents \u00bb Kroumen, Krou et Gnaboua \u00e0 faire la politique avec sagesse et faire des choix de d\u00e9veloppement - C\u00f4te d&#039;Ivoire\",\"isPartOf\":{\"@id\":\"https:\/\/www.africa-press.net\/cotedivoire\/#website\"},\"primaryImageOfPage\":{\"@id\":\"https:\/\/www.africa-press.net\/cotedivoire\/politique\/anne-ouloto-appelle-ses-parents-kroumen-krou-et-gnaboua-a-faire-la-politique-avec-sagesse-et-faire-des-choix-de-developpement#primaryimage\"},\"image\":{\"@id\":\"https:\/\/www.africa-press.net\/cotedivoire\/politique\/anne-ouloto-appelle-ses-parents-kroumen-krou-et-gnaboua-a-faire-la-politique-avec-sagesse-et-faire-des-choix-de-developpement#primaryimage\"},\"thumbnailUrl\":\"https:\/\/static.africa-press.net\/cote\/sites\/43\/2022\/05\/postQueueImg_34-62714ff6cfd8d.jpg\",\"datePublished\":\"2022-05-03T15:27:46+00:00\",\"dateModified\":\"2022-05-03T15:54:01+00:00\",\"author\":{\"@id\":\"https:\/\/www.africa-press.net\/cotedivoire\/#\/schema\/person\/2b1cf3cd81a31e3cd26889ca66d677f1\"},\"description\":\"Une d\u00e9l\u00e9gation des peuples Krou et Gnaboua, compos\u00e9e en grand nombre des cadres de Zoukougbeu, des jeunes et des ...\",\"breadcrumb\":{\"@id\":\"https:\/\/www.africa-press.net\/cotedivoire\/politique\/anne-ouloto-appelle-ses-parents-kroumen-krou-et-gnaboua-a-faire-la-politique-avec-sagesse-et-faire-des-choix-de-developpement#breadcrumb\"},\"inLanguage\":\"fr-FR\",\"potentialAction\":[{\"@type\":\"ReadAction\",\"target\":[\"https:\/\/www.africa-press.net\/cotedivoire\/politique\/anne-ouloto-appelle-ses-parents-kroumen-krou-et-gnaboua-a-faire-la-politique-avec-sagesse-et-faire-des-choix-de-developpement\"]}]},{\"@type\":\"ImageObject\",\"inLanguage\":\"fr-FR\",\"@id\":\"https:\/\/www.africa-press.net\/cotedivoire\/politique\/anne-ouloto-appelle-ses-parents-kroumen-krou-et-gnaboua-a-faire-la-politique-avec-sagesse-et-faire-des-choix-de-developpement#primaryimage\",\"url\":\"https:\/\/static.africa-press.net\/cote\/sites\/43\/2022\/05\/postQueueImg_34-62714ff6cfd8d.jpg\",\"contentUrl\":\"https:\/\/static.africa-press.net\/cote\/sites\/43\/2022\/05\/postQueueImg_34-62714ff6cfd8d.jpg\",\"width\":720,\"height\":349,\"caption\":\"Anne Ouloto appelle ses \u00ab parents \u00bb Kroumen, Krou et Gnaboua \u00e0 faire la politique avec sagesse et faire des choix de d\u00e9veloppement\"},{\"@type\":\"BreadcrumbList\",\"@id\":\"https:\/\/www.africa-press.net\/cotedivoire\/politique\/anne-ouloto-appelle-ses-parents-kroumen-krou-et-gnaboua-a-faire-la-politique-avec-sagesse-et-faire-des-choix-de-developpement#breadcrumb\",\"itemListElement\":[{\"@type\":\"ListItem\",\"position\":1,\"name\":\"Accueil\",\"item\":\"https:\/\/www.africa-press.net\/cotedivoire\/\"},{\"@type\":\"ListItem\",\"position\":2,\"name\":\"Anne Ouloto appelle ses \u00ab parents \u00bb Kroumen, Krou et Gnaboua \u00e0 faire la politique avec sagesse et faire des choix de d\u00e9veloppement\"}]},{\"@type\":\"WebSite\",\"@id\":\"https:\/\/www.africa-press.net\/cotedivoire\/#website\",\"url\":\"https:\/\/www.africa-press.net\/cotedivoire\/\",\"name\":\"C\u00f4te d&#039;Ivoire\",\"description\":\"Just another Africa News Agency Sites site\",\"potentialAction\":[{\"@type\":\"SearchAction\",\"target\":{\"@type\":\"EntryPoint\",\"urlTemplate\":\"https:\/\/www.africa-press.net\/cotedivoire\/?s={search_term_string}\"},\"query-input\":{\"@type\":\"PropertyValueSpecification\",\"valueRequired\":true,\"valueName\":\"search_term_string\"}}],\"inLanguage\":\"fr-FR\"},{\"@type\":\"Person\",\"@id\":\"https:\/\/www.africa-press.net\/cotedivoire\/#\/schema\/person\/2b1cf3cd81a31e3cd26889ca66d677f1\",\"name\":\"cfeditorfr\"}]}<\/script>\n<!-- \/ Yoast SEO Premium plugin. -->","yoast_head_json":{"title":"Anne Ouloto appelle ses \u00ab parents \u00bb Kroumen, Krou et Gnaboua \u00e0 faire la politique avec sagesse et faire des choix de d\u00e9veloppement - C\u00f4te d&#039;Ivoire","description":"Une d\u00e9l\u00e9gation des peuples Krou et Gnaboua, compos\u00e9e en grand nombre des cadres de Zoukougbeu, des jeunes et des ...","robots":{"index":"index","follow":"follow","max-snippet":"max-snippet:-1","max-image-preview":"max-image-preview:large","max-video-preview":"max-video-preview:-1"},"canonical":"https:\/\/www.africa-press.net\/cotedivoire\/politique\/anne-ouloto-appelle-ses-parents-kroumen-krou-et-gnaboua-a-faire-la-politique-avec-sagesse-et-faire-des-choix-de-developpement","og_locale":"fr_FR","og_type":"article","og_title":"Anne Ouloto appelle ses \u00ab parents \u00bb Kroumen, Krou et Gnaboua \u00e0 faire la politique avec sagesse et faire des choix de d\u00e9veloppement","og_description":"Une d\u00e9l\u00e9gation des peuples Krou et Gnaboua, compos\u00e9e en grand nombre des cadres de Zoukougbeu, des jeunes et des ...","og_url":"https:\/\/www.africa-press.net\/cotedivoire\/politique\/anne-ouloto-appelle-ses-parents-kroumen-krou-et-gnaboua-a-faire-la-politique-avec-sagesse-et-faire-des-choix-de-developpement","og_site_name":"C\u00f4te d&#039;Ivoire","article_published_time":"2022-05-03T15:27:46+00:00","article_modified_time":"2022-05-03T15:54:01+00:00","og_image":[{"width":720,"height":349,"url":"https:\/\/static.africa-press.net\/cote\/sites\/43\/2022\/05\/postQueueImg_34-62714ff6cfd8d.jpg","type":"image\/jpeg"}],"author":"cfeditorfr","twitter_card":"summary_large_image","twitter_misc":{"\u00c9crit par":"cfeditorfr","Dur\u00e9e de lecture estim\u00e9e":"3 minutes"},"schema":{"@context":"https:\/\/schema.org","@graph":[{"@type":"Article","@id":"https:\/\/www.africa-press.net\/cotedivoire\/politique\/anne-ouloto-appelle-ses-parents-kroumen-krou-et-gnaboua-a-faire-la-politique-avec-sagesse-et-faire-des-choix-de-developpement#article","isPartOf":{"@id":"https:\/\/www.africa-press.net\/cotedivoire\/politique\/anne-ouloto-appelle-ses-parents-kroumen-krou-et-gnaboua-a-faire-la-politique-avec-sagesse-et-faire-des-choix-de-developpement"},"author":{"name":"cfeditorfr","@id":"https:\/\/www.africa-press.net\/cotedivoire\/#\/schema\/person\/2b1cf3cd81a31e3cd26889ca66d677f1"},"headline":"Anne Ouloto appelle ses \u00ab parents \u00bb Kroumen, Krou et Gnaboua \u00e0 faire la politique avec sagesse et faire des choix de d\u00e9veloppement","datePublished":"2022-05-03T15:27:46+00:00","dateModified":"2022-05-03T15:54:01+00:00","mainEntityOfPage":{"@id":"https:\/\/www.africa-press.net\/cotedivoire\/politique\/anne-ouloto-appelle-ses-parents-kroumen-krou-et-gnaboua-a-faire-la-politique-avec-sagesse-et-faire-des-choix-de-developpement"},"wordCount":555,"commentCount":0,"image":{"@id":"https:\/\/www.africa-press.net\/cotedivoire\/politique\/anne-ouloto-appelle-ses-parents-kroumen-krou-et-gnaboua-a-faire-la-politique-avec-sagesse-et-faire-des-choix-de-developpement#primaryimage"},"thumbnailUrl":"https:\/\/static.africa-press.net\/cote\/sites\/43\/2022\/05\/postQueueImg_34-62714ff6cfd8d.jpg","keywords":["Africa Press","Africa Press-C\u00f4te d'Ivoire","Anne Ouloto","C\u00d4TE D'IVOIRE","Gnaboua","Krou","Kroumen","Ouattara","Politique","sagesse"],"articleSection":["homepage-french","Politique","Toutes les actualit\u00e9s"],"inLanguage":"fr-FR","potentialAction":[{"@type":"CommentAction","name":"Comment","target":["https:\/\/www.africa-press.net\/cotedivoire\/politique\/anne-ouloto-appelle-ses-parents-kroumen-krou-et-gnaboua-a-faire-la-politique-avec-sagesse-et-faire-des-choix-de-developpement#respond"]}]},{"@type":"WebPage","@id":"https:\/\/www.africa-press.net\/cotedivoire\/politique\/anne-ouloto-appelle-ses-parents-kroumen-krou-et-gnaboua-a-faire-la-politique-avec-sagesse-et-faire-des-choix-de-developpement","url":"https:\/\/www.africa-press.net\/cotedivoire\/politique\/anne-ouloto-appelle-ses-parents-kroumen-krou-et-gnaboua-a-faire-la-politique-avec-sagesse-et-faire-des-choix-de-developpement","name":"Anne Ouloto appelle ses \u00ab parents \u00bb Kroumen, Krou et Gnaboua \u00e0 faire la politique avec sagesse et faire des choix de d\u00e9veloppement - C\u00f4te d&#039;Ivoire","isPartOf":{"@id":"https:\/\/www.africa-press.net\/cotedivoire\/#website"},"primaryImageOfPage":{"@id":"https:\/\/www.africa-press.net\/cotedivoire\/politique\/anne-ouloto-appelle-ses-parents-kroumen-krou-et-gnaboua-a-faire-la-politique-avec-sagesse-et-faire-des-choix-de-developpement#primaryimage"},"image":{"@id":"https:\/\/www.africa-press.net\/cotedivoire\/politique\/anne-ouloto-appelle-ses-parents-kroumen-krou-et-gnaboua-a-faire-la-politique-avec-sagesse-et-faire-des-choix-de-developpement#primaryimage"},"thumbnailUrl":"https:\/\/static.africa-press.net\/cote\/sites\/43\/2022\/05\/postQueueImg_34-62714ff6cfd8d.jpg","datePublished":"2022-05-03T15:27:46+00:00","dateModified":"2022-05-03T15:54:01+00:00","author":{"@id":"https:\/\/www.africa-press.net\/cotedivoire\/#\/schema\/person\/2b1cf3cd81a31e3cd26889ca66d677f1"},"description":"Une d\u00e9l\u00e9gation des peuples Krou et Gnaboua, compos\u00e9e en grand nombre des cadres de Zoukougbeu, des jeunes et des ...","breadcrumb":{"@id":"https:\/\/www.africa-press.net\/cotedivoire\/politique\/anne-ouloto-appelle-ses-parents-kroumen-krou-et-gnaboua-a-faire-la-politique-avec-sagesse-et-faire-des-choix-de-developpement#breadcrumb"},"inLanguage":"fr-FR","potentialAction":[{"@type":"ReadAction","target":["https:\/\/www.africa-press.net\/cotedivoire\/politique\/anne-ouloto-appelle-ses-parents-kroumen-krou-et-gnaboua-a-faire-la-politique-avec-sagesse-et-faire-des-choix-de-developpement"]}]},{"@type":"ImageObject","inLanguage":"fr-FR","@id":"https:\/\/www.africa-press.net\/cotedivoire\/politique\/anne-ouloto-appelle-ses-parents-kroumen-krou-et-gnaboua-a-faire-la-politique-avec-sagesse-et-faire-des-choix-de-developpement#primaryimage","url":"https:\/\/static.africa-press.net\/cote\/sites\/43\/2022\/05\/postQueueImg_34-62714ff6cfd8d.jpg","contentUrl":"https:\/\/static.africa-press.net\/cote\/sites\/43\/2022\/05\/postQueueImg_34-62714ff6cfd8d.jpg","width":720,"height":349,"caption":"Anne Ouloto appelle ses \u00ab parents \u00bb Kroumen, Krou et Gnaboua \u00e0 faire la politique avec sagesse et faire des choix de d\u00e9veloppement"},{"@type":"BreadcrumbList","@id":"https:\/\/www.africa-press.net\/cotedivoire\/politique\/anne-ouloto-appelle-ses-parents-kroumen-krou-et-gnaboua-a-faire-la-politique-avec-sagesse-et-faire-des-choix-de-developpement#breadcrumb","itemListElement":[{"@type":"ListItem","position":1,"name":"Accueil","item":"https:\/\/www.africa-press.net\/cotedivoire\/"},{"@type":"ListItem","position":2,"name":"Anne Ouloto appelle ses \u00ab parents \u00bb Kroumen, Krou et Gnaboua \u00e0 faire la politique avec sagesse et faire des choix de d\u00e9veloppement"}]},{"@type":"WebSite","@id":"https:\/\/www.africa-press.net\/cotedivoire\/#website","url":"https:\/\/www.africa-press.net\/cotedivoire\/","name":"C\u00f4te d&#039;Ivoire","description":"Just another Africa News Agency Sites site","potentialAction":[{"@type":"SearchAction","target":{"@type":"EntryPoint","urlTemplate":"https:\/\/www.africa-press.net\/cotedivoire\/?s={search_term_string}"},"query-input":{"@type":"PropertyValueSpecification","valueRequired":true,"valueName":"search_term_string"}}],"inLanguage":"fr-FR"},{"@type":"Person","@id":"https:\/\/www.africa-press.net\/cotedivoire\/#\/schema\/person\/2b1cf3cd81a31e3cd26889ca66d677f1","name":"cfeditorfr"}]}},"_links":{"self":[{"href":"https:\/\/www.africa-press.net\/cotedivoire\/wp-json\/wp\/v2\/posts\/34080","targetHints":{"allow":["GET"]}}],"collection":[{"href":"https:\/\/www.africa-press.net\/cotedivoire\/wp-json\/wp\/v2\/posts"}],"about":[{"href":"https:\/\/www.africa-press.net\/cotedivoire\/wp-json\/wp\/v2\/types\/post"}],"author":[{"embeddable":true,"href":"https:\/\/www.africa-press.net\/cotedivoire\/wp-json\/wp\/v2\/users\/82"}],"replies":[{"embeddable":true,"href":"https:\/\/www.africa-press.net\/cotedivoire\/wp-json\/wp\/v2\/comments?post=34080"}],"version-history":[{"count":0,"href":"https:\/\/www.africa-press.net\/cotedivoire\/wp-json\/wp\/v2\/posts\/34080\/revisions"}],"wp:featuredmedia":[{"embeddable":true,"href":"https:\/\/www.africa-press.net\/cotedivoire\/wp-json\/wp\/v2\/media\/34079"}],"wp:attachment":[{"href":"https:\/\/www.africa-press.net\/cotedivoire\/wp-json\/wp\/v2\/media?parent=34080"}],"wp:term":[{"taxonomy":"category","embeddable":true,"href":"https:\/\/www.africa-press.net\/cotedivoire\/wp-json\/wp\/v2\/categories?post=34080"},{"taxonomy":"post_tag","embeddable":true,"href":"https:\/\/www.africa-press.net\/cotedivoire\/wp-json\/wp\/v2\/tags?post=34080"}],"curies":[{"name":"wp","href":"https:\/\/api.w.org\/{rel}","templated":true}]}}