{"id":34327,"date":"2022-05-05T17:34:02","date_gmt":"2022-05-05T17:34:02","guid":{"rendered":"https:\/\/www.africa-press.net\/cotedivoire\/politique\/un-appel-a-candidature-au-poste-de-selectionneur-lance-pour-la-succession-a-beaumelle-avec-pour-mission-datteindre-au-minimum-les-demi-finales-de-la-can-2023"},"modified":"2022-05-05T18:19:29","modified_gmt":"2022-05-05T18:19:29","slug":"un-appel-a-candidature-au-poste-de-selectionneur-lance-pour-la-succession-a-beaumelle-avec-pour-mission-datteindre-au-minimum-les-demi-finales-de-la-can-2023","status":"publish","type":"post","link":"https:\/\/www.africa-press.net\/cotedivoire\/sports\/un-appel-a-candidature-au-poste-de-selectionneur-lance-pour-la-succession-a-beaumelle-avec-pour-mission-datteindre-au-minimum-les-demi-finales-de-la-can-2023","title":{"rendered":"Un appel \u00e0 candidature au poste de s\u00e9lectionneur  lanc\u00e9 pour la succession \u00e0 Beaumelle avec pour mission d&rsquo;atteindre au minimum les demi-finales de la CAN 2023"},"content":{"rendered":"<p><span style=\"color: #ff6600\"><strong>Africa-Press &#8211; C\u00f4te d&rsquo;Ivoire. <\/strong><\/span>La succession \u00e0 Beaumelle est ouverte (Ph)<\/p>\n<p>Exit Patrice Beaumelle apr\u00e8s la non-qualification de la C\u00f4te d\u2019Ivoire pour le Mondial 2022 au Qatar et une \u00e9limination en huiti\u00e8me de finale de la CAN 2021 au Cameroun, le nouveau pr\u00e9sident de la F\u00e9d\u00e9ration Ivoirienne de Football (FIF), Idriss Diallo, lance un appel \u00e0 candidature pour sa succession.<\/p>\n<p>Dans la cadre de la restructuration de la S\u00e9lection Nationale, la FIF, en collaboration avec le Minist\u00e8re des sports lance un appel \u00e0 candidature pour le recrutement d\u2019un entra\u00eeneur-s\u00e9lectionneur des \u00e9l\u00e9phants A.<\/p>\n<p>Il faut souligner que, cet appel est ouvert \u00e0 tous les techniciens ivoiriens ou \u00e9trangers dont les qualifications et comp\u00e9tences sont av\u00e9r\u00e9es.<\/p>\n<p>Le nouveau technicien aura pour missions de : Mettre en place une S\u00e9lection Nationale A sur la base des nouveaux fondements ; Atteindre au minimum les demi-finales de la CAN 2023 ; Contribuer \u00e0 la mise en place d\u2019une politique de formations des jeunes joueurs devant int\u00e9grer le centre technique de la FIF en autres \u00e0 la formation des cadres technique , le selon le programme de la DTN ; Collaborer avec les entraineurs-s\u00e9lectionneurs des cat\u00e9gories inf\u00e9rieures (U15, U17, U20, U23) ; Emettre son point de vue sur la planification et l\u2019organisation des comp\u00e9titions nationales et internationales ainsi que des matchs amicaux.<\/p>\n<p>Le nouveau s\u00e9lectionneur des \u00e9l\u00e9phants doit \u00eatre titulaire de dipl\u00f4mes f\u00e9d\u00e9raux ou \u00e9trangers obtenus \u00e0 la suite des formations (Licence A CAF, Licence A UEFA, Licence Professionnelle ou tout autre dipl\u00f4me \u00e9quivalents ; Avoir une bonne connaissance de la langue fran\u00e7aise (langue de travail).<\/p>\n<p>Il aura pour adjoint un entra\u00eeneur de nationalit\u00e9 ivoirienne dont les qualifications et comp\u00e9tences sont av\u00e9r\u00e9es. Ce dernier devrait \u00e9galement postuler \u00e0 un appel \u00e0 candidature pour \u00eatre retenu.<\/p>\n<p>Nous apprenons que, l\u2019appel \u00e0 candidature prend fin le 10 mai et le nouveau s\u00e9lectionneur des \u00e9l\u00e9phants A et son adjoint, devraient \u00eatre connus au plus tard le 11 mai prochain.<\/p>\n<p>Par ailleurs, le nouveau pr\u00e9sident de la FIF, Idriss Diallo, a lanc\u00e9 un autre appel \u00e0 candidature pour le poste de Commissaire aux comptes de l\u2019instance.<\/p>\n<p>Donatien Kautcha, Abidjan<\/p>\n<p><strong>Pour plus d&rsquo;informations et d&rsquo;analyses sur la <a href=\"https:\/\/www.africa-press.net\/cotedivoire\">C\u00f4te d&rsquo;Ivoire<\/a>, suivez <a href=\"https:\/\/www.africa-press.net\/\">Africa-Press<\/a><\/strong><\/p>\n","protected":false},"excerpt":{"rendered":"<p>Africa-Press &#8211; C\u00f4te d&rsquo;Ivoire. La succession \u00e0 Beaumelle est ouverte (Ph) Exit Patrice Beaumelle apr\u00e8s la non-qualification de la C\u00f4te d\u2019Ivoire pour le Mondial 2022 au Qatar et une \u00e9limination en huiti\u00e8me de finale de la CAN 2021 au Cameroun, le nouveau pr\u00e9sident de la F\u00e9d\u00e9ration Ivoirienne de Football (FIF), Idriss Diallo, lance un appel [&hellip;]<\/p>\n","protected":false},"author":82,"featured_media":34326,"comment_status":"open","ping_status":"closed","sticky":false,"template":"","format":"standard","meta":{"footnotes":""},"categories":[11,6,10],"tags":[56,63,2603,745,29,5854,859,1356,524,4772],"class_list":["post-34327","post","type-post","status-publish","format-standard","has-post-thumbnail","hentry","category-homepage-french","category-sports","category-toutes-les-actualites","tag-africa-press","tag-africa-press-cote-divoire","tag-appel","tag-candidature","tag-cote-divoire","tag-elephants-a","tag-fif","tag-idriss-diallo","tag-patrice-beaumelle","tag-selectionneur"],"yoast_head":"<!-- This site is optimized with the Yoast SEO Premium plugin v26.1 (Yoast SEO v27.0) - https:\/\/yoast.com\/product\/yoast-seo-premium-wordpress\/ -->\n<title>Un appel \u00e0 candidature au poste de s\u00e9lectionneur lanc\u00e9 pour la succession \u00e0 Beaumelle avec pour mission d&#039;atteindre au minimum les demi-finales de la CAN 2023 - C\u00f4te d&#039;Ivoire<\/title>\n<meta name=\"description\" content=\"La succession \u00e0 Beaumelle est ouverte (Ph) Exit Patrice Beaumelle apr\u00e8s la non-qualification de la C\u00f4te d\u2019Ivoire pour l ...\" \/>\n<meta name=\"robots\" content=\"index, follow, max-snippet:-1, max-image-preview:large, max-video-preview:-1\" \/>\n<link rel=\"canonical\" href=\"https:\/\/www.africa-press.net\/cotedivoire\/sports\/un-appel-a-candidature-au-poste-de-selectionneur-lance-pour-la-succession-a-beaumelle-avec-pour-mission-datteindre-au-minimum-les-demi-finales-de-la-can-2023\" \/>\n<meta property=\"og:locale\" content=\"fr_FR\" \/>\n<meta property=\"og:type\" content=\"article\" \/>\n<meta property=\"og:title\" content=\"Un appel \u00e0 candidature au poste de s\u00e9lectionneur lanc\u00e9 pour la succession \u00e0 Beaumelle avec pour mission d&#039;atteindre au minimum les demi-finales de la CAN 2023\" \/>\n<meta property=\"og:description\" content=\"La succession \u00e0 Beaumelle est ouverte (Ph) Exit Patrice Beaumelle apr\u00e8s la non-qualification de la C\u00f4te d\u2019Ivoire pour l ...\" \/>\n<meta property=\"og:url\" content=\"https:\/\/www.africa-press.net\/cotedivoire\/sports\/un-appel-a-candidature-au-poste-de-selectionneur-lance-pour-la-succession-a-beaumelle-avec-pour-mission-datteindre-au-minimum-les-demi-finales-de-la-can-2023\" \/>\n<meta property=\"og:site_name\" content=\"C\u00f4te d&#039;Ivoire\" \/>\n<meta property=\"article:published_time\" content=\"2022-05-05T17:34:02+00:00\" \/>\n<meta property=\"article:modified_time\" content=\"2022-05-05T18:19:29+00:00\" \/>\n<meta property=\"og:image\" content=\"https:\/\/static.africa-press.net\/cote\/sites\/43\/2022\/05\/postQueueImg_32-627415137ec80.jpg\" \/>\n\t<meta property=\"og:image:width\" content=\"720\" \/>\n\t<meta property=\"og:image:height\" content=\"428\" \/>\n\t<meta property=\"og:image:type\" content=\"image\/jpeg\" \/>\n<meta name=\"author\" content=\"cfeditorfr\" \/>\n<meta name=\"twitter:card\" content=\"summary_large_image\" \/>\n<meta name=\"twitter:label1\" content=\"\u00c9crit par\" \/>\n\t<meta name=\"twitter:data1\" content=\"cfeditorfr\" \/>\n\t<meta name=\"twitter:label2\" content=\"Dur\u00e9e de lecture estim\u00e9e\" \/>\n\t<meta name=\"twitter:data2\" content=\"2 minutes\" \/>\n<script type=\"application\/ld+json\" class=\"yoast-schema-graph\">{\"@context\":\"https:\/\/schema.org\",\"@graph\":[{\"@type\":\"Article\",\"@id\":\"https:\/\/www.africa-press.net\/cotedivoire\/sports\/un-appel-a-candidature-au-poste-de-selectionneur-lance-pour-la-succession-a-beaumelle-avec-pour-mission-datteindre-au-minimum-les-demi-finales-de-la-can-2023#article\",\"isPartOf\":{\"@id\":\"https:\/\/www.africa-press.net\/cotedivoire\/sports\/un-appel-a-candidature-au-poste-de-selectionneur-lance-pour-la-succession-a-beaumelle-avec-pour-mission-datteindre-au-minimum-les-demi-finales-de-la-can-2023\"},\"author\":{\"name\":\"cfeditorfr\",\"@id\":\"https:\/\/www.africa-press.net\/cotedivoire\/#\/schema\/person\/2b1cf3cd81a31e3cd26889ca66d677f1\"},\"headline\":\"Un appel \u00e0 candidature au poste de s\u00e9lectionneur lanc\u00e9 pour la succession \u00e0 Beaumelle avec pour mission d&rsquo;atteindre au minimum les demi-finales de la CAN 2023\",\"datePublished\":\"2022-05-05T17:34:02+00:00\",\"dateModified\":\"2022-05-05T18:19:29+00:00\",\"mainEntityOfPage\":{\"@id\":\"https:\/\/www.africa-press.net\/cotedivoire\/sports\/un-appel-a-candidature-au-poste-de-selectionneur-lance-pour-la-succession-a-beaumelle-avec-pour-mission-datteindre-au-minimum-les-demi-finales-de-la-can-2023\"},\"wordCount\":408,\"commentCount\":0,\"image\":{\"@id\":\"https:\/\/www.africa-press.net\/cotedivoire\/sports\/un-appel-a-candidature-au-poste-de-selectionneur-lance-pour-la-succession-a-beaumelle-avec-pour-mission-datteindre-au-minimum-les-demi-finales-de-la-can-2023#primaryimage\"},\"thumbnailUrl\":\"https:\/\/static.africa-press.net\/cote\/sites\/43\/2022\/05\/postQueueImg_32-627415137ec80.jpg\",\"keywords\":[\"Africa Press\",\"Africa Press-C\u00f4te d'Ivoire\",\"appel\",\"candidature\",\"C\u00d4TE D'IVOIRE\",\"\u00e9l\u00e9phants A\",\"FIF\",\"Idriss Diallo\",\"Patrice Beaumelle\",\"s\u00e9lectionneur\"],\"articleSection\":[\"homepage-french\",\"Sports\",\"Toutes les actualit\u00e9s\"],\"inLanguage\":\"fr-FR\",\"potentialAction\":[{\"@type\":\"CommentAction\",\"name\":\"Comment\",\"target\":[\"https:\/\/www.africa-press.net\/cotedivoire\/sports\/un-appel-a-candidature-au-poste-de-selectionneur-lance-pour-la-succession-a-beaumelle-avec-pour-mission-datteindre-au-minimum-les-demi-finales-de-la-can-2023#respond\"]}]},{\"@type\":\"WebPage\",\"@id\":\"https:\/\/www.africa-press.net\/cotedivoire\/sports\/un-appel-a-candidature-au-poste-de-selectionneur-lance-pour-la-succession-a-beaumelle-avec-pour-mission-datteindre-au-minimum-les-demi-finales-de-la-can-2023\",\"url\":\"https:\/\/www.africa-press.net\/cotedivoire\/sports\/un-appel-a-candidature-au-poste-de-selectionneur-lance-pour-la-succession-a-beaumelle-avec-pour-mission-datteindre-au-minimum-les-demi-finales-de-la-can-2023\",\"name\":\"Un appel \u00e0 candidature au poste de s\u00e9lectionneur lanc\u00e9 pour la succession \u00e0 Beaumelle avec pour mission d'atteindre au minimum les demi-finales de la CAN 2023 - C\u00f4te d&#039;Ivoire\",\"isPartOf\":{\"@id\":\"https:\/\/www.africa-press.net\/cotedivoire\/#website\"},\"primaryImageOfPage\":{\"@id\":\"https:\/\/www.africa-press.net\/cotedivoire\/sports\/un-appel-a-candidature-au-poste-de-selectionneur-lance-pour-la-succession-a-beaumelle-avec-pour-mission-datteindre-au-minimum-les-demi-finales-de-la-can-2023#primaryimage\"},\"image\":{\"@id\":\"https:\/\/www.africa-press.net\/cotedivoire\/sports\/un-appel-a-candidature-au-poste-de-selectionneur-lance-pour-la-succession-a-beaumelle-avec-pour-mission-datteindre-au-minimum-les-demi-finales-de-la-can-2023#primaryimage\"},\"thumbnailUrl\":\"https:\/\/static.africa-press.net\/cote\/sites\/43\/2022\/05\/postQueueImg_32-627415137ec80.jpg\",\"datePublished\":\"2022-05-05T17:34:02+00:00\",\"dateModified\":\"2022-05-05T18:19:29+00:00\",\"author\":{\"@id\":\"https:\/\/www.africa-press.net\/cotedivoire\/#\/schema\/person\/2b1cf3cd81a31e3cd26889ca66d677f1\"},\"description\":\"La succession \u00e0 Beaumelle est ouverte (Ph) Exit Patrice Beaumelle apr\u00e8s la non-qualification de la C\u00f4te d\u2019Ivoire pour l ...\",\"breadcrumb\":{\"@id\":\"https:\/\/www.africa-press.net\/cotedivoire\/sports\/un-appel-a-candidature-au-poste-de-selectionneur-lance-pour-la-succession-a-beaumelle-avec-pour-mission-datteindre-au-minimum-les-demi-finales-de-la-can-2023#breadcrumb\"},\"inLanguage\":\"fr-FR\",\"potentialAction\":[{\"@type\":\"ReadAction\",\"target\":[\"https:\/\/www.africa-press.net\/cotedivoire\/sports\/un-appel-a-candidature-au-poste-de-selectionneur-lance-pour-la-succession-a-beaumelle-avec-pour-mission-datteindre-au-minimum-les-demi-finales-de-la-can-2023\"]}]},{\"@type\":\"ImageObject\",\"inLanguage\":\"fr-FR\",\"@id\":\"https:\/\/www.africa-press.net\/cotedivoire\/sports\/un-appel-a-candidature-au-poste-de-selectionneur-lance-pour-la-succession-a-beaumelle-avec-pour-mission-datteindre-au-minimum-les-demi-finales-de-la-can-2023#primaryimage\",\"url\":\"https:\/\/static.africa-press.net\/cote\/sites\/43\/2022\/05\/postQueueImg_32-627415137ec80.jpg\",\"contentUrl\":\"https:\/\/static.africa-press.net\/cote\/sites\/43\/2022\/05\/postQueueImg_32-627415137ec80.jpg\",\"width\":720,\"height\":428,\"caption\":\"Un appel \u00e0 candidature au poste de s\u00e9lectionneur lanc\u00e9 pour la succession \u00e0 Beaumelle avec pour mission d'atteindre au minimum les demi-finales de la CAN 2023\"},{\"@type\":\"BreadcrumbList\",\"@id\":\"https:\/\/www.africa-press.net\/cotedivoire\/sports\/un-appel-a-candidature-au-poste-de-selectionneur-lance-pour-la-succession-a-beaumelle-avec-pour-mission-datteindre-au-minimum-les-demi-finales-de-la-can-2023#breadcrumb\",\"itemListElement\":[{\"@type\":\"ListItem\",\"position\":1,\"name\":\"Accueil\",\"item\":\"https:\/\/www.africa-press.net\/cotedivoire\/\"},{\"@type\":\"ListItem\",\"position\":2,\"name\":\"Un appel \u00e0 candidature au poste de s\u00e9lectionneur lanc\u00e9 pour la succession \u00e0 Beaumelle avec pour mission d&#8217;atteindre au minimum les demi-finales de la CAN 2023\"}]},{\"@type\":\"WebSite\",\"@id\":\"https:\/\/www.africa-press.net\/cotedivoire\/#website\",\"url\":\"https:\/\/www.africa-press.net\/cotedivoire\/\",\"name\":\"C\u00f4te d&#039;Ivoire\",\"description\":\"Just another Africa News Agency Sites site\",\"potentialAction\":[{\"@type\":\"SearchAction\",\"target\":{\"@type\":\"EntryPoint\",\"urlTemplate\":\"https:\/\/www.africa-press.net\/cotedivoire\/?s={search_term_string}\"},\"query-input\":{\"@type\":\"PropertyValueSpecification\",\"valueRequired\":true,\"valueName\":\"search_term_string\"}}],\"inLanguage\":\"fr-FR\"},{\"@type\":\"Person\",\"@id\":\"https:\/\/www.africa-press.net\/cotedivoire\/#\/schema\/person\/2b1cf3cd81a31e3cd26889ca66d677f1\",\"name\":\"cfeditorfr\"}]}<\/script>\n<!-- \/ Yoast SEO Premium plugin. -->","yoast_head_json":{"title":"Un appel \u00e0 candidature au poste de s\u00e9lectionneur lanc\u00e9 pour la succession \u00e0 Beaumelle avec pour mission d'atteindre au minimum les demi-finales de la CAN 2023 - C\u00f4te d&#039;Ivoire","description":"La succession \u00e0 Beaumelle est ouverte (Ph) Exit Patrice Beaumelle apr\u00e8s la non-qualification de la C\u00f4te d\u2019Ivoire pour l ...","robots":{"index":"index","follow":"follow","max-snippet":"max-snippet:-1","max-image-preview":"max-image-preview:large","max-video-preview":"max-video-preview:-1"},"canonical":"https:\/\/www.africa-press.net\/cotedivoire\/sports\/un-appel-a-candidature-au-poste-de-selectionneur-lance-pour-la-succession-a-beaumelle-avec-pour-mission-datteindre-au-minimum-les-demi-finales-de-la-can-2023","og_locale":"fr_FR","og_type":"article","og_title":"Un appel \u00e0 candidature au poste de s\u00e9lectionneur lanc\u00e9 pour la succession \u00e0 Beaumelle avec pour mission d'atteindre au minimum les demi-finales de la CAN 2023","og_description":"La succession \u00e0 Beaumelle est ouverte (Ph) Exit Patrice Beaumelle apr\u00e8s la non-qualification de la C\u00f4te d\u2019Ivoire pour l ...","og_url":"https:\/\/www.africa-press.net\/cotedivoire\/sports\/un-appel-a-candidature-au-poste-de-selectionneur-lance-pour-la-succession-a-beaumelle-avec-pour-mission-datteindre-au-minimum-les-demi-finales-de-la-can-2023","og_site_name":"C\u00f4te d&#039;Ivoire","article_published_time":"2022-05-05T17:34:02+00:00","article_modified_time":"2022-05-05T18:19:29+00:00","og_image":[{"width":720,"height":428,"url":"https:\/\/static.africa-press.net\/cote\/sites\/43\/2022\/05\/postQueueImg_32-627415137ec80.jpg","type":"image\/jpeg"}],"author":"cfeditorfr","twitter_card":"summary_large_image","twitter_misc":{"\u00c9crit par":"cfeditorfr","Dur\u00e9e de lecture estim\u00e9e":"2 minutes"},"schema":{"@context":"https:\/\/schema.org","@graph":[{"@type":"Article","@id":"https:\/\/www.africa-press.net\/cotedivoire\/sports\/un-appel-a-candidature-au-poste-de-selectionneur-lance-pour-la-succession-a-beaumelle-avec-pour-mission-datteindre-au-minimum-les-demi-finales-de-la-can-2023#article","isPartOf":{"@id":"https:\/\/www.africa-press.net\/cotedivoire\/sports\/un-appel-a-candidature-au-poste-de-selectionneur-lance-pour-la-succession-a-beaumelle-avec-pour-mission-datteindre-au-minimum-les-demi-finales-de-la-can-2023"},"author":{"name":"cfeditorfr","@id":"https:\/\/www.africa-press.net\/cotedivoire\/#\/schema\/person\/2b1cf3cd81a31e3cd26889ca66d677f1"},"headline":"Un appel \u00e0 candidature au poste de s\u00e9lectionneur lanc\u00e9 pour la succession \u00e0 Beaumelle avec pour mission d&rsquo;atteindre au minimum les demi-finales de la CAN 2023","datePublished":"2022-05-05T17:34:02+00:00","dateModified":"2022-05-05T18:19:29+00:00","mainEntityOfPage":{"@id":"https:\/\/www.africa-press.net\/cotedivoire\/sports\/un-appel-a-candidature-au-poste-de-selectionneur-lance-pour-la-succession-a-beaumelle-avec-pour-mission-datteindre-au-minimum-les-demi-finales-de-la-can-2023"},"wordCount":408,"commentCount":0,"image":{"@id":"https:\/\/www.africa-press.net\/cotedivoire\/sports\/un-appel-a-candidature-au-poste-de-selectionneur-lance-pour-la-succession-a-beaumelle-avec-pour-mission-datteindre-au-minimum-les-demi-finales-de-la-can-2023#primaryimage"},"thumbnailUrl":"https:\/\/static.africa-press.net\/cote\/sites\/43\/2022\/05\/postQueueImg_32-627415137ec80.jpg","keywords":["Africa Press","Africa Press-C\u00f4te d'Ivoire","appel","candidature","C\u00d4TE D'IVOIRE","\u00e9l\u00e9phants A","FIF","Idriss Diallo","Patrice Beaumelle","s\u00e9lectionneur"],"articleSection":["homepage-french","Sports","Toutes les actualit\u00e9s"],"inLanguage":"fr-FR","potentialAction":[{"@type":"CommentAction","name":"Comment","target":["https:\/\/www.africa-press.net\/cotedivoire\/sports\/un-appel-a-candidature-au-poste-de-selectionneur-lance-pour-la-succession-a-beaumelle-avec-pour-mission-datteindre-au-minimum-les-demi-finales-de-la-can-2023#respond"]}]},{"@type":"WebPage","@id":"https:\/\/www.africa-press.net\/cotedivoire\/sports\/un-appel-a-candidature-au-poste-de-selectionneur-lance-pour-la-succession-a-beaumelle-avec-pour-mission-datteindre-au-minimum-les-demi-finales-de-la-can-2023","url":"https:\/\/www.africa-press.net\/cotedivoire\/sports\/un-appel-a-candidature-au-poste-de-selectionneur-lance-pour-la-succession-a-beaumelle-avec-pour-mission-datteindre-au-minimum-les-demi-finales-de-la-can-2023","name":"Un appel \u00e0 candidature au poste de s\u00e9lectionneur lanc\u00e9 pour la succession \u00e0 Beaumelle avec pour mission d'atteindre au minimum les demi-finales de la CAN 2023 - C\u00f4te d&#039;Ivoire","isPartOf":{"@id":"https:\/\/www.africa-press.net\/cotedivoire\/#website"},"primaryImageOfPage":{"@id":"https:\/\/www.africa-press.net\/cotedivoire\/sports\/un-appel-a-candidature-au-poste-de-selectionneur-lance-pour-la-succession-a-beaumelle-avec-pour-mission-datteindre-au-minimum-les-demi-finales-de-la-can-2023#primaryimage"},"image":{"@id":"https:\/\/www.africa-press.net\/cotedivoire\/sports\/un-appel-a-candidature-au-poste-de-selectionneur-lance-pour-la-succession-a-beaumelle-avec-pour-mission-datteindre-au-minimum-les-demi-finales-de-la-can-2023#primaryimage"},"thumbnailUrl":"https:\/\/static.africa-press.net\/cote\/sites\/43\/2022\/05\/postQueueImg_32-627415137ec80.jpg","datePublished":"2022-05-05T17:34:02+00:00","dateModified":"2022-05-05T18:19:29+00:00","author":{"@id":"https:\/\/www.africa-press.net\/cotedivoire\/#\/schema\/person\/2b1cf3cd81a31e3cd26889ca66d677f1"},"description":"La succession \u00e0 Beaumelle est ouverte (Ph) Exit Patrice Beaumelle apr\u00e8s la non-qualification de la C\u00f4te d\u2019Ivoire pour l ...","breadcrumb":{"@id":"https:\/\/www.africa-press.net\/cotedivoire\/sports\/un-appel-a-candidature-au-poste-de-selectionneur-lance-pour-la-succession-a-beaumelle-avec-pour-mission-datteindre-au-minimum-les-demi-finales-de-la-can-2023#breadcrumb"},"inLanguage":"fr-FR","potentialAction":[{"@type":"ReadAction","target":["https:\/\/www.africa-press.net\/cotedivoire\/sports\/un-appel-a-candidature-au-poste-de-selectionneur-lance-pour-la-succession-a-beaumelle-avec-pour-mission-datteindre-au-minimum-les-demi-finales-de-la-can-2023"]}]},{"@type":"ImageObject","inLanguage":"fr-FR","@id":"https:\/\/www.africa-press.net\/cotedivoire\/sports\/un-appel-a-candidature-au-poste-de-selectionneur-lance-pour-la-succession-a-beaumelle-avec-pour-mission-datteindre-au-minimum-les-demi-finales-de-la-can-2023#primaryimage","url":"https:\/\/static.africa-press.net\/cote\/sites\/43\/2022\/05\/postQueueImg_32-627415137ec80.jpg","contentUrl":"https:\/\/static.africa-press.net\/cote\/sites\/43\/2022\/05\/postQueueImg_32-627415137ec80.jpg","width":720,"height":428,"caption":"Un appel \u00e0 candidature au poste de s\u00e9lectionneur lanc\u00e9 pour la succession \u00e0 Beaumelle avec pour mission d'atteindre au minimum les demi-finales de la CAN 2023"},{"@type":"BreadcrumbList","@id":"https:\/\/www.africa-press.net\/cotedivoire\/sports\/un-appel-a-candidature-au-poste-de-selectionneur-lance-pour-la-succession-a-beaumelle-avec-pour-mission-datteindre-au-minimum-les-demi-finales-de-la-can-2023#breadcrumb","itemListElement":[{"@type":"ListItem","position":1,"name":"Accueil","item":"https:\/\/www.africa-press.net\/cotedivoire\/"},{"@type":"ListItem","position":2,"name":"Un appel \u00e0 candidature au poste de s\u00e9lectionneur lanc\u00e9 pour la succession \u00e0 Beaumelle avec pour mission d&#8217;atteindre au minimum les demi-finales de la CAN 2023"}]},{"@type":"WebSite","@id":"https:\/\/www.africa-press.net\/cotedivoire\/#website","url":"https:\/\/www.africa-press.net\/cotedivoire\/","name":"C\u00f4te d&#039;Ivoire","description":"Just another Africa News Agency Sites site","potentialAction":[{"@type":"SearchAction","target":{"@type":"EntryPoint","urlTemplate":"https:\/\/www.africa-press.net\/cotedivoire\/?s={search_term_string}"},"query-input":{"@type":"PropertyValueSpecification","valueRequired":true,"valueName":"search_term_string"}}],"inLanguage":"fr-FR"},{"@type":"Person","@id":"https:\/\/www.africa-press.net\/cotedivoire\/#\/schema\/person\/2b1cf3cd81a31e3cd26889ca66d677f1","name":"cfeditorfr"}]}},"_links":{"self":[{"href":"https:\/\/www.africa-press.net\/cotedivoire\/wp-json\/wp\/v2\/posts\/34327","targetHints":{"allow":["GET"]}}],"collection":[{"href":"https:\/\/www.africa-press.net\/cotedivoire\/wp-json\/wp\/v2\/posts"}],"about":[{"href":"https:\/\/www.africa-press.net\/cotedivoire\/wp-json\/wp\/v2\/types\/post"}],"author":[{"embeddable":true,"href":"https:\/\/www.africa-press.net\/cotedivoire\/wp-json\/wp\/v2\/users\/82"}],"replies":[{"embeddable":true,"href":"https:\/\/www.africa-press.net\/cotedivoire\/wp-json\/wp\/v2\/comments?post=34327"}],"version-history":[{"count":0,"href":"https:\/\/www.africa-press.net\/cotedivoire\/wp-json\/wp\/v2\/posts\/34327\/revisions"}],"wp:featuredmedia":[{"embeddable":true,"href":"https:\/\/www.africa-press.net\/cotedivoire\/wp-json\/wp\/v2\/media\/34326"}],"wp:attachment":[{"href":"https:\/\/www.africa-press.net\/cotedivoire\/wp-json\/wp\/v2\/media?parent=34327"}],"wp:term":[{"taxonomy":"category","embeddable":true,"href":"https:\/\/www.africa-press.net\/cotedivoire\/wp-json\/wp\/v2\/categories?post=34327"},{"taxonomy":"post_tag","embeddable":true,"href":"https:\/\/www.africa-press.net\/cotedivoire\/wp-json\/wp\/v2\/tags?post=34327"}],"curies":[{"name":"wp","href":"https:\/\/api.w.org\/{rel}","templated":true}]}}