{"id":34522,"date":"2022-05-06T16:34:42","date_gmt":"2022-05-06T16:34:42","guid":{"rendered":"https:\/\/www.africa-press.net\/cotedivoire\/politique\/justice-sansan-kambile-remet-468-toges-aux-magistrats-dun-montant-de-400-millions-de-fcfa-finances-par-le-budget-de-letat-2"},"modified":"2022-05-07T17:10:27","modified_gmt":"2022-05-07T17:10:27","slug":"justice-sansan-kambile-remet-468-toges-aux-magistrats-dun-montant-de-400-millions-de-fcfa-finances-par-le-budget-de-letat-2","status":"publish","type":"post","link":"https:\/\/www.africa-press.net\/cotedivoire\/politique\/justice-sansan-kambile-remet-468-toges-aux-magistrats-dun-montant-de-400-millions-de-fcfa-finances-par-le-budget-de-letat-2","title":{"rendered":"Justice, Sansan Kambil\u00e9 remet 468 toges aux magistrats d&rsquo;un montant de 400 millions de FCFA financ\u00e9s par le Budget de l&rsquo;Etat"},"content":{"rendered":"<p><span style=\"color: #ff6600\"><strong>Africa-Press &#8211; C\u00f4te d&rsquo;Ivoire. <\/strong><\/span>La salle des pas perdus du palais de la Justice du Plateau a servi de cadre \u00e0 une c\u00e9r\u00e9monie de remise de toges aux magistrats pr\u00e9sid\u00e9e par le Garde des Sceaux, ministre de la Justice et des Droits de l\u2019Homme, Jean Sansan Kambil\u00e9.<\/p>\n<p>L&rsquo;un des outils essentiels de travail des magistrats est le costume. Selon Jean Sansan Kambil\u00e9, le costume pour le magistrat rev\u00eat un sens particulier : il symbolise la solennit\u00e9 et la dignit\u00e9 rattach\u00e9es \u00e0 son serment et \u00e0 ses obligations de rendre la justice au nom du peuple en toute impartialit\u00e9.<\/p>\n<p>\u00abLa justice, en effet, est toujours rendue en robe. Pourtant, que de difficult\u00e9s pour les juridictions dans la constitution des formations de jugement, li\u00e9es au d\u00e9ficit de toges. Ce probl\u00e8me est d\u00e9sormais r\u00e9solu. Chaque magistrat, d\u2019une formation de jugement pourra \u00e0 pr\u00e9sent prendre son audience, en toute s\u00e9r\u00e9nit\u00e9, sans avoir \u00e0 rechercher une toge \u00bb, a-t-il expliqu\u00e9.<\/p>\n<p>La c\u00e9r\u00e9monie de ce jour, a consist\u00e9 \u00e0 la remise officielle de 468 toges de magistrat d\u2019un montant de 400 millions de FCFA financ\u00e9s par le Budget de l\u2019Etat ont \u00e9t\u00e9 remises.<\/p>\n<p>Ces toges sont compos\u00e9es de 325 toges noires et de 143 toges rouges. Sur les 468 toges, 287 ont \u00e9t\u00e9 distribu\u00e9es dont 195 noires et 92 rouges. Il restera ainsi en r\u00e9serve 187 toges constitu\u00e9es de 130 noires et de 57 rouges.<\/p>\n<p>Le Garde des sceaux a mentionn\u00e9 que les dotations de ce jour ne sont pas un acte isol\u00e9, car elles s\u2019inscrivent dans un programme de mise \u00e0 disposition des acteurs judiciaires de moyens n\u00e9cessaires \u00e0 l\u2019exercice de leurs fonctions.<\/p>\n<p>Il a annonc\u00e9 qu&rsquo;il proc\u00e9dera dans quelques semaines \u00e0 la remise de v\u00e9hicules aux greffiers en chef et ce processus sera poursuivi par l\u2019ach\u00e8vement de la mise \u00e0 disposition du personnel p\u00e9nitentiaire des uniformes.<\/p>\n<p>Jean Sansan Kambil\u00e9 a enfin pris l\u2019engagement de poursuivre les efforts, avec l\u2019appui, de ses \u00e9quipes, pour l\u2019am\u00e9lioration des conditions de travail des magistrats.<\/p>\n<p>\u00abJe n\u2019ai aucun doute que vous saurez prendre soin des costumes qui vous ont \u00e9t\u00e9 remis. Je sais \u00e9galement compter sur votre capacit\u00e9 \u00e0 vous transcender pour continuer \u00e0 faire avancer la Justice \u00bb, a soutenu le ministre de la Justice.<\/p>\n<p>Il a \u00e0 l&rsquo;occasion affirm\u00e9 que longtemps sinistr\u00e9e, la Justice a aujourd\u2019hui fi\u00e8re allure avec ses infrastructures et son cadre institutionnel, qui ont connu des avanc\u00e9es notables ces derni\u00e8res ann\u00e9es.<\/p>\n<p>Selon lui, cette am\u00e9lioration significative proc\u00e8de de la vision de d\u00e9veloppement du Pr\u00e9sident de la R\u00e9publique, Alassane Ouattara, que met en \u0153uvre le Gouvernement sous l\u2019autorit\u00e9 du Premier ministre, Patrick Achi.<\/p>\n<p>\u00ab Qu&rsquo;il me soit donc permis, \u00e0 ce stade de mon propos, en votre nom, d\u2019adresser nos plus vifs remerciements au Chef de l\u2019Etat pour sa bienveillante attention \u00e0 l\u2019\u00e9gard de la Justice, ainsi qu\u2019au Chef du Gouvernement, pour l\u2019oreille attentive qu\u2019il a toujours pr\u00eat\u00e9e aux questions touchant \u00e0 la Justice \u00bb, a ajout\u00e9 le Garde des sceaux.<\/p>\n<p>Les progr\u00e8s r\u00e9alis\u00e9s dans le secteur judiciaire, m\u00eame si beaucoup reste \u00e0 faire, sont ind\u00e9niables. Jean Sansan Kambil\u00e9 a rappel\u00e9, la construction de nouvelles juridictions, d\u2019un nouveau si\u00e8ge pour l\u2019Institut National de Formation Judiciaire, \u00e0 la dimension du pouvoir judiciaire, ainsi que les diverses dotations en mobiliers de bureau, en moyens de mobilit\u00e9, en \u00e9quipements informatiques, ont am\u00e9lior\u00e9 la qualit\u00e9 du service public de la Justice.<\/p>\n<p>Il a \u00e9galement relev\u00e9 les r\u00e9formes textuelles majeures intervenues r\u00e9cemment, notamment la loi portant Statut de la Magistrature ainsi que la loi organique relative au Conseil Sup\u00e9rieur de la Magistrature.<\/p>\n<p>\u00abTous ces progr\u00e8s ont n\u00e9cessit\u00e9 d\u2019importants moyens financiers que l\u2019Etat a bien voulu mettre \u00e0 disposition pour permettre \u00e0 notre secteur de remplir efficacement ses missions. Comment ne pas \u00eatre l\u00e9gitimement fier des r\u00e9sultats obtenus en moins d\u2019une d\u00e9cennie ! \u00bb, a insist\u00e9, le ministre.<\/p>\n<p>Le Premier Pr\u00e9sident de la cour d&rsquo;appel d&rsquo;Abidjan, a exprim\u00e9 sa gratitude au ministre pour ses actions en faveur des magistrats.<\/p>\n<p><strong>Pour plus d&rsquo;informations et d&rsquo;analyses sur la <a href=\"https:\/\/www.africa-press.net\/cotedivoire\">C\u00f4te d&rsquo;Ivoire<\/a>, suivez <a href=\"https:\/\/www.africa-press.net\/\">Africa-Press<\/a><\/strong><\/p>\n","protected":false},"excerpt":{"rendered":"<p>Africa-Press &#8211; C\u00f4te d&rsquo;Ivoire. La salle des pas perdus du palais de la Justice du Plateau a servi de cadre \u00e0 une c\u00e9r\u00e9monie de remise de toges aux magistrats pr\u00e9sid\u00e9e par le Garde des Sceaux, ministre de la Justice et des Droits de l\u2019Homme, Jean Sansan Kambil\u00e9. L&rsquo;un des outils essentiels de travail des magistrats [&hellip;]<\/p>\n","protected":false},"author":82,"featured_media":34521,"comment_status":"open","ping_status":"closed","sticky":false,"template":"","format":"standard","meta":{"footnotes":""},"categories":[11,2,10],"tags":[56,63,29,3215,5914,5912,5913],"class_list":["post-34522","post","type-post","status-publish","format-standard","has-post-thumbnail","hentry","category-homepage-french","category-politique","category-toutes-les-actualites","tag-africa-press","tag-africa-press-cote-divoire","tag-cote-divoire","tag-cour-dappel","tag-jean-sansan-kambile","tag-magistrat","tag-toge"],"yoast_head":"<!-- This site is optimized with the Yoast SEO Premium plugin v26.1 (Yoast SEO v27.0) - https:\/\/yoast.com\/product\/yoast-seo-premium-wordpress\/ -->\n<title>Justice, Sansan Kambil\u00e9 remet 468 toges aux magistrats d&#039;un montant de 400 millions de FCFA financ\u00e9s par le Budget de l&#039;Etat - C\u00f4te d&#039;Ivoire<\/title>\n<meta name=\"description\" content=\"La salle des pas perdus du palais de la Justice du Plateau a servi de cadre \u00e0 une c\u00e9r\u00e9monie de remise de toges aux magis ...\" \/>\n<meta name=\"robots\" content=\"index, follow, max-snippet:-1, max-image-preview:large, max-video-preview:-1\" \/>\n<link rel=\"canonical\" href=\"https:\/\/www.africa-press.net\/cotedivoire\/politique\/justice-sansan-kambile-remet-468-toges-aux-magistrats-dun-montant-de-400-millions-de-fcfa-finances-par-le-budget-de-letat-2\" \/>\n<meta property=\"og:locale\" content=\"fr_FR\" \/>\n<meta property=\"og:type\" content=\"article\" \/>\n<meta property=\"og:title\" content=\"Justice, Sansan Kambil\u00e9 remet 468 toges aux magistrats d&#039;un montant de 400 millions de FCFA financ\u00e9s par le Budget de l&#039;Etat\" \/>\n<meta property=\"og:description\" content=\"La salle des pas perdus du palais de la Justice du Plateau a servi de cadre \u00e0 une c\u00e9r\u00e9monie de remise de toges aux magis ...\" \/>\n<meta property=\"og:url\" content=\"https:\/\/www.africa-press.net\/cotedivoire\/politique\/justice-sansan-kambile-remet-468-toges-aux-magistrats-dun-montant-de-400-millions-de-fcfa-finances-par-le-budget-de-letat-2\" \/>\n<meta property=\"og:site_name\" content=\"C\u00f4te d&#039;Ivoire\" \/>\n<meta property=\"article:published_time\" content=\"2022-05-06T16:34:42+00:00\" \/>\n<meta property=\"article:modified_time\" content=\"2022-05-07T17:10:27+00:00\" \/>\n<meta property=\"og:image\" content=\"https:\/\/static.africa-press.net\/cote\/sites\/43\/2022\/05\/postQueueImg_3-6276a7d84f2a1.jpg\" \/>\n\t<meta property=\"og:image:width\" content=\"720\" \/>\n\t<meta property=\"og:image:height\" content=\"452\" \/>\n\t<meta property=\"og:image:type\" content=\"image\/jpeg\" \/>\n<meta name=\"author\" content=\"cfeditorfr\" \/>\n<meta name=\"twitter:card\" content=\"summary_large_image\" \/>\n<meta name=\"twitter:label1\" content=\"\u00c9crit par\" \/>\n\t<meta name=\"twitter:data1\" content=\"cfeditorfr\" \/>\n\t<meta name=\"twitter:label2\" content=\"Dur\u00e9e de lecture estim\u00e9e\" \/>\n\t<meta name=\"twitter:data2\" content=\"4 minutes\" \/>\n<script type=\"application\/ld+json\" class=\"yoast-schema-graph\">{\"@context\":\"https:\/\/schema.org\",\"@graph\":[{\"@type\":\"Article\",\"@id\":\"https:\/\/www.africa-press.net\/cotedivoire\/politique\/justice-sansan-kambile-remet-468-toges-aux-magistrats-dun-montant-de-400-millions-de-fcfa-finances-par-le-budget-de-letat-2#article\",\"isPartOf\":{\"@id\":\"https:\/\/www.africa-press.net\/cotedivoire\/politique\/justice-sansan-kambile-remet-468-toges-aux-magistrats-dun-montant-de-400-millions-de-fcfa-finances-par-le-budget-de-letat-2\"},\"author\":{\"name\":\"cfeditorfr\",\"@id\":\"https:\/\/www.africa-press.net\/cotedivoire\/#\/schema\/person\/2b1cf3cd81a31e3cd26889ca66d677f1\"},\"headline\":\"Justice, Sansan Kambil\u00e9 remet 468 toges aux magistrats d&rsquo;un montant de 400 millions de FCFA financ\u00e9s par le Budget de l&rsquo;Etat\",\"datePublished\":\"2022-05-06T16:34:42+00:00\",\"dateModified\":\"2022-05-07T17:10:27+00:00\",\"mainEntityOfPage\":{\"@id\":\"https:\/\/www.africa-press.net\/cotedivoire\/politique\/justice-sansan-kambile-remet-468-toges-aux-magistrats-dun-montant-de-400-millions-de-fcfa-finances-par-le-budget-de-letat-2\"},\"wordCount\":735,\"commentCount\":0,\"image\":{\"@id\":\"https:\/\/www.africa-press.net\/cotedivoire\/politique\/justice-sansan-kambile-remet-468-toges-aux-magistrats-dun-montant-de-400-millions-de-fcfa-finances-par-le-budget-de-letat-2#primaryimage\"},\"thumbnailUrl\":\"https:\/\/static.africa-press.net\/cote\/sites\/43\/2022\/05\/postQueueImg_3-6276a7d84f2a1.jpg\",\"keywords\":[\"Africa Press\",\"Africa Press-C\u00f4te d'Ivoire\",\"C\u00d4TE D'IVOIRE\",\"cour d'appel\",\"Jean Sansan Kambil\u00e9\",\"magistrat\",\"toge\"],\"articleSection\":[\"homepage-french\",\"Politique\",\"Toutes les actualit\u00e9s\"],\"inLanguage\":\"fr-FR\",\"potentialAction\":[{\"@type\":\"CommentAction\",\"name\":\"Comment\",\"target\":[\"https:\/\/www.africa-press.net\/cotedivoire\/politique\/justice-sansan-kambile-remet-468-toges-aux-magistrats-dun-montant-de-400-millions-de-fcfa-finances-par-le-budget-de-letat-2#respond\"]}]},{\"@type\":\"WebPage\",\"@id\":\"https:\/\/www.africa-press.net\/cotedivoire\/politique\/justice-sansan-kambile-remet-468-toges-aux-magistrats-dun-montant-de-400-millions-de-fcfa-finances-par-le-budget-de-letat-2\",\"url\":\"https:\/\/www.africa-press.net\/cotedivoire\/politique\/justice-sansan-kambile-remet-468-toges-aux-magistrats-dun-montant-de-400-millions-de-fcfa-finances-par-le-budget-de-letat-2\",\"name\":\"Justice, Sansan Kambil\u00e9 remet 468 toges aux magistrats d'un montant de 400 millions de FCFA financ\u00e9s par le Budget de l'Etat - C\u00f4te d&#039;Ivoire\",\"isPartOf\":{\"@id\":\"https:\/\/www.africa-press.net\/cotedivoire\/#website\"},\"primaryImageOfPage\":{\"@id\":\"https:\/\/www.africa-press.net\/cotedivoire\/politique\/justice-sansan-kambile-remet-468-toges-aux-magistrats-dun-montant-de-400-millions-de-fcfa-finances-par-le-budget-de-letat-2#primaryimage\"},\"image\":{\"@id\":\"https:\/\/www.africa-press.net\/cotedivoire\/politique\/justice-sansan-kambile-remet-468-toges-aux-magistrats-dun-montant-de-400-millions-de-fcfa-finances-par-le-budget-de-letat-2#primaryimage\"},\"thumbnailUrl\":\"https:\/\/static.africa-press.net\/cote\/sites\/43\/2022\/05\/postQueueImg_3-6276a7d84f2a1.jpg\",\"datePublished\":\"2022-05-06T16:34:42+00:00\",\"dateModified\":\"2022-05-07T17:10:27+00:00\",\"author\":{\"@id\":\"https:\/\/www.africa-press.net\/cotedivoire\/#\/schema\/person\/2b1cf3cd81a31e3cd26889ca66d677f1\"},\"description\":\"La salle des pas perdus du palais de la Justice du Plateau a servi de cadre \u00e0 une c\u00e9r\u00e9monie de remise de toges aux magis ...\",\"breadcrumb\":{\"@id\":\"https:\/\/www.africa-press.net\/cotedivoire\/politique\/justice-sansan-kambile-remet-468-toges-aux-magistrats-dun-montant-de-400-millions-de-fcfa-finances-par-le-budget-de-letat-2#breadcrumb\"},\"inLanguage\":\"fr-FR\",\"potentialAction\":[{\"@type\":\"ReadAction\",\"target\":[\"https:\/\/www.africa-press.net\/cotedivoire\/politique\/justice-sansan-kambile-remet-468-toges-aux-magistrats-dun-montant-de-400-millions-de-fcfa-finances-par-le-budget-de-letat-2\"]}]},{\"@type\":\"ImageObject\",\"inLanguage\":\"fr-FR\",\"@id\":\"https:\/\/www.africa-press.net\/cotedivoire\/politique\/justice-sansan-kambile-remet-468-toges-aux-magistrats-dun-montant-de-400-millions-de-fcfa-finances-par-le-budget-de-letat-2#primaryimage\",\"url\":\"https:\/\/static.africa-press.net\/cote\/sites\/43\/2022\/05\/postQueueImg_3-6276a7d84f2a1.jpg\",\"contentUrl\":\"https:\/\/static.africa-press.net\/cote\/sites\/43\/2022\/05\/postQueueImg_3-6276a7d84f2a1.jpg\",\"width\":720,\"height\":452,\"caption\":\"Justice, Sansan Kambil\u00e9 remet 468 toges aux magistrats d'un montant de 400 millions de FCFA financ\u00e9s par le Budget de l'Etat\"},{\"@type\":\"BreadcrumbList\",\"@id\":\"https:\/\/www.africa-press.net\/cotedivoire\/politique\/justice-sansan-kambile-remet-468-toges-aux-magistrats-dun-montant-de-400-millions-de-fcfa-finances-par-le-budget-de-letat-2#breadcrumb\",\"itemListElement\":[{\"@type\":\"ListItem\",\"position\":1,\"name\":\"Accueil\",\"item\":\"https:\/\/www.africa-press.net\/cotedivoire\/\"},{\"@type\":\"ListItem\",\"position\":2,\"name\":\"Justice, Sansan Kambil\u00e9 remet 468 toges aux magistrats d&#8217;un montant de 400 millions de FCFA financ\u00e9s par le Budget de l&#8217;Etat\"}]},{\"@type\":\"WebSite\",\"@id\":\"https:\/\/www.africa-press.net\/cotedivoire\/#website\",\"url\":\"https:\/\/www.africa-press.net\/cotedivoire\/\",\"name\":\"C\u00f4te d&#039;Ivoire\",\"description\":\"Just another Africa News Agency Sites site\",\"potentialAction\":[{\"@type\":\"SearchAction\",\"target\":{\"@type\":\"EntryPoint\",\"urlTemplate\":\"https:\/\/www.africa-press.net\/cotedivoire\/?s={search_term_string}\"},\"query-input\":{\"@type\":\"PropertyValueSpecification\",\"valueRequired\":true,\"valueName\":\"search_term_string\"}}],\"inLanguage\":\"fr-FR\"},{\"@type\":\"Person\",\"@id\":\"https:\/\/www.africa-press.net\/cotedivoire\/#\/schema\/person\/2b1cf3cd81a31e3cd26889ca66d677f1\",\"name\":\"cfeditorfr\"}]}<\/script>\n<!-- \/ Yoast SEO Premium plugin. -->","yoast_head_json":{"title":"Justice, Sansan Kambil\u00e9 remet 468 toges aux magistrats d'un montant de 400 millions de FCFA financ\u00e9s par le Budget de l'Etat - C\u00f4te d&#039;Ivoire","description":"La salle des pas perdus du palais de la Justice du Plateau a servi de cadre \u00e0 une c\u00e9r\u00e9monie de remise de toges aux magis ...","robots":{"index":"index","follow":"follow","max-snippet":"max-snippet:-1","max-image-preview":"max-image-preview:large","max-video-preview":"max-video-preview:-1"},"canonical":"https:\/\/www.africa-press.net\/cotedivoire\/politique\/justice-sansan-kambile-remet-468-toges-aux-magistrats-dun-montant-de-400-millions-de-fcfa-finances-par-le-budget-de-letat-2","og_locale":"fr_FR","og_type":"article","og_title":"Justice, Sansan Kambil\u00e9 remet 468 toges aux magistrats d'un montant de 400 millions de FCFA financ\u00e9s par le Budget de l'Etat","og_description":"La salle des pas perdus du palais de la Justice du Plateau a servi de cadre \u00e0 une c\u00e9r\u00e9monie de remise de toges aux magis ...","og_url":"https:\/\/www.africa-press.net\/cotedivoire\/politique\/justice-sansan-kambile-remet-468-toges-aux-magistrats-dun-montant-de-400-millions-de-fcfa-finances-par-le-budget-de-letat-2","og_site_name":"C\u00f4te d&#039;Ivoire","article_published_time":"2022-05-06T16:34:42+00:00","article_modified_time":"2022-05-07T17:10:27+00:00","og_image":[{"width":720,"height":452,"url":"https:\/\/static.africa-press.net\/cote\/sites\/43\/2022\/05\/postQueueImg_3-6276a7d84f2a1.jpg","type":"image\/jpeg"}],"author":"cfeditorfr","twitter_card":"summary_large_image","twitter_misc":{"\u00c9crit par":"cfeditorfr","Dur\u00e9e de lecture estim\u00e9e":"4 minutes"},"schema":{"@context":"https:\/\/schema.org","@graph":[{"@type":"Article","@id":"https:\/\/www.africa-press.net\/cotedivoire\/politique\/justice-sansan-kambile-remet-468-toges-aux-magistrats-dun-montant-de-400-millions-de-fcfa-finances-par-le-budget-de-letat-2#article","isPartOf":{"@id":"https:\/\/www.africa-press.net\/cotedivoire\/politique\/justice-sansan-kambile-remet-468-toges-aux-magistrats-dun-montant-de-400-millions-de-fcfa-finances-par-le-budget-de-letat-2"},"author":{"name":"cfeditorfr","@id":"https:\/\/www.africa-press.net\/cotedivoire\/#\/schema\/person\/2b1cf3cd81a31e3cd26889ca66d677f1"},"headline":"Justice, Sansan Kambil\u00e9 remet 468 toges aux magistrats d&rsquo;un montant de 400 millions de FCFA financ\u00e9s par le Budget de l&rsquo;Etat","datePublished":"2022-05-06T16:34:42+00:00","dateModified":"2022-05-07T17:10:27+00:00","mainEntityOfPage":{"@id":"https:\/\/www.africa-press.net\/cotedivoire\/politique\/justice-sansan-kambile-remet-468-toges-aux-magistrats-dun-montant-de-400-millions-de-fcfa-finances-par-le-budget-de-letat-2"},"wordCount":735,"commentCount":0,"image":{"@id":"https:\/\/www.africa-press.net\/cotedivoire\/politique\/justice-sansan-kambile-remet-468-toges-aux-magistrats-dun-montant-de-400-millions-de-fcfa-finances-par-le-budget-de-letat-2#primaryimage"},"thumbnailUrl":"https:\/\/static.africa-press.net\/cote\/sites\/43\/2022\/05\/postQueueImg_3-6276a7d84f2a1.jpg","keywords":["Africa Press","Africa Press-C\u00f4te d'Ivoire","C\u00d4TE D'IVOIRE","cour d'appel","Jean Sansan Kambil\u00e9","magistrat","toge"],"articleSection":["homepage-french","Politique","Toutes les actualit\u00e9s"],"inLanguage":"fr-FR","potentialAction":[{"@type":"CommentAction","name":"Comment","target":["https:\/\/www.africa-press.net\/cotedivoire\/politique\/justice-sansan-kambile-remet-468-toges-aux-magistrats-dun-montant-de-400-millions-de-fcfa-finances-par-le-budget-de-letat-2#respond"]}]},{"@type":"WebPage","@id":"https:\/\/www.africa-press.net\/cotedivoire\/politique\/justice-sansan-kambile-remet-468-toges-aux-magistrats-dun-montant-de-400-millions-de-fcfa-finances-par-le-budget-de-letat-2","url":"https:\/\/www.africa-press.net\/cotedivoire\/politique\/justice-sansan-kambile-remet-468-toges-aux-magistrats-dun-montant-de-400-millions-de-fcfa-finances-par-le-budget-de-letat-2","name":"Justice, Sansan Kambil\u00e9 remet 468 toges aux magistrats d'un montant de 400 millions de FCFA financ\u00e9s par le Budget de l'Etat - C\u00f4te d&#039;Ivoire","isPartOf":{"@id":"https:\/\/www.africa-press.net\/cotedivoire\/#website"},"primaryImageOfPage":{"@id":"https:\/\/www.africa-press.net\/cotedivoire\/politique\/justice-sansan-kambile-remet-468-toges-aux-magistrats-dun-montant-de-400-millions-de-fcfa-finances-par-le-budget-de-letat-2#primaryimage"},"image":{"@id":"https:\/\/www.africa-press.net\/cotedivoire\/politique\/justice-sansan-kambile-remet-468-toges-aux-magistrats-dun-montant-de-400-millions-de-fcfa-finances-par-le-budget-de-letat-2#primaryimage"},"thumbnailUrl":"https:\/\/static.africa-press.net\/cote\/sites\/43\/2022\/05\/postQueueImg_3-6276a7d84f2a1.jpg","datePublished":"2022-05-06T16:34:42+00:00","dateModified":"2022-05-07T17:10:27+00:00","author":{"@id":"https:\/\/www.africa-press.net\/cotedivoire\/#\/schema\/person\/2b1cf3cd81a31e3cd26889ca66d677f1"},"description":"La salle des pas perdus du palais de la Justice du Plateau a servi de cadre \u00e0 une c\u00e9r\u00e9monie de remise de toges aux magis ...","breadcrumb":{"@id":"https:\/\/www.africa-press.net\/cotedivoire\/politique\/justice-sansan-kambile-remet-468-toges-aux-magistrats-dun-montant-de-400-millions-de-fcfa-finances-par-le-budget-de-letat-2#breadcrumb"},"inLanguage":"fr-FR","potentialAction":[{"@type":"ReadAction","target":["https:\/\/www.africa-press.net\/cotedivoire\/politique\/justice-sansan-kambile-remet-468-toges-aux-magistrats-dun-montant-de-400-millions-de-fcfa-finances-par-le-budget-de-letat-2"]}]},{"@type":"ImageObject","inLanguage":"fr-FR","@id":"https:\/\/www.africa-press.net\/cotedivoire\/politique\/justice-sansan-kambile-remet-468-toges-aux-magistrats-dun-montant-de-400-millions-de-fcfa-finances-par-le-budget-de-letat-2#primaryimage","url":"https:\/\/static.africa-press.net\/cote\/sites\/43\/2022\/05\/postQueueImg_3-6276a7d84f2a1.jpg","contentUrl":"https:\/\/static.africa-press.net\/cote\/sites\/43\/2022\/05\/postQueueImg_3-6276a7d84f2a1.jpg","width":720,"height":452,"caption":"Justice, Sansan Kambil\u00e9 remet 468 toges aux magistrats d'un montant de 400 millions de FCFA financ\u00e9s par le Budget de l'Etat"},{"@type":"BreadcrumbList","@id":"https:\/\/www.africa-press.net\/cotedivoire\/politique\/justice-sansan-kambile-remet-468-toges-aux-magistrats-dun-montant-de-400-millions-de-fcfa-finances-par-le-budget-de-letat-2#breadcrumb","itemListElement":[{"@type":"ListItem","position":1,"name":"Accueil","item":"https:\/\/www.africa-press.net\/cotedivoire\/"},{"@type":"ListItem","position":2,"name":"Justice, Sansan Kambil\u00e9 remet 468 toges aux magistrats d&#8217;un montant de 400 millions de FCFA financ\u00e9s par le Budget de l&#8217;Etat"}]},{"@type":"WebSite","@id":"https:\/\/www.africa-press.net\/cotedivoire\/#website","url":"https:\/\/www.africa-press.net\/cotedivoire\/","name":"C\u00f4te d&#039;Ivoire","description":"Just another Africa News Agency Sites site","potentialAction":[{"@type":"SearchAction","target":{"@type":"EntryPoint","urlTemplate":"https:\/\/www.africa-press.net\/cotedivoire\/?s={search_term_string}"},"query-input":{"@type":"PropertyValueSpecification","valueRequired":true,"valueName":"search_term_string"}}],"inLanguage":"fr-FR"},{"@type":"Person","@id":"https:\/\/www.africa-press.net\/cotedivoire\/#\/schema\/person\/2b1cf3cd81a31e3cd26889ca66d677f1","name":"cfeditorfr"}]}},"_links":{"self":[{"href":"https:\/\/www.africa-press.net\/cotedivoire\/wp-json\/wp\/v2\/posts\/34522","targetHints":{"allow":["GET"]}}],"collection":[{"href":"https:\/\/www.africa-press.net\/cotedivoire\/wp-json\/wp\/v2\/posts"}],"about":[{"href":"https:\/\/www.africa-press.net\/cotedivoire\/wp-json\/wp\/v2\/types\/post"}],"author":[{"embeddable":true,"href":"https:\/\/www.africa-press.net\/cotedivoire\/wp-json\/wp\/v2\/users\/82"}],"replies":[{"embeddable":true,"href":"https:\/\/www.africa-press.net\/cotedivoire\/wp-json\/wp\/v2\/comments?post=34522"}],"version-history":[{"count":0,"href":"https:\/\/www.africa-press.net\/cotedivoire\/wp-json\/wp\/v2\/posts\/34522\/revisions"}],"wp:featuredmedia":[{"embeddable":true,"href":"https:\/\/www.africa-press.net\/cotedivoire\/wp-json\/wp\/v2\/media\/34521"}],"wp:attachment":[{"href":"https:\/\/www.africa-press.net\/cotedivoire\/wp-json\/wp\/v2\/media?parent=34522"}],"wp:term":[{"taxonomy":"category","embeddable":true,"href":"https:\/\/www.africa-press.net\/cotedivoire\/wp-json\/wp\/v2\/categories?post=34522"},{"taxonomy":"post_tag","embeddable":true,"href":"https:\/\/www.africa-press.net\/cotedivoire\/wp-json\/wp\/v2\/tags?post=34522"}],"curies":[{"name":"wp","href":"https:\/\/api.w.org\/{rel}","templated":true}]}}