{"id":35079,"date":"2022-05-12T11:40:56","date_gmt":"2022-05-12T11:40:56","guid":{"rendered":"https:\/\/www.africa-press.net\/cotedivoire\/politique\/cote-divoire-agnibilekrou-avec-plus-de-60-de-la-production-avicole-la-region-fait-la-promotion-du-secteur-a-travers-un-festival"},"modified":"2022-05-12T11:54:06","modified_gmt":"2022-05-12T11:54:06","slug":"cote-divoire-agnibilekrou-avec-plus-de-60-de-la-production-avicole-la-region-fait-la-promotion-du-secteur-a-travers-un-festival","status":"publish","type":"post","link":"https:\/\/www.africa-press.net\/cotedivoire\/culture-et-art\/cote-divoire-agnibilekrou-avec-plus-de-60-de-la-production-avicole-la-region-fait-la-promotion-du-secteur-a-travers-un-festival","title":{"rendered":"C\u00f4te d&rsquo;Ivoire:  Agnibil\u00e9krou, avec plus de 60 % de la production avicole, la r\u00e9gion fait la promotion du secteur \u00e0 travers un festival"},"content":{"rendered":"<p><span style=\"color: #ff6600\"><strong>Africa-Press &#8211; C\u00f4te d&rsquo;Ivoire. <\/strong><\/span><b>Dr Kouman Koffi Fofi\u00e9 Anicet<\/b><\/p>\n<p>L\u2019esplanade de la sous-pr\u00e9fecture d\u2019agnibil\u00e9krou a abrit\u00e9 du 07 au 08 mai 2022, le plus grand festival de grillade de la r\u00e9gion de l\u2019Ind\u00e9ni\u00e9 Djuablin d\u00e9nomm\u00e9 \u2018\u2019Ak\u00f4 festival\u2019\u2019 qui a mobilis\u00e9 pour sa premi\u00e8re \u00e9dition plus de 10.000 participants.<\/p>\n<p>A travers ce festival, Dr Kouman Koffi Fofi\u00e9 Anicet, promoteur, entend promouvoir le secteur avicole dans la r\u00e9gion.<\/p>\n<p>\u00ab Tous les secteurs en C\u00f4te d\u2019Ivoire sont organis\u00e9s et leurs dol\u00e9ances sont prises en compte par l\u2019Etat ivoirien. Au niveau du secteur avicole \u00e0 Agnibil\u00e9krou ce n\u2019est pas encore le cas, car le secteur est m\u00e9connu. Pourtant, plus de 60 % de la production avicole vient d\u2019Agnibil\u00e9krou. En organisant ce festival, c\u2019est pour moi une mani\u00e8re de promouvoir le secteur avicole de notre r\u00e9gion, mais surtout organis\u00e9 les acteurs afin de parler d\u2019une m\u00eame voix \u00bb, a d\u00e9clar\u00e9, Dr Kouman Koffi Fofi\u00e9.<\/p>\n<p>Pendant deux jours, la ville d&rsquo;agnibil\u00e9krou a vibr\u00e9 au rythme des sonorit\u00e9s des artistes en vogue du moment. Les festivaliers ont aussi eu droit \u00e0 une vari\u00e9t\u00e9 de mets \u00e0 base de poulet (poulet brais\u00e9 ; poulet piqu\u00e9 ; poulet frit, k\u00e9dj\u00e9nou de poulet etc.). Un moment de convivialit\u00e9 et de partage auquel plusieurs cadres de la ville ont associ\u00e9 leur image.<\/p>\n<p>Face \u00e0 la r\u00e9ussite de la premi\u00e8re \u00e9dition, le promoteur, Dr. Kouman Koffi Fofi\u00e9 Anicet, fils de la r\u00e9gion qui veut faire de ce festival, un grand moment de rencontre et de partage en vue de promouvoir le savoir-faire des fils et filles de la r\u00e9gion de l\u2019Ind\u00e9nie Djuablin.<\/p>\n<p>Par ailleurs, en marge de \u00ab\u00a0Ak\u00f4 festival\u2019\u2019, les organisateurs ont fait don d&rsquo;une somme de 200 mille \u00e0 l\u2019h\u00f4pital g\u00e9n\u00e9ral d\u2019Agnibil\u00e9krou et des kits de b\u00e9b\u00e9s aux nouvelles mamans et aux urgences.<\/p>\n<p>Cliquez pour agrandir l&rsquo;image<\/p>\n<p>Le promoteur a promis booster ces actions lors des prochaines \u00e9ditions.<\/p>\n<p>Wassimagnon<\/p>\n<p><strong>Pour plus d&rsquo;informations et d&rsquo;analyses sur la <a href=\"https:\/\/www.africa-press.net\/cotedivoire\">C\u00f4te d&rsquo;Ivoire<\/a>, suivez <a href=\"https:\/\/www.africa-press.net\/\">Africa-Press<\/a><\/strong><\/p>\n","protected":false},"excerpt":{"rendered":"<p>Africa-Press &#8211; C\u00f4te d&rsquo;Ivoire. Dr Kouman Koffi Fofi\u00e9 Anicet L\u2019esplanade de la sous-pr\u00e9fecture d\u2019agnibil\u00e9krou a abrit\u00e9 du 07 au 08 mai 2022, le plus grand festival de grillade de la r\u00e9gion de l\u2019Ind\u00e9ni\u00e9 Djuablin d\u00e9nomm\u00e9 \u2018\u2019Ak\u00f4 festival\u2019\u2019 qui a mobilis\u00e9 pour sa premi\u00e8re \u00e9dition plus de 10.000 participants. A travers ce festival, Dr Kouman Koffi [&hellip;]<\/p>\n","protected":false},"author":82,"featured_media":35078,"comment_status":"open","ping_status":"closed","sticky":false,"template":"","format":"standard","meta":{"footnotes":""},"categories":[5,11,10],"tags":[56,63,6008,29,6007],"class_list":["post-35079","post","type-post","status-publish","format-standard","has-post-thumbnail","hentry","category-culture-et-art","category-homepage-french","category-toutes-les-actualites","tag-africa-press","tag-africa-press-cote-divoire","tag-ako-festival","tag-cote-divoire","tag-dr-kouman-koffi-fofie-anicet"],"yoast_head":"<!-- This site is optimized with the Yoast SEO Premium plugin v26.1 (Yoast SEO v27.0) - https:\/\/yoast.com\/product\/yoast-seo-premium-wordpress\/ -->\n<title>C\u00f4te d&#039;Ivoire: Agnibil\u00e9krou, avec plus de 60 % de la production avicole, la r\u00e9gion fait la promotion du secteur \u00e0 travers un festival - C\u00f4te d&#039;Ivoire<\/title>\n<meta name=\"description\" content=\"Dr Kouman Koffi Fofi\u00e9 Anicet L\u2019esplanade de la sous-pr\u00e9fecture d\u2019agnibil\u00e9krou a abrit\u00e9 du 07 au 08 mai 2022, le ...\" \/>\n<meta name=\"robots\" content=\"index, follow, max-snippet:-1, max-image-preview:large, max-video-preview:-1\" \/>\n<link rel=\"canonical\" href=\"https:\/\/www.africa-press.net\/cotedivoire\/culture-et-art\/cote-divoire-agnibilekrou-avec-plus-de-60-de-la-production-avicole-la-region-fait-la-promotion-du-secteur-a-travers-un-festival\" \/>\n<meta property=\"og:locale\" content=\"fr_FR\" \/>\n<meta property=\"og:type\" content=\"article\" \/>\n<meta property=\"og:title\" content=\"C\u00f4te d&#039;Ivoire: Agnibil\u00e9krou, avec plus de 60 % de la production avicole, la r\u00e9gion fait la promotion du secteur \u00e0 travers un festival\" \/>\n<meta property=\"og:description\" content=\"Dr Kouman Koffi Fofi\u00e9 Anicet L\u2019esplanade de la sous-pr\u00e9fecture d\u2019agnibil\u00e9krou a abrit\u00e9 du 07 au 08 mai 2022, le ...\" \/>\n<meta property=\"og:url\" content=\"https:\/\/www.africa-press.net\/cotedivoire\/culture-et-art\/cote-divoire-agnibilekrou-avec-plus-de-60-de-la-production-avicole-la-region-fait-la-promotion-du-secteur-a-travers-un-festival\" \/>\n<meta property=\"og:site_name\" content=\"C\u00f4te d&#039;Ivoire\" \/>\n<meta property=\"article:published_time\" content=\"2022-05-12T11:40:56+00:00\" \/>\n<meta property=\"article:modified_time\" content=\"2022-05-12T11:54:06+00:00\" \/>\n<meta property=\"og:image\" content=\"https:\/\/static.africa-press.net\/cote\/sites\/43\/2022\/05\/postQueueImg_17-627cf54be1459.jpg\" \/>\n\t<meta property=\"og:image:width\" content=\"720\" \/>\n\t<meta property=\"og:image:height\" content=\"409\" \/>\n\t<meta property=\"og:image:type\" content=\"image\/jpeg\" \/>\n<meta name=\"author\" content=\"cfeditorfr\" \/>\n<meta name=\"twitter:card\" content=\"summary_large_image\" \/>\n<meta name=\"twitter:label1\" content=\"\u00c9crit par\" \/>\n\t<meta name=\"twitter:data1\" content=\"cfeditorfr\" \/>\n\t<meta name=\"twitter:label2\" content=\"Dur\u00e9e de lecture estim\u00e9e\" \/>\n\t<meta name=\"twitter:data2\" content=\"2 minutes\" \/>\n<script type=\"application\/ld+json\" class=\"yoast-schema-graph\">{\"@context\":\"https:\/\/schema.org\",\"@graph\":[{\"@type\":\"Article\",\"@id\":\"https:\/\/www.africa-press.net\/cotedivoire\/culture-et-art\/cote-divoire-agnibilekrou-avec-plus-de-60-de-la-production-avicole-la-region-fait-la-promotion-du-secteur-a-travers-un-festival#article\",\"isPartOf\":{\"@id\":\"https:\/\/www.africa-press.net\/cotedivoire\/culture-et-art\/cote-divoire-agnibilekrou-avec-plus-de-60-de-la-production-avicole-la-region-fait-la-promotion-du-secteur-a-travers-un-festival\"},\"author\":{\"name\":\"cfeditorfr\",\"@id\":\"https:\/\/www.africa-press.net\/cotedivoire\/#\/schema\/person\/2b1cf3cd81a31e3cd26889ca66d677f1\"},\"headline\":\"C\u00f4te d&rsquo;Ivoire: Agnibil\u00e9krou, avec plus de 60 % de la production avicole, la r\u00e9gion fait la promotion du secteur \u00e0 travers un festival\",\"datePublished\":\"2022-05-12T11:40:56+00:00\",\"dateModified\":\"2022-05-12T11:54:06+00:00\",\"mainEntityOfPage\":{\"@id\":\"https:\/\/www.africa-press.net\/cotedivoire\/culture-et-art\/cote-divoire-agnibilekrou-avec-plus-de-60-de-la-production-avicole-la-region-fait-la-promotion-du-secteur-a-travers-un-festival\"},\"wordCount\":381,\"commentCount\":0,\"image\":{\"@id\":\"https:\/\/www.africa-press.net\/cotedivoire\/culture-et-art\/cote-divoire-agnibilekrou-avec-plus-de-60-de-la-production-avicole-la-region-fait-la-promotion-du-secteur-a-travers-un-festival#primaryimage\"},\"thumbnailUrl\":\"https:\/\/static.africa-press.net\/cote\/sites\/43\/2022\/05\/postQueueImg_17-627cf54be1459.jpg\",\"keywords\":[\"Africa Press\",\"Africa Press-C\u00f4te d'Ivoire\",\"Ak\u00f4 festival\",\"C\u00d4TE D'IVOIRE\",\"Dr Kouman Koffi Fofi\u00e9 Anicet\"],\"articleSection\":[\"Culture et Art\",\"homepage-french\",\"Toutes les actualit\u00e9s\"],\"inLanguage\":\"fr-FR\",\"potentialAction\":[{\"@type\":\"CommentAction\",\"name\":\"Comment\",\"target\":[\"https:\/\/www.africa-press.net\/cotedivoire\/culture-et-art\/cote-divoire-agnibilekrou-avec-plus-de-60-de-la-production-avicole-la-region-fait-la-promotion-du-secteur-a-travers-un-festival#respond\"]}]},{\"@type\":\"WebPage\",\"@id\":\"https:\/\/www.africa-press.net\/cotedivoire\/culture-et-art\/cote-divoire-agnibilekrou-avec-plus-de-60-de-la-production-avicole-la-region-fait-la-promotion-du-secteur-a-travers-un-festival\",\"url\":\"https:\/\/www.africa-press.net\/cotedivoire\/culture-et-art\/cote-divoire-agnibilekrou-avec-plus-de-60-de-la-production-avicole-la-region-fait-la-promotion-du-secteur-a-travers-un-festival\",\"name\":\"C\u00f4te d'Ivoire: Agnibil\u00e9krou, avec plus de 60 % de la production avicole, la r\u00e9gion fait la promotion du secteur \u00e0 travers un festival - C\u00f4te d&#039;Ivoire\",\"isPartOf\":{\"@id\":\"https:\/\/www.africa-press.net\/cotedivoire\/#website\"},\"primaryImageOfPage\":{\"@id\":\"https:\/\/www.africa-press.net\/cotedivoire\/culture-et-art\/cote-divoire-agnibilekrou-avec-plus-de-60-de-la-production-avicole-la-region-fait-la-promotion-du-secteur-a-travers-un-festival#primaryimage\"},\"image\":{\"@id\":\"https:\/\/www.africa-press.net\/cotedivoire\/culture-et-art\/cote-divoire-agnibilekrou-avec-plus-de-60-de-la-production-avicole-la-region-fait-la-promotion-du-secteur-a-travers-un-festival#primaryimage\"},\"thumbnailUrl\":\"https:\/\/static.africa-press.net\/cote\/sites\/43\/2022\/05\/postQueueImg_17-627cf54be1459.jpg\",\"datePublished\":\"2022-05-12T11:40:56+00:00\",\"dateModified\":\"2022-05-12T11:54:06+00:00\",\"author\":{\"@id\":\"https:\/\/www.africa-press.net\/cotedivoire\/#\/schema\/person\/2b1cf3cd81a31e3cd26889ca66d677f1\"},\"description\":\"Dr Kouman Koffi Fofi\u00e9 Anicet L\u2019esplanade de la sous-pr\u00e9fecture d\u2019agnibil\u00e9krou a abrit\u00e9 du 07 au 08 mai 2022, le ...\",\"breadcrumb\":{\"@id\":\"https:\/\/www.africa-press.net\/cotedivoire\/culture-et-art\/cote-divoire-agnibilekrou-avec-plus-de-60-de-la-production-avicole-la-region-fait-la-promotion-du-secteur-a-travers-un-festival#breadcrumb\"},\"inLanguage\":\"fr-FR\",\"potentialAction\":[{\"@type\":\"ReadAction\",\"target\":[\"https:\/\/www.africa-press.net\/cotedivoire\/culture-et-art\/cote-divoire-agnibilekrou-avec-plus-de-60-de-la-production-avicole-la-region-fait-la-promotion-du-secteur-a-travers-un-festival\"]}]},{\"@type\":\"ImageObject\",\"inLanguage\":\"fr-FR\",\"@id\":\"https:\/\/www.africa-press.net\/cotedivoire\/culture-et-art\/cote-divoire-agnibilekrou-avec-plus-de-60-de-la-production-avicole-la-region-fait-la-promotion-du-secteur-a-travers-un-festival#primaryimage\",\"url\":\"https:\/\/static.africa-press.net\/cote\/sites\/43\/2022\/05\/postQueueImg_17-627cf54be1459.jpg\",\"contentUrl\":\"https:\/\/static.africa-press.net\/cote\/sites\/43\/2022\/05\/postQueueImg_17-627cf54be1459.jpg\",\"width\":720,\"height\":409,\"caption\":\"C\u00f4te d'Ivoire: Agnibil\u00e9krou, avec plus de 60 % de la production avicole, la r\u00e9gion fait la promotion du secteur \u00e0 travers un festival\"},{\"@type\":\"BreadcrumbList\",\"@id\":\"https:\/\/www.africa-press.net\/cotedivoire\/culture-et-art\/cote-divoire-agnibilekrou-avec-plus-de-60-de-la-production-avicole-la-region-fait-la-promotion-du-secteur-a-travers-un-festival#breadcrumb\",\"itemListElement\":[{\"@type\":\"ListItem\",\"position\":1,\"name\":\"Accueil\",\"item\":\"https:\/\/www.africa-press.net\/cotedivoire\/\"},{\"@type\":\"ListItem\",\"position\":2,\"name\":\"C\u00f4te d&#8217;Ivoire: Agnibil\u00e9krou, avec plus de 60 % de la production avicole, la r\u00e9gion fait la promotion du secteur \u00e0 travers un festival\"}]},{\"@type\":\"WebSite\",\"@id\":\"https:\/\/www.africa-press.net\/cotedivoire\/#website\",\"url\":\"https:\/\/www.africa-press.net\/cotedivoire\/\",\"name\":\"C\u00f4te d&#039;Ivoire\",\"description\":\"Just another Africa News Agency Sites site\",\"potentialAction\":[{\"@type\":\"SearchAction\",\"target\":{\"@type\":\"EntryPoint\",\"urlTemplate\":\"https:\/\/www.africa-press.net\/cotedivoire\/?s={search_term_string}\"},\"query-input\":{\"@type\":\"PropertyValueSpecification\",\"valueRequired\":true,\"valueName\":\"search_term_string\"}}],\"inLanguage\":\"fr-FR\"},{\"@type\":\"Person\",\"@id\":\"https:\/\/www.africa-press.net\/cotedivoire\/#\/schema\/person\/2b1cf3cd81a31e3cd26889ca66d677f1\",\"name\":\"cfeditorfr\"}]}<\/script>\n<!-- \/ Yoast SEO Premium plugin. -->","yoast_head_json":{"title":"C\u00f4te d'Ivoire: Agnibil\u00e9krou, avec plus de 60 % de la production avicole, la r\u00e9gion fait la promotion du secteur \u00e0 travers un festival - C\u00f4te d&#039;Ivoire","description":"Dr Kouman Koffi Fofi\u00e9 Anicet L\u2019esplanade de la sous-pr\u00e9fecture d\u2019agnibil\u00e9krou a abrit\u00e9 du 07 au 08 mai 2022, le ...","robots":{"index":"index","follow":"follow","max-snippet":"max-snippet:-1","max-image-preview":"max-image-preview:large","max-video-preview":"max-video-preview:-1"},"canonical":"https:\/\/www.africa-press.net\/cotedivoire\/culture-et-art\/cote-divoire-agnibilekrou-avec-plus-de-60-de-la-production-avicole-la-region-fait-la-promotion-du-secteur-a-travers-un-festival","og_locale":"fr_FR","og_type":"article","og_title":"C\u00f4te d'Ivoire: Agnibil\u00e9krou, avec plus de 60 % de la production avicole, la r\u00e9gion fait la promotion du secteur \u00e0 travers un festival","og_description":"Dr Kouman Koffi Fofi\u00e9 Anicet L\u2019esplanade de la sous-pr\u00e9fecture d\u2019agnibil\u00e9krou a abrit\u00e9 du 07 au 08 mai 2022, le ...","og_url":"https:\/\/www.africa-press.net\/cotedivoire\/culture-et-art\/cote-divoire-agnibilekrou-avec-plus-de-60-de-la-production-avicole-la-region-fait-la-promotion-du-secteur-a-travers-un-festival","og_site_name":"C\u00f4te d&#039;Ivoire","article_published_time":"2022-05-12T11:40:56+00:00","article_modified_time":"2022-05-12T11:54:06+00:00","og_image":[{"width":720,"height":409,"url":"https:\/\/static.africa-press.net\/cote\/sites\/43\/2022\/05\/postQueueImg_17-627cf54be1459.jpg","type":"image\/jpeg"}],"author":"cfeditorfr","twitter_card":"summary_large_image","twitter_misc":{"\u00c9crit par":"cfeditorfr","Dur\u00e9e de lecture estim\u00e9e":"2 minutes"},"schema":{"@context":"https:\/\/schema.org","@graph":[{"@type":"Article","@id":"https:\/\/www.africa-press.net\/cotedivoire\/culture-et-art\/cote-divoire-agnibilekrou-avec-plus-de-60-de-la-production-avicole-la-region-fait-la-promotion-du-secteur-a-travers-un-festival#article","isPartOf":{"@id":"https:\/\/www.africa-press.net\/cotedivoire\/culture-et-art\/cote-divoire-agnibilekrou-avec-plus-de-60-de-la-production-avicole-la-region-fait-la-promotion-du-secteur-a-travers-un-festival"},"author":{"name":"cfeditorfr","@id":"https:\/\/www.africa-press.net\/cotedivoire\/#\/schema\/person\/2b1cf3cd81a31e3cd26889ca66d677f1"},"headline":"C\u00f4te d&rsquo;Ivoire: Agnibil\u00e9krou, avec plus de 60 % de la production avicole, la r\u00e9gion fait la promotion du secteur \u00e0 travers un festival","datePublished":"2022-05-12T11:40:56+00:00","dateModified":"2022-05-12T11:54:06+00:00","mainEntityOfPage":{"@id":"https:\/\/www.africa-press.net\/cotedivoire\/culture-et-art\/cote-divoire-agnibilekrou-avec-plus-de-60-de-la-production-avicole-la-region-fait-la-promotion-du-secteur-a-travers-un-festival"},"wordCount":381,"commentCount":0,"image":{"@id":"https:\/\/www.africa-press.net\/cotedivoire\/culture-et-art\/cote-divoire-agnibilekrou-avec-plus-de-60-de-la-production-avicole-la-region-fait-la-promotion-du-secteur-a-travers-un-festival#primaryimage"},"thumbnailUrl":"https:\/\/static.africa-press.net\/cote\/sites\/43\/2022\/05\/postQueueImg_17-627cf54be1459.jpg","keywords":["Africa Press","Africa Press-C\u00f4te d'Ivoire","Ak\u00f4 festival","C\u00d4TE D'IVOIRE","Dr Kouman Koffi Fofi\u00e9 Anicet"],"articleSection":["Culture et Art","homepage-french","Toutes les actualit\u00e9s"],"inLanguage":"fr-FR","potentialAction":[{"@type":"CommentAction","name":"Comment","target":["https:\/\/www.africa-press.net\/cotedivoire\/culture-et-art\/cote-divoire-agnibilekrou-avec-plus-de-60-de-la-production-avicole-la-region-fait-la-promotion-du-secteur-a-travers-un-festival#respond"]}]},{"@type":"WebPage","@id":"https:\/\/www.africa-press.net\/cotedivoire\/culture-et-art\/cote-divoire-agnibilekrou-avec-plus-de-60-de-la-production-avicole-la-region-fait-la-promotion-du-secteur-a-travers-un-festival","url":"https:\/\/www.africa-press.net\/cotedivoire\/culture-et-art\/cote-divoire-agnibilekrou-avec-plus-de-60-de-la-production-avicole-la-region-fait-la-promotion-du-secteur-a-travers-un-festival","name":"C\u00f4te d'Ivoire: Agnibil\u00e9krou, avec plus de 60 % de la production avicole, la r\u00e9gion fait la promotion du secteur \u00e0 travers un festival - C\u00f4te d&#039;Ivoire","isPartOf":{"@id":"https:\/\/www.africa-press.net\/cotedivoire\/#website"},"primaryImageOfPage":{"@id":"https:\/\/www.africa-press.net\/cotedivoire\/culture-et-art\/cote-divoire-agnibilekrou-avec-plus-de-60-de-la-production-avicole-la-region-fait-la-promotion-du-secteur-a-travers-un-festival#primaryimage"},"image":{"@id":"https:\/\/www.africa-press.net\/cotedivoire\/culture-et-art\/cote-divoire-agnibilekrou-avec-plus-de-60-de-la-production-avicole-la-region-fait-la-promotion-du-secteur-a-travers-un-festival#primaryimage"},"thumbnailUrl":"https:\/\/static.africa-press.net\/cote\/sites\/43\/2022\/05\/postQueueImg_17-627cf54be1459.jpg","datePublished":"2022-05-12T11:40:56+00:00","dateModified":"2022-05-12T11:54:06+00:00","author":{"@id":"https:\/\/www.africa-press.net\/cotedivoire\/#\/schema\/person\/2b1cf3cd81a31e3cd26889ca66d677f1"},"description":"Dr Kouman Koffi Fofi\u00e9 Anicet L\u2019esplanade de la sous-pr\u00e9fecture d\u2019agnibil\u00e9krou a abrit\u00e9 du 07 au 08 mai 2022, le ...","breadcrumb":{"@id":"https:\/\/www.africa-press.net\/cotedivoire\/culture-et-art\/cote-divoire-agnibilekrou-avec-plus-de-60-de-la-production-avicole-la-region-fait-la-promotion-du-secteur-a-travers-un-festival#breadcrumb"},"inLanguage":"fr-FR","potentialAction":[{"@type":"ReadAction","target":["https:\/\/www.africa-press.net\/cotedivoire\/culture-et-art\/cote-divoire-agnibilekrou-avec-plus-de-60-de-la-production-avicole-la-region-fait-la-promotion-du-secteur-a-travers-un-festival"]}]},{"@type":"ImageObject","inLanguage":"fr-FR","@id":"https:\/\/www.africa-press.net\/cotedivoire\/culture-et-art\/cote-divoire-agnibilekrou-avec-plus-de-60-de-la-production-avicole-la-region-fait-la-promotion-du-secteur-a-travers-un-festival#primaryimage","url":"https:\/\/static.africa-press.net\/cote\/sites\/43\/2022\/05\/postQueueImg_17-627cf54be1459.jpg","contentUrl":"https:\/\/static.africa-press.net\/cote\/sites\/43\/2022\/05\/postQueueImg_17-627cf54be1459.jpg","width":720,"height":409,"caption":"C\u00f4te d'Ivoire: Agnibil\u00e9krou, avec plus de 60 % de la production avicole, la r\u00e9gion fait la promotion du secteur \u00e0 travers un festival"},{"@type":"BreadcrumbList","@id":"https:\/\/www.africa-press.net\/cotedivoire\/culture-et-art\/cote-divoire-agnibilekrou-avec-plus-de-60-de-la-production-avicole-la-region-fait-la-promotion-du-secteur-a-travers-un-festival#breadcrumb","itemListElement":[{"@type":"ListItem","position":1,"name":"Accueil","item":"https:\/\/www.africa-press.net\/cotedivoire\/"},{"@type":"ListItem","position":2,"name":"C\u00f4te d&#8217;Ivoire: Agnibil\u00e9krou, avec plus de 60 % de la production avicole, la r\u00e9gion fait la promotion du secteur \u00e0 travers un festival"}]},{"@type":"WebSite","@id":"https:\/\/www.africa-press.net\/cotedivoire\/#website","url":"https:\/\/www.africa-press.net\/cotedivoire\/","name":"C\u00f4te d&#039;Ivoire","description":"Just another Africa News Agency Sites site","potentialAction":[{"@type":"SearchAction","target":{"@type":"EntryPoint","urlTemplate":"https:\/\/www.africa-press.net\/cotedivoire\/?s={search_term_string}"},"query-input":{"@type":"PropertyValueSpecification","valueRequired":true,"valueName":"search_term_string"}}],"inLanguage":"fr-FR"},{"@type":"Person","@id":"https:\/\/www.africa-press.net\/cotedivoire\/#\/schema\/person\/2b1cf3cd81a31e3cd26889ca66d677f1","name":"cfeditorfr"}]}},"_links":{"self":[{"href":"https:\/\/www.africa-press.net\/cotedivoire\/wp-json\/wp\/v2\/posts\/35079","targetHints":{"allow":["GET"]}}],"collection":[{"href":"https:\/\/www.africa-press.net\/cotedivoire\/wp-json\/wp\/v2\/posts"}],"about":[{"href":"https:\/\/www.africa-press.net\/cotedivoire\/wp-json\/wp\/v2\/types\/post"}],"author":[{"embeddable":true,"href":"https:\/\/www.africa-press.net\/cotedivoire\/wp-json\/wp\/v2\/users\/82"}],"replies":[{"embeddable":true,"href":"https:\/\/www.africa-press.net\/cotedivoire\/wp-json\/wp\/v2\/comments?post=35079"}],"version-history":[{"count":0,"href":"https:\/\/www.africa-press.net\/cotedivoire\/wp-json\/wp\/v2\/posts\/35079\/revisions"}],"wp:featuredmedia":[{"embeddable":true,"href":"https:\/\/www.africa-press.net\/cotedivoire\/wp-json\/wp\/v2\/media\/35078"}],"wp:attachment":[{"href":"https:\/\/www.africa-press.net\/cotedivoire\/wp-json\/wp\/v2\/media?parent=35079"}],"wp:term":[{"taxonomy":"category","embeddable":true,"href":"https:\/\/www.africa-press.net\/cotedivoire\/wp-json\/wp\/v2\/categories?post=35079"},{"taxonomy":"post_tag","embeddable":true,"href":"https:\/\/www.africa-press.net\/cotedivoire\/wp-json\/wp\/v2\/tags?post=35079"}],"curies":[{"name":"wp","href":"https:\/\/api.w.org\/{rel}","templated":true}]}}