{"id":35085,"date":"2022-05-12T11:42:00","date_gmt":"2022-05-12T11:42:00","guid":{"rendered":"https:\/\/www.africa-press.net\/cotedivoire\/politique\/bouake-afin-de-renforcer-la-cohesion-sociale-une-importante-rencontre-entre-la-pscpd-et-la-population-organisee"},"modified":"2022-05-12T11:54:59","modified_gmt":"2022-05-12T11:54:59","slug":"bouake-afin-de-renforcer-la-cohesion-sociale-une-importante-rencontre-entre-la-pscpd-et-la-population-organisee","status":"publish","type":"post","link":"https:\/\/www.africa-press.net\/cotedivoire\/toutes-les-actualites\/bouake-afin-de-renforcer-la-cohesion-sociale-une-importante-rencontre-entre-la-pscpd-et-la-population-organisee","title":{"rendered":"Bouak\u00e9, afin de renforcer la coh\u00e9sion sociale, une importante rencontre entre la PSCPD et la population organis\u00e9e"},"content":{"rendered":"<p><span style=\"color: #ff6600\"><strong>Africa-Press &#8211; C\u00f4te d&rsquo;Ivoire. <\/strong><\/span>Ce mardi 10 mai 2022 \u00e0 Bouak\u00e9, la Plateforme de la Soci\u00e9t\u00e9 Civile pour la Paix et la D\u00e9mocratie (PSCPD) a eu une rencontre avec toutes les couches sociales repr\u00e9sent\u00e9es par des associations et organisations dans la capitale de la r\u00e9gion de Gb\u00eak\u00ea.<\/p>\n<p>Depuis 2018, le National Democratic Institute (NDI) a mis en \u0153uvre le Programme Transition et Inclusion politique (PTI) ex\u00e9cut\u00e9 par la PSCPD pour appuyer les efforts de consolidation de la d\u00e9mocratie et de la coh\u00e9sion sociale du gouvernement ivoirien, a-t-on appris. L&rsquo;objectif de cette rencontre selon Doumbia Souma\u00efla,<\/p>\n<p>coordonnateur g\u00e9n\u00e9ral de la PSCPD, est \u00ab de dresser le bilan des actions men\u00e9es et de pr\u00e9senter les acquis et l&rsquo;impact de ce projet dans la r\u00e9gion du Gb\u00eak\u00ea.\u00bb<\/p>\n<p>L&rsquo;objectif g\u00e9n\u00e9ral de ce projet \u00e9tait de recueillir aupr\u00e8s des communaut\u00e9s, leurs perceptions de l&rsquo;impact du PTI dans les localit\u00e9s de Bouak\u00e9, B\u00e9oumi et Sakassou. Les autorit\u00e9s administratives, repr\u00e9sentants de partis politiques, associations de jeunes, de femmes , leaders communautaires, autorit\u00e9s religieuses et bien d&rsquo;autres photos, \u00e9taient pr\u00e9sentes \u00e0 cette rencontre.<\/p>\n<p>Selon Atin Kouadio, \u00e9tudiant et vice-pr\u00e9sident du club sciences politiques de l&rsquo;Universit\u00e9 Alassane Ouattara (UAO) de Bouak\u00e9, \u00ab La soci\u00e9t\u00e9 civile et le gouvernement ont fait de nombreux progr\u00e8s dans la lutte pour la coh\u00e9sion sociale dans le Gb\u00eak\u00ea, mais il y a encore beaucoup \u00e0 faire.\u00bb Quant au repr\u00e9sentant du forum des confessions religieuses en la personne de l&rsquo;honorable Demb\u00e9l\u00e9, \u00ab cette activit\u00e9 est importante pour maintenir les acquis.\u00bb<\/p>\n<p>Par la suite, il fait savoir que, \u00ab les d\u00e9fis sont encore nombreux et n\u00e9cessitent l&rsquo;aide de Dieu.\u00bb Ne pouvant d\u00e9velopper un pays sans la paix, il a donc pri\u00e9 pour que Dieu vienne en aide aux acteurs qui recherchent la Paix pour une bonne coh\u00e9sion sociale.<\/p>\n<p><strong>Pour plus d&rsquo;informations et d&rsquo;analyses sur la <a href=\"https:\/\/www.africa-press.net\/cotedivoire\">C\u00f4te d&rsquo;Ivoire<\/a>, suivez <a href=\"https:\/\/www.africa-press.net\/\">Africa-Press<\/a><\/strong><\/p>\n","protected":false},"excerpt":{"rendered":"<p>Africa-Press &#8211; C\u00f4te d&rsquo;Ivoire. Ce mardi 10 mai 2022 \u00e0 Bouak\u00e9, la Plateforme de la Soci\u00e9t\u00e9 Civile pour la Paix et la D\u00e9mocratie (PSCPD) a eu une rencontre avec toutes les couches sociales repr\u00e9sent\u00e9es par des associations et organisations dans la capitale de la r\u00e9gion de Gb\u00eak\u00ea. Depuis 2018, le National Democratic Institute (NDI) a [&hellip;]<\/p>\n","protected":false},"author":82,"featured_media":35084,"comment_status":"open","ping_status":"closed","sticky":false,"template":"","format":"standard","meta":{"footnotes":""},"categories":[21,11,10],"tags":[56,63,366,4859,29,600,6010],"class_list":["post-35085","post","type-post","status-publish","format-standard","has-post-thumbnail","hentry","category-communaute","category-homepage-french","category-toutes-les-actualites","tag-africa-press","tag-africa-press-cote-divoire","tag-bouake","tag-cohesion-sociale","tag-cote-divoire","tag-paix","tag-pscpd"],"yoast_head":"<!-- This site is optimized with the Yoast SEO Premium plugin v26.1 (Yoast SEO v27.0) - https:\/\/yoast.com\/product\/yoast-seo-premium-wordpress\/ -->\n<title>Bouak\u00e9, afin de renforcer la coh\u00e9sion sociale, une importante rencontre entre la PSCPD et la population organis\u00e9e - C\u00f4te d&#039;Ivoire<\/title>\n<meta name=\"description\" content=\"Ce mardi 10 mai 2022 \u00e0 Bouak\u00e9, la Plateforme de la Soci\u00e9t\u00e9 Civile pour la Paix et la D\u00e9mocratie (PSCPD) a eu une rencont ...\" \/>\n<meta name=\"robots\" content=\"index, follow, max-snippet:-1, max-image-preview:large, max-video-preview:-1\" \/>\n<link rel=\"canonical\" href=\"https:\/\/www.africa-press.net\/cotedivoire\/toutes-les-actualites\/bouake-afin-de-renforcer-la-cohesion-sociale-une-importante-rencontre-entre-la-pscpd-et-la-population-organisee\" \/>\n<meta property=\"og:locale\" content=\"fr_FR\" \/>\n<meta property=\"og:type\" content=\"article\" \/>\n<meta property=\"og:title\" content=\"Bouak\u00e9, afin de renforcer la coh\u00e9sion sociale, une importante rencontre entre la PSCPD et la population organis\u00e9e\" \/>\n<meta property=\"og:description\" content=\"Ce mardi 10 mai 2022 \u00e0 Bouak\u00e9, la Plateforme de la Soci\u00e9t\u00e9 Civile pour la Paix et la D\u00e9mocratie (PSCPD) a eu une rencont ...\" \/>\n<meta property=\"og:url\" content=\"https:\/\/www.africa-press.net\/cotedivoire\/toutes-les-actualites\/bouake-afin-de-renforcer-la-cohesion-sociale-une-importante-rencontre-entre-la-pscpd-et-la-population-organisee\" \/>\n<meta property=\"og:site_name\" content=\"C\u00f4te d&#039;Ivoire\" \/>\n<meta property=\"article:published_time\" content=\"2022-05-12T11:42:00+00:00\" \/>\n<meta property=\"article:modified_time\" content=\"2022-05-12T11:54:59+00:00\" \/>\n<meta property=\"og:image\" content=\"https:\/\/static.africa-press.net\/cote\/sites\/43\/2022\/05\/postQueueImg_19-627cf57e5f270.jpg\" \/>\n\t<meta property=\"og:image:width\" content=\"720\" \/>\n\t<meta property=\"og:image:height\" content=\"325\" \/>\n\t<meta property=\"og:image:type\" content=\"image\/jpeg\" \/>\n<meta name=\"author\" content=\"cfeditorfr\" \/>\n<meta name=\"twitter:card\" content=\"summary_large_image\" \/>\n<meta name=\"twitter:label1\" content=\"\u00c9crit par\" \/>\n\t<meta name=\"twitter:data1\" content=\"cfeditorfr\" \/>\n\t<meta name=\"twitter:label2\" content=\"Dur\u00e9e de lecture estim\u00e9e\" \/>\n\t<meta name=\"twitter:data2\" content=\"2 minutes\" \/>\n<script type=\"application\/ld+json\" class=\"yoast-schema-graph\">{\"@context\":\"https:\/\/schema.org\",\"@graph\":[{\"@type\":\"Article\",\"@id\":\"https:\/\/www.africa-press.net\/cotedivoire\/toutes-les-actualites\/bouake-afin-de-renforcer-la-cohesion-sociale-une-importante-rencontre-entre-la-pscpd-et-la-population-organisee#article\",\"isPartOf\":{\"@id\":\"https:\/\/www.africa-press.net\/cotedivoire\/toutes-les-actualites\/bouake-afin-de-renforcer-la-cohesion-sociale-une-importante-rencontre-entre-la-pscpd-et-la-population-organisee\"},\"author\":{\"name\":\"cfeditorfr\",\"@id\":\"https:\/\/www.africa-press.net\/cotedivoire\/#\/schema\/person\/2b1cf3cd81a31e3cd26889ca66d677f1\"},\"headline\":\"Bouak\u00e9, afin de renforcer la coh\u00e9sion sociale, une importante rencontre entre la PSCPD et la population organis\u00e9e\",\"datePublished\":\"2022-05-12T11:42:00+00:00\",\"dateModified\":\"2022-05-12T11:54:59+00:00\",\"mainEntityOfPage\":{\"@id\":\"https:\/\/www.africa-press.net\/cotedivoire\/toutes-les-actualites\/bouake-afin-de-renforcer-la-cohesion-sociale-une-importante-rencontre-entre-la-pscpd-et-la-population-organisee\"},\"wordCount\":362,\"commentCount\":0,\"image\":{\"@id\":\"https:\/\/www.africa-press.net\/cotedivoire\/toutes-les-actualites\/bouake-afin-de-renforcer-la-cohesion-sociale-une-importante-rencontre-entre-la-pscpd-et-la-population-organisee#primaryimage\"},\"thumbnailUrl\":\"https:\/\/static.africa-press.net\/cote\/sites\/43\/2022\/05\/postQueueImg_19-627cf57e5f270.jpg\",\"keywords\":[\"Africa Press\",\"Africa Press-C\u00f4te d'Ivoire\",\"Bouak\u00e9\",\"coh\u00e9sion sociale\",\"C\u00d4TE D'IVOIRE\",\"paix\",\"PSCPD\"],\"articleSection\":[\"Communaut\u00e9\",\"homepage-french\",\"Toutes les actualit\u00e9s\"],\"inLanguage\":\"fr-FR\",\"potentialAction\":[{\"@type\":\"CommentAction\",\"name\":\"Comment\",\"target\":[\"https:\/\/www.africa-press.net\/cotedivoire\/toutes-les-actualites\/bouake-afin-de-renforcer-la-cohesion-sociale-une-importante-rencontre-entre-la-pscpd-et-la-population-organisee#respond\"]}]},{\"@type\":\"WebPage\",\"@id\":\"https:\/\/www.africa-press.net\/cotedivoire\/toutes-les-actualites\/bouake-afin-de-renforcer-la-cohesion-sociale-une-importante-rencontre-entre-la-pscpd-et-la-population-organisee\",\"url\":\"https:\/\/www.africa-press.net\/cotedivoire\/toutes-les-actualites\/bouake-afin-de-renforcer-la-cohesion-sociale-une-importante-rencontre-entre-la-pscpd-et-la-population-organisee\",\"name\":\"Bouak\u00e9, afin de renforcer la coh\u00e9sion sociale, une importante rencontre entre la PSCPD et la population organis\u00e9e - C\u00f4te d&#039;Ivoire\",\"isPartOf\":{\"@id\":\"https:\/\/www.africa-press.net\/cotedivoire\/#website\"},\"primaryImageOfPage\":{\"@id\":\"https:\/\/www.africa-press.net\/cotedivoire\/toutes-les-actualites\/bouake-afin-de-renforcer-la-cohesion-sociale-une-importante-rencontre-entre-la-pscpd-et-la-population-organisee#primaryimage\"},\"image\":{\"@id\":\"https:\/\/www.africa-press.net\/cotedivoire\/toutes-les-actualites\/bouake-afin-de-renforcer-la-cohesion-sociale-une-importante-rencontre-entre-la-pscpd-et-la-population-organisee#primaryimage\"},\"thumbnailUrl\":\"https:\/\/static.africa-press.net\/cote\/sites\/43\/2022\/05\/postQueueImg_19-627cf57e5f270.jpg\",\"datePublished\":\"2022-05-12T11:42:00+00:00\",\"dateModified\":\"2022-05-12T11:54:59+00:00\",\"author\":{\"@id\":\"https:\/\/www.africa-press.net\/cotedivoire\/#\/schema\/person\/2b1cf3cd81a31e3cd26889ca66d677f1\"},\"description\":\"Ce mardi 10 mai 2022 \u00e0 Bouak\u00e9, la Plateforme de la Soci\u00e9t\u00e9 Civile pour la Paix et la D\u00e9mocratie (PSCPD) a eu une rencont ...\",\"breadcrumb\":{\"@id\":\"https:\/\/www.africa-press.net\/cotedivoire\/toutes-les-actualites\/bouake-afin-de-renforcer-la-cohesion-sociale-une-importante-rencontre-entre-la-pscpd-et-la-population-organisee#breadcrumb\"},\"inLanguage\":\"fr-FR\",\"potentialAction\":[{\"@type\":\"ReadAction\",\"target\":[\"https:\/\/www.africa-press.net\/cotedivoire\/toutes-les-actualites\/bouake-afin-de-renforcer-la-cohesion-sociale-une-importante-rencontre-entre-la-pscpd-et-la-population-organisee\"]}]},{\"@type\":\"ImageObject\",\"inLanguage\":\"fr-FR\",\"@id\":\"https:\/\/www.africa-press.net\/cotedivoire\/toutes-les-actualites\/bouake-afin-de-renforcer-la-cohesion-sociale-une-importante-rencontre-entre-la-pscpd-et-la-population-organisee#primaryimage\",\"url\":\"https:\/\/static.africa-press.net\/cote\/sites\/43\/2022\/05\/postQueueImg_19-627cf57e5f270.jpg\",\"contentUrl\":\"https:\/\/static.africa-press.net\/cote\/sites\/43\/2022\/05\/postQueueImg_19-627cf57e5f270.jpg\",\"width\":720,\"height\":325,\"caption\":\"Bouak\u00e9, afin de renforcer la coh\u00e9sion sociale, une importante rencontre entre la PSCPD et la population organis\u00e9e\"},{\"@type\":\"BreadcrumbList\",\"@id\":\"https:\/\/www.africa-press.net\/cotedivoire\/toutes-les-actualites\/bouake-afin-de-renforcer-la-cohesion-sociale-une-importante-rencontre-entre-la-pscpd-et-la-population-organisee#breadcrumb\",\"itemListElement\":[{\"@type\":\"ListItem\",\"position\":1,\"name\":\"Accueil\",\"item\":\"https:\/\/www.africa-press.net\/cotedivoire\/\"},{\"@type\":\"ListItem\",\"position\":2,\"name\":\"Bouak\u00e9, afin de renforcer la coh\u00e9sion sociale, une importante rencontre entre la PSCPD et la population organis\u00e9e\"}]},{\"@type\":\"WebSite\",\"@id\":\"https:\/\/www.africa-press.net\/cotedivoire\/#website\",\"url\":\"https:\/\/www.africa-press.net\/cotedivoire\/\",\"name\":\"C\u00f4te d&#039;Ivoire\",\"description\":\"Just another Africa News Agency Sites site\",\"potentialAction\":[{\"@type\":\"SearchAction\",\"target\":{\"@type\":\"EntryPoint\",\"urlTemplate\":\"https:\/\/www.africa-press.net\/cotedivoire\/?s={search_term_string}\"},\"query-input\":{\"@type\":\"PropertyValueSpecification\",\"valueRequired\":true,\"valueName\":\"search_term_string\"}}],\"inLanguage\":\"fr-FR\"},{\"@type\":\"Person\",\"@id\":\"https:\/\/www.africa-press.net\/cotedivoire\/#\/schema\/person\/2b1cf3cd81a31e3cd26889ca66d677f1\",\"name\":\"cfeditorfr\"}]}<\/script>\n<!-- \/ Yoast SEO Premium plugin. -->","yoast_head_json":{"title":"Bouak\u00e9, afin de renforcer la coh\u00e9sion sociale, une importante rencontre entre la PSCPD et la population organis\u00e9e - C\u00f4te d&#039;Ivoire","description":"Ce mardi 10 mai 2022 \u00e0 Bouak\u00e9, la Plateforme de la Soci\u00e9t\u00e9 Civile pour la Paix et la D\u00e9mocratie (PSCPD) a eu une rencont ...","robots":{"index":"index","follow":"follow","max-snippet":"max-snippet:-1","max-image-preview":"max-image-preview:large","max-video-preview":"max-video-preview:-1"},"canonical":"https:\/\/www.africa-press.net\/cotedivoire\/toutes-les-actualites\/bouake-afin-de-renforcer-la-cohesion-sociale-une-importante-rencontre-entre-la-pscpd-et-la-population-organisee","og_locale":"fr_FR","og_type":"article","og_title":"Bouak\u00e9, afin de renforcer la coh\u00e9sion sociale, une importante rencontre entre la PSCPD et la population organis\u00e9e","og_description":"Ce mardi 10 mai 2022 \u00e0 Bouak\u00e9, la Plateforme de la Soci\u00e9t\u00e9 Civile pour la Paix et la D\u00e9mocratie (PSCPD) a eu une rencont ...","og_url":"https:\/\/www.africa-press.net\/cotedivoire\/toutes-les-actualites\/bouake-afin-de-renforcer-la-cohesion-sociale-une-importante-rencontre-entre-la-pscpd-et-la-population-organisee","og_site_name":"C\u00f4te d&#039;Ivoire","article_published_time":"2022-05-12T11:42:00+00:00","article_modified_time":"2022-05-12T11:54:59+00:00","og_image":[{"width":720,"height":325,"url":"https:\/\/static.africa-press.net\/cote\/sites\/43\/2022\/05\/postQueueImg_19-627cf57e5f270.jpg","type":"image\/jpeg"}],"author":"cfeditorfr","twitter_card":"summary_large_image","twitter_misc":{"\u00c9crit par":"cfeditorfr","Dur\u00e9e de lecture estim\u00e9e":"2 minutes"},"schema":{"@context":"https:\/\/schema.org","@graph":[{"@type":"Article","@id":"https:\/\/www.africa-press.net\/cotedivoire\/toutes-les-actualites\/bouake-afin-de-renforcer-la-cohesion-sociale-une-importante-rencontre-entre-la-pscpd-et-la-population-organisee#article","isPartOf":{"@id":"https:\/\/www.africa-press.net\/cotedivoire\/toutes-les-actualites\/bouake-afin-de-renforcer-la-cohesion-sociale-une-importante-rencontre-entre-la-pscpd-et-la-population-organisee"},"author":{"name":"cfeditorfr","@id":"https:\/\/www.africa-press.net\/cotedivoire\/#\/schema\/person\/2b1cf3cd81a31e3cd26889ca66d677f1"},"headline":"Bouak\u00e9, afin de renforcer la coh\u00e9sion sociale, une importante rencontre entre la PSCPD et la population organis\u00e9e","datePublished":"2022-05-12T11:42:00+00:00","dateModified":"2022-05-12T11:54:59+00:00","mainEntityOfPage":{"@id":"https:\/\/www.africa-press.net\/cotedivoire\/toutes-les-actualites\/bouake-afin-de-renforcer-la-cohesion-sociale-une-importante-rencontre-entre-la-pscpd-et-la-population-organisee"},"wordCount":362,"commentCount":0,"image":{"@id":"https:\/\/www.africa-press.net\/cotedivoire\/toutes-les-actualites\/bouake-afin-de-renforcer-la-cohesion-sociale-une-importante-rencontre-entre-la-pscpd-et-la-population-organisee#primaryimage"},"thumbnailUrl":"https:\/\/static.africa-press.net\/cote\/sites\/43\/2022\/05\/postQueueImg_19-627cf57e5f270.jpg","keywords":["Africa Press","Africa Press-C\u00f4te d'Ivoire","Bouak\u00e9","coh\u00e9sion sociale","C\u00d4TE D'IVOIRE","paix","PSCPD"],"articleSection":["Communaut\u00e9","homepage-french","Toutes les actualit\u00e9s"],"inLanguage":"fr-FR","potentialAction":[{"@type":"CommentAction","name":"Comment","target":["https:\/\/www.africa-press.net\/cotedivoire\/toutes-les-actualites\/bouake-afin-de-renforcer-la-cohesion-sociale-une-importante-rencontre-entre-la-pscpd-et-la-population-organisee#respond"]}]},{"@type":"WebPage","@id":"https:\/\/www.africa-press.net\/cotedivoire\/toutes-les-actualites\/bouake-afin-de-renforcer-la-cohesion-sociale-une-importante-rencontre-entre-la-pscpd-et-la-population-organisee","url":"https:\/\/www.africa-press.net\/cotedivoire\/toutes-les-actualites\/bouake-afin-de-renforcer-la-cohesion-sociale-une-importante-rencontre-entre-la-pscpd-et-la-population-organisee","name":"Bouak\u00e9, afin de renforcer la coh\u00e9sion sociale, une importante rencontre entre la PSCPD et la population organis\u00e9e - C\u00f4te d&#039;Ivoire","isPartOf":{"@id":"https:\/\/www.africa-press.net\/cotedivoire\/#website"},"primaryImageOfPage":{"@id":"https:\/\/www.africa-press.net\/cotedivoire\/toutes-les-actualites\/bouake-afin-de-renforcer-la-cohesion-sociale-une-importante-rencontre-entre-la-pscpd-et-la-population-organisee#primaryimage"},"image":{"@id":"https:\/\/www.africa-press.net\/cotedivoire\/toutes-les-actualites\/bouake-afin-de-renforcer-la-cohesion-sociale-une-importante-rencontre-entre-la-pscpd-et-la-population-organisee#primaryimage"},"thumbnailUrl":"https:\/\/static.africa-press.net\/cote\/sites\/43\/2022\/05\/postQueueImg_19-627cf57e5f270.jpg","datePublished":"2022-05-12T11:42:00+00:00","dateModified":"2022-05-12T11:54:59+00:00","author":{"@id":"https:\/\/www.africa-press.net\/cotedivoire\/#\/schema\/person\/2b1cf3cd81a31e3cd26889ca66d677f1"},"description":"Ce mardi 10 mai 2022 \u00e0 Bouak\u00e9, la Plateforme de la Soci\u00e9t\u00e9 Civile pour la Paix et la D\u00e9mocratie (PSCPD) a eu une rencont ...","breadcrumb":{"@id":"https:\/\/www.africa-press.net\/cotedivoire\/toutes-les-actualites\/bouake-afin-de-renforcer-la-cohesion-sociale-une-importante-rencontre-entre-la-pscpd-et-la-population-organisee#breadcrumb"},"inLanguage":"fr-FR","potentialAction":[{"@type":"ReadAction","target":["https:\/\/www.africa-press.net\/cotedivoire\/toutes-les-actualites\/bouake-afin-de-renforcer-la-cohesion-sociale-une-importante-rencontre-entre-la-pscpd-et-la-population-organisee"]}]},{"@type":"ImageObject","inLanguage":"fr-FR","@id":"https:\/\/www.africa-press.net\/cotedivoire\/toutes-les-actualites\/bouake-afin-de-renforcer-la-cohesion-sociale-une-importante-rencontre-entre-la-pscpd-et-la-population-organisee#primaryimage","url":"https:\/\/static.africa-press.net\/cote\/sites\/43\/2022\/05\/postQueueImg_19-627cf57e5f270.jpg","contentUrl":"https:\/\/static.africa-press.net\/cote\/sites\/43\/2022\/05\/postQueueImg_19-627cf57e5f270.jpg","width":720,"height":325,"caption":"Bouak\u00e9, afin de renforcer la coh\u00e9sion sociale, une importante rencontre entre la PSCPD et la population organis\u00e9e"},{"@type":"BreadcrumbList","@id":"https:\/\/www.africa-press.net\/cotedivoire\/toutes-les-actualites\/bouake-afin-de-renforcer-la-cohesion-sociale-une-importante-rencontre-entre-la-pscpd-et-la-population-organisee#breadcrumb","itemListElement":[{"@type":"ListItem","position":1,"name":"Accueil","item":"https:\/\/www.africa-press.net\/cotedivoire\/"},{"@type":"ListItem","position":2,"name":"Bouak\u00e9, afin de renforcer la coh\u00e9sion sociale, une importante rencontre entre la PSCPD et la population organis\u00e9e"}]},{"@type":"WebSite","@id":"https:\/\/www.africa-press.net\/cotedivoire\/#website","url":"https:\/\/www.africa-press.net\/cotedivoire\/","name":"C\u00f4te d&#039;Ivoire","description":"Just another Africa News Agency Sites site","potentialAction":[{"@type":"SearchAction","target":{"@type":"EntryPoint","urlTemplate":"https:\/\/www.africa-press.net\/cotedivoire\/?s={search_term_string}"},"query-input":{"@type":"PropertyValueSpecification","valueRequired":true,"valueName":"search_term_string"}}],"inLanguage":"fr-FR"},{"@type":"Person","@id":"https:\/\/www.africa-press.net\/cotedivoire\/#\/schema\/person\/2b1cf3cd81a31e3cd26889ca66d677f1","name":"cfeditorfr"}]}},"_links":{"self":[{"href":"https:\/\/www.africa-press.net\/cotedivoire\/wp-json\/wp\/v2\/posts\/35085","targetHints":{"allow":["GET"]}}],"collection":[{"href":"https:\/\/www.africa-press.net\/cotedivoire\/wp-json\/wp\/v2\/posts"}],"about":[{"href":"https:\/\/www.africa-press.net\/cotedivoire\/wp-json\/wp\/v2\/types\/post"}],"author":[{"embeddable":true,"href":"https:\/\/www.africa-press.net\/cotedivoire\/wp-json\/wp\/v2\/users\/82"}],"replies":[{"embeddable":true,"href":"https:\/\/www.africa-press.net\/cotedivoire\/wp-json\/wp\/v2\/comments?post=35085"}],"version-history":[{"count":0,"href":"https:\/\/www.africa-press.net\/cotedivoire\/wp-json\/wp\/v2\/posts\/35085\/revisions"}],"wp:featuredmedia":[{"embeddable":true,"href":"https:\/\/www.africa-press.net\/cotedivoire\/wp-json\/wp\/v2\/media\/35084"}],"wp:attachment":[{"href":"https:\/\/www.africa-press.net\/cotedivoire\/wp-json\/wp\/v2\/media?parent=35085"}],"wp:term":[{"taxonomy":"category","embeddable":true,"href":"https:\/\/www.africa-press.net\/cotedivoire\/wp-json\/wp\/v2\/categories?post=35085"},{"taxonomy":"post_tag","embeddable":true,"href":"https:\/\/www.africa-press.net\/cotedivoire\/wp-json\/wp\/v2\/tags?post=35085"}],"curies":[{"name":"wp","href":"https:\/\/api.w.org\/{rel}","templated":true}]}}