{"id":35094,"date":"2022-05-12T11:43:00","date_gmt":"2022-05-12T11:43:00","guid":{"rendered":"https:\/\/www.africa-press.net\/cotedivoire\/politique\/fonds-covid-19-plus-de-53-milliards-de-fcfa-deposes-sur-les-comptes-des-cooperatives-impactees-des-organisations-de-producteurs-veulent-magnifier-ouattara-le-4juin-a-yamoussoukro"},"modified":"2022-05-12T11:56:25","modified_gmt":"2022-05-12T11:56:25","slug":"fonds-covid-19-plus-de-53-milliards-de-fcfa-deposes-sur-les-comptes-des-cooperatives-impactees-des-organisations-de-producteurs-veulent-magnifier-ouattara-le-4juin-a-yamoussoukro","status":"publish","type":"post","link":"https:\/\/www.africa-press.net\/cotedivoire\/toutes-les-actualites\/fonds-covid-19-plus-de-53-milliards-de-fcfa-deposes-sur-les-comptes-des-cooperatives-impactees-des-organisations-de-producteurs-veulent-magnifier-ouattara-le-4juin-a-yamoussoukro","title":{"rendered":"Fonds COVID-19, plus de 5,3 milliards de FCFA d\u00e9pos\u00e9s sur les comptes des coop\u00e9ratives impact\u00e9es, des organisations de producteurs veulent magnifier Ouattara le 4juin \u00e0 Yamoussoukro"},"content":{"rendered":"<p><span style=\"color: #ff6600\"><strong>Africa-Press &#8211; C\u00f4te d&rsquo;Ivoire. <\/strong><\/span><b> <\/b>En raison de l&rsquo;octroi d&rsquo;une subvention de 17 milliards de FCFA \u00e0 la fili\u00e8re caf\u00e9-cacao pour compenser les pertes enregistr\u00e9es lors de la maladie \u00e0 COVID-19, des producteurs et productrices d\u00e9cident de rendre hommage au Pr\u00e9sident de la R\u00e9publique, le samedi 4 juin 2022 \u00e0 Yamoussoukro.<\/p>\n<p>Le comit\u00e9 d&rsquo;organisation de cette manifestation d\u00e9nomm\u00e9e \u00ab Journ\u00e9e nationale d&rsquo;hommage des producteurs de caf\u00e9-cacao au Pr\u00e9sident de la R\u00e9publique \u00bb pr\u00e9sid\u00e9e par Kon\u00e9 Moussa a donn\u00e9 l&rsquo;information \u00e0 la presse cet apr\u00e8s-midi au cours d&rsquo;une rencontre \u00e0 Abidjan.<\/p>\n<p>Les initiateurs justifient \u00e9galement cette c\u00e9r\u00e9monie, par le fait que le chef de l&rsquo;Etat ivoirien a maintenu le prix du kilo de cacao \u00e0 825 FCFA, malgr\u00e9 la crise et la baisse constante des prix sur le march\u00e9 mondial, le respect de l&rsquo;engagement de Ouattara \u00e0 donner au moins 60% du prix CAF aux producteurs, le rapprochement entre la C\u00f4te d&rsquo;Ivoire et le Ghana pour conduire la mise en \u0153uvre de la politique du prix plancher de vente de cacao.<\/p>\n<p>Enfin, ils veulent magnifier le Pr\u00e9sident de la R\u00e9publique parce que son gouvernement a initi\u00e9 le programme de l&rsquo;industrialisation du secteur caf\u00e9-cacao pour am\u00e9liorer la cha\u00eene des valeurs et permettre ainsi aux producteurs d&rsquo;avoir des revenus cons\u00e9quents pour une am\u00e9lioration de leurs conditions de vie.<\/p>\n<p>Comme l&rsquo;a indiqu\u00e9, Si\u00e9 Kambou, cette c\u00e9r\u00e9monie est plac\u00e9e sous le patronage du Premier ministre et sous la copr\u00e9sidence des ministres de la D\u00e9fense et de l&rsquo;Agriculture. Enfin, l&rsquo;activit\u00e9 sera parrain\u00e9e par le Directeur g\u00e9n\u00e9ral du Conseil caf\u00e9-cacao.<\/p>\n<p>Ce sont 30 mille producteurs et productrices qui sont attendus \u00e0 la place Jean-Paul 2 le samedi 4 juin 2022 et pour la r\u00e9ussite de l&rsquo;\u00e9v\u00e9nement, les organisations des producteurs annoncent qu\u2019elles organiseront une tourn\u00e9e d&rsquo;informations et de sensibilisation dans les zones de production de caf\u00e9-cacao qui d\u00e9marrera le 13 mai \u00e0 Daloa et prendra fin le 26 mai prochain.<\/p>\n<p>\u00ab Toutes les actions du chef de l&rsquo;Etat prouvent qu&rsquo;il place les producteurs au c\u0153ur de ses pr\u00e9occupations. Nous demandons aux producteurs de r\u00e9server un accueil chaleureux aux leaders d&rsquo;organisations qui seront bient\u00f4t sur le terrain \u00bb, a pr\u00e9cis\u00e9, Si\u00e9 Kambou, Secr\u00e9taire g\u00e9n\u00e9ral permanent.<\/p>\n<p>Cliquez pour agrandir l&rsquo;image<\/p>\n<p>Lors des \u00e9changes, le Pr\u00e9sident du Comit\u00e9 d&rsquo;organisation, Kon\u00e9 Moussa a affirm\u00e9 que sur les 17 milliards de FCFA pr\u00e9vus pour l&rsquo;indemnisation des planteurs 12 milliards de FCFA ont \u00e9t\u00e9 mis \u00e0 la disposition du Conseil Caf\u00e9-cacao.<\/p>\n<p>Il a annonc\u00e9 qu\u2019\u00e0 ce jour, ce sont 5,312 milliards de FCFA qui ont \u00e9t\u00e9 d\u00e9pos\u00e9s dans les comptes des coop\u00e9ratives impact\u00e9es par la COVID-19.<\/p>\n<p>\u00ab Le Conseil nous a pr\u00e9sent\u00e9 des documents qui attestent qu&rsquo;il a re\u00e7u 12 milliards de FCFA. Les 5 autres milliards de FCFA sont distribu\u00e9s aux exportateurs nationaux. Nous n&rsquo;avons pas fait d&rsquo;opposition, puisque les exportateurs nationaux sont nos fr\u00e8res. Nous profitons pour les inviter \u00e0 la c\u00e9r\u00e9monie du 4 juin. Ils vont b\u00e9n\u00e9ficier de 5 milliards de FCFA alors qu&rsquo;ils n\u2019ont pas observ\u00e9 de gr\u00e8ve \u00bb, a conclu, le Pr\u00e9sident de la COPAGRI.<\/p>\n<p><strong>Pour plus d&rsquo;informations et d&rsquo;analyses sur la <a href=\"https:\/\/www.africa-press.net\/cotedivoire\">C\u00f4te d&rsquo;Ivoire<\/a>, suivez <a href=\"https:\/\/www.africa-press.net\/\">Africa-Press<\/a><\/strong><\/p>\n","protected":false},"excerpt":{"rendered":"<p>Africa-Press &#8211; C\u00f4te d&rsquo;Ivoire. En raison de l&rsquo;octroi d&rsquo;une subvention de 17 milliards de FCFA \u00e0 la fili\u00e8re caf\u00e9-cacao pour compenser les pertes enregistr\u00e9es lors de la maladie \u00e0 COVID-19, des producteurs et productrices d\u00e9cident de rendre hommage au Pr\u00e9sident de la R\u00e9publique, le samedi 4 juin 2022 \u00e0 Yamoussoukro. Le comit\u00e9 d&rsquo;organisation de cette [&hellip;]<\/p>\n","protected":false},"author":82,"featured_media":35093,"comment_status":"open","ping_status":"closed","sticky":false,"template":"","format":"standard","meta":{"footnotes":""},"categories":[21,11,10],"tags":[56,63,6018,29,6017,6015,6016],"class_list":["post-35094","post","type-post","status-publish","format-standard","has-post-thumbnail","hentry","category-communaute","category-homepage-french","category-toutes-les-actualites","tag-africa-press","tag-africa-press-cote-divoire","tag-copagri","tag-cote-divoire","tag-kone-moussa","tag-planteurs","tag-sie-kambou"],"yoast_head":"<!-- This site is optimized with the Yoast SEO Premium plugin v26.1 (Yoast SEO v27.0) - https:\/\/yoast.com\/product\/yoast-seo-premium-wordpress\/ -->\n<title>Fonds COVID-19, plus de 5,3 milliards de FCFA d\u00e9pos\u00e9s sur les comptes des coop\u00e9ratives impact\u00e9es, des organisations de producteurs veulent magnifier Ouattara le 4juin \u00e0 Yamoussoukro - C\u00f4te d&#039;Ivoire<\/title>\n<meta name=\"description\" content=\"En raison de l&#039;octroi d&#039;une subvention de 17 milliards de FCFA \u00e0 la fili\u00e8re caf\u00e9-cacao pour compenser les pertes ...\" \/>\n<meta name=\"robots\" content=\"index, follow, max-snippet:-1, max-image-preview:large, max-video-preview:-1\" \/>\n<link rel=\"canonical\" href=\"https:\/\/www.africa-press.net\/cotedivoire\/toutes-les-actualites\/fonds-covid-19-plus-de-53-milliards-de-fcfa-deposes-sur-les-comptes-des-cooperatives-impactees-des-organisations-de-producteurs-veulent-magnifier-ouattara-le-4juin-a-yamoussoukro\" \/>\n<meta property=\"og:locale\" content=\"fr_FR\" \/>\n<meta property=\"og:type\" content=\"article\" \/>\n<meta property=\"og:title\" content=\"Fonds COVID-19, plus de 5,3 milliards de FCFA d\u00e9pos\u00e9s sur les comptes des coop\u00e9ratives impact\u00e9es, des organisations de producteurs veulent magnifier Ouattara le 4juin \u00e0 Yamoussoukro\" \/>\n<meta property=\"og:description\" content=\"En raison de l&#039;octroi d&#039;une subvention de 17 milliards de FCFA \u00e0 la fili\u00e8re caf\u00e9-cacao pour compenser les pertes ...\" \/>\n<meta property=\"og:url\" content=\"https:\/\/www.africa-press.net\/cotedivoire\/toutes-les-actualites\/fonds-covid-19-plus-de-53-milliards-de-fcfa-deposes-sur-les-comptes-des-cooperatives-impactees-des-organisations-de-producteurs-veulent-magnifier-ouattara-le-4juin-a-yamoussoukro\" \/>\n<meta property=\"og:site_name\" content=\"C\u00f4te d&#039;Ivoire\" \/>\n<meta property=\"article:published_time\" content=\"2022-05-12T11:43:00+00:00\" \/>\n<meta property=\"article:modified_time\" content=\"2022-05-12T11:56:25+00:00\" \/>\n<meta property=\"og:image\" content=\"https:\/\/static.africa-press.net\/cote\/sites\/43\/2022\/05\/postQueueImg_22-627cf5d435b23.jpg\" \/>\n\t<meta property=\"og:image:width\" content=\"720\" \/>\n\t<meta property=\"og:image:height\" content=\"336\" \/>\n\t<meta property=\"og:image:type\" content=\"image\/jpeg\" \/>\n<meta name=\"author\" content=\"cfeditorfr\" \/>\n<meta name=\"twitter:card\" content=\"summary_large_image\" \/>\n<meta name=\"twitter:label1\" content=\"\u00c9crit par\" \/>\n\t<meta name=\"twitter:data1\" content=\"cfeditorfr\" \/>\n\t<meta name=\"twitter:label2\" content=\"Dur\u00e9e de lecture estim\u00e9e\" \/>\n\t<meta name=\"twitter:data2\" content=\"3 minutes\" \/>\n<script type=\"application\/ld+json\" class=\"yoast-schema-graph\">{\"@context\":\"https:\/\/schema.org\",\"@graph\":[{\"@type\":\"Article\",\"@id\":\"https:\/\/www.africa-press.net\/cotedivoire\/toutes-les-actualites\/fonds-covid-19-plus-de-53-milliards-de-fcfa-deposes-sur-les-comptes-des-cooperatives-impactees-des-organisations-de-producteurs-veulent-magnifier-ouattara-le-4juin-a-yamoussoukro#article\",\"isPartOf\":{\"@id\":\"https:\/\/www.africa-press.net\/cotedivoire\/toutes-les-actualites\/fonds-covid-19-plus-de-53-milliards-de-fcfa-deposes-sur-les-comptes-des-cooperatives-impactees-des-organisations-de-producteurs-veulent-magnifier-ouattara-le-4juin-a-yamoussoukro\"},\"author\":{\"name\":\"cfeditorfr\",\"@id\":\"https:\/\/www.africa-press.net\/cotedivoire\/#\/schema\/person\/2b1cf3cd81a31e3cd26889ca66d677f1\"},\"headline\":\"Fonds COVID-19, plus de 5,3 milliards de FCFA d\u00e9pos\u00e9s sur les comptes des coop\u00e9ratives impact\u00e9es, des organisations de producteurs veulent magnifier Ouattara le 4juin \u00e0 Yamoussoukro\",\"datePublished\":\"2022-05-12T11:43:00+00:00\",\"dateModified\":\"2022-05-12T11:56:25+00:00\",\"mainEntityOfPage\":{\"@id\":\"https:\/\/www.africa-press.net\/cotedivoire\/toutes-les-actualites\/fonds-covid-19-plus-de-53-milliards-de-fcfa-deposes-sur-les-comptes-des-cooperatives-impactees-des-organisations-de-producteurs-veulent-magnifier-ouattara-le-4juin-a-yamoussoukro\"},\"wordCount\":598,\"commentCount\":0,\"image\":{\"@id\":\"https:\/\/www.africa-press.net\/cotedivoire\/toutes-les-actualites\/fonds-covid-19-plus-de-53-milliards-de-fcfa-deposes-sur-les-comptes-des-cooperatives-impactees-des-organisations-de-producteurs-veulent-magnifier-ouattara-le-4juin-a-yamoussoukro#primaryimage\"},\"thumbnailUrl\":\"https:\/\/static.africa-press.net\/cote\/sites\/43\/2022\/05\/postQueueImg_22-627cf5d435b23.jpg\",\"keywords\":[\"Africa Press\",\"Africa Press-C\u00f4te d'Ivoire\",\"COPAGRI\",\"C\u00d4TE D'IVOIRE\",\"Kon\u00e9 Moussa\",\"planteurs\",\"Si\u00e9 Kambou\"],\"articleSection\":[\"Communaut\u00e9\",\"homepage-french\",\"Toutes les actualit\u00e9s\"],\"inLanguage\":\"fr-FR\",\"potentialAction\":[{\"@type\":\"CommentAction\",\"name\":\"Comment\",\"target\":[\"https:\/\/www.africa-press.net\/cotedivoire\/toutes-les-actualites\/fonds-covid-19-plus-de-53-milliards-de-fcfa-deposes-sur-les-comptes-des-cooperatives-impactees-des-organisations-de-producteurs-veulent-magnifier-ouattara-le-4juin-a-yamoussoukro#respond\"]}]},{\"@type\":\"WebPage\",\"@id\":\"https:\/\/www.africa-press.net\/cotedivoire\/toutes-les-actualites\/fonds-covid-19-plus-de-53-milliards-de-fcfa-deposes-sur-les-comptes-des-cooperatives-impactees-des-organisations-de-producteurs-veulent-magnifier-ouattara-le-4juin-a-yamoussoukro\",\"url\":\"https:\/\/www.africa-press.net\/cotedivoire\/toutes-les-actualites\/fonds-covid-19-plus-de-53-milliards-de-fcfa-deposes-sur-les-comptes-des-cooperatives-impactees-des-organisations-de-producteurs-veulent-magnifier-ouattara-le-4juin-a-yamoussoukro\",\"name\":\"Fonds COVID-19, plus de 5,3 milliards de FCFA d\u00e9pos\u00e9s sur les comptes des coop\u00e9ratives impact\u00e9es, des organisations de producteurs veulent magnifier Ouattara le 4juin \u00e0 Yamoussoukro - C\u00f4te d&#039;Ivoire\",\"isPartOf\":{\"@id\":\"https:\/\/www.africa-press.net\/cotedivoire\/#website\"},\"primaryImageOfPage\":{\"@id\":\"https:\/\/www.africa-press.net\/cotedivoire\/toutes-les-actualites\/fonds-covid-19-plus-de-53-milliards-de-fcfa-deposes-sur-les-comptes-des-cooperatives-impactees-des-organisations-de-producteurs-veulent-magnifier-ouattara-le-4juin-a-yamoussoukro#primaryimage\"},\"image\":{\"@id\":\"https:\/\/www.africa-press.net\/cotedivoire\/toutes-les-actualites\/fonds-covid-19-plus-de-53-milliards-de-fcfa-deposes-sur-les-comptes-des-cooperatives-impactees-des-organisations-de-producteurs-veulent-magnifier-ouattara-le-4juin-a-yamoussoukro#primaryimage\"},\"thumbnailUrl\":\"https:\/\/static.africa-press.net\/cote\/sites\/43\/2022\/05\/postQueueImg_22-627cf5d435b23.jpg\",\"datePublished\":\"2022-05-12T11:43:00+00:00\",\"dateModified\":\"2022-05-12T11:56:25+00:00\",\"author\":{\"@id\":\"https:\/\/www.africa-press.net\/cotedivoire\/#\/schema\/person\/2b1cf3cd81a31e3cd26889ca66d677f1\"},\"description\":\"En raison de l'octroi d'une subvention de 17 milliards de FCFA \u00e0 la fili\u00e8re caf\u00e9-cacao pour compenser les pertes ...\",\"breadcrumb\":{\"@id\":\"https:\/\/www.africa-press.net\/cotedivoire\/toutes-les-actualites\/fonds-covid-19-plus-de-53-milliards-de-fcfa-deposes-sur-les-comptes-des-cooperatives-impactees-des-organisations-de-producteurs-veulent-magnifier-ouattara-le-4juin-a-yamoussoukro#breadcrumb\"},\"inLanguage\":\"fr-FR\",\"potentialAction\":[{\"@type\":\"ReadAction\",\"target\":[\"https:\/\/www.africa-press.net\/cotedivoire\/toutes-les-actualites\/fonds-covid-19-plus-de-53-milliards-de-fcfa-deposes-sur-les-comptes-des-cooperatives-impactees-des-organisations-de-producteurs-veulent-magnifier-ouattara-le-4juin-a-yamoussoukro\"]}]},{\"@type\":\"ImageObject\",\"inLanguage\":\"fr-FR\",\"@id\":\"https:\/\/www.africa-press.net\/cotedivoire\/toutes-les-actualites\/fonds-covid-19-plus-de-53-milliards-de-fcfa-deposes-sur-les-comptes-des-cooperatives-impactees-des-organisations-de-producteurs-veulent-magnifier-ouattara-le-4juin-a-yamoussoukro#primaryimage\",\"url\":\"https:\/\/static.africa-press.net\/cote\/sites\/43\/2022\/05\/postQueueImg_22-627cf5d435b23.jpg\",\"contentUrl\":\"https:\/\/static.africa-press.net\/cote\/sites\/43\/2022\/05\/postQueueImg_22-627cf5d435b23.jpg\",\"width\":720,\"height\":336,\"caption\":\"Fonds COVID-19, plus de 5,3 milliards de FCFA d\u00e9pos\u00e9s sur les comptes des coop\u00e9ratives impact\u00e9es, des organisations de producteurs veulent magnifier Ouattara le 4juin \u00e0 Yamoussoukro\"},{\"@type\":\"BreadcrumbList\",\"@id\":\"https:\/\/www.africa-press.net\/cotedivoire\/toutes-les-actualites\/fonds-covid-19-plus-de-53-milliards-de-fcfa-deposes-sur-les-comptes-des-cooperatives-impactees-des-organisations-de-producteurs-veulent-magnifier-ouattara-le-4juin-a-yamoussoukro#breadcrumb\",\"itemListElement\":[{\"@type\":\"ListItem\",\"position\":1,\"name\":\"Accueil\",\"item\":\"https:\/\/www.africa-press.net\/cotedivoire\/\"},{\"@type\":\"ListItem\",\"position\":2,\"name\":\"Fonds COVID-19, plus de 5,3 milliards de FCFA d\u00e9pos\u00e9s sur les comptes des coop\u00e9ratives impact\u00e9es, des organisations de producteurs veulent magnifier Ouattara le 4juin \u00e0 Yamoussoukro\"}]},{\"@type\":\"WebSite\",\"@id\":\"https:\/\/www.africa-press.net\/cotedivoire\/#website\",\"url\":\"https:\/\/www.africa-press.net\/cotedivoire\/\",\"name\":\"C\u00f4te d&#039;Ivoire\",\"description\":\"Just another Africa News Agency Sites site\",\"potentialAction\":[{\"@type\":\"SearchAction\",\"target\":{\"@type\":\"EntryPoint\",\"urlTemplate\":\"https:\/\/www.africa-press.net\/cotedivoire\/?s={search_term_string}\"},\"query-input\":{\"@type\":\"PropertyValueSpecification\",\"valueRequired\":true,\"valueName\":\"search_term_string\"}}],\"inLanguage\":\"fr-FR\"},{\"@type\":\"Person\",\"@id\":\"https:\/\/www.africa-press.net\/cotedivoire\/#\/schema\/person\/2b1cf3cd81a31e3cd26889ca66d677f1\",\"name\":\"cfeditorfr\"}]}<\/script>\n<!-- \/ Yoast SEO Premium plugin. -->","yoast_head_json":{"title":"Fonds COVID-19, plus de 5,3 milliards de FCFA d\u00e9pos\u00e9s sur les comptes des coop\u00e9ratives impact\u00e9es, des organisations de producteurs veulent magnifier Ouattara le 4juin \u00e0 Yamoussoukro - C\u00f4te d&#039;Ivoire","description":"En raison de l'octroi d'une subvention de 17 milliards de FCFA \u00e0 la fili\u00e8re caf\u00e9-cacao pour compenser les pertes ...","robots":{"index":"index","follow":"follow","max-snippet":"max-snippet:-1","max-image-preview":"max-image-preview:large","max-video-preview":"max-video-preview:-1"},"canonical":"https:\/\/www.africa-press.net\/cotedivoire\/toutes-les-actualites\/fonds-covid-19-plus-de-53-milliards-de-fcfa-deposes-sur-les-comptes-des-cooperatives-impactees-des-organisations-de-producteurs-veulent-magnifier-ouattara-le-4juin-a-yamoussoukro","og_locale":"fr_FR","og_type":"article","og_title":"Fonds COVID-19, plus de 5,3 milliards de FCFA d\u00e9pos\u00e9s sur les comptes des coop\u00e9ratives impact\u00e9es, des organisations de producteurs veulent magnifier Ouattara le 4juin \u00e0 Yamoussoukro","og_description":"En raison de l'octroi d'une subvention de 17 milliards de FCFA \u00e0 la fili\u00e8re caf\u00e9-cacao pour compenser les pertes ...","og_url":"https:\/\/www.africa-press.net\/cotedivoire\/toutes-les-actualites\/fonds-covid-19-plus-de-53-milliards-de-fcfa-deposes-sur-les-comptes-des-cooperatives-impactees-des-organisations-de-producteurs-veulent-magnifier-ouattara-le-4juin-a-yamoussoukro","og_site_name":"C\u00f4te d&#039;Ivoire","article_published_time":"2022-05-12T11:43:00+00:00","article_modified_time":"2022-05-12T11:56:25+00:00","og_image":[{"width":720,"height":336,"url":"https:\/\/static.africa-press.net\/cote\/sites\/43\/2022\/05\/postQueueImg_22-627cf5d435b23.jpg","type":"image\/jpeg"}],"author":"cfeditorfr","twitter_card":"summary_large_image","twitter_misc":{"\u00c9crit par":"cfeditorfr","Dur\u00e9e de lecture estim\u00e9e":"3 minutes"},"schema":{"@context":"https:\/\/schema.org","@graph":[{"@type":"Article","@id":"https:\/\/www.africa-press.net\/cotedivoire\/toutes-les-actualites\/fonds-covid-19-plus-de-53-milliards-de-fcfa-deposes-sur-les-comptes-des-cooperatives-impactees-des-organisations-de-producteurs-veulent-magnifier-ouattara-le-4juin-a-yamoussoukro#article","isPartOf":{"@id":"https:\/\/www.africa-press.net\/cotedivoire\/toutes-les-actualites\/fonds-covid-19-plus-de-53-milliards-de-fcfa-deposes-sur-les-comptes-des-cooperatives-impactees-des-organisations-de-producteurs-veulent-magnifier-ouattara-le-4juin-a-yamoussoukro"},"author":{"name":"cfeditorfr","@id":"https:\/\/www.africa-press.net\/cotedivoire\/#\/schema\/person\/2b1cf3cd81a31e3cd26889ca66d677f1"},"headline":"Fonds COVID-19, plus de 5,3 milliards de FCFA d\u00e9pos\u00e9s sur les comptes des coop\u00e9ratives impact\u00e9es, des organisations de producteurs veulent magnifier Ouattara le 4juin \u00e0 Yamoussoukro","datePublished":"2022-05-12T11:43:00+00:00","dateModified":"2022-05-12T11:56:25+00:00","mainEntityOfPage":{"@id":"https:\/\/www.africa-press.net\/cotedivoire\/toutes-les-actualites\/fonds-covid-19-plus-de-53-milliards-de-fcfa-deposes-sur-les-comptes-des-cooperatives-impactees-des-organisations-de-producteurs-veulent-magnifier-ouattara-le-4juin-a-yamoussoukro"},"wordCount":598,"commentCount":0,"image":{"@id":"https:\/\/www.africa-press.net\/cotedivoire\/toutes-les-actualites\/fonds-covid-19-plus-de-53-milliards-de-fcfa-deposes-sur-les-comptes-des-cooperatives-impactees-des-organisations-de-producteurs-veulent-magnifier-ouattara-le-4juin-a-yamoussoukro#primaryimage"},"thumbnailUrl":"https:\/\/static.africa-press.net\/cote\/sites\/43\/2022\/05\/postQueueImg_22-627cf5d435b23.jpg","keywords":["Africa Press","Africa Press-C\u00f4te d'Ivoire","COPAGRI","C\u00d4TE D'IVOIRE","Kon\u00e9 Moussa","planteurs","Si\u00e9 Kambou"],"articleSection":["Communaut\u00e9","homepage-french","Toutes les actualit\u00e9s"],"inLanguage":"fr-FR","potentialAction":[{"@type":"CommentAction","name":"Comment","target":["https:\/\/www.africa-press.net\/cotedivoire\/toutes-les-actualites\/fonds-covid-19-plus-de-53-milliards-de-fcfa-deposes-sur-les-comptes-des-cooperatives-impactees-des-organisations-de-producteurs-veulent-magnifier-ouattara-le-4juin-a-yamoussoukro#respond"]}]},{"@type":"WebPage","@id":"https:\/\/www.africa-press.net\/cotedivoire\/toutes-les-actualites\/fonds-covid-19-plus-de-53-milliards-de-fcfa-deposes-sur-les-comptes-des-cooperatives-impactees-des-organisations-de-producteurs-veulent-magnifier-ouattara-le-4juin-a-yamoussoukro","url":"https:\/\/www.africa-press.net\/cotedivoire\/toutes-les-actualites\/fonds-covid-19-plus-de-53-milliards-de-fcfa-deposes-sur-les-comptes-des-cooperatives-impactees-des-organisations-de-producteurs-veulent-magnifier-ouattara-le-4juin-a-yamoussoukro","name":"Fonds COVID-19, plus de 5,3 milliards de FCFA d\u00e9pos\u00e9s sur les comptes des coop\u00e9ratives impact\u00e9es, des organisations de producteurs veulent magnifier Ouattara le 4juin \u00e0 Yamoussoukro - C\u00f4te d&#039;Ivoire","isPartOf":{"@id":"https:\/\/www.africa-press.net\/cotedivoire\/#website"},"primaryImageOfPage":{"@id":"https:\/\/www.africa-press.net\/cotedivoire\/toutes-les-actualites\/fonds-covid-19-plus-de-53-milliards-de-fcfa-deposes-sur-les-comptes-des-cooperatives-impactees-des-organisations-de-producteurs-veulent-magnifier-ouattara-le-4juin-a-yamoussoukro#primaryimage"},"image":{"@id":"https:\/\/www.africa-press.net\/cotedivoire\/toutes-les-actualites\/fonds-covid-19-plus-de-53-milliards-de-fcfa-deposes-sur-les-comptes-des-cooperatives-impactees-des-organisations-de-producteurs-veulent-magnifier-ouattara-le-4juin-a-yamoussoukro#primaryimage"},"thumbnailUrl":"https:\/\/static.africa-press.net\/cote\/sites\/43\/2022\/05\/postQueueImg_22-627cf5d435b23.jpg","datePublished":"2022-05-12T11:43:00+00:00","dateModified":"2022-05-12T11:56:25+00:00","author":{"@id":"https:\/\/www.africa-press.net\/cotedivoire\/#\/schema\/person\/2b1cf3cd81a31e3cd26889ca66d677f1"},"description":"En raison de l'octroi d'une subvention de 17 milliards de FCFA \u00e0 la fili\u00e8re caf\u00e9-cacao pour compenser les pertes ...","breadcrumb":{"@id":"https:\/\/www.africa-press.net\/cotedivoire\/toutes-les-actualites\/fonds-covid-19-plus-de-53-milliards-de-fcfa-deposes-sur-les-comptes-des-cooperatives-impactees-des-organisations-de-producteurs-veulent-magnifier-ouattara-le-4juin-a-yamoussoukro#breadcrumb"},"inLanguage":"fr-FR","potentialAction":[{"@type":"ReadAction","target":["https:\/\/www.africa-press.net\/cotedivoire\/toutes-les-actualites\/fonds-covid-19-plus-de-53-milliards-de-fcfa-deposes-sur-les-comptes-des-cooperatives-impactees-des-organisations-de-producteurs-veulent-magnifier-ouattara-le-4juin-a-yamoussoukro"]}]},{"@type":"ImageObject","inLanguage":"fr-FR","@id":"https:\/\/www.africa-press.net\/cotedivoire\/toutes-les-actualites\/fonds-covid-19-plus-de-53-milliards-de-fcfa-deposes-sur-les-comptes-des-cooperatives-impactees-des-organisations-de-producteurs-veulent-magnifier-ouattara-le-4juin-a-yamoussoukro#primaryimage","url":"https:\/\/static.africa-press.net\/cote\/sites\/43\/2022\/05\/postQueueImg_22-627cf5d435b23.jpg","contentUrl":"https:\/\/static.africa-press.net\/cote\/sites\/43\/2022\/05\/postQueueImg_22-627cf5d435b23.jpg","width":720,"height":336,"caption":"Fonds COVID-19, plus de 5,3 milliards de FCFA d\u00e9pos\u00e9s sur les comptes des coop\u00e9ratives impact\u00e9es, des organisations de producteurs veulent magnifier Ouattara le 4juin \u00e0 Yamoussoukro"},{"@type":"BreadcrumbList","@id":"https:\/\/www.africa-press.net\/cotedivoire\/toutes-les-actualites\/fonds-covid-19-plus-de-53-milliards-de-fcfa-deposes-sur-les-comptes-des-cooperatives-impactees-des-organisations-de-producteurs-veulent-magnifier-ouattara-le-4juin-a-yamoussoukro#breadcrumb","itemListElement":[{"@type":"ListItem","position":1,"name":"Accueil","item":"https:\/\/www.africa-press.net\/cotedivoire\/"},{"@type":"ListItem","position":2,"name":"Fonds COVID-19, plus de 5,3 milliards de FCFA d\u00e9pos\u00e9s sur les comptes des coop\u00e9ratives impact\u00e9es, des organisations de producteurs veulent magnifier Ouattara le 4juin \u00e0 Yamoussoukro"}]},{"@type":"WebSite","@id":"https:\/\/www.africa-press.net\/cotedivoire\/#website","url":"https:\/\/www.africa-press.net\/cotedivoire\/","name":"C\u00f4te d&#039;Ivoire","description":"Just another Africa News Agency Sites site","potentialAction":[{"@type":"SearchAction","target":{"@type":"EntryPoint","urlTemplate":"https:\/\/www.africa-press.net\/cotedivoire\/?s={search_term_string}"},"query-input":{"@type":"PropertyValueSpecification","valueRequired":true,"valueName":"search_term_string"}}],"inLanguage":"fr-FR"},{"@type":"Person","@id":"https:\/\/www.africa-press.net\/cotedivoire\/#\/schema\/person\/2b1cf3cd81a31e3cd26889ca66d677f1","name":"cfeditorfr"}]}},"_links":{"self":[{"href":"https:\/\/www.africa-press.net\/cotedivoire\/wp-json\/wp\/v2\/posts\/35094","targetHints":{"allow":["GET"]}}],"collection":[{"href":"https:\/\/www.africa-press.net\/cotedivoire\/wp-json\/wp\/v2\/posts"}],"about":[{"href":"https:\/\/www.africa-press.net\/cotedivoire\/wp-json\/wp\/v2\/types\/post"}],"author":[{"embeddable":true,"href":"https:\/\/www.africa-press.net\/cotedivoire\/wp-json\/wp\/v2\/users\/82"}],"replies":[{"embeddable":true,"href":"https:\/\/www.africa-press.net\/cotedivoire\/wp-json\/wp\/v2\/comments?post=35094"}],"version-history":[{"count":0,"href":"https:\/\/www.africa-press.net\/cotedivoire\/wp-json\/wp\/v2\/posts\/35094\/revisions"}],"wp:featuredmedia":[{"embeddable":true,"href":"https:\/\/www.africa-press.net\/cotedivoire\/wp-json\/wp\/v2\/media\/35093"}],"wp:attachment":[{"href":"https:\/\/www.africa-press.net\/cotedivoire\/wp-json\/wp\/v2\/media?parent=35094"}],"wp:term":[{"taxonomy":"category","embeddable":true,"href":"https:\/\/www.africa-press.net\/cotedivoire\/wp-json\/wp\/v2\/categories?post=35094"},{"taxonomy":"post_tag","embeddable":true,"href":"https:\/\/www.africa-press.net\/cotedivoire\/wp-json\/wp\/v2\/tags?post=35094"}],"curies":[{"name":"wp","href":"https:\/\/api.w.org\/{rel}","templated":true}]}}