{"id":35513,"date":"2022-05-16T17:22:00","date_gmt":"2022-05-16T17:22:00","guid":{"rendered":"https:\/\/www.africa-press.net\/cotedivoire\/politique\/cote-divoire-assemblee-nationale-succession-de-amadou-soumahoro-le-depot-des-candidatures-a-demarre-ce-jour"},"modified":"2022-05-16T17:54:02","modified_gmt":"2022-05-16T17:54:02","slug":"cote-divoire-assemblee-nationale-succession-de-amadou-soumahoro-le-depot-des-candidatures-a-demarre-ce-jour","status":"publish","type":"post","link":"https:\/\/www.africa-press.net\/cotedivoire\/politique\/cote-divoire-assemblee-nationale-succession-de-amadou-soumahoro-le-depot-des-candidatures-a-demarre-ce-jour","title":{"rendered":"C\u00f4te d&rsquo;Ivoire:    Assembl\u00e9e nationale, succession de Amadou Soumahoro, le d\u00e9p\u00f4t des candidatures a d\u00e9marr\u00e9 ce jour"},"content":{"rendered":"<p><span style=\"color: #ff6600\"><strong>Africa-Press &#8211; C\u00f4te d&rsquo;Ivoire. <\/strong><\/span>72 heures apr\u00e8s son inhumation \u00e0 S\u00e9gu\u00e9la sa ville natale, le processus de succession de feu Amadou Soumahoro, ex-pr\u00e9sident de l&rsquo;Assembl\u00e9e nationale est lanc\u00e9.<\/p>\n<p>Selon des informations en notre possession, les d\u00e9put\u00e9s d\u00e9sireux de briguer la pr\u00e9sidence sont invit\u00e9s \u00e0 d\u00e9poser leur demande de candidature \u00e0 compter de ce jour.<\/p>\n<p>Si le successeur de Tchomba d\u00e9c\u00e9d\u00e9 le 7 mai 2022 et inhum\u00e9 le vendredi 13 mai dernier \u00e0 S\u00e9gu\u00e9la, nord ouest de la C\u00f4te d&rsquo;Ivoire, viendra \u00e0 coup s\u00fbr du RHDP, formation politique majoritaire \u00e0 l&rsquo;Assembl\u00e9e nationale avec 137 \u00e9lus sur un total de 255, plusieurs noms sont d\u00e9j\u00e0 divulgu\u00e9s par la presse. Du coup cette situation rendrait difficile la t\u00e2che au Pr\u00e9sident du RHDP, par ailleurs, Pr\u00e9sident de la R\u00e9publique.<\/p>\n<p>Selon des indiscr\u00e9tions, Alassane Ouattara aura le choix entre Mamadou Sanogo, Kandia Kamissoko Camara, Anne D\u00e9sir\u00e9e Ouloto et Adama Bictogo.<\/p>\n<p>Parmi ces cadres du RHDP, Ouattara aurait opt\u00e9 pour le d\u00e9put\u00e9 d&rsquo;Agboville, Adama Bictogo. Ag\u00e9 de 59 ans, il a assur\u00e9 l&rsquo;int\u00e9rim de la pr\u00e9sidence de l&rsquo;Assembl\u00e9e nationale pendant au moins un an lorsque, feu Amadou Soumahoro ne \u00ab\u00a0repondait plus\u00a0\u00bb.<\/p>\n<p>Dans l&rsquo;entourage du Secr\u00e9taire ex\u00e9cutif du RHDP, son choix lui permettra de s&rsquo;\u00e9loigner d\u00e9finitivement de cette formation politique o\u00f9 il aurait maille \u00e0 partir avec le Pr\u00e9sident du Directoire, Gilbert Kafana Kon\u00e9.<\/p>\n<p>Anne D\u00e9sir\u00e9e Ouloto, 56 ans, d\u00e9put\u00e9e \u00e9lue de la circonscription \u00e9lectorale de Toulepleu et Kandia Camara, 62 ans, \u00e9lue \u00e0 Abobo ont \u00e9galement la chance d\u2019acc\u00e9der au perchoir de l&rsquo;Assembl\u00e9e nationale.<\/p>\n<p>Si l&rsquo;une des deux ministres acc\u00e9dait au pouvoir, Alassane Ouattara sera le premier chef de l\u2019Etat \u00e0 permettre \u00e0 une femme de pr\u00e9sider l&rsquo;Institution.<\/p>\n<p>Mamadou Sanogo, ancien ministre de la Construction et de l\u2019urbanisme et membre du comit\u00e9 de pilotage de la restructuration du RHDP fait \u00e9galement partie des privil\u00e9gi\u00e9s de Ouattara.<\/p>\n<p>Nous apprenions enfin que l&rsquo;\u00e9lection du 8\u1d49 pr\u00e9sident de l&rsquo;Assembl\u00e9e nationale aura lieu, le mardi 7 juin prochain et le choix du Pr\u00e9sident de la R\u00e9publique sera rendu public le 24 mai prochain.<\/p>\n<p>Wassimagnon<\/p>\n<p><strong>Pour plus d&rsquo;informations et d&rsquo;analyses sur la <a href=\"https:\/\/www.africa-press.net\/cotedivoire\">C\u00f4te d&rsquo;Ivoire<\/a>, suivez <a href=\"https:\/\/www.africa-press.net\/\">Africa-Press<\/a><\/strong><\/p>\n","protected":false},"excerpt":{"rendered":"<p>Africa-Press &#8211; C\u00f4te d&rsquo;Ivoire. 72 heures apr\u00e8s son inhumation \u00e0 S\u00e9gu\u00e9la sa ville natale, le processus de succession de feu Amadou Soumahoro, ex-pr\u00e9sident de l&rsquo;Assembl\u00e9e nationale est lanc\u00e9. Selon des informations en notre possession, les d\u00e9put\u00e9s d\u00e9sireux de briguer la pr\u00e9sidence sont invit\u00e9s \u00e0 d\u00e9poser leur demande de candidature \u00e0 compter de ce jour. Si [&hellip;]<\/p>\n","protected":false},"author":82,"featured_media":35512,"comment_status":"open","ping_status":"closed","sticky":false,"template":"","format":"standard","meta":{"footnotes":""},"categories":[11,2,20,10],"tags":[1265,56,63,1742,29,6116],"class_list":["post-35513","post","type-post","status-publish","format-standard","has-post-thumbnail","hentry","category-homepage-french","category-politique","category-top-nouvelles","category-toutes-les-actualites","tag-adama-bictogo","tag-africa-press","tag-africa-press-cote-divoire","tag-amadou-soumahoro","tag-cote-divoire","tag-tchomba"],"yoast_head":"<!-- This site is optimized with the Yoast SEO Premium plugin v26.1 (Yoast SEO v27.0) - https:\/\/yoast.com\/product\/yoast-seo-premium-wordpress\/ -->\n<title>C\u00f4te d&#039;Ivoire:  Assembl\u00e9e nationale, succession de Amadou Soumahoro, le d\u00e9p\u00f4t des candidatures a d\u00e9marr\u00e9 ce jour - C\u00f4te d&#039;Ivoire<\/title>\n<meta name=\"description\" content=\"72 heures apr\u00e8s son inhumation \u00e0 S\u00e9gu\u00e9la sa ville natale, le processus de succession de feu Amadou Soumahoro, ex-pr\u00e9side ...\" \/>\n<meta name=\"robots\" content=\"index, follow, max-snippet:-1, max-image-preview:large, max-video-preview:-1\" \/>\n<link rel=\"canonical\" href=\"https:\/\/www.africa-press.net\/cotedivoire\/politique\/cote-divoire-assemblee-nationale-succession-de-amadou-soumahoro-le-depot-des-candidatures-a-demarre-ce-jour\" \/>\n<meta property=\"og:locale\" content=\"fr_FR\" \/>\n<meta property=\"og:type\" content=\"article\" \/>\n<meta property=\"og:title\" content=\"C\u00f4te d&#039;Ivoire:  Assembl\u00e9e nationale, succession de Amadou Soumahoro, le d\u00e9p\u00f4t des candidatures a d\u00e9marr\u00e9 ce jour\" \/>\n<meta property=\"og:description\" content=\"72 heures apr\u00e8s son inhumation \u00e0 S\u00e9gu\u00e9la sa ville natale, le processus de succession de feu Amadou Soumahoro, ex-pr\u00e9side ...\" \/>\n<meta property=\"og:url\" content=\"https:\/\/www.africa-press.net\/cotedivoire\/politique\/cote-divoire-assemblee-nationale-succession-de-amadou-soumahoro-le-depot-des-candidatures-a-demarre-ce-jour\" \/>\n<meta property=\"og:site_name\" content=\"C\u00f4te d&#039;Ivoire\" \/>\n<meta property=\"article:published_time\" content=\"2022-05-16T17:22:00+00:00\" \/>\n<meta property=\"article:modified_time\" content=\"2022-05-16T17:54:02+00:00\" \/>\n<meta property=\"og:image\" content=\"https:\/\/static.africa-press.net\/cote\/sites\/43\/2022\/05\/postQueueImg_21-62828fa111e68.jpg\" \/>\n\t<meta property=\"og:image:width\" content=\"720\" \/>\n\t<meta property=\"og:image:height\" content=\"331\" \/>\n\t<meta property=\"og:image:type\" content=\"image\/jpeg\" \/>\n<meta name=\"author\" content=\"cfeditorfr\" \/>\n<meta name=\"twitter:card\" content=\"summary_large_image\" \/>\n<meta name=\"twitter:label1\" content=\"\u00c9crit par\" \/>\n\t<meta name=\"twitter:data1\" content=\"cfeditorfr\" \/>\n\t<meta name=\"twitter:label2\" content=\"Dur\u00e9e de lecture estim\u00e9e\" \/>\n\t<meta name=\"twitter:data2\" content=\"2 minutes\" \/>\n<script type=\"application\/ld+json\" class=\"yoast-schema-graph\">{\"@context\":\"https:\/\/schema.org\",\"@graph\":[{\"@type\":\"Article\",\"@id\":\"https:\/\/www.africa-press.net\/cotedivoire\/politique\/cote-divoire-assemblee-nationale-succession-de-amadou-soumahoro-le-depot-des-candidatures-a-demarre-ce-jour#article\",\"isPartOf\":{\"@id\":\"https:\/\/www.africa-press.net\/cotedivoire\/politique\/cote-divoire-assemblee-nationale-succession-de-amadou-soumahoro-le-depot-des-candidatures-a-demarre-ce-jour\"},\"author\":{\"name\":\"cfeditorfr\",\"@id\":\"https:\/\/www.africa-press.net\/cotedivoire\/#\/schema\/person\/2b1cf3cd81a31e3cd26889ca66d677f1\"},\"headline\":\"C\u00f4te d&rsquo;Ivoire: Assembl\u00e9e nationale, succession de Amadou Soumahoro, le d\u00e9p\u00f4t des candidatures a d\u00e9marr\u00e9 ce jour\",\"datePublished\":\"2022-05-16T17:22:00+00:00\",\"dateModified\":\"2022-05-16T17:54:02+00:00\",\"mainEntityOfPage\":{\"@id\":\"https:\/\/www.africa-press.net\/cotedivoire\/politique\/cote-divoire-assemblee-nationale-succession-de-amadou-soumahoro-le-depot-des-candidatures-a-demarre-ce-jour\"},\"wordCount\":416,\"commentCount\":0,\"image\":{\"@id\":\"https:\/\/www.africa-press.net\/cotedivoire\/politique\/cote-divoire-assemblee-nationale-succession-de-amadou-soumahoro-le-depot-des-candidatures-a-demarre-ce-jour#primaryimage\"},\"thumbnailUrl\":\"https:\/\/static.africa-press.net\/cote\/sites\/43\/2022\/05\/postQueueImg_21-62828fa111e68.jpg\",\"keywords\":[\"Adama Bictogo\",\"Africa Press\",\"Africa Press-C\u00f4te d'Ivoire\",\"Amadou Soumahoro\",\"C\u00d4TE D'IVOIRE\",\"Tchomba\"],\"articleSection\":[\"homepage-french\",\"Politique\",\"Top Nouvelles\",\"Toutes les actualit\u00e9s\"],\"inLanguage\":\"fr-FR\",\"potentialAction\":[{\"@type\":\"CommentAction\",\"name\":\"Comment\",\"target\":[\"https:\/\/www.africa-press.net\/cotedivoire\/politique\/cote-divoire-assemblee-nationale-succession-de-amadou-soumahoro-le-depot-des-candidatures-a-demarre-ce-jour#respond\"]}]},{\"@type\":\"WebPage\",\"@id\":\"https:\/\/www.africa-press.net\/cotedivoire\/politique\/cote-divoire-assemblee-nationale-succession-de-amadou-soumahoro-le-depot-des-candidatures-a-demarre-ce-jour\",\"url\":\"https:\/\/www.africa-press.net\/cotedivoire\/politique\/cote-divoire-assemblee-nationale-succession-de-amadou-soumahoro-le-depot-des-candidatures-a-demarre-ce-jour\",\"name\":\"C\u00f4te d'Ivoire: Assembl\u00e9e nationale, succession de Amadou Soumahoro, le d\u00e9p\u00f4t des candidatures a d\u00e9marr\u00e9 ce jour - C\u00f4te d&#039;Ivoire\",\"isPartOf\":{\"@id\":\"https:\/\/www.africa-press.net\/cotedivoire\/#website\"},\"primaryImageOfPage\":{\"@id\":\"https:\/\/www.africa-press.net\/cotedivoire\/politique\/cote-divoire-assemblee-nationale-succession-de-amadou-soumahoro-le-depot-des-candidatures-a-demarre-ce-jour#primaryimage\"},\"image\":{\"@id\":\"https:\/\/www.africa-press.net\/cotedivoire\/politique\/cote-divoire-assemblee-nationale-succession-de-amadou-soumahoro-le-depot-des-candidatures-a-demarre-ce-jour#primaryimage\"},\"thumbnailUrl\":\"https:\/\/static.africa-press.net\/cote\/sites\/43\/2022\/05\/postQueueImg_21-62828fa111e68.jpg\",\"datePublished\":\"2022-05-16T17:22:00+00:00\",\"dateModified\":\"2022-05-16T17:54:02+00:00\",\"author\":{\"@id\":\"https:\/\/www.africa-press.net\/cotedivoire\/#\/schema\/person\/2b1cf3cd81a31e3cd26889ca66d677f1\"},\"description\":\"72 heures apr\u00e8s son inhumation \u00e0 S\u00e9gu\u00e9la sa ville natale, le processus de succession de feu Amadou Soumahoro, ex-pr\u00e9side ...\",\"breadcrumb\":{\"@id\":\"https:\/\/www.africa-press.net\/cotedivoire\/politique\/cote-divoire-assemblee-nationale-succession-de-amadou-soumahoro-le-depot-des-candidatures-a-demarre-ce-jour#breadcrumb\"},\"inLanguage\":\"fr-FR\",\"potentialAction\":[{\"@type\":\"ReadAction\",\"target\":[\"https:\/\/www.africa-press.net\/cotedivoire\/politique\/cote-divoire-assemblee-nationale-succession-de-amadou-soumahoro-le-depot-des-candidatures-a-demarre-ce-jour\"]}]},{\"@type\":\"ImageObject\",\"inLanguage\":\"fr-FR\",\"@id\":\"https:\/\/www.africa-press.net\/cotedivoire\/politique\/cote-divoire-assemblee-nationale-succession-de-amadou-soumahoro-le-depot-des-candidatures-a-demarre-ce-jour#primaryimage\",\"url\":\"https:\/\/static.africa-press.net\/cote\/sites\/43\/2022\/05\/postQueueImg_21-62828fa111e68.jpg\",\"contentUrl\":\"https:\/\/static.africa-press.net\/cote\/sites\/43\/2022\/05\/postQueueImg_21-62828fa111e68.jpg\",\"width\":720,\"height\":331,\"caption\":\"C\u00f4te d'Ivoire: Assembl\u00e9e nationale, succession de Amadou Soumahoro, le d\u00e9p\u00f4t des candidatures a d\u00e9marr\u00e9 ce jour\"},{\"@type\":\"BreadcrumbList\",\"@id\":\"https:\/\/www.africa-press.net\/cotedivoire\/politique\/cote-divoire-assemblee-nationale-succession-de-amadou-soumahoro-le-depot-des-candidatures-a-demarre-ce-jour#breadcrumb\",\"itemListElement\":[{\"@type\":\"ListItem\",\"position\":1,\"name\":\"Accueil\",\"item\":\"https:\/\/www.africa-press.net\/cotedivoire\/\"},{\"@type\":\"ListItem\",\"position\":2,\"name\":\"C\u00f4te d&#8217;Ivoire: Assembl\u00e9e nationale, succession de Amadou Soumahoro, le d\u00e9p\u00f4t des candidatures a d\u00e9marr\u00e9 ce jour\"}]},{\"@type\":\"WebSite\",\"@id\":\"https:\/\/www.africa-press.net\/cotedivoire\/#website\",\"url\":\"https:\/\/www.africa-press.net\/cotedivoire\/\",\"name\":\"C\u00f4te d&#039;Ivoire\",\"description\":\"Just another Africa News Agency Sites site\",\"potentialAction\":[{\"@type\":\"SearchAction\",\"target\":{\"@type\":\"EntryPoint\",\"urlTemplate\":\"https:\/\/www.africa-press.net\/cotedivoire\/?s={search_term_string}\"},\"query-input\":{\"@type\":\"PropertyValueSpecification\",\"valueRequired\":true,\"valueName\":\"search_term_string\"}}],\"inLanguage\":\"fr-FR\"},{\"@type\":\"Person\",\"@id\":\"https:\/\/www.africa-press.net\/cotedivoire\/#\/schema\/person\/2b1cf3cd81a31e3cd26889ca66d677f1\",\"name\":\"cfeditorfr\"}]}<\/script>\n<!-- \/ Yoast SEO Premium plugin. -->","yoast_head_json":{"title":"C\u00f4te d'Ivoire:  Assembl\u00e9e nationale, succession de Amadou Soumahoro, le d\u00e9p\u00f4t des candidatures a d\u00e9marr\u00e9 ce jour - C\u00f4te d&#039;Ivoire","description":"72 heures apr\u00e8s son inhumation \u00e0 S\u00e9gu\u00e9la sa ville natale, le processus de succession de feu Amadou Soumahoro, ex-pr\u00e9side ...","robots":{"index":"index","follow":"follow","max-snippet":"max-snippet:-1","max-image-preview":"max-image-preview:large","max-video-preview":"max-video-preview:-1"},"canonical":"https:\/\/www.africa-press.net\/cotedivoire\/politique\/cote-divoire-assemblee-nationale-succession-de-amadou-soumahoro-le-depot-des-candidatures-a-demarre-ce-jour","og_locale":"fr_FR","og_type":"article","og_title":"C\u00f4te d'Ivoire:  Assembl\u00e9e nationale, succession de Amadou Soumahoro, le d\u00e9p\u00f4t des candidatures a d\u00e9marr\u00e9 ce jour","og_description":"72 heures apr\u00e8s son inhumation \u00e0 S\u00e9gu\u00e9la sa ville natale, le processus de succession de feu Amadou Soumahoro, ex-pr\u00e9side ...","og_url":"https:\/\/www.africa-press.net\/cotedivoire\/politique\/cote-divoire-assemblee-nationale-succession-de-amadou-soumahoro-le-depot-des-candidatures-a-demarre-ce-jour","og_site_name":"C\u00f4te d&#039;Ivoire","article_published_time":"2022-05-16T17:22:00+00:00","article_modified_time":"2022-05-16T17:54:02+00:00","og_image":[{"width":720,"height":331,"url":"https:\/\/static.africa-press.net\/cote\/sites\/43\/2022\/05\/postQueueImg_21-62828fa111e68.jpg","type":"image\/jpeg"}],"author":"cfeditorfr","twitter_card":"summary_large_image","twitter_misc":{"\u00c9crit par":"cfeditorfr","Dur\u00e9e de lecture estim\u00e9e":"2 minutes"},"schema":{"@context":"https:\/\/schema.org","@graph":[{"@type":"Article","@id":"https:\/\/www.africa-press.net\/cotedivoire\/politique\/cote-divoire-assemblee-nationale-succession-de-amadou-soumahoro-le-depot-des-candidatures-a-demarre-ce-jour#article","isPartOf":{"@id":"https:\/\/www.africa-press.net\/cotedivoire\/politique\/cote-divoire-assemblee-nationale-succession-de-amadou-soumahoro-le-depot-des-candidatures-a-demarre-ce-jour"},"author":{"name":"cfeditorfr","@id":"https:\/\/www.africa-press.net\/cotedivoire\/#\/schema\/person\/2b1cf3cd81a31e3cd26889ca66d677f1"},"headline":"C\u00f4te d&rsquo;Ivoire: Assembl\u00e9e nationale, succession de Amadou Soumahoro, le d\u00e9p\u00f4t des candidatures a d\u00e9marr\u00e9 ce jour","datePublished":"2022-05-16T17:22:00+00:00","dateModified":"2022-05-16T17:54:02+00:00","mainEntityOfPage":{"@id":"https:\/\/www.africa-press.net\/cotedivoire\/politique\/cote-divoire-assemblee-nationale-succession-de-amadou-soumahoro-le-depot-des-candidatures-a-demarre-ce-jour"},"wordCount":416,"commentCount":0,"image":{"@id":"https:\/\/www.africa-press.net\/cotedivoire\/politique\/cote-divoire-assemblee-nationale-succession-de-amadou-soumahoro-le-depot-des-candidatures-a-demarre-ce-jour#primaryimage"},"thumbnailUrl":"https:\/\/static.africa-press.net\/cote\/sites\/43\/2022\/05\/postQueueImg_21-62828fa111e68.jpg","keywords":["Adama Bictogo","Africa Press","Africa Press-C\u00f4te d'Ivoire","Amadou Soumahoro","C\u00d4TE D'IVOIRE","Tchomba"],"articleSection":["homepage-french","Politique","Top Nouvelles","Toutes les actualit\u00e9s"],"inLanguage":"fr-FR","potentialAction":[{"@type":"CommentAction","name":"Comment","target":["https:\/\/www.africa-press.net\/cotedivoire\/politique\/cote-divoire-assemblee-nationale-succession-de-amadou-soumahoro-le-depot-des-candidatures-a-demarre-ce-jour#respond"]}]},{"@type":"WebPage","@id":"https:\/\/www.africa-press.net\/cotedivoire\/politique\/cote-divoire-assemblee-nationale-succession-de-amadou-soumahoro-le-depot-des-candidatures-a-demarre-ce-jour","url":"https:\/\/www.africa-press.net\/cotedivoire\/politique\/cote-divoire-assemblee-nationale-succession-de-amadou-soumahoro-le-depot-des-candidatures-a-demarre-ce-jour","name":"C\u00f4te d'Ivoire: Assembl\u00e9e nationale, succession de Amadou Soumahoro, le d\u00e9p\u00f4t des candidatures a d\u00e9marr\u00e9 ce jour - C\u00f4te d&#039;Ivoire","isPartOf":{"@id":"https:\/\/www.africa-press.net\/cotedivoire\/#website"},"primaryImageOfPage":{"@id":"https:\/\/www.africa-press.net\/cotedivoire\/politique\/cote-divoire-assemblee-nationale-succession-de-amadou-soumahoro-le-depot-des-candidatures-a-demarre-ce-jour#primaryimage"},"image":{"@id":"https:\/\/www.africa-press.net\/cotedivoire\/politique\/cote-divoire-assemblee-nationale-succession-de-amadou-soumahoro-le-depot-des-candidatures-a-demarre-ce-jour#primaryimage"},"thumbnailUrl":"https:\/\/static.africa-press.net\/cote\/sites\/43\/2022\/05\/postQueueImg_21-62828fa111e68.jpg","datePublished":"2022-05-16T17:22:00+00:00","dateModified":"2022-05-16T17:54:02+00:00","author":{"@id":"https:\/\/www.africa-press.net\/cotedivoire\/#\/schema\/person\/2b1cf3cd81a31e3cd26889ca66d677f1"},"description":"72 heures apr\u00e8s son inhumation \u00e0 S\u00e9gu\u00e9la sa ville natale, le processus de succession de feu Amadou Soumahoro, ex-pr\u00e9side ...","breadcrumb":{"@id":"https:\/\/www.africa-press.net\/cotedivoire\/politique\/cote-divoire-assemblee-nationale-succession-de-amadou-soumahoro-le-depot-des-candidatures-a-demarre-ce-jour#breadcrumb"},"inLanguage":"fr-FR","potentialAction":[{"@type":"ReadAction","target":["https:\/\/www.africa-press.net\/cotedivoire\/politique\/cote-divoire-assemblee-nationale-succession-de-amadou-soumahoro-le-depot-des-candidatures-a-demarre-ce-jour"]}]},{"@type":"ImageObject","inLanguage":"fr-FR","@id":"https:\/\/www.africa-press.net\/cotedivoire\/politique\/cote-divoire-assemblee-nationale-succession-de-amadou-soumahoro-le-depot-des-candidatures-a-demarre-ce-jour#primaryimage","url":"https:\/\/static.africa-press.net\/cote\/sites\/43\/2022\/05\/postQueueImg_21-62828fa111e68.jpg","contentUrl":"https:\/\/static.africa-press.net\/cote\/sites\/43\/2022\/05\/postQueueImg_21-62828fa111e68.jpg","width":720,"height":331,"caption":"C\u00f4te d'Ivoire: Assembl\u00e9e nationale, succession de Amadou Soumahoro, le d\u00e9p\u00f4t des candidatures a d\u00e9marr\u00e9 ce jour"},{"@type":"BreadcrumbList","@id":"https:\/\/www.africa-press.net\/cotedivoire\/politique\/cote-divoire-assemblee-nationale-succession-de-amadou-soumahoro-le-depot-des-candidatures-a-demarre-ce-jour#breadcrumb","itemListElement":[{"@type":"ListItem","position":1,"name":"Accueil","item":"https:\/\/www.africa-press.net\/cotedivoire\/"},{"@type":"ListItem","position":2,"name":"C\u00f4te d&#8217;Ivoire: Assembl\u00e9e nationale, succession de Amadou Soumahoro, le d\u00e9p\u00f4t des candidatures a d\u00e9marr\u00e9 ce jour"}]},{"@type":"WebSite","@id":"https:\/\/www.africa-press.net\/cotedivoire\/#website","url":"https:\/\/www.africa-press.net\/cotedivoire\/","name":"C\u00f4te d&#039;Ivoire","description":"Just another Africa News Agency Sites site","potentialAction":[{"@type":"SearchAction","target":{"@type":"EntryPoint","urlTemplate":"https:\/\/www.africa-press.net\/cotedivoire\/?s={search_term_string}"},"query-input":{"@type":"PropertyValueSpecification","valueRequired":true,"valueName":"search_term_string"}}],"inLanguage":"fr-FR"},{"@type":"Person","@id":"https:\/\/www.africa-press.net\/cotedivoire\/#\/schema\/person\/2b1cf3cd81a31e3cd26889ca66d677f1","name":"cfeditorfr"}]}},"_links":{"self":[{"href":"https:\/\/www.africa-press.net\/cotedivoire\/wp-json\/wp\/v2\/posts\/35513","targetHints":{"allow":["GET"]}}],"collection":[{"href":"https:\/\/www.africa-press.net\/cotedivoire\/wp-json\/wp\/v2\/posts"}],"about":[{"href":"https:\/\/www.africa-press.net\/cotedivoire\/wp-json\/wp\/v2\/types\/post"}],"author":[{"embeddable":true,"href":"https:\/\/www.africa-press.net\/cotedivoire\/wp-json\/wp\/v2\/users\/82"}],"replies":[{"embeddable":true,"href":"https:\/\/www.africa-press.net\/cotedivoire\/wp-json\/wp\/v2\/comments?post=35513"}],"version-history":[{"count":0,"href":"https:\/\/www.africa-press.net\/cotedivoire\/wp-json\/wp\/v2\/posts\/35513\/revisions"}],"wp:featuredmedia":[{"embeddable":true,"href":"https:\/\/www.africa-press.net\/cotedivoire\/wp-json\/wp\/v2\/media\/35512"}],"wp:attachment":[{"href":"https:\/\/www.africa-press.net\/cotedivoire\/wp-json\/wp\/v2\/media?parent=35513"}],"wp:term":[{"taxonomy":"category","embeddable":true,"href":"https:\/\/www.africa-press.net\/cotedivoire\/wp-json\/wp\/v2\/categories?post=35513"},{"taxonomy":"post_tag","embeddable":true,"href":"https:\/\/www.africa-press.net\/cotedivoire\/wp-json\/wp\/v2\/tags?post=35513"}],"curies":[{"name":"wp","href":"https:\/\/api.w.org\/{rel}","templated":true}]}}