{"id":35675,"date":"2022-05-18T17:21:05","date_gmt":"2022-05-18T17:21:05","guid":{"rendered":"https:\/\/www.africa-press.net\/cotedivoire\/politique\/moins-dun-an-apres-son-lancement-lopf-a-recu-306-plaintes-traitees-a-100-moussa-sanogo-satisfait-de-cette-performance-appelle-a-sa-vulgarisation-aupres-des-usagers"},"modified":"2022-05-18T17:45:20","modified_gmt":"2022-05-18T17:45:20","slug":"moins-dun-an-apres-son-lancement-lopf-a-recu-306-plaintes-traitees-a-100-moussa-sanogo-satisfait-de-cette-performance-appelle-a-sa-vulgarisation-aupres-des-usagers","status":"publish","type":"post","link":"https:\/\/www.africa-press.net\/cotedivoire\/toutes-les-actualites\/moins-dun-an-apres-son-lancement-lopf-a-recu-306-plaintes-traitees-a-100-moussa-sanogo-satisfait-de-cette-performance-appelle-a-sa-vulgarisation-aupres-des-usagers","title":{"rendered":"Moins d&rsquo;un an apr\u00e8s son lancement, l&rsquo;OPF a re\u00e7u 306 plaintes trait\u00e9es \u00e0 100%, Moussa Sanogo satisfait de cette performance appelle \u00e0 sa vulgarisation aupr\u00e8s des usagers"},"content":{"rendered":"<p><span style=\"color: #ff6600\"><strong>Africa-Press &#8211; C\u00f4te d&rsquo;Ivoire. <\/strong><\/span><b> <\/b>L\u2019acc\u00e8s \u00e0 la propri\u00e9t\u00e9 fonci\u00e8re constitue une ambition l\u00e9gitime. C\u2019est un droit garanti par les Constitutions des \u00c9tats modernes qui joue un r\u00f4le important dans la vie en soci\u00e9t\u00e9. Pour les entreprises, la propri\u00e9t\u00e9 fonci\u00e8re contribue \u00e0 assurer et \u00e0 entretenir la capacit\u00e9 de l\u2019acc\u00e8s aux financements des institutions bancaires et \u00e0 garantir les op\u00e9rations avec les partenaires commerciaux et financiers. Elle participe au dynamisme de l\u2019\u00e9conomie nationale \u00e0 travers notamment la garantie du financement.<\/p>\n<p>Cependant, ce droit de l\u2019acc\u00e8s \u00e0 la propri\u00e9t\u00e9 fonci\u00e8re des personnes physiques et morales est souvent contrari\u00e9 par divers \u00e9l\u00e9ments tenant aussi bien au dispositif l\u00e9gal qu\u2019\u00e0 des situations de fait. Au nombre de ces \u00e9l\u00e9ments, figurent certaines pratiques des services de l\u2019Administration qui sont de nature \u00e0 remettre en cause le b\u00e9n\u00e9fice de ce droit aussi bien pour les individus que pour les entreprises.<\/p>\n<p>La C\u00f4te d\u2019Ivoire n\u2019\u00e9chappe pas \u00e0 cette menace. Class\u00e9e 112e sur 190 Etats et juridictions au niveau de l\u2019indice Doing Business de 2020 relatif au Transfert de Propri\u00e9t\u00e9, la C\u00f4te d\u2019Ivoire s\u2019est donn\u00e9e pour ambition d\u2019assainir structurellement l\u2019environnement juridique et administratif de l\u2019acc\u00e8s \u00e0 la propri\u00e9t\u00e9 fonci\u00e8re garantie par sa Constitution.<\/p>\n<p>Dans cette perspective et en droite ligne de la politique du Gouvernement, le Ministre du Budget et du Portefeuille de l\u2019Etat a mis en place un m\u00e9canisme non juridictionnel et ind\u00e9pendant de plaintes fonci\u00e8res en ligne dans les domaines de la Conservation Fonci\u00e8re et du Cadastre, \u00e0 travers l\u2019Observatoire des Plaintes non juridictionnelles en mati\u00e8re Fonci\u00e8re (OPF).<\/p>\n<p>Lanc\u00e9 depuis le 22 juillet 2021, cet observatoire est un organe administratif de veille permanente et un instrument d\u2019aide \u00e0 la prise de d\u00e9cision pour l\u2019am\u00e9lioration de la qualit\u00e9 du service rendu \u00e0 l\u2019usager par les services du Cadastre et de la Conservation fonci\u00e8re.<\/p>\n<p>Accompagn\u00e9 de ses proches collaborateurs, Moussa Sanogo, ministre du Budget et du portefeuille de l&rsquo;Etat a visit\u00e9 les locaux de cette structure sise en zone 4 qui est charg\u00e9 de recevoir et d\u2019instruire les plaintes non juridictionnelles introduites par les usagers-clients de la Conservation fonci\u00e8re ou du Cadastre, d\u2019\u00e9valuer de mani\u00e8re p\u00e9riodique le niveau de satisfaction des usagers-clients par rapport \u00e0 la qualit\u00e9 des services rendus par l\u2019Administration fiscale en mati\u00e8re fonci\u00e8re sur toute l\u2019\u00e9tendue du territoire national, de proposer des recommandations sur les dysfonctionnements dont il est saisi dans l\u2019ex\u00e9cution des services offerts en mati\u00e8re fonci\u00e8re par l\u2019Administration fiscale \u00e0 ses usagers, de formuler des propositions et recommandations de r\u00e9formes visant l\u2019am\u00e9lioration du fonctionnement des services de la Conservation fonci\u00e8re et du Cadastre, etc.<\/p>\n<p>La comp\u00e9tence de l\u2019Observatoire ne s\u2019\u00e9tend pas aux litiges portant sur la reconnaissance ou non d\u2019un droit de propri\u00e9t\u00e9 \u00e0 des parties. Selon le Pr\u00e9sident en vue d\u2019op\u00e9rationnaliser ce m\u00e9canisme de plainte fonci\u00e8re, il a \u00e9t\u00e9 mis en ligne une application digitale accessible \u00e0 l\u2019adresse sur le site internet officiel de l\u2019OPF.<\/p>\n<p>\u00abL\u2019objectif g\u00e9n\u00e9ral de cette application digitale vise \u00e0 mettre en place un m\u00e9canisme de gestion de plainte en ligne en vue, d\u2019am\u00e9liorer la satisfaction des usagers-clients en leur offrant en toute transparence et impartialit\u00e9 un outil interactif de traitement et de suivi en ligne de leurs requ\u00eates, d\u2019am\u00e9liorer la relation usagers-clients\/Administration par des \u00e9changes permanents guid\u00e9s par le souci de tra\u00e7abilit\u00e9, de c\u00e9l\u00e9rit\u00e9 et de s\u00e9curit\u00e9, d\u2019associer les citoyens \u00e0 l\u2019am\u00e9lioration de la qualit\u00e9 du service offert par l\u2019Administration du cadastre et de la Conservation Fonci\u00e8re. Il offre la possibilit\u00e9 de d\u00e9poser une plainte, cr\u00e9er un compte utilisateur, introduire un recours en cas de non-satisfaction du plaignant \u00bb, a-t-il ajout\u00e9.<\/p>\n<p>Cliquez pour agrandir l&rsquo;image<\/p>\n<p>Selon lui, la plainte doit concerner les activit\u00e9s des services du Cadastre et de la Conservation Fonci\u00e8re. Le Pr\u00e9sident annonc\u00e9 que depuis son lancement le 22 juillet 2021, l&rsquo;Observatoire a re\u00e7u \u00e0 ce jour, 306 plaintes qui ont \u00e9t\u00e9 toutes trait\u00e9es dans un d\u00e9lais moyen de 48 heures.<\/p>\n<p>\u00abNous suivons les requ\u00e9rants pour que leurs plaintes aboutissent aupr\u00e8s des services de la Conservation fonci\u00e8re et du cadastre. Nos prestations s\u2019arr\u00eatent dans le domaine de la Conservation fonci\u00e8re et du cadastre \u00bb, a-t-il pr\u00e9venu.<\/p>\n<p>Le bon fonctionnement de l&rsquo;Observatoire n\u00e9cessite quelques fois que le minist\u00e8re du Budget et du portefeuille de l&rsquo;Etat puisse \u00eatre en rapport avec d&rsquo;autres administrations quand il y a des pr\u00e9occupations qui d\u00e9passent les comp\u00e9tences qui sont les leurs.<\/p>\n<p>Moussa Sanogo, ministre du Budget et du portefeuille de l&rsquo;Etat a assur\u00e9 que les administrations concern\u00e9es sont \u00e9galement saisies de ces questions.<\/p>\n<p>\u00abSur les questions de modalit\u00e9, plusieurs formes peuvent s&rsquo;exprimer, \u00e7a peut \u00eatre de fa\u00e7on \u00e9lectrique, des plateformes se parlent pour permettre aux gens de pouvoir interagir et d&rsquo;apporter des r\u00e9ponses aux uns et aux autres. Vous pouvez mettre en place un comit\u00e9 physique qui peut se r\u00e9unir de fa\u00e7on p\u00e9riodique. Nous sommes \u00e0 l&rsquo;\u00e8re de l&rsquo;Internet, l&rsquo;id\u00e9al, c&rsquo;est de faire en sorte que toutes ces op\u00e9rations soient d\u00e9mat\u00e9rialis\u00e9es et qu&rsquo;il y ait des relations \u00e9lectroniques entre les diff\u00e9rentes administrations \u00bb, a expliqu\u00e9, le ministre.<\/p>\n<p>Au terme de cette visite, Moussa Sanogo s&rsquo;est dit satisfait de ce qu&rsquo;il a vu ce soir. \u00abD\u00e9j\u00e0 le cadre est assez agr\u00e9able, il facilite l&rsquo;accueil des personnes qui viendraient jusqu&rsquo;ici pour se plaindre. Les agents ont trait\u00e9 \u00e0 100% toutes les requ\u00eates qui leur ont \u00e9t\u00e9 soumises et dans un d\u00e9lai relativement bref. Pour qu&rsquo;une \u00e9conomie soit dynamique, il faut que les choses aillent vite, parce que le temps qui passe malheureusement a un co\u00fbt. Le fait que les agents puissent travailler aussi vite nous sommes satisfaits. Je souhaite qu&rsquo;on aille plus loin \u00bb, s&rsquo;est justifi\u00e9, le ministre du Budget et du portefeuille de l&rsquo;Etat.<\/p>\n<p>Moussa Sanogo a enfin indiqu\u00e9 qu&rsquo;au niveau administratif, s&rsquo;il y a des situations qui concernent des agents qui malheureusement ont manqu\u00e9 \u00e0 leur devoir, automatiquement, les textes organisent le fait qu&rsquo;il puisse en rendre compte, ou bien quand il y a une faute av\u00e9r\u00e9e qu&rsquo;ils puissent \u00eatre sanctionn\u00e9s.<\/p>\n<p>\u00abS&rsquo;il y a des situations qui d\u00e9passent l&rsquo;Observatoire qui demandent un traitement judiciaire, en ce moment l\u00e0, le plaignant se d\u00e9porte aupr\u00e8s des tribunaux pour faire valoir ses droits \u00bb, a-t-il conclu.<\/p>\n<p><strong>Pour plus d&rsquo;informations et d&rsquo;analyses sur la <a href=\"https:\/\/www.africa-press.net\/cotedivoire\">C\u00f4te d&rsquo;Ivoire<\/a>, suivez <a href=\"https:\/\/www.africa-press.net\/\">Africa-Press<\/a><\/strong><\/p>\n","protected":false},"excerpt":{"rendered":"<p>Africa-Press &#8211; C\u00f4te d&rsquo;Ivoire. L\u2019acc\u00e8s \u00e0 la propri\u00e9t\u00e9 fonci\u00e8re constitue une ambition l\u00e9gitime. C\u2019est un droit garanti par les Constitutions des \u00c9tats modernes qui joue un r\u00f4le important dans la vie en soci\u00e9t\u00e9. Pour les entreprises, la propri\u00e9t\u00e9 fonci\u00e8re contribue \u00e0 assurer et \u00e0 entretenir la capacit\u00e9 de l\u2019acc\u00e8s aux financements des institutions bancaires et [&hellip;]<\/p>\n","protected":false},"author":82,"featured_media":35674,"comment_status":"open","ping_status":"closed","sticky":false,"template":"","format":"standard","meta":{"footnotes":""},"categories":[21,11,10],"tags":[56,63,29,1102,6149],"class_list":["post-35675","post","type-post","status-publish","format-standard","has-post-thumbnail","hentry","category-communaute","category-homepage-french","category-toutes-les-actualites","tag-africa-press","tag-africa-press-cote-divoire","tag-cote-divoire","tag-moussa-sanogo","tag-observatoire-des-plaintes-non-juridictionnelles-en-matiere-fonciere"],"yoast_head":"<!-- This site is optimized with the Yoast SEO Premium plugin v26.1 (Yoast SEO v27.0) - https:\/\/yoast.com\/product\/yoast-seo-premium-wordpress\/ -->\n<title>Moins d&#039;un an apr\u00e8s son lancement, l&#039;OPF a re\u00e7u 306 plaintes trait\u00e9es \u00e0 100%, Moussa Sanogo satisfait de cette performance appelle \u00e0 sa vulgarisation aupr\u00e8s des usagers - C\u00f4te d&#039;Ivoire<\/title>\n<meta name=\"description\" content=\"L\u2019acc\u00e8s \u00e0 la propri\u00e9t\u00e9 fonci\u00e8re constitue une ambition l\u00e9gitime. C\u2019est un droit garanti par les Constitutions de ...\" \/>\n<meta name=\"robots\" content=\"index, follow, max-snippet:-1, max-image-preview:large, max-video-preview:-1\" \/>\n<link rel=\"canonical\" href=\"https:\/\/www.africa-press.net\/cotedivoire\/toutes-les-actualites\/moins-dun-an-apres-son-lancement-lopf-a-recu-306-plaintes-traitees-a-100-moussa-sanogo-satisfait-de-cette-performance-appelle-a-sa-vulgarisation-aupres-des-usagers\" \/>\n<meta property=\"og:locale\" content=\"fr_FR\" \/>\n<meta property=\"og:type\" content=\"article\" \/>\n<meta property=\"og:title\" content=\"Moins d&#039;un an apr\u00e8s son lancement, l&#039;OPF a re\u00e7u 306 plaintes trait\u00e9es \u00e0 100%, Moussa Sanogo satisfait de cette performance appelle \u00e0 sa vulgarisation aupr\u00e8s des usagers\" \/>\n<meta property=\"og:description\" content=\"L\u2019acc\u00e8s \u00e0 la propri\u00e9t\u00e9 fonci\u00e8re constitue une ambition l\u00e9gitime. C\u2019est un droit garanti par les Constitutions de ...\" \/>\n<meta property=\"og:url\" content=\"https:\/\/www.africa-press.net\/cotedivoire\/toutes-les-actualites\/moins-dun-an-apres-son-lancement-lopf-a-recu-306-plaintes-traitees-a-100-moussa-sanogo-satisfait-de-cette-performance-appelle-a-sa-vulgarisation-aupres-des-usagers\" \/>\n<meta property=\"og:site_name\" content=\"C\u00f4te d&#039;Ivoire\" \/>\n<meta property=\"article:published_time\" content=\"2022-05-18T17:21:05+00:00\" \/>\n<meta property=\"article:modified_time\" content=\"2022-05-18T17:45:20+00:00\" \/>\n<meta property=\"og:image\" content=\"https:\/\/static.africa-press.net\/cote\/sites\/43\/2022\/05\/postQueueImg_18-6285308a95547.jpg\" \/>\n\t<meta property=\"og:image:width\" content=\"720\" \/>\n\t<meta property=\"og:image:height\" content=\"302\" \/>\n\t<meta property=\"og:image:type\" content=\"image\/jpeg\" \/>\n<meta name=\"author\" content=\"cfeditorfr\" \/>\n<meta name=\"twitter:card\" content=\"summary_large_image\" \/>\n<meta name=\"twitter:label1\" content=\"\u00c9crit par\" \/>\n\t<meta name=\"twitter:data1\" content=\"cfeditorfr\" \/>\n\t<meta name=\"twitter:label2\" content=\"Dur\u00e9e de lecture estim\u00e9e\" \/>\n\t<meta name=\"twitter:data2\" content=\"6 minutes\" \/>\n<script type=\"application\/ld+json\" class=\"yoast-schema-graph\">{\"@context\":\"https:\/\/schema.org\",\"@graph\":[{\"@type\":\"Article\",\"@id\":\"https:\/\/www.africa-press.net\/cotedivoire\/toutes-les-actualites\/moins-dun-an-apres-son-lancement-lopf-a-recu-306-plaintes-traitees-a-100-moussa-sanogo-satisfait-de-cette-performance-appelle-a-sa-vulgarisation-aupres-des-usagers#article\",\"isPartOf\":{\"@id\":\"https:\/\/www.africa-press.net\/cotedivoire\/toutes-les-actualites\/moins-dun-an-apres-son-lancement-lopf-a-recu-306-plaintes-traitees-a-100-moussa-sanogo-satisfait-de-cette-performance-appelle-a-sa-vulgarisation-aupres-des-usagers\"},\"author\":{\"name\":\"cfeditorfr\",\"@id\":\"https:\/\/www.africa-press.net\/cotedivoire\/#\/schema\/person\/2b1cf3cd81a31e3cd26889ca66d677f1\"},\"headline\":\"Moins d&rsquo;un an apr\u00e8s son lancement, l&rsquo;OPF a re\u00e7u 306 plaintes trait\u00e9es \u00e0 100%, Moussa Sanogo satisfait de cette performance appelle \u00e0 sa vulgarisation aupr\u00e8s des usagers\",\"datePublished\":\"2022-05-18T17:21:05+00:00\",\"dateModified\":\"2022-05-18T17:45:20+00:00\",\"mainEntityOfPage\":{\"@id\":\"https:\/\/www.africa-press.net\/cotedivoire\/toutes-les-actualites\/moins-dun-an-apres-son-lancement-lopf-a-recu-306-plaintes-traitees-a-100-moussa-sanogo-satisfait-de-cette-performance-appelle-a-sa-vulgarisation-aupres-des-usagers\"},\"wordCount\":1185,\"commentCount\":0,\"image\":{\"@id\":\"https:\/\/www.africa-press.net\/cotedivoire\/toutes-les-actualites\/moins-dun-an-apres-son-lancement-lopf-a-recu-306-plaintes-traitees-a-100-moussa-sanogo-satisfait-de-cette-performance-appelle-a-sa-vulgarisation-aupres-des-usagers#primaryimage\"},\"thumbnailUrl\":\"https:\/\/static.africa-press.net\/cote\/sites\/43\/2022\/05\/postQueueImg_18-6285308a95547.jpg\",\"keywords\":[\"Africa Press\",\"Africa Press-C\u00f4te d'Ivoire\",\"C\u00d4TE D'IVOIRE\",\"Moussa Sanogo\",\"Observatoire des Plaintes non juridictionnelles en mati\u00e8re Fonci\u00e8re\"],\"articleSection\":[\"Communaut\u00e9\",\"homepage-french\",\"Toutes les actualit\u00e9s\"],\"inLanguage\":\"fr-FR\",\"potentialAction\":[{\"@type\":\"CommentAction\",\"name\":\"Comment\",\"target\":[\"https:\/\/www.africa-press.net\/cotedivoire\/toutes-les-actualites\/moins-dun-an-apres-son-lancement-lopf-a-recu-306-plaintes-traitees-a-100-moussa-sanogo-satisfait-de-cette-performance-appelle-a-sa-vulgarisation-aupres-des-usagers#respond\"]}]},{\"@type\":\"WebPage\",\"@id\":\"https:\/\/www.africa-press.net\/cotedivoire\/toutes-les-actualites\/moins-dun-an-apres-son-lancement-lopf-a-recu-306-plaintes-traitees-a-100-moussa-sanogo-satisfait-de-cette-performance-appelle-a-sa-vulgarisation-aupres-des-usagers\",\"url\":\"https:\/\/www.africa-press.net\/cotedivoire\/toutes-les-actualites\/moins-dun-an-apres-son-lancement-lopf-a-recu-306-plaintes-traitees-a-100-moussa-sanogo-satisfait-de-cette-performance-appelle-a-sa-vulgarisation-aupres-des-usagers\",\"name\":\"Moins d'un an apr\u00e8s son lancement, l'OPF a re\u00e7u 306 plaintes trait\u00e9es \u00e0 100%, Moussa Sanogo satisfait de cette performance appelle \u00e0 sa vulgarisation aupr\u00e8s des usagers - C\u00f4te d&#039;Ivoire\",\"isPartOf\":{\"@id\":\"https:\/\/www.africa-press.net\/cotedivoire\/#website\"},\"primaryImageOfPage\":{\"@id\":\"https:\/\/www.africa-press.net\/cotedivoire\/toutes-les-actualites\/moins-dun-an-apres-son-lancement-lopf-a-recu-306-plaintes-traitees-a-100-moussa-sanogo-satisfait-de-cette-performance-appelle-a-sa-vulgarisation-aupres-des-usagers#primaryimage\"},\"image\":{\"@id\":\"https:\/\/www.africa-press.net\/cotedivoire\/toutes-les-actualites\/moins-dun-an-apres-son-lancement-lopf-a-recu-306-plaintes-traitees-a-100-moussa-sanogo-satisfait-de-cette-performance-appelle-a-sa-vulgarisation-aupres-des-usagers#primaryimage\"},\"thumbnailUrl\":\"https:\/\/static.africa-press.net\/cote\/sites\/43\/2022\/05\/postQueueImg_18-6285308a95547.jpg\",\"datePublished\":\"2022-05-18T17:21:05+00:00\",\"dateModified\":\"2022-05-18T17:45:20+00:00\",\"author\":{\"@id\":\"https:\/\/www.africa-press.net\/cotedivoire\/#\/schema\/person\/2b1cf3cd81a31e3cd26889ca66d677f1\"},\"description\":\"L\u2019acc\u00e8s \u00e0 la propri\u00e9t\u00e9 fonci\u00e8re constitue une ambition l\u00e9gitime. C\u2019est un droit garanti par les Constitutions de ...\",\"breadcrumb\":{\"@id\":\"https:\/\/www.africa-press.net\/cotedivoire\/toutes-les-actualites\/moins-dun-an-apres-son-lancement-lopf-a-recu-306-plaintes-traitees-a-100-moussa-sanogo-satisfait-de-cette-performance-appelle-a-sa-vulgarisation-aupres-des-usagers#breadcrumb\"},\"inLanguage\":\"fr-FR\",\"potentialAction\":[{\"@type\":\"ReadAction\",\"target\":[\"https:\/\/www.africa-press.net\/cotedivoire\/toutes-les-actualites\/moins-dun-an-apres-son-lancement-lopf-a-recu-306-plaintes-traitees-a-100-moussa-sanogo-satisfait-de-cette-performance-appelle-a-sa-vulgarisation-aupres-des-usagers\"]}]},{\"@type\":\"ImageObject\",\"inLanguage\":\"fr-FR\",\"@id\":\"https:\/\/www.africa-press.net\/cotedivoire\/toutes-les-actualites\/moins-dun-an-apres-son-lancement-lopf-a-recu-306-plaintes-traitees-a-100-moussa-sanogo-satisfait-de-cette-performance-appelle-a-sa-vulgarisation-aupres-des-usagers#primaryimage\",\"url\":\"https:\/\/static.africa-press.net\/cote\/sites\/43\/2022\/05\/postQueueImg_18-6285308a95547.jpg\",\"contentUrl\":\"https:\/\/static.africa-press.net\/cote\/sites\/43\/2022\/05\/postQueueImg_18-6285308a95547.jpg\",\"width\":720,\"height\":302,\"caption\":\"Moins d'un an apr\u00e8s son lancement, l'OPF a re\u00e7u 306 plaintes trait\u00e9es \u00e0 100%, Moussa Sanogo satisfait de cette performance appelle \u00e0 sa vulgarisation aupr\u00e8s des usagers\"},{\"@type\":\"BreadcrumbList\",\"@id\":\"https:\/\/www.africa-press.net\/cotedivoire\/toutes-les-actualites\/moins-dun-an-apres-son-lancement-lopf-a-recu-306-plaintes-traitees-a-100-moussa-sanogo-satisfait-de-cette-performance-appelle-a-sa-vulgarisation-aupres-des-usagers#breadcrumb\",\"itemListElement\":[{\"@type\":\"ListItem\",\"position\":1,\"name\":\"Accueil\",\"item\":\"https:\/\/www.africa-press.net\/cotedivoire\/\"},{\"@type\":\"ListItem\",\"position\":2,\"name\":\"Moins d&#8217;un an apr\u00e8s son lancement, l&#8217;OPF a re\u00e7u 306 plaintes trait\u00e9es \u00e0 100%, Moussa Sanogo satisfait de cette performance appelle \u00e0 sa vulgarisation aupr\u00e8s des usagers\"}]},{\"@type\":\"WebSite\",\"@id\":\"https:\/\/www.africa-press.net\/cotedivoire\/#website\",\"url\":\"https:\/\/www.africa-press.net\/cotedivoire\/\",\"name\":\"C\u00f4te d&#039;Ivoire\",\"description\":\"Just another Africa News Agency Sites site\",\"potentialAction\":[{\"@type\":\"SearchAction\",\"target\":{\"@type\":\"EntryPoint\",\"urlTemplate\":\"https:\/\/www.africa-press.net\/cotedivoire\/?s={search_term_string}\"},\"query-input\":{\"@type\":\"PropertyValueSpecification\",\"valueRequired\":true,\"valueName\":\"search_term_string\"}}],\"inLanguage\":\"fr-FR\"},{\"@type\":\"Person\",\"@id\":\"https:\/\/www.africa-press.net\/cotedivoire\/#\/schema\/person\/2b1cf3cd81a31e3cd26889ca66d677f1\",\"name\":\"cfeditorfr\"}]}<\/script>\n<!-- \/ Yoast SEO Premium plugin. -->","yoast_head_json":{"title":"Moins d'un an apr\u00e8s son lancement, l'OPF a re\u00e7u 306 plaintes trait\u00e9es \u00e0 100%, Moussa Sanogo satisfait de cette performance appelle \u00e0 sa vulgarisation aupr\u00e8s des usagers - C\u00f4te d&#039;Ivoire","description":"L\u2019acc\u00e8s \u00e0 la propri\u00e9t\u00e9 fonci\u00e8re constitue une ambition l\u00e9gitime. C\u2019est un droit garanti par les Constitutions de ...","robots":{"index":"index","follow":"follow","max-snippet":"max-snippet:-1","max-image-preview":"max-image-preview:large","max-video-preview":"max-video-preview:-1"},"canonical":"https:\/\/www.africa-press.net\/cotedivoire\/toutes-les-actualites\/moins-dun-an-apres-son-lancement-lopf-a-recu-306-plaintes-traitees-a-100-moussa-sanogo-satisfait-de-cette-performance-appelle-a-sa-vulgarisation-aupres-des-usagers","og_locale":"fr_FR","og_type":"article","og_title":"Moins d'un an apr\u00e8s son lancement, l'OPF a re\u00e7u 306 plaintes trait\u00e9es \u00e0 100%, Moussa Sanogo satisfait de cette performance appelle \u00e0 sa vulgarisation aupr\u00e8s des usagers","og_description":"L\u2019acc\u00e8s \u00e0 la propri\u00e9t\u00e9 fonci\u00e8re constitue une ambition l\u00e9gitime. C\u2019est un droit garanti par les Constitutions de ...","og_url":"https:\/\/www.africa-press.net\/cotedivoire\/toutes-les-actualites\/moins-dun-an-apres-son-lancement-lopf-a-recu-306-plaintes-traitees-a-100-moussa-sanogo-satisfait-de-cette-performance-appelle-a-sa-vulgarisation-aupres-des-usagers","og_site_name":"C\u00f4te d&#039;Ivoire","article_published_time":"2022-05-18T17:21:05+00:00","article_modified_time":"2022-05-18T17:45:20+00:00","og_image":[{"width":720,"height":302,"url":"https:\/\/static.africa-press.net\/cote\/sites\/43\/2022\/05\/postQueueImg_18-6285308a95547.jpg","type":"image\/jpeg"}],"author":"cfeditorfr","twitter_card":"summary_large_image","twitter_misc":{"\u00c9crit par":"cfeditorfr","Dur\u00e9e de lecture estim\u00e9e":"6 minutes"},"schema":{"@context":"https:\/\/schema.org","@graph":[{"@type":"Article","@id":"https:\/\/www.africa-press.net\/cotedivoire\/toutes-les-actualites\/moins-dun-an-apres-son-lancement-lopf-a-recu-306-plaintes-traitees-a-100-moussa-sanogo-satisfait-de-cette-performance-appelle-a-sa-vulgarisation-aupres-des-usagers#article","isPartOf":{"@id":"https:\/\/www.africa-press.net\/cotedivoire\/toutes-les-actualites\/moins-dun-an-apres-son-lancement-lopf-a-recu-306-plaintes-traitees-a-100-moussa-sanogo-satisfait-de-cette-performance-appelle-a-sa-vulgarisation-aupres-des-usagers"},"author":{"name":"cfeditorfr","@id":"https:\/\/www.africa-press.net\/cotedivoire\/#\/schema\/person\/2b1cf3cd81a31e3cd26889ca66d677f1"},"headline":"Moins d&rsquo;un an apr\u00e8s son lancement, l&rsquo;OPF a re\u00e7u 306 plaintes trait\u00e9es \u00e0 100%, Moussa Sanogo satisfait de cette performance appelle \u00e0 sa vulgarisation aupr\u00e8s des usagers","datePublished":"2022-05-18T17:21:05+00:00","dateModified":"2022-05-18T17:45:20+00:00","mainEntityOfPage":{"@id":"https:\/\/www.africa-press.net\/cotedivoire\/toutes-les-actualites\/moins-dun-an-apres-son-lancement-lopf-a-recu-306-plaintes-traitees-a-100-moussa-sanogo-satisfait-de-cette-performance-appelle-a-sa-vulgarisation-aupres-des-usagers"},"wordCount":1185,"commentCount":0,"image":{"@id":"https:\/\/www.africa-press.net\/cotedivoire\/toutes-les-actualites\/moins-dun-an-apres-son-lancement-lopf-a-recu-306-plaintes-traitees-a-100-moussa-sanogo-satisfait-de-cette-performance-appelle-a-sa-vulgarisation-aupres-des-usagers#primaryimage"},"thumbnailUrl":"https:\/\/static.africa-press.net\/cote\/sites\/43\/2022\/05\/postQueueImg_18-6285308a95547.jpg","keywords":["Africa Press","Africa Press-C\u00f4te d'Ivoire","C\u00d4TE D'IVOIRE","Moussa Sanogo","Observatoire des Plaintes non juridictionnelles en mati\u00e8re Fonci\u00e8re"],"articleSection":["Communaut\u00e9","homepage-french","Toutes les actualit\u00e9s"],"inLanguage":"fr-FR","potentialAction":[{"@type":"CommentAction","name":"Comment","target":["https:\/\/www.africa-press.net\/cotedivoire\/toutes-les-actualites\/moins-dun-an-apres-son-lancement-lopf-a-recu-306-plaintes-traitees-a-100-moussa-sanogo-satisfait-de-cette-performance-appelle-a-sa-vulgarisation-aupres-des-usagers#respond"]}]},{"@type":"WebPage","@id":"https:\/\/www.africa-press.net\/cotedivoire\/toutes-les-actualites\/moins-dun-an-apres-son-lancement-lopf-a-recu-306-plaintes-traitees-a-100-moussa-sanogo-satisfait-de-cette-performance-appelle-a-sa-vulgarisation-aupres-des-usagers","url":"https:\/\/www.africa-press.net\/cotedivoire\/toutes-les-actualites\/moins-dun-an-apres-son-lancement-lopf-a-recu-306-plaintes-traitees-a-100-moussa-sanogo-satisfait-de-cette-performance-appelle-a-sa-vulgarisation-aupres-des-usagers","name":"Moins d'un an apr\u00e8s son lancement, l'OPF a re\u00e7u 306 plaintes trait\u00e9es \u00e0 100%, Moussa Sanogo satisfait de cette performance appelle \u00e0 sa vulgarisation aupr\u00e8s des usagers - C\u00f4te d&#039;Ivoire","isPartOf":{"@id":"https:\/\/www.africa-press.net\/cotedivoire\/#website"},"primaryImageOfPage":{"@id":"https:\/\/www.africa-press.net\/cotedivoire\/toutes-les-actualites\/moins-dun-an-apres-son-lancement-lopf-a-recu-306-plaintes-traitees-a-100-moussa-sanogo-satisfait-de-cette-performance-appelle-a-sa-vulgarisation-aupres-des-usagers#primaryimage"},"image":{"@id":"https:\/\/www.africa-press.net\/cotedivoire\/toutes-les-actualites\/moins-dun-an-apres-son-lancement-lopf-a-recu-306-plaintes-traitees-a-100-moussa-sanogo-satisfait-de-cette-performance-appelle-a-sa-vulgarisation-aupres-des-usagers#primaryimage"},"thumbnailUrl":"https:\/\/static.africa-press.net\/cote\/sites\/43\/2022\/05\/postQueueImg_18-6285308a95547.jpg","datePublished":"2022-05-18T17:21:05+00:00","dateModified":"2022-05-18T17:45:20+00:00","author":{"@id":"https:\/\/www.africa-press.net\/cotedivoire\/#\/schema\/person\/2b1cf3cd81a31e3cd26889ca66d677f1"},"description":"L\u2019acc\u00e8s \u00e0 la propri\u00e9t\u00e9 fonci\u00e8re constitue une ambition l\u00e9gitime. C\u2019est un droit garanti par les Constitutions de ...","breadcrumb":{"@id":"https:\/\/www.africa-press.net\/cotedivoire\/toutes-les-actualites\/moins-dun-an-apres-son-lancement-lopf-a-recu-306-plaintes-traitees-a-100-moussa-sanogo-satisfait-de-cette-performance-appelle-a-sa-vulgarisation-aupres-des-usagers#breadcrumb"},"inLanguage":"fr-FR","potentialAction":[{"@type":"ReadAction","target":["https:\/\/www.africa-press.net\/cotedivoire\/toutes-les-actualites\/moins-dun-an-apres-son-lancement-lopf-a-recu-306-plaintes-traitees-a-100-moussa-sanogo-satisfait-de-cette-performance-appelle-a-sa-vulgarisation-aupres-des-usagers"]}]},{"@type":"ImageObject","inLanguage":"fr-FR","@id":"https:\/\/www.africa-press.net\/cotedivoire\/toutes-les-actualites\/moins-dun-an-apres-son-lancement-lopf-a-recu-306-plaintes-traitees-a-100-moussa-sanogo-satisfait-de-cette-performance-appelle-a-sa-vulgarisation-aupres-des-usagers#primaryimage","url":"https:\/\/static.africa-press.net\/cote\/sites\/43\/2022\/05\/postQueueImg_18-6285308a95547.jpg","contentUrl":"https:\/\/static.africa-press.net\/cote\/sites\/43\/2022\/05\/postQueueImg_18-6285308a95547.jpg","width":720,"height":302,"caption":"Moins d'un an apr\u00e8s son lancement, l'OPF a re\u00e7u 306 plaintes trait\u00e9es \u00e0 100%, Moussa Sanogo satisfait de cette performance appelle \u00e0 sa vulgarisation aupr\u00e8s des usagers"},{"@type":"BreadcrumbList","@id":"https:\/\/www.africa-press.net\/cotedivoire\/toutes-les-actualites\/moins-dun-an-apres-son-lancement-lopf-a-recu-306-plaintes-traitees-a-100-moussa-sanogo-satisfait-de-cette-performance-appelle-a-sa-vulgarisation-aupres-des-usagers#breadcrumb","itemListElement":[{"@type":"ListItem","position":1,"name":"Accueil","item":"https:\/\/www.africa-press.net\/cotedivoire\/"},{"@type":"ListItem","position":2,"name":"Moins d&#8217;un an apr\u00e8s son lancement, l&#8217;OPF a re\u00e7u 306 plaintes trait\u00e9es \u00e0 100%, Moussa Sanogo satisfait de cette performance appelle \u00e0 sa vulgarisation aupr\u00e8s des usagers"}]},{"@type":"WebSite","@id":"https:\/\/www.africa-press.net\/cotedivoire\/#website","url":"https:\/\/www.africa-press.net\/cotedivoire\/","name":"C\u00f4te d&#039;Ivoire","description":"Just another Africa News Agency Sites site","potentialAction":[{"@type":"SearchAction","target":{"@type":"EntryPoint","urlTemplate":"https:\/\/www.africa-press.net\/cotedivoire\/?s={search_term_string}"},"query-input":{"@type":"PropertyValueSpecification","valueRequired":true,"valueName":"search_term_string"}}],"inLanguage":"fr-FR"},{"@type":"Person","@id":"https:\/\/www.africa-press.net\/cotedivoire\/#\/schema\/person\/2b1cf3cd81a31e3cd26889ca66d677f1","name":"cfeditorfr"}]}},"_links":{"self":[{"href":"https:\/\/www.africa-press.net\/cotedivoire\/wp-json\/wp\/v2\/posts\/35675","targetHints":{"allow":["GET"]}}],"collection":[{"href":"https:\/\/www.africa-press.net\/cotedivoire\/wp-json\/wp\/v2\/posts"}],"about":[{"href":"https:\/\/www.africa-press.net\/cotedivoire\/wp-json\/wp\/v2\/types\/post"}],"author":[{"embeddable":true,"href":"https:\/\/www.africa-press.net\/cotedivoire\/wp-json\/wp\/v2\/users\/82"}],"replies":[{"embeddable":true,"href":"https:\/\/www.africa-press.net\/cotedivoire\/wp-json\/wp\/v2\/comments?post=35675"}],"version-history":[{"count":0,"href":"https:\/\/www.africa-press.net\/cotedivoire\/wp-json\/wp\/v2\/posts\/35675\/revisions"}],"wp:featuredmedia":[{"embeddable":true,"href":"https:\/\/www.africa-press.net\/cotedivoire\/wp-json\/wp\/v2\/media\/35674"}],"wp:attachment":[{"href":"https:\/\/www.africa-press.net\/cotedivoire\/wp-json\/wp\/v2\/media?parent=35675"}],"wp:term":[{"taxonomy":"category","embeddable":true,"href":"https:\/\/www.africa-press.net\/cotedivoire\/wp-json\/wp\/v2\/categories?post=35675"},{"taxonomy":"post_tag","embeddable":true,"href":"https:\/\/www.africa-press.net\/cotedivoire\/wp-json\/wp\/v2\/tags?post=35675"}],"curies":[{"name":"wp","href":"https:\/\/api.w.org\/{rel}","templated":true}]}}