{"id":35693,"date":"2022-05-18T17:22:39","date_gmt":"2022-05-18T17:22:39","guid":{"rendered":"https:\/\/www.africa-press.net\/cotedivoire\/politique\/une-delegation-de-la-fifa-a-abidjan-pour-une-seance-de-travail-sur-les-fonds-alloues-aux-projets-fifa-forward"},"modified":"2022-05-18T17:49:54","modified_gmt":"2022-05-18T17:49:54","slug":"une-delegation-de-la-fifa-a-abidjan-pour-une-seance-de-travail-sur-les-fonds-alloues-aux-projets-fifa-forward","status":"publish","type":"post","link":"https:\/\/www.africa-press.net\/cotedivoire\/sports\/une-delegation-de-la-fifa-a-abidjan-pour-une-seance-de-travail-sur-les-fonds-alloues-aux-projets-fifa-forward","title":{"rendered":"Une d\u00e9l\u00e9gation de la FIFA \u00e0 Abidjan pour une s\u00e9ance de travail sur les fonds allou\u00e9s aux projets \u00ab FIFA FORWARD \u00bb"},"content":{"rendered":"<p><span style=\"color: #ff6600\"><strong>Africa-Press &#8211; C\u00f4te d&rsquo;Ivoire. <\/strong><\/span><b>La FIFA visitera le complexe de Yopougon (Ph).<\/b><\/p>\n<p>Une d\u00e9l\u00e9gation de la FIFA s\u00e9journe en C\u00f4te d&rsquo;Ivoire depuis le lundi 16 mai 2022 dans le cadre d&rsquo;une s\u00e9ance de travail avec les responsables de la F\u00e9d\u00e9ration Ivoirienne de Football (FIF).<\/p>\n<p>Ladite d\u00e9l\u00e9gation est conduite par Mme Zigaul C\u00e9line, M. El Hadj Diop et Mme Fatou Camara. Cette s\u00e9ance de travail porte sur les fonds allou\u00e9s aux projets FIFA FORWARD 1.0 et 2.0.<\/p>\n<p>La d\u00e9l\u00e9gation visitera les projets FIFA FOWARD d\u00e9j\u00e0 r\u00e9alis\u00e9s. Notamment, les stades de Yopougon et d&rsquo;Abobo ainsi que le Centre Technique National de Football de Bingerville.<\/p>\n<p>La visite se poursuivra sur les sites du Centre Technique National de Bingerville, \u00e0 l\u2019entrep\u00f4t d\u2019\u00e9quipements de la FIF \u00e0 Pr\u00e9moto et au b\u00e2timent principal du si\u00e8ge de la FIF.<\/p>\n<p>Cette visite prendra fin par une conf\u00e9rence de presse anim\u00e9e par le Pr\u00e9sident de la FIF, Yacine Idriss Diallo, le mercredi 18 mai 2022 \u00e0 18H au si\u00e8ge de la FIF pour faire le point avec la d\u00e9l\u00e9gation de la FIFA.<\/p>\n<p><strong>Pour plus d&rsquo;informations et d&rsquo;analyses sur la <a href=\"https:\/\/www.africa-press.net\/cotedivoire\">C\u00f4te d&rsquo;Ivoire<\/a>, suivez <a href=\"https:\/\/www.africa-press.net\/\">Africa-Press<\/a><\/strong><\/p>\n","protected":false},"excerpt":{"rendered":"<p>Africa-Press &#8211; C\u00f4te d&rsquo;Ivoire. La FIFA visitera le complexe de Yopougon (Ph). Une d\u00e9l\u00e9gation de la FIFA s\u00e9journe en C\u00f4te d&rsquo;Ivoire depuis le lundi 16 mai 2022 dans le cadre d&rsquo;une s\u00e9ance de travail avec les responsables de la F\u00e9d\u00e9ration Ivoirienne de Football (FIF). Ladite d\u00e9l\u00e9gation est conduite par Mme Zigaul C\u00e9line, M. El Hadj [&hellip;]<\/p>\n","protected":false},"author":82,"featured_media":35692,"comment_status":"open","ping_status":"closed","sticky":false,"template":"","format":"standard","meta":{"footnotes":""},"categories":[11,6,10],"tags":[56,63,29,1712,569,2022,6159,1356,2128,540,6158],"class_list":["post-35693","post","type-post","status-publish","format-standard","has-post-thumbnail","hentry","category-homepage-french","category-sports","category-toutes-les-actualites","tag-africa-press","tag-africa-press-cote-divoire","tag-cote-divoire","tag-delegation","tag-fifa","tag-fonds","tag-forward","tag-idriss-diallo","tag-visite","tag-yopougon","tag-zigaul-celine"],"yoast_head":"<!-- This site is optimized with the Yoast SEO Premium plugin v26.1 (Yoast SEO v27.0) - https:\/\/yoast.com\/product\/yoast-seo-premium-wordpress\/ -->\n<title>Une d\u00e9l\u00e9gation de la FIFA \u00e0 Abidjan pour une s\u00e9ance de travail sur les fonds allou\u00e9s aux projets \u00ab FIFA FORWARD \u00bb - C\u00f4te d&#039;Ivoire<\/title>\n<meta name=\"description\" content=\"La FIFA visitera le complexe de Yopougon (Ph). Une d\u00e9l\u00e9gation de la FIFA s\u00e9journe en C\u00f4te d&#039;Ivoire depuis le lun ...\" \/>\n<meta name=\"robots\" content=\"index, follow, max-snippet:-1, max-image-preview:large, max-video-preview:-1\" \/>\n<link rel=\"canonical\" href=\"https:\/\/www.africa-press.net\/cotedivoire\/sports\/une-delegation-de-la-fifa-a-abidjan-pour-une-seance-de-travail-sur-les-fonds-alloues-aux-projets-fifa-forward\" \/>\n<meta property=\"og:locale\" content=\"fr_FR\" \/>\n<meta property=\"og:type\" content=\"article\" \/>\n<meta property=\"og:title\" content=\"Une d\u00e9l\u00e9gation de la FIFA \u00e0 Abidjan pour une s\u00e9ance de travail sur les fonds allou\u00e9s aux projets \u00ab FIFA FORWARD \u00bb\" \/>\n<meta property=\"og:description\" content=\"La FIFA visitera le complexe de Yopougon (Ph). Une d\u00e9l\u00e9gation de la FIFA s\u00e9journe en C\u00f4te d&#039;Ivoire depuis le lun ...\" \/>\n<meta property=\"og:url\" content=\"https:\/\/www.africa-press.net\/cotedivoire\/sports\/une-delegation-de-la-fifa-a-abidjan-pour-une-seance-de-travail-sur-les-fonds-alloues-aux-projets-fifa-forward\" \/>\n<meta property=\"og:site_name\" content=\"C\u00f4te d&#039;Ivoire\" \/>\n<meta property=\"article:published_time\" content=\"2022-05-18T17:22:39+00:00\" \/>\n<meta property=\"article:modified_time\" content=\"2022-05-18T17:49:54+00:00\" \/>\n<meta property=\"og:image\" content=\"https:\/\/static.africa-press.net\/cote\/sites\/43\/2022\/05\/postQueueImg_24-62853189c5140.jpg\" \/>\n\t<meta property=\"og:image:width\" content=\"720\" \/>\n\t<meta property=\"og:image:height\" content=\"362\" \/>\n\t<meta property=\"og:image:type\" content=\"image\/jpeg\" \/>\n<meta name=\"author\" content=\"cfeditorfr\" \/>\n<meta name=\"twitter:card\" content=\"summary_large_image\" \/>\n<meta name=\"twitter:label1\" content=\"\u00c9crit par\" \/>\n\t<meta name=\"twitter:data1\" content=\"cfeditorfr\" \/>\n\t<meta name=\"twitter:label2\" content=\"Dur\u00e9e de lecture estim\u00e9e\" \/>\n\t<meta name=\"twitter:data2\" content=\"1 minute\" \/>\n<script type=\"application\/ld+json\" class=\"yoast-schema-graph\">{\"@context\":\"https:\/\/schema.org\",\"@graph\":[{\"@type\":\"Article\",\"@id\":\"https:\/\/www.africa-press.net\/cotedivoire\/sports\/une-delegation-de-la-fifa-a-abidjan-pour-une-seance-de-travail-sur-les-fonds-alloues-aux-projets-fifa-forward#article\",\"isPartOf\":{\"@id\":\"https:\/\/www.africa-press.net\/cotedivoire\/sports\/une-delegation-de-la-fifa-a-abidjan-pour-une-seance-de-travail-sur-les-fonds-alloues-aux-projets-fifa-forward\"},\"author\":{\"name\":\"cfeditorfr\",\"@id\":\"https:\/\/www.africa-press.net\/cotedivoire\/#\/schema\/person\/2b1cf3cd81a31e3cd26889ca66d677f1\"},\"headline\":\"Une d\u00e9l\u00e9gation de la FIFA \u00e0 Abidjan pour une s\u00e9ance de travail sur les fonds allou\u00e9s aux projets \u00ab FIFA FORWARD \u00bb\",\"datePublished\":\"2022-05-18T17:22:39+00:00\",\"dateModified\":\"2022-05-18T17:49:54+00:00\",\"mainEntityOfPage\":{\"@id\":\"https:\/\/www.africa-press.net\/cotedivoire\/sports\/une-delegation-de-la-fifa-a-abidjan-pour-une-seance-de-travail-sur-les-fonds-alloues-aux-projets-fifa-forward\"},\"wordCount\":236,\"commentCount\":0,\"image\":{\"@id\":\"https:\/\/www.africa-press.net\/cotedivoire\/sports\/une-delegation-de-la-fifa-a-abidjan-pour-une-seance-de-travail-sur-les-fonds-alloues-aux-projets-fifa-forward#primaryimage\"},\"thumbnailUrl\":\"https:\/\/static.africa-press.net\/cote\/sites\/43\/2022\/05\/postQueueImg_24-62853189c5140.jpg\",\"keywords\":[\"Africa Press\",\"Africa Press-C\u00f4te d'Ivoire\",\"C\u00d4TE D'IVOIRE\",\"d\u00e9l\u00e9gation\",\"FIFA\",\"fonds\",\"FORWARD\",\"Idriss Diallo\",\"visite\",\"Yopougon\",\"Zigaul C\u00e9line\"],\"articleSection\":[\"homepage-french\",\"Sports\",\"Toutes les actualit\u00e9s\"],\"inLanguage\":\"fr-FR\",\"potentialAction\":[{\"@type\":\"CommentAction\",\"name\":\"Comment\",\"target\":[\"https:\/\/www.africa-press.net\/cotedivoire\/sports\/une-delegation-de-la-fifa-a-abidjan-pour-une-seance-de-travail-sur-les-fonds-alloues-aux-projets-fifa-forward#respond\"]}]},{\"@type\":\"WebPage\",\"@id\":\"https:\/\/www.africa-press.net\/cotedivoire\/sports\/une-delegation-de-la-fifa-a-abidjan-pour-une-seance-de-travail-sur-les-fonds-alloues-aux-projets-fifa-forward\",\"url\":\"https:\/\/www.africa-press.net\/cotedivoire\/sports\/une-delegation-de-la-fifa-a-abidjan-pour-une-seance-de-travail-sur-les-fonds-alloues-aux-projets-fifa-forward\",\"name\":\"Une d\u00e9l\u00e9gation de la FIFA \u00e0 Abidjan pour une s\u00e9ance de travail sur les fonds allou\u00e9s aux projets \u00ab FIFA FORWARD \u00bb - C\u00f4te d&#039;Ivoire\",\"isPartOf\":{\"@id\":\"https:\/\/www.africa-press.net\/cotedivoire\/#website\"},\"primaryImageOfPage\":{\"@id\":\"https:\/\/www.africa-press.net\/cotedivoire\/sports\/une-delegation-de-la-fifa-a-abidjan-pour-une-seance-de-travail-sur-les-fonds-alloues-aux-projets-fifa-forward#primaryimage\"},\"image\":{\"@id\":\"https:\/\/www.africa-press.net\/cotedivoire\/sports\/une-delegation-de-la-fifa-a-abidjan-pour-une-seance-de-travail-sur-les-fonds-alloues-aux-projets-fifa-forward#primaryimage\"},\"thumbnailUrl\":\"https:\/\/static.africa-press.net\/cote\/sites\/43\/2022\/05\/postQueueImg_24-62853189c5140.jpg\",\"datePublished\":\"2022-05-18T17:22:39+00:00\",\"dateModified\":\"2022-05-18T17:49:54+00:00\",\"author\":{\"@id\":\"https:\/\/www.africa-press.net\/cotedivoire\/#\/schema\/person\/2b1cf3cd81a31e3cd26889ca66d677f1\"},\"description\":\"La FIFA visitera le complexe de Yopougon (Ph). Une d\u00e9l\u00e9gation de la FIFA s\u00e9journe en C\u00f4te d'Ivoire depuis le lun ...\",\"breadcrumb\":{\"@id\":\"https:\/\/www.africa-press.net\/cotedivoire\/sports\/une-delegation-de-la-fifa-a-abidjan-pour-une-seance-de-travail-sur-les-fonds-alloues-aux-projets-fifa-forward#breadcrumb\"},\"inLanguage\":\"fr-FR\",\"potentialAction\":[{\"@type\":\"ReadAction\",\"target\":[\"https:\/\/www.africa-press.net\/cotedivoire\/sports\/une-delegation-de-la-fifa-a-abidjan-pour-une-seance-de-travail-sur-les-fonds-alloues-aux-projets-fifa-forward\"]}]},{\"@type\":\"ImageObject\",\"inLanguage\":\"fr-FR\",\"@id\":\"https:\/\/www.africa-press.net\/cotedivoire\/sports\/une-delegation-de-la-fifa-a-abidjan-pour-une-seance-de-travail-sur-les-fonds-alloues-aux-projets-fifa-forward#primaryimage\",\"url\":\"https:\/\/static.africa-press.net\/cote\/sites\/43\/2022\/05\/postQueueImg_24-62853189c5140.jpg\",\"contentUrl\":\"https:\/\/static.africa-press.net\/cote\/sites\/43\/2022\/05\/postQueueImg_24-62853189c5140.jpg\",\"width\":720,\"height\":362,\"caption\":\"Une d\u00e9l\u00e9gation de la FIFA \u00e0 Abidjan pour une s\u00e9ance de travail sur les fonds allou\u00e9s aux projets \u00ab FIFA FORWARD \u00bb\"},{\"@type\":\"BreadcrumbList\",\"@id\":\"https:\/\/www.africa-press.net\/cotedivoire\/sports\/une-delegation-de-la-fifa-a-abidjan-pour-une-seance-de-travail-sur-les-fonds-alloues-aux-projets-fifa-forward#breadcrumb\",\"itemListElement\":[{\"@type\":\"ListItem\",\"position\":1,\"name\":\"Accueil\",\"item\":\"https:\/\/www.africa-press.net\/cotedivoire\/\"},{\"@type\":\"ListItem\",\"position\":2,\"name\":\"Une d\u00e9l\u00e9gation de la FIFA \u00e0 Abidjan pour une s\u00e9ance de travail sur les fonds allou\u00e9s aux projets \u00ab FIFA FORWARD \u00bb\"}]},{\"@type\":\"WebSite\",\"@id\":\"https:\/\/www.africa-press.net\/cotedivoire\/#website\",\"url\":\"https:\/\/www.africa-press.net\/cotedivoire\/\",\"name\":\"C\u00f4te d&#039;Ivoire\",\"description\":\"Just another Africa News Agency Sites site\",\"potentialAction\":[{\"@type\":\"SearchAction\",\"target\":{\"@type\":\"EntryPoint\",\"urlTemplate\":\"https:\/\/www.africa-press.net\/cotedivoire\/?s={search_term_string}\"},\"query-input\":{\"@type\":\"PropertyValueSpecification\",\"valueRequired\":true,\"valueName\":\"search_term_string\"}}],\"inLanguage\":\"fr-FR\"},{\"@type\":\"Person\",\"@id\":\"https:\/\/www.africa-press.net\/cotedivoire\/#\/schema\/person\/2b1cf3cd81a31e3cd26889ca66d677f1\",\"name\":\"cfeditorfr\"}]}<\/script>\n<!-- \/ Yoast SEO Premium plugin. -->","yoast_head_json":{"title":"Une d\u00e9l\u00e9gation de la FIFA \u00e0 Abidjan pour une s\u00e9ance de travail sur les fonds allou\u00e9s aux projets \u00ab FIFA FORWARD \u00bb - C\u00f4te d&#039;Ivoire","description":"La FIFA visitera le complexe de Yopougon (Ph). Une d\u00e9l\u00e9gation de la FIFA s\u00e9journe en C\u00f4te d'Ivoire depuis le lun ...","robots":{"index":"index","follow":"follow","max-snippet":"max-snippet:-1","max-image-preview":"max-image-preview:large","max-video-preview":"max-video-preview:-1"},"canonical":"https:\/\/www.africa-press.net\/cotedivoire\/sports\/une-delegation-de-la-fifa-a-abidjan-pour-une-seance-de-travail-sur-les-fonds-alloues-aux-projets-fifa-forward","og_locale":"fr_FR","og_type":"article","og_title":"Une d\u00e9l\u00e9gation de la FIFA \u00e0 Abidjan pour une s\u00e9ance de travail sur les fonds allou\u00e9s aux projets \u00ab FIFA FORWARD \u00bb","og_description":"La FIFA visitera le complexe de Yopougon (Ph). Une d\u00e9l\u00e9gation de la FIFA s\u00e9journe en C\u00f4te d'Ivoire depuis le lun ...","og_url":"https:\/\/www.africa-press.net\/cotedivoire\/sports\/une-delegation-de-la-fifa-a-abidjan-pour-une-seance-de-travail-sur-les-fonds-alloues-aux-projets-fifa-forward","og_site_name":"C\u00f4te d&#039;Ivoire","article_published_time":"2022-05-18T17:22:39+00:00","article_modified_time":"2022-05-18T17:49:54+00:00","og_image":[{"width":720,"height":362,"url":"https:\/\/static.africa-press.net\/cote\/sites\/43\/2022\/05\/postQueueImg_24-62853189c5140.jpg","type":"image\/jpeg"}],"author":"cfeditorfr","twitter_card":"summary_large_image","twitter_misc":{"\u00c9crit par":"cfeditorfr","Dur\u00e9e de lecture estim\u00e9e":"1 minute"},"schema":{"@context":"https:\/\/schema.org","@graph":[{"@type":"Article","@id":"https:\/\/www.africa-press.net\/cotedivoire\/sports\/une-delegation-de-la-fifa-a-abidjan-pour-une-seance-de-travail-sur-les-fonds-alloues-aux-projets-fifa-forward#article","isPartOf":{"@id":"https:\/\/www.africa-press.net\/cotedivoire\/sports\/une-delegation-de-la-fifa-a-abidjan-pour-une-seance-de-travail-sur-les-fonds-alloues-aux-projets-fifa-forward"},"author":{"name":"cfeditorfr","@id":"https:\/\/www.africa-press.net\/cotedivoire\/#\/schema\/person\/2b1cf3cd81a31e3cd26889ca66d677f1"},"headline":"Une d\u00e9l\u00e9gation de la FIFA \u00e0 Abidjan pour une s\u00e9ance de travail sur les fonds allou\u00e9s aux projets \u00ab FIFA FORWARD \u00bb","datePublished":"2022-05-18T17:22:39+00:00","dateModified":"2022-05-18T17:49:54+00:00","mainEntityOfPage":{"@id":"https:\/\/www.africa-press.net\/cotedivoire\/sports\/une-delegation-de-la-fifa-a-abidjan-pour-une-seance-de-travail-sur-les-fonds-alloues-aux-projets-fifa-forward"},"wordCount":236,"commentCount":0,"image":{"@id":"https:\/\/www.africa-press.net\/cotedivoire\/sports\/une-delegation-de-la-fifa-a-abidjan-pour-une-seance-de-travail-sur-les-fonds-alloues-aux-projets-fifa-forward#primaryimage"},"thumbnailUrl":"https:\/\/static.africa-press.net\/cote\/sites\/43\/2022\/05\/postQueueImg_24-62853189c5140.jpg","keywords":["Africa Press","Africa Press-C\u00f4te d'Ivoire","C\u00d4TE D'IVOIRE","d\u00e9l\u00e9gation","FIFA","fonds","FORWARD","Idriss Diallo","visite","Yopougon","Zigaul C\u00e9line"],"articleSection":["homepage-french","Sports","Toutes les actualit\u00e9s"],"inLanguage":"fr-FR","potentialAction":[{"@type":"CommentAction","name":"Comment","target":["https:\/\/www.africa-press.net\/cotedivoire\/sports\/une-delegation-de-la-fifa-a-abidjan-pour-une-seance-de-travail-sur-les-fonds-alloues-aux-projets-fifa-forward#respond"]}]},{"@type":"WebPage","@id":"https:\/\/www.africa-press.net\/cotedivoire\/sports\/une-delegation-de-la-fifa-a-abidjan-pour-une-seance-de-travail-sur-les-fonds-alloues-aux-projets-fifa-forward","url":"https:\/\/www.africa-press.net\/cotedivoire\/sports\/une-delegation-de-la-fifa-a-abidjan-pour-une-seance-de-travail-sur-les-fonds-alloues-aux-projets-fifa-forward","name":"Une d\u00e9l\u00e9gation de la FIFA \u00e0 Abidjan pour une s\u00e9ance de travail sur les fonds allou\u00e9s aux projets \u00ab FIFA FORWARD \u00bb - C\u00f4te d&#039;Ivoire","isPartOf":{"@id":"https:\/\/www.africa-press.net\/cotedivoire\/#website"},"primaryImageOfPage":{"@id":"https:\/\/www.africa-press.net\/cotedivoire\/sports\/une-delegation-de-la-fifa-a-abidjan-pour-une-seance-de-travail-sur-les-fonds-alloues-aux-projets-fifa-forward#primaryimage"},"image":{"@id":"https:\/\/www.africa-press.net\/cotedivoire\/sports\/une-delegation-de-la-fifa-a-abidjan-pour-une-seance-de-travail-sur-les-fonds-alloues-aux-projets-fifa-forward#primaryimage"},"thumbnailUrl":"https:\/\/static.africa-press.net\/cote\/sites\/43\/2022\/05\/postQueueImg_24-62853189c5140.jpg","datePublished":"2022-05-18T17:22:39+00:00","dateModified":"2022-05-18T17:49:54+00:00","author":{"@id":"https:\/\/www.africa-press.net\/cotedivoire\/#\/schema\/person\/2b1cf3cd81a31e3cd26889ca66d677f1"},"description":"La FIFA visitera le complexe de Yopougon (Ph). Une d\u00e9l\u00e9gation de la FIFA s\u00e9journe en C\u00f4te d'Ivoire depuis le lun ...","breadcrumb":{"@id":"https:\/\/www.africa-press.net\/cotedivoire\/sports\/une-delegation-de-la-fifa-a-abidjan-pour-une-seance-de-travail-sur-les-fonds-alloues-aux-projets-fifa-forward#breadcrumb"},"inLanguage":"fr-FR","potentialAction":[{"@type":"ReadAction","target":["https:\/\/www.africa-press.net\/cotedivoire\/sports\/une-delegation-de-la-fifa-a-abidjan-pour-une-seance-de-travail-sur-les-fonds-alloues-aux-projets-fifa-forward"]}]},{"@type":"ImageObject","inLanguage":"fr-FR","@id":"https:\/\/www.africa-press.net\/cotedivoire\/sports\/une-delegation-de-la-fifa-a-abidjan-pour-une-seance-de-travail-sur-les-fonds-alloues-aux-projets-fifa-forward#primaryimage","url":"https:\/\/static.africa-press.net\/cote\/sites\/43\/2022\/05\/postQueueImg_24-62853189c5140.jpg","contentUrl":"https:\/\/static.africa-press.net\/cote\/sites\/43\/2022\/05\/postQueueImg_24-62853189c5140.jpg","width":720,"height":362,"caption":"Une d\u00e9l\u00e9gation de la FIFA \u00e0 Abidjan pour une s\u00e9ance de travail sur les fonds allou\u00e9s aux projets \u00ab FIFA FORWARD \u00bb"},{"@type":"BreadcrumbList","@id":"https:\/\/www.africa-press.net\/cotedivoire\/sports\/une-delegation-de-la-fifa-a-abidjan-pour-une-seance-de-travail-sur-les-fonds-alloues-aux-projets-fifa-forward#breadcrumb","itemListElement":[{"@type":"ListItem","position":1,"name":"Accueil","item":"https:\/\/www.africa-press.net\/cotedivoire\/"},{"@type":"ListItem","position":2,"name":"Une d\u00e9l\u00e9gation de la FIFA \u00e0 Abidjan pour une s\u00e9ance de travail sur les fonds allou\u00e9s aux projets \u00ab FIFA FORWARD \u00bb"}]},{"@type":"WebSite","@id":"https:\/\/www.africa-press.net\/cotedivoire\/#website","url":"https:\/\/www.africa-press.net\/cotedivoire\/","name":"C\u00f4te d&#039;Ivoire","description":"Just another Africa News Agency Sites site","potentialAction":[{"@type":"SearchAction","target":{"@type":"EntryPoint","urlTemplate":"https:\/\/www.africa-press.net\/cotedivoire\/?s={search_term_string}"},"query-input":{"@type":"PropertyValueSpecification","valueRequired":true,"valueName":"search_term_string"}}],"inLanguage":"fr-FR"},{"@type":"Person","@id":"https:\/\/www.africa-press.net\/cotedivoire\/#\/schema\/person\/2b1cf3cd81a31e3cd26889ca66d677f1","name":"cfeditorfr"}]}},"_links":{"self":[{"href":"https:\/\/www.africa-press.net\/cotedivoire\/wp-json\/wp\/v2\/posts\/35693","targetHints":{"allow":["GET"]}}],"collection":[{"href":"https:\/\/www.africa-press.net\/cotedivoire\/wp-json\/wp\/v2\/posts"}],"about":[{"href":"https:\/\/www.africa-press.net\/cotedivoire\/wp-json\/wp\/v2\/types\/post"}],"author":[{"embeddable":true,"href":"https:\/\/www.africa-press.net\/cotedivoire\/wp-json\/wp\/v2\/users\/82"}],"replies":[{"embeddable":true,"href":"https:\/\/www.africa-press.net\/cotedivoire\/wp-json\/wp\/v2\/comments?post=35693"}],"version-history":[{"count":0,"href":"https:\/\/www.africa-press.net\/cotedivoire\/wp-json\/wp\/v2\/posts\/35693\/revisions"}],"wp:featuredmedia":[{"embeddable":true,"href":"https:\/\/www.africa-press.net\/cotedivoire\/wp-json\/wp\/v2\/media\/35692"}],"wp:attachment":[{"href":"https:\/\/www.africa-press.net\/cotedivoire\/wp-json\/wp\/v2\/media?parent=35693"}],"wp:term":[{"taxonomy":"category","embeddable":true,"href":"https:\/\/www.africa-press.net\/cotedivoire\/wp-json\/wp\/v2\/categories?post=35693"},{"taxonomy":"post_tag","embeddable":true,"href":"https:\/\/www.africa-press.net\/cotedivoire\/wp-json\/wp\/v2\/tags?post=35693"}],"curies":[{"name":"wp","href":"https:\/\/api.w.org\/{rel}","templated":true}]}}