{"id":36227,"date":"2022-05-24T13:16:20","date_gmt":"2022-05-24T13:16:20","guid":{"rendered":"https:\/\/www.africa-press.net\/cotedivoire\/politique\/ble-goude-qui-se-dit-marionnette-de-personne-reaffirme-son-ambition-de-diriger-un-jour-ce-pays"},"modified":"2022-05-24T14:02:35","modified_gmt":"2022-05-24T14:02:35","slug":"ble-goude-qui-se-dit-marionnette-de-personne-reaffirme-son-ambition-de-diriger-un-jour-ce-pays","status":"publish","type":"post","link":"https:\/\/www.africa-press.net\/cotedivoire\/politique\/ble-goude-qui-se-dit-marionnette-de-personne-reaffirme-son-ambition-de-diriger-un-jour-ce-pays","title":{"rendered":"Bl\u00e9 Goud\u00e9 qui se dit marionnette de personne r\u00e9affirme son ambition de diriger un jour ce pays"},"content":{"rendered":"<p><span style=\"color: #ff6600\"><strong>Africa-Press &#8211; C\u00f4te d&rsquo;Ivoire. <\/strong><\/span><b> <\/b>Depuis la Haye, Charles Bl\u00e9 Goud\u00e9 en a gros sur le c\u0153ur. Il subirait des attaques de la part de certains proches de Laurent Gbagbo pour avoir affich\u00e9 son ambition de diriger un jour la C\u00f4te d\u2019Ivoire.<\/p>\n<p>L\u2019ex-d\u00e9tenu de la prison de Scheveningen \u00e0 la Cour P\u00e9nale Internationale (CPI) , n\u2019est pas all\u00e9 du dos de la cuill\u00e8re pour r\u00e9pondre \u00e0 un d\u00e9tracteur qu\u2019il l\u2019aurait appel\u00e9 vendredi dernier pour lui demander certainement de revoir sa position concernant son r\u00eave d\u2019\u00eatre un jour pr\u00e9sident de la R\u00e9publique.<\/p>\n<p>Ci-dessous, nous vous livrons l\u2019int\u00e9gralit\u00e9 de la r\u00e9action de l\u2019ancien Ministre de Laurent Gbagbo, qui malheureusement pour \u00e9clairer la lanterne de l&rsquo;opinion, ne r\u00e9v\u00e8le pas l\u2019identit\u00e9 de son d\u00e9tracteur en question et remet l\u2019opinion aux calendes grecques&#8230;<\/p>\n<p>\u00ab JE NE SUIS PAS TA MARIONNETTE<\/p>\n<p>Oui, je l&rsquo;ai dit, et je L&rsquo;ASSUME TOTALEMENT : \u00ab\u00a0Je voudrais un jour \u00eatre pr\u00e9sident de mon pays.\u00a0\u00bb<\/p>\n<p>Mais \u00e7a, ce n&rsquo;est qu&rsquo;une ambition qui ne saurait \u00eatre au-dessus de mes valeurs et mes principes.<\/p>\n<p>En cons\u00e9quence, je ne marchanderai rien pour une ambition.<\/p>\n<p>Bien au contraire, je me battrai avec dignit\u00e9 pour y arriver. Est-ce que c&rsquo;est clair ?<\/p>\n<p>\u00c0 toi qui a eu le toupet de m&rsquo;appeler ce matin et ainsi qu&rsquo;aux autres qui nourrissent cette m\u00eame id\u00e9e de d\u00e9finir ce qu&rsquo;on doit penser, dire et faire, je vous mets en garde : Ne vous avisez plus jamais \u00e0 me tancer sur mes ambitions politiques.<\/p>\n<p>VOUS VOUS PRENEZ POUR QUI ?<\/p>\n<p>ASSEZ ! JE DIS ASSEZ !<\/p>\n<p>\u00catre proche, ou \u00eatre dans l&rsquo;estime d&rsquo;un leader ne vous donne pas droit de vie ou de mort sur moi.<\/p>\n<p>Retenez-le tr\u00e8s bien !<\/p>\n<p>S&rsquo;il y en a qui l&rsquo;acceptent, moi je le REFUSE.<\/p>\n<p>Par le pass\u00e9, je me gardais de vous r\u00e9pondre pas par peur, juste par d\u00e9cence.<\/p>\n<p>J&rsquo;esp\u00e8re que vous aurez le courage de dire un jour aux ivoiriens, ce que je devrais faire et que je n&rsquo;ai pas fait,<\/p>\n<p>Ou bien ce que je ne devrais pas faire et que j&rsquo;ai fait.<\/p>\n<p>Je ne suis pas votre oblig\u00e9, ni \u00e0 votre service encore moins votre pantin. Est-ce clair ?<\/p>\n<p>Toi, tu es rentr\u00e9 au pays, tu te la coules douce, moi je suis encore bloqu\u00e9 ici \u00e0 La Haye, dans les griffes de l&rsquo;administration de la CPI et d&rsquo;un syst\u00e8me sans visage, attendant un passeport depuis un an bient\u00f4t et toi sans g\u00eane tu me fais passer pour le mauvais !<\/p>\n<p>Un jour, je dirai ma part de v\u00e9rit\u00e9 aux ivoiriens. Je ne suis pas press\u00e9. Appelle encore.<\/p>\n<p><strong>Pour plus d&rsquo;informations et d&rsquo;analyses sur la <a href=\"https:\/\/www.africa-press.net\/cotedivoire\">C\u00f4te d&rsquo;Ivoire<\/a>, suivez <a href=\"https:\/\/www.africa-press.net\/\">Africa-Press<\/a><\/strong><\/p>\n","protected":false},"excerpt":{"rendered":"<p>Africa-Press &#8211; C\u00f4te d&rsquo;Ivoire. Depuis la Haye, Charles Bl\u00e9 Goud\u00e9 en a gros sur le c\u0153ur. Il subirait des attaques de la part de certains proches de Laurent Gbagbo pour avoir affich\u00e9 son ambition de diriger un jour la C\u00f4te d\u2019Ivoire. L\u2019ex-d\u00e9tenu de la prison de Scheveningen \u00e0 la Cour P\u00e9nale Internationale (CPI) , n\u2019est [&hellip;]<\/p>\n","protected":false},"author":82,"featured_media":36226,"comment_status":"open","ping_status":"closed","sticky":false,"template":"","format":"standard","meta":{"footnotes":""},"categories":[11,2,10],"tags":[56,63,6235,6234,495,29,693,828,50],"class_list":["post-36227","post","type-post","status-publish","format-standard","has-post-thumbnail","hentry","category-homepage-french","category-politique","category-toutes-les-actualites","tag-africa-press","tag-africa-press-cote-divoire","tag-ambition","tag-attaques","tag-ble-goude","tag-cote-divoire","tag-cpi","tag-haye","tag-laurent-gbagbo"],"yoast_head":"<!-- This site is optimized with the Yoast SEO Premium plugin v26.1 (Yoast SEO v27.0) - https:\/\/yoast.com\/product\/yoast-seo-premium-wordpress\/ -->\n<title>Bl\u00e9 Goud\u00e9 qui se dit marionnette de personne r\u00e9affirme son ambition de diriger un jour ce pays - C\u00f4te d&#039;Ivoire<\/title>\n<meta name=\"description\" content=\"Depuis la Haye, Charles Bl\u00e9 Goud\u00e9 en a gros sur le c\u0153ur. Il subirait des attaques de la part de certains proches ...\" \/>\n<meta name=\"robots\" content=\"index, follow, max-snippet:-1, max-image-preview:large, max-video-preview:-1\" \/>\n<link rel=\"canonical\" href=\"https:\/\/www.africa-press.net\/cotedivoire\/politique\/ble-goude-qui-se-dit-marionnette-de-personne-reaffirme-son-ambition-de-diriger-un-jour-ce-pays\" \/>\n<meta property=\"og:locale\" content=\"fr_FR\" \/>\n<meta property=\"og:type\" content=\"article\" \/>\n<meta property=\"og:title\" content=\"Bl\u00e9 Goud\u00e9 qui se dit marionnette de personne r\u00e9affirme son ambition de diriger un jour ce pays\" \/>\n<meta property=\"og:description\" content=\"Depuis la Haye, Charles Bl\u00e9 Goud\u00e9 en a gros sur le c\u0153ur. Il subirait des attaques de la part de certains proches ...\" \/>\n<meta property=\"og:url\" content=\"https:\/\/www.africa-press.net\/cotedivoire\/politique\/ble-goude-qui-se-dit-marionnette-de-personne-reaffirme-son-ambition-de-diriger-un-jour-ce-pays\" \/>\n<meta property=\"og:site_name\" content=\"C\u00f4te d&#039;Ivoire\" \/>\n<meta property=\"article:published_time\" content=\"2022-05-24T13:16:20+00:00\" \/>\n<meta property=\"article:modified_time\" content=\"2022-05-24T14:02:35+00:00\" \/>\n<meta property=\"og:image\" content=\"https:\/\/static.africa-press.net\/cote\/sites\/43\/2022\/05\/postQueueImg_16-628ce56239962.jpg\" \/>\n\t<meta property=\"og:image:width\" content=\"720\" \/>\n\t<meta property=\"og:image:height\" content=\"609\" \/>\n\t<meta property=\"og:image:type\" content=\"image\/jpeg\" \/>\n<meta name=\"author\" content=\"cfeditorfr\" \/>\n<meta name=\"twitter:card\" content=\"summary_large_image\" \/>\n<meta name=\"twitter:label1\" content=\"\u00c9crit par\" \/>\n\t<meta name=\"twitter:data1\" content=\"cfeditorfr\" \/>\n\t<meta name=\"twitter:label2\" content=\"Dur\u00e9e de lecture estim\u00e9e\" \/>\n\t<meta name=\"twitter:data2\" content=\"2 minutes\" \/>\n<script type=\"application\/ld+json\" class=\"yoast-schema-graph\">{\"@context\":\"https:\/\/schema.org\",\"@graph\":[{\"@type\":\"Article\",\"@id\":\"https:\/\/www.africa-press.net\/cotedivoire\/politique\/ble-goude-qui-se-dit-marionnette-de-personne-reaffirme-son-ambition-de-diriger-un-jour-ce-pays#article\",\"isPartOf\":{\"@id\":\"https:\/\/www.africa-press.net\/cotedivoire\/politique\/ble-goude-qui-se-dit-marionnette-de-personne-reaffirme-son-ambition-de-diriger-un-jour-ce-pays\"},\"author\":{\"name\":\"cfeditorfr\",\"@id\":\"https:\/\/www.africa-press.net\/cotedivoire\/#\/schema\/person\/2b1cf3cd81a31e3cd26889ca66d677f1\"},\"headline\":\"Bl\u00e9 Goud\u00e9 qui se dit marionnette de personne r\u00e9affirme son ambition de diriger un jour ce pays\",\"datePublished\":\"2022-05-24T13:16:20+00:00\",\"dateModified\":\"2022-05-24T14:02:35+00:00\",\"mainEntityOfPage\":{\"@id\":\"https:\/\/www.africa-press.net\/cotedivoire\/politique\/ble-goude-qui-se-dit-marionnette-de-personne-reaffirme-son-ambition-de-diriger-un-jour-ce-pays\"},\"wordCount\":498,\"commentCount\":0,\"image\":{\"@id\":\"https:\/\/www.africa-press.net\/cotedivoire\/politique\/ble-goude-qui-se-dit-marionnette-de-personne-reaffirme-son-ambition-de-diriger-un-jour-ce-pays#primaryimage\"},\"thumbnailUrl\":\"https:\/\/static.africa-press.net\/cote\/sites\/43\/2022\/05\/postQueueImg_16-628ce56239962.jpg\",\"keywords\":[\"Africa Press\",\"Africa Press-C\u00f4te d'Ivoire\",\"ambition\",\"attaques\",\"Bl\u00e9 Goud\u00e9\",\"C\u00d4TE D'IVOIRE\",\"Cpi\",\"Haye\",\"Laurent Gbagbo\"],\"articleSection\":[\"homepage-french\",\"Politique\",\"Toutes les actualit\u00e9s\"],\"inLanguage\":\"fr-FR\",\"potentialAction\":[{\"@type\":\"CommentAction\",\"name\":\"Comment\",\"target\":[\"https:\/\/www.africa-press.net\/cotedivoire\/politique\/ble-goude-qui-se-dit-marionnette-de-personne-reaffirme-son-ambition-de-diriger-un-jour-ce-pays#respond\"]}]},{\"@type\":\"WebPage\",\"@id\":\"https:\/\/www.africa-press.net\/cotedivoire\/politique\/ble-goude-qui-se-dit-marionnette-de-personne-reaffirme-son-ambition-de-diriger-un-jour-ce-pays\",\"url\":\"https:\/\/www.africa-press.net\/cotedivoire\/politique\/ble-goude-qui-se-dit-marionnette-de-personne-reaffirme-son-ambition-de-diriger-un-jour-ce-pays\",\"name\":\"Bl\u00e9 Goud\u00e9 qui se dit marionnette de personne r\u00e9affirme son ambition de diriger un jour ce pays - C\u00f4te d&#039;Ivoire\",\"isPartOf\":{\"@id\":\"https:\/\/www.africa-press.net\/cotedivoire\/#website\"},\"primaryImageOfPage\":{\"@id\":\"https:\/\/www.africa-press.net\/cotedivoire\/politique\/ble-goude-qui-se-dit-marionnette-de-personne-reaffirme-son-ambition-de-diriger-un-jour-ce-pays#primaryimage\"},\"image\":{\"@id\":\"https:\/\/www.africa-press.net\/cotedivoire\/politique\/ble-goude-qui-se-dit-marionnette-de-personne-reaffirme-son-ambition-de-diriger-un-jour-ce-pays#primaryimage\"},\"thumbnailUrl\":\"https:\/\/static.africa-press.net\/cote\/sites\/43\/2022\/05\/postQueueImg_16-628ce56239962.jpg\",\"datePublished\":\"2022-05-24T13:16:20+00:00\",\"dateModified\":\"2022-05-24T14:02:35+00:00\",\"author\":{\"@id\":\"https:\/\/www.africa-press.net\/cotedivoire\/#\/schema\/person\/2b1cf3cd81a31e3cd26889ca66d677f1\"},\"description\":\"Depuis la Haye, Charles Bl\u00e9 Goud\u00e9 en a gros sur le c\u0153ur. Il subirait des attaques de la part de certains proches ...\",\"breadcrumb\":{\"@id\":\"https:\/\/www.africa-press.net\/cotedivoire\/politique\/ble-goude-qui-se-dit-marionnette-de-personne-reaffirme-son-ambition-de-diriger-un-jour-ce-pays#breadcrumb\"},\"inLanguage\":\"fr-FR\",\"potentialAction\":[{\"@type\":\"ReadAction\",\"target\":[\"https:\/\/www.africa-press.net\/cotedivoire\/politique\/ble-goude-qui-se-dit-marionnette-de-personne-reaffirme-son-ambition-de-diriger-un-jour-ce-pays\"]}]},{\"@type\":\"ImageObject\",\"inLanguage\":\"fr-FR\",\"@id\":\"https:\/\/www.africa-press.net\/cotedivoire\/politique\/ble-goude-qui-se-dit-marionnette-de-personne-reaffirme-son-ambition-de-diriger-un-jour-ce-pays#primaryimage\",\"url\":\"https:\/\/static.africa-press.net\/cote\/sites\/43\/2022\/05\/postQueueImg_16-628ce56239962.jpg\",\"contentUrl\":\"https:\/\/static.africa-press.net\/cote\/sites\/43\/2022\/05\/postQueueImg_16-628ce56239962.jpg\",\"width\":720,\"height\":609,\"caption\":\"Bl\u00e9 Goud\u00e9 qui se dit marionnette de personne r\u00e9affirme son ambition de diriger un jour ce pays\"},{\"@type\":\"BreadcrumbList\",\"@id\":\"https:\/\/www.africa-press.net\/cotedivoire\/politique\/ble-goude-qui-se-dit-marionnette-de-personne-reaffirme-son-ambition-de-diriger-un-jour-ce-pays#breadcrumb\",\"itemListElement\":[{\"@type\":\"ListItem\",\"position\":1,\"name\":\"Accueil\",\"item\":\"https:\/\/www.africa-press.net\/cotedivoire\/\"},{\"@type\":\"ListItem\",\"position\":2,\"name\":\"Bl\u00e9 Goud\u00e9 qui se dit marionnette de personne r\u00e9affirme son ambition de diriger un jour ce pays\"}]},{\"@type\":\"WebSite\",\"@id\":\"https:\/\/www.africa-press.net\/cotedivoire\/#website\",\"url\":\"https:\/\/www.africa-press.net\/cotedivoire\/\",\"name\":\"C\u00f4te d&#039;Ivoire\",\"description\":\"Just another Africa News Agency Sites site\",\"potentialAction\":[{\"@type\":\"SearchAction\",\"target\":{\"@type\":\"EntryPoint\",\"urlTemplate\":\"https:\/\/www.africa-press.net\/cotedivoire\/?s={search_term_string}\"},\"query-input\":{\"@type\":\"PropertyValueSpecification\",\"valueRequired\":true,\"valueName\":\"search_term_string\"}}],\"inLanguage\":\"fr-FR\"},{\"@type\":\"Person\",\"@id\":\"https:\/\/www.africa-press.net\/cotedivoire\/#\/schema\/person\/2b1cf3cd81a31e3cd26889ca66d677f1\",\"name\":\"cfeditorfr\"}]}<\/script>\n<!-- \/ Yoast SEO Premium plugin. -->","yoast_head_json":{"title":"Bl\u00e9 Goud\u00e9 qui se dit marionnette de personne r\u00e9affirme son ambition de diriger un jour ce pays - C\u00f4te d&#039;Ivoire","description":"Depuis la Haye, Charles Bl\u00e9 Goud\u00e9 en a gros sur le c\u0153ur. Il subirait des attaques de la part de certains proches ...","robots":{"index":"index","follow":"follow","max-snippet":"max-snippet:-1","max-image-preview":"max-image-preview:large","max-video-preview":"max-video-preview:-1"},"canonical":"https:\/\/www.africa-press.net\/cotedivoire\/politique\/ble-goude-qui-se-dit-marionnette-de-personne-reaffirme-son-ambition-de-diriger-un-jour-ce-pays","og_locale":"fr_FR","og_type":"article","og_title":"Bl\u00e9 Goud\u00e9 qui se dit marionnette de personne r\u00e9affirme son ambition de diriger un jour ce pays","og_description":"Depuis la Haye, Charles Bl\u00e9 Goud\u00e9 en a gros sur le c\u0153ur. Il subirait des attaques de la part de certains proches ...","og_url":"https:\/\/www.africa-press.net\/cotedivoire\/politique\/ble-goude-qui-se-dit-marionnette-de-personne-reaffirme-son-ambition-de-diriger-un-jour-ce-pays","og_site_name":"C\u00f4te d&#039;Ivoire","article_published_time":"2022-05-24T13:16:20+00:00","article_modified_time":"2022-05-24T14:02:35+00:00","og_image":[{"width":720,"height":609,"url":"https:\/\/static.africa-press.net\/cote\/sites\/43\/2022\/05\/postQueueImg_16-628ce56239962.jpg","type":"image\/jpeg"}],"author":"cfeditorfr","twitter_card":"summary_large_image","twitter_misc":{"\u00c9crit par":"cfeditorfr","Dur\u00e9e de lecture estim\u00e9e":"2 minutes"},"schema":{"@context":"https:\/\/schema.org","@graph":[{"@type":"Article","@id":"https:\/\/www.africa-press.net\/cotedivoire\/politique\/ble-goude-qui-se-dit-marionnette-de-personne-reaffirme-son-ambition-de-diriger-un-jour-ce-pays#article","isPartOf":{"@id":"https:\/\/www.africa-press.net\/cotedivoire\/politique\/ble-goude-qui-se-dit-marionnette-de-personne-reaffirme-son-ambition-de-diriger-un-jour-ce-pays"},"author":{"name":"cfeditorfr","@id":"https:\/\/www.africa-press.net\/cotedivoire\/#\/schema\/person\/2b1cf3cd81a31e3cd26889ca66d677f1"},"headline":"Bl\u00e9 Goud\u00e9 qui se dit marionnette de personne r\u00e9affirme son ambition de diriger un jour ce pays","datePublished":"2022-05-24T13:16:20+00:00","dateModified":"2022-05-24T14:02:35+00:00","mainEntityOfPage":{"@id":"https:\/\/www.africa-press.net\/cotedivoire\/politique\/ble-goude-qui-se-dit-marionnette-de-personne-reaffirme-son-ambition-de-diriger-un-jour-ce-pays"},"wordCount":498,"commentCount":0,"image":{"@id":"https:\/\/www.africa-press.net\/cotedivoire\/politique\/ble-goude-qui-se-dit-marionnette-de-personne-reaffirme-son-ambition-de-diriger-un-jour-ce-pays#primaryimage"},"thumbnailUrl":"https:\/\/static.africa-press.net\/cote\/sites\/43\/2022\/05\/postQueueImg_16-628ce56239962.jpg","keywords":["Africa Press","Africa Press-C\u00f4te d'Ivoire","ambition","attaques","Bl\u00e9 Goud\u00e9","C\u00d4TE D'IVOIRE","Cpi","Haye","Laurent Gbagbo"],"articleSection":["homepage-french","Politique","Toutes les actualit\u00e9s"],"inLanguage":"fr-FR","potentialAction":[{"@type":"CommentAction","name":"Comment","target":["https:\/\/www.africa-press.net\/cotedivoire\/politique\/ble-goude-qui-se-dit-marionnette-de-personne-reaffirme-son-ambition-de-diriger-un-jour-ce-pays#respond"]}]},{"@type":"WebPage","@id":"https:\/\/www.africa-press.net\/cotedivoire\/politique\/ble-goude-qui-se-dit-marionnette-de-personne-reaffirme-son-ambition-de-diriger-un-jour-ce-pays","url":"https:\/\/www.africa-press.net\/cotedivoire\/politique\/ble-goude-qui-se-dit-marionnette-de-personne-reaffirme-son-ambition-de-diriger-un-jour-ce-pays","name":"Bl\u00e9 Goud\u00e9 qui se dit marionnette de personne r\u00e9affirme son ambition de diriger un jour ce pays - C\u00f4te d&#039;Ivoire","isPartOf":{"@id":"https:\/\/www.africa-press.net\/cotedivoire\/#website"},"primaryImageOfPage":{"@id":"https:\/\/www.africa-press.net\/cotedivoire\/politique\/ble-goude-qui-se-dit-marionnette-de-personne-reaffirme-son-ambition-de-diriger-un-jour-ce-pays#primaryimage"},"image":{"@id":"https:\/\/www.africa-press.net\/cotedivoire\/politique\/ble-goude-qui-se-dit-marionnette-de-personne-reaffirme-son-ambition-de-diriger-un-jour-ce-pays#primaryimage"},"thumbnailUrl":"https:\/\/static.africa-press.net\/cote\/sites\/43\/2022\/05\/postQueueImg_16-628ce56239962.jpg","datePublished":"2022-05-24T13:16:20+00:00","dateModified":"2022-05-24T14:02:35+00:00","author":{"@id":"https:\/\/www.africa-press.net\/cotedivoire\/#\/schema\/person\/2b1cf3cd81a31e3cd26889ca66d677f1"},"description":"Depuis la Haye, Charles Bl\u00e9 Goud\u00e9 en a gros sur le c\u0153ur. Il subirait des attaques de la part de certains proches ...","breadcrumb":{"@id":"https:\/\/www.africa-press.net\/cotedivoire\/politique\/ble-goude-qui-se-dit-marionnette-de-personne-reaffirme-son-ambition-de-diriger-un-jour-ce-pays#breadcrumb"},"inLanguage":"fr-FR","potentialAction":[{"@type":"ReadAction","target":["https:\/\/www.africa-press.net\/cotedivoire\/politique\/ble-goude-qui-se-dit-marionnette-de-personne-reaffirme-son-ambition-de-diriger-un-jour-ce-pays"]}]},{"@type":"ImageObject","inLanguage":"fr-FR","@id":"https:\/\/www.africa-press.net\/cotedivoire\/politique\/ble-goude-qui-se-dit-marionnette-de-personne-reaffirme-son-ambition-de-diriger-un-jour-ce-pays#primaryimage","url":"https:\/\/static.africa-press.net\/cote\/sites\/43\/2022\/05\/postQueueImg_16-628ce56239962.jpg","contentUrl":"https:\/\/static.africa-press.net\/cote\/sites\/43\/2022\/05\/postQueueImg_16-628ce56239962.jpg","width":720,"height":609,"caption":"Bl\u00e9 Goud\u00e9 qui se dit marionnette de personne r\u00e9affirme son ambition de diriger un jour ce pays"},{"@type":"BreadcrumbList","@id":"https:\/\/www.africa-press.net\/cotedivoire\/politique\/ble-goude-qui-se-dit-marionnette-de-personne-reaffirme-son-ambition-de-diriger-un-jour-ce-pays#breadcrumb","itemListElement":[{"@type":"ListItem","position":1,"name":"Accueil","item":"https:\/\/www.africa-press.net\/cotedivoire\/"},{"@type":"ListItem","position":2,"name":"Bl\u00e9 Goud\u00e9 qui se dit marionnette de personne r\u00e9affirme son ambition de diriger un jour ce pays"}]},{"@type":"WebSite","@id":"https:\/\/www.africa-press.net\/cotedivoire\/#website","url":"https:\/\/www.africa-press.net\/cotedivoire\/","name":"C\u00f4te d&#039;Ivoire","description":"Just another Africa News Agency Sites site","potentialAction":[{"@type":"SearchAction","target":{"@type":"EntryPoint","urlTemplate":"https:\/\/www.africa-press.net\/cotedivoire\/?s={search_term_string}"},"query-input":{"@type":"PropertyValueSpecification","valueRequired":true,"valueName":"search_term_string"}}],"inLanguage":"fr-FR"},{"@type":"Person","@id":"https:\/\/www.africa-press.net\/cotedivoire\/#\/schema\/person\/2b1cf3cd81a31e3cd26889ca66d677f1","name":"cfeditorfr"}]}},"_links":{"self":[{"href":"https:\/\/www.africa-press.net\/cotedivoire\/wp-json\/wp\/v2\/posts\/36227","targetHints":{"allow":["GET"]}}],"collection":[{"href":"https:\/\/www.africa-press.net\/cotedivoire\/wp-json\/wp\/v2\/posts"}],"about":[{"href":"https:\/\/www.africa-press.net\/cotedivoire\/wp-json\/wp\/v2\/types\/post"}],"author":[{"embeddable":true,"href":"https:\/\/www.africa-press.net\/cotedivoire\/wp-json\/wp\/v2\/users\/82"}],"replies":[{"embeddable":true,"href":"https:\/\/www.africa-press.net\/cotedivoire\/wp-json\/wp\/v2\/comments?post=36227"}],"version-history":[{"count":0,"href":"https:\/\/www.africa-press.net\/cotedivoire\/wp-json\/wp\/v2\/posts\/36227\/revisions"}],"wp:featuredmedia":[{"embeddable":true,"href":"https:\/\/www.africa-press.net\/cotedivoire\/wp-json\/wp\/v2\/media\/36226"}],"wp:attachment":[{"href":"https:\/\/www.africa-press.net\/cotedivoire\/wp-json\/wp\/v2\/media?parent=36227"}],"wp:term":[{"taxonomy":"category","embeddable":true,"href":"https:\/\/www.africa-press.net\/cotedivoire\/wp-json\/wp\/v2\/categories?post=36227"},{"taxonomy":"post_tag","embeddable":true,"href":"https:\/\/www.africa-press.net\/cotedivoire\/wp-json\/wp\/v2\/tags?post=36227"}],"curies":[{"name":"wp","href":"https:\/\/api.w.org\/{rel}","templated":true}]}}