{"id":36589,"date":"2022-05-28T12:05:43","date_gmt":"2022-05-28T12:05:43","guid":{"rendered":"https:\/\/www.africa-press.net\/cotedivoire\/politique\/fructueuse-seance-de-travail-a-paris-entre-yacine-diallo-et-le-president-de-la-fifa"},"modified":"2022-05-28T12:22:42","modified_gmt":"2022-05-28T12:22:42","slug":"fructueuse-seance-de-travail-a-paris-entre-yacine-diallo-et-le-president-de-la-fifa","status":"publish","type":"post","link":"https:\/\/www.africa-press.net\/cotedivoire\/sports\/fructueuse-seance-de-travail-a-paris-entre-yacine-diallo-et-le-president-de-la-fifa","title":{"rendered":"\u00ab Fructueuse \u00bb s\u00e9ance de travail \u00e0 Paris entre  Yacine Diallo et le pr\u00e9sident de la FIFA"},"content":{"rendered":"<p><span style=\"color: #ff6600\"><strong>Africa-Press &#8211; C\u00f4te d&rsquo;Ivoire. <\/strong><\/span>Le pr\u00e9sident de la F\u00e9d\u00e9ration Ivoirienne de Football (FIF) , Yacine Idriss Diallo en mission en France, affirme avoir eu une fructueuse s\u00e9ance de travail avec le Pr\u00e9sident de la FIFA, Gianni Infantino au cours d\u2019une rencontre au bureau de la FIFA \u00e0 Paris, le jeudi 26 mai 2022.<\/p>\n<p>Nous apprenons que, l\u2019entrevue a port\u00e9 sur la coop\u00e9ration entre la FIF et la FIFA. Notamment sur les actions plus structur\u00e9es pour le d\u00e9veloppement du football ivoirien.<\/p>\n<p>Le Pr\u00e9sident Yacine Idriss Diallo \u00e9tait en compagnie de deux proches collaborateurs. Messieurs Malick Toh\u00e9 et Kon\u00e9 Mamadou, vice-Pr\u00e9sidents du Comit\u00e9 Ex\u00e9cutif de la FIF.<\/p>\n<p>\u00ab Dans le cadre de ma mission en France, j\u2019ai rendu une visite de travail ce jour 26 mai au bureau de la FIFA. J\u2019\u00e9tais accompagn\u00e9 des vice-Pr\u00e9sidents Malick Toh\u00e9 et Kon\u00e9 Mamadou. A cette occasion, nous avons \u00e9t\u00e9 accueillis par le Pr\u00e9sident Gianni Infantino.<\/p>\n<p>Nous avons eu une fructueuse s\u00e9ance de travail avec ses collaborateurs et lui. La d\u00e9l\u00e9gation du Pr\u00e9sident de la FIFA \u00e9tait compos\u00e9e de Messieurs Mattis Grafstrom, Secr\u00e9taire G\u00e9n\u00e9ral Adjoint, Kenny Jean Marie, Directeur des Associations et Gelson Fernandes, Directeur membres des Associations Afrique. Monsieur Gianni Infantino a affirm\u00e9 son engagement \u00e0 appuyer la FIF dans toutes ses actions de d\u00e9veloppement \u00bb, a affirm\u00e9 le Pr\u00e9sident de la FIF.<\/p>\n<p>Par ailleurs, en mission toujours \u00e0 Paris depuis le 24 mai dernier, le Pr\u00e9sident de la F\u00e9d\u00e9ration Ivoirienne de Football (FIF), Monsieur Yacine Idriss Diallo, accompagn\u00e9 des vice-Pr\u00e9sidents Malick Toh\u00e9 et Kon\u00e9 Mamadou ont visit\u00e9 l&rsquo;entrep\u00f4t de la FIF dans la capitale fran\u00e7aise, le jeudi 26 mai 2022.<\/p>\n<p>Cette visite avait pour but de se faire une id\u00e9e du stock existant des \u00e9quipements sportifs des \u00c9l\u00e9phants, explique-t-on.<\/p>\n<p><strong>Pour plus d&rsquo;informations et d&rsquo;analyses sur la <a href=\"https:\/\/www.africa-press.net\/cotedivoire\">C\u00f4te d&rsquo;Ivoire<\/a>, suivez <a href=\"https:\/\/www.africa-press.net\/\">Africa-Press<\/a><\/strong><\/p>\n","protected":false},"excerpt":{"rendered":"<p>Africa-Press &#8211; C\u00f4te d&rsquo;Ivoire. Le pr\u00e9sident de la F\u00e9d\u00e9ration Ivoirienne de Football (FIF) , Yacine Idriss Diallo en mission en France, affirme avoir eu une fructueuse s\u00e9ance de travail avec le Pr\u00e9sident de la FIFA, Gianni Infantino au cours d\u2019une rencontre au bureau de la FIFA \u00e0 Paris, le jeudi 26 mai 2022. Nous apprenons [&hellip;]<\/p>\n","protected":false},"author":82,"featured_media":36588,"comment_status":"open","ping_status":"closed","sticky":false,"template":"","format":"standard","meta":{"footnotes":""},"categories":[11,6,10],"tags":[56,63,29,569,6313,6311,6312],"class_list":["post-36589","post","type-post","status-publish","format-standard","has-post-thumbnail","hentry","category-homepage-french","category-sports","category-toutes-les-actualites","tag-africa-press","tag-africa-press-cote-divoire","tag-cote-divoire","tag-fifa","tag-kone-mamadou","tag-malick-tohe","tag-yacine-diallo"],"yoast_head":"<!-- This site is optimized with the Yoast SEO Premium plugin v26.1 (Yoast SEO v27.0) - https:\/\/yoast.com\/product\/yoast-seo-premium-wordpress\/ -->\n<title>\u00ab Fructueuse \u00bb s\u00e9ance de travail \u00e0 Paris entre Yacine Diallo et le pr\u00e9sident de la FIFA - C\u00f4te d&#039;Ivoire<\/title>\n<meta name=\"description\" content=\"Le pr\u00e9sident de la F\u00e9d\u00e9ration Ivoirienne de Football (FIF) , Yacine Idriss Diallo en mission en France, affirme avoir eu ...\" \/>\n<meta name=\"robots\" content=\"index, follow, max-snippet:-1, max-image-preview:large, max-video-preview:-1\" \/>\n<link rel=\"canonical\" href=\"https:\/\/www.africa-press.net\/cotedivoire\/sports\/fructueuse-seance-de-travail-a-paris-entre-yacine-diallo-et-le-president-de-la-fifa\" \/>\n<meta property=\"og:locale\" content=\"fr_FR\" \/>\n<meta property=\"og:type\" content=\"article\" \/>\n<meta property=\"og:title\" content=\"\u00ab Fructueuse \u00bb s\u00e9ance de travail \u00e0 Paris entre Yacine Diallo et le pr\u00e9sident de la FIFA\" \/>\n<meta property=\"og:description\" content=\"Le pr\u00e9sident de la F\u00e9d\u00e9ration Ivoirienne de Football (FIF) , Yacine Idriss Diallo en mission en France, affirme avoir eu ...\" \/>\n<meta property=\"og:url\" content=\"https:\/\/www.africa-press.net\/cotedivoire\/sports\/fructueuse-seance-de-travail-a-paris-entre-yacine-diallo-et-le-president-de-la-fifa\" \/>\n<meta property=\"og:site_name\" content=\"C\u00f4te d&#039;Ivoire\" \/>\n<meta property=\"article:published_time\" content=\"2022-05-28T12:05:43+00:00\" \/>\n<meta property=\"article:modified_time\" content=\"2022-05-28T12:22:42+00:00\" \/>\n<meta property=\"og:image\" content=\"https:\/\/static.africa-press.net\/cote\/sites\/43\/2022\/05\/postQueueImg_15-629213fccee9f.jpg\" \/>\n\t<meta property=\"og:image:width\" content=\"720\" \/>\n\t<meta property=\"og:image:height\" content=\"406\" \/>\n\t<meta property=\"og:image:type\" content=\"image\/jpeg\" \/>\n<meta name=\"author\" content=\"cfeditorfr\" \/>\n<meta name=\"twitter:card\" content=\"summary_large_image\" \/>\n<meta name=\"twitter:label1\" content=\"\u00c9crit par\" \/>\n\t<meta name=\"twitter:data1\" content=\"cfeditorfr\" \/>\n\t<meta name=\"twitter:label2\" content=\"Dur\u00e9e de lecture estim\u00e9e\" \/>\n\t<meta name=\"twitter:data2\" content=\"2 minutes\" \/>\n<script type=\"application\/ld+json\" class=\"yoast-schema-graph\">{\"@context\":\"https:\/\/schema.org\",\"@graph\":[{\"@type\":\"Article\",\"@id\":\"https:\/\/www.africa-press.net\/cotedivoire\/sports\/fructueuse-seance-de-travail-a-paris-entre-yacine-diallo-et-le-president-de-la-fifa#article\",\"isPartOf\":{\"@id\":\"https:\/\/www.africa-press.net\/cotedivoire\/sports\/fructueuse-seance-de-travail-a-paris-entre-yacine-diallo-et-le-president-de-la-fifa\"},\"author\":{\"name\":\"cfeditorfr\",\"@id\":\"https:\/\/www.africa-press.net\/cotedivoire\/#\/schema\/person\/2b1cf3cd81a31e3cd26889ca66d677f1\"},\"headline\":\"\u00ab Fructueuse \u00bb s\u00e9ance de travail \u00e0 Paris entre Yacine Diallo et le pr\u00e9sident de la FIFA\",\"datePublished\":\"2022-05-28T12:05:43+00:00\",\"dateModified\":\"2022-05-28T12:22:42+00:00\",\"mainEntityOfPage\":{\"@id\":\"https:\/\/www.africa-press.net\/cotedivoire\/sports\/fructueuse-seance-de-travail-a-paris-entre-yacine-diallo-et-le-president-de-la-fifa\"},\"wordCount\":342,\"commentCount\":0,\"image\":{\"@id\":\"https:\/\/www.africa-press.net\/cotedivoire\/sports\/fructueuse-seance-de-travail-a-paris-entre-yacine-diallo-et-le-president-de-la-fifa#primaryimage\"},\"thumbnailUrl\":\"https:\/\/static.africa-press.net\/cote\/sites\/43\/2022\/05\/postQueueImg_15-629213fccee9f.jpg\",\"keywords\":[\"Africa Press\",\"Africa Press-C\u00f4te d'Ivoire\",\"C\u00d4TE D'IVOIRE\",\"FIFA\",\"Kon\u00e9 Mamadou\",\"Malick Toh\u00e9\",\"Yacine Diallo\"],\"articleSection\":[\"homepage-french\",\"Sports\",\"Toutes les actualit\u00e9s\"],\"inLanguage\":\"fr-FR\",\"potentialAction\":[{\"@type\":\"CommentAction\",\"name\":\"Comment\",\"target\":[\"https:\/\/www.africa-press.net\/cotedivoire\/sports\/fructueuse-seance-de-travail-a-paris-entre-yacine-diallo-et-le-president-de-la-fifa#respond\"]}]},{\"@type\":\"WebPage\",\"@id\":\"https:\/\/www.africa-press.net\/cotedivoire\/sports\/fructueuse-seance-de-travail-a-paris-entre-yacine-diallo-et-le-president-de-la-fifa\",\"url\":\"https:\/\/www.africa-press.net\/cotedivoire\/sports\/fructueuse-seance-de-travail-a-paris-entre-yacine-diallo-et-le-president-de-la-fifa\",\"name\":\"\u00ab Fructueuse \u00bb s\u00e9ance de travail \u00e0 Paris entre Yacine Diallo et le pr\u00e9sident de la FIFA - C\u00f4te d&#039;Ivoire\",\"isPartOf\":{\"@id\":\"https:\/\/www.africa-press.net\/cotedivoire\/#website\"},\"primaryImageOfPage\":{\"@id\":\"https:\/\/www.africa-press.net\/cotedivoire\/sports\/fructueuse-seance-de-travail-a-paris-entre-yacine-diallo-et-le-president-de-la-fifa#primaryimage\"},\"image\":{\"@id\":\"https:\/\/www.africa-press.net\/cotedivoire\/sports\/fructueuse-seance-de-travail-a-paris-entre-yacine-diallo-et-le-president-de-la-fifa#primaryimage\"},\"thumbnailUrl\":\"https:\/\/static.africa-press.net\/cote\/sites\/43\/2022\/05\/postQueueImg_15-629213fccee9f.jpg\",\"datePublished\":\"2022-05-28T12:05:43+00:00\",\"dateModified\":\"2022-05-28T12:22:42+00:00\",\"author\":{\"@id\":\"https:\/\/www.africa-press.net\/cotedivoire\/#\/schema\/person\/2b1cf3cd81a31e3cd26889ca66d677f1\"},\"description\":\"Le pr\u00e9sident de la F\u00e9d\u00e9ration Ivoirienne de Football (FIF) , Yacine Idriss Diallo en mission en France, affirme avoir eu ...\",\"breadcrumb\":{\"@id\":\"https:\/\/www.africa-press.net\/cotedivoire\/sports\/fructueuse-seance-de-travail-a-paris-entre-yacine-diallo-et-le-president-de-la-fifa#breadcrumb\"},\"inLanguage\":\"fr-FR\",\"potentialAction\":[{\"@type\":\"ReadAction\",\"target\":[\"https:\/\/www.africa-press.net\/cotedivoire\/sports\/fructueuse-seance-de-travail-a-paris-entre-yacine-diallo-et-le-president-de-la-fifa\"]}]},{\"@type\":\"ImageObject\",\"inLanguage\":\"fr-FR\",\"@id\":\"https:\/\/www.africa-press.net\/cotedivoire\/sports\/fructueuse-seance-de-travail-a-paris-entre-yacine-diallo-et-le-president-de-la-fifa#primaryimage\",\"url\":\"https:\/\/static.africa-press.net\/cote\/sites\/43\/2022\/05\/postQueueImg_15-629213fccee9f.jpg\",\"contentUrl\":\"https:\/\/static.africa-press.net\/cote\/sites\/43\/2022\/05\/postQueueImg_15-629213fccee9f.jpg\",\"width\":720,\"height\":406,\"caption\":\"\u00ab Fructueuse \u00bb s\u00e9ance de travail \u00e0 Paris entre Yacine Diallo et le pr\u00e9sident de la FIFA\"},{\"@type\":\"BreadcrumbList\",\"@id\":\"https:\/\/www.africa-press.net\/cotedivoire\/sports\/fructueuse-seance-de-travail-a-paris-entre-yacine-diallo-et-le-president-de-la-fifa#breadcrumb\",\"itemListElement\":[{\"@type\":\"ListItem\",\"position\":1,\"name\":\"Accueil\",\"item\":\"https:\/\/www.africa-press.net\/cotedivoire\/\"},{\"@type\":\"ListItem\",\"position\":2,\"name\":\"\u00ab Fructueuse \u00bb s\u00e9ance de travail \u00e0 Paris entre Yacine Diallo et le pr\u00e9sident de la FIFA\"}]},{\"@type\":\"WebSite\",\"@id\":\"https:\/\/www.africa-press.net\/cotedivoire\/#website\",\"url\":\"https:\/\/www.africa-press.net\/cotedivoire\/\",\"name\":\"C\u00f4te d&#039;Ivoire\",\"description\":\"Just another Africa News Agency Sites site\",\"potentialAction\":[{\"@type\":\"SearchAction\",\"target\":{\"@type\":\"EntryPoint\",\"urlTemplate\":\"https:\/\/www.africa-press.net\/cotedivoire\/?s={search_term_string}\"},\"query-input\":{\"@type\":\"PropertyValueSpecification\",\"valueRequired\":true,\"valueName\":\"search_term_string\"}}],\"inLanguage\":\"fr-FR\"},{\"@type\":\"Person\",\"@id\":\"https:\/\/www.africa-press.net\/cotedivoire\/#\/schema\/person\/2b1cf3cd81a31e3cd26889ca66d677f1\",\"name\":\"cfeditorfr\"}]}<\/script>\n<!-- \/ Yoast SEO Premium plugin. -->","yoast_head_json":{"title":"\u00ab Fructueuse \u00bb s\u00e9ance de travail \u00e0 Paris entre Yacine Diallo et le pr\u00e9sident de la FIFA - C\u00f4te d&#039;Ivoire","description":"Le pr\u00e9sident de la F\u00e9d\u00e9ration Ivoirienne de Football (FIF) , Yacine Idriss Diallo en mission en France, affirme avoir eu ...","robots":{"index":"index","follow":"follow","max-snippet":"max-snippet:-1","max-image-preview":"max-image-preview:large","max-video-preview":"max-video-preview:-1"},"canonical":"https:\/\/www.africa-press.net\/cotedivoire\/sports\/fructueuse-seance-de-travail-a-paris-entre-yacine-diallo-et-le-president-de-la-fifa","og_locale":"fr_FR","og_type":"article","og_title":"\u00ab Fructueuse \u00bb s\u00e9ance de travail \u00e0 Paris entre Yacine Diallo et le pr\u00e9sident de la FIFA","og_description":"Le pr\u00e9sident de la F\u00e9d\u00e9ration Ivoirienne de Football (FIF) , Yacine Idriss Diallo en mission en France, affirme avoir eu ...","og_url":"https:\/\/www.africa-press.net\/cotedivoire\/sports\/fructueuse-seance-de-travail-a-paris-entre-yacine-diallo-et-le-president-de-la-fifa","og_site_name":"C\u00f4te d&#039;Ivoire","article_published_time":"2022-05-28T12:05:43+00:00","article_modified_time":"2022-05-28T12:22:42+00:00","og_image":[{"width":720,"height":406,"url":"https:\/\/static.africa-press.net\/cote\/sites\/43\/2022\/05\/postQueueImg_15-629213fccee9f.jpg","type":"image\/jpeg"}],"author":"cfeditorfr","twitter_card":"summary_large_image","twitter_misc":{"\u00c9crit par":"cfeditorfr","Dur\u00e9e de lecture estim\u00e9e":"2 minutes"},"schema":{"@context":"https:\/\/schema.org","@graph":[{"@type":"Article","@id":"https:\/\/www.africa-press.net\/cotedivoire\/sports\/fructueuse-seance-de-travail-a-paris-entre-yacine-diallo-et-le-president-de-la-fifa#article","isPartOf":{"@id":"https:\/\/www.africa-press.net\/cotedivoire\/sports\/fructueuse-seance-de-travail-a-paris-entre-yacine-diallo-et-le-president-de-la-fifa"},"author":{"name":"cfeditorfr","@id":"https:\/\/www.africa-press.net\/cotedivoire\/#\/schema\/person\/2b1cf3cd81a31e3cd26889ca66d677f1"},"headline":"\u00ab Fructueuse \u00bb s\u00e9ance de travail \u00e0 Paris entre Yacine Diallo et le pr\u00e9sident de la FIFA","datePublished":"2022-05-28T12:05:43+00:00","dateModified":"2022-05-28T12:22:42+00:00","mainEntityOfPage":{"@id":"https:\/\/www.africa-press.net\/cotedivoire\/sports\/fructueuse-seance-de-travail-a-paris-entre-yacine-diallo-et-le-president-de-la-fifa"},"wordCount":342,"commentCount":0,"image":{"@id":"https:\/\/www.africa-press.net\/cotedivoire\/sports\/fructueuse-seance-de-travail-a-paris-entre-yacine-diallo-et-le-president-de-la-fifa#primaryimage"},"thumbnailUrl":"https:\/\/static.africa-press.net\/cote\/sites\/43\/2022\/05\/postQueueImg_15-629213fccee9f.jpg","keywords":["Africa Press","Africa Press-C\u00f4te d'Ivoire","C\u00d4TE D'IVOIRE","FIFA","Kon\u00e9 Mamadou","Malick Toh\u00e9","Yacine Diallo"],"articleSection":["homepage-french","Sports","Toutes les actualit\u00e9s"],"inLanguage":"fr-FR","potentialAction":[{"@type":"CommentAction","name":"Comment","target":["https:\/\/www.africa-press.net\/cotedivoire\/sports\/fructueuse-seance-de-travail-a-paris-entre-yacine-diallo-et-le-president-de-la-fifa#respond"]}]},{"@type":"WebPage","@id":"https:\/\/www.africa-press.net\/cotedivoire\/sports\/fructueuse-seance-de-travail-a-paris-entre-yacine-diallo-et-le-president-de-la-fifa","url":"https:\/\/www.africa-press.net\/cotedivoire\/sports\/fructueuse-seance-de-travail-a-paris-entre-yacine-diallo-et-le-president-de-la-fifa","name":"\u00ab Fructueuse \u00bb s\u00e9ance de travail \u00e0 Paris entre Yacine Diallo et le pr\u00e9sident de la FIFA - C\u00f4te d&#039;Ivoire","isPartOf":{"@id":"https:\/\/www.africa-press.net\/cotedivoire\/#website"},"primaryImageOfPage":{"@id":"https:\/\/www.africa-press.net\/cotedivoire\/sports\/fructueuse-seance-de-travail-a-paris-entre-yacine-diallo-et-le-president-de-la-fifa#primaryimage"},"image":{"@id":"https:\/\/www.africa-press.net\/cotedivoire\/sports\/fructueuse-seance-de-travail-a-paris-entre-yacine-diallo-et-le-president-de-la-fifa#primaryimage"},"thumbnailUrl":"https:\/\/static.africa-press.net\/cote\/sites\/43\/2022\/05\/postQueueImg_15-629213fccee9f.jpg","datePublished":"2022-05-28T12:05:43+00:00","dateModified":"2022-05-28T12:22:42+00:00","author":{"@id":"https:\/\/www.africa-press.net\/cotedivoire\/#\/schema\/person\/2b1cf3cd81a31e3cd26889ca66d677f1"},"description":"Le pr\u00e9sident de la F\u00e9d\u00e9ration Ivoirienne de Football (FIF) , Yacine Idriss Diallo en mission en France, affirme avoir eu ...","breadcrumb":{"@id":"https:\/\/www.africa-press.net\/cotedivoire\/sports\/fructueuse-seance-de-travail-a-paris-entre-yacine-diallo-et-le-president-de-la-fifa#breadcrumb"},"inLanguage":"fr-FR","potentialAction":[{"@type":"ReadAction","target":["https:\/\/www.africa-press.net\/cotedivoire\/sports\/fructueuse-seance-de-travail-a-paris-entre-yacine-diallo-et-le-president-de-la-fifa"]}]},{"@type":"ImageObject","inLanguage":"fr-FR","@id":"https:\/\/www.africa-press.net\/cotedivoire\/sports\/fructueuse-seance-de-travail-a-paris-entre-yacine-diallo-et-le-president-de-la-fifa#primaryimage","url":"https:\/\/static.africa-press.net\/cote\/sites\/43\/2022\/05\/postQueueImg_15-629213fccee9f.jpg","contentUrl":"https:\/\/static.africa-press.net\/cote\/sites\/43\/2022\/05\/postQueueImg_15-629213fccee9f.jpg","width":720,"height":406,"caption":"\u00ab Fructueuse \u00bb s\u00e9ance de travail \u00e0 Paris entre Yacine Diallo et le pr\u00e9sident de la FIFA"},{"@type":"BreadcrumbList","@id":"https:\/\/www.africa-press.net\/cotedivoire\/sports\/fructueuse-seance-de-travail-a-paris-entre-yacine-diallo-et-le-president-de-la-fifa#breadcrumb","itemListElement":[{"@type":"ListItem","position":1,"name":"Accueil","item":"https:\/\/www.africa-press.net\/cotedivoire\/"},{"@type":"ListItem","position":2,"name":"\u00ab Fructueuse \u00bb s\u00e9ance de travail \u00e0 Paris entre Yacine Diallo et le pr\u00e9sident de la FIFA"}]},{"@type":"WebSite","@id":"https:\/\/www.africa-press.net\/cotedivoire\/#website","url":"https:\/\/www.africa-press.net\/cotedivoire\/","name":"C\u00f4te d&#039;Ivoire","description":"Just another Africa News Agency Sites site","potentialAction":[{"@type":"SearchAction","target":{"@type":"EntryPoint","urlTemplate":"https:\/\/www.africa-press.net\/cotedivoire\/?s={search_term_string}"},"query-input":{"@type":"PropertyValueSpecification","valueRequired":true,"valueName":"search_term_string"}}],"inLanguage":"fr-FR"},{"@type":"Person","@id":"https:\/\/www.africa-press.net\/cotedivoire\/#\/schema\/person\/2b1cf3cd81a31e3cd26889ca66d677f1","name":"cfeditorfr"}]}},"_links":{"self":[{"href":"https:\/\/www.africa-press.net\/cotedivoire\/wp-json\/wp\/v2\/posts\/36589","targetHints":{"allow":["GET"]}}],"collection":[{"href":"https:\/\/www.africa-press.net\/cotedivoire\/wp-json\/wp\/v2\/posts"}],"about":[{"href":"https:\/\/www.africa-press.net\/cotedivoire\/wp-json\/wp\/v2\/types\/post"}],"author":[{"embeddable":true,"href":"https:\/\/www.africa-press.net\/cotedivoire\/wp-json\/wp\/v2\/users\/82"}],"replies":[{"embeddable":true,"href":"https:\/\/www.africa-press.net\/cotedivoire\/wp-json\/wp\/v2\/comments?post=36589"}],"version-history":[{"count":0,"href":"https:\/\/www.africa-press.net\/cotedivoire\/wp-json\/wp\/v2\/posts\/36589\/revisions"}],"wp:featuredmedia":[{"embeddable":true,"href":"https:\/\/www.africa-press.net\/cotedivoire\/wp-json\/wp\/v2\/media\/36588"}],"wp:attachment":[{"href":"https:\/\/www.africa-press.net\/cotedivoire\/wp-json\/wp\/v2\/media?parent=36589"}],"wp:term":[{"taxonomy":"category","embeddable":true,"href":"https:\/\/www.africa-press.net\/cotedivoire\/wp-json\/wp\/v2\/categories?post=36589"},{"taxonomy":"post_tag","embeddable":true,"href":"https:\/\/www.africa-press.net\/cotedivoire\/wp-json\/wp\/v2\/tags?post=36589"}],"curies":[{"name":"wp","href":"https:\/\/api.w.org\/{rel}","templated":true}]}}