{"id":37349,"date":"2022-06-04T10:37:08","date_gmt":"2022-06-04T10:37:08","guid":{"rendered":"https:\/\/www.africa-press.net\/cotedivoire\/politique\/assemblee-nationale-tout-savoir-sur-le-deroulement-du-scrutin-dont-lissu-est-certain-entre-bictogo-et-le-candidat-non-officiel-du-pdci-amankou"},"modified":"2022-06-04T11:05:57","modified_gmt":"2022-06-04T11:05:57","slug":"assemblee-nationale-tout-savoir-sur-le-deroulement-du-scrutin-dont-lissu-est-certain-entre-bictogo-et-le-candidat-non-officiel-du-pdci-amankou","status":"publish","type":"post","link":"https:\/\/www.africa-press.net\/cotedivoire\/politique\/assemblee-nationale-tout-savoir-sur-le-deroulement-du-scrutin-dont-lissu-est-certain-entre-bictogo-et-le-candidat-non-officiel-du-pdci-amankou","title":{"rendered":"Assembl\u00e9e Nationale, tout savoir sur le d\u00e9roulement du scrutin dont l&rsquo;issu est certain entre Bictogo et le candidat non-officiel du PDCI, Amankou"},"content":{"rendered":"<p><span style=\"color: #ff6600\"><strong>Africa-Press &#8211; C\u00f4te d&rsquo;Ivoire. <\/strong><\/span><b> <\/b>En pr\u00e9lude \u00e0 l\u2019\u00e9lection du nouveau pr\u00e9sident de l\u2019Assembl\u00e9e nationale, le Secr\u00e9taire G\u00e9n\u00e9ral de l\u2019Institution, Monsieur Alain Acakpo-Addra, a anim\u00e9 une conf\u00e9rence de presse le jeudi 2 juin 2022, \u00e0 la salle de la Rotonde.<\/p>\n<p>\u00c0 cette occasion, il a confirm\u00e9 l\u2019information d\u00e9j\u00e0 relay\u00e9e par KOACI, ce sont deux candidats qui sont en lice pour ce scrutin pr\u00e9vu pour le 07 juin prochain.<\/p>\n<p>Il s\u2019agit de Monsieur Adama Bictogo, D\u00e9put\u00e9 d\u2019Agboville Commune, et membre du Groupe parlementaire RHDP et Monsieur Amankou Jean-Michel, D\u00e9put\u00e9 d\u2019Agnibil\u00e9krou Sous-pr\u00e9fecture, membre du groupe parlementaire PDCI-RDA.<\/p>\n<p>Poursuivant, Acakpo a indiqu\u00e9 que ce scrutin va se faire par bulletin secret \u00e0 la tribune. Cela, conform\u00e9ment \u00e0 l\u2019article 35, alin\u00e9a 1 du r\u00e8glement de l\u2019Assembl\u00e9e nationale qui dispose : \u00ab Il est proc\u00e9d\u00e9 par vote \u00e9lectronique secret ou par scrutin secret \u00e0 la tribune, dans tous les cas o\u00f9 la Constitution exige une majorit\u00e9 qualifi\u00e9e \u00bb.<\/p>\n<p>Le Parlement Pr\u00e9cisons que ce sont les 252 d\u00e9put\u00e9s si\u00e9geant qui prendront part \u00e0 cette \u00e9lection. Ils sont repartis comme suit : 157 d\u00e9put\u00e9s du RHDP, 64 du PDCI-RDA, 18 du PPACI-EDS, 9 de l\u2019UDPCI et 4 non-inscrits.<\/p>\n<p><strong>Pour plus d&rsquo;informations et d&rsquo;analyses sur la <a href=\"https:\/\/www.africa-press.net\/cotedivoire\">C\u00f4te d&rsquo;Ivoire<\/a>, suivez <a href=\"https:\/\/www.africa-press.net\/\">Africa-Press<\/a><\/strong><\/p>\n","protected":false},"excerpt":{"rendered":"<p>Africa-Press &#8211; C\u00f4te d&rsquo;Ivoire. En pr\u00e9lude \u00e0 l\u2019\u00e9lection du nouveau pr\u00e9sident de l\u2019Assembl\u00e9e nationale, le Secr\u00e9taire G\u00e9n\u00e9ral de l\u2019Institution, Monsieur Alain Acakpo-Addra, a anim\u00e9 une conf\u00e9rence de presse le jeudi 2 juin 2022, \u00e0 la salle de la Rotonde. \u00c0 cette occasion, il a confirm\u00e9 l\u2019information d\u00e9j\u00e0 relay\u00e9e par KOACI, ce sont deux candidats qui [&hellip;]<\/p>\n","protected":false},"author":82,"featured_media":37348,"comment_status":"open","ping_status":"closed","sticky":false,"template":"","format":"standard","meta":{"footnotes":""},"categories":[11,2,10],"tags":[1265,56,63,6409,2188,29,6374],"class_list":["post-37349","post","type-post","status-publish","format-standard","has-post-thumbnail","hentry","category-homepage-french","category-politique","category-toutes-les-actualites","tag-adama-bictogo","tag-africa-press","tag-africa-press-cote-divoire","tag-alain-acapko","tag-assemblee","tag-cote-divoire","tag-jean-michel-amankou"],"yoast_head":"<!-- This site is optimized with the Yoast SEO Premium plugin v26.1 (Yoast SEO v27.0) - https:\/\/yoast.com\/product\/yoast-seo-premium-wordpress\/ -->\n<title>Assembl\u00e9e Nationale, tout savoir sur le d\u00e9roulement du scrutin dont l&#039;issu est certain entre Bictogo et le candidat non-officiel du PDCI, Amankou - C\u00f4te d&#039;Ivoire<\/title>\n<meta name=\"description\" content=\"En pr\u00e9lude \u00e0 l\u2019\u00e9lection du nouveau pr\u00e9sident de l\u2019Assembl\u00e9e nationale, le Secr\u00e9taire G\u00e9n\u00e9ral de l\u2019Institution, M ...\" \/>\n<meta name=\"robots\" content=\"index, follow, max-snippet:-1, max-image-preview:large, max-video-preview:-1\" \/>\n<link rel=\"canonical\" href=\"https:\/\/www.africa-press.net\/cotedivoire\/politique\/assemblee-nationale-tout-savoir-sur-le-deroulement-du-scrutin-dont-lissu-est-certain-entre-bictogo-et-le-candidat-non-officiel-du-pdci-amankou\" \/>\n<meta property=\"og:locale\" content=\"fr_FR\" \/>\n<meta property=\"og:type\" content=\"article\" \/>\n<meta property=\"og:title\" content=\"Assembl\u00e9e Nationale, tout savoir sur le d\u00e9roulement du scrutin dont l&#039;issu est certain entre Bictogo et le candidat non-officiel du PDCI, Amankou\" \/>\n<meta property=\"og:description\" content=\"En pr\u00e9lude \u00e0 l\u2019\u00e9lection du nouveau pr\u00e9sident de l\u2019Assembl\u00e9e nationale, le Secr\u00e9taire G\u00e9n\u00e9ral de l\u2019Institution, M ...\" \/>\n<meta property=\"og:url\" content=\"https:\/\/www.africa-press.net\/cotedivoire\/politique\/assemblee-nationale-tout-savoir-sur-le-deroulement-du-scrutin-dont-lissu-est-certain-entre-bictogo-et-le-candidat-non-officiel-du-pdci-amankou\" \/>\n<meta property=\"og:site_name\" content=\"C\u00f4te d&#039;Ivoire\" \/>\n<meta property=\"article:published_time\" content=\"2022-06-04T10:37:08+00:00\" \/>\n<meta property=\"article:modified_time\" content=\"2022-06-04T11:05:57+00:00\" \/>\n<meta property=\"og:image\" content=\"https:\/\/static.africa-press.net\/cote\/sites\/43\/2022\/06\/postQueueImg_40-629b3c818a13e.jpg\" \/>\n\t<meta property=\"og:image:width\" content=\"720\" \/>\n\t<meta property=\"og:image:height\" content=\"595\" \/>\n\t<meta property=\"og:image:type\" content=\"image\/jpeg\" \/>\n<meta name=\"author\" content=\"cfeditorfr\" \/>\n<meta name=\"twitter:card\" content=\"summary_large_image\" \/>\n<meta name=\"twitter:label1\" content=\"\u00c9crit par\" \/>\n\t<meta name=\"twitter:data1\" content=\"cfeditorfr\" \/>\n\t<meta name=\"twitter:label2\" content=\"Dur\u00e9e de lecture estim\u00e9e\" \/>\n\t<meta name=\"twitter:data2\" content=\"1 minute\" \/>\n<script type=\"application\/ld+json\" class=\"yoast-schema-graph\">{\"@context\":\"https:\/\/schema.org\",\"@graph\":[{\"@type\":\"Article\",\"@id\":\"https:\/\/www.africa-press.net\/cotedivoire\/politique\/assemblee-nationale-tout-savoir-sur-le-deroulement-du-scrutin-dont-lissu-est-certain-entre-bictogo-et-le-candidat-non-officiel-du-pdci-amankou#article\",\"isPartOf\":{\"@id\":\"https:\/\/www.africa-press.net\/cotedivoire\/politique\/assemblee-nationale-tout-savoir-sur-le-deroulement-du-scrutin-dont-lissu-est-certain-entre-bictogo-et-le-candidat-non-officiel-du-pdci-amankou\"},\"author\":{\"name\":\"cfeditorfr\",\"@id\":\"https:\/\/www.africa-press.net\/cotedivoire\/#\/schema\/person\/2b1cf3cd81a31e3cd26889ca66d677f1\"},\"headline\":\"Assembl\u00e9e Nationale, tout savoir sur le d\u00e9roulement du scrutin dont l&rsquo;issu est certain entre Bictogo et le candidat non-officiel du PDCI, Amankou\",\"datePublished\":\"2022-06-04T10:37:08+00:00\",\"dateModified\":\"2022-06-04T11:05:57+00:00\",\"mainEntityOfPage\":{\"@id\":\"https:\/\/www.africa-press.net\/cotedivoire\/politique\/assemblee-nationale-tout-savoir-sur-le-deroulement-du-scrutin-dont-lissu-est-certain-entre-bictogo-et-le-candidat-non-officiel-du-pdci-amankou\"},\"wordCount\":246,\"commentCount\":0,\"image\":{\"@id\":\"https:\/\/www.africa-press.net\/cotedivoire\/politique\/assemblee-nationale-tout-savoir-sur-le-deroulement-du-scrutin-dont-lissu-est-certain-entre-bictogo-et-le-candidat-non-officiel-du-pdci-amankou#primaryimage\"},\"thumbnailUrl\":\"https:\/\/static.africa-press.net\/cote\/sites\/43\/2022\/06\/postQueueImg_40-629b3c818a13e.jpg\",\"keywords\":[\"Adama Bictogo\",\"Africa Press\",\"Africa Press-C\u00f4te d'Ivoire\",\"Alain Acapko\",\"Assembl\u00e9e\",\"C\u00d4TE D'IVOIRE\",\"Jean Michel Amankou\"],\"articleSection\":[\"homepage-french\",\"Politique\",\"Toutes les actualit\u00e9s\"],\"inLanguage\":\"fr-FR\",\"potentialAction\":[{\"@type\":\"CommentAction\",\"name\":\"Comment\",\"target\":[\"https:\/\/www.africa-press.net\/cotedivoire\/politique\/assemblee-nationale-tout-savoir-sur-le-deroulement-du-scrutin-dont-lissu-est-certain-entre-bictogo-et-le-candidat-non-officiel-du-pdci-amankou#respond\"]}]},{\"@type\":\"WebPage\",\"@id\":\"https:\/\/www.africa-press.net\/cotedivoire\/politique\/assemblee-nationale-tout-savoir-sur-le-deroulement-du-scrutin-dont-lissu-est-certain-entre-bictogo-et-le-candidat-non-officiel-du-pdci-amankou\",\"url\":\"https:\/\/www.africa-press.net\/cotedivoire\/politique\/assemblee-nationale-tout-savoir-sur-le-deroulement-du-scrutin-dont-lissu-est-certain-entre-bictogo-et-le-candidat-non-officiel-du-pdci-amankou\",\"name\":\"Assembl\u00e9e Nationale, tout savoir sur le d\u00e9roulement du scrutin dont l'issu est certain entre Bictogo et le candidat non-officiel du PDCI, Amankou - C\u00f4te d&#039;Ivoire\",\"isPartOf\":{\"@id\":\"https:\/\/www.africa-press.net\/cotedivoire\/#website\"},\"primaryImageOfPage\":{\"@id\":\"https:\/\/www.africa-press.net\/cotedivoire\/politique\/assemblee-nationale-tout-savoir-sur-le-deroulement-du-scrutin-dont-lissu-est-certain-entre-bictogo-et-le-candidat-non-officiel-du-pdci-amankou#primaryimage\"},\"image\":{\"@id\":\"https:\/\/www.africa-press.net\/cotedivoire\/politique\/assemblee-nationale-tout-savoir-sur-le-deroulement-du-scrutin-dont-lissu-est-certain-entre-bictogo-et-le-candidat-non-officiel-du-pdci-amankou#primaryimage\"},\"thumbnailUrl\":\"https:\/\/static.africa-press.net\/cote\/sites\/43\/2022\/06\/postQueueImg_40-629b3c818a13e.jpg\",\"datePublished\":\"2022-06-04T10:37:08+00:00\",\"dateModified\":\"2022-06-04T11:05:57+00:00\",\"author\":{\"@id\":\"https:\/\/www.africa-press.net\/cotedivoire\/#\/schema\/person\/2b1cf3cd81a31e3cd26889ca66d677f1\"},\"description\":\"En pr\u00e9lude \u00e0 l\u2019\u00e9lection du nouveau pr\u00e9sident de l\u2019Assembl\u00e9e nationale, le Secr\u00e9taire G\u00e9n\u00e9ral de l\u2019Institution, M ...\",\"breadcrumb\":{\"@id\":\"https:\/\/www.africa-press.net\/cotedivoire\/politique\/assemblee-nationale-tout-savoir-sur-le-deroulement-du-scrutin-dont-lissu-est-certain-entre-bictogo-et-le-candidat-non-officiel-du-pdci-amankou#breadcrumb\"},\"inLanguage\":\"fr-FR\",\"potentialAction\":[{\"@type\":\"ReadAction\",\"target\":[\"https:\/\/www.africa-press.net\/cotedivoire\/politique\/assemblee-nationale-tout-savoir-sur-le-deroulement-du-scrutin-dont-lissu-est-certain-entre-bictogo-et-le-candidat-non-officiel-du-pdci-amankou\"]}]},{\"@type\":\"ImageObject\",\"inLanguage\":\"fr-FR\",\"@id\":\"https:\/\/www.africa-press.net\/cotedivoire\/politique\/assemblee-nationale-tout-savoir-sur-le-deroulement-du-scrutin-dont-lissu-est-certain-entre-bictogo-et-le-candidat-non-officiel-du-pdci-amankou#primaryimage\",\"url\":\"https:\/\/static.africa-press.net\/cote\/sites\/43\/2022\/06\/postQueueImg_40-629b3c818a13e.jpg\",\"contentUrl\":\"https:\/\/static.africa-press.net\/cote\/sites\/43\/2022\/06\/postQueueImg_40-629b3c818a13e.jpg\",\"width\":720,\"height\":595,\"caption\":\"Assembl\u00e9e Nationale, tout savoir sur le d\u00e9roulement du scrutin dont l'issu est certain entre Bictogo et le candidat non-officiel du PDCI, Amankou\"},{\"@type\":\"BreadcrumbList\",\"@id\":\"https:\/\/www.africa-press.net\/cotedivoire\/politique\/assemblee-nationale-tout-savoir-sur-le-deroulement-du-scrutin-dont-lissu-est-certain-entre-bictogo-et-le-candidat-non-officiel-du-pdci-amankou#breadcrumb\",\"itemListElement\":[{\"@type\":\"ListItem\",\"position\":1,\"name\":\"Accueil\",\"item\":\"https:\/\/www.africa-press.net\/cotedivoire\/\"},{\"@type\":\"ListItem\",\"position\":2,\"name\":\"Assembl\u00e9e Nationale, tout savoir sur le d\u00e9roulement du scrutin dont l&#8217;issu est certain entre Bictogo et le candidat non-officiel du PDCI, Amankou\"}]},{\"@type\":\"WebSite\",\"@id\":\"https:\/\/www.africa-press.net\/cotedivoire\/#website\",\"url\":\"https:\/\/www.africa-press.net\/cotedivoire\/\",\"name\":\"C\u00f4te d&#039;Ivoire\",\"description\":\"Just another Africa News Agency Sites site\",\"potentialAction\":[{\"@type\":\"SearchAction\",\"target\":{\"@type\":\"EntryPoint\",\"urlTemplate\":\"https:\/\/www.africa-press.net\/cotedivoire\/?s={search_term_string}\"},\"query-input\":{\"@type\":\"PropertyValueSpecification\",\"valueRequired\":true,\"valueName\":\"search_term_string\"}}],\"inLanguage\":\"fr-FR\"},{\"@type\":\"Person\",\"@id\":\"https:\/\/www.africa-press.net\/cotedivoire\/#\/schema\/person\/2b1cf3cd81a31e3cd26889ca66d677f1\",\"name\":\"cfeditorfr\"}]}<\/script>\n<!-- \/ Yoast SEO Premium plugin. -->","yoast_head_json":{"title":"Assembl\u00e9e Nationale, tout savoir sur le d\u00e9roulement du scrutin dont l'issu est certain entre Bictogo et le candidat non-officiel du PDCI, Amankou - C\u00f4te d&#039;Ivoire","description":"En pr\u00e9lude \u00e0 l\u2019\u00e9lection du nouveau pr\u00e9sident de l\u2019Assembl\u00e9e nationale, le Secr\u00e9taire G\u00e9n\u00e9ral de l\u2019Institution, M ...","robots":{"index":"index","follow":"follow","max-snippet":"max-snippet:-1","max-image-preview":"max-image-preview:large","max-video-preview":"max-video-preview:-1"},"canonical":"https:\/\/www.africa-press.net\/cotedivoire\/politique\/assemblee-nationale-tout-savoir-sur-le-deroulement-du-scrutin-dont-lissu-est-certain-entre-bictogo-et-le-candidat-non-officiel-du-pdci-amankou","og_locale":"fr_FR","og_type":"article","og_title":"Assembl\u00e9e Nationale, tout savoir sur le d\u00e9roulement du scrutin dont l'issu est certain entre Bictogo et le candidat non-officiel du PDCI, Amankou","og_description":"En pr\u00e9lude \u00e0 l\u2019\u00e9lection du nouveau pr\u00e9sident de l\u2019Assembl\u00e9e nationale, le Secr\u00e9taire G\u00e9n\u00e9ral de l\u2019Institution, M ...","og_url":"https:\/\/www.africa-press.net\/cotedivoire\/politique\/assemblee-nationale-tout-savoir-sur-le-deroulement-du-scrutin-dont-lissu-est-certain-entre-bictogo-et-le-candidat-non-officiel-du-pdci-amankou","og_site_name":"C\u00f4te d&#039;Ivoire","article_published_time":"2022-06-04T10:37:08+00:00","article_modified_time":"2022-06-04T11:05:57+00:00","og_image":[{"width":720,"height":595,"url":"https:\/\/static.africa-press.net\/cote\/sites\/43\/2022\/06\/postQueueImg_40-629b3c818a13e.jpg","type":"image\/jpeg"}],"author":"cfeditorfr","twitter_card":"summary_large_image","twitter_misc":{"\u00c9crit par":"cfeditorfr","Dur\u00e9e de lecture estim\u00e9e":"1 minute"},"schema":{"@context":"https:\/\/schema.org","@graph":[{"@type":"Article","@id":"https:\/\/www.africa-press.net\/cotedivoire\/politique\/assemblee-nationale-tout-savoir-sur-le-deroulement-du-scrutin-dont-lissu-est-certain-entre-bictogo-et-le-candidat-non-officiel-du-pdci-amankou#article","isPartOf":{"@id":"https:\/\/www.africa-press.net\/cotedivoire\/politique\/assemblee-nationale-tout-savoir-sur-le-deroulement-du-scrutin-dont-lissu-est-certain-entre-bictogo-et-le-candidat-non-officiel-du-pdci-amankou"},"author":{"name":"cfeditorfr","@id":"https:\/\/www.africa-press.net\/cotedivoire\/#\/schema\/person\/2b1cf3cd81a31e3cd26889ca66d677f1"},"headline":"Assembl\u00e9e Nationale, tout savoir sur le d\u00e9roulement du scrutin dont l&rsquo;issu est certain entre Bictogo et le candidat non-officiel du PDCI, Amankou","datePublished":"2022-06-04T10:37:08+00:00","dateModified":"2022-06-04T11:05:57+00:00","mainEntityOfPage":{"@id":"https:\/\/www.africa-press.net\/cotedivoire\/politique\/assemblee-nationale-tout-savoir-sur-le-deroulement-du-scrutin-dont-lissu-est-certain-entre-bictogo-et-le-candidat-non-officiel-du-pdci-amankou"},"wordCount":246,"commentCount":0,"image":{"@id":"https:\/\/www.africa-press.net\/cotedivoire\/politique\/assemblee-nationale-tout-savoir-sur-le-deroulement-du-scrutin-dont-lissu-est-certain-entre-bictogo-et-le-candidat-non-officiel-du-pdci-amankou#primaryimage"},"thumbnailUrl":"https:\/\/static.africa-press.net\/cote\/sites\/43\/2022\/06\/postQueueImg_40-629b3c818a13e.jpg","keywords":["Adama Bictogo","Africa Press","Africa Press-C\u00f4te d'Ivoire","Alain Acapko","Assembl\u00e9e","C\u00d4TE D'IVOIRE","Jean Michel Amankou"],"articleSection":["homepage-french","Politique","Toutes les actualit\u00e9s"],"inLanguage":"fr-FR","potentialAction":[{"@type":"CommentAction","name":"Comment","target":["https:\/\/www.africa-press.net\/cotedivoire\/politique\/assemblee-nationale-tout-savoir-sur-le-deroulement-du-scrutin-dont-lissu-est-certain-entre-bictogo-et-le-candidat-non-officiel-du-pdci-amankou#respond"]}]},{"@type":"WebPage","@id":"https:\/\/www.africa-press.net\/cotedivoire\/politique\/assemblee-nationale-tout-savoir-sur-le-deroulement-du-scrutin-dont-lissu-est-certain-entre-bictogo-et-le-candidat-non-officiel-du-pdci-amankou","url":"https:\/\/www.africa-press.net\/cotedivoire\/politique\/assemblee-nationale-tout-savoir-sur-le-deroulement-du-scrutin-dont-lissu-est-certain-entre-bictogo-et-le-candidat-non-officiel-du-pdci-amankou","name":"Assembl\u00e9e Nationale, tout savoir sur le d\u00e9roulement du scrutin dont l'issu est certain entre Bictogo et le candidat non-officiel du PDCI, Amankou - C\u00f4te d&#039;Ivoire","isPartOf":{"@id":"https:\/\/www.africa-press.net\/cotedivoire\/#website"},"primaryImageOfPage":{"@id":"https:\/\/www.africa-press.net\/cotedivoire\/politique\/assemblee-nationale-tout-savoir-sur-le-deroulement-du-scrutin-dont-lissu-est-certain-entre-bictogo-et-le-candidat-non-officiel-du-pdci-amankou#primaryimage"},"image":{"@id":"https:\/\/www.africa-press.net\/cotedivoire\/politique\/assemblee-nationale-tout-savoir-sur-le-deroulement-du-scrutin-dont-lissu-est-certain-entre-bictogo-et-le-candidat-non-officiel-du-pdci-amankou#primaryimage"},"thumbnailUrl":"https:\/\/static.africa-press.net\/cote\/sites\/43\/2022\/06\/postQueueImg_40-629b3c818a13e.jpg","datePublished":"2022-06-04T10:37:08+00:00","dateModified":"2022-06-04T11:05:57+00:00","author":{"@id":"https:\/\/www.africa-press.net\/cotedivoire\/#\/schema\/person\/2b1cf3cd81a31e3cd26889ca66d677f1"},"description":"En pr\u00e9lude \u00e0 l\u2019\u00e9lection du nouveau pr\u00e9sident de l\u2019Assembl\u00e9e nationale, le Secr\u00e9taire G\u00e9n\u00e9ral de l\u2019Institution, M ...","breadcrumb":{"@id":"https:\/\/www.africa-press.net\/cotedivoire\/politique\/assemblee-nationale-tout-savoir-sur-le-deroulement-du-scrutin-dont-lissu-est-certain-entre-bictogo-et-le-candidat-non-officiel-du-pdci-amankou#breadcrumb"},"inLanguage":"fr-FR","potentialAction":[{"@type":"ReadAction","target":["https:\/\/www.africa-press.net\/cotedivoire\/politique\/assemblee-nationale-tout-savoir-sur-le-deroulement-du-scrutin-dont-lissu-est-certain-entre-bictogo-et-le-candidat-non-officiel-du-pdci-amankou"]}]},{"@type":"ImageObject","inLanguage":"fr-FR","@id":"https:\/\/www.africa-press.net\/cotedivoire\/politique\/assemblee-nationale-tout-savoir-sur-le-deroulement-du-scrutin-dont-lissu-est-certain-entre-bictogo-et-le-candidat-non-officiel-du-pdci-amankou#primaryimage","url":"https:\/\/static.africa-press.net\/cote\/sites\/43\/2022\/06\/postQueueImg_40-629b3c818a13e.jpg","contentUrl":"https:\/\/static.africa-press.net\/cote\/sites\/43\/2022\/06\/postQueueImg_40-629b3c818a13e.jpg","width":720,"height":595,"caption":"Assembl\u00e9e Nationale, tout savoir sur le d\u00e9roulement du scrutin dont l'issu est certain entre Bictogo et le candidat non-officiel du PDCI, Amankou"},{"@type":"BreadcrumbList","@id":"https:\/\/www.africa-press.net\/cotedivoire\/politique\/assemblee-nationale-tout-savoir-sur-le-deroulement-du-scrutin-dont-lissu-est-certain-entre-bictogo-et-le-candidat-non-officiel-du-pdci-amankou#breadcrumb","itemListElement":[{"@type":"ListItem","position":1,"name":"Accueil","item":"https:\/\/www.africa-press.net\/cotedivoire\/"},{"@type":"ListItem","position":2,"name":"Assembl\u00e9e Nationale, tout savoir sur le d\u00e9roulement du scrutin dont l&#8217;issu est certain entre Bictogo et le candidat non-officiel du PDCI, Amankou"}]},{"@type":"WebSite","@id":"https:\/\/www.africa-press.net\/cotedivoire\/#website","url":"https:\/\/www.africa-press.net\/cotedivoire\/","name":"C\u00f4te d&#039;Ivoire","description":"Just another Africa News Agency Sites site","potentialAction":[{"@type":"SearchAction","target":{"@type":"EntryPoint","urlTemplate":"https:\/\/www.africa-press.net\/cotedivoire\/?s={search_term_string}"},"query-input":{"@type":"PropertyValueSpecification","valueRequired":true,"valueName":"search_term_string"}}],"inLanguage":"fr-FR"},{"@type":"Person","@id":"https:\/\/www.africa-press.net\/cotedivoire\/#\/schema\/person\/2b1cf3cd81a31e3cd26889ca66d677f1","name":"cfeditorfr"}]}},"_links":{"self":[{"href":"https:\/\/www.africa-press.net\/cotedivoire\/wp-json\/wp\/v2\/posts\/37349","targetHints":{"allow":["GET"]}}],"collection":[{"href":"https:\/\/www.africa-press.net\/cotedivoire\/wp-json\/wp\/v2\/posts"}],"about":[{"href":"https:\/\/www.africa-press.net\/cotedivoire\/wp-json\/wp\/v2\/types\/post"}],"author":[{"embeddable":true,"href":"https:\/\/www.africa-press.net\/cotedivoire\/wp-json\/wp\/v2\/users\/82"}],"replies":[{"embeddable":true,"href":"https:\/\/www.africa-press.net\/cotedivoire\/wp-json\/wp\/v2\/comments?post=37349"}],"version-history":[{"count":0,"href":"https:\/\/www.africa-press.net\/cotedivoire\/wp-json\/wp\/v2\/posts\/37349\/revisions"}],"wp:featuredmedia":[{"embeddable":true,"href":"https:\/\/www.africa-press.net\/cotedivoire\/wp-json\/wp\/v2\/media\/37348"}],"wp:attachment":[{"href":"https:\/\/www.africa-press.net\/cotedivoire\/wp-json\/wp\/v2\/media?parent=37349"}],"wp:term":[{"taxonomy":"category","embeddable":true,"href":"https:\/\/www.africa-press.net\/cotedivoire\/wp-json\/wp\/v2\/categories?post=37349"},{"taxonomy":"post_tag","embeddable":true,"href":"https:\/\/www.africa-press.net\/cotedivoire\/wp-json\/wp\/v2\/tags?post=37349"}],"curies":[{"name":"wp","href":"https:\/\/api.w.org\/{rel}","templated":true}]}}