{"id":37554,"date":"2022-06-07T15:11:04","date_gmt":"2022-06-07T15:11:04","guid":{"rendered":"https:\/\/www.africa-press.net\/cotedivoire\/politique\/presidence-de-lassemblee-nationale-les-propos-ambigus-du-groupe-parlementaire-pdci-rda-face-au-candidat-du-rhdp"},"modified":"2022-06-07T15:38:39","modified_gmt":"2022-06-07T15:38:39","slug":"presidence-de-lassemblee-nationale-les-propos-ambigus-du-groupe-parlementaire-pdci-rda-face-au-candidat-du-rhdp","status":"publish","type":"post","link":"https:\/\/www.africa-press.net\/cotedivoire\/politique\/presidence-de-lassemblee-nationale-les-propos-ambigus-du-groupe-parlementaire-pdci-rda-face-au-candidat-du-rhdp","title":{"rendered":"Pr\u00e9sidence de l&rsquo;Assembl\u00e9e nationale, les propos ambigus du Groupe parlementaire PDCI-RDA face au candidat du RHDP"},"content":{"rendered":"<p><span style=\"color: #ff6600\"><strong>Africa-Press &#8211; C\u00f4te d&rsquo;Ivoire. <\/strong><\/span>Le successeur de feu Amadou Soumahoro ancien pr\u00e9sident de l&rsquo;Assembl\u00e9e nationale d\u00e9c\u00e9d\u00e9 le 7 mai 2022, sera connu demain. Sauf cataclysme, le nouveau pr\u00e9sident sortira des rangs d&rsquo;un nouveau groupe parlementaire, puisque le RHDP est majoritaire dans l&rsquo;h\u00e9micycle. Depuis quelques jours, le candidat du RHDP, Adama Bictogo a entam\u00e9 des rencontres avec les autres groupes parlementaires afin que le consensus soit cr\u00e9\u00e9 autour de sa candidature.<\/p>\n<p>Son op\u00e9ration de charme l&rsquo;a conduit cet apr\u00e8s-midi aupr\u00e8s de ses coll\u00e8gues d\u00e9put\u00e9s du PDCI-RDA. La rencontre entre le vice-pr\u00e9sident et les d\u00e9put\u00e9s du parti d&rsquo;Aim\u00e9 Henri Konan B\u00e9di\u00e9 a eu \u00e0 la permanence du PDCI-RDA.<\/p>\n<p>Cliquez pour agrandir l&rsquo;image<\/p>\n<p>Dans les propos du pr\u00e9sident du groupe parlementaire du PDCI-RDA, rien ne pr\u00e9sage qu&rsquo;il y aura consensus autour de la candidature du candidat du RHDP le jour du vote, le mardi 7 juin 2022. C&rsquo;est un discours un peu ambigu qu&rsquo;il a tenu face \u00e0 la presse au sortir de la rencontre du jour.<\/p>\n<p>\u00ab Nous avons re\u00e7u, le vice-pr\u00e9sident de l&rsquo;Assembl\u00e9e nationale, Adama Bictogo et sa d\u00e9l\u00e9gation. Le candidat au poste de pr\u00e9sident \u00e0 l&rsquo;Assembl\u00e9e nationale, nous a expos\u00e9 sa vision interne du fonctionnement de l&rsquo;Assembl\u00e9e nationale avec une volont\u00e9 ferme de faire en sorte que les d\u00e9put\u00e9s aient plus de ressources, de moyens pour conduire leur mission. Mais aussi avec l&rsquo;id\u00e9e que l&rsquo;Assembl\u00e9e nationale devienne le creuset d&rsquo;une nouvelle C\u00f4te d&rsquo;Ivoire. Et nous avons \u00e9t\u00e9 sensibles \u00e0 ces deux arguments, mais plus particuli\u00e8rement au second, celui de dire que l&rsquo;Assembl\u00e9e nationale va saisir l&rsquo;occasion de demain pour envoyer un signal fort \u00e0 la C\u00f4te d&rsquo;Ivoire. La volont\u00e9 de faire en sorte que la r\u00e9conciliation tant attendue par les Ivoiriens se mettent en marche \u00e0 partir de l&rsquo;h\u00e9micycle. Ce sont des arguments tr\u00e8s forts qui viennent co\u00efncider avec la vision du Pr\u00e9sident de notre parti, le Pr\u00e9sident Aim\u00e9 Henri Konan B\u00e9di\u00e9 qui a choisi d\u00e8s novembre 2020, de s&rsquo;engager r\u00e9solument vers la r\u00e9conciliation par un dialogue inclusif. Le dialogue politique est en marche, dans les prochains jours des signaux forts seront donn\u00e9s et nous avons appr\u00e9ci\u00e9 que le candidat prenne en compte l&rsquo;ensemble de ces \u00e9l\u00e9ments. Nous nous en sommes r\u00e9jouis et nous lui avons r\u00e9pondu avoir pris note de cette vision qui colle bien avec celle du PDCI-RDA pour faire en sorte que la C\u00f4te d&rsquo;Ivoire change de cap pour demain et pour nos enfants et pour les g\u00e9n\u00e9rations futures. Demain, nous vous donnons rendez-vous \u00e0 l&rsquo;Assembl\u00e9e nationale, le PDCI r\u00e9pondra pr\u00e9sent \u00e0 la C\u00f4te d&rsquo;Ivoire qui s&rsquo;ouvre, \u00e0 la C\u00f4te d&rsquo;Ivoire de demain, une C\u00f4te d&rsquo;Ivoire fraternelle \u00bb.<\/p>\n<p>Adama Bictogo, candidat RHDP<\/p>\n<p>\u00ab Nous avons \u00e9t\u00e9 re\u00e7us dans un esprit de fraternit\u00e9, ce qui nous a d\u00e9j\u00e0 r\u00e9joui. Nous avons eu des \u00e9changes dans un cadre de fraternit\u00e9, mais surtout nous avions partag\u00e9 nos visions. Je souhaite que ma candidature ob\u00e9isse au principe du consensus, au principe de la famille parlementaire. Parce que je consid\u00e8re que ce qui nous rassemble \u00e0 l&rsquo;Assembl\u00e9e, c&rsquo;est notre capacit\u00e9, le sens de la responsabilit\u00e9 qui nous a \u00e9t\u00e9 donn\u00e9 \u00e0 travers les suffrages de nos populations. Nous avons le devoir de rassembler les Ivoiriens \u00bb.<\/p>\n\r\n                <style type=\"text\/css\">\r\n                    \r\n                    #td_uid_1_69f5b4bde1955  .td-doubleSlider-2 .td-item1 {\r\n                        background: url(https:\/\/static.africa-press.net\/cote\/sites\/43\/2022\/06\/postMeadiaimg_37_1-80x60.jpg) 0 0 no-repeat;\r\n                    }\r\n                    #td_uid_1_69f5b4bde1955  .td-doubleSlider-2 .td-item2 {\r\n                        background: url(https:\/\/static.africa-press.net\/cote\/sites\/43\/2022\/06\/postMeadiaimg_37_2-80x60.jpg) 0 0 no-repeat;\r\n                    }\r\n                <\/style>\r\n\r\n                <div id=\"td_uid_1_69f5b4bde1955\" class=\"td-gallery td-slide-on-2-columns\">\r\n                    <div class=\"post_td_gallery\">\r\n                        <div class=\"td-gallery-slide-top\">\r\n                           <div class=\"td-gallery-title\"><\/div>\r\n\r\n                            <div class=\"td-gallery-controls-wrapper\">\r\n                                <div class=\"td-gallery-slide-count\"><span class=\"td-gallery-slide-item-focus\">1<\/span> de 2<\/div>\r\n                                <div class=\"td-gallery-slide-prev-next-but\">\r\n                                    <i class = \"td-icon-left doubleSliderPrevButton\"><\/i>\r\n                                    <i class = \"td-icon-right doubleSliderNextButton\"><\/i>\r\n                                <\/div>\r\n                            <\/div>\r\n                        <\/div>\r\n\r\n                        <div class = \"td-doubleSlider-1 \">\r\n                            <div class = \"td-slider\">\r\n                                \r\n                    <div class = \"td-slide-item td-item1\">\r\n                        <figure class=\"td-slide-galery-figure td-slide-popup-gallery\">\r\n                            <a class=\"slide-gallery-image-link\" href=\"https:\/\/static.africa-press.net\/cote\/sites\/43\/2022\/06\/postMeadiaimg_37_1.jpg\" title=\"postMeadiaimg_37_1\"  data-caption=\"\"  data-description=\"\">\r\n                                <img decoding=\"async\" src=\"https:\/\/static.africa-press.net\/cote\/sites\/43\/2022\/06\/postMeadiaimg_37_1.jpg\" srcset=\"https:\/\/static.africa-press.net\/cote\/sites\/43\/2022\/06\/postMeadiaimg_37_1.jpg 1000w, https:\/\/static.africa-press.net\/cote\/sites\/43\/2022\/06\/postMeadiaimg_37_1-300x136.jpg 300w, https:\/\/static.africa-press.net\/cote\/sites\/43\/2022\/06\/postMeadiaimg_37_1-768x349.jpg 768w\" sizes=\"(max-width: 1000px) 100vw, 1000px\" alt=\"\">\r\n                            <\/a>\r\n                            \r\n                        <\/figure>\r\n                    <\/div>\r\n                    <div class = \"td-slide-item td-item2\">\r\n                        <figure class=\"td-slide-galery-figure td-slide-popup-gallery\">\r\n                            <a class=\"slide-gallery-image-link\" href=\"https:\/\/static.africa-press.net\/cote\/sites\/43\/2022\/06\/postMeadiaimg_37_2.jpg\" title=\"postMeadiaimg_37_2\"  data-caption=\"\"  data-description=\"\">\r\n                                <img decoding=\"async\" src=\"https:\/\/static.africa-press.net\/cote\/sites\/43\/2022\/06\/postMeadiaimg_37_2.jpg\" srcset=\"https:\/\/static.africa-press.net\/cote\/sites\/43\/2022\/06\/postMeadiaimg_37_2.jpg 1000w, https:\/\/static.africa-press.net\/cote\/sites\/43\/2022\/06\/postMeadiaimg_37_2-300x200.jpg 300w, https:\/\/static.africa-press.net\/cote\/sites\/43\/2022\/06\/postMeadiaimg_37_2-768x512.jpg 768w\" sizes=\"(max-width: 1000px) 100vw, 1000px\" alt=\"\">\r\n                            <\/a>\r\n                            \r\n                        <\/figure>\r\n                    <\/div>\r\n                            <\/div>\r\n                        <\/div>\r\n\r\n                        <div class = \"td-doubleSlider-2\">\r\n                            <div class = \"td-slider\">\r\n                                \r\n                    <div class = \"td-button td-item1\">\r\n                        <div class = \"td-border\"><\/div>\r\n                    <\/div>\r\n                    <div class = \"td-button td-item2\">\r\n                        <div class = \"td-border\"><\/div>\r\n                    <\/div>\r\n                            <\/div>\r\n                        <\/div>\r\n\r\n                    <\/div>\r\n\r\n                <\/div>\r\n                \n<p><strong>Pour plus d&rsquo;informations et d&rsquo;analyses sur la <a href=\"https:\/\/www.africa-press.net\/cotedivoire\">C\u00f4te d&rsquo;Ivoire<\/a>, suivez <a href=\"https:\/\/www.africa-press.net\/\">Africa-Press<\/a><\/strong><\/p>\n","protected":false},"excerpt":{"rendered":"<p>Africa-Press &#8211; C\u00f4te d&rsquo;Ivoire. Le successeur de feu Amadou Soumahoro ancien pr\u00e9sident de l&rsquo;Assembl\u00e9e nationale d\u00e9c\u00e9d\u00e9 le 7 mai 2022, sera connu demain. Sauf cataclysme, le nouveau pr\u00e9sident sortira des rangs d&rsquo;un nouveau groupe parlementaire, puisque le RHDP est majoritaire dans l&rsquo;h\u00e9micycle. Depuis quelques jours, le candidat du RHDP, Adama Bictogo a entam\u00e9 des rencontres [&hellip;]<\/p>\n","protected":false},"author":82,"featured_media":37553,"comment_status":"open","ping_status":"closed","sticky":false,"template":"","format":"standard","meta":{"footnotes":""},"categories":[11,8,2,20,10],"tags":[1265,56,63,1741,29,423,371],"class_list":["post-37554","post","type-post","status-publish","format-standard","has-post-thumbnail","hentry","category-homepage-french","category-photo","category-politique","category-top-nouvelles","category-toutes-les-actualites","tag-adama-bictogo","tag-africa-press","tag-africa-press-cote-divoire","tag-assemblee-nationale","tag-cote-divoire","tag-pdci","tag-rhdp"],"yoast_head":"<!-- This site is optimized with the Yoast SEO Premium plugin v26.1 (Yoast SEO v27.0) - https:\/\/yoast.com\/product\/yoast-seo-premium-wordpress\/ -->\n<title>Pr\u00e9sidence de l&#039;Assembl\u00e9e nationale, les propos ambigus du Groupe parlementaire PDCI-RDA face au candidat du RHDP - C\u00f4te d&#039;Ivoire<\/title>\n<meta name=\"description\" content=\"Le successeur de feu Amadou Soumahoro ancien pr\u00e9sident de l&#039;Assembl\u00e9e nationale d\u00e9c\u00e9d\u00e9 le 7 mai 2022, sera connu demain. ...\" \/>\n<meta name=\"robots\" content=\"index, follow, max-snippet:-1, max-image-preview:large, max-video-preview:-1\" \/>\n<link rel=\"canonical\" href=\"https:\/\/www.africa-press.net\/cotedivoire\/politique\/presidence-de-lassemblee-nationale-les-propos-ambigus-du-groupe-parlementaire-pdci-rda-face-au-candidat-du-rhdp\" \/>\n<meta property=\"og:locale\" content=\"fr_FR\" \/>\n<meta property=\"og:type\" content=\"article\" \/>\n<meta property=\"og:title\" content=\"Pr\u00e9sidence de l&#039;Assembl\u00e9e nationale, les propos ambigus du Groupe parlementaire PDCI-RDA face au candidat du RHDP\" \/>\n<meta property=\"og:description\" content=\"Le successeur de feu Amadou Soumahoro ancien pr\u00e9sident de l&#039;Assembl\u00e9e nationale d\u00e9c\u00e9d\u00e9 le 7 mai 2022, sera connu demain. ...\" \/>\n<meta property=\"og:url\" content=\"https:\/\/www.africa-press.net\/cotedivoire\/politique\/presidence-de-lassemblee-nationale-les-propos-ambigus-du-groupe-parlementaire-pdci-rda-face-au-candidat-du-rhdp\" \/>\n<meta property=\"og:site_name\" content=\"C\u00f4te d&#039;Ivoire\" \/>\n<meta property=\"article:published_time\" content=\"2022-06-07T15:11:04+00:00\" \/>\n<meta property=\"article:modified_time\" content=\"2022-06-07T15:38:39+00:00\" \/>\n<meta property=\"og:image\" content=\"https:\/\/static.africa-press.net\/cote\/sites\/43\/2022\/06\/postQueueImg_37-629f70e880f4d.jpg\" \/>\n\t<meta property=\"og:image:width\" content=\"720\" \/>\n\t<meta property=\"og:image:height\" content=\"325\" \/>\n\t<meta property=\"og:image:type\" content=\"image\/jpeg\" \/>\n<meta name=\"author\" content=\"cfeditorfr\" \/>\n<meta name=\"twitter:card\" content=\"summary_large_image\" \/>\n<meta name=\"twitter:label1\" content=\"\u00c9crit par\" \/>\n\t<meta name=\"twitter:data1\" content=\"cfeditorfr\" \/>\n\t<meta name=\"twitter:label2\" content=\"Dur\u00e9e de lecture estim\u00e9e\" \/>\n\t<meta name=\"twitter:data2\" content=\"3 minutes\" \/>\n<script type=\"application\/ld+json\" class=\"yoast-schema-graph\">{\"@context\":\"https:\/\/schema.org\",\"@graph\":[{\"@type\":\"Article\",\"@id\":\"https:\/\/www.africa-press.net\/cotedivoire\/politique\/presidence-de-lassemblee-nationale-les-propos-ambigus-du-groupe-parlementaire-pdci-rda-face-au-candidat-du-rhdp#article\",\"isPartOf\":{\"@id\":\"https:\/\/www.africa-press.net\/cotedivoire\/politique\/presidence-de-lassemblee-nationale-les-propos-ambigus-du-groupe-parlementaire-pdci-rda-face-au-candidat-du-rhdp\"},\"author\":{\"name\":\"cfeditorfr\",\"@id\":\"https:\/\/www.africa-press.net\/cotedivoire\/#\/schema\/person\/2b1cf3cd81a31e3cd26889ca66d677f1\"},\"headline\":\"Pr\u00e9sidence de l&rsquo;Assembl\u00e9e nationale, les propos ambigus du Groupe parlementaire PDCI-RDA face au candidat du RHDP\",\"datePublished\":\"2022-06-07T15:11:04+00:00\",\"dateModified\":\"2022-06-07T15:38:39+00:00\",\"mainEntityOfPage\":{\"@id\":\"https:\/\/www.africa-press.net\/cotedivoire\/politique\/presidence-de-lassemblee-nationale-les-propos-ambigus-du-groupe-parlementaire-pdci-rda-face-au-candidat-du-rhdp\"},\"wordCount\":644,\"commentCount\":0,\"image\":{\"@id\":\"https:\/\/www.africa-press.net\/cotedivoire\/politique\/presidence-de-lassemblee-nationale-les-propos-ambigus-du-groupe-parlementaire-pdci-rda-face-au-candidat-du-rhdp#primaryimage\"},\"thumbnailUrl\":\"https:\/\/static.africa-press.net\/cote\/sites\/43\/2022\/06\/postQueueImg_37-629f70e880f4d.jpg\",\"keywords\":[\"Adama Bictogo\",\"Africa Press\",\"Africa Press-C\u00f4te d'Ivoire\",\"Assembl\u00e9e nationale\",\"C\u00d4TE D'IVOIRE\",\"Pdci\",\"RHDP\"],\"articleSection\":[\"homepage-french\",\"Photo\",\"Politique\",\"Top Nouvelles\",\"Toutes les actualit\u00e9s\"],\"inLanguage\":\"fr-FR\",\"potentialAction\":[{\"@type\":\"CommentAction\",\"name\":\"Comment\",\"target\":[\"https:\/\/www.africa-press.net\/cotedivoire\/politique\/presidence-de-lassemblee-nationale-les-propos-ambigus-du-groupe-parlementaire-pdci-rda-face-au-candidat-du-rhdp#respond\"]}]},{\"@type\":\"WebPage\",\"@id\":\"https:\/\/www.africa-press.net\/cotedivoire\/politique\/presidence-de-lassemblee-nationale-les-propos-ambigus-du-groupe-parlementaire-pdci-rda-face-au-candidat-du-rhdp\",\"url\":\"https:\/\/www.africa-press.net\/cotedivoire\/politique\/presidence-de-lassemblee-nationale-les-propos-ambigus-du-groupe-parlementaire-pdci-rda-face-au-candidat-du-rhdp\",\"name\":\"Pr\u00e9sidence de l'Assembl\u00e9e nationale, les propos ambigus du Groupe parlementaire PDCI-RDA face au candidat du RHDP - C\u00f4te d&#039;Ivoire\",\"isPartOf\":{\"@id\":\"https:\/\/www.africa-press.net\/cotedivoire\/#website\"},\"primaryImageOfPage\":{\"@id\":\"https:\/\/www.africa-press.net\/cotedivoire\/politique\/presidence-de-lassemblee-nationale-les-propos-ambigus-du-groupe-parlementaire-pdci-rda-face-au-candidat-du-rhdp#primaryimage\"},\"image\":{\"@id\":\"https:\/\/www.africa-press.net\/cotedivoire\/politique\/presidence-de-lassemblee-nationale-les-propos-ambigus-du-groupe-parlementaire-pdci-rda-face-au-candidat-du-rhdp#primaryimage\"},\"thumbnailUrl\":\"https:\/\/static.africa-press.net\/cote\/sites\/43\/2022\/06\/postQueueImg_37-629f70e880f4d.jpg\",\"datePublished\":\"2022-06-07T15:11:04+00:00\",\"dateModified\":\"2022-06-07T15:38:39+00:00\",\"author\":{\"@id\":\"https:\/\/www.africa-press.net\/cotedivoire\/#\/schema\/person\/2b1cf3cd81a31e3cd26889ca66d677f1\"},\"description\":\"Le successeur de feu Amadou Soumahoro ancien pr\u00e9sident de l'Assembl\u00e9e nationale d\u00e9c\u00e9d\u00e9 le 7 mai 2022, sera connu demain. ...\",\"breadcrumb\":{\"@id\":\"https:\/\/www.africa-press.net\/cotedivoire\/politique\/presidence-de-lassemblee-nationale-les-propos-ambigus-du-groupe-parlementaire-pdci-rda-face-au-candidat-du-rhdp#breadcrumb\"},\"inLanguage\":\"fr-FR\",\"potentialAction\":[{\"@type\":\"ReadAction\",\"target\":[\"https:\/\/www.africa-press.net\/cotedivoire\/politique\/presidence-de-lassemblee-nationale-les-propos-ambigus-du-groupe-parlementaire-pdci-rda-face-au-candidat-du-rhdp\"]}]},{\"@type\":\"ImageObject\",\"inLanguage\":\"fr-FR\",\"@id\":\"https:\/\/www.africa-press.net\/cotedivoire\/politique\/presidence-de-lassemblee-nationale-les-propos-ambigus-du-groupe-parlementaire-pdci-rda-face-au-candidat-du-rhdp#primaryimage\",\"url\":\"https:\/\/static.africa-press.net\/cote\/sites\/43\/2022\/06\/postQueueImg_37-629f70e880f4d.jpg\",\"contentUrl\":\"https:\/\/static.africa-press.net\/cote\/sites\/43\/2022\/06\/postQueueImg_37-629f70e880f4d.jpg\",\"width\":720,\"height\":325,\"caption\":\"Pr\u00e9sidence de l'Assembl\u00e9e nationale, les propos ambigus du Groupe parlementaire PDCI-RDA face au candidat du RHDP\"},{\"@type\":\"BreadcrumbList\",\"@id\":\"https:\/\/www.africa-press.net\/cotedivoire\/politique\/presidence-de-lassemblee-nationale-les-propos-ambigus-du-groupe-parlementaire-pdci-rda-face-au-candidat-du-rhdp#breadcrumb\",\"itemListElement\":[{\"@type\":\"ListItem\",\"position\":1,\"name\":\"Accueil\",\"item\":\"https:\/\/www.africa-press.net\/cotedivoire\/\"},{\"@type\":\"ListItem\",\"position\":2,\"name\":\"Pr\u00e9sidence de l&#8217;Assembl\u00e9e nationale, les propos ambigus du Groupe parlementaire PDCI-RDA face au candidat du RHDP\"}]},{\"@type\":\"WebSite\",\"@id\":\"https:\/\/www.africa-press.net\/cotedivoire\/#website\",\"url\":\"https:\/\/www.africa-press.net\/cotedivoire\/\",\"name\":\"C\u00f4te d&#039;Ivoire\",\"description\":\"Just another Africa News Agency Sites site\",\"potentialAction\":[{\"@type\":\"SearchAction\",\"target\":{\"@type\":\"EntryPoint\",\"urlTemplate\":\"https:\/\/www.africa-press.net\/cotedivoire\/?s={search_term_string}\"},\"query-input\":{\"@type\":\"PropertyValueSpecification\",\"valueRequired\":true,\"valueName\":\"search_term_string\"}}],\"inLanguage\":\"fr-FR\"},{\"@type\":\"Person\",\"@id\":\"https:\/\/www.africa-press.net\/cotedivoire\/#\/schema\/person\/2b1cf3cd81a31e3cd26889ca66d677f1\",\"name\":\"cfeditorfr\"}]}<\/script>\n<!-- \/ Yoast SEO Premium plugin. -->","yoast_head_json":{"title":"Pr\u00e9sidence de l'Assembl\u00e9e nationale, les propos ambigus du Groupe parlementaire PDCI-RDA face au candidat du RHDP - C\u00f4te d&#039;Ivoire","description":"Le successeur de feu Amadou Soumahoro ancien pr\u00e9sident de l'Assembl\u00e9e nationale d\u00e9c\u00e9d\u00e9 le 7 mai 2022, sera connu demain. ...","robots":{"index":"index","follow":"follow","max-snippet":"max-snippet:-1","max-image-preview":"max-image-preview:large","max-video-preview":"max-video-preview:-1"},"canonical":"https:\/\/www.africa-press.net\/cotedivoire\/politique\/presidence-de-lassemblee-nationale-les-propos-ambigus-du-groupe-parlementaire-pdci-rda-face-au-candidat-du-rhdp","og_locale":"fr_FR","og_type":"article","og_title":"Pr\u00e9sidence de l'Assembl\u00e9e nationale, les propos ambigus du Groupe parlementaire PDCI-RDA face au candidat du RHDP","og_description":"Le successeur de feu Amadou Soumahoro ancien pr\u00e9sident de l'Assembl\u00e9e nationale d\u00e9c\u00e9d\u00e9 le 7 mai 2022, sera connu demain. ...","og_url":"https:\/\/www.africa-press.net\/cotedivoire\/politique\/presidence-de-lassemblee-nationale-les-propos-ambigus-du-groupe-parlementaire-pdci-rda-face-au-candidat-du-rhdp","og_site_name":"C\u00f4te d&#039;Ivoire","article_published_time":"2022-06-07T15:11:04+00:00","article_modified_time":"2022-06-07T15:38:39+00:00","og_image":[{"width":720,"height":325,"url":"https:\/\/static.africa-press.net\/cote\/sites\/43\/2022\/06\/postQueueImg_37-629f70e880f4d.jpg","type":"image\/jpeg"}],"author":"cfeditorfr","twitter_card":"summary_large_image","twitter_misc":{"\u00c9crit par":"cfeditorfr","Dur\u00e9e de lecture estim\u00e9e":"3 minutes"},"schema":{"@context":"https:\/\/schema.org","@graph":[{"@type":"Article","@id":"https:\/\/www.africa-press.net\/cotedivoire\/politique\/presidence-de-lassemblee-nationale-les-propos-ambigus-du-groupe-parlementaire-pdci-rda-face-au-candidat-du-rhdp#article","isPartOf":{"@id":"https:\/\/www.africa-press.net\/cotedivoire\/politique\/presidence-de-lassemblee-nationale-les-propos-ambigus-du-groupe-parlementaire-pdci-rda-face-au-candidat-du-rhdp"},"author":{"name":"cfeditorfr","@id":"https:\/\/www.africa-press.net\/cotedivoire\/#\/schema\/person\/2b1cf3cd81a31e3cd26889ca66d677f1"},"headline":"Pr\u00e9sidence de l&rsquo;Assembl\u00e9e nationale, les propos ambigus du Groupe parlementaire PDCI-RDA face au candidat du RHDP","datePublished":"2022-06-07T15:11:04+00:00","dateModified":"2022-06-07T15:38:39+00:00","mainEntityOfPage":{"@id":"https:\/\/www.africa-press.net\/cotedivoire\/politique\/presidence-de-lassemblee-nationale-les-propos-ambigus-du-groupe-parlementaire-pdci-rda-face-au-candidat-du-rhdp"},"wordCount":644,"commentCount":0,"image":{"@id":"https:\/\/www.africa-press.net\/cotedivoire\/politique\/presidence-de-lassemblee-nationale-les-propos-ambigus-du-groupe-parlementaire-pdci-rda-face-au-candidat-du-rhdp#primaryimage"},"thumbnailUrl":"https:\/\/static.africa-press.net\/cote\/sites\/43\/2022\/06\/postQueueImg_37-629f70e880f4d.jpg","keywords":["Adama Bictogo","Africa Press","Africa Press-C\u00f4te d'Ivoire","Assembl\u00e9e nationale","C\u00d4TE D'IVOIRE","Pdci","RHDP"],"articleSection":["homepage-french","Photo","Politique","Top Nouvelles","Toutes les actualit\u00e9s"],"inLanguage":"fr-FR","potentialAction":[{"@type":"CommentAction","name":"Comment","target":["https:\/\/www.africa-press.net\/cotedivoire\/politique\/presidence-de-lassemblee-nationale-les-propos-ambigus-du-groupe-parlementaire-pdci-rda-face-au-candidat-du-rhdp#respond"]}]},{"@type":"WebPage","@id":"https:\/\/www.africa-press.net\/cotedivoire\/politique\/presidence-de-lassemblee-nationale-les-propos-ambigus-du-groupe-parlementaire-pdci-rda-face-au-candidat-du-rhdp","url":"https:\/\/www.africa-press.net\/cotedivoire\/politique\/presidence-de-lassemblee-nationale-les-propos-ambigus-du-groupe-parlementaire-pdci-rda-face-au-candidat-du-rhdp","name":"Pr\u00e9sidence de l'Assembl\u00e9e nationale, les propos ambigus du Groupe parlementaire PDCI-RDA face au candidat du RHDP - C\u00f4te d&#039;Ivoire","isPartOf":{"@id":"https:\/\/www.africa-press.net\/cotedivoire\/#website"},"primaryImageOfPage":{"@id":"https:\/\/www.africa-press.net\/cotedivoire\/politique\/presidence-de-lassemblee-nationale-les-propos-ambigus-du-groupe-parlementaire-pdci-rda-face-au-candidat-du-rhdp#primaryimage"},"image":{"@id":"https:\/\/www.africa-press.net\/cotedivoire\/politique\/presidence-de-lassemblee-nationale-les-propos-ambigus-du-groupe-parlementaire-pdci-rda-face-au-candidat-du-rhdp#primaryimage"},"thumbnailUrl":"https:\/\/static.africa-press.net\/cote\/sites\/43\/2022\/06\/postQueueImg_37-629f70e880f4d.jpg","datePublished":"2022-06-07T15:11:04+00:00","dateModified":"2022-06-07T15:38:39+00:00","author":{"@id":"https:\/\/www.africa-press.net\/cotedivoire\/#\/schema\/person\/2b1cf3cd81a31e3cd26889ca66d677f1"},"description":"Le successeur de feu Amadou Soumahoro ancien pr\u00e9sident de l'Assembl\u00e9e nationale d\u00e9c\u00e9d\u00e9 le 7 mai 2022, sera connu demain. ...","breadcrumb":{"@id":"https:\/\/www.africa-press.net\/cotedivoire\/politique\/presidence-de-lassemblee-nationale-les-propos-ambigus-du-groupe-parlementaire-pdci-rda-face-au-candidat-du-rhdp#breadcrumb"},"inLanguage":"fr-FR","potentialAction":[{"@type":"ReadAction","target":["https:\/\/www.africa-press.net\/cotedivoire\/politique\/presidence-de-lassemblee-nationale-les-propos-ambigus-du-groupe-parlementaire-pdci-rda-face-au-candidat-du-rhdp"]}]},{"@type":"ImageObject","inLanguage":"fr-FR","@id":"https:\/\/www.africa-press.net\/cotedivoire\/politique\/presidence-de-lassemblee-nationale-les-propos-ambigus-du-groupe-parlementaire-pdci-rda-face-au-candidat-du-rhdp#primaryimage","url":"https:\/\/static.africa-press.net\/cote\/sites\/43\/2022\/06\/postQueueImg_37-629f70e880f4d.jpg","contentUrl":"https:\/\/static.africa-press.net\/cote\/sites\/43\/2022\/06\/postQueueImg_37-629f70e880f4d.jpg","width":720,"height":325,"caption":"Pr\u00e9sidence de l'Assembl\u00e9e nationale, les propos ambigus du Groupe parlementaire PDCI-RDA face au candidat du RHDP"},{"@type":"BreadcrumbList","@id":"https:\/\/www.africa-press.net\/cotedivoire\/politique\/presidence-de-lassemblee-nationale-les-propos-ambigus-du-groupe-parlementaire-pdci-rda-face-au-candidat-du-rhdp#breadcrumb","itemListElement":[{"@type":"ListItem","position":1,"name":"Accueil","item":"https:\/\/www.africa-press.net\/cotedivoire\/"},{"@type":"ListItem","position":2,"name":"Pr\u00e9sidence de l&#8217;Assembl\u00e9e nationale, les propos ambigus du Groupe parlementaire PDCI-RDA face au candidat du RHDP"}]},{"@type":"WebSite","@id":"https:\/\/www.africa-press.net\/cotedivoire\/#website","url":"https:\/\/www.africa-press.net\/cotedivoire\/","name":"C\u00f4te d&#039;Ivoire","description":"Just another Africa News Agency Sites site","potentialAction":[{"@type":"SearchAction","target":{"@type":"EntryPoint","urlTemplate":"https:\/\/www.africa-press.net\/cotedivoire\/?s={search_term_string}"},"query-input":{"@type":"PropertyValueSpecification","valueRequired":true,"valueName":"search_term_string"}}],"inLanguage":"fr-FR"},{"@type":"Person","@id":"https:\/\/www.africa-press.net\/cotedivoire\/#\/schema\/person\/2b1cf3cd81a31e3cd26889ca66d677f1","name":"cfeditorfr"}]}},"_links":{"self":[{"href":"https:\/\/www.africa-press.net\/cotedivoire\/wp-json\/wp\/v2\/posts\/37554","targetHints":{"allow":["GET"]}}],"collection":[{"href":"https:\/\/www.africa-press.net\/cotedivoire\/wp-json\/wp\/v2\/posts"}],"about":[{"href":"https:\/\/www.africa-press.net\/cotedivoire\/wp-json\/wp\/v2\/types\/post"}],"author":[{"embeddable":true,"href":"https:\/\/www.africa-press.net\/cotedivoire\/wp-json\/wp\/v2\/users\/82"}],"replies":[{"embeddable":true,"href":"https:\/\/www.africa-press.net\/cotedivoire\/wp-json\/wp\/v2\/comments?post=37554"}],"version-history":[{"count":0,"href":"https:\/\/www.africa-press.net\/cotedivoire\/wp-json\/wp\/v2\/posts\/37554\/revisions"}],"wp:featuredmedia":[{"embeddable":true,"href":"https:\/\/www.africa-press.net\/cotedivoire\/wp-json\/wp\/v2\/media\/37553"}],"wp:attachment":[{"href":"https:\/\/www.africa-press.net\/cotedivoire\/wp-json\/wp\/v2\/media?parent=37554"}],"wp:term":[{"taxonomy":"category","embeddable":true,"href":"https:\/\/www.africa-press.net\/cotedivoire\/wp-json\/wp\/v2\/categories?post=37554"},{"taxonomy":"post_tag","embeddable":true,"href":"https:\/\/www.africa-press.net\/cotedivoire\/wp-json\/wp\/v2\/tags?post=37554"}],"curies":[{"name":"wp","href":"https:\/\/api.w.org\/{rel}","templated":true}]}}