{"id":37575,"date":"2022-06-07T15:14:22","date_gmt":"2022-06-07T15:14:22","guid":{"rendered":"https:\/\/www.africa-press.net\/cotedivoire\/politique\/voici-pourquoi-le-pdci-le-ppa-ci-et-ludpci-soutiennent-la-candidature-dadama-bictogo"},"modified":"2022-06-07T15:41:50","modified_gmt":"2022-06-07T15:41:50","slug":"voici-pourquoi-le-pdci-le-ppa-ci-et-ludpci-soutiennent-la-candidature-dadama-bictogo","status":"publish","type":"post","link":"https:\/\/www.africa-press.net\/cotedivoire\/politique\/voici-pourquoi-le-pdci-le-ppa-ci-et-ludpci-soutiennent-la-candidature-dadama-bictogo","title":{"rendered":"Voici pourquoi le PDCI, le PPA-CI et l&rsquo;UDPCI soutiennent la candidature d&rsquo;Adama Bictogo"},"content":{"rendered":"<p><span style=\"color: #ff6600\"><strong>Africa-Press &#8211; C\u00f4te d&rsquo;Ivoire. <\/strong><\/span>Doho Simon , porte-parole des D\u00e9put\u00e9s de l\u2019opposition (Ph)<\/p>\n<p>Le PDCI, le PPA-CI et l\u2019UDPCI ont dans une d\u00e9claration commune ont appel\u00e9 ce mardi 07 juin 2022 \u00e0 soutenir la candidature d\u2019Adama Bictogo \u00e0 la pr\u00e9sidence de l\u2019Assembl\u00e9e Nationale.<\/p>\n<p>Selon le porte-parole de l\u2019ensemble des groupes parlementaires de l\u2019opposition, premi\u00e8rement, les blessures b\u00e9antes, celles visibles comme celles invisibles que nous avons accumul\u00e9s pendant plus de 20 ans dans la succession douloureuse des crises que nous avons travers\u00e9es.<\/p>\n<p>\u00ab L\u2019\u00e9lection pr\u00e9sidentielle d\u2019octobre 2020, hier encore, nous a, \u00e0 son tour, laiss\u00e9 son triste lot de d\u00e9chirures et de fissures dans la riche coh\u00e9sion que nous formions. Des populations enti\u00e8res, de toutes nos r\u00e9gions, continent encore de pleurer silencieusement leurs fr\u00e8res, leurs s\u0153urs, leurs p\u00e8res, leurs m\u00e8res violemment arrach\u00e9s \u00e0 la vie \u00bb, a indiqu\u00e9 Simon Doho, dans sa d\u00e9claration.<\/p>\n<p>Deuxi\u00e8mement, il a relev\u00e9 que les douleurs sont aussi nourries par la mesure des grands reculs subis par notre pays dans plusieurs domaines strat\u00e9giques dont l\u2019\u00e9ducation, la qualit\u00e9 de la vie dans nos villes et nos villages, la qualit\u00e9 du service publique, la qualit\u00e9 des services de sant\u00e9, la qualit\u00e9 de l\u2019environnement, les performances de l\u2019agriculture et dans bien d\u2019autres secteurs encore.<\/p>\n<p>\u00ab Ce matin, toute l&rsquo;opposition politique repr\u00e9sent\u00e9e \u00e0 l&rsquo;Assembl\u00e9e nationale et sous les autorit\u00e9s des Pr\u00e9sidents Henri Konan BEDIE, Pr\u00e9sident du PDCI-RDA, Laurent GBAGBO, Pr\u00e9sident du PPA-CI, MABRI Toikeusse, Pr\u00e9sident de l\u2019UDPCI, veut exprimer son vote pour le renouvellement du poste de Pr\u00e9sident de l\u2019Assembl\u00e9e nationale, comme un vote de confiance au Pr\u00e9sident de la R\u00e9publique. Notre pays a trop souffert de nos divisions et des crises politiques fratricides qui augmentent nos douleurs \u00bb, a soulign\u00e9 le d\u00e9put\u00e9, avant d\u2019annoncer.<\/p>\n<p>\u00ab C\u2019est pourquoi nous appelons \u00e0 voter oui pour le candidat du RHDP en remplacement de l\u2019ancien pr\u00e9sident, Amadou Soumahoro, \u00e9galement membre du RHDP \u00bb, a-t-il lanc\u00e9, puis d\u2019ajouter.<\/p>\n<p>\u00ab L\u2019Histoire retiendra que le PDCI-RDA, le PPA-CI et l\u2019UDPCI ont donn\u00e9 leur confiance au Pr\u00e9sident de la R\u00e9publique pour initier v\u00e9ritablement la R\u00e9conciliation et l\u2019acc\u00e9l\u00e9rer. la C\u00f4te d\u2019Ivoire dira fi\u00e8rement comme les autres nations\u2026 La douleur m\u2019a bris\u00e9e, la fraternit\u00e9 m\u2019a relev\u00e9e et de mes blessures a jailli un fleuve de libert\u00e9. \u00bb<\/p>\n<p>Donatien Kautcha, Abidjan<\/p>\n<p><strong>Pour plus d&rsquo;informations et d&rsquo;analyses sur la <a href=\"https:\/\/www.africa-press.net\/cotedivoire\">C\u00f4te d&rsquo;Ivoire<\/a>, suivez <a href=\"https:\/\/www.africa-press.net\/\">Africa-Press<\/a><\/strong><\/p>\n","protected":false},"excerpt":{"rendered":"<p>Africa-Press &#8211; C\u00f4te d&rsquo;Ivoire. Doho Simon , porte-parole des D\u00e9put\u00e9s de l\u2019opposition (Ph) Le PDCI, le PPA-CI et l\u2019UDPCI ont dans une d\u00e9claration commune ont appel\u00e9 ce mardi 07 juin 2022 \u00e0 soutenir la candidature d\u2019Adama Bictogo \u00e0 la pr\u00e9sidence de l\u2019Assembl\u00e9e Nationale. Selon le porte-parole de l\u2019ensemble des groupes parlementaires de l\u2019opposition, premi\u00e8rement, les [&hellip;]<\/p>\n","protected":false},"author":82,"featured_media":37574,"comment_status":"open","ping_status":"closed","sticky":false,"template":"","format":"standard","meta":{"footnotes":""},"categories":[11,2,10],"tags":[1265,56,63,1741,29,815,423,1952,1544],"class_list":["post-37575","post","type-post","status-publish","format-standard","has-post-thumbnail","hentry","category-homepage-french","category-politique","category-toutes-les-actualites","tag-adama-bictogo","tag-africa-press","tag-africa-press-cote-divoire","tag-assemblee-nationale","tag-cote-divoire","tag-doho-simon","tag-pdci","tag-ppa-ci","tag-udpci"],"yoast_head":"<!-- This site is optimized with the Yoast SEO Premium plugin v26.1 (Yoast SEO v27.0) - https:\/\/yoast.com\/product\/yoast-seo-premium-wordpress\/ -->\n<title>Voici pourquoi le PDCI, le PPA-CI et l&#039;UDPCI soutiennent la candidature d&#039;Adama Bictogo - C\u00f4te d&#039;Ivoire<\/title>\n<meta name=\"description\" content=\"Doho Simon , porte-parole des D\u00e9put\u00e9s de l\u2019opposition (Ph) Le PDCI, le PPA-CI et l\u2019UDPCI ont dans une d\u00e9claration commu ...\" \/>\n<meta name=\"robots\" content=\"index, follow, max-snippet:-1, max-image-preview:large, max-video-preview:-1\" \/>\n<link rel=\"canonical\" href=\"https:\/\/www.africa-press.net\/cotedivoire\/politique\/voici-pourquoi-le-pdci-le-ppa-ci-et-ludpci-soutiennent-la-candidature-dadama-bictogo\" \/>\n<meta property=\"og:locale\" content=\"fr_FR\" \/>\n<meta property=\"og:type\" content=\"article\" \/>\n<meta property=\"og:title\" content=\"Voici pourquoi le PDCI, le PPA-CI et l&#039;UDPCI soutiennent la candidature d&#039;Adama Bictogo\" \/>\n<meta property=\"og:description\" content=\"Doho Simon , porte-parole des D\u00e9put\u00e9s de l\u2019opposition (Ph) Le PDCI, le PPA-CI et l\u2019UDPCI ont dans une d\u00e9claration commu ...\" \/>\n<meta property=\"og:url\" content=\"https:\/\/www.africa-press.net\/cotedivoire\/politique\/voici-pourquoi-le-pdci-le-ppa-ci-et-ludpci-soutiennent-la-candidature-dadama-bictogo\" \/>\n<meta property=\"og:site_name\" content=\"C\u00f4te d&#039;Ivoire\" \/>\n<meta property=\"article:published_time\" content=\"2022-06-07T15:14:22+00:00\" \/>\n<meta property=\"article:modified_time\" content=\"2022-06-07T15:41:50+00:00\" \/>\n<meta property=\"og:image\" content=\"https:\/\/static.africa-press.net\/cote\/sites\/43\/2022\/06\/postQueueImg_44-629f71a844553.jpg\" \/>\n\t<meta property=\"og:image:width\" content=\"720\" \/>\n\t<meta property=\"og:image:height\" content=\"525\" \/>\n\t<meta property=\"og:image:type\" content=\"image\/jpeg\" \/>\n<meta name=\"author\" content=\"cfeditorfr\" \/>\n<meta name=\"twitter:card\" content=\"summary_large_image\" \/>\n<meta name=\"twitter:label1\" content=\"\u00c9crit par\" \/>\n\t<meta name=\"twitter:data1\" content=\"cfeditorfr\" \/>\n\t<meta name=\"twitter:label2\" content=\"Dur\u00e9e de lecture estim\u00e9e\" \/>\n\t<meta name=\"twitter:data2\" content=\"2 minutes\" \/>\n<script type=\"application\/ld+json\" class=\"yoast-schema-graph\">{\"@context\":\"https:\/\/schema.org\",\"@graph\":[{\"@type\":\"Article\",\"@id\":\"https:\/\/www.africa-press.net\/cotedivoire\/politique\/voici-pourquoi-le-pdci-le-ppa-ci-et-ludpci-soutiennent-la-candidature-dadama-bictogo#article\",\"isPartOf\":{\"@id\":\"https:\/\/www.africa-press.net\/cotedivoire\/politique\/voici-pourquoi-le-pdci-le-ppa-ci-et-ludpci-soutiennent-la-candidature-dadama-bictogo\"},\"author\":{\"name\":\"cfeditorfr\",\"@id\":\"https:\/\/www.africa-press.net\/cotedivoire\/#\/schema\/person\/2b1cf3cd81a31e3cd26889ca66d677f1\"},\"headline\":\"Voici pourquoi le PDCI, le PPA-CI et l&rsquo;UDPCI soutiennent la candidature d&rsquo;Adama Bictogo\",\"datePublished\":\"2022-06-07T15:14:22+00:00\",\"dateModified\":\"2022-06-07T15:41:50+00:00\",\"mainEntityOfPage\":{\"@id\":\"https:\/\/www.africa-press.net\/cotedivoire\/politique\/voici-pourquoi-le-pdci-le-ppa-ci-et-ludpci-soutiennent-la-candidature-dadama-bictogo\"},\"wordCount\":455,\"commentCount\":0,\"image\":{\"@id\":\"https:\/\/www.africa-press.net\/cotedivoire\/politique\/voici-pourquoi-le-pdci-le-ppa-ci-et-ludpci-soutiennent-la-candidature-dadama-bictogo#primaryimage\"},\"thumbnailUrl\":\"https:\/\/static.africa-press.net\/cote\/sites\/43\/2022\/06\/postQueueImg_44-629f71a844553.jpg\",\"keywords\":[\"Adama Bictogo\",\"Africa Press\",\"Africa Press-C\u00f4te d'Ivoire\",\"Assembl\u00e9e nationale\",\"C\u00d4TE D'IVOIRE\",\"Doho Simon\",\"Pdci\",\"PPA-CI\",\"UDPCI\"],\"articleSection\":[\"homepage-french\",\"Politique\",\"Toutes les actualit\u00e9s\"],\"inLanguage\":\"fr-FR\",\"potentialAction\":[{\"@type\":\"CommentAction\",\"name\":\"Comment\",\"target\":[\"https:\/\/www.africa-press.net\/cotedivoire\/politique\/voici-pourquoi-le-pdci-le-ppa-ci-et-ludpci-soutiennent-la-candidature-dadama-bictogo#respond\"]}]},{\"@type\":\"WebPage\",\"@id\":\"https:\/\/www.africa-press.net\/cotedivoire\/politique\/voici-pourquoi-le-pdci-le-ppa-ci-et-ludpci-soutiennent-la-candidature-dadama-bictogo\",\"url\":\"https:\/\/www.africa-press.net\/cotedivoire\/politique\/voici-pourquoi-le-pdci-le-ppa-ci-et-ludpci-soutiennent-la-candidature-dadama-bictogo\",\"name\":\"Voici pourquoi le PDCI, le PPA-CI et l'UDPCI soutiennent la candidature d'Adama Bictogo - C\u00f4te d&#039;Ivoire\",\"isPartOf\":{\"@id\":\"https:\/\/www.africa-press.net\/cotedivoire\/#website\"},\"primaryImageOfPage\":{\"@id\":\"https:\/\/www.africa-press.net\/cotedivoire\/politique\/voici-pourquoi-le-pdci-le-ppa-ci-et-ludpci-soutiennent-la-candidature-dadama-bictogo#primaryimage\"},\"image\":{\"@id\":\"https:\/\/www.africa-press.net\/cotedivoire\/politique\/voici-pourquoi-le-pdci-le-ppa-ci-et-ludpci-soutiennent-la-candidature-dadama-bictogo#primaryimage\"},\"thumbnailUrl\":\"https:\/\/static.africa-press.net\/cote\/sites\/43\/2022\/06\/postQueueImg_44-629f71a844553.jpg\",\"datePublished\":\"2022-06-07T15:14:22+00:00\",\"dateModified\":\"2022-06-07T15:41:50+00:00\",\"author\":{\"@id\":\"https:\/\/www.africa-press.net\/cotedivoire\/#\/schema\/person\/2b1cf3cd81a31e3cd26889ca66d677f1\"},\"description\":\"Doho Simon , porte-parole des D\u00e9put\u00e9s de l\u2019opposition (Ph) Le PDCI, le PPA-CI et l\u2019UDPCI ont dans une d\u00e9claration commu ...\",\"breadcrumb\":{\"@id\":\"https:\/\/www.africa-press.net\/cotedivoire\/politique\/voici-pourquoi-le-pdci-le-ppa-ci-et-ludpci-soutiennent-la-candidature-dadama-bictogo#breadcrumb\"},\"inLanguage\":\"fr-FR\",\"potentialAction\":[{\"@type\":\"ReadAction\",\"target\":[\"https:\/\/www.africa-press.net\/cotedivoire\/politique\/voici-pourquoi-le-pdci-le-ppa-ci-et-ludpci-soutiennent-la-candidature-dadama-bictogo\"]}]},{\"@type\":\"ImageObject\",\"inLanguage\":\"fr-FR\",\"@id\":\"https:\/\/www.africa-press.net\/cotedivoire\/politique\/voici-pourquoi-le-pdci-le-ppa-ci-et-ludpci-soutiennent-la-candidature-dadama-bictogo#primaryimage\",\"url\":\"https:\/\/static.africa-press.net\/cote\/sites\/43\/2022\/06\/postQueueImg_44-629f71a844553.jpg\",\"contentUrl\":\"https:\/\/static.africa-press.net\/cote\/sites\/43\/2022\/06\/postQueueImg_44-629f71a844553.jpg\",\"width\":720,\"height\":525,\"caption\":\"Voici pourquoi le PDCI, le PPA-CI et l'UDPCI soutiennent la candidature d'Adama Bictogo\"},{\"@type\":\"BreadcrumbList\",\"@id\":\"https:\/\/www.africa-press.net\/cotedivoire\/politique\/voici-pourquoi-le-pdci-le-ppa-ci-et-ludpci-soutiennent-la-candidature-dadama-bictogo#breadcrumb\",\"itemListElement\":[{\"@type\":\"ListItem\",\"position\":1,\"name\":\"Accueil\",\"item\":\"https:\/\/www.africa-press.net\/cotedivoire\/\"},{\"@type\":\"ListItem\",\"position\":2,\"name\":\"Voici pourquoi le PDCI, le PPA-CI et l&#8217;UDPCI soutiennent la candidature d&#8217;Adama Bictogo\"}]},{\"@type\":\"WebSite\",\"@id\":\"https:\/\/www.africa-press.net\/cotedivoire\/#website\",\"url\":\"https:\/\/www.africa-press.net\/cotedivoire\/\",\"name\":\"C\u00f4te d&#039;Ivoire\",\"description\":\"Just another Africa News Agency Sites site\",\"potentialAction\":[{\"@type\":\"SearchAction\",\"target\":{\"@type\":\"EntryPoint\",\"urlTemplate\":\"https:\/\/www.africa-press.net\/cotedivoire\/?s={search_term_string}\"},\"query-input\":{\"@type\":\"PropertyValueSpecification\",\"valueRequired\":true,\"valueName\":\"search_term_string\"}}],\"inLanguage\":\"fr-FR\"},{\"@type\":\"Person\",\"@id\":\"https:\/\/www.africa-press.net\/cotedivoire\/#\/schema\/person\/2b1cf3cd81a31e3cd26889ca66d677f1\",\"name\":\"cfeditorfr\"}]}<\/script>\n<!-- \/ Yoast SEO Premium plugin. -->","yoast_head_json":{"title":"Voici pourquoi le PDCI, le PPA-CI et l'UDPCI soutiennent la candidature d'Adama Bictogo - C\u00f4te d&#039;Ivoire","description":"Doho Simon , porte-parole des D\u00e9put\u00e9s de l\u2019opposition (Ph) Le PDCI, le PPA-CI et l\u2019UDPCI ont dans une d\u00e9claration commu ...","robots":{"index":"index","follow":"follow","max-snippet":"max-snippet:-1","max-image-preview":"max-image-preview:large","max-video-preview":"max-video-preview:-1"},"canonical":"https:\/\/www.africa-press.net\/cotedivoire\/politique\/voici-pourquoi-le-pdci-le-ppa-ci-et-ludpci-soutiennent-la-candidature-dadama-bictogo","og_locale":"fr_FR","og_type":"article","og_title":"Voici pourquoi le PDCI, le PPA-CI et l'UDPCI soutiennent la candidature d'Adama Bictogo","og_description":"Doho Simon , porte-parole des D\u00e9put\u00e9s de l\u2019opposition (Ph) Le PDCI, le PPA-CI et l\u2019UDPCI ont dans une d\u00e9claration commu ...","og_url":"https:\/\/www.africa-press.net\/cotedivoire\/politique\/voici-pourquoi-le-pdci-le-ppa-ci-et-ludpci-soutiennent-la-candidature-dadama-bictogo","og_site_name":"C\u00f4te d&#039;Ivoire","article_published_time":"2022-06-07T15:14:22+00:00","article_modified_time":"2022-06-07T15:41:50+00:00","og_image":[{"width":720,"height":525,"url":"https:\/\/static.africa-press.net\/cote\/sites\/43\/2022\/06\/postQueueImg_44-629f71a844553.jpg","type":"image\/jpeg"}],"author":"cfeditorfr","twitter_card":"summary_large_image","twitter_misc":{"\u00c9crit par":"cfeditorfr","Dur\u00e9e de lecture estim\u00e9e":"2 minutes"},"schema":{"@context":"https:\/\/schema.org","@graph":[{"@type":"Article","@id":"https:\/\/www.africa-press.net\/cotedivoire\/politique\/voici-pourquoi-le-pdci-le-ppa-ci-et-ludpci-soutiennent-la-candidature-dadama-bictogo#article","isPartOf":{"@id":"https:\/\/www.africa-press.net\/cotedivoire\/politique\/voici-pourquoi-le-pdci-le-ppa-ci-et-ludpci-soutiennent-la-candidature-dadama-bictogo"},"author":{"name":"cfeditorfr","@id":"https:\/\/www.africa-press.net\/cotedivoire\/#\/schema\/person\/2b1cf3cd81a31e3cd26889ca66d677f1"},"headline":"Voici pourquoi le PDCI, le PPA-CI et l&rsquo;UDPCI soutiennent la candidature d&rsquo;Adama Bictogo","datePublished":"2022-06-07T15:14:22+00:00","dateModified":"2022-06-07T15:41:50+00:00","mainEntityOfPage":{"@id":"https:\/\/www.africa-press.net\/cotedivoire\/politique\/voici-pourquoi-le-pdci-le-ppa-ci-et-ludpci-soutiennent-la-candidature-dadama-bictogo"},"wordCount":455,"commentCount":0,"image":{"@id":"https:\/\/www.africa-press.net\/cotedivoire\/politique\/voici-pourquoi-le-pdci-le-ppa-ci-et-ludpci-soutiennent-la-candidature-dadama-bictogo#primaryimage"},"thumbnailUrl":"https:\/\/static.africa-press.net\/cote\/sites\/43\/2022\/06\/postQueueImg_44-629f71a844553.jpg","keywords":["Adama Bictogo","Africa Press","Africa Press-C\u00f4te d'Ivoire","Assembl\u00e9e nationale","C\u00d4TE D'IVOIRE","Doho Simon","Pdci","PPA-CI","UDPCI"],"articleSection":["homepage-french","Politique","Toutes les actualit\u00e9s"],"inLanguage":"fr-FR","potentialAction":[{"@type":"CommentAction","name":"Comment","target":["https:\/\/www.africa-press.net\/cotedivoire\/politique\/voici-pourquoi-le-pdci-le-ppa-ci-et-ludpci-soutiennent-la-candidature-dadama-bictogo#respond"]}]},{"@type":"WebPage","@id":"https:\/\/www.africa-press.net\/cotedivoire\/politique\/voici-pourquoi-le-pdci-le-ppa-ci-et-ludpci-soutiennent-la-candidature-dadama-bictogo","url":"https:\/\/www.africa-press.net\/cotedivoire\/politique\/voici-pourquoi-le-pdci-le-ppa-ci-et-ludpci-soutiennent-la-candidature-dadama-bictogo","name":"Voici pourquoi le PDCI, le PPA-CI et l'UDPCI soutiennent la candidature d'Adama Bictogo - C\u00f4te d&#039;Ivoire","isPartOf":{"@id":"https:\/\/www.africa-press.net\/cotedivoire\/#website"},"primaryImageOfPage":{"@id":"https:\/\/www.africa-press.net\/cotedivoire\/politique\/voici-pourquoi-le-pdci-le-ppa-ci-et-ludpci-soutiennent-la-candidature-dadama-bictogo#primaryimage"},"image":{"@id":"https:\/\/www.africa-press.net\/cotedivoire\/politique\/voici-pourquoi-le-pdci-le-ppa-ci-et-ludpci-soutiennent-la-candidature-dadama-bictogo#primaryimage"},"thumbnailUrl":"https:\/\/static.africa-press.net\/cote\/sites\/43\/2022\/06\/postQueueImg_44-629f71a844553.jpg","datePublished":"2022-06-07T15:14:22+00:00","dateModified":"2022-06-07T15:41:50+00:00","author":{"@id":"https:\/\/www.africa-press.net\/cotedivoire\/#\/schema\/person\/2b1cf3cd81a31e3cd26889ca66d677f1"},"description":"Doho Simon , porte-parole des D\u00e9put\u00e9s de l\u2019opposition (Ph) Le PDCI, le PPA-CI et l\u2019UDPCI ont dans une d\u00e9claration commu ...","breadcrumb":{"@id":"https:\/\/www.africa-press.net\/cotedivoire\/politique\/voici-pourquoi-le-pdci-le-ppa-ci-et-ludpci-soutiennent-la-candidature-dadama-bictogo#breadcrumb"},"inLanguage":"fr-FR","potentialAction":[{"@type":"ReadAction","target":["https:\/\/www.africa-press.net\/cotedivoire\/politique\/voici-pourquoi-le-pdci-le-ppa-ci-et-ludpci-soutiennent-la-candidature-dadama-bictogo"]}]},{"@type":"ImageObject","inLanguage":"fr-FR","@id":"https:\/\/www.africa-press.net\/cotedivoire\/politique\/voici-pourquoi-le-pdci-le-ppa-ci-et-ludpci-soutiennent-la-candidature-dadama-bictogo#primaryimage","url":"https:\/\/static.africa-press.net\/cote\/sites\/43\/2022\/06\/postQueueImg_44-629f71a844553.jpg","contentUrl":"https:\/\/static.africa-press.net\/cote\/sites\/43\/2022\/06\/postQueueImg_44-629f71a844553.jpg","width":720,"height":525,"caption":"Voici pourquoi le PDCI, le PPA-CI et l'UDPCI soutiennent la candidature d'Adama Bictogo"},{"@type":"BreadcrumbList","@id":"https:\/\/www.africa-press.net\/cotedivoire\/politique\/voici-pourquoi-le-pdci-le-ppa-ci-et-ludpci-soutiennent-la-candidature-dadama-bictogo#breadcrumb","itemListElement":[{"@type":"ListItem","position":1,"name":"Accueil","item":"https:\/\/www.africa-press.net\/cotedivoire\/"},{"@type":"ListItem","position":2,"name":"Voici pourquoi le PDCI, le PPA-CI et l&#8217;UDPCI soutiennent la candidature d&#8217;Adama Bictogo"}]},{"@type":"WebSite","@id":"https:\/\/www.africa-press.net\/cotedivoire\/#website","url":"https:\/\/www.africa-press.net\/cotedivoire\/","name":"C\u00f4te d&#039;Ivoire","description":"Just another Africa News Agency Sites site","potentialAction":[{"@type":"SearchAction","target":{"@type":"EntryPoint","urlTemplate":"https:\/\/www.africa-press.net\/cotedivoire\/?s={search_term_string}"},"query-input":{"@type":"PropertyValueSpecification","valueRequired":true,"valueName":"search_term_string"}}],"inLanguage":"fr-FR"},{"@type":"Person","@id":"https:\/\/www.africa-press.net\/cotedivoire\/#\/schema\/person\/2b1cf3cd81a31e3cd26889ca66d677f1","name":"cfeditorfr"}]}},"_links":{"self":[{"href":"https:\/\/www.africa-press.net\/cotedivoire\/wp-json\/wp\/v2\/posts\/37575","targetHints":{"allow":["GET"]}}],"collection":[{"href":"https:\/\/www.africa-press.net\/cotedivoire\/wp-json\/wp\/v2\/posts"}],"about":[{"href":"https:\/\/www.africa-press.net\/cotedivoire\/wp-json\/wp\/v2\/types\/post"}],"author":[{"embeddable":true,"href":"https:\/\/www.africa-press.net\/cotedivoire\/wp-json\/wp\/v2\/users\/82"}],"replies":[{"embeddable":true,"href":"https:\/\/www.africa-press.net\/cotedivoire\/wp-json\/wp\/v2\/comments?post=37575"}],"version-history":[{"count":0,"href":"https:\/\/www.africa-press.net\/cotedivoire\/wp-json\/wp\/v2\/posts\/37575\/revisions"}],"wp:featuredmedia":[{"embeddable":true,"href":"https:\/\/www.africa-press.net\/cotedivoire\/wp-json\/wp\/v2\/media\/37574"}],"wp:attachment":[{"href":"https:\/\/www.africa-press.net\/cotedivoire\/wp-json\/wp\/v2\/media?parent=37575"}],"wp:term":[{"taxonomy":"category","embeddable":true,"href":"https:\/\/www.africa-press.net\/cotedivoire\/wp-json\/wp\/v2\/categories?post=37575"},{"taxonomy":"post_tag","embeddable":true,"href":"https:\/\/www.africa-press.net\/cotedivoire\/wp-json\/wp\/v2\/tags?post=37575"}],"curies":[{"name":"wp","href":"https:\/\/api.w.org\/{rel}","templated":true}]}}