{"id":37650,"date":"2022-06-08T09:08:35","date_gmt":"2022-06-08T09:08:35","guid":{"rendered":"https:\/\/www.africa-press.net\/cotedivoire\/politique\/adama-bictogo-elu-president-de-lassemblee-nationale"},"modified":"2022-06-08T10:03:52","modified_gmt":"2022-06-08T10:03:52","slug":"adama-bictogo-elu-president-de-lassemblee-nationale","status":"publish","type":"post","link":"https:\/\/www.africa-press.net\/cotedivoire\/politique\/adama-bictogo-elu-president-de-lassemblee-nationale","title":{"rendered":"Adama Bictogo \u00e9lu Pr\u00e9sident de l&rsquo;Assembl\u00e9e Nationale"},"content":{"rendered":"<p><span style=\"color: #ff6600\"><strong>Africa-Press &#8211; C\u00f4te d&rsquo;Ivoire. <\/strong><\/span><b> <\/b>Adama Bictogo, candidat du RHDP a \u00e9t\u00e9 \u00e9lu ce jour Pr\u00e9sident de l&rsquo;Assembl\u00e9e nationale en pr\u00e9sence d&rsquo;un parterre d&rsquo;invit\u00e9s dont le Premier ministre et plusieurs membres du Gouvernement, sans oublier le corps diplomatique accr\u00e9dit\u00e9 en C\u00f4te d&rsquo;Ivoire. Il succ\u00e8de ainsi \u00e0 feu Amadou Soumahoro d\u00e9c\u00e9d\u00e9 le 7 mai 2022.<\/p>\n<p>La surprise n&rsquo;a pas eu lieu le candidat Amankou Jean-Michel d\u00e9put\u00e9 d&rsquo;Agnibilekro Sous-pr\u00e9fecture sorti des rangs du PDCI n&rsquo;a pas fait le poids devant celui de la coalition au pouvoir. Il a \u00e9t\u00e9 lamin\u00e9 par son adversaire par le score de 235 contre 6 \u00e0 l&rsquo;occasion de la s\u00e9ance pl\u00e9ni\u00e8re consacr\u00e9e \u00e0 l&rsquo;\u00e9lection du nouveau pr\u00e9sident de l&rsquo;Assembl\u00e9e nationale.<\/p>\n<p>Cliquez pour agrandir l&rsquo;image<\/p>\n<p>C&rsquo;est dans une ambiance de f\u00eate que cette \u00e9lection s&rsquo;est tenue \u00e0 l&rsquo;h\u00e9micycle en pr\u00e9sence de 246 d\u00e9put\u00e9s sur les 252 si\u00e9geant \u00e0 l&rsquo;Assembl\u00e9e nationale. Il faut noter qu&rsquo;apr\u00e8s sa d\u00e9faite, le candidat Amankou Jean-Michel a f\u00e9licit\u00e9 le pr\u00e9sident fra\u00eechement \u00e9lu.<\/p>\n<p>Avant le scrutin, le Secr\u00e9taire g\u00e9n\u00e9ral de l&rsquo;institution a expliqu\u00e9 le processus \u00e9lectoral qui comprend plusieurs \u00e9tapes. Il s&rsquo;agit de la d\u00e9signation des candidats, de leur pr\u00e9sentation, de l&rsquo;intervention des pr\u00e9sidents des groupes parlementaires.<\/p>\n<p>Deux candidatures ont \u00e9t\u00e9 retenues pour le vote. Il s&rsquo;agit de Amankou Jean-Michel, d\u00e9put\u00e9 de la Sous-pr\u00e9fecture d&rsquo;Agnibilekro et Adama Bictogo, d\u00e9put\u00e9 de la Sous-pr\u00e9fecture d&rsquo;Agboville.<\/p>\n<p>Amankou Jean-Michel, donnant les motivations de sa candidature a d\u00e9clar\u00e9 qu&rsquo;il conduira une fois \u00e9lu au perchoir une s\u00e9rie de r\u00e9formes salvatrice, notamment la cr\u00e9ation d&rsquo;une direction scientifique, la cr\u00e9ation d&rsquo;une v\u00e9ritable biblioth\u00e8que parlementaire, la mise en place d&rsquo;un budget parlementaire pour tous les groupes amis.<\/p>\n<p>Le jeune d\u00e9put\u00e9 de 48 ans promet toucher les questions qui touchent la nation. Il a cit\u00e9 entre autres l&rsquo;arr\u00eat des poursuites judiciaires contre les personnalit\u00e9s politiques lors des \u00e9lections de 2020. Le D\u00e9put\u00e9 d&rsquo;Agnibilekro a indiqu\u00e9 qu&rsquo;il plaidera pour un retour facilit\u00e9 et n\u00e9goci\u00e9 de l&rsquo;ancien pr\u00e9sident de l&rsquo;Assembl\u00e9e nationale, Guillaume Soro.<\/p>\n<p>Au nom du candidat, Adama Bictogo, son Directeur de campagne, Fregbo Basile a appel\u00e9 les d\u00e9put\u00e9s \u00e0 voter pour son candidat parce que c&rsquo;est un grand manager et il a de l&rsquo;exp\u00e9rience.<\/p>\n<p>Une seule intervention a pr\u00e9c\u00e9d\u00e9 l&rsquo;\u00e9lection, celle du groupe parlementaire de l&rsquo;opposition compos\u00e9 des d\u00e9put\u00e9s EDS, UDPCI et PDCI-RDA. Ils ont appel\u00e9 leurs d\u00e9put\u00e9s de voter oui pour le candidat du RHDP et pour la C\u00f4te d&rsquo;Ivoire.<\/p>\n<p>\u00ab Nous appelons \u00e0 voter oui pour le candidat du RHDP en remplacement de l&rsquo;ancien Pr\u00e9sident, Amadou Soumahoro, \u00e9galement membre du RHDP, d\u00e9c\u00e9d\u00e9.<\/p>\n<p>Les premiers mots de pardon personnel exprim\u00e9s par le Ministre Adama Bictogo \u00e0 l&rsquo;ensemble de l&rsquo;opposition pendant les \u00e9changes avec tous les groupes ainsi que les premiers signaux d&rsquo;une dynamique nouvelle au service de la d\u00e9mocratie augurent d&rsquo;une future contribution positive de l&rsquo;Assembl\u00e9e nationale au processus de r\u00e9conciliation qui s&rsquo;engage avec Foi. Nous voulons lui donner notre confiance. Demain, la C\u00f4te d&rsquo;Ivoire s&rsquo;\u00e9veillera et les g\u00e9n\u00e9rations futures nous seront reconnaissantes d&rsquo;avoir saisi l&rsquo;occasion du vote exceptionnel de ce jour pour d\u00e9cider de marquer notre volont\u00e9 de tracer ensemble le Chemin de la C\u00f4te fraternelle et prosp\u00e8re. L&rsquo;Histoire retiendra que le PDCI-RDA, le PPA-CI et l&rsquo;UDPCI ont donn\u00e9 leur confiance au Pr\u00e9sident de la R\u00e9publique pour initier v\u00e9ritablement la R\u00e9conciliation et l&rsquo;acc\u00e9l\u00e9rer. Alors la C\u00f4te d&rsquo;Ivoire dira fi\u00e8rement comme les autres nations&#8230; La douleur m&rsquo;a bris\u00e9e, la fraternit\u00e9 m&rsquo;a relev\u00e9e et de mes blessures a jailli un fleuve de libert\u00e9 \u00bb, a expliqu\u00e9, Doh Simon, au nom des d\u00e9put\u00e9s des groupes parlementaires de l&rsquo;opposition.<\/p>\n<p>Cette d\u00e9claration n&rsquo;a pas \u00e9t\u00e9 du go\u00fbt du candidat Amankou Jean-Michel qui estime qu&rsquo;en appelant \u00e0 voter pour un candidat, les groupes parlementaires de l&rsquo;opposition mettent en mal, la d\u00e9mocratie.<\/p>\n<p>A l&rsquo;entame de cette s\u00e9ance pl\u00e9ni\u00e8re, Amy Toungara doyenne des d\u00e9put\u00e9s assurant l&rsquo;int\u00e9rim du d\u00e9funt Pr\u00e9sident a rendu hommage \u00e0 l&rsquo;illustre disparu qui selon elle a eu le m\u00e9rite d&rsquo;avoir men\u00e9 un combat franc en dotant les d\u00e9put\u00e9s et les s\u00e9nateurs d&rsquo;une loi leur permettant de vivre d\u00e9cemment.<\/p>\n<p>Enfin, avec l&rsquo;\u00e9lection de Bictogo \u00e0 la t\u00eate de l&rsquo;institution, il devient le 10e pr\u00e9sident de l&rsquo;Assembl\u00e9e nationale. 248 bulletins de contr\u00f4le ont \u00e9t\u00e9 enregistr\u00e9s ainsi que 248 signatures.<\/p>\n<p><strong>Pour plus d&rsquo;informations et d&rsquo;analyses sur la <a href=\"https:\/\/www.africa-press.net\/cotedivoire\">C\u00f4te d&rsquo;Ivoire<\/a>, suivez <a href=\"https:\/\/www.africa-press.net\/\">Africa-Press<\/a><\/strong><\/p>\n","protected":false},"excerpt":{"rendered":"<p>Africa-Press &#8211; C\u00f4te d&rsquo;Ivoire. Adama Bictogo, candidat du RHDP a \u00e9t\u00e9 \u00e9lu ce jour Pr\u00e9sident de l&rsquo;Assembl\u00e9e nationale en pr\u00e9sence d&rsquo;un parterre d&rsquo;invit\u00e9s dont le Premier ministre et plusieurs membres du Gouvernement, sans oublier le corps diplomatique accr\u00e9dit\u00e9 en C\u00f4te d&rsquo;Ivoire. Il succ\u00e8de ainsi \u00e0 feu Amadou Soumahoro d\u00e9c\u00e9d\u00e9 le 7 mai 2022. La surprise [&hellip;]<\/p>\n","protected":false},"author":82,"featured_media":37649,"comment_status":"open","ping_status":"closed","sticky":false,"template":"","format":"standard","meta":{"footnotes":""},"categories":[11,2,10],"tags":[1265,56,63,29],"class_list":["post-37650","post","type-post","status-publish","format-standard","has-post-thumbnail","hentry","category-homepage-french","category-politique","category-toutes-les-actualites","tag-adama-bictogo","tag-africa-press","tag-africa-press-cote-divoire","tag-cote-divoire"],"yoast_head":"<!-- This site is optimized with the Yoast SEO Premium plugin v26.1 (Yoast SEO v27.0) - https:\/\/yoast.com\/product\/yoast-seo-premium-wordpress\/ -->\n<title>Adama Bictogo \u00e9lu Pr\u00e9sident de l&#039;Assembl\u00e9e Nationale - C\u00f4te d&#039;Ivoire<\/title>\n<meta name=\"description\" content=\"Adama Bictogo, candidat du RHDP a \u00e9t\u00e9 \u00e9lu ce jour Pr\u00e9sident de l&#039;Assembl\u00e9e nationale en pr\u00e9sence d&#039;un parterre d ...\" \/>\n<meta name=\"robots\" content=\"index, follow, max-snippet:-1, max-image-preview:large, max-video-preview:-1\" \/>\n<link rel=\"canonical\" href=\"https:\/\/www.africa-press.net\/cotedivoire\/politique\/adama-bictogo-elu-president-de-lassemblee-nationale\" \/>\n<meta property=\"og:locale\" content=\"fr_FR\" \/>\n<meta property=\"og:type\" content=\"article\" \/>\n<meta property=\"og:title\" content=\"Adama Bictogo \u00e9lu Pr\u00e9sident de l&#039;Assembl\u00e9e Nationale\" \/>\n<meta property=\"og:description\" content=\"Adama Bictogo, candidat du RHDP a \u00e9t\u00e9 \u00e9lu ce jour Pr\u00e9sident de l&#039;Assembl\u00e9e nationale en pr\u00e9sence d&#039;un parterre d ...\" \/>\n<meta property=\"og:url\" content=\"https:\/\/www.africa-press.net\/cotedivoire\/politique\/adama-bictogo-elu-president-de-lassemblee-nationale\" \/>\n<meta property=\"og:site_name\" content=\"C\u00f4te d&#039;Ivoire\" \/>\n<meta property=\"article:published_time\" content=\"2022-06-08T09:08:35+00:00\" \/>\n<meta property=\"article:modified_time\" content=\"2022-06-08T10:03:52+00:00\" \/>\n<meta property=\"og:image\" content=\"https:\/\/static.africa-press.net\/cote\/sites\/43\/2022\/06\/postQueueImg_13-62a073f84899f.jpg\" \/>\n\t<meta property=\"og:image:width\" content=\"720\" \/>\n\t<meta property=\"og:image:height\" content=\"338\" \/>\n\t<meta property=\"og:image:type\" content=\"image\/jpeg\" \/>\n<meta name=\"author\" content=\"cfeditorfr\" \/>\n<meta name=\"twitter:card\" content=\"summary_large_image\" \/>\n<meta name=\"twitter:label1\" content=\"\u00c9crit par\" \/>\n\t<meta name=\"twitter:data1\" content=\"cfeditorfr\" \/>\n\t<meta name=\"twitter:label2\" content=\"Dur\u00e9e de lecture estim\u00e9e\" \/>\n\t<meta name=\"twitter:data2\" content=\"4 minutes\" \/>\n<script type=\"application\/ld+json\" class=\"yoast-schema-graph\">{\"@context\":\"https:\/\/schema.org\",\"@graph\":[{\"@type\":\"Article\",\"@id\":\"https:\/\/www.africa-press.net\/cotedivoire\/politique\/adama-bictogo-elu-president-de-lassemblee-nationale#article\",\"isPartOf\":{\"@id\":\"https:\/\/www.africa-press.net\/cotedivoire\/politique\/adama-bictogo-elu-president-de-lassemblee-nationale\"},\"author\":{\"name\":\"cfeditorfr\",\"@id\":\"https:\/\/www.africa-press.net\/cotedivoire\/#\/schema\/person\/2b1cf3cd81a31e3cd26889ca66d677f1\"},\"headline\":\"Adama Bictogo \u00e9lu Pr\u00e9sident de l&rsquo;Assembl\u00e9e Nationale\",\"datePublished\":\"2022-06-08T09:08:35+00:00\",\"dateModified\":\"2022-06-08T10:03:52+00:00\",\"mainEntityOfPage\":{\"@id\":\"https:\/\/www.africa-press.net\/cotedivoire\/politique\/adama-bictogo-elu-president-de-lassemblee-nationale\"},\"wordCount\":856,\"commentCount\":0,\"image\":{\"@id\":\"https:\/\/www.africa-press.net\/cotedivoire\/politique\/adama-bictogo-elu-president-de-lassemblee-nationale#primaryimage\"},\"thumbnailUrl\":\"https:\/\/static.africa-press.net\/cote\/sites\/43\/2022\/06\/postQueueImg_13-62a073f84899f.jpg\",\"keywords\":[\"Adama Bictogo\",\"Africa Press\",\"Africa Press-C\u00f4te d'Ivoire\",\"C\u00d4TE D'IVOIRE\"],\"articleSection\":[\"homepage-french\",\"Politique\",\"Toutes les actualit\u00e9s\"],\"inLanguage\":\"fr-FR\",\"potentialAction\":[{\"@type\":\"CommentAction\",\"name\":\"Comment\",\"target\":[\"https:\/\/www.africa-press.net\/cotedivoire\/politique\/adama-bictogo-elu-president-de-lassemblee-nationale#respond\"]}]},{\"@type\":\"WebPage\",\"@id\":\"https:\/\/www.africa-press.net\/cotedivoire\/politique\/adama-bictogo-elu-president-de-lassemblee-nationale\",\"url\":\"https:\/\/www.africa-press.net\/cotedivoire\/politique\/adama-bictogo-elu-president-de-lassemblee-nationale\",\"name\":\"Adama Bictogo \u00e9lu Pr\u00e9sident de l'Assembl\u00e9e Nationale - C\u00f4te d&#039;Ivoire\",\"isPartOf\":{\"@id\":\"https:\/\/www.africa-press.net\/cotedivoire\/#website\"},\"primaryImageOfPage\":{\"@id\":\"https:\/\/www.africa-press.net\/cotedivoire\/politique\/adama-bictogo-elu-president-de-lassemblee-nationale#primaryimage\"},\"image\":{\"@id\":\"https:\/\/www.africa-press.net\/cotedivoire\/politique\/adama-bictogo-elu-president-de-lassemblee-nationale#primaryimage\"},\"thumbnailUrl\":\"https:\/\/static.africa-press.net\/cote\/sites\/43\/2022\/06\/postQueueImg_13-62a073f84899f.jpg\",\"datePublished\":\"2022-06-08T09:08:35+00:00\",\"dateModified\":\"2022-06-08T10:03:52+00:00\",\"author\":{\"@id\":\"https:\/\/www.africa-press.net\/cotedivoire\/#\/schema\/person\/2b1cf3cd81a31e3cd26889ca66d677f1\"},\"description\":\"Adama Bictogo, candidat du RHDP a \u00e9t\u00e9 \u00e9lu ce jour Pr\u00e9sident de l'Assembl\u00e9e nationale en pr\u00e9sence d'un parterre d ...\",\"breadcrumb\":{\"@id\":\"https:\/\/www.africa-press.net\/cotedivoire\/politique\/adama-bictogo-elu-president-de-lassemblee-nationale#breadcrumb\"},\"inLanguage\":\"fr-FR\",\"potentialAction\":[{\"@type\":\"ReadAction\",\"target\":[\"https:\/\/www.africa-press.net\/cotedivoire\/politique\/adama-bictogo-elu-president-de-lassemblee-nationale\"]}]},{\"@type\":\"ImageObject\",\"inLanguage\":\"fr-FR\",\"@id\":\"https:\/\/www.africa-press.net\/cotedivoire\/politique\/adama-bictogo-elu-president-de-lassemblee-nationale#primaryimage\",\"url\":\"https:\/\/static.africa-press.net\/cote\/sites\/43\/2022\/06\/postQueueImg_13-62a073f84899f.jpg\",\"contentUrl\":\"https:\/\/static.africa-press.net\/cote\/sites\/43\/2022\/06\/postQueueImg_13-62a073f84899f.jpg\",\"width\":720,\"height\":338,\"caption\":\"Adama Bictogo \u00e9lu Pr\u00e9sident de l'Assembl\u00e9e Nationale\"},{\"@type\":\"BreadcrumbList\",\"@id\":\"https:\/\/www.africa-press.net\/cotedivoire\/politique\/adama-bictogo-elu-president-de-lassemblee-nationale#breadcrumb\",\"itemListElement\":[{\"@type\":\"ListItem\",\"position\":1,\"name\":\"Accueil\",\"item\":\"https:\/\/www.africa-press.net\/cotedivoire\/\"},{\"@type\":\"ListItem\",\"position\":2,\"name\":\"Adama Bictogo \u00e9lu Pr\u00e9sident de l&#8217;Assembl\u00e9e Nationale\"}]},{\"@type\":\"WebSite\",\"@id\":\"https:\/\/www.africa-press.net\/cotedivoire\/#website\",\"url\":\"https:\/\/www.africa-press.net\/cotedivoire\/\",\"name\":\"C\u00f4te d&#039;Ivoire\",\"description\":\"Just another Africa News Agency Sites site\",\"potentialAction\":[{\"@type\":\"SearchAction\",\"target\":{\"@type\":\"EntryPoint\",\"urlTemplate\":\"https:\/\/www.africa-press.net\/cotedivoire\/?s={search_term_string}\"},\"query-input\":{\"@type\":\"PropertyValueSpecification\",\"valueRequired\":true,\"valueName\":\"search_term_string\"}}],\"inLanguage\":\"fr-FR\"},{\"@type\":\"Person\",\"@id\":\"https:\/\/www.africa-press.net\/cotedivoire\/#\/schema\/person\/2b1cf3cd81a31e3cd26889ca66d677f1\",\"name\":\"cfeditorfr\"}]}<\/script>\n<!-- \/ Yoast SEO Premium plugin. -->","yoast_head_json":{"title":"Adama Bictogo \u00e9lu Pr\u00e9sident de l'Assembl\u00e9e Nationale - C\u00f4te d&#039;Ivoire","description":"Adama Bictogo, candidat du RHDP a \u00e9t\u00e9 \u00e9lu ce jour Pr\u00e9sident de l'Assembl\u00e9e nationale en pr\u00e9sence d'un parterre d ...","robots":{"index":"index","follow":"follow","max-snippet":"max-snippet:-1","max-image-preview":"max-image-preview:large","max-video-preview":"max-video-preview:-1"},"canonical":"https:\/\/www.africa-press.net\/cotedivoire\/politique\/adama-bictogo-elu-president-de-lassemblee-nationale","og_locale":"fr_FR","og_type":"article","og_title":"Adama Bictogo \u00e9lu Pr\u00e9sident de l'Assembl\u00e9e Nationale","og_description":"Adama Bictogo, candidat du RHDP a \u00e9t\u00e9 \u00e9lu ce jour Pr\u00e9sident de l'Assembl\u00e9e nationale en pr\u00e9sence d'un parterre d ...","og_url":"https:\/\/www.africa-press.net\/cotedivoire\/politique\/adama-bictogo-elu-president-de-lassemblee-nationale","og_site_name":"C\u00f4te d&#039;Ivoire","article_published_time":"2022-06-08T09:08:35+00:00","article_modified_time":"2022-06-08T10:03:52+00:00","og_image":[{"width":720,"height":338,"url":"https:\/\/static.africa-press.net\/cote\/sites\/43\/2022\/06\/postQueueImg_13-62a073f84899f.jpg","type":"image\/jpeg"}],"author":"cfeditorfr","twitter_card":"summary_large_image","twitter_misc":{"\u00c9crit par":"cfeditorfr","Dur\u00e9e de lecture estim\u00e9e":"4 minutes"},"schema":{"@context":"https:\/\/schema.org","@graph":[{"@type":"Article","@id":"https:\/\/www.africa-press.net\/cotedivoire\/politique\/adama-bictogo-elu-president-de-lassemblee-nationale#article","isPartOf":{"@id":"https:\/\/www.africa-press.net\/cotedivoire\/politique\/adama-bictogo-elu-president-de-lassemblee-nationale"},"author":{"name":"cfeditorfr","@id":"https:\/\/www.africa-press.net\/cotedivoire\/#\/schema\/person\/2b1cf3cd81a31e3cd26889ca66d677f1"},"headline":"Adama Bictogo \u00e9lu Pr\u00e9sident de l&rsquo;Assembl\u00e9e Nationale","datePublished":"2022-06-08T09:08:35+00:00","dateModified":"2022-06-08T10:03:52+00:00","mainEntityOfPage":{"@id":"https:\/\/www.africa-press.net\/cotedivoire\/politique\/adama-bictogo-elu-president-de-lassemblee-nationale"},"wordCount":856,"commentCount":0,"image":{"@id":"https:\/\/www.africa-press.net\/cotedivoire\/politique\/adama-bictogo-elu-president-de-lassemblee-nationale#primaryimage"},"thumbnailUrl":"https:\/\/static.africa-press.net\/cote\/sites\/43\/2022\/06\/postQueueImg_13-62a073f84899f.jpg","keywords":["Adama Bictogo","Africa Press","Africa Press-C\u00f4te d'Ivoire","C\u00d4TE D'IVOIRE"],"articleSection":["homepage-french","Politique","Toutes les actualit\u00e9s"],"inLanguage":"fr-FR","potentialAction":[{"@type":"CommentAction","name":"Comment","target":["https:\/\/www.africa-press.net\/cotedivoire\/politique\/adama-bictogo-elu-president-de-lassemblee-nationale#respond"]}]},{"@type":"WebPage","@id":"https:\/\/www.africa-press.net\/cotedivoire\/politique\/adama-bictogo-elu-president-de-lassemblee-nationale","url":"https:\/\/www.africa-press.net\/cotedivoire\/politique\/adama-bictogo-elu-president-de-lassemblee-nationale","name":"Adama Bictogo \u00e9lu Pr\u00e9sident de l'Assembl\u00e9e Nationale - C\u00f4te d&#039;Ivoire","isPartOf":{"@id":"https:\/\/www.africa-press.net\/cotedivoire\/#website"},"primaryImageOfPage":{"@id":"https:\/\/www.africa-press.net\/cotedivoire\/politique\/adama-bictogo-elu-president-de-lassemblee-nationale#primaryimage"},"image":{"@id":"https:\/\/www.africa-press.net\/cotedivoire\/politique\/adama-bictogo-elu-president-de-lassemblee-nationale#primaryimage"},"thumbnailUrl":"https:\/\/static.africa-press.net\/cote\/sites\/43\/2022\/06\/postQueueImg_13-62a073f84899f.jpg","datePublished":"2022-06-08T09:08:35+00:00","dateModified":"2022-06-08T10:03:52+00:00","author":{"@id":"https:\/\/www.africa-press.net\/cotedivoire\/#\/schema\/person\/2b1cf3cd81a31e3cd26889ca66d677f1"},"description":"Adama Bictogo, candidat du RHDP a \u00e9t\u00e9 \u00e9lu ce jour Pr\u00e9sident de l'Assembl\u00e9e nationale en pr\u00e9sence d'un parterre d ...","breadcrumb":{"@id":"https:\/\/www.africa-press.net\/cotedivoire\/politique\/adama-bictogo-elu-president-de-lassemblee-nationale#breadcrumb"},"inLanguage":"fr-FR","potentialAction":[{"@type":"ReadAction","target":["https:\/\/www.africa-press.net\/cotedivoire\/politique\/adama-bictogo-elu-president-de-lassemblee-nationale"]}]},{"@type":"ImageObject","inLanguage":"fr-FR","@id":"https:\/\/www.africa-press.net\/cotedivoire\/politique\/adama-bictogo-elu-president-de-lassemblee-nationale#primaryimage","url":"https:\/\/static.africa-press.net\/cote\/sites\/43\/2022\/06\/postQueueImg_13-62a073f84899f.jpg","contentUrl":"https:\/\/static.africa-press.net\/cote\/sites\/43\/2022\/06\/postQueueImg_13-62a073f84899f.jpg","width":720,"height":338,"caption":"Adama Bictogo \u00e9lu Pr\u00e9sident de l'Assembl\u00e9e Nationale"},{"@type":"BreadcrumbList","@id":"https:\/\/www.africa-press.net\/cotedivoire\/politique\/adama-bictogo-elu-president-de-lassemblee-nationale#breadcrumb","itemListElement":[{"@type":"ListItem","position":1,"name":"Accueil","item":"https:\/\/www.africa-press.net\/cotedivoire\/"},{"@type":"ListItem","position":2,"name":"Adama Bictogo \u00e9lu Pr\u00e9sident de l&#8217;Assembl\u00e9e Nationale"}]},{"@type":"WebSite","@id":"https:\/\/www.africa-press.net\/cotedivoire\/#website","url":"https:\/\/www.africa-press.net\/cotedivoire\/","name":"C\u00f4te d&#039;Ivoire","description":"Just another Africa News Agency Sites site","potentialAction":[{"@type":"SearchAction","target":{"@type":"EntryPoint","urlTemplate":"https:\/\/www.africa-press.net\/cotedivoire\/?s={search_term_string}"},"query-input":{"@type":"PropertyValueSpecification","valueRequired":true,"valueName":"search_term_string"}}],"inLanguage":"fr-FR"},{"@type":"Person","@id":"https:\/\/www.africa-press.net\/cotedivoire\/#\/schema\/person\/2b1cf3cd81a31e3cd26889ca66d677f1","name":"cfeditorfr"}]}},"_links":{"self":[{"href":"https:\/\/www.africa-press.net\/cotedivoire\/wp-json\/wp\/v2\/posts\/37650","targetHints":{"allow":["GET"]}}],"collection":[{"href":"https:\/\/www.africa-press.net\/cotedivoire\/wp-json\/wp\/v2\/posts"}],"about":[{"href":"https:\/\/www.africa-press.net\/cotedivoire\/wp-json\/wp\/v2\/types\/post"}],"author":[{"embeddable":true,"href":"https:\/\/www.africa-press.net\/cotedivoire\/wp-json\/wp\/v2\/users\/82"}],"replies":[{"embeddable":true,"href":"https:\/\/www.africa-press.net\/cotedivoire\/wp-json\/wp\/v2\/comments?post=37650"}],"version-history":[{"count":0,"href":"https:\/\/www.africa-press.net\/cotedivoire\/wp-json\/wp\/v2\/posts\/37650\/revisions"}],"wp:featuredmedia":[{"embeddable":true,"href":"https:\/\/www.africa-press.net\/cotedivoire\/wp-json\/wp\/v2\/media\/37649"}],"wp:attachment":[{"href":"https:\/\/www.africa-press.net\/cotedivoire\/wp-json\/wp\/v2\/media?parent=37650"}],"wp:term":[{"taxonomy":"category","embeddable":true,"href":"https:\/\/www.africa-press.net\/cotedivoire\/wp-json\/wp\/v2\/categories?post=37650"},{"taxonomy":"post_tag","embeddable":true,"href":"https:\/\/www.africa-press.net\/cotedivoire\/wp-json\/wp\/v2\/tags?post=37650"}],"curies":[{"name":"wp","href":"https:\/\/api.w.org\/{rel}","templated":true}]}}