{"id":37656,"date":"2022-06-08T09:09:23","date_gmt":"2022-06-08T09:09:23","guid":{"rendered":"https:\/\/www.africa-press.net\/cotedivoire\/politique\/elu-a-sa-tete-bictogo-sengage-a-moderniser-lassemblee-nationale-en-la-dotant-de-moyens-novateurs-pour-legiferer-efficacement"},"modified":"2022-06-08T10:04:41","modified_gmt":"2022-06-08T10:04:41","slug":"elu-a-sa-tete-bictogo-sengage-a-moderniser-lassemblee-nationale-en-la-dotant-de-moyens-novateurs-pour-legiferer-efficacement","status":"publish","type":"post","link":"https:\/\/www.africa-press.net\/cotedivoire\/politique\/elu-a-sa-tete-bictogo-sengage-a-moderniser-lassemblee-nationale-en-la-dotant-de-moyens-novateurs-pour-legiferer-efficacement","title":{"rendered":"\u00c9lu \u00e0 sa t\u00eate, Bictogo s&rsquo;engage \u00e0 moderniser l&rsquo;Assembl\u00e9e nationale en la dotant de moyens novateurs pour l\u00e9gif\u00e9rer efficacement"},"content":{"rendered":"<p><span style=\"color: #ff6600\"><strong>Africa-Press &#8211; C\u00f4te d&rsquo;Ivoire. <\/strong><\/span><b> <\/b>Adama Bictogo est le 10\u1d49 pr\u00e9sident de l&rsquo;Assembl\u00e9e nationale. Il a \u00e9t\u00e9 \u00e9lu ce jour au cours d&rsquo;une s\u00e9ance pl\u00e9ni\u00e8re de l&rsquo;institution. Il remplace ainsi au perchoir, Feu le Pr\u00e9sident Amadou Soumahoro d\u00e9c\u00e9d\u00e9, le 7 mai 2022.<\/p>\n<p>Lors de sa premi\u00e8re prise de parole, l&rsquo;homme d&rsquo;affaire a rendu hommage \u00e0 la m\u00e9moire de l&rsquo;illustre disparu ainsi qu&rsquo;aux parlementaires qui ont quitt\u00e9s r\u00e9cemment ce monde. Adama Bictogo a exprim\u00e9 sa gratitude \u00e0 l&rsquo;\u00e9gard de Son Excellence Monsieur le Pr\u00e9sident de la R\u00e9publique Alassane Ouattara, Pr\u00e9sident du RHDP qui l&rsquo;a d\u00e9sign\u00e9 comme candidat au poste de Pr\u00e9sident de l&rsquo;Assembl\u00e9e nationale pour le compte du RHDP.<\/p>\n<p>Les groupes parlementaires PDCI-RDA, PPA-CI, UDPCI et RHDP ont appel\u00e9 dans leur ensemble \u00e0 voter pour le candidat Adama Bictogo.<\/p>\n<p>Le Pr\u00e9sident a soutenu que c&rsquo;est un choix qui traduit le consensus qui est un des principes d\u00e9mocratiques et a demand\u00e9 aux pr\u00e9sidents des groupes parlementaires respectifs de bien vouloir transmettre l&rsquo;expression de sa gratitude et ses remerciements aux Pr\u00e9sidents Henri Konan BEDIE du PDCI-RDA ; Laurent GBAGBO du PPA-CI, Albert TOIKEUSSE MABRI Abdallah de l&rsquo;UDPCI ainsi que le Pr\u00e9sident Affi N&rsquo;Guessan du FPI.<\/p>\n<p>Il a pris l&rsquo;engagement de continuer la gestion de l&rsquo;Institution pour la L\u00e9gislature 2021-2025 avec humilit\u00e9 et a rendu hommage appuy\u00e9 \u00e0 tous les anciens Pr\u00e9sidents de l&rsquo;Institution, \u00e0 toutes les hautes personnalit\u00e9s qui ont eu la lourde et rude t\u00e2che d&rsquo;occuper le perchoir de cet auguste Assembl\u00e9e.<\/p>\n<p>Dans l&rsquo;attente de proposer un Plan Strat\u00e9gique qui sera \u00e9labor\u00e9 sous peu, dans lequel sera d\u00e9clin\u00e9e toute sa vision pour une Assembl\u00e9e nationale forte. Adama Bictogo a annonc\u00e9 quelques actions majeures.<\/p>\n<p>Le PDG de Snedai, a promis moderniser l&rsquo;Assembl\u00e9e nationale en la dotant de moyens novateurs en vue de l\u00e9gif\u00e9rer efficacement en accordant une place importante \u00e0 la promotion du e-parlement par le processus de d\u00e9mat\u00e9rialisation et de digitalisation de notre Institution, mettre sur pied un comit\u00e9 ad&rsquo;hoc d&rsquo;\u00e9laboration du Budget de l&rsquo;Assembl\u00e9e nationale au titre de l&rsquo;ann\u00e9e 2023 dans une d\u00e9marche inclusive et participative, cr\u00e9er une commission ad &lsquo;hoc en vue de la r\u00e9vision du R\u00e8glement de l&rsquo;Assembl\u00e9e nationale et de l&rsquo;\u00e9laboration du R\u00e8glement du Congr\u00e8s et op\u00e9rationnaliser les groupes d&rsquo;amiti\u00e9s conform\u00e9ment \u00e0 sa vision de renforcement de la diplomatie parlementaire, en vue du rayonnement de notre Institution tant au plan national qu&rsquo;international.<\/p>\n<p>\u00ab C&rsquo;est dans un esprit de d\u00e9vouement, d&rsquo;engagement pour le travail et surtout d&rsquo;espoir que je voudrais relever le d\u00e9fi de cette pr\u00e9sidence qui m&rsquo;est confi\u00e9e. Je voudrais donc vous engager, nous engager \u00e0 r\u00eaver d&rsquo;une Assembl\u00e9e nationale forte au service du Peuple de C\u00f4te d&rsquo;Ivoire \u00bb, a d\u00e9clar\u00e9, le Pr\u00e9sident de l&rsquo;Assembl\u00e9e nationale.<\/p>\n<p>Il a affirm\u00e9 que le dynamisme de la C\u00f4te d&rsquo;Ivoire sur la sc\u00e8ne internationale se consolide avec la tenue prochaine, le 15 juin 2022 \u00e0 Abidjan, du Groupe Consultatif en vue du financement du Plan National de D\u00e9veloppement (PND 2021-2025).<\/p>\n<p>\u00abMalgr\u00e9 ce dynamisme et ce rayonnement de notre pays, il n&rsquo;en demeure pas moins que l&rsquo;environnement mondial est caract\u00e9ris\u00e9 par la fragilisation de nos \u00e9conomies eu \u00e9gard aux effets n\u00e9fastes de la COVID 19 et de la crise russo-ukrainienne avec son corollaire de hausse des prix des denr\u00e9es alimentaires et de l&rsquo;\u00e9nergie. C&rsquo;est dans ce contexte que nous, Repr\u00e9sentation nationale, dans un \u00e9lan de patriotisme et de sursaut national, devront accompagner le Gouvernement dans la mise en \u0153uvre de toutes les politiques de r\u00e9silience en vue de faire face \u00e0 ces enjeux et d\u00e9fis nouveaux \u00bb, a-t-il ajout\u00e9.<\/p>\n<p>Dans une synergie d&rsquo;action, une compl\u00e9mentarit\u00e9 intelligente entre l&rsquo;Ex\u00e9cutif et le Pouvoir L\u00e9gislatif, le nouveau Pr\u00e9sident de l&rsquo;Assembl\u00e9e nationale a exhort\u00e9 les d\u00e9put\u00e9s \u00e0 s&rsquo;engager pour la transformation \u00e9conomique et sociale de la C\u00f4te d&rsquo;Ivoire dans un climat de dialogue permanent et de Paix, pour l&rsquo;\u00e9mergence d&rsquo;une g\u00e9n\u00e9ration de Champions nationaux afin de hisser, notre pays, \u00e0 l&rsquo;horizon 2030, au rang des pays \u00e0 revenu interm\u00e9diaire de la tranche sup\u00e9rieure.<\/p>\n<p><strong>Pour plus d&rsquo;informations et d&rsquo;analyses sur la <a href=\"https:\/\/www.africa-press.net\/cotedivoire\">C\u00f4te d&rsquo;Ivoire<\/a>, suivez <a href=\"https:\/\/www.africa-press.net\/\">Africa-Press<\/a><\/strong><\/p>\n","protected":false},"excerpt":{"rendered":"<p>Africa-Press &#8211; C\u00f4te d&rsquo;Ivoire. Adama Bictogo est le 10\u1d49 pr\u00e9sident de l&rsquo;Assembl\u00e9e nationale. Il a \u00e9t\u00e9 \u00e9lu ce jour au cours d&rsquo;une s\u00e9ance pl\u00e9ni\u00e8re de l&rsquo;institution. Il remplace ainsi au perchoir, Feu le Pr\u00e9sident Amadou Soumahoro d\u00e9c\u00e9d\u00e9, le 7 mai 2022. Lors de sa premi\u00e8re prise de parole, l&rsquo;homme d&rsquo;affaire a rendu hommage \u00e0 la [&hellip;]<\/p>\n","protected":false},"author":82,"featured_media":37655,"comment_status":"open","ping_status":"closed","sticky":false,"template":"","format":"standard","meta":{"footnotes":""},"categories":[11,2,10],"tags":[1265,56,63,1741,29,6436],"class_list":["post-37656","post","type-post","status-publish","format-standard","has-post-thumbnail","hentry","category-homepage-french","category-politique","category-toutes-les-actualites","tag-adama-bictogo","tag-africa-press","tag-africa-press-cote-divoire","tag-assemblee-nationale","tag-cote-divoire","tag-snedai"],"yoast_head":"<!-- This site is optimized with the Yoast SEO Premium plugin v26.1 (Yoast SEO v27.0) - https:\/\/yoast.com\/product\/yoast-seo-premium-wordpress\/ -->\n<title>\u00c9lu \u00e0 sa t\u00eate, Bictogo s&#039;engage \u00e0 moderniser l&#039;Assembl\u00e9e nationale en la dotant de moyens novateurs pour l\u00e9gif\u00e9rer efficacement - C\u00f4te d&#039;Ivoire<\/title>\n<meta name=\"description\" content=\"Adama Bictogo est le 10\u1d49 pr\u00e9sident de l&#039;Assembl\u00e9e nationale. Il a \u00e9t\u00e9 \u00e9lu ce jour au cours d&#039;une s\u00e9ance pl\u00e9ni\u00e8re ...\" \/>\n<meta name=\"robots\" content=\"index, follow, max-snippet:-1, max-image-preview:large, max-video-preview:-1\" \/>\n<link rel=\"canonical\" href=\"https:\/\/www.africa-press.net\/cotedivoire\/politique\/elu-a-sa-tete-bictogo-sengage-a-moderniser-lassemblee-nationale-en-la-dotant-de-moyens-novateurs-pour-legiferer-efficacement\" \/>\n<meta property=\"og:locale\" content=\"fr_FR\" \/>\n<meta property=\"og:type\" content=\"article\" \/>\n<meta property=\"og:title\" content=\"\u00c9lu \u00e0 sa t\u00eate, Bictogo s&#039;engage \u00e0 moderniser l&#039;Assembl\u00e9e nationale en la dotant de moyens novateurs pour l\u00e9gif\u00e9rer efficacement\" \/>\n<meta property=\"og:description\" content=\"Adama Bictogo est le 10\u1d49 pr\u00e9sident de l&#039;Assembl\u00e9e nationale. Il a \u00e9t\u00e9 \u00e9lu ce jour au cours d&#039;une s\u00e9ance pl\u00e9ni\u00e8re ...\" \/>\n<meta property=\"og:url\" content=\"https:\/\/www.africa-press.net\/cotedivoire\/politique\/elu-a-sa-tete-bictogo-sengage-a-moderniser-lassemblee-nationale-en-la-dotant-de-moyens-novateurs-pour-legiferer-efficacement\" \/>\n<meta property=\"og:site_name\" content=\"C\u00f4te d&#039;Ivoire\" \/>\n<meta property=\"article:published_time\" content=\"2022-06-08T09:09:23+00:00\" \/>\n<meta property=\"article:modified_time\" content=\"2022-06-08T10:04:41+00:00\" \/>\n<meta property=\"og:image\" content=\"https:\/\/static.africa-press.net\/cote\/sites\/43\/2022\/06\/postQueueImg_15-62a074245f7c2.jpg\" \/>\n\t<meta property=\"og:image:width\" content=\"720\" \/>\n\t<meta property=\"og:image:height\" content=\"374\" \/>\n\t<meta property=\"og:image:type\" content=\"image\/jpeg\" \/>\n<meta name=\"author\" content=\"cfeditorfr\" \/>\n<meta name=\"twitter:card\" content=\"summary_large_image\" \/>\n<meta name=\"twitter:label1\" content=\"\u00c9crit par\" \/>\n\t<meta name=\"twitter:data1\" content=\"cfeditorfr\" \/>\n\t<meta name=\"twitter:label2\" content=\"Dur\u00e9e de lecture estim\u00e9e\" \/>\n\t<meta name=\"twitter:data2\" content=\"4 minutes\" \/>\n<script type=\"application\/ld+json\" class=\"yoast-schema-graph\">{\"@context\":\"https:\/\/schema.org\",\"@graph\":[{\"@type\":\"Article\",\"@id\":\"https:\/\/www.africa-press.net\/cotedivoire\/politique\/elu-a-sa-tete-bictogo-sengage-a-moderniser-lassemblee-nationale-en-la-dotant-de-moyens-novateurs-pour-legiferer-efficacement#article\",\"isPartOf\":{\"@id\":\"https:\/\/www.africa-press.net\/cotedivoire\/politique\/elu-a-sa-tete-bictogo-sengage-a-moderniser-lassemblee-nationale-en-la-dotant-de-moyens-novateurs-pour-legiferer-efficacement\"},\"author\":{\"name\":\"cfeditorfr\",\"@id\":\"https:\/\/www.africa-press.net\/cotedivoire\/#\/schema\/person\/2b1cf3cd81a31e3cd26889ca66d677f1\"},\"headline\":\"\u00c9lu \u00e0 sa t\u00eate, Bictogo s&rsquo;engage \u00e0 moderniser l&rsquo;Assembl\u00e9e nationale en la dotant de moyens novateurs pour l\u00e9gif\u00e9rer efficacement\",\"datePublished\":\"2022-06-08T09:09:23+00:00\",\"dateModified\":\"2022-06-08T10:04:41+00:00\",\"mainEntityOfPage\":{\"@id\":\"https:\/\/www.africa-press.net\/cotedivoire\/politique\/elu-a-sa-tete-bictogo-sengage-a-moderniser-lassemblee-nationale-en-la-dotant-de-moyens-novateurs-pour-legiferer-efficacement\"},\"wordCount\":788,\"commentCount\":0,\"image\":{\"@id\":\"https:\/\/www.africa-press.net\/cotedivoire\/politique\/elu-a-sa-tete-bictogo-sengage-a-moderniser-lassemblee-nationale-en-la-dotant-de-moyens-novateurs-pour-legiferer-efficacement#primaryimage\"},\"thumbnailUrl\":\"https:\/\/static.africa-press.net\/cote\/sites\/43\/2022\/06\/postQueueImg_15-62a074245f7c2.jpg\",\"keywords\":[\"Adama Bictogo\",\"Africa Press\",\"Africa Press-C\u00f4te d'Ivoire\",\"Assembl\u00e9e nationale\",\"C\u00d4TE D'IVOIRE\",\"Snedai\"],\"articleSection\":[\"homepage-french\",\"Politique\",\"Toutes les actualit\u00e9s\"],\"inLanguage\":\"fr-FR\",\"potentialAction\":[{\"@type\":\"CommentAction\",\"name\":\"Comment\",\"target\":[\"https:\/\/www.africa-press.net\/cotedivoire\/politique\/elu-a-sa-tete-bictogo-sengage-a-moderniser-lassemblee-nationale-en-la-dotant-de-moyens-novateurs-pour-legiferer-efficacement#respond\"]}]},{\"@type\":\"WebPage\",\"@id\":\"https:\/\/www.africa-press.net\/cotedivoire\/politique\/elu-a-sa-tete-bictogo-sengage-a-moderniser-lassemblee-nationale-en-la-dotant-de-moyens-novateurs-pour-legiferer-efficacement\",\"url\":\"https:\/\/www.africa-press.net\/cotedivoire\/politique\/elu-a-sa-tete-bictogo-sengage-a-moderniser-lassemblee-nationale-en-la-dotant-de-moyens-novateurs-pour-legiferer-efficacement\",\"name\":\"\u00c9lu \u00e0 sa t\u00eate, Bictogo s'engage \u00e0 moderniser l'Assembl\u00e9e nationale en la dotant de moyens novateurs pour l\u00e9gif\u00e9rer efficacement - C\u00f4te d&#039;Ivoire\",\"isPartOf\":{\"@id\":\"https:\/\/www.africa-press.net\/cotedivoire\/#website\"},\"primaryImageOfPage\":{\"@id\":\"https:\/\/www.africa-press.net\/cotedivoire\/politique\/elu-a-sa-tete-bictogo-sengage-a-moderniser-lassemblee-nationale-en-la-dotant-de-moyens-novateurs-pour-legiferer-efficacement#primaryimage\"},\"image\":{\"@id\":\"https:\/\/www.africa-press.net\/cotedivoire\/politique\/elu-a-sa-tete-bictogo-sengage-a-moderniser-lassemblee-nationale-en-la-dotant-de-moyens-novateurs-pour-legiferer-efficacement#primaryimage\"},\"thumbnailUrl\":\"https:\/\/static.africa-press.net\/cote\/sites\/43\/2022\/06\/postQueueImg_15-62a074245f7c2.jpg\",\"datePublished\":\"2022-06-08T09:09:23+00:00\",\"dateModified\":\"2022-06-08T10:04:41+00:00\",\"author\":{\"@id\":\"https:\/\/www.africa-press.net\/cotedivoire\/#\/schema\/person\/2b1cf3cd81a31e3cd26889ca66d677f1\"},\"description\":\"Adama Bictogo est le 10\u1d49 pr\u00e9sident de l'Assembl\u00e9e nationale. Il a \u00e9t\u00e9 \u00e9lu ce jour au cours d'une s\u00e9ance pl\u00e9ni\u00e8re ...\",\"breadcrumb\":{\"@id\":\"https:\/\/www.africa-press.net\/cotedivoire\/politique\/elu-a-sa-tete-bictogo-sengage-a-moderniser-lassemblee-nationale-en-la-dotant-de-moyens-novateurs-pour-legiferer-efficacement#breadcrumb\"},\"inLanguage\":\"fr-FR\",\"potentialAction\":[{\"@type\":\"ReadAction\",\"target\":[\"https:\/\/www.africa-press.net\/cotedivoire\/politique\/elu-a-sa-tete-bictogo-sengage-a-moderniser-lassemblee-nationale-en-la-dotant-de-moyens-novateurs-pour-legiferer-efficacement\"]}]},{\"@type\":\"ImageObject\",\"inLanguage\":\"fr-FR\",\"@id\":\"https:\/\/www.africa-press.net\/cotedivoire\/politique\/elu-a-sa-tete-bictogo-sengage-a-moderniser-lassemblee-nationale-en-la-dotant-de-moyens-novateurs-pour-legiferer-efficacement#primaryimage\",\"url\":\"https:\/\/static.africa-press.net\/cote\/sites\/43\/2022\/06\/postQueueImg_15-62a074245f7c2.jpg\",\"contentUrl\":\"https:\/\/static.africa-press.net\/cote\/sites\/43\/2022\/06\/postQueueImg_15-62a074245f7c2.jpg\",\"width\":720,\"height\":374,\"caption\":\"\u00c9lu \u00e0 sa t\u00eate, Bictogo s'engage \u00e0 moderniser l'Assembl\u00e9e nationale en la dotant de moyens novateurs pour l\u00e9gif\u00e9rer efficacement\"},{\"@type\":\"BreadcrumbList\",\"@id\":\"https:\/\/www.africa-press.net\/cotedivoire\/politique\/elu-a-sa-tete-bictogo-sengage-a-moderniser-lassemblee-nationale-en-la-dotant-de-moyens-novateurs-pour-legiferer-efficacement#breadcrumb\",\"itemListElement\":[{\"@type\":\"ListItem\",\"position\":1,\"name\":\"Accueil\",\"item\":\"https:\/\/www.africa-press.net\/cotedivoire\/\"},{\"@type\":\"ListItem\",\"position\":2,\"name\":\"\u00c9lu \u00e0 sa t\u00eate, Bictogo s&#8217;engage \u00e0 moderniser l&#8217;Assembl\u00e9e nationale en la dotant de moyens novateurs pour l\u00e9gif\u00e9rer efficacement\"}]},{\"@type\":\"WebSite\",\"@id\":\"https:\/\/www.africa-press.net\/cotedivoire\/#website\",\"url\":\"https:\/\/www.africa-press.net\/cotedivoire\/\",\"name\":\"C\u00f4te d&#039;Ivoire\",\"description\":\"Just another Africa News Agency Sites site\",\"potentialAction\":[{\"@type\":\"SearchAction\",\"target\":{\"@type\":\"EntryPoint\",\"urlTemplate\":\"https:\/\/www.africa-press.net\/cotedivoire\/?s={search_term_string}\"},\"query-input\":{\"@type\":\"PropertyValueSpecification\",\"valueRequired\":true,\"valueName\":\"search_term_string\"}}],\"inLanguage\":\"fr-FR\"},{\"@type\":\"Person\",\"@id\":\"https:\/\/www.africa-press.net\/cotedivoire\/#\/schema\/person\/2b1cf3cd81a31e3cd26889ca66d677f1\",\"name\":\"cfeditorfr\"}]}<\/script>\n<!-- \/ Yoast SEO Premium plugin. -->","yoast_head_json":{"title":"\u00c9lu \u00e0 sa t\u00eate, Bictogo s'engage \u00e0 moderniser l'Assembl\u00e9e nationale en la dotant de moyens novateurs pour l\u00e9gif\u00e9rer efficacement - C\u00f4te d&#039;Ivoire","description":"Adama Bictogo est le 10\u1d49 pr\u00e9sident de l'Assembl\u00e9e nationale. Il a \u00e9t\u00e9 \u00e9lu ce jour au cours d'une s\u00e9ance pl\u00e9ni\u00e8re ...","robots":{"index":"index","follow":"follow","max-snippet":"max-snippet:-1","max-image-preview":"max-image-preview:large","max-video-preview":"max-video-preview:-1"},"canonical":"https:\/\/www.africa-press.net\/cotedivoire\/politique\/elu-a-sa-tete-bictogo-sengage-a-moderniser-lassemblee-nationale-en-la-dotant-de-moyens-novateurs-pour-legiferer-efficacement","og_locale":"fr_FR","og_type":"article","og_title":"\u00c9lu \u00e0 sa t\u00eate, Bictogo s'engage \u00e0 moderniser l'Assembl\u00e9e nationale en la dotant de moyens novateurs pour l\u00e9gif\u00e9rer efficacement","og_description":"Adama Bictogo est le 10\u1d49 pr\u00e9sident de l'Assembl\u00e9e nationale. Il a \u00e9t\u00e9 \u00e9lu ce jour au cours d'une s\u00e9ance pl\u00e9ni\u00e8re ...","og_url":"https:\/\/www.africa-press.net\/cotedivoire\/politique\/elu-a-sa-tete-bictogo-sengage-a-moderniser-lassemblee-nationale-en-la-dotant-de-moyens-novateurs-pour-legiferer-efficacement","og_site_name":"C\u00f4te d&#039;Ivoire","article_published_time":"2022-06-08T09:09:23+00:00","article_modified_time":"2022-06-08T10:04:41+00:00","og_image":[{"width":720,"height":374,"url":"https:\/\/static.africa-press.net\/cote\/sites\/43\/2022\/06\/postQueueImg_15-62a074245f7c2.jpg","type":"image\/jpeg"}],"author":"cfeditorfr","twitter_card":"summary_large_image","twitter_misc":{"\u00c9crit par":"cfeditorfr","Dur\u00e9e de lecture estim\u00e9e":"4 minutes"},"schema":{"@context":"https:\/\/schema.org","@graph":[{"@type":"Article","@id":"https:\/\/www.africa-press.net\/cotedivoire\/politique\/elu-a-sa-tete-bictogo-sengage-a-moderniser-lassemblee-nationale-en-la-dotant-de-moyens-novateurs-pour-legiferer-efficacement#article","isPartOf":{"@id":"https:\/\/www.africa-press.net\/cotedivoire\/politique\/elu-a-sa-tete-bictogo-sengage-a-moderniser-lassemblee-nationale-en-la-dotant-de-moyens-novateurs-pour-legiferer-efficacement"},"author":{"name":"cfeditorfr","@id":"https:\/\/www.africa-press.net\/cotedivoire\/#\/schema\/person\/2b1cf3cd81a31e3cd26889ca66d677f1"},"headline":"\u00c9lu \u00e0 sa t\u00eate, Bictogo s&rsquo;engage \u00e0 moderniser l&rsquo;Assembl\u00e9e nationale en la dotant de moyens novateurs pour l\u00e9gif\u00e9rer efficacement","datePublished":"2022-06-08T09:09:23+00:00","dateModified":"2022-06-08T10:04:41+00:00","mainEntityOfPage":{"@id":"https:\/\/www.africa-press.net\/cotedivoire\/politique\/elu-a-sa-tete-bictogo-sengage-a-moderniser-lassemblee-nationale-en-la-dotant-de-moyens-novateurs-pour-legiferer-efficacement"},"wordCount":788,"commentCount":0,"image":{"@id":"https:\/\/www.africa-press.net\/cotedivoire\/politique\/elu-a-sa-tete-bictogo-sengage-a-moderniser-lassemblee-nationale-en-la-dotant-de-moyens-novateurs-pour-legiferer-efficacement#primaryimage"},"thumbnailUrl":"https:\/\/static.africa-press.net\/cote\/sites\/43\/2022\/06\/postQueueImg_15-62a074245f7c2.jpg","keywords":["Adama Bictogo","Africa Press","Africa Press-C\u00f4te d'Ivoire","Assembl\u00e9e nationale","C\u00d4TE D'IVOIRE","Snedai"],"articleSection":["homepage-french","Politique","Toutes les actualit\u00e9s"],"inLanguage":"fr-FR","potentialAction":[{"@type":"CommentAction","name":"Comment","target":["https:\/\/www.africa-press.net\/cotedivoire\/politique\/elu-a-sa-tete-bictogo-sengage-a-moderniser-lassemblee-nationale-en-la-dotant-de-moyens-novateurs-pour-legiferer-efficacement#respond"]}]},{"@type":"WebPage","@id":"https:\/\/www.africa-press.net\/cotedivoire\/politique\/elu-a-sa-tete-bictogo-sengage-a-moderniser-lassemblee-nationale-en-la-dotant-de-moyens-novateurs-pour-legiferer-efficacement","url":"https:\/\/www.africa-press.net\/cotedivoire\/politique\/elu-a-sa-tete-bictogo-sengage-a-moderniser-lassemblee-nationale-en-la-dotant-de-moyens-novateurs-pour-legiferer-efficacement","name":"\u00c9lu \u00e0 sa t\u00eate, Bictogo s'engage \u00e0 moderniser l'Assembl\u00e9e nationale en la dotant de moyens novateurs pour l\u00e9gif\u00e9rer efficacement - C\u00f4te d&#039;Ivoire","isPartOf":{"@id":"https:\/\/www.africa-press.net\/cotedivoire\/#website"},"primaryImageOfPage":{"@id":"https:\/\/www.africa-press.net\/cotedivoire\/politique\/elu-a-sa-tete-bictogo-sengage-a-moderniser-lassemblee-nationale-en-la-dotant-de-moyens-novateurs-pour-legiferer-efficacement#primaryimage"},"image":{"@id":"https:\/\/www.africa-press.net\/cotedivoire\/politique\/elu-a-sa-tete-bictogo-sengage-a-moderniser-lassemblee-nationale-en-la-dotant-de-moyens-novateurs-pour-legiferer-efficacement#primaryimage"},"thumbnailUrl":"https:\/\/static.africa-press.net\/cote\/sites\/43\/2022\/06\/postQueueImg_15-62a074245f7c2.jpg","datePublished":"2022-06-08T09:09:23+00:00","dateModified":"2022-06-08T10:04:41+00:00","author":{"@id":"https:\/\/www.africa-press.net\/cotedivoire\/#\/schema\/person\/2b1cf3cd81a31e3cd26889ca66d677f1"},"description":"Adama Bictogo est le 10\u1d49 pr\u00e9sident de l'Assembl\u00e9e nationale. Il a \u00e9t\u00e9 \u00e9lu ce jour au cours d'une s\u00e9ance pl\u00e9ni\u00e8re ...","breadcrumb":{"@id":"https:\/\/www.africa-press.net\/cotedivoire\/politique\/elu-a-sa-tete-bictogo-sengage-a-moderniser-lassemblee-nationale-en-la-dotant-de-moyens-novateurs-pour-legiferer-efficacement#breadcrumb"},"inLanguage":"fr-FR","potentialAction":[{"@type":"ReadAction","target":["https:\/\/www.africa-press.net\/cotedivoire\/politique\/elu-a-sa-tete-bictogo-sengage-a-moderniser-lassemblee-nationale-en-la-dotant-de-moyens-novateurs-pour-legiferer-efficacement"]}]},{"@type":"ImageObject","inLanguage":"fr-FR","@id":"https:\/\/www.africa-press.net\/cotedivoire\/politique\/elu-a-sa-tete-bictogo-sengage-a-moderniser-lassemblee-nationale-en-la-dotant-de-moyens-novateurs-pour-legiferer-efficacement#primaryimage","url":"https:\/\/static.africa-press.net\/cote\/sites\/43\/2022\/06\/postQueueImg_15-62a074245f7c2.jpg","contentUrl":"https:\/\/static.africa-press.net\/cote\/sites\/43\/2022\/06\/postQueueImg_15-62a074245f7c2.jpg","width":720,"height":374,"caption":"\u00c9lu \u00e0 sa t\u00eate, Bictogo s'engage \u00e0 moderniser l'Assembl\u00e9e nationale en la dotant de moyens novateurs pour l\u00e9gif\u00e9rer efficacement"},{"@type":"BreadcrumbList","@id":"https:\/\/www.africa-press.net\/cotedivoire\/politique\/elu-a-sa-tete-bictogo-sengage-a-moderniser-lassemblee-nationale-en-la-dotant-de-moyens-novateurs-pour-legiferer-efficacement#breadcrumb","itemListElement":[{"@type":"ListItem","position":1,"name":"Accueil","item":"https:\/\/www.africa-press.net\/cotedivoire\/"},{"@type":"ListItem","position":2,"name":"\u00c9lu \u00e0 sa t\u00eate, Bictogo s&#8217;engage \u00e0 moderniser l&#8217;Assembl\u00e9e nationale en la dotant de moyens novateurs pour l\u00e9gif\u00e9rer efficacement"}]},{"@type":"WebSite","@id":"https:\/\/www.africa-press.net\/cotedivoire\/#website","url":"https:\/\/www.africa-press.net\/cotedivoire\/","name":"C\u00f4te d&#039;Ivoire","description":"Just another Africa News Agency Sites site","potentialAction":[{"@type":"SearchAction","target":{"@type":"EntryPoint","urlTemplate":"https:\/\/www.africa-press.net\/cotedivoire\/?s={search_term_string}"},"query-input":{"@type":"PropertyValueSpecification","valueRequired":true,"valueName":"search_term_string"}}],"inLanguage":"fr-FR"},{"@type":"Person","@id":"https:\/\/www.africa-press.net\/cotedivoire\/#\/schema\/person\/2b1cf3cd81a31e3cd26889ca66d677f1","name":"cfeditorfr"}]}},"_links":{"self":[{"href":"https:\/\/www.africa-press.net\/cotedivoire\/wp-json\/wp\/v2\/posts\/37656","targetHints":{"allow":["GET"]}}],"collection":[{"href":"https:\/\/www.africa-press.net\/cotedivoire\/wp-json\/wp\/v2\/posts"}],"about":[{"href":"https:\/\/www.africa-press.net\/cotedivoire\/wp-json\/wp\/v2\/types\/post"}],"author":[{"embeddable":true,"href":"https:\/\/www.africa-press.net\/cotedivoire\/wp-json\/wp\/v2\/users\/82"}],"replies":[{"embeddable":true,"href":"https:\/\/www.africa-press.net\/cotedivoire\/wp-json\/wp\/v2\/comments?post=37656"}],"version-history":[{"count":0,"href":"https:\/\/www.africa-press.net\/cotedivoire\/wp-json\/wp\/v2\/posts\/37656\/revisions"}],"wp:featuredmedia":[{"embeddable":true,"href":"https:\/\/www.africa-press.net\/cotedivoire\/wp-json\/wp\/v2\/media\/37655"}],"wp:attachment":[{"href":"https:\/\/www.africa-press.net\/cotedivoire\/wp-json\/wp\/v2\/media?parent=37656"}],"wp:term":[{"taxonomy":"category","embeddable":true,"href":"https:\/\/www.africa-press.net\/cotedivoire\/wp-json\/wp\/v2\/categories?post=37656"},{"taxonomy":"post_tag","embeddable":true,"href":"https:\/\/www.africa-press.net\/cotedivoire\/wp-json\/wp\/v2\/tags?post=37656"}],"curies":[{"name":"wp","href":"https:\/\/api.w.org\/{rel}","templated":true}]}}