{"id":37853,"date":"2022-06-10T08:39:22","date_gmt":"2022-06-10T08:39:22","guid":{"rendered":"https:\/\/www.africa-press.net\/cotedivoire\/politique\/apres-son-election-bictogo-fait-le-tour-des-presidents-dinstitutions"},"modified":"2022-06-10T09:12:54","modified_gmt":"2022-06-10T09:12:54","slug":"apres-son-election-bictogo-fait-le-tour-des-presidents-dinstitutions","status":"publish","type":"post","link":"https:\/\/www.africa-press.net\/cotedivoire\/politique\/apres-son-election-bictogo-fait-le-tour-des-presidents-dinstitutions","title":{"rendered":"Apr\u00e8s son \u00e9lection, Bictogo fait le tour des pr\u00e9sidents d&rsquo;institutions"},"content":{"rendered":"<p><span style=\"color: #ff6600\"><strong>Africa-Press &#8211; C\u00f4te d&rsquo;Ivoire. <\/strong><\/span>\u00c9lu le mardi 7 juin 2022, Pr\u00e9sident de l&rsquo;Assembl\u00e9e nationale, Adama Bictogo a entam\u00e9 hier des consultations avec les autres pr\u00e9sidents d&rsquo;institutions.<\/p>\n<p>Apr\u00e8s le vice-pr\u00e9sident le mercredi apr\u00e8s-midi, le successeur d&rsquo;Amadou Soumahoro a eu une rencontre avec le Pr\u00e9sident du S\u00e9nat, la Grande Chanceli\u00e8re, le Premier ministre.<\/p>\n<p>Cliquez pour agrandir l&rsquo;image<\/p>\n<p>La rencontre entre Adama Bictogo et Jeannot Ahoussou Kouadio, Pr\u00e9sident du S\u00e9nat s&rsquo;est tenue \u00e0 la salle rouge de l&rsquo;Assembl\u00e9e nationale. Accompagn\u00e9 de plusieurs membres de son bureau, Jeannot Ahoussou-Kouadio a f\u00e9licit\u00e9 le nouveau pr\u00e9sident de l&rsquo;Assembl\u00e9e nationale, pour sa brillante \u00e9lection.<\/p>\n<p>Il a salu\u00e9 l&rsquo;esprit r\u00e9publicain des d\u00e9put\u00e9s qui malgr\u00e9 leur diff\u00e9rence politique ont port\u00e9 leur choix sur le candidat du RHDP. Selon Jeannot Ahoussou-Kouadio le consensus observ\u00e9 autour du candidat du RHDP marque l&rsquo;unit\u00e9, la fraternit\u00e9 des d\u00e9put\u00e9s.<\/p>\n<p>Cliquez pour agrandir l&rsquo;image<\/p>\n<p>\u00abCe consensus est symbolique de l&rsquo;\u00e9tat d&rsquo;esprit qui doit pr\u00e9valoir en chacun de nous afin de garantir \u00e0 notre pays la paix et la coh\u00e9sion apr\u00e8s les \u00e9pisodes douloureux de notre pays. Je souhaite que cette d\u00e9mocratie intelligente montr\u00e9e par les d\u00e9put\u00e9s fasse tache d&rsquo;huile et embrase toute la C\u00f4te d&rsquo;Ivoire \u00bb, a-t-il ajout\u00e9.<\/p>\n<p>Adama Bictogo a exprim\u00e9 sa gratitude \u00e0 ses h\u00f4tes et a avou\u00e9 que leurs f\u00e9licitations sont \u00ab l&rsquo;expression des relations intelligentes des deux chambres au profit de la C\u00f4te d&rsquo;Ivoire\u00bb.<\/p>\n<p>Il a affirm\u00e9 que le consensus obtenu autour de sa candidature, ne traduit aucunement l&rsquo;existence d&rsquo;une pens\u00e9e unique \u00e0 l&rsquo;Assembl\u00e9e nationale de C\u00f4te d&rsquo;Ivoire. Mais, ce consensus, fait gage d&rsquo;union, de fraternit\u00e9.<\/p>\n<p>\u00abIl fait gage, surtout, de la volont\u00e9 affich\u00e9e de tous les d\u00e9put\u00e9s \u00e0 r\u00e9pondre aux exigences de paix et de d\u00e9veloppement des populations, cela, par l&rsquo;expression des divergences de point de vue dans un climat apais\u00e9 \u00bb, a ajout\u00e9, Adama Bictogo.<\/p>\n<p>Le pr\u00e9sident de l&rsquo;Assembl\u00e9e nationale a annonc\u00e9 que les deux chambres du Parlement ont d\u00e9cid\u00e9 de mettre en place un calendrier de rencontres formelles tous les quatre mois pour analyser les grands dossiers de l&rsquo;Etat.<\/p>\n<p>Le nouveau patron de l&rsquo;Assembl\u00e9e nationale a \u00e9chang\u00e9 ensuite avec la Grande Chanceli\u00e8re et le Premier ministre.<\/p>\n<p>A la Grande Chancellerie, Adama Bictogo a pr\u00e9sent\u00e9 \u00e0 Henriette Diabat\u00e9, ses civilit\u00e9s comme le commandent les usages protocolaires et institutionnels.<\/p>\n<p>\u00abNous sommes venus pour dire \u00e0 madame la Grande Chanceli\u00e8re que cette Assembl\u00e9e nationale qui vient de m&rsquo;\u00e9lire est une institution qui se caract\u00e9rise par des valeurs fortes comme le consensus et l&rsquo;union. Elle est la force motrice d&rsquo;une C\u00f4te d&rsquo;Ivoire dont la coh\u00e9sion doit \u00eatre renforc\u00e9e, d&rsquo;un pays rassembl\u00e9 et surtout fraternelle. Il ne s&rsquo;agit nullement de remettre en cause, ni la pluralit\u00e9 d&rsquo;opinions, ni les d\u00e9bats contradictoires \u00bb, a soulign\u00e9, le Pr\u00e9sident de l&rsquo;Assembl\u00e9e nationale.<\/p>\n<p>Il a mentionn\u00e9 qu&rsquo;Henriette Diabat\u00e9, femme politique de premier plan, aujourd&rsquo;hui \u00e0 la t\u00eate de la Grande Chancellerie, a toujours milit\u00e9 pour le principe du compromis et du consensus et a toujours \u00e9t\u00e9 contre une opposition fig\u00e9e.<\/p>\n<p>Adama Bictogo a indiqu\u00e9 qu&rsquo;avec son \u00e9lection \u00e0 la t\u00eate de l&rsquo;Assembl\u00e9e nationale, l&rsquo;\u0153uvre et les sillons trac\u00e9s par la Grande Chanceli\u00e8re portent aujourd&rsquo;hui des fruits.<\/p>\n<p>Il estime qu&rsquo;au-del\u00e0 des diversit\u00e9s politiques, ce qui compte, en r\u00e9alit\u00e9, c&rsquo;est la promotion des valeurs qui rassemblent et qui unissent, autour d&rsquo;un m\u00eame creuset, les fils et filles du pays. Selon lui, l&rsquo;actuelle g\u00e9n\u00e9ration a le devoir de semer la graine de l&rsquo;amour, de l&rsquo;union et de la paix, au nom de l&rsquo;unit\u00e9 de la nation.<\/p>\n<p>Par ailleurs, le Pr\u00e9sident de l&rsquo;Assembl\u00e9e nationale a pr\u00e9sent\u00e9 ses civilit\u00e9s au Premier ministre, Patrick Achi, \u00e0 la Primature.<\/p>\n<p>Cliquez pour agrandir l&rsquo;image<\/p>\n\r\n                <style type=\"text\/css\">\r\n                    \r\n                    #td_uid_1_69f5bfd20b080  .td-doubleSlider-2 .td-item1 {\r\n                        background: url(https:\/\/static.africa-press.net\/cote\/sites\/43\/2022\/06\/postMeadiaimg_19_1-62a30ae5ebf80-80x60.jpg) 0 0 no-repeat;\r\n                    }\r\n                    #td_uid_1_69f5bfd20b080  .td-doubleSlider-2 .td-item2 {\r\n                        background: url(https:\/\/static.africa-press.net\/cote\/sites\/43\/2022\/06\/postMeadiaimg_19_2-62a30aeea5888-80x60.jpg) 0 0 no-repeat;\r\n                    }\r\n                    #td_uid_1_69f5bfd20b080  .td-doubleSlider-2 .td-item3 {\r\n                        background: url(https:\/\/static.africa-press.net\/cote\/sites\/43\/2022\/06\/postMeadiaimg_19_3-62a30af9318b9-80x60.jpg) 0 0 no-repeat;\r\n                    }\r\n                <\/style>\r\n\r\n                <div id=\"td_uid_1_69f5bfd20b080\" class=\"td-gallery td-slide-on-2-columns\">\r\n                    <div class=\"post_td_gallery\">\r\n                        <div class=\"td-gallery-slide-top\">\r\n                           <div class=\"td-gallery-title\"><\/div>\r\n\r\n                            <div class=\"td-gallery-controls-wrapper\">\r\n                                <div class=\"td-gallery-slide-count\"><span class=\"td-gallery-slide-item-focus\">1<\/span> de 3<\/div>\r\n                                <div class=\"td-gallery-slide-prev-next-but\">\r\n                                    <i class = \"td-icon-left doubleSliderPrevButton\"><\/i>\r\n                                    <i class = \"td-icon-right doubleSliderNextButton\"><\/i>\r\n                                <\/div>\r\n                            <\/div>\r\n                        <\/div>\r\n\r\n                        <div class = \"td-doubleSlider-1 \">\r\n                            <div class = \"td-slider\">\r\n                                \r\n                    <div class = \"td-slide-item td-item1\">\r\n                        <figure class=\"td-slide-galery-figure td-slide-popup-gallery\">\r\n                            <a class=\"slide-gallery-image-link\" href=\"https:\/\/static.africa-press.net\/cote\/sites\/43\/2022\/06\/postMeadiaimg_19_1-62a30ae5ebf80.jpg\" title=\"postMeadiaimg_19_1-62a30ae5ebf80\"  data-caption=\"\"  data-description=\"\">\r\n                                <img decoding=\"async\" src=\"https:\/\/static.africa-press.net\/cote\/sites\/43\/2022\/06\/postMeadiaimg_19_1-62a30ae5ebf80.jpg\" srcset=\"https:\/\/static.africa-press.net\/cote\/sites\/43\/2022\/06\/postMeadiaimg_19_1-62a30ae5ebf80.jpg 1000w, https:\/\/static.africa-press.net\/cote\/sites\/43\/2022\/06\/postMeadiaimg_19_1-62a30ae5ebf80-300x148.jpg 300w, https:\/\/static.africa-press.net\/cote\/sites\/43\/2022\/06\/postMeadiaimg_19_1-62a30ae5ebf80-768x378.jpg 768w, https:\/\/static.africa-press.net\/cote\/sites\/43\/2022\/06\/postMeadiaimg_19_1-62a30ae5ebf80-324x160.jpg 324w, https:\/\/static.africa-press.net\/cote\/sites\/43\/2022\/06\/postMeadiaimg_19_1-62a30ae5ebf80-533x261.jpg 533w\" sizes=\"(max-width: 1000px) 100vw, 1000px\" alt=\"\">\r\n                            <\/a>\r\n                            \r\n                        <\/figure>\r\n                    <\/div>\r\n                    <div class = \"td-slide-item td-item2\">\r\n                        <figure class=\"td-slide-galery-figure td-slide-popup-gallery\">\r\n                            <a class=\"slide-gallery-image-link\" href=\"https:\/\/static.africa-press.net\/cote\/sites\/43\/2022\/06\/postMeadiaimg_19_2-62a30aeea5888.jpg\" title=\"postMeadiaimg_19_2-62a30aeea5888\"  data-caption=\"\"  data-description=\"\">\r\n                                <img decoding=\"async\" src=\"https:\/\/static.africa-press.net\/cote\/sites\/43\/2022\/06\/postMeadiaimg_19_2-62a30aeea5888.jpg\" srcset=\"https:\/\/static.africa-press.net\/cote\/sites\/43\/2022\/06\/postMeadiaimg_19_2-62a30aeea5888.jpg 1000w, https:\/\/static.africa-press.net\/cote\/sites\/43\/2022\/06\/postMeadiaimg_19_2-62a30aeea5888-300x200.jpg 300w, https:\/\/static.africa-press.net\/cote\/sites\/43\/2022\/06\/postMeadiaimg_19_2-62a30aeea5888-768x512.jpg 768w\" sizes=\"(max-width: 1000px) 100vw, 1000px\" alt=\"\">\r\n                            <\/a>\r\n                            \r\n                        <\/figure>\r\n                    <\/div>\r\n                    <div class = \"td-slide-item td-item3\">\r\n                        <figure class=\"td-slide-galery-figure td-slide-popup-gallery\">\r\n                            <a class=\"slide-gallery-image-link\" href=\"https:\/\/static.africa-press.net\/cote\/sites\/43\/2022\/06\/postMeadiaimg_19_3-62a30af9318b9.jpg\" title=\"postMeadiaimg_19_3-62a30af9318b9\"  data-caption=\"\"  data-description=\"\">\r\n                                <img decoding=\"async\" src=\"https:\/\/static.africa-press.net\/cote\/sites\/43\/2022\/06\/postMeadiaimg_19_3-62a30af9318b9.jpg\" srcset=\"https:\/\/static.africa-press.net\/cote\/sites\/43\/2022\/06\/postMeadiaimg_19_3-62a30af9318b9.jpg 1000w, https:\/\/static.africa-press.net\/cote\/sites\/43\/2022\/06\/postMeadiaimg_19_3-62a30af9318b9-300x200.jpg 300w, https:\/\/static.africa-press.net\/cote\/sites\/43\/2022\/06\/postMeadiaimg_19_3-62a30af9318b9-768x512.jpg 768w\" sizes=\"(max-width: 1000px) 100vw, 1000px\" alt=\"\">\r\n                            <\/a>\r\n                            \r\n                        <\/figure>\r\n                    <\/div>\r\n                            <\/div>\r\n                        <\/div>\r\n\r\n                        <div class = \"td-doubleSlider-2\">\r\n                            <div class = \"td-slider\">\r\n                                \r\n                    <div class = \"td-button td-item1\">\r\n                        <div class = \"td-border\"><\/div>\r\n                    <\/div>\r\n                    <div class = \"td-button td-item2\">\r\n                        <div class = \"td-border\"><\/div>\r\n                    <\/div>\r\n                    <div class = \"td-button td-item3\">\r\n                        <div class = \"td-border\"><\/div>\r\n                    <\/div>\r\n                            <\/div>\r\n                        <\/div>\r\n\r\n                    <\/div>\r\n\r\n                <\/div>\r\n                \n<p><strong>Pour plus d&rsquo;informations et d&rsquo;analyses sur la <a href=\"https:\/\/www.africa-press.net\/cotedivoire\">C\u00f4te d&rsquo;Ivoire<\/a>, suivez <a href=\"https:\/\/www.africa-press.net\/\">Africa-Press<\/a><\/strong><\/p>\n","protected":false},"excerpt":{"rendered":"<p>Africa-Press &#8211; C\u00f4te d&rsquo;Ivoire. \u00c9lu le mardi 7 juin 2022, Pr\u00e9sident de l&rsquo;Assembl\u00e9e nationale, Adama Bictogo a entam\u00e9 hier des consultations avec les autres pr\u00e9sidents d&rsquo;institutions. Apr\u00e8s le vice-pr\u00e9sident le mercredi apr\u00e8s-midi, le successeur d&rsquo;Amadou Soumahoro a eu une rencontre avec le Pr\u00e9sident du S\u00e9nat, la Grande Chanceli\u00e8re, le Premier ministre. Cliquez pour agrandir l&rsquo;image [&hellip;]<\/p>\n","protected":false},"author":82,"featured_media":37852,"comment_status":"open","ping_status":"closed","sticky":false,"template":"","format":"standard","meta":{"footnotes":""},"categories":[11,8,2,20,10],"tags":[1265,56,63,29],"class_list":["post-37853","post","type-post","status-publish","format-standard","has-post-thumbnail","hentry","category-homepage-french","category-photo","category-politique","category-top-nouvelles","category-toutes-les-actualites","tag-adama-bictogo","tag-africa-press","tag-africa-press-cote-divoire","tag-cote-divoire"],"yoast_head":"<!-- This site is optimized with the Yoast SEO Premium plugin v26.1 (Yoast SEO v27.0) - https:\/\/yoast.com\/product\/yoast-seo-premium-wordpress\/ -->\n<title>Apr\u00e8s son \u00e9lection, Bictogo fait le tour des pr\u00e9sidents d&#039;institutions - C\u00f4te d&#039;Ivoire<\/title>\n<meta name=\"description\" content=\"\u00c9lu le mardi 7 juin 2022, Pr\u00e9sident de l&#039;Assembl\u00e9e nationale, Adama Bictogo a entam\u00e9 hier des consultations avec les aut ...\" \/>\n<meta name=\"robots\" content=\"index, follow, max-snippet:-1, max-image-preview:large, max-video-preview:-1\" \/>\n<link rel=\"canonical\" href=\"https:\/\/www.africa-press.net\/cotedivoire\/politique\/apres-son-election-bictogo-fait-le-tour-des-presidents-dinstitutions\" \/>\n<meta property=\"og:locale\" content=\"fr_FR\" \/>\n<meta property=\"og:type\" content=\"article\" \/>\n<meta property=\"og:title\" content=\"Apr\u00e8s son \u00e9lection, Bictogo fait le tour des pr\u00e9sidents d&#039;institutions\" \/>\n<meta property=\"og:description\" content=\"\u00c9lu le mardi 7 juin 2022, Pr\u00e9sident de l&#039;Assembl\u00e9e nationale, Adama Bictogo a entam\u00e9 hier des consultations avec les aut ...\" \/>\n<meta property=\"og:url\" content=\"https:\/\/www.africa-press.net\/cotedivoire\/politique\/apres-son-election-bictogo-fait-le-tour-des-presidents-dinstitutions\" \/>\n<meta property=\"og:site_name\" content=\"C\u00f4te d&#039;Ivoire\" \/>\n<meta property=\"article:published_time\" content=\"2022-06-10T08:39:22+00:00\" \/>\n<meta property=\"article:modified_time\" content=\"2022-06-10T09:12:54+00:00\" \/>\n<meta property=\"og:image\" content=\"https:\/\/static.africa-press.net\/cote\/sites\/43\/2022\/06\/postQueueImg_19-62a30b01ce46d.jpg\" \/>\n\t<meta property=\"og:image:width\" content=\"720\" \/>\n\t<meta property=\"og:image:height\" content=\"354\" \/>\n\t<meta property=\"og:image:type\" content=\"image\/jpeg\" \/>\n<meta name=\"author\" content=\"cfeditorfr\" \/>\n<meta name=\"twitter:card\" content=\"summary_large_image\" \/>\n<meta name=\"twitter:label1\" content=\"\u00c9crit par\" \/>\n\t<meta name=\"twitter:data1\" content=\"cfeditorfr\" \/>\n\t<meta name=\"twitter:label2\" content=\"Dur\u00e9e de lecture estim\u00e9e\" \/>\n\t<meta name=\"twitter:data2\" content=\"3 minutes\" \/>\n<script type=\"application\/ld+json\" class=\"yoast-schema-graph\">{\"@context\":\"https:\/\/schema.org\",\"@graph\":[{\"@type\":\"Article\",\"@id\":\"https:\/\/www.africa-press.net\/cotedivoire\/politique\/apres-son-election-bictogo-fait-le-tour-des-presidents-dinstitutions#article\",\"isPartOf\":{\"@id\":\"https:\/\/www.africa-press.net\/cotedivoire\/politique\/apres-son-election-bictogo-fait-le-tour-des-presidents-dinstitutions\"},\"author\":{\"name\":\"cfeditorfr\",\"@id\":\"https:\/\/www.africa-press.net\/cotedivoire\/#\/schema\/person\/2b1cf3cd81a31e3cd26889ca66d677f1\"},\"headline\":\"Apr\u00e8s son \u00e9lection, Bictogo fait le tour des pr\u00e9sidents d&rsquo;institutions\",\"datePublished\":\"2022-06-10T08:39:22+00:00\",\"dateModified\":\"2022-06-10T09:12:54+00:00\",\"mainEntityOfPage\":{\"@id\":\"https:\/\/www.africa-press.net\/cotedivoire\/politique\/apres-son-election-bictogo-fait-le-tour-des-presidents-dinstitutions\"},\"wordCount\":732,\"commentCount\":0,\"image\":{\"@id\":\"https:\/\/www.africa-press.net\/cotedivoire\/politique\/apres-son-election-bictogo-fait-le-tour-des-presidents-dinstitutions#primaryimage\"},\"thumbnailUrl\":\"https:\/\/static.africa-press.net\/cote\/sites\/43\/2022\/06\/postQueueImg_19-62a30b01ce46d.jpg\",\"keywords\":[\"Adama Bictogo\",\"Africa Press\",\"Africa Press-C\u00f4te d'Ivoire\",\"C\u00d4TE D'IVOIRE\"],\"articleSection\":[\"homepage-french\",\"Photo\",\"Politique\",\"Top Nouvelles\",\"Toutes les actualit\u00e9s\"],\"inLanguage\":\"fr-FR\",\"potentialAction\":[{\"@type\":\"CommentAction\",\"name\":\"Comment\",\"target\":[\"https:\/\/www.africa-press.net\/cotedivoire\/politique\/apres-son-election-bictogo-fait-le-tour-des-presidents-dinstitutions#respond\"]}]},{\"@type\":\"WebPage\",\"@id\":\"https:\/\/www.africa-press.net\/cotedivoire\/politique\/apres-son-election-bictogo-fait-le-tour-des-presidents-dinstitutions\",\"url\":\"https:\/\/www.africa-press.net\/cotedivoire\/politique\/apres-son-election-bictogo-fait-le-tour-des-presidents-dinstitutions\",\"name\":\"Apr\u00e8s son \u00e9lection, Bictogo fait le tour des pr\u00e9sidents d'institutions - C\u00f4te d&#039;Ivoire\",\"isPartOf\":{\"@id\":\"https:\/\/www.africa-press.net\/cotedivoire\/#website\"},\"primaryImageOfPage\":{\"@id\":\"https:\/\/www.africa-press.net\/cotedivoire\/politique\/apres-son-election-bictogo-fait-le-tour-des-presidents-dinstitutions#primaryimage\"},\"image\":{\"@id\":\"https:\/\/www.africa-press.net\/cotedivoire\/politique\/apres-son-election-bictogo-fait-le-tour-des-presidents-dinstitutions#primaryimage\"},\"thumbnailUrl\":\"https:\/\/static.africa-press.net\/cote\/sites\/43\/2022\/06\/postQueueImg_19-62a30b01ce46d.jpg\",\"datePublished\":\"2022-06-10T08:39:22+00:00\",\"dateModified\":\"2022-06-10T09:12:54+00:00\",\"author\":{\"@id\":\"https:\/\/www.africa-press.net\/cotedivoire\/#\/schema\/person\/2b1cf3cd81a31e3cd26889ca66d677f1\"},\"description\":\"\u00c9lu le mardi 7 juin 2022, Pr\u00e9sident de l'Assembl\u00e9e nationale, Adama Bictogo a entam\u00e9 hier des consultations avec les aut ...\",\"breadcrumb\":{\"@id\":\"https:\/\/www.africa-press.net\/cotedivoire\/politique\/apres-son-election-bictogo-fait-le-tour-des-presidents-dinstitutions#breadcrumb\"},\"inLanguage\":\"fr-FR\",\"potentialAction\":[{\"@type\":\"ReadAction\",\"target\":[\"https:\/\/www.africa-press.net\/cotedivoire\/politique\/apres-son-election-bictogo-fait-le-tour-des-presidents-dinstitutions\"]}]},{\"@type\":\"ImageObject\",\"inLanguage\":\"fr-FR\",\"@id\":\"https:\/\/www.africa-press.net\/cotedivoire\/politique\/apres-son-election-bictogo-fait-le-tour-des-presidents-dinstitutions#primaryimage\",\"url\":\"https:\/\/static.africa-press.net\/cote\/sites\/43\/2022\/06\/postQueueImg_19-62a30b01ce46d.jpg\",\"contentUrl\":\"https:\/\/static.africa-press.net\/cote\/sites\/43\/2022\/06\/postQueueImg_19-62a30b01ce46d.jpg\",\"width\":720,\"height\":354,\"caption\":\"Apr\u00e8s son \u00e9lection, Bictogo fait le tour des pr\u00e9sidents d'institutions\"},{\"@type\":\"BreadcrumbList\",\"@id\":\"https:\/\/www.africa-press.net\/cotedivoire\/politique\/apres-son-election-bictogo-fait-le-tour-des-presidents-dinstitutions#breadcrumb\",\"itemListElement\":[{\"@type\":\"ListItem\",\"position\":1,\"name\":\"Accueil\",\"item\":\"https:\/\/www.africa-press.net\/cotedivoire\/\"},{\"@type\":\"ListItem\",\"position\":2,\"name\":\"Apr\u00e8s son \u00e9lection, Bictogo fait le tour des pr\u00e9sidents d&#8217;institutions\"}]},{\"@type\":\"WebSite\",\"@id\":\"https:\/\/www.africa-press.net\/cotedivoire\/#website\",\"url\":\"https:\/\/www.africa-press.net\/cotedivoire\/\",\"name\":\"C\u00f4te d&#039;Ivoire\",\"description\":\"Just another Africa News Agency Sites site\",\"potentialAction\":[{\"@type\":\"SearchAction\",\"target\":{\"@type\":\"EntryPoint\",\"urlTemplate\":\"https:\/\/www.africa-press.net\/cotedivoire\/?s={search_term_string}\"},\"query-input\":{\"@type\":\"PropertyValueSpecification\",\"valueRequired\":true,\"valueName\":\"search_term_string\"}}],\"inLanguage\":\"fr-FR\"},{\"@type\":\"Person\",\"@id\":\"https:\/\/www.africa-press.net\/cotedivoire\/#\/schema\/person\/2b1cf3cd81a31e3cd26889ca66d677f1\",\"name\":\"cfeditorfr\"}]}<\/script>\n<!-- \/ Yoast SEO Premium plugin. -->","yoast_head_json":{"title":"Apr\u00e8s son \u00e9lection, Bictogo fait le tour des pr\u00e9sidents d'institutions - C\u00f4te d&#039;Ivoire","description":"\u00c9lu le mardi 7 juin 2022, Pr\u00e9sident de l'Assembl\u00e9e nationale, Adama Bictogo a entam\u00e9 hier des consultations avec les aut ...","robots":{"index":"index","follow":"follow","max-snippet":"max-snippet:-1","max-image-preview":"max-image-preview:large","max-video-preview":"max-video-preview:-1"},"canonical":"https:\/\/www.africa-press.net\/cotedivoire\/politique\/apres-son-election-bictogo-fait-le-tour-des-presidents-dinstitutions","og_locale":"fr_FR","og_type":"article","og_title":"Apr\u00e8s son \u00e9lection, Bictogo fait le tour des pr\u00e9sidents d'institutions","og_description":"\u00c9lu le mardi 7 juin 2022, Pr\u00e9sident de l'Assembl\u00e9e nationale, Adama Bictogo a entam\u00e9 hier des consultations avec les aut ...","og_url":"https:\/\/www.africa-press.net\/cotedivoire\/politique\/apres-son-election-bictogo-fait-le-tour-des-presidents-dinstitutions","og_site_name":"C\u00f4te d&#039;Ivoire","article_published_time":"2022-06-10T08:39:22+00:00","article_modified_time":"2022-06-10T09:12:54+00:00","og_image":[{"width":720,"height":354,"url":"https:\/\/static.africa-press.net\/cote\/sites\/43\/2022\/06\/postQueueImg_19-62a30b01ce46d.jpg","type":"image\/jpeg"}],"author":"cfeditorfr","twitter_card":"summary_large_image","twitter_misc":{"\u00c9crit par":"cfeditorfr","Dur\u00e9e de lecture estim\u00e9e":"3 minutes"},"schema":{"@context":"https:\/\/schema.org","@graph":[{"@type":"Article","@id":"https:\/\/www.africa-press.net\/cotedivoire\/politique\/apres-son-election-bictogo-fait-le-tour-des-presidents-dinstitutions#article","isPartOf":{"@id":"https:\/\/www.africa-press.net\/cotedivoire\/politique\/apres-son-election-bictogo-fait-le-tour-des-presidents-dinstitutions"},"author":{"name":"cfeditorfr","@id":"https:\/\/www.africa-press.net\/cotedivoire\/#\/schema\/person\/2b1cf3cd81a31e3cd26889ca66d677f1"},"headline":"Apr\u00e8s son \u00e9lection, Bictogo fait le tour des pr\u00e9sidents d&rsquo;institutions","datePublished":"2022-06-10T08:39:22+00:00","dateModified":"2022-06-10T09:12:54+00:00","mainEntityOfPage":{"@id":"https:\/\/www.africa-press.net\/cotedivoire\/politique\/apres-son-election-bictogo-fait-le-tour-des-presidents-dinstitutions"},"wordCount":732,"commentCount":0,"image":{"@id":"https:\/\/www.africa-press.net\/cotedivoire\/politique\/apres-son-election-bictogo-fait-le-tour-des-presidents-dinstitutions#primaryimage"},"thumbnailUrl":"https:\/\/static.africa-press.net\/cote\/sites\/43\/2022\/06\/postQueueImg_19-62a30b01ce46d.jpg","keywords":["Adama Bictogo","Africa Press","Africa Press-C\u00f4te d'Ivoire","C\u00d4TE D'IVOIRE"],"articleSection":["homepage-french","Photo","Politique","Top Nouvelles","Toutes les actualit\u00e9s"],"inLanguage":"fr-FR","potentialAction":[{"@type":"CommentAction","name":"Comment","target":["https:\/\/www.africa-press.net\/cotedivoire\/politique\/apres-son-election-bictogo-fait-le-tour-des-presidents-dinstitutions#respond"]}]},{"@type":"WebPage","@id":"https:\/\/www.africa-press.net\/cotedivoire\/politique\/apres-son-election-bictogo-fait-le-tour-des-presidents-dinstitutions","url":"https:\/\/www.africa-press.net\/cotedivoire\/politique\/apres-son-election-bictogo-fait-le-tour-des-presidents-dinstitutions","name":"Apr\u00e8s son \u00e9lection, Bictogo fait le tour des pr\u00e9sidents d'institutions - C\u00f4te d&#039;Ivoire","isPartOf":{"@id":"https:\/\/www.africa-press.net\/cotedivoire\/#website"},"primaryImageOfPage":{"@id":"https:\/\/www.africa-press.net\/cotedivoire\/politique\/apres-son-election-bictogo-fait-le-tour-des-presidents-dinstitutions#primaryimage"},"image":{"@id":"https:\/\/www.africa-press.net\/cotedivoire\/politique\/apres-son-election-bictogo-fait-le-tour-des-presidents-dinstitutions#primaryimage"},"thumbnailUrl":"https:\/\/static.africa-press.net\/cote\/sites\/43\/2022\/06\/postQueueImg_19-62a30b01ce46d.jpg","datePublished":"2022-06-10T08:39:22+00:00","dateModified":"2022-06-10T09:12:54+00:00","author":{"@id":"https:\/\/www.africa-press.net\/cotedivoire\/#\/schema\/person\/2b1cf3cd81a31e3cd26889ca66d677f1"},"description":"\u00c9lu le mardi 7 juin 2022, Pr\u00e9sident de l'Assembl\u00e9e nationale, Adama Bictogo a entam\u00e9 hier des consultations avec les aut ...","breadcrumb":{"@id":"https:\/\/www.africa-press.net\/cotedivoire\/politique\/apres-son-election-bictogo-fait-le-tour-des-presidents-dinstitutions#breadcrumb"},"inLanguage":"fr-FR","potentialAction":[{"@type":"ReadAction","target":["https:\/\/www.africa-press.net\/cotedivoire\/politique\/apres-son-election-bictogo-fait-le-tour-des-presidents-dinstitutions"]}]},{"@type":"ImageObject","inLanguage":"fr-FR","@id":"https:\/\/www.africa-press.net\/cotedivoire\/politique\/apres-son-election-bictogo-fait-le-tour-des-presidents-dinstitutions#primaryimage","url":"https:\/\/static.africa-press.net\/cote\/sites\/43\/2022\/06\/postQueueImg_19-62a30b01ce46d.jpg","contentUrl":"https:\/\/static.africa-press.net\/cote\/sites\/43\/2022\/06\/postQueueImg_19-62a30b01ce46d.jpg","width":720,"height":354,"caption":"Apr\u00e8s son \u00e9lection, Bictogo fait le tour des pr\u00e9sidents d'institutions"},{"@type":"BreadcrumbList","@id":"https:\/\/www.africa-press.net\/cotedivoire\/politique\/apres-son-election-bictogo-fait-le-tour-des-presidents-dinstitutions#breadcrumb","itemListElement":[{"@type":"ListItem","position":1,"name":"Accueil","item":"https:\/\/www.africa-press.net\/cotedivoire\/"},{"@type":"ListItem","position":2,"name":"Apr\u00e8s son \u00e9lection, Bictogo fait le tour des pr\u00e9sidents d&#8217;institutions"}]},{"@type":"WebSite","@id":"https:\/\/www.africa-press.net\/cotedivoire\/#website","url":"https:\/\/www.africa-press.net\/cotedivoire\/","name":"C\u00f4te d&#039;Ivoire","description":"Just another Africa News Agency Sites site","potentialAction":[{"@type":"SearchAction","target":{"@type":"EntryPoint","urlTemplate":"https:\/\/www.africa-press.net\/cotedivoire\/?s={search_term_string}"},"query-input":{"@type":"PropertyValueSpecification","valueRequired":true,"valueName":"search_term_string"}}],"inLanguage":"fr-FR"},{"@type":"Person","@id":"https:\/\/www.africa-press.net\/cotedivoire\/#\/schema\/person\/2b1cf3cd81a31e3cd26889ca66d677f1","name":"cfeditorfr"}]}},"_links":{"self":[{"href":"https:\/\/www.africa-press.net\/cotedivoire\/wp-json\/wp\/v2\/posts\/37853","targetHints":{"allow":["GET"]}}],"collection":[{"href":"https:\/\/www.africa-press.net\/cotedivoire\/wp-json\/wp\/v2\/posts"}],"about":[{"href":"https:\/\/www.africa-press.net\/cotedivoire\/wp-json\/wp\/v2\/types\/post"}],"author":[{"embeddable":true,"href":"https:\/\/www.africa-press.net\/cotedivoire\/wp-json\/wp\/v2\/users\/82"}],"replies":[{"embeddable":true,"href":"https:\/\/www.africa-press.net\/cotedivoire\/wp-json\/wp\/v2\/comments?post=37853"}],"version-history":[{"count":0,"href":"https:\/\/www.africa-press.net\/cotedivoire\/wp-json\/wp\/v2\/posts\/37853\/revisions"}],"wp:featuredmedia":[{"embeddable":true,"href":"https:\/\/www.africa-press.net\/cotedivoire\/wp-json\/wp\/v2\/media\/37852"}],"wp:attachment":[{"href":"https:\/\/www.africa-press.net\/cotedivoire\/wp-json\/wp\/v2\/media?parent=37853"}],"wp:term":[{"taxonomy":"category","embeddable":true,"href":"https:\/\/www.africa-press.net\/cotedivoire\/wp-json\/wp\/v2\/categories?post=37853"},{"taxonomy":"post_tag","embeddable":true,"href":"https:\/\/www.africa-press.net\/cotedivoire\/wp-json\/wp\/v2\/tags?post=37853"}],"curies":[{"name":"wp","href":"https:\/\/api.w.org\/{rel}","templated":true}]}}