{"id":38321,"date":"2022-06-15T14:42:26","date_gmt":"2022-06-15T14:42:26","guid":{"rendered":"https:\/\/www.africa-press.net\/cotedivoire\/politique\/livoirien-kouassi-kouadio-alfred-elu-au-comite-des-droits-des-personnes-handicapees-de-lonu"},"modified":"2022-06-15T15:07:09","modified_gmt":"2022-06-15T15:07:09","slug":"livoirien-kouassi-kouadio-alfred-elu-au-comite-des-droits-des-personnes-handicapees-de-lonu","status":"publish","type":"post","link":"https:\/\/www.africa-press.net\/cotedivoire\/toutes-les-actualites\/livoirien-kouassi-kouadio-alfred-elu-au-comite-des-droits-des-personnes-handicapees-de-lonu","title":{"rendered":"L&rsquo;ivoirien Kouassi Kouadio Alfred \u00e9lu au Comit\u00e9 des Droits des personnes handicap\u00e9es de l&rsquo;ONU"},"content":{"rendered":"<p><span style=\"color: #ff6600\"><strong>Africa-Press &#8211; C\u00f4te d&rsquo;Ivoire. <\/strong><\/span><b> <\/b>L\u2019ivoirien, Kouassi Kouadio Alfred, a \u00e9t\u00e9 \u00e9lu au Comit\u00e9 des Droits des personnes handicap\u00e9es de l\u2019Organisation des Nations Unies (ONU) pour la p\u00e9riode 2023-2026, a-t-on appris mardi aupr\u00e8s de la Repr\u00e9sentation Diplomatique ivoirienne \u00e0 New York aux Etats-Unis.<\/p>\n<p>Le Comit\u00e9 des droits des personnes handicap\u00e9es est compos\u00e9 d\u2019experts ind\u00e9pendants charg\u00e9s de surveiller l\u2019application de la Convention relative aux droits des personnes handicap\u00e9es par les \u00c9tats parties.<\/p>\n<p>On estime qu\u2019il existe un milliard de personnes handicap\u00e9es dans le monde. \u00c0 travers son engagement et sa coop\u00e9ration avec les \u00c9tats parties, le Comit\u00e9 promeut l\u2019inclusion, d\u00e9fend les droits de l\u2019homme de toutes les personnes handicap\u00e9es et fournit des recommandations pour soutenir la mise en \u0153uvre des dispositions consacr\u00e9es par la Convention.<\/p>\n<p>Outre l\u2019ivoirien, les candidats du Ghana, de la R\u00e9publique de Cor\u00e9e, la Jordanie, le Kowe\u00eft, le Mexique, \u2018Australie, la Suisse et le Canada ont \u00e9t\u00e9 \u00e9galement \u00e9lus au Comit\u00e9 des Droits des personnes handicap\u00e9es de l\u2019ONU.<\/p>\n<p><strong>Pour plus d&rsquo;informations et d&rsquo;analyses sur la <a href=\"https:\/\/www.africa-press.net\/cotedivoire\">C\u00f4te d&rsquo;Ivoire<\/a>, suivez <a href=\"https:\/\/www.africa-press.net\/\">Africa-Press<\/a><\/strong><\/p>\n","protected":false},"excerpt":{"rendered":"<p>Africa-Press &#8211; C\u00f4te d&rsquo;Ivoire. L\u2019ivoirien, Kouassi Kouadio Alfred, a \u00e9t\u00e9 \u00e9lu au Comit\u00e9 des Droits des personnes handicap\u00e9es de l\u2019Organisation des Nations Unies (ONU) pour la p\u00e9riode 2023-2026, a-t-on appris mardi aupr\u00e8s de la Repr\u00e9sentation Diplomatique ivoirienne \u00e0 New York aux Etats-Unis. Le Comit\u00e9 des droits des personnes handicap\u00e9es est compos\u00e9 d\u2019experts ind\u00e9pendants charg\u00e9s de [&hellip;]<\/p>\n","protected":false},"author":82,"featured_media":38320,"comment_status":"open","ping_status":"closed","sticky":false,"template":"","format":"standard","meta":{"footnotes":""},"categories":[21,11,10],"tags":[56,63,29,3422,6537,6538,4085,6539],"class_list":["post-38321","post","type-post","status-publish","format-standard","has-post-thumbnail","hentry","category-communaute","category-homepage-french","category-toutes-les-actualites","tag-africa-press","tag-africa-press-cote-divoire","tag-cote-divoire","tag-droits","tag-handicapees","tag-kouassi-kouadio-alfred","tag-onu","tag-personnes"],"yoast_head":"<!-- This site is optimized with the Yoast SEO Premium plugin v26.1 (Yoast SEO v27.0) - https:\/\/yoast.com\/product\/yoast-seo-premium-wordpress\/ -->\n<title>L&#039;ivoirien Kouassi Kouadio Alfred \u00e9lu au Comit\u00e9 des Droits des personnes handicap\u00e9es de l&#039;ONU - C\u00f4te d&#039;Ivoire<\/title>\n<meta name=\"description\" content=\"L\u2019ivoirien, Kouassi Kouadio Alfred, a \u00e9t\u00e9 \u00e9lu au Comit\u00e9 des Droits des personnes handicap\u00e9es de l\u2019Organisation d ...\" \/>\n<meta name=\"robots\" content=\"index, follow, max-snippet:-1, max-image-preview:large, max-video-preview:-1\" \/>\n<link rel=\"canonical\" href=\"https:\/\/www.africa-press.net\/cotedivoire\/toutes-les-actualites\/livoirien-kouassi-kouadio-alfred-elu-au-comite-des-droits-des-personnes-handicapees-de-lonu\" \/>\n<meta property=\"og:locale\" content=\"fr_FR\" \/>\n<meta property=\"og:type\" content=\"article\" \/>\n<meta property=\"og:title\" content=\"L&#039;ivoirien Kouassi Kouadio Alfred \u00e9lu au Comit\u00e9 des Droits des personnes handicap\u00e9es de l&#039;ONU\" \/>\n<meta property=\"og:description\" content=\"L\u2019ivoirien, Kouassi Kouadio Alfred, a \u00e9t\u00e9 \u00e9lu au Comit\u00e9 des Droits des personnes handicap\u00e9es de l\u2019Organisation d ...\" \/>\n<meta property=\"og:url\" content=\"https:\/\/www.africa-press.net\/cotedivoire\/toutes-les-actualites\/livoirien-kouassi-kouadio-alfred-elu-au-comite-des-droits-des-personnes-handicapees-de-lonu\" \/>\n<meta property=\"og:site_name\" content=\"C\u00f4te d&#039;Ivoire\" \/>\n<meta property=\"article:published_time\" content=\"2022-06-15T14:42:26+00:00\" \/>\n<meta property=\"article:modified_time\" content=\"2022-06-15T15:07:09+00:00\" \/>\n<meta property=\"og:image\" content=\"https:\/\/static.africa-press.net\/cote\/sites\/43\/2022\/06\/postQueueImg_13-62a9f581675ed.jpg\" \/>\n\t<meta property=\"og:image:width\" content=\"720\" \/>\n\t<meta property=\"og:image:height\" content=\"362\" \/>\n\t<meta property=\"og:image:type\" content=\"image\/jpeg\" \/>\n<meta name=\"author\" content=\"cfeditorfr\" \/>\n<meta name=\"twitter:card\" content=\"summary_large_image\" \/>\n<meta name=\"twitter:label1\" content=\"\u00c9crit par\" \/>\n\t<meta name=\"twitter:data1\" content=\"cfeditorfr\" \/>\n\t<meta name=\"twitter:label2\" content=\"Dur\u00e9e de lecture estim\u00e9e\" \/>\n\t<meta name=\"twitter:data2\" content=\"1 minute\" \/>\n<script type=\"application\/ld+json\" class=\"yoast-schema-graph\">{\"@context\":\"https:\/\/schema.org\",\"@graph\":[{\"@type\":\"Article\",\"@id\":\"https:\/\/www.africa-press.net\/cotedivoire\/toutes-les-actualites\/livoirien-kouassi-kouadio-alfred-elu-au-comite-des-droits-des-personnes-handicapees-de-lonu#article\",\"isPartOf\":{\"@id\":\"https:\/\/www.africa-press.net\/cotedivoire\/toutes-les-actualites\/livoirien-kouassi-kouadio-alfred-elu-au-comite-des-droits-des-personnes-handicapees-de-lonu\"},\"author\":{\"name\":\"cfeditorfr\",\"@id\":\"https:\/\/www.africa-press.net\/cotedivoire\/#\/schema\/person\/2b1cf3cd81a31e3cd26889ca66d677f1\"},\"headline\":\"L&rsquo;ivoirien Kouassi Kouadio Alfred \u00e9lu au Comit\u00e9 des Droits des personnes handicap\u00e9es de l&rsquo;ONU\",\"datePublished\":\"2022-06-15T14:42:26+00:00\",\"dateModified\":\"2022-06-15T15:07:09+00:00\",\"mainEntityOfPage\":{\"@id\":\"https:\/\/www.africa-press.net\/cotedivoire\/toutes-les-actualites\/livoirien-kouassi-kouadio-alfred-elu-au-comite-des-droits-des-personnes-handicapees-de-lonu\"},\"wordCount\":217,\"commentCount\":0,\"image\":{\"@id\":\"https:\/\/www.africa-press.net\/cotedivoire\/toutes-les-actualites\/livoirien-kouassi-kouadio-alfred-elu-au-comite-des-droits-des-personnes-handicapees-de-lonu#primaryimage\"},\"thumbnailUrl\":\"https:\/\/static.africa-press.net\/cote\/sites\/43\/2022\/06\/postQueueImg_13-62a9f581675ed.jpg\",\"keywords\":[\"Africa Press\",\"Africa Press-C\u00f4te d'Ivoire\",\"C\u00d4TE D'IVOIRE\",\"droits\",\"handicap\u00e9es\",\"Kouassi Kouadio Alfred\",\"ONU\",\"personnes\"],\"articleSection\":[\"Communaut\u00e9\",\"homepage-french\",\"Toutes les actualit\u00e9s\"],\"inLanguage\":\"fr-FR\",\"potentialAction\":[{\"@type\":\"CommentAction\",\"name\":\"Comment\",\"target\":[\"https:\/\/www.africa-press.net\/cotedivoire\/toutes-les-actualites\/livoirien-kouassi-kouadio-alfred-elu-au-comite-des-droits-des-personnes-handicapees-de-lonu#respond\"]}]},{\"@type\":\"WebPage\",\"@id\":\"https:\/\/www.africa-press.net\/cotedivoire\/toutes-les-actualites\/livoirien-kouassi-kouadio-alfred-elu-au-comite-des-droits-des-personnes-handicapees-de-lonu\",\"url\":\"https:\/\/www.africa-press.net\/cotedivoire\/toutes-les-actualites\/livoirien-kouassi-kouadio-alfred-elu-au-comite-des-droits-des-personnes-handicapees-de-lonu\",\"name\":\"L'ivoirien Kouassi Kouadio Alfred \u00e9lu au Comit\u00e9 des Droits des personnes handicap\u00e9es de l'ONU - C\u00f4te d&#039;Ivoire\",\"isPartOf\":{\"@id\":\"https:\/\/www.africa-press.net\/cotedivoire\/#website\"},\"primaryImageOfPage\":{\"@id\":\"https:\/\/www.africa-press.net\/cotedivoire\/toutes-les-actualites\/livoirien-kouassi-kouadio-alfred-elu-au-comite-des-droits-des-personnes-handicapees-de-lonu#primaryimage\"},\"image\":{\"@id\":\"https:\/\/www.africa-press.net\/cotedivoire\/toutes-les-actualites\/livoirien-kouassi-kouadio-alfred-elu-au-comite-des-droits-des-personnes-handicapees-de-lonu#primaryimage\"},\"thumbnailUrl\":\"https:\/\/static.africa-press.net\/cote\/sites\/43\/2022\/06\/postQueueImg_13-62a9f581675ed.jpg\",\"datePublished\":\"2022-06-15T14:42:26+00:00\",\"dateModified\":\"2022-06-15T15:07:09+00:00\",\"author\":{\"@id\":\"https:\/\/www.africa-press.net\/cotedivoire\/#\/schema\/person\/2b1cf3cd81a31e3cd26889ca66d677f1\"},\"description\":\"L\u2019ivoirien, Kouassi Kouadio Alfred, a \u00e9t\u00e9 \u00e9lu au Comit\u00e9 des Droits des personnes handicap\u00e9es de l\u2019Organisation d ...\",\"breadcrumb\":{\"@id\":\"https:\/\/www.africa-press.net\/cotedivoire\/toutes-les-actualites\/livoirien-kouassi-kouadio-alfred-elu-au-comite-des-droits-des-personnes-handicapees-de-lonu#breadcrumb\"},\"inLanguage\":\"fr-FR\",\"potentialAction\":[{\"@type\":\"ReadAction\",\"target\":[\"https:\/\/www.africa-press.net\/cotedivoire\/toutes-les-actualites\/livoirien-kouassi-kouadio-alfred-elu-au-comite-des-droits-des-personnes-handicapees-de-lonu\"]}]},{\"@type\":\"ImageObject\",\"inLanguage\":\"fr-FR\",\"@id\":\"https:\/\/www.africa-press.net\/cotedivoire\/toutes-les-actualites\/livoirien-kouassi-kouadio-alfred-elu-au-comite-des-droits-des-personnes-handicapees-de-lonu#primaryimage\",\"url\":\"https:\/\/static.africa-press.net\/cote\/sites\/43\/2022\/06\/postQueueImg_13-62a9f581675ed.jpg\",\"contentUrl\":\"https:\/\/static.africa-press.net\/cote\/sites\/43\/2022\/06\/postQueueImg_13-62a9f581675ed.jpg\",\"width\":720,\"height\":362,\"caption\":\"L'ivoirien Kouassi Kouadio Alfred \u00e9lu au Comit\u00e9 des Droits des personnes handicap\u00e9es de l'ONU\"},{\"@type\":\"BreadcrumbList\",\"@id\":\"https:\/\/www.africa-press.net\/cotedivoire\/toutes-les-actualites\/livoirien-kouassi-kouadio-alfred-elu-au-comite-des-droits-des-personnes-handicapees-de-lonu#breadcrumb\",\"itemListElement\":[{\"@type\":\"ListItem\",\"position\":1,\"name\":\"Accueil\",\"item\":\"https:\/\/www.africa-press.net\/cotedivoire\/\"},{\"@type\":\"ListItem\",\"position\":2,\"name\":\"L&#8217;ivoirien Kouassi Kouadio Alfred \u00e9lu au Comit\u00e9 des Droits des personnes handicap\u00e9es de l&#8217;ONU\"}]},{\"@type\":\"WebSite\",\"@id\":\"https:\/\/www.africa-press.net\/cotedivoire\/#website\",\"url\":\"https:\/\/www.africa-press.net\/cotedivoire\/\",\"name\":\"C\u00f4te d&#039;Ivoire\",\"description\":\"Just another Africa News Agency Sites site\",\"potentialAction\":[{\"@type\":\"SearchAction\",\"target\":{\"@type\":\"EntryPoint\",\"urlTemplate\":\"https:\/\/www.africa-press.net\/cotedivoire\/?s={search_term_string}\"},\"query-input\":{\"@type\":\"PropertyValueSpecification\",\"valueRequired\":true,\"valueName\":\"search_term_string\"}}],\"inLanguage\":\"fr-FR\"},{\"@type\":\"Person\",\"@id\":\"https:\/\/www.africa-press.net\/cotedivoire\/#\/schema\/person\/2b1cf3cd81a31e3cd26889ca66d677f1\",\"name\":\"cfeditorfr\"}]}<\/script>\n<!-- \/ Yoast SEO Premium plugin. -->","yoast_head_json":{"title":"L'ivoirien Kouassi Kouadio Alfred \u00e9lu au Comit\u00e9 des Droits des personnes handicap\u00e9es de l'ONU - C\u00f4te d&#039;Ivoire","description":"L\u2019ivoirien, Kouassi Kouadio Alfred, a \u00e9t\u00e9 \u00e9lu au Comit\u00e9 des Droits des personnes handicap\u00e9es de l\u2019Organisation d ...","robots":{"index":"index","follow":"follow","max-snippet":"max-snippet:-1","max-image-preview":"max-image-preview:large","max-video-preview":"max-video-preview:-1"},"canonical":"https:\/\/www.africa-press.net\/cotedivoire\/toutes-les-actualites\/livoirien-kouassi-kouadio-alfred-elu-au-comite-des-droits-des-personnes-handicapees-de-lonu","og_locale":"fr_FR","og_type":"article","og_title":"L'ivoirien Kouassi Kouadio Alfred \u00e9lu au Comit\u00e9 des Droits des personnes handicap\u00e9es de l'ONU","og_description":"L\u2019ivoirien, Kouassi Kouadio Alfred, a \u00e9t\u00e9 \u00e9lu au Comit\u00e9 des Droits des personnes handicap\u00e9es de l\u2019Organisation d ...","og_url":"https:\/\/www.africa-press.net\/cotedivoire\/toutes-les-actualites\/livoirien-kouassi-kouadio-alfred-elu-au-comite-des-droits-des-personnes-handicapees-de-lonu","og_site_name":"C\u00f4te d&#039;Ivoire","article_published_time":"2022-06-15T14:42:26+00:00","article_modified_time":"2022-06-15T15:07:09+00:00","og_image":[{"width":720,"height":362,"url":"https:\/\/static.africa-press.net\/cote\/sites\/43\/2022\/06\/postQueueImg_13-62a9f581675ed.jpg","type":"image\/jpeg"}],"author":"cfeditorfr","twitter_card":"summary_large_image","twitter_misc":{"\u00c9crit par":"cfeditorfr","Dur\u00e9e de lecture estim\u00e9e":"1 minute"},"schema":{"@context":"https:\/\/schema.org","@graph":[{"@type":"Article","@id":"https:\/\/www.africa-press.net\/cotedivoire\/toutes-les-actualites\/livoirien-kouassi-kouadio-alfred-elu-au-comite-des-droits-des-personnes-handicapees-de-lonu#article","isPartOf":{"@id":"https:\/\/www.africa-press.net\/cotedivoire\/toutes-les-actualites\/livoirien-kouassi-kouadio-alfred-elu-au-comite-des-droits-des-personnes-handicapees-de-lonu"},"author":{"name":"cfeditorfr","@id":"https:\/\/www.africa-press.net\/cotedivoire\/#\/schema\/person\/2b1cf3cd81a31e3cd26889ca66d677f1"},"headline":"L&rsquo;ivoirien Kouassi Kouadio Alfred \u00e9lu au Comit\u00e9 des Droits des personnes handicap\u00e9es de l&rsquo;ONU","datePublished":"2022-06-15T14:42:26+00:00","dateModified":"2022-06-15T15:07:09+00:00","mainEntityOfPage":{"@id":"https:\/\/www.africa-press.net\/cotedivoire\/toutes-les-actualites\/livoirien-kouassi-kouadio-alfred-elu-au-comite-des-droits-des-personnes-handicapees-de-lonu"},"wordCount":217,"commentCount":0,"image":{"@id":"https:\/\/www.africa-press.net\/cotedivoire\/toutes-les-actualites\/livoirien-kouassi-kouadio-alfred-elu-au-comite-des-droits-des-personnes-handicapees-de-lonu#primaryimage"},"thumbnailUrl":"https:\/\/static.africa-press.net\/cote\/sites\/43\/2022\/06\/postQueueImg_13-62a9f581675ed.jpg","keywords":["Africa Press","Africa Press-C\u00f4te d'Ivoire","C\u00d4TE D'IVOIRE","droits","handicap\u00e9es","Kouassi Kouadio Alfred","ONU","personnes"],"articleSection":["Communaut\u00e9","homepage-french","Toutes les actualit\u00e9s"],"inLanguage":"fr-FR","potentialAction":[{"@type":"CommentAction","name":"Comment","target":["https:\/\/www.africa-press.net\/cotedivoire\/toutes-les-actualites\/livoirien-kouassi-kouadio-alfred-elu-au-comite-des-droits-des-personnes-handicapees-de-lonu#respond"]}]},{"@type":"WebPage","@id":"https:\/\/www.africa-press.net\/cotedivoire\/toutes-les-actualites\/livoirien-kouassi-kouadio-alfred-elu-au-comite-des-droits-des-personnes-handicapees-de-lonu","url":"https:\/\/www.africa-press.net\/cotedivoire\/toutes-les-actualites\/livoirien-kouassi-kouadio-alfred-elu-au-comite-des-droits-des-personnes-handicapees-de-lonu","name":"L'ivoirien Kouassi Kouadio Alfred \u00e9lu au Comit\u00e9 des Droits des personnes handicap\u00e9es de l'ONU - C\u00f4te d&#039;Ivoire","isPartOf":{"@id":"https:\/\/www.africa-press.net\/cotedivoire\/#website"},"primaryImageOfPage":{"@id":"https:\/\/www.africa-press.net\/cotedivoire\/toutes-les-actualites\/livoirien-kouassi-kouadio-alfred-elu-au-comite-des-droits-des-personnes-handicapees-de-lonu#primaryimage"},"image":{"@id":"https:\/\/www.africa-press.net\/cotedivoire\/toutes-les-actualites\/livoirien-kouassi-kouadio-alfred-elu-au-comite-des-droits-des-personnes-handicapees-de-lonu#primaryimage"},"thumbnailUrl":"https:\/\/static.africa-press.net\/cote\/sites\/43\/2022\/06\/postQueueImg_13-62a9f581675ed.jpg","datePublished":"2022-06-15T14:42:26+00:00","dateModified":"2022-06-15T15:07:09+00:00","author":{"@id":"https:\/\/www.africa-press.net\/cotedivoire\/#\/schema\/person\/2b1cf3cd81a31e3cd26889ca66d677f1"},"description":"L\u2019ivoirien, Kouassi Kouadio Alfred, a \u00e9t\u00e9 \u00e9lu au Comit\u00e9 des Droits des personnes handicap\u00e9es de l\u2019Organisation d ...","breadcrumb":{"@id":"https:\/\/www.africa-press.net\/cotedivoire\/toutes-les-actualites\/livoirien-kouassi-kouadio-alfred-elu-au-comite-des-droits-des-personnes-handicapees-de-lonu#breadcrumb"},"inLanguage":"fr-FR","potentialAction":[{"@type":"ReadAction","target":["https:\/\/www.africa-press.net\/cotedivoire\/toutes-les-actualites\/livoirien-kouassi-kouadio-alfred-elu-au-comite-des-droits-des-personnes-handicapees-de-lonu"]}]},{"@type":"ImageObject","inLanguage":"fr-FR","@id":"https:\/\/www.africa-press.net\/cotedivoire\/toutes-les-actualites\/livoirien-kouassi-kouadio-alfred-elu-au-comite-des-droits-des-personnes-handicapees-de-lonu#primaryimage","url":"https:\/\/static.africa-press.net\/cote\/sites\/43\/2022\/06\/postQueueImg_13-62a9f581675ed.jpg","contentUrl":"https:\/\/static.africa-press.net\/cote\/sites\/43\/2022\/06\/postQueueImg_13-62a9f581675ed.jpg","width":720,"height":362,"caption":"L'ivoirien Kouassi Kouadio Alfred \u00e9lu au Comit\u00e9 des Droits des personnes handicap\u00e9es de l'ONU"},{"@type":"BreadcrumbList","@id":"https:\/\/www.africa-press.net\/cotedivoire\/toutes-les-actualites\/livoirien-kouassi-kouadio-alfred-elu-au-comite-des-droits-des-personnes-handicapees-de-lonu#breadcrumb","itemListElement":[{"@type":"ListItem","position":1,"name":"Accueil","item":"https:\/\/www.africa-press.net\/cotedivoire\/"},{"@type":"ListItem","position":2,"name":"L&#8217;ivoirien Kouassi Kouadio Alfred \u00e9lu au Comit\u00e9 des Droits des personnes handicap\u00e9es de l&#8217;ONU"}]},{"@type":"WebSite","@id":"https:\/\/www.africa-press.net\/cotedivoire\/#website","url":"https:\/\/www.africa-press.net\/cotedivoire\/","name":"C\u00f4te d&#039;Ivoire","description":"Just another Africa News Agency Sites site","potentialAction":[{"@type":"SearchAction","target":{"@type":"EntryPoint","urlTemplate":"https:\/\/www.africa-press.net\/cotedivoire\/?s={search_term_string}"},"query-input":{"@type":"PropertyValueSpecification","valueRequired":true,"valueName":"search_term_string"}}],"inLanguage":"fr-FR"},{"@type":"Person","@id":"https:\/\/www.africa-press.net\/cotedivoire\/#\/schema\/person\/2b1cf3cd81a31e3cd26889ca66d677f1","name":"cfeditorfr"}]}},"_links":{"self":[{"href":"https:\/\/www.africa-press.net\/cotedivoire\/wp-json\/wp\/v2\/posts\/38321","targetHints":{"allow":["GET"]}}],"collection":[{"href":"https:\/\/www.africa-press.net\/cotedivoire\/wp-json\/wp\/v2\/posts"}],"about":[{"href":"https:\/\/www.africa-press.net\/cotedivoire\/wp-json\/wp\/v2\/types\/post"}],"author":[{"embeddable":true,"href":"https:\/\/www.africa-press.net\/cotedivoire\/wp-json\/wp\/v2\/users\/82"}],"replies":[{"embeddable":true,"href":"https:\/\/www.africa-press.net\/cotedivoire\/wp-json\/wp\/v2\/comments?post=38321"}],"version-history":[{"count":0,"href":"https:\/\/www.africa-press.net\/cotedivoire\/wp-json\/wp\/v2\/posts\/38321\/revisions"}],"wp:featuredmedia":[{"embeddable":true,"href":"https:\/\/www.africa-press.net\/cotedivoire\/wp-json\/wp\/v2\/media\/38320"}],"wp:attachment":[{"href":"https:\/\/www.africa-press.net\/cotedivoire\/wp-json\/wp\/v2\/media?parent=38321"}],"wp:term":[{"taxonomy":"category","embeddable":true,"href":"https:\/\/www.africa-press.net\/cotedivoire\/wp-json\/wp\/v2\/categories?post=38321"},{"taxonomy":"post_tag","embeddable":true,"href":"https:\/\/www.africa-press.net\/cotedivoire\/wp-json\/wp\/v2\/tags?post=38321"}],"curies":[{"name":"wp","href":"https:\/\/api.w.org\/{rel}","templated":true}]}}