{"id":38507,"date":"2022-06-17T14:38:29","date_gmt":"2022-06-17T14:38:29","guid":{"rendered":"https:\/\/www.africa-press.net\/cotedivoire\/politique\/adama-bictogo-nouveau-president-de-lassemblee-parlementaire-de-la-francophonie"},"modified":"2022-06-17T15:20:39","modified_gmt":"2022-06-17T15:20:39","slug":"adama-bictogo-nouveau-president-de-lassemblee-parlementaire-de-la-francophonie","status":"publish","type":"post","link":"https:\/\/www.africa-press.net\/cotedivoire\/politique\/adama-bictogo-nouveau-president-de-lassemblee-parlementaire-de-la-francophonie","title":{"rendered":"Adama Bictogo nouveau pr\u00e9sident de l&rsquo;Assembl\u00e9e Parlementaire de la Francophonie"},"content":{"rendered":"<p><span style=\"color: #ff6600\"><strong>Africa-Press &#8211; C\u00f4te d&rsquo;Ivoire. <\/strong><\/span><b> <\/b>Elu le 7 juin 2022, pr\u00e9sident de l\u2019Assembl\u00e9e nationale de C\u00f4te d\u2019Ivoire, un mois apr\u00e8s le d\u00e9c\u00e8s de son pr\u00e9d\u00e9cesseur, Adama Bictogo, est le nouveau pr\u00e9sident de l\u2019Assembl\u00e9e parlementaire de la Francophonie (APF).<\/p>\n<p>Il remplace \u00e0 ce poste, feu Amadou Soumahoro qui assurait la pr\u00e9sidence de l&rsquo;APF depuis 2019, jusqu&rsquo;au 7 mai date de son d\u00e9c\u00e8s.<\/p>\n<p>L\u2019information a \u00e9t\u00e9 rendue publique par un communiqu\u00e9 publi\u00e9 le 15 juin 2022, par le Secr\u00e9tariat g\u00e9n\u00e9ral de l\u2019APF.<\/p>\n<p>Notons que la pr\u00e9sidence de l\u2019APF est assur\u00e9e de fa\u00e7on tournante par les pays membres et depuis 2019, ce poste a \u00e9chu \u00e0 la C\u00f4te d\u2019Ivoire.<\/p>\n<p>L\u2019Assembl\u00e9e parlementaire de la Francophonie est une organisation internationale de parlements de pays qui ont en commun la langue fran\u00e7aise ou bien, portent un int\u00e9r\u00eat \u00e0 cette langue. Elle comprend 56 sections et 19 observateurs.<\/p>\n<p>Elle a pour objectifs, entre autres, de repr\u00e9senter aupr\u00e8s des instances de la Francophonie les int\u00e9r\u00eats et les aspirations des peuples de l\u2019espace francophone et de promouvoir la d\u00e9mocratie, l\u2019Etat de droit et les droits de la personne, plus particuli\u00e8rement au sein de la communaut\u00e9 francophone.<\/p>\n<p><strong>Pour plus d&rsquo;informations et d&rsquo;analyses sur la <a href=\"https:\/\/www.africa-press.net\/cotedivoire\">C\u00f4te d&rsquo;Ivoire<\/a>, suivez <a href=\"https:\/\/www.africa-press.net\/\">Africa-Press<\/a><\/strong><\/p>\n","protected":false},"excerpt":{"rendered":"<p>Africa-Press &#8211; C\u00f4te d&rsquo;Ivoire. Elu le 7 juin 2022, pr\u00e9sident de l\u2019Assembl\u00e9e nationale de C\u00f4te d\u2019Ivoire, un mois apr\u00e8s le d\u00e9c\u00e8s de son pr\u00e9d\u00e9cesseur, Adama Bictogo, est le nouveau pr\u00e9sident de l\u2019Assembl\u00e9e parlementaire de la Francophonie (APF). Il remplace \u00e0 ce poste, feu Amadou Soumahoro qui assurait la pr\u00e9sidence de l&rsquo;APF depuis 2019, jusqu&rsquo;au 7 [&hellip;]<\/p>\n","protected":false},"author":82,"featured_media":38506,"comment_status":"open","ping_status":"closed","sticky":false,"template":"","format":"standard","meta":{"footnotes":""},"categories":[11,2,10],"tags":[1265,56,63,6567,29,6566],"class_list":["post-38507","post","type-post","status-publish","format-standard","has-post-thumbnail","hentry","category-homepage-french","category-politique","category-toutes-les-actualites","tag-adama-bictogo","tag-africa-press","tag-africa-press-cote-divoire","tag-assemblee-parlementaire-de-la-francophonie","tag-cote-divoire","tag-madou-soumahoro"],"yoast_head":"<!-- This site is optimized with the Yoast SEO Premium plugin v26.1 (Yoast SEO v27.0) - https:\/\/yoast.com\/product\/yoast-seo-premium-wordpress\/ -->\n<title>Adama Bictogo nouveau pr\u00e9sident de l&#039;Assembl\u00e9e Parlementaire de la Francophonie - C\u00f4te d&#039;Ivoire<\/title>\n<meta name=\"description\" content=\"Elu le 7 juin 2022, pr\u00e9sident de l\u2019Assembl\u00e9e nationale de C\u00f4te d\u2019Ivoire, un mois apr\u00e8s le d\u00e9c\u00e8s de son pr\u00e9d\u00e9cess ...\" \/>\n<meta name=\"robots\" content=\"index, follow, max-snippet:-1, max-image-preview:large, max-video-preview:-1\" \/>\n<link rel=\"canonical\" href=\"https:\/\/www.africa-press.net\/cotedivoire\/politique\/adama-bictogo-nouveau-president-de-lassemblee-parlementaire-de-la-francophonie\" \/>\n<meta property=\"og:locale\" content=\"fr_FR\" \/>\n<meta property=\"og:type\" content=\"article\" \/>\n<meta property=\"og:title\" content=\"Adama Bictogo nouveau pr\u00e9sident de l&#039;Assembl\u00e9e Parlementaire de la Francophonie\" \/>\n<meta property=\"og:description\" content=\"Elu le 7 juin 2022, pr\u00e9sident de l\u2019Assembl\u00e9e nationale de C\u00f4te d\u2019Ivoire, un mois apr\u00e8s le d\u00e9c\u00e8s de son pr\u00e9d\u00e9cess ...\" \/>\n<meta property=\"og:url\" content=\"https:\/\/www.africa-press.net\/cotedivoire\/politique\/adama-bictogo-nouveau-president-de-lassemblee-parlementaire-de-la-francophonie\" \/>\n<meta property=\"og:site_name\" content=\"C\u00f4te d&#039;Ivoire\" \/>\n<meta property=\"article:published_time\" content=\"2022-06-17T14:38:29+00:00\" \/>\n<meta property=\"article:modified_time\" content=\"2022-06-17T15:20:39+00:00\" \/>\n<meta property=\"og:image\" content=\"https:\/\/static.africa-press.net\/cote\/sites\/43\/2022\/06\/postQueueImg_25-62ac9ba707947.jpg\" \/>\n\t<meta property=\"og:image:width\" content=\"720\" \/>\n\t<meta property=\"og:image:height\" content=\"480\" \/>\n\t<meta property=\"og:image:type\" content=\"image\/jpeg\" \/>\n<meta name=\"author\" content=\"cfeditorfr\" \/>\n<meta name=\"twitter:card\" content=\"summary_large_image\" \/>\n<meta name=\"twitter:label1\" content=\"\u00c9crit par\" \/>\n\t<meta name=\"twitter:data1\" content=\"cfeditorfr\" \/>\n\t<meta name=\"twitter:label2\" content=\"Dur\u00e9e de lecture estim\u00e9e\" \/>\n\t<meta name=\"twitter:data2\" content=\"1 minute\" \/>\n<script type=\"application\/ld+json\" class=\"yoast-schema-graph\">{\"@context\":\"https:\/\/schema.org\",\"@graph\":[{\"@type\":\"Article\",\"@id\":\"https:\/\/www.africa-press.net\/cotedivoire\/politique\/adama-bictogo-nouveau-president-de-lassemblee-parlementaire-de-la-francophonie#article\",\"isPartOf\":{\"@id\":\"https:\/\/www.africa-press.net\/cotedivoire\/politique\/adama-bictogo-nouveau-president-de-lassemblee-parlementaire-de-la-francophonie\"},\"author\":{\"name\":\"cfeditorfr\",\"@id\":\"https:\/\/www.africa-press.net\/cotedivoire\/#\/schema\/person\/2b1cf3cd81a31e3cd26889ca66d677f1\"},\"headline\":\"Adama Bictogo nouveau pr\u00e9sident de l&rsquo;Assembl\u00e9e Parlementaire de la Francophonie\",\"datePublished\":\"2022-06-17T14:38:29+00:00\",\"dateModified\":\"2022-06-17T15:20:39+00:00\",\"mainEntityOfPage\":{\"@id\":\"https:\/\/www.africa-press.net\/cotedivoire\/politique\/adama-bictogo-nouveau-president-de-lassemblee-parlementaire-de-la-francophonie\"},\"wordCount\":246,\"commentCount\":0,\"image\":{\"@id\":\"https:\/\/www.africa-press.net\/cotedivoire\/politique\/adama-bictogo-nouveau-president-de-lassemblee-parlementaire-de-la-francophonie#primaryimage\"},\"thumbnailUrl\":\"https:\/\/static.africa-press.net\/cote\/sites\/43\/2022\/06\/postQueueImg_25-62ac9ba707947.jpg\",\"keywords\":[\"Adama Bictogo\",\"Africa Press\",\"Africa Press-C\u00f4te d'Ivoire\",\"Assembl\u00e9e parlementaire de la Francophonie\",\"C\u00d4TE D'IVOIRE\",\"madou Soumahoro\"],\"articleSection\":[\"homepage-french\",\"Politique\",\"Toutes les actualit\u00e9s\"],\"inLanguage\":\"fr-FR\",\"potentialAction\":[{\"@type\":\"CommentAction\",\"name\":\"Comment\",\"target\":[\"https:\/\/www.africa-press.net\/cotedivoire\/politique\/adama-bictogo-nouveau-president-de-lassemblee-parlementaire-de-la-francophonie#respond\"]}]},{\"@type\":\"WebPage\",\"@id\":\"https:\/\/www.africa-press.net\/cotedivoire\/politique\/adama-bictogo-nouveau-president-de-lassemblee-parlementaire-de-la-francophonie\",\"url\":\"https:\/\/www.africa-press.net\/cotedivoire\/politique\/adama-bictogo-nouveau-president-de-lassemblee-parlementaire-de-la-francophonie\",\"name\":\"Adama Bictogo nouveau pr\u00e9sident de l'Assembl\u00e9e Parlementaire de la Francophonie - C\u00f4te d&#039;Ivoire\",\"isPartOf\":{\"@id\":\"https:\/\/www.africa-press.net\/cotedivoire\/#website\"},\"primaryImageOfPage\":{\"@id\":\"https:\/\/www.africa-press.net\/cotedivoire\/politique\/adama-bictogo-nouveau-president-de-lassemblee-parlementaire-de-la-francophonie#primaryimage\"},\"image\":{\"@id\":\"https:\/\/www.africa-press.net\/cotedivoire\/politique\/adama-bictogo-nouveau-president-de-lassemblee-parlementaire-de-la-francophonie#primaryimage\"},\"thumbnailUrl\":\"https:\/\/static.africa-press.net\/cote\/sites\/43\/2022\/06\/postQueueImg_25-62ac9ba707947.jpg\",\"datePublished\":\"2022-06-17T14:38:29+00:00\",\"dateModified\":\"2022-06-17T15:20:39+00:00\",\"author\":{\"@id\":\"https:\/\/www.africa-press.net\/cotedivoire\/#\/schema\/person\/2b1cf3cd81a31e3cd26889ca66d677f1\"},\"description\":\"Elu le 7 juin 2022, pr\u00e9sident de l\u2019Assembl\u00e9e nationale de C\u00f4te d\u2019Ivoire, un mois apr\u00e8s le d\u00e9c\u00e8s de son pr\u00e9d\u00e9cess ...\",\"breadcrumb\":{\"@id\":\"https:\/\/www.africa-press.net\/cotedivoire\/politique\/adama-bictogo-nouveau-president-de-lassemblee-parlementaire-de-la-francophonie#breadcrumb\"},\"inLanguage\":\"fr-FR\",\"potentialAction\":[{\"@type\":\"ReadAction\",\"target\":[\"https:\/\/www.africa-press.net\/cotedivoire\/politique\/adama-bictogo-nouveau-president-de-lassemblee-parlementaire-de-la-francophonie\"]}]},{\"@type\":\"ImageObject\",\"inLanguage\":\"fr-FR\",\"@id\":\"https:\/\/www.africa-press.net\/cotedivoire\/politique\/adama-bictogo-nouveau-president-de-lassemblee-parlementaire-de-la-francophonie#primaryimage\",\"url\":\"https:\/\/static.africa-press.net\/cote\/sites\/43\/2022\/06\/postQueueImg_25-62ac9ba707947.jpg\",\"contentUrl\":\"https:\/\/static.africa-press.net\/cote\/sites\/43\/2022\/06\/postQueueImg_25-62ac9ba707947.jpg\",\"width\":720,\"height\":480,\"caption\":\"Adama Bictogo nouveau pr\u00e9sident de l'Assembl\u00e9e Parlementaire de la Francophonie\"},{\"@type\":\"BreadcrumbList\",\"@id\":\"https:\/\/www.africa-press.net\/cotedivoire\/politique\/adama-bictogo-nouveau-president-de-lassemblee-parlementaire-de-la-francophonie#breadcrumb\",\"itemListElement\":[{\"@type\":\"ListItem\",\"position\":1,\"name\":\"Accueil\",\"item\":\"https:\/\/www.africa-press.net\/cotedivoire\/\"},{\"@type\":\"ListItem\",\"position\":2,\"name\":\"Adama Bictogo nouveau pr\u00e9sident de l&#8217;Assembl\u00e9e Parlementaire de la Francophonie\"}]},{\"@type\":\"WebSite\",\"@id\":\"https:\/\/www.africa-press.net\/cotedivoire\/#website\",\"url\":\"https:\/\/www.africa-press.net\/cotedivoire\/\",\"name\":\"C\u00f4te d&#039;Ivoire\",\"description\":\"Just another Africa News Agency Sites site\",\"potentialAction\":[{\"@type\":\"SearchAction\",\"target\":{\"@type\":\"EntryPoint\",\"urlTemplate\":\"https:\/\/www.africa-press.net\/cotedivoire\/?s={search_term_string}\"},\"query-input\":{\"@type\":\"PropertyValueSpecification\",\"valueRequired\":true,\"valueName\":\"search_term_string\"}}],\"inLanguage\":\"fr-FR\"},{\"@type\":\"Person\",\"@id\":\"https:\/\/www.africa-press.net\/cotedivoire\/#\/schema\/person\/2b1cf3cd81a31e3cd26889ca66d677f1\",\"name\":\"cfeditorfr\"}]}<\/script>\n<!-- \/ Yoast SEO Premium plugin. -->","yoast_head_json":{"title":"Adama Bictogo nouveau pr\u00e9sident de l'Assembl\u00e9e Parlementaire de la Francophonie - C\u00f4te d&#039;Ivoire","description":"Elu le 7 juin 2022, pr\u00e9sident de l\u2019Assembl\u00e9e nationale de C\u00f4te d\u2019Ivoire, un mois apr\u00e8s le d\u00e9c\u00e8s de son pr\u00e9d\u00e9cess ...","robots":{"index":"index","follow":"follow","max-snippet":"max-snippet:-1","max-image-preview":"max-image-preview:large","max-video-preview":"max-video-preview:-1"},"canonical":"https:\/\/www.africa-press.net\/cotedivoire\/politique\/adama-bictogo-nouveau-president-de-lassemblee-parlementaire-de-la-francophonie","og_locale":"fr_FR","og_type":"article","og_title":"Adama Bictogo nouveau pr\u00e9sident de l'Assembl\u00e9e Parlementaire de la Francophonie","og_description":"Elu le 7 juin 2022, pr\u00e9sident de l\u2019Assembl\u00e9e nationale de C\u00f4te d\u2019Ivoire, un mois apr\u00e8s le d\u00e9c\u00e8s de son pr\u00e9d\u00e9cess ...","og_url":"https:\/\/www.africa-press.net\/cotedivoire\/politique\/adama-bictogo-nouveau-president-de-lassemblee-parlementaire-de-la-francophonie","og_site_name":"C\u00f4te d&#039;Ivoire","article_published_time":"2022-06-17T14:38:29+00:00","article_modified_time":"2022-06-17T15:20:39+00:00","og_image":[{"width":720,"height":480,"url":"https:\/\/static.africa-press.net\/cote\/sites\/43\/2022\/06\/postQueueImg_25-62ac9ba707947.jpg","type":"image\/jpeg"}],"author":"cfeditorfr","twitter_card":"summary_large_image","twitter_misc":{"\u00c9crit par":"cfeditorfr","Dur\u00e9e de lecture estim\u00e9e":"1 minute"},"schema":{"@context":"https:\/\/schema.org","@graph":[{"@type":"Article","@id":"https:\/\/www.africa-press.net\/cotedivoire\/politique\/adama-bictogo-nouveau-president-de-lassemblee-parlementaire-de-la-francophonie#article","isPartOf":{"@id":"https:\/\/www.africa-press.net\/cotedivoire\/politique\/adama-bictogo-nouveau-president-de-lassemblee-parlementaire-de-la-francophonie"},"author":{"name":"cfeditorfr","@id":"https:\/\/www.africa-press.net\/cotedivoire\/#\/schema\/person\/2b1cf3cd81a31e3cd26889ca66d677f1"},"headline":"Adama Bictogo nouveau pr\u00e9sident de l&rsquo;Assembl\u00e9e Parlementaire de la Francophonie","datePublished":"2022-06-17T14:38:29+00:00","dateModified":"2022-06-17T15:20:39+00:00","mainEntityOfPage":{"@id":"https:\/\/www.africa-press.net\/cotedivoire\/politique\/adama-bictogo-nouveau-president-de-lassemblee-parlementaire-de-la-francophonie"},"wordCount":246,"commentCount":0,"image":{"@id":"https:\/\/www.africa-press.net\/cotedivoire\/politique\/adama-bictogo-nouveau-president-de-lassemblee-parlementaire-de-la-francophonie#primaryimage"},"thumbnailUrl":"https:\/\/static.africa-press.net\/cote\/sites\/43\/2022\/06\/postQueueImg_25-62ac9ba707947.jpg","keywords":["Adama Bictogo","Africa Press","Africa Press-C\u00f4te d'Ivoire","Assembl\u00e9e parlementaire de la Francophonie","C\u00d4TE D'IVOIRE","madou Soumahoro"],"articleSection":["homepage-french","Politique","Toutes les actualit\u00e9s"],"inLanguage":"fr-FR","potentialAction":[{"@type":"CommentAction","name":"Comment","target":["https:\/\/www.africa-press.net\/cotedivoire\/politique\/adama-bictogo-nouveau-president-de-lassemblee-parlementaire-de-la-francophonie#respond"]}]},{"@type":"WebPage","@id":"https:\/\/www.africa-press.net\/cotedivoire\/politique\/adama-bictogo-nouveau-president-de-lassemblee-parlementaire-de-la-francophonie","url":"https:\/\/www.africa-press.net\/cotedivoire\/politique\/adama-bictogo-nouveau-president-de-lassemblee-parlementaire-de-la-francophonie","name":"Adama Bictogo nouveau pr\u00e9sident de l'Assembl\u00e9e Parlementaire de la Francophonie - C\u00f4te d&#039;Ivoire","isPartOf":{"@id":"https:\/\/www.africa-press.net\/cotedivoire\/#website"},"primaryImageOfPage":{"@id":"https:\/\/www.africa-press.net\/cotedivoire\/politique\/adama-bictogo-nouveau-president-de-lassemblee-parlementaire-de-la-francophonie#primaryimage"},"image":{"@id":"https:\/\/www.africa-press.net\/cotedivoire\/politique\/adama-bictogo-nouveau-president-de-lassemblee-parlementaire-de-la-francophonie#primaryimage"},"thumbnailUrl":"https:\/\/static.africa-press.net\/cote\/sites\/43\/2022\/06\/postQueueImg_25-62ac9ba707947.jpg","datePublished":"2022-06-17T14:38:29+00:00","dateModified":"2022-06-17T15:20:39+00:00","author":{"@id":"https:\/\/www.africa-press.net\/cotedivoire\/#\/schema\/person\/2b1cf3cd81a31e3cd26889ca66d677f1"},"description":"Elu le 7 juin 2022, pr\u00e9sident de l\u2019Assembl\u00e9e nationale de C\u00f4te d\u2019Ivoire, un mois apr\u00e8s le d\u00e9c\u00e8s de son pr\u00e9d\u00e9cess ...","breadcrumb":{"@id":"https:\/\/www.africa-press.net\/cotedivoire\/politique\/adama-bictogo-nouveau-president-de-lassemblee-parlementaire-de-la-francophonie#breadcrumb"},"inLanguage":"fr-FR","potentialAction":[{"@type":"ReadAction","target":["https:\/\/www.africa-press.net\/cotedivoire\/politique\/adama-bictogo-nouveau-president-de-lassemblee-parlementaire-de-la-francophonie"]}]},{"@type":"ImageObject","inLanguage":"fr-FR","@id":"https:\/\/www.africa-press.net\/cotedivoire\/politique\/adama-bictogo-nouveau-president-de-lassemblee-parlementaire-de-la-francophonie#primaryimage","url":"https:\/\/static.africa-press.net\/cote\/sites\/43\/2022\/06\/postQueueImg_25-62ac9ba707947.jpg","contentUrl":"https:\/\/static.africa-press.net\/cote\/sites\/43\/2022\/06\/postQueueImg_25-62ac9ba707947.jpg","width":720,"height":480,"caption":"Adama Bictogo nouveau pr\u00e9sident de l'Assembl\u00e9e Parlementaire de la Francophonie"},{"@type":"BreadcrumbList","@id":"https:\/\/www.africa-press.net\/cotedivoire\/politique\/adama-bictogo-nouveau-president-de-lassemblee-parlementaire-de-la-francophonie#breadcrumb","itemListElement":[{"@type":"ListItem","position":1,"name":"Accueil","item":"https:\/\/www.africa-press.net\/cotedivoire\/"},{"@type":"ListItem","position":2,"name":"Adama Bictogo nouveau pr\u00e9sident de l&#8217;Assembl\u00e9e Parlementaire de la Francophonie"}]},{"@type":"WebSite","@id":"https:\/\/www.africa-press.net\/cotedivoire\/#website","url":"https:\/\/www.africa-press.net\/cotedivoire\/","name":"C\u00f4te d&#039;Ivoire","description":"Just another Africa News Agency Sites site","potentialAction":[{"@type":"SearchAction","target":{"@type":"EntryPoint","urlTemplate":"https:\/\/www.africa-press.net\/cotedivoire\/?s={search_term_string}"},"query-input":{"@type":"PropertyValueSpecification","valueRequired":true,"valueName":"search_term_string"}}],"inLanguage":"fr-FR"},{"@type":"Person","@id":"https:\/\/www.africa-press.net\/cotedivoire\/#\/schema\/person\/2b1cf3cd81a31e3cd26889ca66d677f1","name":"cfeditorfr"}]}},"_links":{"self":[{"href":"https:\/\/www.africa-press.net\/cotedivoire\/wp-json\/wp\/v2\/posts\/38507","targetHints":{"allow":["GET"]}}],"collection":[{"href":"https:\/\/www.africa-press.net\/cotedivoire\/wp-json\/wp\/v2\/posts"}],"about":[{"href":"https:\/\/www.africa-press.net\/cotedivoire\/wp-json\/wp\/v2\/types\/post"}],"author":[{"embeddable":true,"href":"https:\/\/www.africa-press.net\/cotedivoire\/wp-json\/wp\/v2\/users\/82"}],"replies":[{"embeddable":true,"href":"https:\/\/www.africa-press.net\/cotedivoire\/wp-json\/wp\/v2\/comments?post=38507"}],"version-history":[{"count":0,"href":"https:\/\/www.africa-press.net\/cotedivoire\/wp-json\/wp\/v2\/posts\/38507\/revisions"}],"wp:featuredmedia":[{"embeddable":true,"href":"https:\/\/www.africa-press.net\/cotedivoire\/wp-json\/wp\/v2\/media\/38506"}],"wp:attachment":[{"href":"https:\/\/www.africa-press.net\/cotedivoire\/wp-json\/wp\/v2\/media?parent=38507"}],"wp:term":[{"taxonomy":"category","embeddable":true,"href":"https:\/\/www.africa-press.net\/cotedivoire\/wp-json\/wp\/v2\/categories?post=38507"},{"taxonomy":"post_tag","embeddable":true,"href":"https:\/\/www.africa-press.net\/cotedivoire\/wp-json\/wp\/v2\/tags?post=38507"}],"curies":[{"name":"wp","href":"https:\/\/api.w.org\/{rel}","templated":true}]}}