{"id":38845,"date":"2022-06-21T12:17:37","date_gmt":"2022-06-21T12:17:37","guid":{"rendered":"https:\/\/www.africa-press.net\/cotedivoire\/politique\/inondations-a-abidjan-4-enfants-decedes"},"modified":"2022-06-21T12:47:18","modified_gmt":"2022-06-21T12:47:18","slug":"inondations-a-abidjan-4-enfants-decedes","status":"publish","type":"post","link":"https:\/\/www.africa-press.net\/cotedivoire\/toutes-les-actualites\/inondations-a-abidjan-4-enfants-decedes","title":{"rendered":"Inondations \u00e0 Abidjan, 4 enfants d\u00e9c\u00e9d\u00e9s"},"content":{"rendered":"<p><span style=\"color: #ff6600\"><strong>Africa-Press &#8211; C\u00f4te d&rsquo;Ivoire. <\/strong><\/span>Faisant le point en mi-matin\u00e9e de la situation d&rsquo;inondations ce mardi 21 juin 2022 dans la capitale \u00e9conomique ivoirienne Abidjan, KOACI apprend du GSPM que plusieurs de leurs \u00e9l\u00e9ments sont d\u00e9ploy\u00e9s sur diff\u00e9rentes zones inond\u00e9es notamment Bingerville Feh Kess\u00e9, Bingerville March\u00e9, Bingerville \u00c9cole \u00c9lectricit\u00e9, Riviera Palmeraie, Riviera Allabra, Riviera Attoban, Cocody Angr\u00e9 CHU, Cocody Bonoumin et Yopougon Abododoum\u00e9.<\/p>\n<p>Suite \u00e0 ce d\u00e9ploiement des secouristes dans ces lieux, 39 victimes ont \u00e9t\u00e9 d\u00e9nombr\u00e9es.<\/p>\n<p>Il s&rsquo;agit de 34 personnes mises en s\u00e9curit\u00e9. 01 victime transport\u00e9e et malheureusement 04 enfants sont d\u00e9c\u00e9d\u00e9s.<\/p>\n<p>Les secouristes invitent la population \u00e0 s&rsquo;abriter en ces temps de pluie et fait savoir que les interventions se poursuivent.<\/p>\n<p>Alors que le pays est entr\u00e9 dans la saison des pluies depuis deux semaines, jeudi dernier, 6 personnes d&rsquo;une m\u00eame famille p\u00e9rissaient dans un \u00e9boulement survenu dans un bidonville d&rsquo;Att\u00e9coub\u00e9.<\/p>\n<p><strong>Pour plus d&rsquo;informations et d&rsquo;analyses sur la <a href=\"https:\/\/www.africa-press.net\/cotedivoire\">C\u00f4te d&rsquo;Ivoire<\/a>, suivez <a href=\"https:\/\/www.africa-press.net\/\">Africa-Press<\/a><\/strong><\/p>\n","protected":false},"excerpt":{"rendered":"<p>Africa-Press &#8211; C\u00f4te d&rsquo;Ivoire. Faisant le point en mi-matin\u00e9e de la situation d&rsquo;inondations ce mardi 21 juin 2022 dans la capitale \u00e9conomique ivoirienne Abidjan, KOACI apprend du GSPM que plusieurs de leurs \u00e9l\u00e9ments sont d\u00e9ploy\u00e9s sur diff\u00e9rentes zones inond\u00e9es notamment Bingerville Feh Kess\u00e9, Bingerville March\u00e9, Bingerville \u00c9cole \u00c9lectricit\u00e9, Riviera Palmeraie, Riviera Allabra, Riviera Attoban, Cocody [&hellip;]<\/p>\n","protected":false},"author":82,"featured_media":38844,"comment_status":"open","ping_status":"closed","sticky":false,"template":"","format":"standard","meta":{"footnotes":""},"categories":[21,11,10],"tags":[30,56,63,29,3104,5047],"class_list":["post-38845","post","type-post","status-publish","format-standard","has-post-thumbnail","hentry","category-communaute","category-homepage-french","category-toutes-les-actualites","tag-abidjan","tag-africa-press","tag-africa-press-cote-divoire","tag-cote-divoire","tag-gspm","tag-inondations"],"yoast_head":"<!-- This site is optimized with the Yoast SEO Premium plugin v26.1 (Yoast SEO v27.0) - https:\/\/yoast.com\/product\/yoast-seo-premium-wordpress\/ -->\n<title>Inondations \u00e0 Abidjan, 4 enfants d\u00e9c\u00e9d\u00e9s - C\u00f4te d&#039;Ivoire<\/title>\n<meta name=\"description\" content=\"Faisant le point en mi-matin\u00e9e de la situation d&#039;inondations ce mardi 21 juin 2022 dans la capitale \u00e9conomique ivoirienn ...\" \/>\n<meta name=\"robots\" content=\"index, follow, max-snippet:-1, max-image-preview:large, max-video-preview:-1\" \/>\n<link rel=\"canonical\" href=\"http:\/\/www.africa-press.net\/cotedivoire\/toutes-les-actualites\/inondations-a-abidjan-4-enfants-decedes\" \/>\n<meta property=\"og:locale\" content=\"fr_FR\" \/>\n<meta property=\"og:type\" content=\"article\" \/>\n<meta property=\"og:title\" content=\"Inondations \u00e0 Abidjan, 4 enfants d\u00e9c\u00e9d\u00e9s\" \/>\n<meta property=\"og:description\" content=\"Faisant le point en mi-matin\u00e9e de la situation d&#039;inondations ce mardi 21 juin 2022 dans la capitale \u00e9conomique ivoirienn ...\" \/>\n<meta property=\"og:url\" content=\"http:\/\/www.africa-press.net\/cotedivoire\/toutes-les-actualites\/inondations-a-abidjan-4-enfants-decedes\" \/>\n<meta property=\"og:site_name\" content=\"C\u00f4te d&#039;Ivoire\" \/>\n<meta property=\"article:published_time\" content=\"2022-06-21T12:17:37+00:00\" \/>\n<meta property=\"article:modified_time\" content=\"2022-06-21T12:47:18+00:00\" \/>\n<meta property=\"og:image\" content=\"https:\/\/static.africa-press.net\/cote\/sites\/43\/2022\/06\/postQueueImg_15-62b1bdc3bc78a.jpg\" \/>\n\t<meta property=\"og:image:width\" content=\"720\" \/>\n\t<meta property=\"og:image:height\" content=\"405\" \/>\n\t<meta property=\"og:image:type\" content=\"image\/jpeg\" \/>\n<meta name=\"author\" content=\"cfeditorfr\" \/>\n<meta name=\"twitter:card\" content=\"summary_large_image\" \/>\n<meta name=\"twitter:label1\" content=\"\u00c9crit par\" \/>\n\t<meta name=\"twitter:data1\" content=\"cfeditorfr\" \/>\n\t<meta name=\"twitter:label2\" content=\"Dur\u00e9e de lecture estim\u00e9e\" \/>\n\t<meta name=\"twitter:data2\" content=\"1 minute\" \/>\n<script type=\"application\/ld+json\" class=\"yoast-schema-graph\">{\"@context\":\"https:\/\/schema.org\",\"@graph\":[{\"@type\":\"Article\",\"@id\":\"http:\/\/www.africa-press.net\/cotedivoire\/toutes-les-actualites\/inondations-a-abidjan-4-enfants-decedes#article\",\"isPartOf\":{\"@id\":\"http:\/\/www.africa-press.net\/cotedivoire\/toutes-les-actualites\/inondations-a-abidjan-4-enfants-decedes\"},\"author\":{\"name\":\"cfeditorfr\",\"@id\":\"https:\/\/www.africa-press.net\/cotedivoire\/#\/schema\/person\/2b1cf3cd81a31e3cd26889ca66d677f1\"},\"headline\":\"Inondations \u00e0 Abidjan, 4 enfants d\u00e9c\u00e9d\u00e9s\",\"datePublished\":\"2022-06-21T12:17:37+00:00\",\"dateModified\":\"2022-06-21T12:47:18+00:00\",\"mainEntityOfPage\":{\"@id\":\"http:\/\/www.africa-press.net\/cotedivoire\/toutes-les-actualites\/inondations-a-abidjan-4-enfants-decedes\"},\"wordCount\":180,\"commentCount\":0,\"image\":{\"@id\":\"http:\/\/www.africa-press.net\/cotedivoire\/toutes-les-actualites\/inondations-a-abidjan-4-enfants-decedes#primaryimage\"},\"thumbnailUrl\":\"https:\/\/static.africa-press.net\/cote\/sites\/43\/2022\/06\/postQueueImg_15-62b1bdc3bc78a.jpg\",\"keywords\":[\"Abidjan\",\"Africa Press\",\"Africa Press-C\u00f4te d'Ivoire\",\"C\u00d4TE D'IVOIRE\",\"GSPM\",\"inondations\"],\"articleSection\":[\"Communaut\u00e9\",\"homepage-french\",\"Toutes les actualit\u00e9s\"],\"inLanguage\":\"fr-FR\",\"potentialAction\":[{\"@type\":\"CommentAction\",\"name\":\"Comment\",\"target\":[\"http:\/\/www.africa-press.net\/cotedivoire\/toutes-les-actualites\/inondations-a-abidjan-4-enfants-decedes#respond\"]}]},{\"@type\":\"WebPage\",\"@id\":\"http:\/\/www.africa-press.net\/cotedivoire\/toutes-les-actualites\/inondations-a-abidjan-4-enfants-decedes\",\"url\":\"http:\/\/www.africa-press.net\/cotedivoire\/toutes-les-actualites\/inondations-a-abidjan-4-enfants-decedes\",\"name\":\"Inondations \u00e0 Abidjan, 4 enfants d\u00e9c\u00e9d\u00e9s - C\u00f4te d&#039;Ivoire\",\"isPartOf\":{\"@id\":\"https:\/\/www.africa-press.net\/cotedivoire\/#website\"},\"primaryImageOfPage\":{\"@id\":\"http:\/\/www.africa-press.net\/cotedivoire\/toutes-les-actualites\/inondations-a-abidjan-4-enfants-decedes#primaryimage\"},\"image\":{\"@id\":\"http:\/\/www.africa-press.net\/cotedivoire\/toutes-les-actualites\/inondations-a-abidjan-4-enfants-decedes#primaryimage\"},\"thumbnailUrl\":\"https:\/\/static.africa-press.net\/cote\/sites\/43\/2022\/06\/postQueueImg_15-62b1bdc3bc78a.jpg\",\"datePublished\":\"2022-06-21T12:17:37+00:00\",\"dateModified\":\"2022-06-21T12:47:18+00:00\",\"author\":{\"@id\":\"https:\/\/www.africa-press.net\/cotedivoire\/#\/schema\/person\/2b1cf3cd81a31e3cd26889ca66d677f1\"},\"description\":\"Faisant le point en mi-matin\u00e9e de la situation d'inondations ce mardi 21 juin 2022 dans la capitale \u00e9conomique ivoirienn ...\",\"breadcrumb\":{\"@id\":\"http:\/\/www.africa-press.net\/cotedivoire\/toutes-les-actualites\/inondations-a-abidjan-4-enfants-decedes#breadcrumb\"},\"inLanguage\":\"fr-FR\",\"potentialAction\":[{\"@type\":\"ReadAction\",\"target\":[\"http:\/\/www.africa-press.net\/cotedivoire\/toutes-les-actualites\/inondations-a-abidjan-4-enfants-decedes\"]}]},{\"@type\":\"ImageObject\",\"inLanguage\":\"fr-FR\",\"@id\":\"http:\/\/www.africa-press.net\/cotedivoire\/toutes-les-actualites\/inondations-a-abidjan-4-enfants-decedes#primaryimage\",\"url\":\"https:\/\/static.africa-press.net\/cote\/sites\/43\/2022\/06\/postQueueImg_15-62b1bdc3bc78a.jpg\",\"contentUrl\":\"https:\/\/static.africa-press.net\/cote\/sites\/43\/2022\/06\/postQueueImg_15-62b1bdc3bc78a.jpg\",\"width\":720,\"height\":405,\"caption\":\"Inondations \u00e0 Abidjan, 4 enfants d\u00e9c\u00e9d\u00e9s\"},{\"@type\":\"BreadcrumbList\",\"@id\":\"http:\/\/www.africa-press.net\/cotedivoire\/toutes-les-actualites\/inondations-a-abidjan-4-enfants-decedes#breadcrumb\",\"itemListElement\":[{\"@type\":\"ListItem\",\"position\":1,\"name\":\"Accueil\",\"item\":\"https:\/\/www.africa-press.net\/cotedivoire\/\"},{\"@type\":\"ListItem\",\"position\":2,\"name\":\"Inondations \u00e0 Abidjan, 4 enfants d\u00e9c\u00e9d\u00e9s\"}]},{\"@type\":\"WebSite\",\"@id\":\"https:\/\/www.africa-press.net\/cotedivoire\/#website\",\"url\":\"https:\/\/www.africa-press.net\/cotedivoire\/\",\"name\":\"C\u00f4te d&#039;Ivoire\",\"description\":\"Just another Africa News Agency Sites site\",\"potentialAction\":[{\"@type\":\"SearchAction\",\"target\":{\"@type\":\"EntryPoint\",\"urlTemplate\":\"https:\/\/www.africa-press.net\/cotedivoire\/?s={search_term_string}\"},\"query-input\":{\"@type\":\"PropertyValueSpecification\",\"valueRequired\":true,\"valueName\":\"search_term_string\"}}],\"inLanguage\":\"fr-FR\"},{\"@type\":\"Person\",\"@id\":\"https:\/\/www.africa-press.net\/cotedivoire\/#\/schema\/person\/2b1cf3cd81a31e3cd26889ca66d677f1\",\"name\":\"cfeditorfr\"}]}<\/script>\n<!-- \/ Yoast SEO Premium plugin. -->","yoast_head_json":{"title":"Inondations \u00e0 Abidjan, 4 enfants d\u00e9c\u00e9d\u00e9s - C\u00f4te d&#039;Ivoire","description":"Faisant le point en mi-matin\u00e9e de la situation d'inondations ce mardi 21 juin 2022 dans la capitale \u00e9conomique ivoirienn ...","robots":{"index":"index","follow":"follow","max-snippet":"max-snippet:-1","max-image-preview":"max-image-preview:large","max-video-preview":"max-video-preview:-1"},"canonical":"http:\/\/www.africa-press.net\/cotedivoire\/toutes-les-actualites\/inondations-a-abidjan-4-enfants-decedes","og_locale":"fr_FR","og_type":"article","og_title":"Inondations \u00e0 Abidjan, 4 enfants d\u00e9c\u00e9d\u00e9s","og_description":"Faisant le point en mi-matin\u00e9e de la situation d'inondations ce mardi 21 juin 2022 dans la capitale \u00e9conomique ivoirienn ...","og_url":"http:\/\/www.africa-press.net\/cotedivoire\/toutes-les-actualites\/inondations-a-abidjan-4-enfants-decedes","og_site_name":"C\u00f4te d&#039;Ivoire","article_published_time":"2022-06-21T12:17:37+00:00","article_modified_time":"2022-06-21T12:47:18+00:00","og_image":[{"width":720,"height":405,"url":"https:\/\/static.africa-press.net\/cote\/sites\/43\/2022\/06\/postQueueImg_15-62b1bdc3bc78a.jpg","type":"image\/jpeg"}],"author":"cfeditorfr","twitter_card":"summary_large_image","twitter_misc":{"\u00c9crit par":"cfeditorfr","Dur\u00e9e de lecture estim\u00e9e":"1 minute"},"schema":{"@context":"https:\/\/schema.org","@graph":[{"@type":"Article","@id":"http:\/\/www.africa-press.net\/cotedivoire\/toutes-les-actualites\/inondations-a-abidjan-4-enfants-decedes#article","isPartOf":{"@id":"http:\/\/www.africa-press.net\/cotedivoire\/toutes-les-actualites\/inondations-a-abidjan-4-enfants-decedes"},"author":{"name":"cfeditorfr","@id":"https:\/\/www.africa-press.net\/cotedivoire\/#\/schema\/person\/2b1cf3cd81a31e3cd26889ca66d677f1"},"headline":"Inondations \u00e0 Abidjan, 4 enfants d\u00e9c\u00e9d\u00e9s","datePublished":"2022-06-21T12:17:37+00:00","dateModified":"2022-06-21T12:47:18+00:00","mainEntityOfPage":{"@id":"http:\/\/www.africa-press.net\/cotedivoire\/toutes-les-actualites\/inondations-a-abidjan-4-enfants-decedes"},"wordCount":180,"commentCount":0,"image":{"@id":"http:\/\/www.africa-press.net\/cotedivoire\/toutes-les-actualites\/inondations-a-abidjan-4-enfants-decedes#primaryimage"},"thumbnailUrl":"https:\/\/static.africa-press.net\/cote\/sites\/43\/2022\/06\/postQueueImg_15-62b1bdc3bc78a.jpg","keywords":["Abidjan","Africa Press","Africa Press-C\u00f4te d'Ivoire","C\u00d4TE D'IVOIRE","GSPM","inondations"],"articleSection":["Communaut\u00e9","homepage-french","Toutes les actualit\u00e9s"],"inLanguage":"fr-FR","potentialAction":[{"@type":"CommentAction","name":"Comment","target":["http:\/\/www.africa-press.net\/cotedivoire\/toutes-les-actualites\/inondations-a-abidjan-4-enfants-decedes#respond"]}]},{"@type":"WebPage","@id":"http:\/\/www.africa-press.net\/cotedivoire\/toutes-les-actualites\/inondations-a-abidjan-4-enfants-decedes","url":"http:\/\/www.africa-press.net\/cotedivoire\/toutes-les-actualites\/inondations-a-abidjan-4-enfants-decedes","name":"Inondations \u00e0 Abidjan, 4 enfants d\u00e9c\u00e9d\u00e9s - C\u00f4te d&#039;Ivoire","isPartOf":{"@id":"https:\/\/www.africa-press.net\/cotedivoire\/#website"},"primaryImageOfPage":{"@id":"http:\/\/www.africa-press.net\/cotedivoire\/toutes-les-actualites\/inondations-a-abidjan-4-enfants-decedes#primaryimage"},"image":{"@id":"http:\/\/www.africa-press.net\/cotedivoire\/toutes-les-actualites\/inondations-a-abidjan-4-enfants-decedes#primaryimage"},"thumbnailUrl":"https:\/\/static.africa-press.net\/cote\/sites\/43\/2022\/06\/postQueueImg_15-62b1bdc3bc78a.jpg","datePublished":"2022-06-21T12:17:37+00:00","dateModified":"2022-06-21T12:47:18+00:00","author":{"@id":"https:\/\/www.africa-press.net\/cotedivoire\/#\/schema\/person\/2b1cf3cd81a31e3cd26889ca66d677f1"},"description":"Faisant le point en mi-matin\u00e9e de la situation d'inondations ce mardi 21 juin 2022 dans la capitale \u00e9conomique ivoirienn ...","breadcrumb":{"@id":"http:\/\/www.africa-press.net\/cotedivoire\/toutes-les-actualites\/inondations-a-abidjan-4-enfants-decedes#breadcrumb"},"inLanguage":"fr-FR","potentialAction":[{"@type":"ReadAction","target":["http:\/\/www.africa-press.net\/cotedivoire\/toutes-les-actualites\/inondations-a-abidjan-4-enfants-decedes"]}]},{"@type":"ImageObject","inLanguage":"fr-FR","@id":"http:\/\/www.africa-press.net\/cotedivoire\/toutes-les-actualites\/inondations-a-abidjan-4-enfants-decedes#primaryimage","url":"https:\/\/static.africa-press.net\/cote\/sites\/43\/2022\/06\/postQueueImg_15-62b1bdc3bc78a.jpg","contentUrl":"https:\/\/static.africa-press.net\/cote\/sites\/43\/2022\/06\/postQueueImg_15-62b1bdc3bc78a.jpg","width":720,"height":405,"caption":"Inondations \u00e0 Abidjan, 4 enfants d\u00e9c\u00e9d\u00e9s"},{"@type":"BreadcrumbList","@id":"http:\/\/www.africa-press.net\/cotedivoire\/toutes-les-actualites\/inondations-a-abidjan-4-enfants-decedes#breadcrumb","itemListElement":[{"@type":"ListItem","position":1,"name":"Accueil","item":"https:\/\/www.africa-press.net\/cotedivoire\/"},{"@type":"ListItem","position":2,"name":"Inondations \u00e0 Abidjan, 4 enfants d\u00e9c\u00e9d\u00e9s"}]},{"@type":"WebSite","@id":"https:\/\/www.africa-press.net\/cotedivoire\/#website","url":"https:\/\/www.africa-press.net\/cotedivoire\/","name":"C\u00f4te d&#039;Ivoire","description":"Just another Africa News Agency Sites site","potentialAction":[{"@type":"SearchAction","target":{"@type":"EntryPoint","urlTemplate":"https:\/\/www.africa-press.net\/cotedivoire\/?s={search_term_string}"},"query-input":{"@type":"PropertyValueSpecification","valueRequired":true,"valueName":"search_term_string"}}],"inLanguage":"fr-FR"},{"@type":"Person","@id":"https:\/\/www.africa-press.net\/cotedivoire\/#\/schema\/person\/2b1cf3cd81a31e3cd26889ca66d677f1","name":"cfeditorfr"}]}},"_links":{"self":[{"href":"https:\/\/www.africa-press.net\/cotedivoire\/wp-json\/wp\/v2\/posts\/38845","targetHints":{"allow":["GET"]}}],"collection":[{"href":"https:\/\/www.africa-press.net\/cotedivoire\/wp-json\/wp\/v2\/posts"}],"about":[{"href":"https:\/\/www.africa-press.net\/cotedivoire\/wp-json\/wp\/v2\/types\/post"}],"author":[{"embeddable":true,"href":"https:\/\/www.africa-press.net\/cotedivoire\/wp-json\/wp\/v2\/users\/82"}],"replies":[{"embeddable":true,"href":"https:\/\/www.africa-press.net\/cotedivoire\/wp-json\/wp\/v2\/comments?post=38845"}],"version-history":[{"count":0,"href":"https:\/\/www.africa-press.net\/cotedivoire\/wp-json\/wp\/v2\/posts\/38845\/revisions"}],"wp:featuredmedia":[{"embeddable":true,"href":"https:\/\/www.africa-press.net\/cotedivoire\/wp-json\/wp\/v2\/media\/38844"}],"wp:attachment":[{"href":"https:\/\/www.africa-press.net\/cotedivoire\/wp-json\/wp\/v2\/media?parent=38845"}],"wp:term":[{"taxonomy":"category","embeddable":true,"href":"https:\/\/www.africa-press.net\/cotedivoire\/wp-json\/wp\/v2\/categories?post=38845"},{"taxonomy":"post_tag","embeddable":true,"href":"https:\/\/www.africa-press.net\/cotedivoire\/wp-json\/wp\/v2\/tags?post=38845"}],"curies":[{"name":"wp","href":"https:\/\/api.w.org\/{rel}","templated":true}]}}