{"id":39037,"date":"2022-06-23T14:47:00","date_gmt":"2022-06-23T14:47:00","guid":{"rendered":"https:\/\/www.africa-press.net\/cotedivoire\/politique\/hubert-oulaye-conduit-une-delegation-du-parti-de-gbagbo-au-maroc-aupres-de-bictogo-pour-une-reunion-de-lapf"},"modified":"2022-06-23T16:31:45","modified_gmt":"2022-06-23T16:31:45","slug":"hubert-oulaye-conduit-une-delegation-du-parti-de-gbagbo-au-maroc-aupres-de-bictogo-pour-une-reunion-de-lapf","status":"publish","type":"post","link":"https:\/\/www.africa-press.net\/cotedivoire\/parties\/hubert-oulaye-conduit-une-delegation-du-parti-de-gbagbo-au-maroc-aupres-de-bictogo-pour-une-reunion-de-lapf","title":{"rendered":"Hubert Oulaye conduit une d\u00e9l\u00e9gation du Parti de Gbagbo au Maroc aupr\u00e8s de Bictogo pour une r\u00e9union de l&rsquo;APF"},"content":{"rendered":"<p><span style=\"color: #ff6600\"><strong>Africa-Press &#8211; C\u00f4te d&rsquo;Ivoire. <\/strong><\/span><b> <\/b>Le pr\u00e9sident ex\u00e9cutif du Parti des Peuples Africains \u2013 C\u00f4te d\u2019Ivoire (PPA-CI), Hubert Oulaye s\u2019est envol\u00e9 hier mercredi 22 juin 2022 au Maroc en compagnie d\u2019une d\u00e9l\u00e9gation des cadres du PPA-CI.<\/p>\n<p>Le d\u00e9put\u00e9 de la circonscription de Guiglo sous-pr\u00e9fecture, pr\u00e9sident du groupe parlementaire EDS\/PPA-CI, est en mission parlementaire dans le royaume du Maroc, aux c\u00f4t\u00e9s de l&rsquo;honorable Adama Bictogo, pr\u00e9sident de l&rsquo;Assembl\u00e9e nationale Ivoirienne et bien d&rsquo;autres D\u00e9put\u00e9s, apprend KOACI de sources proches de l\u2019ancien ministre de Gbagbo.<\/p>\n<p>La d\u00e9l\u00e9gation conduite par Hubert Oulaye sera aux c\u00f4t\u00e9s du pr\u00e9sident de l\u2019Assembl\u00e9e nationale pour prendre part \u00e0 la 28\u00e8 Assembl\u00e9e r\u00e9gionale Afrique (ARA) de l\u2019Assembl\u00e9e parlementaire francophone (APF) qui se tiendra les 23 et 24 juin 2022 \u00e0 Rabat au Maroc, nous informe-t-on.<\/p>\n<p><strong>Pour plus d&rsquo;informations et d&rsquo;analyses sur la <a href=\"https:\/\/www.africa-press.net\/cotedivoire\">C\u00f4te d&rsquo;Ivoire<\/a>, suivez <a href=\"https:\/\/www.africa-press.net\/\">Africa-Press<\/a><\/strong><\/p>\n","protected":false},"excerpt":{"rendered":"<p>Africa-Press &#8211; C\u00f4te d&rsquo;Ivoire. Le pr\u00e9sident ex\u00e9cutif du Parti des Peuples Africains \u2013 C\u00f4te d\u2019Ivoire (PPA-CI), Hubert Oulaye s\u2019est envol\u00e9 hier mercredi 22 juin 2022 au Maroc en compagnie d\u2019une d\u00e9l\u00e9gation des cadres du PPA-CI. Le d\u00e9put\u00e9 de la circonscription de Guiglo sous-pr\u00e9fecture, pr\u00e9sident du groupe parlementaire EDS\/PPA-CI, est en mission parlementaire dans le royaume [&hellip;]<\/p>\n","protected":false},"author":82,"featured_media":39036,"comment_status":"open","ping_status":"closed","sticky":false,"template":"","format":"standard","meta":{"footnotes":""},"categories":[11,4,10],"tags":[1265,56,63,6683,6682,29,2097,498,6684],"class_list":["post-39037","post","type-post","status-publish","format-standard","has-post-thumbnail","hentry","category-homepage-french","category-parties","category-toutes-les-actualites","tag-adama-bictogo","tag-africa-press","tag-africa-press-cote-divoire","tag-apf","tag-ara","tag-cote-divoire","tag-hubert-oulaye","tag-maroc","tag-rabat"],"yoast_head":"<!-- This site is optimized with the Yoast SEO Premium plugin v26.1 (Yoast SEO v27.0) - https:\/\/yoast.com\/product\/yoast-seo-premium-wordpress\/ -->\n<title>Hubert Oulaye conduit une d\u00e9l\u00e9gation du Parti de Gbagbo au Maroc aupr\u00e8s de Bictogo pour une r\u00e9union de l&#039;APF - C\u00f4te d&#039;Ivoire<\/title>\n<meta name=\"description\" content=\"Le pr\u00e9sident ex\u00e9cutif du Parti des Peuples Africains \u2013 C\u00f4te d\u2019Ivoire (PPA-CI), Hubert Oulaye s\u2019est envol\u00e9 hier m ...\" \/>\n<meta name=\"robots\" content=\"index, follow, max-snippet:-1, max-image-preview:large, max-video-preview:-1\" \/>\n<link rel=\"canonical\" href=\"http:\/\/www.africa-press.net\/cotedivoire\/parties\/hubert-oulaye-conduit-une-delegation-du-parti-de-gbagbo-au-maroc-aupres-de-bictogo-pour-une-reunion-de-lapf\" \/>\n<meta property=\"og:locale\" content=\"fr_FR\" \/>\n<meta property=\"og:type\" content=\"article\" \/>\n<meta property=\"og:title\" content=\"Hubert Oulaye conduit une d\u00e9l\u00e9gation du Parti de Gbagbo au Maroc aupr\u00e8s de Bictogo pour une r\u00e9union de l&#039;APF\" \/>\n<meta property=\"og:description\" content=\"Le pr\u00e9sident ex\u00e9cutif du Parti des Peuples Africains \u2013 C\u00f4te d\u2019Ivoire (PPA-CI), Hubert Oulaye s\u2019est envol\u00e9 hier m ...\" \/>\n<meta property=\"og:url\" content=\"http:\/\/www.africa-press.net\/cotedivoire\/parties\/hubert-oulaye-conduit-une-delegation-du-parti-de-gbagbo-au-maroc-aupres-de-bictogo-pour-une-reunion-de-lapf\" \/>\n<meta property=\"og:site_name\" content=\"C\u00f4te d&#039;Ivoire\" \/>\n<meta property=\"article:published_time\" content=\"2022-06-23T14:47:00+00:00\" \/>\n<meta property=\"article:modified_time\" content=\"2022-06-23T16:31:45+00:00\" \/>\n<meta property=\"og:image\" content=\"https:\/\/static.africa-press.net\/cote\/sites\/43\/2022\/06\/postQueueImg_74.jpg\" \/>\n\t<meta property=\"og:image:width\" content=\"720\" \/>\n\t<meta property=\"og:image:height\" content=\"480\" \/>\n\t<meta property=\"og:image:type\" content=\"image\/jpeg\" \/>\n<meta name=\"author\" content=\"cfeditorfr\" \/>\n<meta name=\"twitter:card\" content=\"summary_large_image\" \/>\n<meta name=\"twitter:label1\" content=\"\u00c9crit par\" \/>\n\t<meta name=\"twitter:data1\" content=\"cfeditorfr\" \/>\n\t<meta name=\"twitter:label2\" content=\"Dur\u00e9e de lecture estim\u00e9e\" \/>\n\t<meta name=\"twitter:data2\" content=\"1 minute\" \/>\n<script type=\"application\/ld+json\" class=\"yoast-schema-graph\">{\"@context\":\"https:\/\/schema.org\",\"@graph\":[{\"@type\":\"Article\",\"@id\":\"http:\/\/www.africa-press.net\/cotedivoire\/parties\/hubert-oulaye-conduit-une-delegation-du-parti-de-gbagbo-au-maroc-aupres-de-bictogo-pour-une-reunion-de-lapf#article\",\"isPartOf\":{\"@id\":\"http:\/\/www.africa-press.net\/cotedivoire\/parties\/hubert-oulaye-conduit-une-delegation-du-parti-de-gbagbo-au-maroc-aupres-de-bictogo-pour-une-reunion-de-lapf\"},\"author\":{\"name\":\"cfeditorfr\",\"@id\":\"https:\/\/www.africa-press.net\/cotedivoire\/#\/schema\/person\/2b1cf3cd81a31e3cd26889ca66d677f1\"},\"headline\":\"Hubert Oulaye conduit une d\u00e9l\u00e9gation du Parti de Gbagbo au Maroc aupr\u00e8s de Bictogo pour une r\u00e9union de l&rsquo;APF\",\"datePublished\":\"2022-06-23T14:47:00+00:00\",\"dateModified\":\"2022-06-23T16:31:45+00:00\",\"mainEntityOfPage\":{\"@id\":\"http:\/\/www.africa-press.net\/cotedivoire\/parties\/hubert-oulaye-conduit-une-delegation-du-parti-de-gbagbo-au-maroc-aupres-de-bictogo-pour-une-reunion-de-lapf\"},\"wordCount\":191,\"commentCount\":0,\"image\":{\"@id\":\"http:\/\/www.africa-press.net\/cotedivoire\/parties\/hubert-oulaye-conduit-une-delegation-du-parti-de-gbagbo-au-maroc-aupres-de-bictogo-pour-une-reunion-de-lapf#primaryimage\"},\"thumbnailUrl\":\"https:\/\/static.africa-press.net\/cote\/sites\/43\/2022\/06\/postQueueImg_74.jpg\",\"keywords\":[\"Adama Bictogo\",\"Africa Press\",\"Africa Press-C\u00f4te d'Ivoire\",\"APF\",\"ARA\",\"C\u00d4TE D'IVOIRE\",\"Hubert Oulaye\",\"Maroc\",\"Rabat\"],\"articleSection\":[\"homepage-french\",\"Parties\",\"Toutes les actualit\u00e9s\"],\"inLanguage\":\"fr-FR\",\"potentialAction\":[{\"@type\":\"CommentAction\",\"name\":\"Comment\",\"target\":[\"http:\/\/www.africa-press.net\/cotedivoire\/parties\/hubert-oulaye-conduit-une-delegation-du-parti-de-gbagbo-au-maroc-aupres-de-bictogo-pour-une-reunion-de-lapf#respond\"]}]},{\"@type\":\"WebPage\",\"@id\":\"http:\/\/www.africa-press.net\/cotedivoire\/parties\/hubert-oulaye-conduit-une-delegation-du-parti-de-gbagbo-au-maroc-aupres-de-bictogo-pour-une-reunion-de-lapf\",\"url\":\"http:\/\/www.africa-press.net\/cotedivoire\/parties\/hubert-oulaye-conduit-une-delegation-du-parti-de-gbagbo-au-maroc-aupres-de-bictogo-pour-une-reunion-de-lapf\",\"name\":\"Hubert Oulaye conduit une d\u00e9l\u00e9gation du Parti de Gbagbo au Maroc aupr\u00e8s de Bictogo pour une r\u00e9union de l'APF - C\u00f4te d&#039;Ivoire\",\"isPartOf\":{\"@id\":\"https:\/\/www.africa-press.net\/cotedivoire\/#website\"},\"primaryImageOfPage\":{\"@id\":\"http:\/\/www.africa-press.net\/cotedivoire\/parties\/hubert-oulaye-conduit-une-delegation-du-parti-de-gbagbo-au-maroc-aupres-de-bictogo-pour-une-reunion-de-lapf#primaryimage\"},\"image\":{\"@id\":\"http:\/\/www.africa-press.net\/cotedivoire\/parties\/hubert-oulaye-conduit-une-delegation-du-parti-de-gbagbo-au-maroc-aupres-de-bictogo-pour-une-reunion-de-lapf#primaryimage\"},\"thumbnailUrl\":\"https:\/\/static.africa-press.net\/cote\/sites\/43\/2022\/06\/postQueueImg_74.jpg\",\"datePublished\":\"2022-06-23T14:47:00+00:00\",\"dateModified\":\"2022-06-23T16:31:45+00:00\",\"author\":{\"@id\":\"https:\/\/www.africa-press.net\/cotedivoire\/#\/schema\/person\/2b1cf3cd81a31e3cd26889ca66d677f1\"},\"description\":\"Le pr\u00e9sident ex\u00e9cutif du Parti des Peuples Africains \u2013 C\u00f4te d\u2019Ivoire (PPA-CI), Hubert Oulaye s\u2019est envol\u00e9 hier m ...\",\"breadcrumb\":{\"@id\":\"http:\/\/www.africa-press.net\/cotedivoire\/parties\/hubert-oulaye-conduit-une-delegation-du-parti-de-gbagbo-au-maroc-aupres-de-bictogo-pour-une-reunion-de-lapf#breadcrumb\"},\"inLanguage\":\"fr-FR\",\"potentialAction\":[{\"@type\":\"ReadAction\",\"target\":[\"http:\/\/www.africa-press.net\/cotedivoire\/parties\/hubert-oulaye-conduit-une-delegation-du-parti-de-gbagbo-au-maroc-aupres-de-bictogo-pour-une-reunion-de-lapf\"]}]},{\"@type\":\"ImageObject\",\"inLanguage\":\"fr-FR\",\"@id\":\"http:\/\/www.africa-press.net\/cotedivoire\/parties\/hubert-oulaye-conduit-une-delegation-du-parti-de-gbagbo-au-maroc-aupres-de-bictogo-pour-une-reunion-de-lapf#primaryimage\",\"url\":\"https:\/\/static.africa-press.net\/cote\/sites\/43\/2022\/06\/postQueueImg_74.jpg\",\"contentUrl\":\"https:\/\/static.africa-press.net\/cote\/sites\/43\/2022\/06\/postQueueImg_74.jpg\",\"width\":720,\"height\":480,\"caption\":\"Hubert Oulaye conduit une d\u00e9l\u00e9gation du Parti de Gbagbo au Maroc aupr\u00e8s de Bictogo pour une r\u00e9union de l'APF\"},{\"@type\":\"BreadcrumbList\",\"@id\":\"http:\/\/www.africa-press.net\/cotedivoire\/parties\/hubert-oulaye-conduit-une-delegation-du-parti-de-gbagbo-au-maroc-aupres-de-bictogo-pour-une-reunion-de-lapf#breadcrumb\",\"itemListElement\":[{\"@type\":\"ListItem\",\"position\":1,\"name\":\"Accueil\",\"item\":\"https:\/\/www.africa-press.net\/cotedivoire\/\"},{\"@type\":\"ListItem\",\"position\":2,\"name\":\"Hubert Oulaye conduit une d\u00e9l\u00e9gation du Parti de Gbagbo au Maroc aupr\u00e8s de Bictogo pour une r\u00e9union de l&#8217;APF\"}]},{\"@type\":\"WebSite\",\"@id\":\"https:\/\/www.africa-press.net\/cotedivoire\/#website\",\"url\":\"https:\/\/www.africa-press.net\/cotedivoire\/\",\"name\":\"C\u00f4te d&#039;Ivoire\",\"description\":\"Just another Africa News Agency Sites site\",\"potentialAction\":[{\"@type\":\"SearchAction\",\"target\":{\"@type\":\"EntryPoint\",\"urlTemplate\":\"https:\/\/www.africa-press.net\/cotedivoire\/?s={search_term_string}\"},\"query-input\":{\"@type\":\"PropertyValueSpecification\",\"valueRequired\":true,\"valueName\":\"search_term_string\"}}],\"inLanguage\":\"fr-FR\"},{\"@type\":\"Person\",\"@id\":\"https:\/\/www.africa-press.net\/cotedivoire\/#\/schema\/person\/2b1cf3cd81a31e3cd26889ca66d677f1\",\"name\":\"cfeditorfr\"}]}<\/script>\n<!-- \/ Yoast SEO Premium plugin. -->","yoast_head_json":{"title":"Hubert Oulaye conduit une d\u00e9l\u00e9gation du Parti de Gbagbo au Maroc aupr\u00e8s de Bictogo pour une r\u00e9union de l'APF - C\u00f4te d&#039;Ivoire","description":"Le pr\u00e9sident ex\u00e9cutif du Parti des Peuples Africains \u2013 C\u00f4te d\u2019Ivoire (PPA-CI), Hubert Oulaye s\u2019est envol\u00e9 hier m ...","robots":{"index":"index","follow":"follow","max-snippet":"max-snippet:-1","max-image-preview":"max-image-preview:large","max-video-preview":"max-video-preview:-1"},"canonical":"http:\/\/www.africa-press.net\/cotedivoire\/parties\/hubert-oulaye-conduit-une-delegation-du-parti-de-gbagbo-au-maroc-aupres-de-bictogo-pour-une-reunion-de-lapf","og_locale":"fr_FR","og_type":"article","og_title":"Hubert Oulaye conduit une d\u00e9l\u00e9gation du Parti de Gbagbo au Maroc aupr\u00e8s de Bictogo pour une r\u00e9union de l'APF","og_description":"Le pr\u00e9sident ex\u00e9cutif du Parti des Peuples Africains \u2013 C\u00f4te d\u2019Ivoire (PPA-CI), Hubert Oulaye s\u2019est envol\u00e9 hier m ...","og_url":"http:\/\/www.africa-press.net\/cotedivoire\/parties\/hubert-oulaye-conduit-une-delegation-du-parti-de-gbagbo-au-maroc-aupres-de-bictogo-pour-une-reunion-de-lapf","og_site_name":"C\u00f4te d&#039;Ivoire","article_published_time":"2022-06-23T14:47:00+00:00","article_modified_time":"2022-06-23T16:31:45+00:00","og_image":[{"width":720,"height":480,"url":"https:\/\/static.africa-press.net\/cote\/sites\/43\/2022\/06\/postQueueImg_74.jpg","type":"image\/jpeg"}],"author":"cfeditorfr","twitter_card":"summary_large_image","twitter_misc":{"\u00c9crit par":"cfeditorfr","Dur\u00e9e de lecture estim\u00e9e":"1 minute"},"schema":{"@context":"https:\/\/schema.org","@graph":[{"@type":"Article","@id":"http:\/\/www.africa-press.net\/cotedivoire\/parties\/hubert-oulaye-conduit-une-delegation-du-parti-de-gbagbo-au-maroc-aupres-de-bictogo-pour-une-reunion-de-lapf#article","isPartOf":{"@id":"http:\/\/www.africa-press.net\/cotedivoire\/parties\/hubert-oulaye-conduit-une-delegation-du-parti-de-gbagbo-au-maroc-aupres-de-bictogo-pour-une-reunion-de-lapf"},"author":{"name":"cfeditorfr","@id":"https:\/\/www.africa-press.net\/cotedivoire\/#\/schema\/person\/2b1cf3cd81a31e3cd26889ca66d677f1"},"headline":"Hubert Oulaye conduit une d\u00e9l\u00e9gation du Parti de Gbagbo au Maroc aupr\u00e8s de Bictogo pour une r\u00e9union de l&rsquo;APF","datePublished":"2022-06-23T14:47:00+00:00","dateModified":"2022-06-23T16:31:45+00:00","mainEntityOfPage":{"@id":"http:\/\/www.africa-press.net\/cotedivoire\/parties\/hubert-oulaye-conduit-une-delegation-du-parti-de-gbagbo-au-maroc-aupres-de-bictogo-pour-une-reunion-de-lapf"},"wordCount":191,"commentCount":0,"image":{"@id":"http:\/\/www.africa-press.net\/cotedivoire\/parties\/hubert-oulaye-conduit-une-delegation-du-parti-de-gbagbo-au-maroc-aupres-de-bictogo-pour-une-reunion-de-lapf#primaryimage"},"thumbnailUrl":"https:\/\/static.africa-press.net\/cote\/sites\/43\/2022\/06\/postQueueImg_74.jpg","keywords":["Adama Bictogo","Africa Press","Africa Press-C\u00f4te d'Ivoire","APF","ARA","C\u00d4TE D'IVOIRE","Hubert Oulaye","Maroc","Rabat"],"articleSection":["homepage-french","Parties","Toutes les actualit\u00e9s"],"inLanguage":"fr-FR","potentialAction":[{"@type":"CommentAction","name":"Comment","target":["http:\/\/www.africa-press.net\/cotedivoire\/parties\/hubert-oulaye-conduit-une-delegation-du-parti-de-gbagbo-au-maroc-aupres-de-bictogo-pour-une-reunion-de-lapf#respond"]}]},{"@type":"WebPage","@id":"http:\/\/www.africa-press.net\/cotedivoire\/parties\/hubert-oulaye-conduit-une-delegation-du-parti-de-gbagbo-au-maroc-aupres-de-bictogo-pour-une-reunion-de-lapf","url":"http:\/\/www.africa-press.net\/cotedivoire\/parties\/hubert-oulaye-conduit-une-delegation-du-parti-de-gbagbo-au-maroc-aupres-de-bictogo-pour-une-reunion-de-lapf","name":"Hubert Oulaye conduit une d\u00e9l\u00e9gation du Parti de Gbagbo au Maroc aupr\u00e8s de Bictogo pour une r\u00e9union de l'APF - C\u00f4te d&#039;Ivoire","isPartOf":{"@id":"https:\/\/www.africa-press.net\/cotedivoire\/#website"},"primaryImageOfPage":{"@id":"http:\/\/www.africa-press.net\/cotedivoire\/parties\/hubert-oulaye-conduit-une-delegation-du-parti-de-gbagbo-au-maroc-aupres-de-bictogo-pour-une-reunion-de-lapf#primaryimage"},"image":{"@id":"http:\/\/www.africa-press.net\/cotedivoire\/parties\/hubert-oulaye-conduit-une-delegation-du-parti-de-gbagbo-au-maroc-aupres-de-bictogo-pour-une-reunion-de-lapf#primaryimage"},"thumbnailUrl":"https:\/\/static.africa-press.net\/cote\/sites\/43\/2022\/06\/postQueueImg_74.jpg","datePublished":"2022-06-23T14:47:00+00:00","dateModified":"2022-06-23T16:31:45+00:00","author":{"@id":"https:\/\/www.africa-press.net\/cotedivoire\/#\/schema\/person\/2b1cf3cd81a31e3cd26889ca66d677f1"},"description":"Le pr\u00e9sident ex\u00e9cutif du Parti des Peuples Africains \u2013 C\u00f4te d\u2019Ivoire (PPA-CI), Hubert Oulaye s\u2019est envol\u00e9 hier m ...","breadcrumb":{"@id":"http:\/\/www.africa-press.net\/cotedivoire\/parties\/hubert-oulaye-conduit-une-delegation-du-parti-de-gbagbo-au-maroc-aupres-de-bictogo-pour-une-reunion-de-lapf#breadcrumb"},"inLanguage":"fr-FR","potentialAction":[{"@type":"ReadAction","target":["http:\/\/www.africa-press.net\/cotedivoire\/parties\/hubert-oulaye-conduit-une-delegation-du-parti-de-gbagbo-au-maroc-aupres-de-bictogo-pour-une-reunion-de-lapf"]}]},{"@type":"ImageObject","inLanguage":"fr-FR","@id":"http:\/\/www.africa-press.net\/cotedivoire\/parties\/hubert-oulaye-conduit-une-delegation-du-parti-de-gbagbo-au-maroc-aupres-de-bictogo-pour-une-reunion-de-lapf#primaryimage","url":"https:\/\/static.africa-press.net\/cote\/sites\/43\/2022\/06\/postQueueImg_74.jpg","contentUrl":"https:\/\/static.africa-press.net\/cote\/sites\/43\/2022\/06\/postQueueImg_74.jpg","width":720,"height":480,"caption":"Hubert Oulaye conduit une d\u00e9l\u00e9gation du Parti de Gbagbo au Maroc aupr\u00e8s de Bictogo pour une r\u00e9union de l'APF"},{"@type":"BreadcrumbList","@id":"http:\/\/www.africa-press.net\/cotedivoire\/parties\/hubert-oulaye-conduit-une-delegation-du-parti-de-gbagbo-au-maroc-aupres-de-bictogo-pour-une-reunion-de-lapf#breadcrumb","itemListElement":[{"@type":"ListItem","position":1,"name":"Accueil","item":"https:\/\/www.africa-press.net\/cotedivoire\/"},{"@type":"ListItem","position":2,"name":"Hubert Oulaye conduit une d\u00e9l\u00e9gation du Parti de Gbagbo au Maroc aupr\u00e8s de Bictogo pour une r\u00e9union de l&#8217;APF"}]},{"@type":"WebSite","@id":"https:\/\/www.africa-press.net\/cotedivoire\/#website","url":"https:\/\/www.africa-press.net\/cotedivoire\/","name":"C\u00f4te d&#039;Ivoire","description":"Just another Africa News Agency Sites site","potentialAction":[{"@type":"SearchAction","target":{"@type":"EntryPoint","urlTemplate":"https:\/\/www.africa-press.net\/cotedivoire\/?s={search_term_string}"},"query-input":{"@type":"PropertyValueSpecification","valueRequired":true,"valueName":"search_term_string"}}],"inLanguage":"fr-FR"},{"@type":"Person","@id":"https:\/\/www.africa-press.net\/cotedivoire\/#\/schema\/person\/2b1cf3cd81a31e3cd26889ca66d677f1","name":"cfeditorfr"}]}},"_links":{"self":[{"href":"https:\/\/www.africa-press.net\/cotedivoire\/wp-json\/wp\/v2\/posts\/39037","targetHints":{"allow":["GET"]}}],"collection":[{"href":"https:\/\/www.africa-press.net\/cotedivoire\/wp-json\/wp\/v2\/posts"}],"about":[{"href":"https:\/\/www.africa-press.net\/cotedivoire\/wp-json\/wp\/v2\/types\/post"}],"author":[{"embeddable":true,"href":"https:\/\/www.africa-press.net\/cotedivoire\/wp-json\/wp\/v2\/users\/82"}],"replies":[{"embeddable":true,"href":"https:\/\/www.africa-press.net\/cotedivoire\/wp-json\/wp\/v2\/comments?post=39037"}],"version-history":[{"count":0,"href":"https:\/\/www.africa-press.net\/cotedivoire\/wp-json\/wp\/v2\/posts\/39037\/revisions"}],"wp:featuredmedia":[{"embeddable":true,"href":"https:\/\/www.africa-press.net\/cotedivoire\/wp-json\/wp\/v2\/media\/39036"}],"wp:attachment":[{"href":"https:\/\/www.africa-press.net\/cotedivoire\/wp-json\/wp\/v2\/media?parent=39037"}],"wp:term":[{"taxonomy":"category","embeddable":true,"href":"https:\/\/www.africa-press.net\/cotedivoire\/wp-json\/wp\/v2\/categories?post=39037"},{"taxonomy":"post_tag","embeddable":true,"href":"https:\/\/www.africa-press.net\/cotedivoire\/wp-json\/wp\/v2\/tags?post=39037"}],"curies":[{"name":"wp","href":"https:\/\/api.w.org\/{rel}","templated":true}]}}