{"id":39564,"date":"2022-06-30T14:46:49","date_gmt":"2022-06-30T14:46:49","guid":{"rendered":"https:\/\/www.africa-press.net\/cotedivoire\/politique\/lassemblee-nationale-sollicitee-pour-lorganisation-de-la-18e-conference-de-lunion-des-parlementaires-des-etats-membres-de-lorganisation-de-la-cooperation-islamique"},"modified":"2022-06-30T15:42:25","modified_gmt":"2022-06-30T15:42:25","slug":"lassemblee-nationale-sollicitee-pour-lorganisation-de-la-18e-conference-de-lunion-des-parlementaires-des-etats-membres-de-lorganisation-de-la-cooperation-islamique","status":"publish","type":"post","link":"https:\/\/www.africa-press.net\/cotedivoire\/politique\/lassemblee-nationale-sollicitee-pour-lorganisation-de-la-18e-conference-de-lunion-des-parlementaires-des-etats-membres-de-lorganisation-de-la-cooperation-islamique","title":{"rendered":"L&rsquo;Assembl\u00e9e Nationale sollicit\u00e9e pour  l&rsquo;organisation de la 18e conf\u00e9rence de l&rsquo;union des parlementaires des Etats membres de l&rsquo;Organisation de la coop\u00e9ration islamique"},"content":{"rendered":"<p><span style=\"color: #ff6600\"><strong>Africa-Press &#8211; C\u00f4te d&rsquo;Ivoire. <\/strong><\/span>Le VP du Parlement Ivoirien Fr\u00e9gbo Basile en veste et le SG de l\u2019UPCI M. Kourhaichi Niass mercredi \u00e0 Abidjan (DR)<\/p>\n<p>Apr\u00e8s le d\u00e9sistement du Burkina Faso pour des raisons dont nous ignorons pour l\u2019heure, l\u2019Assembl\u00e9e Nationale de C\u00f4te d\u2019Ivoire a \u00e9t\u00e9 sollicit\u00e9e pour l\u2019organisation de la 18e conf\u00e9rence de l\u2019union des parlementaires des Etats membres de l\u2019Organisation de la coop\u00e9ration islamique, a-t-on appris aupr\u00e8s de l\u2019Institution ivoirienne.<\/p>\n<p>C\u2019est le Vice-pr\u00e9sident de l\u2019Assembl\u00e9e nationale, Monsieur Fr\u00e9gbo Basile, repr\u00e9sentant le Pr\u00e9sident de l\u2019Assembl\u00e9e nationale, Monsieur Adama Bictogo en mission au S\u00e9n\u00e9gal, qui a re\u00e7u en audience le Secr\u00e9taire g\u00e9n\u00e9ral de l\u2019Union des Parlementaires des Etats membres de l\u2019Organisation de la Coop\u00e9ration Islamique (UPCI), Monsieur Mohamed Kourhaichi Niass, le mercredi 29 juin 2022 \u00e0 Abidjan.<\/p>\n<p>Lors de cette s\u00e9ance de travail, le Secr\u00e9taire g\u00e9n\u00e9ral de l\u2019UPCI a indiqu\u00e9 qu\u2019il \u00e9tait venu solliciter l\u2019organisation par la C\u00f4te d\u2019Ivoire de la 18e conf\u00e9rence de l\u2019union des parlementaires des Etats membres de l\u2019Organisation de la coop\u00e9ration islamique, qui devrait se tenir au Burkina Faso en janvier 2023.<\/p>\n<p>Le Vice-pr\u00e9sident, Fr\u00e9gbo Basile, s\u2019est r\u00e9joui de cette requ\u00eate qui est la preuve de la confiance de l\u2019UPCI en notre pays. Aussi a-t-il rassur\u00e9 son illustre h\u00f4te de ce que la C\u00f4te d\u2019Ivoire accepte d\u2019organiser cette 18e conf\u00e9rence. \u00ab Elle permettra de renforcer non seulement les relations avec les pays arabes, mais aussi la diplomatie parlementaire ch\u00e8re au Pr\u00e9sident Adama Bictogo \u00bb, a rench\u00e9ri Monsieur Fr\u00e9gbo Basile.<\/p>\n<p>Pr\u00e9cisons que l\u2019UPCI a \u00e9t\u00e9 cr\u00e9\u00e9e le 17 juin 1999 et est constitu\u00e9e de 54 membres r\u00e9partis en trois groupes que sont les groupes Africain, Arabe et Asiatique. La C\u00f4te d\u2019Ivoire y a adh\u00e9r\u00e9 en 2001. La d\u00e9put\u00e9e Traor\u00e9 Ma\u00efmouna Tour\u00e9 a \u00e9t\u00e9 \u00e9lue Vice-pr\u00e9sidente du groupe africain de l\u2019UPCI en mars 2022 lors de la 47e r\u00e9union du comit\u00e9 ex\u00e9cutif \u00e0 Alger.<\/p>\n<p><strong>Pour plus d&rsquo;informations et d&rsquo;analyses sur la <a href=\"https:\/\/www.africa-press.net\/cotedivoire\">C\u00f4te d&rsquo;Ivoire<\/a>, suivez <a href=\"https:\/\/www.africa-press.net\/\">Africa-Press<\/a><\/strong><\/p>\n","protected":false},"excerpt":{"rendered":"<p>Africa-Press &#8211; C\u00f4te d&rsquo;Ivoire. Le VP du Parlement Ivoirien Fr\u00e9gbo Basile en veste et le SG de l\u2019UPCI M. Kourhaichi Niass mercredi \u00e0 Abidjan (DR) Apr\u00e8s le d\u00e9sistement du Burkina Faso pour des raisons dont nous ignorons pour l\u2019heure, l\u2019Assembl\u00e9e Nationale de C\u00f4te d\u2019Ivoire a \u00e9t\u00e9 sollicit\u00e9e pour l\u2019organisation de la 18e conf\u00e9rence de l\u2019union [&hellip;]<\/p>\n","protected":false},"author":82,"featured_media":39563,"comment_status":"open","ping_status":"closed","sticky":false,"template":"","format":"standard","meta":{"footnotes":""},"categories":[11,2,20,10],"tags":[1265,56,63,1562,29,2327,6762,842,969],"class_list":["post-39564","post","type-post","status-publish","format-standard","has-post-thumbnail","hentry","category-homepage-french","category-politique","category-top-nouvelles","category-toutes-les-actualites","tag-adama-bictogo","tag-africa-press","tag-africa-press-cote-divoire","tag-conference","tag-cote-divoire","tag-fregbo-basile","tag-kourhaichi-niass","tag-organisation","tag-parlementaires"],"yoast_head":"<!-- This site is optimized with the Yoast SEO Premium plugin v26.1 (Yoast SEO v27.0) - https:\/\/yoast.com\/product\/yoast-seo-premium-wordpress\/ -->\n<title>L&#039;Assembl\u00e9e Nationale sollicit\u00e9e pour l&#039;organisation de la 18e conf\u00e9rence de l&#039;union des parlementaires des Etats membres de l&#039;Organisation de la coop\u00e9ration islamique - C\u00f4te d&#039;Ivoire<\/title>\n<meta name=\"description\" content=\"Le VP du Parlement Ivoirien Fr\u00e9gbo Basile en veste et le SG de l\u2019UPCI M. Kourhaichi Niass mercredi \u00e0 Abidjan (DR) Apr\u00e8s ...\" \/>\n<meta name=\"robots\" content=\"index, follow, max-snippet:-1, max-image-preview:large, max-video-preview:-1\" \/>\n<link rel=\"canonical\" href=\"https:\/\/www.africa-press.net\/cotedivoire\/politique\/lassemblee-nationale-sollicitee-pour-lorganisation-de-la-18e-conference-de-lunion-des-parlementaires-des-etats-membres-de-lorganisation-de-la-cooperation-islamique\" \/>\n<meta property=\"og:locale\" content=\"fr_FR\" \/>\n<meta property=\"og:type\" content=\"article\" \/>\n<meta property=\"og:title\" content=\"L&#039;Assembl\u00e9e Nationale sollicit\u00e9e pour l&#039;organisation de la 18e conf\u00e9rence de l&#039;union des parlementaires des Etats membres de l&#039;Organisation de la coop\u00e9ration islamique\" \/>\n<meta property=\"og:description\" content=\"Le VP du Parlement Ivoirien Fr\u00e9gbo Basile en veste et le SG de l\u2019UPCI M. Kourhaichi Niass mercredi \u00e0 Abidjan (DR) Apr\u00e8s ...\" \/>\n<meta property=\"og:url\" content=\"https:\/\/www.africa-press.net\/cotedivoire\/politique\/lassemblee-nationale-sollicitee-pour-lorganisation-de-la-18e-conference-de-lunion-des-parlementaires-des-etats-membres-de-lorganisation-de-la-cooperation-islamique\" \/>\n<meta property=\"og:site_name\" content=\"C\u00f4te d&#039;Ivoire\" \/>\n<meta property=\"article:published_time\" content=\"2022-06-30T14:46:49+00:00\" \/>\n<meta property=\"article:modified_time\" content=\"2022-06-30T15:42:25+00:00\" \/>\n<meta property=\"og:image\" content=\"https:\/\/static.africa-press.net\/cote\/sites\/43\/2022\/06\/postQueueImg_22-62bdc44a1ae27.jpg\" \/>\n\t<meta property=\"og:image:width\" content=\"720\" \/>\n\t<meta property=\"og:image:height\" content=\"480\" \/>\n\t<meta property=\"og:image:type\" content=\"image\/jpeg\" \/>\n<meta name=\"author\" content=\"cfeditorfr\" \/>\n<meta name=\"twitter:card\" content=\"summary_large_image\" \/>\n<meta name=\"twitter:label1\" content=\"\u00c9crit par\" \/>\n\t<meta name=\"twitter:data1\" content=\"cfeditorfr\" \/>\n\t<meta name=\"twitter:label2\" content=\"Dur\u00e9e de lecture estim\u00e9e\" \/>\n\t<meta name=\"twitter:data2\" content=\"2 minutes\" \/>\n<script type=\"application\/ld+json\" class=\"yoast-schema-graph\">{\"@context\":\"https:\/\/schema.org\",\"@graph\":[{\"@type\":\"Article\",\"@id\":\"https:\/\/www.africa-press.net\/cotedivoire\/politique\/lassemblee-nationale-sollicitee-pour-lorganisation-de-la-18e-conference-de-lunion-des-parlementaires-des-etats-membres-de-lorganisation-de-la-cooperation-islamique#article\",\"isPartOf\":{\"@id\":\"https:\/\/www.africa-press.net\/cotedivoire\/politique\/lassemblee-nationale-sollicitee-pour-lorganisation-de-la-18e-conference-de-lunion-des-parlementaires-des-etats-membres-de-lorganisation-de-la-cooperation-islamique\"},\"author\":{\"name\":\"cfeditorfr\",\"@id\":\"https:\/\/www.africa-press.net\/cotedivoire\/#\/schema\/person\/2b1cf3cd81a31e3cd26889ca66d677f1\"},\"headline\":\"L&rsquo;Assembl\u00e9e Nationale sollicit\u00e9e pour l&rsquo;organisation de la 18e conf\u00e9rence de l&rsquo;union des parlementaires des Etats membres de l&rsquo;Organisation de la coop\u00e9ration islamique\",\"datePublished\":\"2022-06-30T14:46:49+00:00\",\"dateModified\":\"2022-06-30T15:42:25+00:00\",\"mainEntityOfPage\":{\"@id\":\"https:\/\/www.africa-press.net\/cotedivoire\/politique\/lassemblee-nationale-sollicitee-pour-lorganisation-de-la-18e-conference-de-lunion-des-parlementaires-des-etats-membres-de-lorganisation-de-la-cooperation-islamique\"},\"wordCount\":418,\"commentCount\":0,\"image\":{\"@id\":\"https:\/\/www.africa-press.net\/cotedivoire\/politique\/lassemblee-nationale-sollicitee-pour-lorganisation-de-la-18e-conference-de-lunion-des-parlementaires-des-etats-membres-de-lorganisation-de-la-cooperation-islamique#primaryimage\"},\"thumbnailUrl\":\"https:\/\/static.africa-press.net\/cote\/sites\/43\/2022\/06\/postQueueImg_22-62bdc44a1ae27.jpg\",\"keywords\":[\"Adama Bictogo\",\"Africa Press\",\"Africa Press-C\u00f4te d'Ivoire\",\"Conf\u00e9rence\",\"C\u00d4TE D'IVOIRE\",\"Fregbo Basile\",\"Kourhaichi Niass\",\"organisation\",\"Parlementaires\"],\"articleSection\":[\"homepage-french\",\"Politique\",\"Top Nouvelles\",\"Toutes les actualit\u00e9s\"],\"inLanguage\":\"fr-FR\",\"potentialAction\":[{\"@type\":\"CommentAction\",\"name\":\"Comment\",\"target\":[\"https:\/\/www.africa-press.net\/cotedivoire\/politique\/lassemblee-nationale-sollicitee-pour-lorganisation-de-la-18e-conference-de-lunion-des-parlementaires-des-etats-membres-de-lorganisation-de-la-cooperation-islamique#respond\"]}]},{\"@type\":\"WebPage\",\"@id\":\"https:\/\/www.africa-press.net\/cotedivoire\/politique\/lassemblee-nationale-sollicitee-pour-lorganisation-de-la-18e-conference-de-lunion-des-parlementaires-des-etats-membres-de-lorganisation-de-la-cooperation-islamique\",\"url\":\"https:\/\/www.africa-press.net\/cotedivoire\/politique\/lassemblee-nationale-sollicitee-pour-lorganisation-de-la-18e-conference-de-lunion-des-parlementaires-des-etats-membres-de-lorganisation-de-la-cooperation-islamique\",\"name\":\"L'Assembl\u00e9e Nationale sollicit\u00e9e pour l'organisation de la 18e conf\u00e9rence de l'union des parlementaires des Etats membres de l'Organisation de la coop\u00e9ration islamique - C\u00f4te d&#039;Ivoire\",\"isPartOf\":{\"@id\":\"https:\/\/www.africa-press.net\/cotedivoire\/#website\"},\"primaryImageOfPage\":{\"@id\":\"https:\/\/www.africa-press.net\/cotedivoire\/politique\/lassemblee-nationale-sollicitee-pour-lorganisation-de-la-18e-conference-de-lunion-des-parlementaires-des-etats-membres-de-lorganisation-de-la-cooperation-islamique#primaryimage\"},\"image\":{\"@id\":\"https:\/\/www.africa-press.net\/cotedivoire\/politique\/lassemblee-nationale-sollicitee-pour-lorganisation-de-la-18e-conference-de-lunion-des-parlementaires-des-etats-membres-de-lorganisation-de-la-cooperation-islamique#primaryimage\"},\"thumbnailUrl\":\"https:\/\/static.africa-press.net\/cote\/sites\/43\/2022\/06\/postQueueImg_22-62bdc44a1ae27.jpg\",\"datePublished\":\"2022-06-30T14:46:49+00:00\",\"dateModified\":\"2022-06-30T15:42:25+00:00\",\"author\":{\"@id\":\"https:\/\/www.africa-press.net\/cotedivoire\/#\/schema\/person\/2b1cf3cd81a31e3cd26889ca66d677f1\"},\"description\":\"Le VP du Parlement Ivoirien Fr\u00e9gbo Basile en veste et le SG de l\u2019UPCI M. Kourhaichi Niass mercredi \u00e0 Abidjan (DR) Apr\u00e8s ...\",\"breadcrumb\":{\"@id\":\"https:\/\/www.africa-press.net\/cotedivoire\/politique\/lassemblee-nationale-sollicitee-pour-lorganisation-de-la-18e-conference-de-lunion-des-parlementaires-des-etats-membres-de-lorganisation-de-la-cooperation-islamique#breadcrumb\"},\"inLanguage\":\"fr-FR\",\"potentialAction\":[{\"@type\":\"ReadAction\",\"target\":[\"https:\/\/www.africa-press.net\/cotedivoire\/politique\/lassemblee-nationale-sollicitee-pour-lorganisation-de-la-18e-conference-de-lunion-des-parlementaires-des-etats-membres-de-lorganisation-de-la-cooperation-islamique\"]}]},{\"@type\":\"ImageObject\",\"inLanguage\":\"fr-FR\",\"@id\":\"https:\/\/www.africa-press.net\/cotedivoire\/politique\/lassemblee-nationale-sollicitee-pour-lorganisation-de-la-18e-conference-de-lunion-des-parlementaires-des-etats-membres-de-lorganisation-de-la-cooperation-islamique#primaryimage\",\"url\":\"https:\/\/static.africa-press.net\/cote\/sites\/43\/2022\/06\/postQueueImg_22-62bdc44a1ae27.jpg\",\"contentUrl\":\"https:\/\/static.africa-press.net\/cote\/sites\/43\/2022\/06\/postQueueImg_22-62bdc44a1ae27.jpg\",\"width\":720,\"height\":480,\"caption\":\"L'Assembl\u00e9e Nationale sollicit\u00e9e pour l'organisation de la 18e conf\u00e9rence de l'union des parlementaires des Etats membres de l'Organisation de la coop\u00e9ration islamique\"},{\"@type\":\"BreadcrumbList\",\"@id\":\"https:\/\/www.africa-press.net\/cotedivoire\/politique\/lassemblee-nationale-sollicitee-pour-lorganisation-de-la-18e-conference-de-lunion-des-parlementaires-des-etats-membres-de-lorganisation-de-la-cooperation-islamique#breadcrumb\",\"itemListElement\":[{\"@type\":\"ListItem\",\"position\":1,\"name\":\"Accueil\",\"item\":\"https:\/\/www.africa-press.net\/cotedivoire\/\"},{\"@type\":\"ListItem\",\"position\":2,\"name\":\"L&#8217;Assembl\u00e9e Nationale sollicit\u00e9e pour l&#8217;organisation de la 18e conf\u00e9rence de l&#8217;union des parlementaires des Etats membres de l&#8217;Organisation de la coop\u00e9ration islamique\"}]},{\"@type\":\"WebSite\",\"@id\":\"https:\/\/www.africa-press.net\/cotedivoire\/#website\",\"url\":\"https:\/\/www.africa-press.net\/cotedivoire\/\",\"name\":\"C\u00f4te d&#039;Ivoire\",\"description\":\"Just another Africa News Agency Sites site\",\"potentialAction\":[{\"@type\":\"SearchAction\",\"target\":{\"@type\":\"EntryPoint\",\"urlTemplate\":\"https:\/\/www.africa-press.net\/cotedivoire\/?s={search_term_string}\"},\"query-input\":{\"@type\":\"PropertyValueSpecification\",\"valueRequired\":true,\"valueName\":\"search_term_string\"}}],\"inLanguage\":\"fr-FR\"},{\"@type\":\"Person\",\"@id\":\"https:\/\/www.africa-press.net\/cotedivoire\/#\/schema\/person\/2b1cf3cd81a31e3cd26889ca66d677f1\",\"name\":\"cfeditorfr\"}]}<\/script>\n<!-- \/ Yoast SEO Premium plugin. -->","yoast_head_json":{"title":"L'Assembl\u00e9e Nationale sollicit\u00e9e pour l'organisation de la 18e conf\u00e9rence de l'union des parlementaires des Etats membres de l'Organisation de la coop\u00e9ration islamique - C\u00f4te d&#039;Ivoire","description":"Le VP du Parlement Ivoirien Fr\u00e9gbo Basile en veste et le SG de l\u2019UPCI M. Kourhaichi Niass mercredi \u00e0 Abidjan (DR) Apr\u00e8s ...","robots":{"index":"index","follow":"follow","max-snippet":"max-snippet:-1","max-image-preview":"max-image-preview:large","max-video-preview":"max-video-preview:-1"},"canonical":"https:\/\/www.africa-press.net\/cotedivoire\/politique\/lassemblee-nationale-sollicitee-pour-lorganisation-de-la-18e-conference-de-lunion-des-parlementaires-des-etats-membres-de-lorganisation-de-la-cooperation-islamique","og_locale":"fr_FR","og_type":"article","og_title":"L'Assembl\u00e9e Nationale sollicit\u00e9e pour l'organisation de la 18e conf\u00e9rence de l'union des parlementaires des Etats membres de l'Organisation de la coop\u00e9ration islamique","og_description":"Le VP du Parlement Ivoirien Fr\u00e9gbo Basile en veste et le SG de l\u2019UPCI M. Kourhaichi Niass mercredi \u00e0 Abidjan (DR) Apr\u00e8s ...","og_url":"https:\/\/www.africa-press.net\/cotedivoire\/politique\/lassemblee-nationale-sollicitee-pour-lorganisation-de-la-18e-conference-de-lunion-des-parlementaires-des-etats-membres-de-lorganisation-de-la-cooperation-islamique","og_site_name":"C\u00f4te d&#039;Ivoire","article_published_time":"2022-06-30T14:46:49+00:00","article_modified_time":"2022-06-30T15:42:25+00:00","og_image":[{"width":720,"height":480,"url":"https:\/\/static.africa-press.net\/cote\/sites\/43\/2022\/06\/postQueueImg_22-62bdc44a1ae27.jpg","type":"image\/jpeg"}],"author":"cfeditorfr","twitter_card":"summary_large_image","twitter_misc":{"\u00c9crit par":"cfeditorfr","Dur\u00e9e de lecture estim\u00e9e":"2 minutes"},"schema":{"@context":"https:\/\/schema.org","@graph":[{"@type":"Article","@id":"https:\/\/www.africa-press.net\/cotedivoire\/politique\/lassemblee-nationale-sollicitee-pour-lorganisation-de-la-18e-conference-de-lunion-des-parlementaires-des-etats-membres-de-lorganisation-de-la-cooperation-islamique#article","isPartOf":{"@id":"https:\/\/www.africa-press.net\/cotedivoire\/politique\/lassemblee-nationale-sollicitee-pour-lorganisation-de-la-18e-conference-de-lunion-des-parlementaires-des-etats-membres-de-lorganisation-de-la-cooperation-islamique"},"author":{"name":"cfeditorfr","@id":"https:\/\/www.africa-press.net\/cotedivoire\/#\/schema\/person\/2b1cf3cd81a31e3cd26889ca66d677f1"},"headline":"L&rsquo;Assembl\u00e9e Nationale sollicit\u00e9e pour l&rsquo;organisation de la 18e conf\u00e9rence de l&rsquo;union des parlementaires des Etats membres de l&rsquo;Organisation de la coop\u00e9ration islamique","datePublished":"2022-06-30T14:46:49+00:00","dateModified":"2022-06-30T15:42:25+00:00","mainEntityOfPage":{"@id":"https:\/\/www.africa-press.net\/cotedivoire\/politique\/lassemblee-nationale-sollicitee-pour-lorganisation-de-la-18e-conference-de-lunion-des-parlementaires-des-etats-membres-de-lorganisation-de-la-cooperation-islamique"},"wordCount":418,"commentCount":0,"image":{"@id":"https:\/\/www.africa-press.net\/cotedivoire\/politique\/lassemblee-nationale-sollicitee-pour-lorganisation-de-la-18e-conference-de-lunion-des-parlementaires-des-etats-membres-de-lorganisation-de-la-cooperation-islamique#primaryimage"},"thumbnailUrl":"https:\/\/static.africa-press.net\/cote\/sites\/43\/2022\/06\/postQueueImg_22-62bdc44a1ae27.jpg","keywords":["Adama Bictogo","Africa Press","Africa Press-C\u00f4te d'Ivoire","Conf\u00e9rence","C\u00d4TE D'IVOIRE","Fregbo Basile","Kourhaichi Niass","organisation","Parlementaires"],"articleSection":["homepage-french","Politique","Top Nouvelles","Toutes les actualit\u00e9s"],"inLanguage":"fr-FR","potentialAction":[{"@type":"CommentAction","name":"Comment","target":["https:\/\/www.africa-press.net\/cotedivoire\/politique\/lassemblee-nationale-sollicitee-pour-lorganisation-de-la-18e-conference-de-lunion-des-parlementaires-des-etats-membres-de-lorganisation-de-la-cooperation-islamique#respond"]}]},{"@type":"WebPage","@id":"https:\/\/www.africa-press.net\/cotedivoire\/politique\/lassemblee-nationale-sollicitee-pour-lorganisation-de-la-18e-conference-de-lunion-des-parlementaires-des-etats-membres-de-lorganisation-de-la-cooperation-islamique","url":"https:\/\/www.africa-press.net\/cotedivoire\/politique\/lassemblee-nationale-sollicitee-pour-lorganisation-de-la-18e-conference-de-lunion-des-parlementaires-des-etats-membres-de-lorganisation-de-la-cooperation-islamique","name":"L'Assembl\u00e9e Nationale sollicit\u00e9e pour l'organisation de la 18e conf\u00e9rence de l'union des parlementaires des Etats membres de l'Organisation de la coop\u00e9ration islamique - C\u00f4te d&#039;Ivoire","isPartOf":{"@id":"https:\/\/www.africa-press.net\/cotedivoire\/#website"},"primaryImageOfPage":{"@id":"https:\/\/www.africa-press.net\/cotedivoire\/politique\/lassemblee-nationale-sollicitee-pour-lorganisation-de-la-18e-conference-de-lunion-des-parlementaires-des-etats-membres-de-lorganisation-de-la-cooperation-islamique#primaryimage"},"image":{"@id":"https:\/\/www.africa-press.net\/cotedivoire\/politique\/lassemblee-nationale-sollicitee-pour-lorganisation-de-la-18e-conference-de-lunion-des-parlementaires-des-etats-membres-de-lorganisation-de-la-cooperation-islamique#primaryimage"},"thumbnailUrl":"https:\/\/static.africa-press.net\/cote\/sites\/43\/2022\/06\/postQueueImg_22-62bdc44a1ae27.jpg","datePublished":"2022-06-30T14:46:49+00:00","dateModified":"2022-06-30T15:42:25+00:00","author":{"@id":"https:\/\/www.africa-press.net\/cotedivoire\/#\/schema\/person\/2b1cf3cd81a31e3cd26889ca66d677f1"},"description":"Le VP du Parlement Ivoirien Fr\u00e9gbo Basile en veste et le SG de l\u2019UPCI M. Kourhaichi Niass mercredi \u00e0 Abidjan (DR) Apr\u00e8s ...","breadcrumb":{"@id":"https:\/\/www.africa-press.net\/cotedivoire\/politique\/lassemblee-nationale-sollicitee-pour-lorganisation-de-la-18e-conference-de-lunion-des-parlementaires-des-etats-membres-de-lorganisation-de-la-cooperation-islamique#breadcrumb"},"inLanguage":"fr-FR","potentialAction":[{"@type":"ReadAction","target":["https:\/\/www.africa-press.net\/cotedivoire\/politique\/lassemblee-nationale-sollicitee-pour-lorganisation-de-la-18e-conference-de-lunion-des-parlementaires-des-etats-membres-de-lorganisation-de-la-cooperation-islamique"]}]},{"@type":"ImageObject","inLanguage":"fr-FR","@id":"https:\/\/www.africa-press.net\/cotedivoire\/politique\/lassemblee-nationale-sollicitee-pour-lorganisation-de-la-18e-conference-de-lunion-des-parlementaires-des-etats-membres-de-lorganisation-de-la-cooperation-islamique#primaryimage","url":"https:\/\/static.africa-press.net\/cote\/sites\/43\/2022\/06\/postQueueImg_22-62bdc44a1ae27.jpg","contentUrl":"https:\/\/static.africa-press.net\/cote\/sites\/43\/2022\/06\/postQueueImg_22-62bdc44a1ae27.jpg","width":720,"height":480,"caption":"L'Assembl\u00e9e Nationale sollicit\u00e9e pour l'organisation de la 18e conf\u00e9rence de l'union des parlementaires des Etats membres de l'Organisation de la coop\u00e9ration islamique"},{"@type":"BreadcrumbList","@id":"https:\/\/www.africa-press.net\/cotedivoire\/politique\/lassemblee-nationale-sollicitee-pour-lorganisation-de-la-18e-conference-de-lunion-des-parlementaires-des-etats-membres-de-lorganisation-de-la-cooperation-islamique#breadcrumb","itemListElement":[{"@type":"ListItem","position":1,"name":"Accueil","item":"https:\/\/www.africa-press.net\/cotedivoire\/"},{"@type":"ListItem","position":2,"name":"L&#8217;Assembl\u00e9e Nationale sollicit\u00e9e pour l&#8217;organisation de la 18e conf\u00e9rence de l&#8217;union des parlementaires des Etats membres de l&#8217;Organisation de la coop\u00e9ration islamique"}]},{"@type":"WebSite","@id":"https:\/\/www.africa-press.net\/cotedivoire\/#website","url":"https:\/\/www.africa-press.net\/cotedivoire\/","name":"C\u00f4te d&#039;Ivoire","description":"Just another Africa News Agency Sites site","potentialAction":[{"@type":"SearchAction","target":{"@type":"EntryPoint","urlTemplate":"https:\/\/www.africa-press.net\/cotedivoire\/?s={search_term_string}"},"query-input":{"@type":"PropertyValueSpecification","valueRequired":true,"valueName":"search_term_string"}}],"inLanguage":"fr-FR"},{"@type":"Person","@id":"https:\/\/www.africa-press.net\/cotedivoire\/#\/schema\/person\/2b1cf3cd81a31e3cd26889ca66d677f1","name":"cfeditorfr"}]}},"_links":{"self":[{"href":"https:\/\/www.africa-press.net\/cotedivoire\/wp-json\/wp\/v2\/posts\/39564","targetHints":{"allow":["GET"]}}],"collection":[{"href":"https:\/\/www.africa-press.net\/cotedivoire\/wp-json\/wp\/v2\/posts"}],"about":[{"href":"https:\/\/www.africa-press.net\/cotedivoire\/wp-json\/wp\/v2\/types\/post"}],"author":[{"embeddable":true,"href":"https:\/\/www.africa-press.net\/cotedivoire\/wp-json\/wp\/v2\/users\/82"}],"replies":[{"embeddable":true,"href":"https:\/\/www.africa-press.net\/cotedivoire\/wp-json\/wp\/v2\/comments?post=39564"}],"version-history":[{"count":0,"href":"https:\/\/www.africa-press.net\/cotedivoire\/wp-json\/wp\/v2\/posts\/39564\/revisions"}],"wp:featuredmedia":[{"embeddable":true,"href":"https:\/\/www.africa-press.net\/cotedivoire\/wp-json\/wp\/v2\/media\/39563"}],"wp:attachment":[{"href":"https:\/\/www.africa-press.net\/cotedivoire\/wp-json\/wp\/v2\/media?parent=39564"}],"wp:term":[{"taxonomy":"category","embeddable":true,"href":"https:\/\/www.africa-press.net\/cotedivoire\/wp-json\/wp\/v2\/categories?post=39564"},{"taxonomy":"post_tag","embeddable":true,"href":"https:\/\/www.africa-press.net\/cotedivoire\/wp-json\/wp\/v2\/tags?post=39564"}],"curies":[{"name":"wp","href":"https:\/\/api.w.org\/{rel}","templated":true}]}}