{"id":40392,"date":"2022-07-09T14:22:36","date_gmt":"2022-07-09T14:22:36","guid":{"rendered":"https:\/\/www.africa-press.net\/cotedivoire\/politique\/adoption-de-la-loi-de-ratification-de-la-convention-de-lua-sur-la-cooperation-transfrontaliere-par-la-cre-son-entree-en-vigueur-permettra-au-pays-de-beneficier-du-fonds-pour-le-pr"},"modified":"2022-07-09T14:56:44","modified_gmt":"2022-07-09T14:56:44","slug":"adoption-de-la-loi-de-ratification-de-la-convention-de-lua-sur-la-cooperation-transfrontaliere-par-la-cre-son-entree-en-vigueur-permettra-au-pays-de-beneficier-du-fonds-pour-le-pr","status":"publish","type":"post","link":"https:\/\/www.africa-press.net\/cotedivoire\/toutes-les-actualites\/adoption-de-la-loi-de-ratification-de-la-convention-de-lua-sur-la-cooperation-transfrontaliere-par-la-cre-son-entree-en-vigueur-permettra-au-pays-de-beneficier-du-fonds-pour-le-pr","title":{"rendered":"Adoption de la loi de ratification de la Convention de l&rsquo;UA sur la coop\u00e9ration transfrontali\u00e8re par la CRE, son entr\u00e9e en vigueur permettra au pays de b\u00e9n\u00e9ficier du fonds pour le Pr"},"content":{"rendered":"<p><span style=\"color: #ff6600\"><strong>Africa-Press &#8211; C\u00f4te d&rsquo;Ivoire. <\/strong><\/span><b> <\/b><br \/>\nKandia Camara, ministre des Affaires \u00e9trang\u00e8res, de l&rsquo;int\u00e9gration et de la Diaspora a pr\u00e9sent\u00e9 cinq projets de loi de ratification ce jour devant la Commission des relations ext\u00e9rieures (CRE) de l&rsquo;Assembl\u00e9e nationale pour examen. Les 26 d\u00e9put\u00e9s membres de cette Commission pr\u00e9sents \u00e0 l&rsquo;h\u00e9micycle sur les 43 ont adopt\u00e9 \u00e0 l&rsquo;unanimit\u00e9 ces projets de lois de ratification.<\/p>\n<p>Il s&rsquo;agit du projet de loi autorisant le Pr\u00e9sident de la R\u00e9publique \u00e0 ratifier la Convention du Conseil de l&rsquo;Europe sur la contrefa\u00e7on des produits m\u00e9dicaux et les infractions similaires mena\u00e7ant la sant\u00e9 publique, adopt\u00e9e, le 28 octobre 2011, \u00e0 Moscou Russie.<\/p>\n<p>En C\u00f4te d&rsquo;Ivoire, ce fl\u00e9au est sans cesse grandissant avec des lieux de vente pr\u00e9cis. Il s&rsquo;agit du march\u00e9 de Roxy d&rsquo;Adjam\u00e9, \u00e0 Abidjan, et des boutiques de quartier qui constituent plus de 30% du march\u00e9 national avec des sources d&rsquo;approvisionnement diverses et nombreuses. Au surplus, toutes les classes pharmaco th\u00e9rapeutiques sont concern\u00e9es par ce fl\u00e9au, \u00e0 savoir les antiretroviraux, les antituberculeux, les morphiniques, y compris les produits de la chaine de froid et les vaccins. L&rsquo;usage irrationnel et la prescription ill\u00e9gale des m\u00e9dicaments sont \u00e9galement \u00e0 signaler.<\/p>\n<p>Ce commerce criminel est florissant. Le chiffre d&rsquo;affaires est estim\u00e9 \u00e0 50 milliards de francs CFA repr\u00e9sentant environ 35% du march\u00e9 pharmaceutique national. C&rsquo;est dire qu&rsquo;un m\u00e9dicament sur trois est une contrefa\u00e7on et les cons\u00e9quences de ce fl\u00e9au sont appr\u00e9ciables \u00e0 un triple niveau sanitaire, \u00e9conomique et social.<\/p>\n<p>Il s&rsquo;agit du projet de loi autorisant le Pr\u00e9sident de la R\u00e9publique \u00e0 ratifier la Convention internationale de 1989 sur l&rsquo;Assistance.<\/p>\n<p>La pr\u00e9sente Convention, sans r\u00e9pondre \u00e0 toutes les exigences souhaitables, constitue cependant un outil juridique tr\u00e8s utile. Elle permet de mettre \u00e0 jour le droit de l&rsquo;assistance maritime et constitue, aupr\u00e8s des diff\u00e9rents acteurs du transport maritime, une invitation \u00e0 prendre en compte la protection de l&rsquo;environnement.<\/p>\n<p>Or, cette dimension de protection de l&rsquo;environnement n&rsquo;est pas suffisamment prise en compte dans le droit positif ivoirien en mati\u00e8re d&rsquo;assistance des navires en danger.<\/p>\n<p>Dans l&rsquo;optique de combler cette lacune, l&rsquo;adh\u00e9sion de la C\u00f4te d&rsquo;Ivoire \u00e0 cette Convention est aujourd&rsquo;hui tr\u00e8s indiqu\u00e9e, pour les raisons suivantes, le Golfe de Guin\u00e9e, zone dans laquelle se trouve la C\u00f4te d&rsquo;Ivoire, est une des routes maritimes les plus fr\u00e9quent\u00e9es, particuli\u00e8rement par les super tankers en provenance du Golfe Persique et qui, du fait de leur tr\u00e8s grande taille, ne peuvent pas emprunter le canal de Suez pour rallier l&rsquo;Europe de l&rsquo;Ouest.<\/p>\n<p>Le troisi\u00e8me projet de loi autorise le Pr\u00e9sident de la R\u00e9publique \u00e0 ratifier la Convention de l\u2019Union africaine sur la coop\u00e9ration transfrontali\u00e8re, adopt\u00e9e le 27 juin 2014 \u00e0 Malabo.<\/p>\n<p>A ce jour, la Convention de l&rsquo;Union africaine sur la coop\u00e9ration transfrontali\u00e8re a \u00e9t\u00e9 sign\u00e9e par dix-sept (17) pays africains dont dix (10) de la Communaut\u00e9 Economique des Etats de l&rsquo;Afrique de l&rsquo;Ouest (CEDEAO). Elle a \u00e9t\u00e9 ratifi\u00e9e par cinq (5) d&rsquo;entre eux, \u00e0 savoir le B\u00e9nin, le Burkina Faso, le Mali, le Niger et le Togo. Elle est entr\u00e9e en vigueur, conform\u00e9ment \u00e0 son article 15, apr\u00e8s le d\u00e9p\u00f4t aupr\u00e8s du Pr\u00e9sident de la Commission de l&rsquo;Union africaine, du 15\u00e8me instrument de ratification ou d&rsquo;adh\u00e9sion.<\/p>\n<p>La C\u00f4te d&rsquo;Ivoire, face \u00e0 la menace de plus en plus pressante du terrorisme orchestr\u00e9 par des bandes qui affichent une r\u00e9elle volont\u00e9 de s&rsquo;\u00e9tendre \u00e0 ses fronti\u00e8res dans le nord, doit assurer le contr\u00f4le de l&rsquo;Etat auxdites fronti\u00e8res en y garantissant la s\u00e9curit\u00e9, la paix et la stabilit\u00e9 des populations.<\/p>\n<p>La ratification de cette Convention lui permettra d&rsquo;adopter une strat\u00e9gie efficace et durable pour garantir la s\u00e9curit\u00e9 et la paix \u00e0 ses fronti\u00e8res, et intensifier les \u00e9changes socio-\u00e9conomiques avec les pays voisins, pour le bien-\u00eatre de nos populations et le renforcement de l&rsquo;int\u00e9gration sous-r\u00e9gionale.<\/p>\n<p>Son entr\u00e9e en vigueur \u00e0 l&rsquo;\u00e9gard du pays, lui permettra \u00e9galement de b\u00e9n\u00e9ficier non seulement du fonds pour le Programme Fronti\u00e8re de l&rsquo;Union africaine, dont l&rsquo;objectif est de fournir les moyens aux Etats Membres pour relever les d\u00e9fis li\u00e9s \u00e0 la gestion des fronti\u00e8res h\u00e9rit\u00e9es de la colonisation, mais \u00e9galement de b\u00e9n\u00e9ficier d&rsquo;un \u00e9ventail d&rsquo;appuis techniques et financiers de la part des partenaires ext\u00e9rieurs, pour la d\u00e9limitation et la d\u00e9marcation de ses fronti\u00e8res terrestres et l&rsquo;accroissement de sa coop\u00e9ration transfrontali\u00e8re avec ses voisins.<\/p>\n<p>Il s&rsquo;agit \u00e9galement du projet de loi autorisant le Pr\u00e9sident de la R\u00e9publique \u00e0 ratifier la Convention multilat\u00e9rale pour la mise en \u0153uvre des mesures relatives aux conventions fiscales pour pr\u00e9venir l\u2019\u00e9rosion de la base d&rsquo;imposition et le transfert de b\u00e9n\u00e9fices, sign\u00e9e le 24 janvier 2018 \u00e0 Paris (France).<\/p>\n<p>Cette convention multilat\u00e9rale a pour objectif de modifier, dans les rapports entre Etats signataires, certaines dispositions pr\u00e9cises des conventions bilat\u00e9rales de non double-imposition qu&rsquo;ils ont en commun, dans le but de prendre en compte les recommandations pertinentes du BEPS, sans avoir \u00e0 ren\u00e9gocier, une \u00e0 une, lesdites conventions. Cette n\u00e9gociation prendrait assur\u00e9ment du temps et occasionnerait une incertitude juridique au regard des r\u00e9sultats qui pourraient en d\u00e9couler.<\/p>\n<p>La Convention multilat\u00e9rale, finalis\u00e9e le 24 novembre 2016 par le Cadre inclusif du projet BEPS dont la C\u00f4te d&rsquo;Ivoire est membre, contient 39 articles. En outre, elle dresse une liste de r\u00e9serves \u00e0 l&rsquo;\u00e9gard de certaines dispositions de la Convention, que les Etats sont autoris\u00e9s \u00e0 formuler en se r\u00e9f\u00e9rant aux dispositions qui pr\u00e9voient ces r\u00e9serves. Au total, le dispositif de la Convention multilat\u00e9rale a pour but principal d&rsquo;assurer une mise en \u0153uvre rapide, coordonn\u00e9e et coh\u00e9rente des mesures relatives aux conventions fiscales d\u00e9velopp\u00e9es dans le cadre du projet BEPS, dans la totalit\u00e9 du r\u00e9seau de conventions fiscales mondial, sans qu&rsquo;il soit n\u00e9cessaire de ren\u00e9gocier chacune de ces conventions au niveau bilat\u00e9ral.<\/p>\n<p>Les Conventions couvertes par la C\u00f4te d&rsquo;Ivoire dont les dispositions seront modifi\u00e9es par l&rsquo;Instrument multilat\u00e9ral sont celles sign\u00e9es avec les Etas suivants : Allemagne, Belgique, Canada, France, Italie, Maroc, Norv\u00e8ge, Portugal, Royaume-Uni, Tunisie et Turquie.<\/p>\n<p>La ratification de cette Convention permettra \u00e0 la C\u00f4te d&rsquo;Ivoire d&rsquo;\u00eatre en conformit\u00e9 avec ses engagements internationaux dans le cadre de sa participation au projet BEPS, d&rsquo;une part, et avec cet important instrument international, afin de produire ses effets dans le dispositif fiscal ivoirien, d&rsquo;autre part.<\/p>\n<p>Enfin le projet de loi autorisant le Pr\u00e9sident de la R\u00e9publique \u00e0 ratifier le protocole A\/P4\/103 de la communaut\u00e9 \u00e9conomique des Etats de l&rsquo;Afrique de l&rsquo;Ouest (CEDEAO ) sur l\u2019\u00e9nergie, sign\u00e9 le 31 janvier 2003 \u00e0 Dakar (S\u00e9n\u00e9gal ).<\/p>\n<p>Ce protocole de la CEDEAO sur l&rsquo;\u00e9nergie impose des obligations et conf\u00e8re des droits aux Etats membres. Au titre des obligations, il s&rsquo;agit entre autres de la non-application des mesures d&rsquo;investissements li\u00e9es au commerce qui sont incompatibles avec les dispositions des articles 3 et 11 du GATT 1994, de la lutte contre les distorsions de march\u00e9 et les entraves \u00e0 la concurrence dans activit\u00e9s \u00e9conomiques du secteur de l&rsquo;\u00e9nergie, de la non-nationalisation, expropriation ou soumission \u00e0 une ou plusieurs mesures ayant des effets \u00e9quivalents \u00e0 une nationalisation ou expropriation des investissements r\u00e9alis\u00e9s dans la zone des Parties contractantes, sauf pour des raisons d&rsquo;int\u00e9r\u00eat public, de garanties pr\u00e9vues par la loi ou en cas de compensation ad\u00e9quate et effective.<\/p>\n<p>Quant aux droits conf\u00e9r\u00e9s par le pr\u00e9sent Protocole, il s&rsquo;agit notamment de l&rsquo;acc\u00e8s aux march\u00e9s internationaux des mati\u00e8res et produits \u00e9nerg\u00e9tiques et des \u00e9quipements li\u00e9s \u00e0 l&rsquo;\u00e9nergie \u00e0 des conditions commerciales, la facilitation du transit des mati\u00e8res et produits \u00e9nerg\u00e9tiques en conformit\u00e9 avec les principes de libre transit et sans distinction quant \u00e0 l&rsquo;origine ou la propri\u00e9t\u00e9 de ces mati\u00e8res et produits \u00e9nerg\u00e9tiques, la facilitation de l&rsquo;interconnexion des \u00e9quipements de transport d&rsquo;\u00e9nergie, l&rsquo;ouverture des march\u00e9s aux capitaux et aux entreprises pour encourager le financement des \u00e9changes des mati\u00e8res premi\u00e8res et produits \u00e9nerg\u00e9tiques, et pour \u00e9galement encourager les investissements dans les activit\u00e9s \u00e9conomiques du secteur de l&rsquo;\u00e9nergie dans l&rsquo;espace CEDEAO, la garantie de la libert\u00e9 des transferts en ce qui concerne les investissements effectu\u00e9s.<\/p>\n<p>La ratification du Protocole A\/P4\/1\/03 de la CEDEAO sur l&rsquo;\u00e9nergie aidera la C\u00f4te d&rsquo;Ivoire \u00e0 r\u00e9aliser son ambition d&rsquo;\u00eatre le premier march\u00e9 \u00e9nerg\u00e9tique en Afrique subsaharienne \u00e0 l&rsquo;horizon 2030. En effet, notre pays, \u00e0 travers les r\u00e9seaux interconnect\u00e9s, exporte 11,09% de son \u00e9nergie produite vers six (6) pays de la sous-r\u00e9gion, \u00e0 savoir le Ghana, le B\u00e9nin, le Togo, le Mali, le Burkina Faso et le Lib\u00e9ria.<\/p>\n<p><strong>Pour plus d&rsquo;informations et d&rsquo;analyses sur la <a href=\"https:\/\/www.africa-press.net\/cotedivoire\">C\u00f4te d&rsquo;Ivoire<\/a>, suivez <a href=\"https:\/\/www.africa-press.net\/\">Africa-Press<\/a><\/strong><\/p>\n","protected":false},"excerpt":{"rendered":"<p>Africa-Press &#8211; C\u00f4te d&rsquo;Ivoire. Kandia Camara, ministre des Affaires \u00e9trang\u00e8res, de l&rsquo;int\u00e9gration et de la Diaspora a pr\u00e9sent\u00e9 cinq projets de loi de ratification ce jour devant la Commission des relations ext\u00e9rieures (CRE) de l&rsquo;Assembl\u00e9e nationale pour examen. Les 26 d\u00e9put\u00e9s membres de cette Commission pr\u00e9sents \u00e0 l&rsquo;h\u00e9micycle sur les 43 ont adopt\u00e9 \u00e0 l&rsquo;unanimit\u00e9 [&hellip;]<\/p>\n","protected":false},"author":82,"featured_media":40391,"comment_status":"open","ping_status":"closed","sticky":false,"template":"","format":"standard","meta":{"footnotes":""},"categories":[21,11,10],"tags":[56,63,6850,29,1083,6849],"class_list":["post-40392","post","type-post","status-publish","format-standard","has-post-thumbnail","hentry","category-communaute","category-homepage-french","category-toutes-les-actualites","tag-africa-press","tag-africa-press-cote-divoire","tag-commission-des-relations-exterieures","tag-cote-divoire","tag-kandia-camara","tag-transfrontaliere"],"yoast_head":"<!-- This site is optimized with the Yoast SEO Premium plugin v26.1 (Yoast SEO v27.0) - https:\/\/yoast.com\/product\/yoast-seo-premium-wordpress\/ -->\n<title>Adoption de la loi de ratification de la Convention de l&#039;UA sur la coop\u00e9ration transfrontali\u00e8re par la CRE, son entr\u00e9e en vigueur permettra au pays de b\u00e9n\u00e9ficier du fonds pour le Pr - C\u00f4te d&#039;Ivoire<\/title>\n<meta name=\"description\" content=\"Kandia Camara, ministre des Affaires \u00e9trang\u00e8res, de l&#039;int\u00e9gration et de la Diaspora a pr\u00e9sent\u00e9 cinq projets de ...\" \/>\n<meta name=\"robots\" content=\"index, follow, max-snippet:-1, max-image-preview:large, max-video-preview:-1\" \/>\n<link rel=\"canonical\" href=\"https:\/\/www.africa-press.net\/cotedivoire\/toutes-les-actualites\/adoption-de-la-loi-de-ratification-de-la-convention-de-lua-sur-la-cooperation-transfrontaliere-par-la-cre-son-entree-en-vigueur-permettra-au-pays-de-beneficier-du-fonds-pour-le-pr\" \/>\n<meta property=\"og:locale\" content=\"fr_FR\" \/>\n<meta property=\"og:type\" content=\"article\" \/>\n<meta property=\"og:title\" content=\"Adoption de la loi de ratification de la Convention de l&#039;UA sur la coop\u00e9ration transfrontali\u00e8re par la CRE, son entr\u00e9e en vigueur permettra au pays de b\u00e9n\u00e9ficier du fonds pour le Pr\" \/>\n<meta property=\"og:description\" content=\"Kandia Camara, ministre des Affaires \u00e9trang\u00e8res, de l&#039;int\u00e9gration et de la Diaspora a pr\u00e9sent\u00e9 cinq projets de ...\" \/>\n<meta property=\"og:url\" content=\"https:\/\/www.africa-press.net\/cotedivoire\/toutes-les-actualites\/adoption-de-la-loi-de-ratification-de-la-convention-de-lua-sur-la-cooperation-transfrontaliere-par-la-cre-son-entree-en-vigueur-permettra-au-pays-de-beneficier-du-fonds-pour-le-pr\" \/>\n<meta property=\"og:site_name\" content=\"C\u00f4te d&#039;Ivoire\" \/>\n<meta property=\"article:published_time\" content=\"2022-07-09T14:22:36+00:00\" \/>\n<meta property=\"article:modified_time\" content=\"2022-07-09T14:56:44+00:00\" \/>\n<meta property=\"og:image\" content=\"https:\/\/static.africa-press.net\/cote\/sites\/43\/2022\/07\/postQueueImg_37-62c99715692b9.jpg\" \/>\n\t<meta property=\"og:image:width\" content=\"720\" \/>\n\t<meta property=\"og:image:height\" content=\"339\" \/>\n\t<meta property=\"og:image:type\" content=\"image\/jpeg\" \/>\n<meta name=\"author\" content=\"cfeditorfr\" \/>\n<meta name=\"twitter:card\" content=\"summary_large_image\" \/>\n<meta name=\"twitter:label1\" content=\"\u00c9crit par\" \/>\n\t<meta name=\"twitter:data1\" content=\"cfeditorfr\" \/>\n\t<meta name=\"twitter:label2\" content=\"Dur\u00e9e de lecture estim\u00e9e\" \/>\n\t<meta name=\"twitter:data2\" content=\"7 minutes\" \/>\n<script type=\"application\/ld+json\" class=\"yoast-schema-graph\">{\"@context\":\"https:\/\/schema.org\",\"@graph\":[{\"@type\":\"Article\",\"@id\":\"https:\/\/www.africa-press.net\/cotedivoire\/toutes-les-actualites\/adoption-de-la-loi-de-ratification-de-la-convention-de-lua-sur-la-cooperation-transfrontaliere-par-la-cre-son-entree-en-vigueur-permettra-au-pays-de-beneficier-du-fonds-pour-le-pr#article\",\"isPartOf\":{\"@id\":\"https:\/\/www.africa-press.net\/cotedivoire\/toutes-les-actualites\/adoption-de-la-loi-de-ratification-de-la-convention-de-lua-sur-la-cooperation-transfrontaliere-par-la-cre-son-entree-en-vigueur-permettra-au-pays-de-beneficier-du-fonds-pour-le-pr\"},\"author\":{\"name\":\"cfeditorfr\",\"@id\":\"https:\/\/www.africa-press.net\/cotedivoire\/#\/schema\/person\/2b1cf3cd81a31e3cd26889ca66d677f1\"},\"headline\":\"Adoption de la loi de ratification de la Convention de l&rsquo;UA sur la coop\u00e9ration transfrontali\u00e8re par la CRE, son entr\u00e9e en vigueur permettra au pays de b\u00e9n\u00e9ficier du fonds pour le Pr\",\"datePublished\":\"2022-07-09T14:22:36+00:00\",\"dateModified\":\"2022-07-09T14:56:44+00:00\",\"mainEntityOfPage\":{\"@id\":\"https:\/\/www.africa-press.net\/cotedivoire\/toutes-les-actualites\/adoption-de-la-loi-de-ratification-de-la-convention-de-lua-sur-la-cooperation-transfrontaliere-par-la-cre-son-entree-en-vigueur-permettra-au-pays-de-beneficier-du-fonds-pour-le-pr\"},\"wordCount\":1596,\"commentCount\":0,\"image\":{\"@id\":\"https:\/\/www.africa-press.net\/cotedivoire\/toutes-les-actualites\/adoption-de-la-loi-de-ratification-de-la-convention-de-lua-sur-la-cooperation-transfrontaliere-par-la-cre-son-entree-en-vigueur-permettra-au-pays-de-beneficier-du-fonds-pour-le-pr#primaryimage\"},\"thumbnailUrl\":\"https:\/\/static.africa-press.net\/cote\/sites\/43\/2022\/07\/postQueueImg_37-62c99715692b9.jpg\",\"keywords\":[\"Africa Press\",\"Africa Press-C\u00f4te d'Ivoire\",\"Commission des relations ext\u00e9rieures\",\"C\u00d4TE D'IVOIRE\",\"Kandia Camara\",\"transfrontali\u00e8re\"],\"articleSection\":[\"Communaut\u00e9\",\"homepage-french\",\"Toutes les actualit\u00e9s\"],\"inLanguage\":\"fr-FR\",\"potentialAction\":[{\"@type\":\"CommentAction\",\"name\":\"Comment\",\"target\":[\"https:\/\/www.africa-press.net\/cotedivoire\/toutes-les-actualites\/adoption-de-la-loi-de-ratification-de-la-convention-de-lua-sur-la-cooperation-transfrontaliere-par-la-cre-son-entree-en-vigueur-permettra-au-pays-de-beneficier-du-fonds-pour-le-pr#respond\"]}]},{\"@type\":\"WebPage\",\"@id\":\"https:\/\/www.africa-press.net\/cotedivoire\/toutes-les-actualites\/adoption-de-la-loi-de-ratification-de-la-convention-de-lua-sur-la-cooperation-transfrontaliere-par-la-cre-son-entree-en-vigueur-permettra-au-pays-de-beneficier-du-fonds-pour-le-pr\",\"url\":\"https:\/\/www.africa-press.net\/cotedivoire\/toutes-les-actualites\/adoption-de-la-loi-de-ratification-de-la-convention-de-lua-sur-la-cooperation-transfrontaliere-par-la-cre-son-entree-en-vigueur-permettra-au-pays-de-beneficier-du-fonds-pour-le-pr\",\"name\":\"Adoption de la loi de ratification de la Convention de l'UA sur la coop\u00e9ration transfrontali\u00e8re par la CRE, son entr\u00e9e en vigueur permettra au pays de b\u00e9n\u00e9ficier du fonds pour le Pr - C\u00f4te d&#039;Ivoire\",\"isPartOf\":{\"@id\":\"https:\/\/www.africa-press.net\/cotedivoire\/#website\"},\"primaryImageOfPage\":{\"@id\":\"https:\/\/www.africa-press.net\/cotedivoire\/toutes-les-actualites\/adoption-de-la-loi-de-ratification-de-la-convention-de-lua-sur-la-cooperation-transfrontaliere-par-la-cre-son-entree-en-vigueur-permettra-au-pays-de-beneficier-du-fonds-pour-le-pr#primaryimage\"},\"image\":{\"@id\":\"https:\/\/www.africa-press.net\/cotedivoire\/toutes-les-actualites\/adoption-de-la-loi-de-ratification-de-la-convention-de-lua-sur-la-cooperation-transfrontaliere-par-la-cre-son-entree-en-vigueur-permettra-au-pays-de-beneficier-du-fonds-pour-le-pr#primaryimage\"},\"thumbnailUrl\":\"https:\/\/static.africa-press.net\/cote\/sites\/43\/2022\/07\/postQueueImg_37-62c99715692b9.jpg\",\"datePublished\":\"2022-07-09T14:22:36+00:00\",\"dateModified\":\"2022-07-09T14:56:44+00:00\",\"author\":{\"@id\":\"https:\/\/www.africa-press.net\/cotedivoire\/#\/schema\/person\/2b1cf3cd81a31e3cd26889ca66d677f1\"},\"description\":\"Kandia Camara, ministre des Affaires \u00e9trang\u00e8res, de l'int\u00e9gration et de la Diaspora a pr\u00e9sent\u00e9 cinq projets de ...\",\"breadcrumb\":{\"@id\":\"https:\/\/www.africa-press.net\/cotedivoire\/toutes-les-actualites\/adoption-de-la-loi-de-ratification-de-la-convention-de-lua-sur-la-cooperation-transfrontaliere-par-la-cre-son-entree-en-vigueur-permettra-au-pays-de-beneficier-du-fonds-pour-le-pr#breadcrumb\"},\"inLanguage\":\"fr-FR\",\"potentialAction\":[{\"@type\":\"ReadAction\",\"target\":[\"https:\/\/www.africa-press.net\/cotedivoire\/toutes-les-actualites\/adoption-de-la-loi-de-ratification-de-la-convention-de-lua-sur-la-cooperation-transfrontaliere-par-la-cre-son-entree-en-vigueur-permettra-au-pays-de-beneficier-du-fonds-pour-le-pr\"]}]},{\"@type\":\"ImageObject\",\"inLanguage\":\"fr-FR\",\"@id\":\"https:\/\/www.africa-press.net\/cotedivoire\/toutes-les-actualites\/adoption-de-la-loi-de-ratification-de-la-convention-de-lua-sur-la-cooperation-transfrontaliere-par-la-cre-son-entree-en-vigueur-permettra-au-pays-de-beneficier-du-fonds-pour-le-pr#primaryimage\",\"url\":\"https:\/\/static.africa-press.net\/cote\/sites\/43\/2022\/07\/postQueueImg_37-62c99715692b9.jpg\",\"contentUrl\":\"https:\/\/static.africa-press.net\/cote\/sites\/43\/2022\/07\/postQueueImg_37-62c99715692b9.jpg\",\"width\":720,\"height\":339,\"caption\":\"Adoption de la loi de ratification de la Convention de l'UA sur la coop\u00e9ration transfrontali\u00e8re par la CRE, son entr\u00e9e en vigueur permettra au pays de b\u00e9n\u00e9ficier du fonds pour le Pr\"},{\"@type\":\"BreadcrumbList\",\"@id\":\"https:\/\/www.africa-press.net\/cotedivoire\/toutes-les-actualites\/adoption-de-la-loi-de-ratification-de-la-convention-de-lua-sur-la-cooperation-transfrontaliere-par-la-cre-son-entree-en-vigueur-permettra-au-pays-de-beneficier-du-fonds-pour-le-pr#breadcrumb\",\"itemListElement\":[{\"@type\":\"ListItem\",\"position\":1,\"name\":\"Accueil\",\"item\":\"https:\/\/www.africa-press.net\/cotedivoire\/\"},{\"@type\":\"ListItem\",\"position\":2,\"name\":\"Adoption de la loi de ratification de la Convention de l&#8217;UA sur la coop\u00e9ration transfrontali\u00e8re par la CRE, son entr\u00e9e en vigueur permettra au pays de b\u00e9n\u00e9ficier du fonds pour le Pr\"}]},{\"@type\":\"WebSite\",\"@id\":\"https:\/\/www.africa-press.net\/cotedivoire\/#website\",\"url\":\"https:\/\/www.africa-press.net\/cotedivoire\/\",\"name\":\"C\u00f4te d&#039;Ivoire\",\"description\":\"Just another Africa News Agency Sites site\",\"potentialAction\":[{\"@type\":\"SearchAction\",\"target\":{\"@type\":\"EntryPoint\",\"urlTemplate\":\"https:\/\/www.africa-press.net\/cotedivoire\/?s={search_term_string}\"},\"query-input\":{\"@type\":\"PropertyValueSpecification\",\"valueRequired\":true,\"valueName\":\"search_term_string\"}}],\"inLanguage\":\"fr-FR\"},{\"@type\":\"Person\",\"@id\":\"https:\/\/www.africa-press.net\/cotedivoire\/#\/schema\/person\/2b1cf3cd81a31e3cd26889ca66d677f1\",\"name\":\"cfeditorfr\"}]}<\/script>\n<!-- \/ Yoast SEO Premium plugin. -->","yoast_head_json":{"title":"Adoption de la loi de ratification de la Convention de l'UA sur la coop\u00e9ration transfrontali\u00e8re par la CRE, son entr\u00e9e en vigueur permettra au pays de b\u00e9n\u00e9ficier du fonds pour le Pr - C\u00f4te d&#039;Ivoire","description":"Kandia Camara, ministre des Affaires \u00e9trang\u00e8res, de l'int\u00e9gration et de la Diaspora a pr\u00e9sent\u00e9 cinq projets de ...","robots":{"index":"index","follow":"follow","max-snippet":"max-snippet:-1","max-image-preview":"max-image-preview:large","max-video-preview":"max-video-preview:-1"},"canonical":"https:\/\/www.africa-press.net\/cotedivoire\/toutes-les-actualites\/adoption-de-la-loi-de-ratification-de-la-convention-de-lua-sur-la-cooperation-transfrontaliere-par-la-cre-son-entree-en-vigueur-permettra-au-pays-de-beneficier-du-fonds-pour-le-pr","og_locale":"fr_FR","og_type":"article","og_title":"Adoption de la loi de ratification de la Convention de l'UA sur la coop\u00e9ration transfrontali\u00e8re par la CRE, son entr\u00e9e en vigueur permettra au pays de b\u00e9n\u00e9ficier du fonds pour le Pr","og_description":"Kandia Camara, ministre des Affaires \u00e9trang\u00e8res, de l'int\u00e9gration et de la Diaspora a pr\u00e9sent\u00e9 cinq projets de ...","og_url":"https:\/\/www.africa-press.net\/cotedivoire\/toutes-les-actualites\/adoption-de-la-loi-de-ratification-de-la-convention-de-lua-sur-la-cooperation-transfrontaliere-par-la-cre-son-entree-en-vigueur-permettra-au-pays-de-beneficier-du-fonds-pour-le-pr","og_site_name":"C\u00f4te d&#039;Ivoire","article_published_time":"2022-07-09T14:22:36+00:00","article_modified_time":"2022-07-09T14:56:44+00:00","og_image":[{"width":720,"height":339,"url":"https:\/\/static.africa-press.net\/cote\/sites\/43\/2022\/07\/postQueueImg_37-62c99715692b9.jpg","type":"image\/jpeg"}],"author":"cfeditorfr","twitter_card":"summary_large_image","twitter_misc":{"\u00c9crit par":"cfeditorfr","Dur\u00e9e de lecture estim\u00e9e":"7 minutes"},"schema":{"@context":"https:\/\/schema.org","@graph":[{"@type":"Article","@id":"https:\/\/www.africa-press.net\/cotedivoire\/toutes-les-actualites\/adoption-de-la-loi-de-ratification-de-la-convention-de-lua-sur-la-cooperation-transfrontaliere-par-la-cre-son-entree-en-vigueur-permettra-au-pays-de-beneficier-du-fonds-pour-le-pr#article","isPartOf":{"@id":"https:\/\/www.africa-press.net\/cotedivoire\/toutes-les-actualites\/adoption-de-la-loi-de-ratification-de-la-convention-de-lua-sur-la-cooperation-transfrontaliere-par-la-cre-son-entree-en-vigueur-permettra-au-pays-de-beneficier-du-fonds-pour-le-pr"},"author":{"name":"cfeditorfr","@id":"https:\/\/www.africa-press.net\/cotedivoire\/#\/schema\/person\/2b1cf3cd81a31e3cd26889ca66d677f1"},"headline":"Adoption de la loi de ratification de la Convention de l&rsquo;UA sur la coop\u00e9ration transfrontali\u00e8re par la CRE, son entr\u00e9e en vigueur permettra au pays de b\u00e9n\u00e9ficier du fonds pour le Pr","datePublished":"2022-07-09T14:22:36+00:00","dateModified":"2022-07-09T14:56:44+00:00","mainEntityOfPage":{"@id":"https:\/\/www.africa-press.net\/cotedivoire\/toutes-les-actualites\/adoption-de-la-loi-de-ratification-de-la-convention-de-lua-sur-la-cooperation-transfrontaliere-par-la-cre-son-entree-en-vigueur-permettra-au-pays-de-beneficier-du-fonds-pour-le-pr"},"wordCount":1596,"commentCount":0,"image":{"@id":"https:\/\/www.africa-press.net\/cotedivoire\/toutes-les-actualites\/adoption-de-la-loi-de-ratification-de-la-convention-de-lua-sur-la-cooperation-transfrontaliere-par-la-cre-son-entree-en-vigueur-permettra-au-pays-de-beneficier-du-fonds-pour-le-pr#primaryimage"},"thumbnailUrl":"https:\/\/static.africa-press.net\/cote\/sites\/43\/2022\/07\/postQueueImg_37-62c99715692b9.jpg","keywords":["Africa Press","Africa Press-C\u00f4te d'Ivoire","Commission des relations ext\u00e9rieures","C\u00d4TE D'IVOIRE","Kandia Camara","transfrontali\u00e8re"],"articleSection":["Communaut\u00e9","homepage-french","Toutes les actualit\u00e9s"],"inLanguage":"fr-FR","potentialAction":[{"@type":"CommentAction","name":"Comment","target":["https:\/\/www.africa-press.net\/cotedivoire\/toutes-les-actualites\/adoption-de-la-loi-de-ratification-de-la-convention-de-lua-sur-la-cooperation-transfrontaliere-par-la-cre-son-entree-en-vigueur-permettra-au-pays-de-beneficier-du-fonds-pour-le-pr#respond"]}]},{"@type":"WebPage","@id":"https:\/\/www.africa-press.net\/cotedivoire\/toutes-les-actualites\/adoption-de-la-loi-de-ratification-de-la-convention-de-lua-sur-la-cooperation-transfrontaliere-par-la-cre-son-entree-en-vigueur-permettra-au-pays-de-beneficier-du-fonds-pour-le-pr","url":"https:\/\/www.africa-press.net\/cotedivoire\/toutes-les-actualites\/adoption-de-la-loi-de-ratification-de-la-convention-de-lua-sur-la-cooperation-transfrontaliere-par-la-cre-son-entree-en-vigueur-permettra-au-pays-de-beneficier-du-fonds-pour-le-pr","name":"Adoption de la loi de ratification de la Convention de l'UA sur la coop\u00e9ration transfrontali\u00e8re par la CRE, son entr\u00e9e en vigueur permettra au pays de b\u00e9n\u00e9ficier du fonds pour le Pr - C\u00f4te d&#039;Ivoire","isPartOf":{"@id":"https:\/\/www.africa-press.net\/cotedivoire\/#website"},"primaryImageOfPage":{"@id":"https:\/\/www.africa-press.net\/cotedivoire\/toutes-les-actualites\/adoption-de-la-loi-de-ratification-de-la-convention-de-lua-sur-la-cooperation-transfrontaliere-par-la-cre-son-entree-en-vigueur-permettra-au-pays-de-beneficier-du-fonds-pour-le-pr#primaryimage"},"image":{"@id":"https:\/\/www.africa-press.net\/cotedivoire\/toutes-les-actualites\/adoption-de-la-loi-de-ratification-de-la-convention-de-lua-sur-la-cooperation-transfrontaliere-par-la-cre-son-entree-en-vigueur-permettra-au-pays-de-beneficier-du-fonds-pour-le-pr#primaryimage"},"thumbnailUrl":"https:\/\/static.africa-press.net\/cote\/sites\/43\/2022\/07\/postQueueImg_37-62c99715692b9.jpg","datePublished":"2022-07-09T14:22:36+00:00","dateModified":"2022-07-09T14:56:44+00:00","author":{"@id":"https:\/\/www.africa-press.net\/cotedivoire\/#\/schema\/person\/2b1cf3cd81a31e3cd26889ca66d677f1"},"description":"Kandia Camara, ministre des Affaires \u00e9trang\u00e8res, de l'int\u00e9gration et de la Diaspora a pr\u00e9sent\u00e9 cinq projets de ...","breadcrumb":{"@id":"https:\/\/www.africa-press.net\/cotedivoire\/toutes-les-actualites\/adoption-de-la-loi-de-ratification-de-la-convention-de-lua-sur-la-cooperation-transfrontaliere-par-la-cre-son-entree-en-vigueur-permettra-au-pays-de-beneficier-du-fonds-pour-le-pr#breadcrumb"},"inLanguage":"fr-FR","potentialAction":[{"@type":"ReadAction","target":["https:\/\/www.africa-press.net\/cotedivoire\/toutes-les-actualites\/adoption-de-la-loi-de-ratification-de-la-convention-de-lua-sur-la-cooperation-transfrontaliere-par-la-cre-son-entree-en-vigueur-permettra-au-pays-de-beneficier-du-fonds-pour-le-pr"]}]},{"@type":"ImageObject","inLanguage":"fr-FR","@id":"https:\/\/www.africa-press.net\/cotedivoire\/toutes-les-actualites\/adoption-de-la-loi-de-ratification-de-la-convention-de-lua-sur-la-cooperation-transfrontaliere-par-la-cre-son-entree-en-vigueur-permettra-au-pays-de-beneficier-du-fonds-pour-le-pr#primaryimage","url":"https:\/\/static.africa-press.net\/cote\/sites\/43\/2022\/07\/postQueueImg_37-62c99715692b9.jpg","contentUrl":"https:\/\/static.africa-press.net\/cote\/sites\/43\/2022\/07\/postQueueImg_37-62c99715692b9.jpg","width":720,"height":339,"caption":"Adoption de la loi de ratification de la Convention de l'UA sur la coop\u00e9ration transfrontali\u00e8re par la CRE, son entr\u00e9e en vigueur permettra au pays de b\u00e9n\u00e9ficier du fonds pour le Pr"},{"@type":"BreadcrumbList","@id":"https:\/\/www.africa-press.net\/cotedivoire\/toutes-les-actualites\/adoption-de-la-loi-de-ratification-de-la-convention-de-lua-sur-la-cooperation-transfrontaliere-par-la-cre-son-entree-en-vigueur-permettra-au-pays-de-beneficier-du-fonds-pour-le-pr#breadcrumb","itemListElement":[{"@type":"ListItem","position":1,"name":"Accueil","item":"https:\/\/www.africa-press.net\/cotedivoire\/"},{"@type":"ListItem","position":2,"name":"Adoption de la loi de ratification de la Convention de l&#8217;UA sur la coop\u00e9ration transfrontali\u00e8re par la CRE, son entr\u00e9e en vigueur permettra au pays de b\u00e9n\u00e9ficier du fonds pour le Pr"}]},{"@type":"WebSite","@id":"https:\/\/www.africa-press.net\/cotedivoire\/#website","url":"https:\/\/www.africa-press.net\/cotedivoire\/","name":"C\u00f4te d&#039;Ivoire","description":"Just another Africa News Agency Sites site","potentialAction":[{"@type":"SearchAction","target":{"@type":"EntryPoint","urlTemplate":"https:\/\/www.africa-press.net\/cotedivoire\/?s={search_term_string}"},"query-input":{"@type":"PropertyValueSpecification","valueRequired":true,"valueName":"search_term_string"}}],"inLanguage":"fr-FR"},{"@type":"Person","@id":"https:\/\/www.africa-press.net\/cotedivoire\/#\/schema\/person\/2b1cf3cd81a31e3cd26889ca66d677f1","name":"cfeditorfr"}]}},"_links":{"self":[{"href":"https:\/\/www.africa-press.net\/cotedivoire\/wp-json\/wp\/v2\/posts\/40392","targetHints":{"allow":["GET"]}}],"collection":[{"href":"https:\/\/www.africa-press.net\/cotedivoire\/wp-json\/wp\/v2\/posts"}],"about":[{"href":"https:\/\/www.africa-press.net\/cotedivoire\/wp-json\/wp\/v2\/types\/post"}],"author":[{"embeddable":true,"href":"https:\/\/www.africa-press.net\/cotedivoire\/wp-json\/wp\/v2\/users\/82"}],"replies":[{"embeddable":true,"href":"https:\/\/www.africa-press.net\/cotedivoire\/wp-json\/wp\/v2\/comments?post=40392"}],"version-history":[{"count":0,"href":"https:\/\/www.africa-press.net\/cotedivoire\/wp-json\/wp\/v2\/posts\/40392\/revisions"}],"wp:featuredmedia":[{"embeddable":true,"href":"https:\/\/www.africa-press.net\/cotedivoire\/wp-json\/wp\/v2\/media\/40391"}],"wp:attachment":[{"href":"https:\/\/www.africa-press.net\/cotedivoire\/wp-json\/wp\/v2\/media?parent=40392"}],"wp:term":[{"taxonomy":"category","embeddable":true,"href":"https:\/\/www.africa-press.net\/cotedivoire\/wp-json\/wp\/v2\/categories?post=40392"},{"taxonomy":"post_tag","embeddable":true,"href":"https:\/\/www.africa-press.net\/cotedivoire\/wp-json\/wp\/v2\/tags?post=40392"}],"curies":[{"name":"wp","href":"https:\/\/api.w.org\/{rel}","templated":true}]}}