{"id":40642,"date":"2022-07-13T11:05:59","date_gmt":"2022-07-13T11:05:59","guid":{"rendered":"https:\/\/www.africa-press.net\/cotedivoire\/politique\/le-ministre-de-la-justice-ordonne-aux-procureurs-lorganisation-daudiences-foraines"},"modified":"2022-07-13T12:16:59","modified_gmt":"2022-07-13T12:16:59","slug":"le-ministre-de-la-justice-ordonne-aux-procureurs-lorganisation-daudiences-foraines","status":"publish","type":"post","link":"https:\/\/www.africa-press.net\/cotedivoire\/politique\/le-ministre-de-la-justice-ordonne-aux-procureurs-lorganisation-daudiences-foraines","title":{"rendered":"le ministre de la Justice ordonne aux procureurs l\u2019organisation d\u2019audiences foraines"},"content":{"rendered":"<p><span style=\"color: #ff6600\"><strong>Africa-Press &#8211; C\u00f4te d&rsquo;Ivoire. <\/strong><\/span><b>Ayant constat\u00e9 que les maisons d\u2019arr\u00eat sont remplis, contrairement \u00e0 la loi, le ministre de la Justice, instruit l\u2019ensemble des procureurs d\u2019organiser les audiences foraines 18 au 22 Juillet 2022.<\/b><\/p>\n<p>Dans une circulaire du 12 juillet 2022, le Garde des Sceaux, Mahamat Ahamad Alhabo constate avec regret que : \u00ab Maisons d\u2019arr\u00eat regorgent des pr\u00e9venus et inculp\u00e9s en violation de la loi.\u00bb Il interpelle \u00e0 cet effet, Procureurs g\u00e9n\u00e9raux et procureurs de la R\u00e9publique \u00e0 l\u2019organisation imm\u00e9diate, des organisations foraines ainsi que l\u2019organisation des sessions criminelles et de rendre compte dans les meilleurs d\u00e9lais.<\/p>\n<p>\u00ab Les Maisons d\u2019Arr\u00eat regorgent de pr\u00e9venus et inculp\u00e9s en violation de la loi. \u00bb, d\u00e9plore le patron de la justice. Les Procureurs G\u00e9n\u00e9raux et les Chambres d\u2019Accusation ne r\u00e8glent pas les dossiers transmis par les Juges d\u2019instruction et ne statuent pas sur les dossiers dont ils sont saisis dans le d\u00e9lai prescrit, ajoute Mahamat Ahamad Alhabo.<\/p>\n<p>\u00ab Le minist\u00e8re de la Justice, cens\u00e9 prot\u00e9ger les droits des d\u00e9tenus devient, par ces comportements, complice des d\u00e9tentions arbitraires. Cette situation persistante ne saurait \u00eatre tol\u00e9r\u00e9e. \u00bb, peut-on lire dans la note.<\/p>\n<p><strong>Pour plus d&rsquo;informations et d&rsquo;analyses sur la <a href=\"https:\/\/www.africa-press.net\/cotedivoire\">C\u00f4te d&rsquo;Ivoire<\/a>, suivez <a href=\"https:\/\/www.africa-press.net\/\">Africa-Press<\/a><\/strong><\/p>\n","protected":false},"excerpt":{"rendered":"<p>Africa-Press &#8211; C\u00f4te d&rsquo;Ivoire. Ayant constat\u00e9 que les maisons d\u2019arr\u00eat sont remplis, contrairement \u00e0 la loi, le ministre de la Justice, instruit l\u2019ensemble des procureurs d\u2019organiser les audiences foraines 18 au 22 Juillet 2022. Dans une circulaire du 12 juillet 2022, le Garde des Sceaux, Mahamat Ahamad Alhabo constate avec regret que : \u00ab Maisons [&hellip;]<\/p>\n","protected":false},"author":82,"featured_media":40641,"comment_status":"open","ping_status":"closed","sticky":false,"template":"","format":"standard","meta":{"footnotes":""},"categories":[11,2,20,10],"tags":[56,63,6882,29,6881,2624],"class_list":["post-40642","post","type-post","status-publish","format-standard","has-post-thumbnail","hentry","category-homepage-french","category-politique","category-top-nouvelles","category-toutes-les-actualites","tag-africa-press","tag-africa-press-cote-divoire","tag-audiences-foraines","tag-cote-divoire","tag-ministere-de-la-justice","tag-tchad"],"yoast_head":"<!-- This site is optimized with the Yoast SEO Premium plugin v26.1 (Yoast SEO v27.0) - https:\/\/yoast.com\/product\/yoast-seo-premium-wordpress\/ -->\n<title>le ministre de la Justice ordonne aux procureurs l\u2019organisation d\u2019audiences foraines - C\u00f4te d&#039;Ivoire<\/title>\n<meta name=\"description\" content=\"Ayant constat\u00e9 que les maisons d\u2019arr\u00eat sont remplis, contrairement \u00e0 la loi, le ministre de la Justice, instruit l\u2019en ...\" \/>\n<meta name=\"robots\" content=\"index, follow, max-snippet:-1, max-image-preview:large, max-video-preview:-1\" \/>\n<link rel=\"canonical\" href=\"https:\/\/www.africa-press.net\/cotedivoire\/politique\/le-ministre-de-la-justice-ordonne-aux-procureurs-lorganisation-daudiences-foraines\" \/>\n<meta property=\"og:locale\" content=\"fr_FR\" \/>\n<meta property=\"og:type\" content=\"article\" \/>\n<meta property=\"og:title\" content=\"le ministre de la Justice ordonne aux procureurs l\u2019organisation d\u2019audiences foraines\" \/>\n<meta property=\"og:description\" content=\"Ayant constat\u00e9 que les maisons d\u2019arr\u00eat sont remplis, contrairement \u00e0 la loi, le ministre de la Justice, instruit l\u2019en ...\" \/>\n<meta property=\"og:url\" content=\"https:\/\/www.africa-press.net\/cotedivoire\/politique\/le-ministre-de-la-justice-ordonne-aux-procureurs-lorganisation-daudiences-foraines\" \/>\n<meta property=\"og:site_name\" content=\"C\u00f4te d&#039;Ivoire\" \/>\n<meta property=\"article:published_time\" content=\"2022-07-13T11:05:59+00:00\" \/>\n<meta property=\"article:modified_time\" content=\"2022-07-13T12:16:59+00:00\" \/>\n<meta property=\"og:image\" content=\"https:\/\/static.africa-press.net\/cote\/sites\/43\/2022\/07\/postQueueImg_5-62ceb7a1656e3.jpg\" \/>\n\t<meta property=\"og:image:width\" content=\"780\" \/>\n\t<meta property=\"og:image:height\" content=\"440\" \/>\n\t<meta property=\"og:image:type\" content=\"image\/jpeg\" \/>\n<meta name=\"author\" content=\"cfeditorfr\" \/>\n<meta name=\"twitter:card\" content=\"summary_large_image\" \/>\n<meta name=\"twitter:label1\" content=\"\u00c9crit par\" \/>\n\t<meta name=\"twitter:data1\" content=\"cfeditorfr\" \/>\n\t<meta name=\"twitter:label2\" content=\"Dur\u00e9e de lecture estim\u00e9e\" \/>\n\t<meta name=\"twitter:data2\" content=\"1 minute\" \/>\n<script type=\"application\/ld+json\" class=\"yoast-schema-graph\">{\"@context\":\"https:\/\/schema.org\",\"@graph\":[{\"@type\":\"Article\",\"@id\":\"https:\/\/www.africa-press.net\/cotedivoire\/politique\/le-ministre-de-la-justice-ordonne-aux-procureurs-lorganisation-daudiences-foraines#article\",\"isPartOf\":{\"@id\":\"https:\/\/www.africa-press.net\/cotedivoire\/politique\/le-ministre-de-la-justice-ordonne-aux-procureurs-lorganisation-daudiences-foraines\"},\"author\":{\"name\":\"cfeditorfr\",\"@id\":\"https:\/\/www.africa-press.net\/cotedivoire\/#\/schema\/person\/2b1cf3cd81a31e3cd26889ca66d677f1\"},\"headline\":\"le ministre de la Justice ordonne aux procureurs l\u2019organisation d\u2019audiences foraines\",\"datePublished\":\"2022-07-13T11:05:59+00:00\",\"dateModified\":\"2022-07-13T12:16:59+00:00\",\"mainEntityOfPage\":{\"@id\":\"https:\/\/www.africa-press.net\/cotedivoire\/politique\/le-ministre-de-la-justice-ordonne-aux-procureurs-lorganisation-daudiences-foraines\"},\"wordCount\":236,\"commentCount\":0,\"image\":{\"@id\":\"https:\/\/www.africa-press.net\/cotedivoire\/politique\/le-ministre-de-la-justice-ordonne-aux-procureurs-lorganisation-daudiences-foraines#primaryimage\"},\"thumbnailUrl\":\"https:\/\/static.africa-press.net\/cote\/sites\/43\/2022\/07\/postQueueImg_5-62ceb7a1656e3.jpg\",\"keywords\":[\"Africa Press\",\"Africa Press-C\u00f4te d'Ivoire\",\"audiences foraines\",\"C\u00d4TE D'IVOIRE\",\"minist\u00e8re de la justice\",\"Tchad\"],\"articleSection\":[\"homepage-french\",\"Politique\",\"Top Nouvelles\",\"Toutes les actualit\u00e9s\"],\"inLanguage\":\"fr-FR\",\"potentialAction\":[{\"@type\":\"CommentAction\",\"name\":\"Comment\",\"target\":[\"https:\/\/www.africa-press.net\/cotedivoire\/politique\/le-ministre-de-la-justice-ordonne-aux-procureurs-lorganisation-daudiences-foraines#respond\"]}]},{\"@type\":\"WebPage\",\"@id\":\"https:\/\/www.africa-press.net\/cotedivoire\/politique\/le-ministre-de-la-justice-ordonne-aux-procureurs-lorganisation-daudiences-foraines\",\"url\":\"https:\/\/www.africa-press.net\/cotedivoire\/politique\/le-ministre-de-la-justice-ordonne-aux-procureurs-lorganisation-daudiences-foraines\",\"name\":\"le ministre de la Justice ordonne aux procureurs l\u2019organisation d\u2019audiences foraines - C\u00f4te d&#039;Ivoire\",\"isPartOf\":{\"@id\":\"https:\/\/www.africa-press.net\/cotedivoire\/#website\"},\"primaryImageOfPage\":{\"@id\":\"https:\/\/www.africa-press.net\/cotedivoire\/politique\/le-ministre-de-la-justice-ordonne-aux-procureurs-lorganisation-daudiences-foraines#primaryimage\"},\"image\":{\"@id\":\"https:\/\/www.africa-press.net\/cotedivoire\/politique\/le-ministre-de-la-justice-ordonne-aux-procureurs-lorganisation-daudiences-foraines#primaryimage\"},\"thumbnailUrl\":\"https:\/\/static.africa-press.net\/cote\/sites\/43\/2022\/07\/postQueueImg_5-62ceb7a1656e3.jpg\",\"datePublished\":\"2022-07-13T11:05:59+00:00\",\"dateModified\":\"2022-07-13T12:16:59+00:00\",\"author\":{\"@id\":\"https:\/\/www.africa-press.net\/cotedivoire\/#\/schema\/person\/2b1cf3cd81a31e3cd26889ca66d677f1\"},\"description\":\"Ayant constat\u00e9 que les maisons d\u2019arr\u00eat sont remplis, contrairement \u00e0 la loi, le ministre de la Justice, instruit l\u2019en ...\",\"breadcrumb\":{\"@id\":\"https:\/\/www.africa-press.net\/cotedivoire\/politique\/le-ministre-de-la-justice-ordonne-aux-procureurs-lorganisation-daudiences-foraines#breadcrumb\"},\"inLanguage\":\"fr-FR\",\"potentialAction\":[{\"@type\":\"ReadAction\",\"target\":[\"https:\/\/www.africa-press.net\/cotedivoire\/politique\/le-ministre-de-la-justice-ordonne-aux-procureurs-lorganisation-daudiences-foraines\"]}]},{\"@type\":\"ImageObject\",\"inLanguage\":\"fr-FR\",\"@id\":\"https:\/\/www.africa-press.net\/cotedivoire\/politique\/le-ministre-de-la-justice-ordonne-aux-procureurs-lorganisation-daudiences-foraines#primaryimage\",\"url\":\"https:\/\/static.africa-press.net\/cote\/sites\/43\/2022\/07\/postQueueImg_5-62ceb7a1656e3.jpg\",\"contentUrl\":\"https:\/\/static.africa-press.net\/cote\/sites\/43\/2022\/07\/postQueueImg_5-62ceb7a1656e3.jpg\",\"width\":780,\"height\":440,\"caption\":\"le ministre de la Justice ordonne aux procureurs l\u2019organisation d\u2019audiences foraines\"},{\"@type\":\"BreadcrumbList\",\"@id\":\"https:\/\/www.africa-press.net\/cotedivoire\/politique\/le-ministre-de-la-justice-ordonne-aux-procureurs-lorganisation-daudiences-foraines#breadcrumb\",\"itemListElement\":[{\"@type\":\"ListItem\",\"position\":1,\"name\":\"Accueil\",\"item\":\"https:\/\/www.africa-press.net\/cotedivoire\/\"},{\"@type\":\"ListItem\",\"position\":2,\"name\":\"le ministre de la Justice ordonne aux procureurs l\u2019organisation d\u2019audiences foraines\"}]},{\"@type\":\"WebSite\",\"@id\":\"https:\/\/www.africa-press.net\/cotedivoire\/#website\",\"url\":\"https:\/\/www.africa-press.net\/cotedivoire\/\",\"name\":\"C\u00f4te d&#039;Ivoire\",\"description\":\"Just another Africa News Agency Sites site\",\"potentialAction\":[{\"@type\":\"SearchAction\",\"target\":{\"@type\":\"EntryPoint\",\"urlTemplate\":\"https:\/\/www.africa-press.net\/cotedivoire\/?s={search_term_string}\"},\"query-input\":{\"@type\":\"PropertyValueSpecification\",\"valueRequired\":true,\"valueName\":\"search_term_string\"}}],\"inLanguage\":\"fr-FR\"},{\"@type\":\"Person\",\"@id\":\"https:\/\/www.africa-press.net\/cotedivoire\/#\/schema\/person\/2b1cf3cd81a31e3cd26889ca66d677f1\",\"name\":\"cfeditorfr\"}]}<\/script>\n<!-- \/ Yoast SEO Premium plugin. -->","yoast_head_json":{"title":"le ministre de la Justice ordonne aux procureurs l\u2019organisation d\u2019audiences foraines - C\u00f4te d&#039;Ivoire","description":"Ayant constat\u00e9 que les maisons d\u2019arr\u00eat sont remplis, contrairement \u00e0 la loi, le ministre de la Justice, instruit l\u2019en ...","robots":{"index":"index","follow":"follow","max-snippet":"max-snippet:-1","max-image-preview":"max-image-preview:large","max-video-preview":"max-video-preview:-1"},"canonical":"https:\/\/www.africa-press.net\/cotedivoire\/politique\/le-ministre-de-la-justice-ordonne-aux-procureurs-lorganisation-daudiences-foraines","og_locale":"fr_FR","og_type":"article","og_title":"le ministre de la Justice ordonne aux procureurs l\u2019organisation d\u2019audiences foraines","og_description":"Ayant constat\u00e9 que les maisons d\u2019arr\u00eat sont remplis, contrairement \u00e0 la loi, le ministre de la Justice, instruit l\u2019en ...","og_url":"https:\/\/www.africa-press.net\/cotedivoire\/politique\/le-ministre-de-la-justice-ordonne-aux-procureurs-lorganisation-daudiences-foraines","og_site_name":"C\u00f4te d&#039;Ivoire","article_published_time":"2022-07-13T11:05:59+00:00","article_modified_time":"2022-07-13T12:16:59+00:00","og_image":[{"width":780,"height":440,"url":"https:\/\/static.africa-press.net\/cote\/sites\/43\/2022\/07\/postQueueImg_5-62ceb7a1656e3.jpg","type":"image\/jpeg"}],"author":"cfeditorfr","twitter_card":"summary_large_image","twitter_misc":{"\u00c9crit par":"cfeditorfr","Dur\u00e9e de lecture estim\u00e9e":"1 minute"},"schema":{"@context":"https:\/\/schema.org","@graph":[{"@type":"Article","@id":"https:\/\/www.africa-press.net\/cotedivoire\/politique\/le-ministre-de-la-justice-ordonne-aux-procureurs-lorganisation-daudiences-foraines#article","isPartOf":{"@id":"https:\/\/www.africa-press.net\/cotedivoire\/politique\/le-ministre-de-la-justice-ordonne-aux-procureurs-lorganisation-daudiences-foraines"},"author":{"name":"cfeditorfr","@id":"https:\/\/www.africa-press.net\/cotedivoire\/#\/schema\/person\/2b1cf3cd81a31e3cd26889ca66d677f1"},"headline":"le ministre de la Justice ordonne aux procureurs l\u2019organisation d\u2019audiences foraines","datePublished":"2022-07-13T11:05:59+00:00","dateModified":"2022-07-13T12:16:59+00:00","mainEntityOfPage":{"@id":"https:\/\/www.africa-press.net\/cotedivoire\/politique\/le-ministre-de-la-justice-ordonne-aux-procureurs-lorganisation-daudiences-foraines"},"wordCount":236,"commentCount":0,"image":{"@id":"https:\/\/www.africa-press.net\/cotedivoire\/politique\/le-ministre-de-la-justice-ordonne-aux-procureurs-lorganisation-daudiences-foraines#primaryimage"},"thumbnailUrl":"https:\/\/static.africa-press.net\/cote\/sites\/43\/2022\/07\/postQueueImg_5-62ceb7a1656e3.jpg","keywords":["Africa Press","Africa Press-C\u00f4te d'Ivoire","audiences foraines","C\u00d4TE D'IVOIRE","minist\u00e8re de la justice","Tchad"],"articleSection":["homepage-french","Politique","Top Nouvelles","Toutes les actualit\u00e9s"],"inLanguage":"fr-FR","potentialAction":[{"@type":"CommentAction","name":"Comment","target":["https:\/\/www.africa-press.net\/cotedivoire\/politique\/le-ministre-de-la-justice-ordonne-aux-procureurs-lorganisation-daudiences-foraines#respond"]}]},{"@type":"WebPage","@id":"https:\/\/www.africa-press.net\/cotedivoire\/politique\/le-ministre-de-la-justice-ordonne-aux-procureurs-lorganisation-daudiences-foraines","url":"https:\/\/www.africa-press.net\/cotedivoire\/politique\/le-ministre-de-la-justice-ordonne-aux-procureurs-lorganisation-daudiences-foraines","name":"le ministre de la Justice ordonne aux procureurs l\u2019organisation d\u2019audiences foraines - C\u00f4te d&#039;Ivoire","isPartOf":{"@id":"https:\/\/www.africa-press.net\/cotedivoire\/#website"},"primaryImageOfPage":{"@id":"https:\/\/www.africa-press.net\/cotedivoire\/politique\/le-ministre-de-la-justice-ordonne-aux-procureurs-lorganisation-daudiences-foraines#primaryimage"},"image":{"@id":"https:\/\/www.africa-press.net\/cotedivoire\/politique\/le-ministre-de-la-justice-ordonne-aux-procureurs-lorganisation-daudiences-foraines#primaryimage"},"thumbnailUrl":"https:\/\/static.africa-press.net\/cote\/sites\/43\/2022\/07\/postQueueImg_5-62ceb7a1656e3.jpg","datePublished":"2022-07-13T11:05:59+00:00","dateModified":"2022-07-13T12:16:59+00:00","author":{"@id":"https:\/\/www.africa-press.net\/cotedivoire\/#\/schema\/person\/2b1cf3cd81a31e3cd26889ca66d677f1"},"description":"Ayant constat\u00e9 que les maisons d\u2019arr\u00eat sont remplis, contrairement \u00e0 la loi, le ministre de la Justice, instruit l\u2019en ...","breadcrumb":{"@id":"https:\/\/www.africa-press.net\/cotedivoire\/politique\/le-ministre-de-la-justice-ordonne-aux-procureurs-lorganisation-daudiences-foraines#breadcrumb"},"inLanguage":"fr-FR","potentialAction":[{"@type":"ReadAction","target":["https:\/\/www.africa-press.net\/cotedivoire\/politique\/le-ministre-de-la-justice-ordonne-aux-procureurs-lorganisation-daudiences-foraines"]}]},{"@type":"ImageObject","inLanguage":"fr-FR","@id":"https:\/\/www.africa-press.net\/cotedivoire\/politique\/le-ministre-de-la-justice-ordonne-aux-procureurs-lorganisation-daudiences-foraines#primaryimage","url":"https:\/\/static.africa-press.net\/cote\/sites\/43\/2022\/07\/postQueueImg_5-62ceb7a1656e3.jpg","contentUrl":"https:\/\/static.africa-press.net\/cote\/sites\/43\/2022\/07\/postQueueImg_5-62ceb7a1656e3.jpg","width":780,"height":440,"caption":"le ministre de la Justice ordonne aux procureurs l\u2019organisation d\u2019audiences foraines"},{"@type":"BreadcrumbList","@id":"https:\/\/www.africa-press.net\/cotedivoire\/politique\/le-ministre-de-la-justice-ordonne-aux-procureurs-lorganisation-daudiences-foraines#breadcrumb","itemListElement":[{"@type":"ListItem","position":1,"name":"Accueil","item":"https:\/\/www.africa-press.net\/cotedivoire\/"},{"@type":"ListItem","position":2,"name":"le ministre de la Justice ordonne aux procureurs l\u2019organisation d\u2019audiences foraines"}]},{"@type":"WebSite","@id":"https:\/\/www.africa-press.net\/cotedivoire\/#website","url":"https:\/\/www.africa-press.net\/cotedivoire\/","name":"C\u00f4te d&#039;Ivoire","description":"Just another Africa News Agency Sites site","potentialAction":[{"@type":"SearchAction","target":{"@type":"EntryPoint","urlTemplate":"https:\/\/www.africa-press.net\/cotedivoire\/?s={search_term_string}"},"query-input":{"@type":"PropertyValueSpecification","valueRequired":true,"valueName":"search_term_string"}}],"inLanguage":"fr-FR"},{"@type":"Person","@id":"https:\/\/www.africa-press.net\/cotedivoire\/#\/schema\/person\/2b1cf3cd81a31e3cd26889ca66d677f1","name":"cfeditorfr"}]}},"_links":{"self":[{"href":"https:\/\/www.africa-press.net\/cotedivoire\/wp-json\/wp\/v2\/posts\/40642","targetHints":{"allow":["GET"]}}],"collection":[{"href":"https:\/\/www.africa-press.net\/cotedivoire\/wp-json\/wp\/v2\/posts"}],"about":[{"href":"https:\/\/www.africa-press.net\/cotedivoire\/wp-json\/wp\/v2\/types\/post"}],"author":[{"embeddable":true,"href":"https:\/\/www.africa-press.net\/cotedivoire\/wp-json\/wp\/v2\/users\/82"}],"replies":[{"embeddable":true,"href":"https:\/\/www.africa-press.net\/cotedivoire\/wp-json\/wp\/v2\/comments?post=40642"}],"version-history":[{"count":0,"href":"https:\/\/www.africa-press.net\/cotedivoire\/wp-json\/wp\/v2\/posts\/40642\/revisions"}],"wp:featuredmedia":[{"embeddable":true,"href":"https:\/\/www.africa-press.net\/cotedivoire\/wp-json\/wp\/v2\/media\/40641"}],"wp:attachment":[{"href":"https:\/\/www.africa-press.net\/cotedivoire\/wp-json\/wp\/v2\/media?parent=40642"}],"wp:term":[{"taxonomy":"category","embeddable":true,"href":"https:\/\/www.africa-press.net\/cotedivoire\/wp-json\/wp\/v2\/categories?post=40642"},{"taxonomy":"post_tag","embeddable":true,"href":"https:\/\/www.africa-press.net\/cotedivoire\/wp-json\/wp\/v2\/tags?post=40642"}],"curies":[{"name":"wp","href":"https:\/\/api.w.org\/{rel}","templated":true}]}}