{"id":40971,"date":"2022-07-15T16:10:45","date_gmt":"2022-07-15T16:10:45","guid":{"rendered":"https:\/\/www.africa-press.net\/cotedivoire\/politique\/avant-la-rencontre-ce-que-gbagbo-ouattara-et-bedie-se-sont-dit-sur-le-perron-du-palais-presidentiel"},"modified":"2022-07-15T16:35:22","modified_gmt":"2022-07-15T16:35:22","slug":"avant-la-rencontre-ce-que-gbagbo-ouattara-et-bedie-se-sont-dit-sur-le-perron-du-palais-presidentiel","status":"publish","type":"post","link":"https:\/\/www.africa-press.net\/cotedivoire\/politique\/avant-la-rencontre-ce-que-gbagbo-ouattara-et-bedie-se-sont-dit-sur-le-perron-du-palais-presidentiel","title":{"rendered":"Avant la rencontre,  ce que Gbagbo, Ouattara et B\u00e9di\u00e9 se sont dit sur le perron du palais pr\u00e9sidentiel"},"content":{"rendered":"<p><span style=\"color: #ff6600\"><strong>Africa-Press &#8211; C\u00f4te d&rsquo;Ivoire. <\/strong><\/span>Ouattara, Gbagbo et B\u00e9di\u00e9 jeudi sur le perron du palais pr\u00e9sidentiel \u00e0 Abidjan (Ph)<\/p>\n<p>La rencontre tant attendue entre les trois classiques de la politique ivoirienne des trois (03) derni\u00e8re d\u00e9cennies, Alassane Ouattara, Laurent Gbagbo et Henri Konan B\u00e9di\u00e9, \u00e0 bel et bien eu lieu comme pr\u00e9vue le jeudi 14 juillet 2022.<\/p>\n<p>Arriv\u00e9 \u00e0 16h50 mn heure locale, Laurent Gbagbo a \u00e9t\u00e9 accueilli par Alassane Ouattara sur le perron du palais pr\u00e9sidentiel \u00e0 Abidjan o\u00f9 les deux hommes se sont donn\u00e9s l&rsquo;accolade et ont avanc\u00e9 main dans la main dans la salle du petit Palais.<\/p>\n<p>\u00ab Alors Laurent tu vas bien ? Et ton voyage, \u00e7a s\u2019est pass\u00e9 bien ? \u00bb, a interrog\u00e9 Alassane Ouattara en accueillant Laurent Gbagbo. \u00ab Tout s\u2019est bien pass\u00e9 \u00bb, a r\u00e9torqu\u00e9 Laurent Gbagbo.<\/p>\n<p>Henri Konan B\u00e9di\u00e9 est pour sa part arriv\u00e9 4 minutes apr\u00e8s (16:54) et a \u00e9t\u00e9 \u00e9galement accueilli par Alassane Ouattara. Le Pr\u00e9sident de la R\u00e9publique s\u2019est enqu\u00e9ri des nouvelles de son a\u00een\u00e9 B\u00e9di\u00e9 en ces termes : \u00ab Pr\u00e9sident comment vas-tu ? Comment va ma grande s\u0153ur ?\u00bb. \u00ab Oui \u00e7a va! Elle a commenc\u00e9 \u00e0 r\u00e9cup\u00e9rer \u00bb, a r\u00e9pondu Henri Konan B\u00e9di\u00e9.<\/p>\n<p>Selon le communiqu\u00e9 lu par le \u00ab Benjamin \u00bb des trois pr\u00e9sidents, cette premi\u00e8re rencontre un levain de la d\u00e9crispation du climat socio-politique national en C\u00f4te d&rsquo;Ivoire.<\/p>\n<p>Cette rencontre qui fait suite aux recommandations du dialogue politique est attendue par l\u2019ensemble des Ivoiriens comme celle qui ravivera certainement l\u2019esp\u00e9rance apr\u00e8s la crise post-\u00e9lectorale.<\/p>\n<p><strong>Pour plus d&rsquo;informations et d&rsquo;analyses sur la <a href=\"https:\/\/www.africa-press.net\/cotedivoire\">C\u00f4te d&rsquo;Ivoire<\/a>, suivez <a href=\"https:\/\/www.africa-press.net\/\">Africa-Press<\/a><\/strong><\/p>\n","protected":false},"excerpt":{"rendered":"<p>Africa-Press &#8211; C\u00f4te d&rsquo;Ivoire. Ouattara, Gbagbo et B\u00e9di\u00e9 jeudi sur le perron du palais pr\u00e9sidentiel \u00e0 Abidjan (Ph) La rencontre tant attendue entre les trois classiques de la politique ivoirienne des trois (03) derni\u00e8re d\u00e9cennies, Alassane Ouattara, Laurent Gbagbo et Henri Konan B\u00e9di\u00e9, \u00e0 bel et bien eu lieu comme pr\u00e9vue le jeudi 14 juillet [&hellip;]<\/p>\n","protected":false},"author":82,"featured_media":40970,"comment_status":"open","ping_status":"closed","sticky":false,"template":"","format":"standard","meta":{"footnotes":""},"categories":[11,2,10],"tags":[56,63,38,29,3237,408,50,3515,6925,6924,386],"class_list":["post-40971","post","type-post","status-publish","format-standard","has-post-thumbnail","hentry","category-homepage-french","category-politique","category-toutes-les-actualites","tag-africa-press","tag-africa-press-cote-divoire","tag-alassane-ouattara","tag-cote-divoire","tag-dialogue-politique","tag-konan-bedie","tag-laurent-gbagbo","tag-palais","tag-perron","tag-presidentiel","tag-rencontre"],"yoast_head":"<!-- This site is optimized with the Yoast SEO Premium plugin v26.1 (Yoast SEO v27.0) - https:\/\/yoast.com\/product\/yoast-seo-premium-wordpress\/ -->\n<title>Avant la rencontre, ce que Gbagbo, Ouattara et B\u00e9di\u00e9 se sont dit sur le perron du palais pr\u00e9sidentiel - C\u00f4te d&#039;Ivoire<\/title>\n<meta name=\"description\" content=\"Ouattara, Gbagbo et B\u00e9di\u00e9 jeudi sur le perron du palais pr\u00e9sidentiel \u00e0 Abidjan (Ph) La rencontre tant attendue entre le ...\" \/>\n<meta name=\"robots\" content=\"index, follow, max-snippet:-1, max-image-preview:large, max-video-preview:-1\" \/>\n<link rel=\"canonical\" href=\"https:\/\/www.africa-press.net\/cotedivoire\/politique\/avant-la-rencontre-ce-que-gbagbo-ouattara-et-bedie-se-sont-dit-sur-le-perron-du-palais-presidentiel\" \/>\n<meta property=\"og:locale\" content=\"fr_FR\" \/>\n<meta property=\"og:type\" content=\"article\" \/>\n<meta property=\"og:title\" content=\"Avant la rencontre, ce que Gbagbo, Ouattara et B\u00e9di\u00e9 se sont dit sur le perron du palais pr\u00e9sidentiel\" \/>\n<meta property=\"og:description\" content=\"Ouattara, Gbagbo et B\u00e9di\u00e9 jeudi sur le perron du palais pr\u00e9sidentiel \u00e0 Abidjan (Ph) La rencontre tant attendue entre le ...\" \/>\n<meta property=\"og:url\" content=\"https:\/\/www.africa-press.net\/cotedivoire\/politique\/avant-la-rencontre-ce-que-gbagbo-ouattara-et-bedie-se-sont-dit-sur-le-perron-du-palais-presidentiel\" \/>\n<meta property=\"og:site_name\" content=\"C\u00f4te d&#039;Ivoire\" \/>\n<meta property=\"article:published_time\" content=\"2022-07-15T16:10:45+00:00\" \/>\n<meta property=\"article:modified_time\" content=\"2022-07-15T16:35:22+00:00\" \/>\n<meta property=\"og:image\" content=\"https:\/\/static.africa-press.net\/cote\/sites\/43\/2022\/07\/postQueueImg_19-62d196d62d183.jpg\" \/>\n\t<meta property=\"og:image:width\" content=\"720\" \/>\n\t<meta property=\"og:image:height\" content=\"597\" \/>\n\t<meta property=\"og:image:type\" content=\"image\/jpeg\" \/>\n<meta name=\"author\" content=\"cfeditorfr\" \/>\n<meta name=\"twitter:card\" content=\"summary_large_image\" \/>\n<meta name=\"twitter:label1\" content=\"\u00c9crit par\" \/>\n\t<meta name=\"twitter:data1\" content=\"cfeditorfr\" \/>\n\t<meta name=\"twitter:label2\" content=\"Dur\u00e9e de lecture estim\u00e9e\" \/>\n\t<meta name=\"twitter:data2\" content=\"1 minute\" \/>\n<script type=\"application\/ld+json\" class=\"yoast-schema-graph\">{\"@context\":\"https:\/\/schema.org\",\"@graph\":[{\"@type\":\"Article\",\"@id\":\"https:\/\/www.africa-press.net\/cotedivoire\/politique\/avant-la-rencontre-ce-que-gbagbo-ouattara-et-bedie-se-sont-dit-sur-le-perron-du-palais-presidentiel#article\",\"isPartOf\":{\"@id\":\"https:\/\/www.africa-press.net\/cotedivoire\/politique\/avant-la-rencontre-ce-que-gbagbo-ouattara-et-bedie-se-sont-dit-sur-le-perron-du-palais-presidentiel\"},\"author\":{\"name\":\"cfeditorfr\",\"@id\":\"https:\/\/www.africa-press.net\/cotedivoire\/#\/schema\/person\/2b1cf3cd81a31e3cd26889ca66d677f1\"},\"headline\":\"Avant la rencontre, ce que Gbagbo, Ouattara et B\u00e9di\u00e9 se sont dit sur le perron du palais pr\u00e9sidentiel\",\"datePublished\":\"2022-07-15T16:10:45+00:00\",\"dateModified\":\"2022-07-15T16:35:22+00:00\",\"mainEntityOfPage\":{\"@id\":\"https:\/\/www.africa-press.net\/cotedivoire\/politique\/avant-la-rencontre-ce-que-gbagbo-ouattara-et-bedie-se-sont-dit-sur-le-perron-du-palais-presidentiel\"},\"wordCount\":298,\"commentCount\":0,\"image\":{\"@id\":\"https:\/\/www.africa-press.net\/cotedivoire\/politique\/avant-la-rencontre-ce-que-gbagbo-ouattara-et-bedie-se-sont-dit-sur-le-perron-du-palais-presidentiel#primaryimage\"},\"thumbnailUrl\":\"https:\/\/static.africa-press.net\/cote\/sites\/43\/2022\/07\/postQueueImg_19-62d196d62d183.jpg\",\"keywords\":[\"Africa Press\",\"Africa Press-C\u00f4te d'Ivoire\",\"Alassane Ouattara\",\"C\u00d4TE D'IVOIRE\",\"dialogue politique\",\"Konan B\u00e9di\u00e9\",\"Laurent Gbagbo\",\"palais\",\"perron\",\"pr\u00e9sidentiel\",\"rencontre\"],\"articleSection\":[\"homepage-french\",\"Politique\",\"Toutes les actualit\u00e9s\"],\"inLanguage\":\"fr-FR\",\"potentialAction\":[{\"@type\":\"CommentAction\",\"name\":\"Comment\",\"target\":[\"https:\/\/www.africa-press.net\/cotedivoire\/politique\/avant-la-rencontre-ce-que-gbagbo-ouattara-et-bedie-se-sont-dit-sur-le-perron-du-palais-presidentiel#respond\"]}]},{\"@type\":\"WebPage\",\"@id\":\"https:\/\/www.africa-press.net\/cotedivoire\/politique\/avant-la-rencontre-ce-que-gbagbo-ouattara-et-bedie-se-sont-dit-sur-le-perron-du-palais-presidentiel\",\"url\":\"https:\/\/www.africa-press.net\/cotedivoire\/politique\/avant-la-rencontre-ce-que-gbagbo-ouattara-et-bedie-se-sont-dit-sur-le-perron-du-palais-presidentiel\",\"name\":\"Avant la rencontre, ce que Gbagbo, Ouattara et B\u00e9di\u00e9 se sont dit sur le perron du palais pr\u00e9sidentiel - C\u00f4te d&#039;Ivoire\",\"isPartOf\":{\"@id\":\"https:\/\/www.africa-press.net\/cotedivoire\/#website\"},\"primaryImageOfPage\":{\"@id\":\"https:\/\/www.africa-press.net\/cotedivoire\/politique\/avant-la-rencontre-ce-que-gbagbo-ouattara-et-bedie-se-sont-dit-sur-le-perron-du-palais-presidentiel#primaryimage\"},\"image\":{\"@id\":\"https:\/\/www.africa-press.net\/cotedivoire\/politique\/avant-la-rencontre-ce-que-gbagbo-ouattara-et-bedie-se-sont-dit-sur-le-perron-du-palais-presidentiel#primaryimage\"},\"thumbnailUrl\":\"https:\/\/static.africa-press.net\/cote\/sites\/43\/2022\/07\/postQueueImg_19-62d196d62d183.jpg\",\"datePublished\":\"2022-07-15T16:10:45+00:00\",\"dateModified\":\"2022-07-15T16:35:22+00:00\",\"author\":{\"@id\":\"https:\/\/www.africa-press.net\/cotedivoire\/#\/schema\/person\/2b1cf3cd81a31e3cd26889ca66d677f1\"},\"description\":\"Ouattara, Gbagbo et B\u00e9di\u00e9 jeudi sur le perron du palais pr\u00e9sidentiel \u00e0 Abidjan (Ph) La rencontre tant attendue entre le ...\",\"breadcrumb\":{\"@id\":\"https:\/\/www.africa-press.net\/cotedivoire\/politique\/avant-la-rencontre-ce-que-gbagbo-ouattara-et-bedie-se-sont-dit-sur-le-perron-du-palais-presidentiel#breadcrumb\"},\"inLanguage\":\"fr-FR\",\"potentialAction\":[{\"@type\":\"ReadAction\",\"target\":[\"https:\/\/www.africa-press.net\/cotedivoire\/politique\/avant-la-rencontre-ce-que-gbagbo-ouattara-et-bedie-se-sont-dit-sur-le-perron-du-palais-presidentiel\"]}]},{\"@type\":\"ImageObject\",\"inLanguage\":\"fr-FR\",\"@id\":\"https:\/\/www.africa-press.net\/cotedivoire\/politique\/avant-la-rencontre-ce-que-gbagbo-ouattara-et-bedie-se-sont-dit-sur-le-perron-du-palais-presidentiel#primaryimage\",\"url\":\"https:\/\/static.africa-press.net\/cote\/sites\/43\/2022\/07\/postQueueImg_19-62d196d62d183.jpg\",\"contentUrl\":\"https:\/\/static.africa-press.net\/cote\/sites\/43\/2022\/07\/postQueueImg_19-62d196d62d183.jpg\",\"width\":720,\"height\":597,\"caption\":\"Avant la rencontre, ce que Gbagbo, Ouattara et B\u00e9di\u00e9 se sont dit sur le perron du palais pr\u00e9sidentiel\"},{\"@type\":\"BreadcrumbList\",\"@id\":\"https:\/\/www.africa-press.net\/cotedivoire\/politique\/avant-la-rencontre-ce-que-gbagbo-ouattara-et-bedie-se-sont-dit-sur-le-perron-du-palais-presidentiel#breadcrumb\",\"itemListElement\":[{\"@type\":\"ListItem\",\"position\":1,\"name\":\"Accueil\",\"item\":\"https:\/\/www.africa-press.net\/cotedivoire\/\"},{\"@type\":\"ListItem\",\"position\":2,\"name\":\"Avant la rencontre, ce que Gbagbo, Ouattara et B\u00e9di\u00e9 se sont dit sur le perron du palais pr\u00e9sidentiel\"}]},{\"@type\":\"WebSite\",\"@id\":\"https:\/\/www.africa-press.net\/cotedivoire\/#website\",\"url\":\"https:\/\/www.africa-press.net\/cotedivoire\/\",\"name\":\"C\u00f4te d&#039;Ivoire\",\"description\":\"Just another Africa News Agency Sites site\",\"potentialAction\":[{\"@type\":\"SearchAction\",\"target\":{\"@type\":\"EntryPoint\",\"urlTemplate\":\"https:\/\/www.africa-press.net\/cotedivoire\/?s={search_term_string}\"},\"query-input\":{\"@type\":\"PropertyValueSpecification\",\"valueRequired\":true,\"valueName\":\"search_term_string\"}}],\"inLanguage\":\"fr-FR\"},{\"@type\":\"Person\",\"@id\":\"https:\/\/www.africa-press.net\/cotedivoire\/#\/schema\/person\/2b1cf3cd81a31e3cd26889ca66d677f1\",\"name\":\"cfeditorfr\"}]}<\/script>\n<!-- \/ Yoast SEO Premium plugin. -->","yoast_head_json":{"title":"Avant la rencontre, ce que Gbagbo, Ouattara et B\u00e9di\u00e9 se sont dit sur le perron du palais pr\u00e9sidentiel - C\u00f4te d&#039;Ivoire","description":"Ouattara, Gbagbo et B\u00e9di\u00e9 jeudi sur le perron du palais pr\u00e9sidentiel \u00e0 Abidjan (Ph) La rencontre tant attendue entre le ...","robots":{"index":"index","follow":"follow","max-snippet":"max-snippet:-1","max-image-preview":"max-image-preview:large","max-video-preview":"max-video-preview:-1"},"canonical":"https:\/\/www.africa-press.net\/cotedivoire\/politique\/avant-la-rencontre-ce-que-gbagbo-ouattara-et-bedie-se-sont-dit-sur-le-perron-du-palais-presidentiel","og_locale":"fr_FR","og_type":"article","og_title":"Avant la rencontre, ce que Gbagbo, Ouattara et B\u00e9di\u00e9 se sont dit sur le perron du palais pr\u00e9sidentiel","og_description":"Ouattara, Gbagbo et B\u00e9di\u00e9 jeudi sur le perron du palais pr\u00e9sidentiel \u00e0 Abidjan (Ph) La rencontre tant attendue entre le ...","og_url":"https:\/\/www.africa-press.net\/cotedivoire\/politique\/avant-la-rencontre-ce-que-gbagbo-ouattara-et-bedie-se-sont-dit-sur-le-perron-du-palais-presidentiel","og_site_name":"C\u00f4te d&#039;Ivoire","article_published_time":"2022-07-15T16:10:45+00:00","article_modified_time":"2022-07-15T16:35:22+00:00","og_image":[{"width":720,"height":597,"url":"https:\/\/static.africa-press.net\/cote\/sites\/43\/2022\/07\/postQueueImg_19-62d196d62d183.jpg","type":"image\/jpeg"}],"author":"cfeditorfr","twitter_card":"summary_large_image","twitter_misc":{"\u00c9crit par":"cfeditorfr","Dur\u00e9e de lecture estim\u00e9e":"1 minute"},"schema":{"@context":"https:\/\/schema.org","@graph":[{"@type":"Article","@id":"https:\/\/www.africa-press.net\/cotedivoire\/politique\/avant-la-rencontre-ce-que-gbagbo-ouattara-et-bedie-se-sont-dit-sur-le-perron-du-palais-presidentiel#article","isPartOf":{"@id":"https:\/\/www.africa-press.net\/cotedivoire\/politique\/avant-la-rencontre-ce-que-gbagbo-ouattara-et-bedie-se-sont-dit-sur-le-perron-du-palais-presidentiel"},"author":{"name":"cfeditorfr","@id":"https:\/\/www.africa-press.net\/cotedivoire\/#\/schema\/person\/2b1cf3cd81a31e3cd26889ca66d677f1"},"headline":"Avant la rencontre, ce que Gbagbo, Ouattara et B\u00e9di\u00e9 se sont dit sur le perron du palais pr\u00e9sidentiel","datePublished":"2022-07-15T16:10:45+00:00","dateModified":"2022-07-15T16:35:22+00:00","mainEntityOfPage":{"@id":"https:\/\/www.africa-press.net\/cotedivoire\/politique\/avant-la-rencontre-ce-que-gbagbo-ouattara-et-bedie-se-sont-dit-sur-le-perron-du-palais-presidentiel"},"wordCount":298,"commentCount":0,"image":{"@id":"https:\/\/www.africa-press.net\/cotedivoire\/politique\/avant-la-rencontre-ce-que-gbagbo-ouattara-et-bedie-se-sont-dit-sur-le-perron-du-palais-presidentiel#primaryimage"},"thumbnailUrl":"https:\/\/static.africa-press.net\/cote\/sites\/43\/2022\/07\/postQueueImg_19-62d196d62d183.jpg","keywords":["Africa Press","Africa Press-C\u00f4te d'Ivoire","Alassane Ouattara","C\u00d4TE D'IVOIRE","dialogue politique","Konan B\u00e9di\u00e9","Laurent Gbagbo","palais","perron","pr\u00e9sidentiel","rencontre"],"articleSection":["homepage-french","Politique","Toutes les actualit\u00e9s"],"inLanguage":"fr-FR","potentialAction":[{"@type":"CommentAction","name":"Comment","target":["https:\/\/www.africa-press.net\/cotedivoire\/politique\/avant-la-rencontre-ce-que-gbagbo-ouattara-et-bedie-se-sont-dit-sur-le-perron-du-palais-presidentiel#respond"]}]},{"@type":"WebPage","@id":"https:\/\/www.africa-press.net\/cotedivoire\/politique\/avant-la-rencontre-ce-que-gbagbo-ouattara-et-bedie-se-sont-dit-sur-le-perron-du-palais-presidentiel","url":"https:\/\/www.africa-press.net\/cotedivoire\/politique\/avant-la-rencontre-ce-que-gbagbo-ouattara-et-bedie-se-sont-dit-sur-le-perron-du-palais-presidentiel","name":"Avant la rencontre, ce que Gbagbo, Ouattara et B\u00e9di\u00e9 se sont dit sur le perron du palais pr\u00e9sidentiel - C\u00f4te d&#039;Ivoire","isPartOf":{"@id":"https:\/\/www.africa-press.net\/cotedivoire\/#website"},"primaryImageOfPage":{"@id":"https:\/\/www.africa-press.net\/cotedivoire\/politique\/avant-la-rencontre-ce-que-gbagbo-ouattara-et-bedie-se-sont-dit-sur-le-perron-du-palais-presidentiel#primaryimage"},"image":{"@id":"https:\/\/www.africa-press.net\/cotedivoire\/politique\/avant-la-rencontre-ce-que-gbagbo-ouattara-et-bedie-se-sont-dit-sur-le-perron-du-palais-presidentiel#primaryimage"},"thumbnailUrl":"https:\/\/static.africa-press.net\/cote\/sites\/43\/2022\/07\/postQueueImg_19-62d196d62d183.jpg","datePublished":"2022-07-15T16:10:45+00:00","dateModified":"2022-07-15T16:35:22+00:00","author":{"@id":"https:\/\/www.africa-press.net\/cotedivoire\/#\/schema\/person\/2b1cf3cd81a31e3cd26889ca66d677f1"},"description":"Ouattara, Gbagbo et B\u00e9di\u00e9 jeudi sur le perron du palais pr\u00e9sidentiel \u00e0 Abidjan (Ph) La rencontre tant attendue entre le ...","breadcrumb":{"@id":"https:\/\/www.africa-press.net\/cotedivoire\/politique\/avant-la-rencontre-ce-que-gbagbo-ouattara-et-bedie-se-sont-dit-sur-le-perron-du-palais-presidentiel#breadcrumb"},"inLanguage":"fr-FR","potentialAction":[{"@type":"ReadAction","target":["https:\/\/www.africa-press.net\/cotedivoire\/politique\/avant-la-rencontre-ce-que-gbagbo-ouattara-et-bedie-se-sont-dit-sur-le-perron-du-palais-presidentiel"]}]},{"@type":"ImageObject","inLanguage":"fr-FR","@id":"https:\/\/www.africa-press.net\/cotedivoire\/politique\/avant-la-rencontre-ce-que-gbagbo-ouattara-et-bedie-se-sont-dit-sur-le-perron-du-palais-presidentiel#primaryimage","url":"https:\/\/static.africa-press.net\/cote\/sites\/43\/2022\/07\/postQueueImg_19-62d196d62d183.jpg","contentUrl":"https:\/\/static.africa-press.net\/cote\/sites\/43\/2022\/07\/postQueueImg_19-62d196d62d183.jpg","width":720,"height":597,"caption":"Avant la rencontre, ce que Gbagbo, Ouattara et B\u00e9di\u00e9 se sont dit sur le perron du palais pr\u00e9sidentiel"},{"@type":"BreadcrumbList","@id":"https:\/\/www.africa-press.net\/cotedivoire\/politique\/avant-la-rencontre-ce-que-gbagbo-ouattara-et-bedie-se-sont-dit-sur-le-perron-du-palais-presidentiel#breadcrumb","itemListElement":[{"@type":"ListItem","position":1,"name":"Accueil","item":"https:\/\/www.africa-press.net\/cotedivoire\/"},{"@type":"ListItem","position":2,"name":"Avant la rencontre, ce que Gbagbo, Ouattara et B\u00e9di\u00e9 se sont dit sur le perron du palais pr\u00e9sidentiel"}]},{"@type":"WebSite","@id":"https:\/\/www.africa-press.net\/cotedivoire\/#website","url":"https:\/\/www.africa-press.net\/cotedivoire\/","name":"C\u00f4te d&#039;Ivoire","description":"Just another Africa News Agency Sites site","potentialAction":[{"@type":"SearchAction","target":{"@type":"EntryPoint","urlTemplate":"https:\/\/www.africa-press.net\/cotedivoire\/?s={search_term_string}"},"query-input":{"@type":"PropertyValueSpecification","valueRequired":true,"valueName":"search_term_string"}}],"inLanguage":"fr-FR"},{"@type":"Person","@id":"https:\/\/www.africa-press.net\/cotedivoire\/#\/schema\/person\/2b1cf3cd81a31e3cd26889ca66d677f1","name":"cfeditorfr"}]}},"_links":{"self":[{"href":"https:\/\/www.africa-press.net\/cotedivoire\/wp-json\/wp\/v2\/posts\/40971","targetHints":{"allow":["GET"]}}],"collection":[{"href":"https:\/\/www.africa-press.net\/cotedivoire\/wp-json\/wp\/v2\/posts"}],"about":[{"href":"https:\/\/www.africa-press.net\/cotedivoire\/wp-json\/wp\/v2\/types\/post"}],"author":[{"embeddable":true,"href":"https:\/\/www.africa-press.net\/cotedivoire\/wp-json\/wp\/v2\/users\/82"}],"replies":[{"embeddable":true,"href":"https:\/\/www.africa-press.net\/cotedivoire\/wp-json\/wp\/v2\/comments?post=40971"}],"version-history":[{"count":0,"href":"https:\/\/www.africa-press.net\/cotedivoire\/wp-json\/wp\/v2\/posts\/40971\/revisions"}],"wp:featuredmedia":[{"embeddable":true,"href":"https:\/\/www.africa-press.net\/cotedivoire\/wp-json\/wp\/v2\/media\/40970"}],"wp:attachment":[{"href":"https:\/\/www.africa-press.net\/cotedivoire\/wp-json\/wp\/v2\/media?parent=40971"}],"wp:term":[{"taxonomy":"category","embeddable":true,"href":"https:\/\/www.africa-press.net\/cotedivoire\/wp-json\/wp\/v2\/categories?post=40971"},{"taxonomy":"post_tag","embeddable":true,"href":"https:\/\/www.africa-press.net\/cotedivoire\/wp-json\/wp\/v2\/tags?post=40971"}],"curies":[{"name":"wp","href":"https:\/\/api.w.org\/{rel}","templated":true}]}}