{"id":40998,"date":"2022-07-15T16:13:33","date_gmt":"2022-07-15T16:13:33","guid":{"rendered":"https:\/\/www.africa-press.net\/cotedivoire\/politique\/invitant-patrick-achi-a-son-concert-prevu-ce-vendredi-alpha-blondy-salue-les-performances-economiques-et-les-realisations-du-gouvernement"},"modified":"2022-07-15T16:42:19","modified_gmt":"2022-07-15T16:42:19","slug":"invitant-patrick-achi-a-son-concert-prevu-ce-vendredi-alpha-blondy-salue-les-performances-economiques-et-les-realisations-du-gouvernement","status":"publish","type":"post","link":"https:\/\/www.africa-press.net\/cotedivoire\/politique\/invitant-patrick-achi-a-son-concert-prevu-ce-vendredi-alpha-blondy-salue-les-performances-economiques-et-les-realisations-du-gouvernement","title":{"rendered":"Invitant Patrick Achi \u00e0 son concert pr\u00e9vu ce vendredi, Alpha Blondy salue les performances \u00e9conomiques et les r\u00e9alisations du Gouvernement"},"content":{"rendered":"<p><span style=\"color: #ff6600\"><strong>Africa-Press &#8211; C\u00f4te d&rsquo;Ivoire. <\/strong><\/span>La m\u00e9ga star ivoirienne du reggae, Seydou Kon\u00e9 dit Alpha Blondy, a re\u00e7u le 14 juillet 2022 \u00e0 Abidjan, les encouragements du Premier Ministre Patrick Achi, en pr\u00e9lude au grand concert qu&rsquo;il donne ce vendredi 15 juillet 2022 au Palais des Congr\u00e8s de l\u2019H\u00f4tel Ivoire.<\/p>\n<p>\u00ab Ma visite est en rapport avec le concert que j&rsquo;anime le 15 juillet au Palais des Congr\u00e8s de l\u2019H\u00f4tel Ivoire. Le Premier Ministre Patrick Achi a bien voulu me recevoir pour m\u2019encourager. Je voudrais lui dire un grand merci. J\u2019en ai profit\u00e9 pour l\u2019inviter au concert. Cela nous fera plaisir qu\u2019il vienne non pas en tant que Premier Ministre, mais en tant que fr\u00e8re, car il s\u2019agit d\u2019une r\u00e9union de famille \u00bb, a d\u00e9clar\u00e9 Alpha Blondy, au terme de l\u2019audience.<\/p>\n<p>En plus du caract\u00e8re culturel de cette audience, Alpha Blondy a salu\u00e9 les performances \u00e9conomiques et les r\u00e9alisations de la C\u00f4te d&rsquo;Ivoire. \u00ab Je lui ai dit que j\u2019\u00e9tais fier du travail qu&rsquo;il faisait avec son gouvernement sous la houlette du Pr\u00e9sident Alassane Ouattara. Je suis tr\u00e8s fier du travail qui est abattu et nous les encourageons \u00e0 poursuivre le d\u00e9veloppement du pays \u00bb, a conclu Alpha Blondy, indique une note de la Primature.<\/p>\n<p>\u00ab Alpha, cher Alpha Blondy, Abidjan te manquait et tu manquais tant \u00e0 Abidjan !<\/p>\n<p>Depuis 26 ans, notre Palais des Congr\u00e8s t\u2019attendait. Pour vibrer \u00e0 nouveau au son de ce reggae ivoirien flamboyant, m\u00e9tiss\u00e9 et engag\u00e9 que tu as su forger. Pour voyager dans l\u2019onde positive de ta musique, faite de bonne humeur contagieuse, d\u2019impertinence et de tol\u00e9rance, d\u2019esprit de paix et de fraternit\u00e9. Pour tanguer sur ce rythme qui r\u00e9veille l\u2019Afrique et \u00e9veille le monde. Un jour, tu as dis : \u00ab Dieu a fait de moi un tisserand de r\u00eaves \u00bb. Alors ce soir, Alpha, notre Jagger, fais nous r\u00eaver, oublier, aimer\u2026 pour l\u2019\u00e9ternit\u00e9. \u00bb, a post\u00e9 pour sa part, Patrick Achi.<\/p>\n<p><strong>Pour plus d&rsquo;informations et d&rsquo;analyses sur la <a href=\"https:\/\/www.africa-press.net\/cotedivoire\">C\u00f4te d&rsquo;Ivoire<\/a>, suivez <a href=\"https:\/\/www.africa-press.net\/\">Africa-Press<\/a><\/strong><\/p>\n","protected":false},"excerpt":{"rendered":"<p>Africa-Press &#8211; C\u00f4te d&rsquo;Ivoire. La m\u00e9ga star ivoirienne du reggae, Seydou Kon\u00e9 dit Alpha Blondy, a re\u00e7u le 14 juillet 2022 \u00e0 Abidjan, les encouragements du Premier Ministre Patrick Achi, en pr\u00e9lude au grand concert qu&rsquo;il donne ce vendredi 15 juillet 2022 au Palais des Congr\u00e8s de l\u2019H\u00f4tel Ivoire. \u00ab Ma visite est en rapport [&hellip;]<\/p>\n","protected":false},"author":82,"featured_media":40997,"comment_status":"open","ping_status":"closed","sticky":false,"template":"","format":"standard","meta":{"footnotes":""},"categories":[11,2,20,10],"tags":[30,56,63,38,3782,6938,29,762,402],"class_list":["post-40998","post","type-post","status-publish","format-standard","has-post-thumbnail","hentry","category-homepage-french","category-politique","category-top-nouvelles","category-toutes-les-actualites","tag-abidjan","tag-africa-press","tag-africa-press-cote-divoire","tag-alassane-ouattara","tag-alpha-blondy","tag-concert","tag-cote-divoire","tag-gouvernement","tag-patrick-achi"],"yoast_head":"<!-- This site is optimized with the Yoast SEO Premium plugin v26.1 (Yoast SEO v27.0) - https:\/\/yoast.com\/product\/yoast-seo-premium-wordpress\/ -->\n<title>Invitant Patrick Achi \u00e0 son concert pr\u00e9vu ce vendredi, Alpha Blondy salue les performances \u00e9conomiques et les r\u00e9alisations du Gouvernement - C\u00f4te d&#039;Ivoire<\/title>\n<meta name=\"description\" content=\"La m\u00e9ga star ivoirienne du reggae, Seydou Kon\u00e9 dit Alpha Blondy, a re\u00e7u le 14 juillet 2022 \u00e0 Abidjan, les encouragements ...\" \/>\n<meta name=\"robots\" content=\"index, follow, max-snippet:-1, max-image-preview:large, max-video-preview:-1\" \/>\n<link rel=\"canonical\" href=\"https:\/\/www.africa-press.net\/cotedivoire\/politique\/invitant-patrick-achi-a-son-concert-prevu-ce-vendredi-alpha-blondy-salue-les-performances-economiques-et-les-realisations-du-gouvernement\" \/>\n<meta property=\"og:locale\" content=\"fr_FR\" \/>\n<meta property=\"og:type\" content=\"article\" \/>\n<meta property=\"og:title\" content=\"Invitant Patrick Achi \u00e0 son concert pr\u00e9vu ce vendredi, Alpha Blondy salue les performances \u00e9conomiques et les r\u00e9alisations du Gouvernement\" \/>\n<meta property=\"og:description\" content=\"La m\u00e9ga star ivoirienne du reggae, Seydou Kon\u00e9 dit Alpha Blondy, a re\u00e7u le 14 juillet 2022 \u00e0 Abidjan, les encouragements ...\" \/>\n<meta property=\"og:url\" content=\"https:\/\/www.africa-press.net\/cotedivoire\/politique\/invitant-patrick-achi-a-son-concert-prevu-ce-vendredi-alpha-blondy-salue-les-performances-economiques-et-les-realisations-du-gouvernement\" \/>\n<meta property=\"og:site_name\" content=\"C\u00f4te d&#039;Ivoire\" \/>\n<meta property=\"article:published_time\" content=\"2022-07-15T16:13:33+00:00\" \/>\n<meta property=\"article:modified_time\" content=\"2022-07-15T16:42:19+00:00\" \/>\n<meta property=\"og:image\" content=\"https:\/\/static.africa-press.net\/cote\/sites\/43\/2022\/07\/postQueueImg_27-62d198c905e53.jpg\" \/>\n\t<meta property=\"og:image:width\" content=\"720\" \/>\n\t<meta property=\"og:image:height\" content=\"409\" \/>\n\t<meta property=\"og:image:type\" content=\"image\/jpeg\" \/>\n<meta name=\"author\" content=\"cfeditorfr\" \/>\n<meta name=\"twitter:card\" content=\"summary_large_image\" \/>\n<meta name=\"twitter:label1\" content=\"\u00c9crit par\" \/>\n\t<meta name=\"twitter:data1\" content=\"cfeditorfr\" \/>\n\t<meta name=\"twitter:label2\" content=\"Dur\u00e9e de lecture estim\u00e9e\" \/>\n\t<meta name=\"twitter:data2\" content=\"2 minutes\" \/>\n<script type=\"application\/ld+json\" class=\"yoast-schema-graph\">{\"@context\":\"https:\/\/schema.org\",\"@graph\":[{\"@type\":\"Article\",\"@id\":\"https:\/\/www.africa-press.net\/cotedivoire\/politique\/invitant-patrick-achi-a-son-concert-prevu-ce-vendredi-alpha-blondy-salue-les-performances-economiques-et-les-realisations-du-gouvernement#article\",\"isPartOf\":{\"@id\":\"https:\/\/www.africa-press.net\/cotedivoire\/politique\/invitant-patrick-achi-a-son-concert-prevu-ce-vendredi-alpha-blondy-salue-les-performances-economiques-et-les-realisations-du-gouvernement\"},\"author\":{\"name\":\"cfeditorfr\",\"@id\":\"https:\/\/www.africa-press.net\/cotedivoire\/#\/schema\/person\/2b1cf3cd81a31e3cd26889ca66d677f1\"},\"headline\":\"Invitant Patrick Achi \u00e0 son concert pr\u00e9vu ce vendredi, Alpha Blondy salue les performances \u00e9conomiques et les r\u00e9alisations du Gouvernement\",\"datePublished\":\"2022-07-15T16:13:33+00:00\",\"dateModified\":\"2022-07-15T16:42:19+00:00\",\"mainEntityOfPage\":{\"@id\":\"https:\/\/www.africa-press.net\/cotedivoire\/politique\/invitant-patrick-achi-a-son-concert-prevu-ce-vendredi-alpha-blondy-salue-les-performances-economiques-et-les-realisations-du-gouvernement\"},\"wordCount\":379,\"commentCount\":0,\"image\":{\"@id\":\"https:\/\/www.africa-press.net\/cotedivoire\/politique\/invitant-patrick-achi-a-son-concert-prevu-ce-vendredi-alpha-blondy-salue-les-performances-economiques-et-les-realisations-du-gouvernement#primaryimage\"},\"thumbnailUrl\":\"https:\/\/static.africa-press.net\/cote\/sites\/43\/2022\/07\/postQueueImg_27-62d198c905e53.jpg\",\"keywords\":[\"Abidjan\",\"Africa Press\",\"Africa Press-C\u00f4te d'Ivoire\",\"Alassane Ouattara\",\"Alpha Blondy\",\"concert\",\"C\u00d4TE D'IVOIRE\",\"Gouvernement\",\"Patrick Achi\"],\"articleSection\":[\"homepage-french\",\"Politique\",\"Top Nouvelles\",\"Toutes les actualit\u00e9s\"],\"inLanguage\":\"fr-FR\",\"potentialAction\":[{\"@type\":\"CommentAction\",\"name\":\"Comment\",\"target\":[\"https:\/\/www.africa-press.net\/cotedivoire\/politique\/invitant-patrick-achi-a-son-concert-prevu-ce-vendredi-alpha-blondy-salue-les-performances-economiques-et-les-realisations-du-gouvernement#respond\"]}]},{\"@type\":\"WebPage\",\"@id\":\"https:\/\/www.africa-press.net\/cotedivoire\/politique\/invitant-patrick-achi-a-son-concert-prevu-ce-vendredi-alpha-blondy-salue-les-performances-economiques-et-les-realisations-du-gouvernement\",\"url\":\"https:\/\/www.africa-press.net\/cotedivoire\/politique\/invitant-patrick-achi-a-son-concert-prevu-ce-vendredi-alpha-blondy-salue-les-performances-economiques-et-les-realisations-du-gouvernement\",\"name\":\"Invitant Patrick Achi \u00e0 son concert pr\u00e9vu ce vendredi, Alpha Blondy salue les performances \u00e9conomiques et les r\u00e9alisations du Gouvernement - C\u00f4te d&#039;Ivoire\",\"isPartOf\":{\"@id\":\"https:\/\/www.africa-press.net\/cotedivoire\/#website\"},\"primaryImageOfPage\":{\"@id\":\"https:\/\/www.africa-press.net\/cotedivoire\/politique\/invitant-patrick-achi-a-son-concert-prevu-ce-vendredi-alpha-blondy-salue-les-performances-economiques-et-les-realisations-du-gouvernement#primaryimage\"},\"image\":{\"@id\":\"https:\/\/www.africa-press.net\/cotedivoire\/politique\/invitant-patrick-achi-a-son-concert-prevu-ce-vendredi-alpha-blondy-salue-les-performances-economiques-et-les-realisations-du-gouvernement#primaryimage\"},\"thumbnailUrl\":\"https:\/\/static.africa-press.net\/cote\/sites\/43\/2022\/07\/postQueueImg_27-62d198c905e53.jpg\",\"datePublished\":\"2022-07-15T16:13:33+00:00\",\"dateModified\":\"2022-07-15T16:42:19+00:00\",\"author\":{\"@id\":\"https:\/\/www.africa-press.net\/cotedivoire\/#\/schema\/person\/2b1cf3cd81a31e3cd26889ca66d677f1\"},\"description\":\"La m\u00e9ga star ivoirienne du reggae, Seydou Kon\u00e9 dit Alpha Blondy, a re\u00e7u le 14 juillet 2022 \u00e0 Abidjan, les encouragements ...\",\"breadcrumb\":{\"@id\":\"https:\/\/www.africa-press.net\/cotedivoire\/politique\/invitant-patrick-achi-a-son-concert-prevu-ce-vendredi-alpha-blondy-salue-les-performances-economiques-et-les-realisations-du-gouvernement#breadcrumb\"},\"inLanguage\":\"fr-FR\",\"potentialAction\":[{\"@type\":\"ReadAction\",\"target\":[\"https:\/\/www.africa-press.net\/cotedivoire\/politique\/invitant-patrick-achi-a-son-concert-prevu-ce-vendredi-alpha-blondy-salue-les-performances-economiques-et-les-realisations-du-gouvernement\"]}]},{\"@type\":\"ImageObject\",\"inLanguage\":\"fr-FR\",\"@id\":\"https:\/\/www.africa-press.net\/cotedivoire\/politique\/invitant-patrick-achi-a-son-concert-prevu-ce-vendredi-alpha-blondy-salue-les-performances-economiques-et-les-realisations-du-gouvernement#primaryimage\",\"url\":\"https:\/\/static.africa-press.net\/cote\/sites\/43\/2022\/07\/postQueueImg_27-62d198c905e53.jpg\",\"contentUrl\":\"https:\/\/static.africa-press.net\/cote\/sites\/43\/2022\/07\/postQueueImg_27-62d198c905e53.jpg\",\"width\":720,\"height\":409,\"caption\":\"Invitant Patrick Achi \u00e0 son concert pr\u00e9vu ce vendredi, Alpha Blondy salue les performances \u00e9conomiques et les r\u00e9alisations du Gouvernement\"},{\"@type\":\"BreadcrumbList\",\"@id\":\"https:\/\/www.africa-press.net\/cotedivoire\/politique\/invitant-patrick-achi-a-son-concert-prevu-ce-vendredi-alpha-blondy-salue-les-performances-economiques-et-les-realisations-du-gouvernement#breadcrumb\",\"itemListElement\":[{\"@type\":\"ListItem\",\"position\":1,\"name\":\"Accueil\",\"item\":\"https:\/\/www.africa-press.net\/cotedivoire\/\"},{\"@type\":\"ListItem\",\"position\":2,\"name\":\"Invitant Patrick Achi \u00e0 son concert pr\u00e9vu ce vendredi, Alpha Blondy salue les performances \u00e9conomiques et les r\u00e9alisations du Gouvernement\"}]},{\"@type\":\"WebSite\",\"@id\":\"https:\/\/www.africa-press.net\/cotedivoire\/#website\",\"url\":\"https:\/\/www.africa-press.net\/cotedivoire\/\",\"name\":\"C\u00f4te d&#039;Ivoire\",\"description\":\"Just another Africa News Agency Sites site\",\"potentialAction\":[{\"@type\":\"SearchAction\",\"target\":{\"@type\":\"EntryPoint\",\"urlTemplate\":\"https:\/\/www.africa-press.net\/cotedivoire\/?s={search_term_string}\"},\"query-input\":{\"@type\":\"PropertyValueSpecification\",\"valueRequired\":true,\"valueName\":\"search_term_string\"}}],\"inLanguage\":\"fr-FR\"},{\"@type\":\"Person\",\"@id\":\"https:\/\/www.africa-press.net\/cotedivoire\/#\/schema\/person\/2b1cf3cd81a31e3cd26889ca66d677f1\",\"name\":\"cfeditorfr\"}]}<\/script>\n<!-- \/ Yoast SEO Premium plugin. -->","yoast_head_json":{"title":"Invitant Patrick Achi \u00e0 son concert pr\u00e9vu ce vendredi, Alpha Blondy salue les performances \u00e9conomiques et les r\u00e9alisations du Gouvernement - C\u00f4te d&#039;Ivoire","description":"La m\u00e9ga star ivoirienne du reggae, Seydou Kon\u00e9 dit Alpha Blondy, a re\u00e7u le 14 juillet 2022 \u00e0 Abidjan, les encouragements ...","robots":{"index":"index","follow":"follow","max-snippet":"max-snippet:-1","max-image-preview":"max-image-preview:large","max-video-preview":"max-video-preview:-1"},"canonical":"https:\/\/www.africa-press.net\/cotedivoire\/politique\/invitant-patrick-achi-a-son-concert-prevu-ce-vendredi-alpha-blondy-salue-les-performances-economiques-et-les-realisations-du-gouvernement","og_locale":"fr_FR","og_type":"article","og_title":"Invitant Patrick Achi \u00e0 son concert pr\u00e9vu ce vendredi, Alpha Blondy salue les performances \u00e9conomiques et les r\u00e9alisations du Gouvernement","og_description":"La m\u00e9ga star ivoirienne du reggae, Seydou Kon\u00e9 dit Alpha Blondy, a re\u00e7u le 14 juillet 2022 \u00e0 Abidjan, les encouragements ...","og_url":"https:\/\/www.africa-press.net\/cotedivoire\/politique\/invitant-patrick-achi-a-son-concert-prevu-ce-vendredi-alpha-blondy-salue-les-performances-economiques-et-les-realisations-du-gouvernement","og_site_name":"C\u00f4te d&#039;Ivoire","article_published_time":"2022-07-15T16:13:33+00:00","article_modified_time":"2022-07-15T16:42:19+00:00","og_image":[{"width":720,"height":409,"url":"https:\/\/static.africa-press.net\/cote\/sites\/43\/2022\/07\/postQueueImg_27-62d198c905e53.jpg","type":"image\/jpeg"}],"author":"cfeditorfr","twitter_card":"summary_large_image","twitter_misc":{"\u00c9crit par":"cfeditorfr","Dur\u00e9e de lecture estim\u00e9e":"2 minutes"},"schema":{"@context":"https:\/\/schema.org","@graph":[{"@type":"Article","@id":"https:\/\/www.africa-press.net\/cotedivoire\/politique\/invitant-patrick-achi-a-son-concert-prevu-ce-vendredi-alpha-blondy-salue-les-performances-economiques-et-les-realisations-du-gouvernement#article","isPartOf":{"@id":"https:\/\/www.africa-press.net\/cotedivoire\/politique\/invitant-patrick-achi-a-son-concert-prevu-ce-vendredi-alpha-blondy-salue-les-performances-economiques-et-les-realisations-du-gouvernement"},"author":{"name":"cfeditorfr","@id":"https:\/\/www.africa-press.net\/cotedivoire\/#\/schema\/person\/2b1cf3cd81a31e3cd26889ca66d677f1"},"headline":"Invitant Patrick Achi \u00e0 son concert pr\u00e9vu ce vendredi, Alpha Blondy salue les performances \u00e9conomiques et les r\u00e9alisations du Gouvernement","datePublished":"2022-07-15T16:13:33+00:00","dateModified":"2022-07-15T16:42:19+00:00","mainEntityOfPage":{"@id":"https:\/\/www.africa-press.net\/cotedivoire\/politique\/invitant-patrick-achi-a-son-concert-prevu-ce-vendredi-alpha-blondy-salue-les-performances-economiques-et-les-realisations-du-gouvernement"},"wordCount":379,"commentCount":0,"image":{"@id":"https:\/\/www.africa-press.net\/cotedivoire\/politique\/invitant-patrick-achi-a-son-concert-prevu-ce-vendredi-alpha-blondy-salue-les-performances-economiques-et-les-realisations-du-gouvernement#primaryimage"},"thumbnailUrl":"https:\/\/static.africa-press.net\/cote\/sites\/43\/2022\/07\/postQueueImg_27-62d198c905e53.jpg","keywords":["Abidjan","Africa Press","Africa Press-C\u00f4te d'Ivoire","Alassane Ouattara","Alpha Blondy","concert","C\u00d4TE D'IVOIRE","Gouvernement","Patrick Achi"],"articleSection":["homepage-french","Politique","Top Nouvelles","Toutes les actualit\u00e9s"],"inLanguage":"fr-FR","potentialAction":[{"@type":"CommentAction","name":"Comment","target":["https:\/\/www.africa-press.net\/cotedivoire\/politique\/invitant-patrick-achi-a-son-concert-prevu-ce-vendredi-alpha-blondy-salue-les-performances-economiques-et-les-realisations-du-gouvernement#respond"]}]},{"@type":"WebPage","@id":"https:\/\/www.africa-press.net\/cotedivoire\/politique\/invitant-patrick-achi-a-son-concert-prevu-ce-vendredi-alpha-blondy-salue-les-performances-economiques-et-les-realisations-du-gouvernement","url":"https:\/\/www.africa-press.net\/cotedivoire\/politique\/invitant-patrick-achi-a-son-concert-prevu-ce-vendredi-alpha-blondy-salue-les-performances-economiques-et-les-realisations-du-gouvernement","name":"Invitant Patrick Achi \u00e0 son concert pr\u00e9vu ce vendredi, Alpha Blondy salue les performances \u00e9conomiques et les r\u00e9alisations du Gouvernement - C\u00f4te d&#039;Ivoire","isPartOf":{"@id":"https:\/\/www.africa-press.net\/cotedivoire\/#website"},"primaryImageOfPage":{"@id":"https:\/\/www.africa-press.net\/cotedivoire\/politique\/invitant-patrick-achi-a-son-concert-prevu-ce-vendredi-alpha-blondy-salue-les-performances-economiques-et-les-realisations-du-gouvernement#primaryimage"},"image":{"@id":"https:\/\/www.africa-press.net\/cotedivoire\/politique\/invitant-patrick-achi-a-son-concert-prevu-ce-vendredi-alpha-blondy-salue-les-performances-economiques-et-les-realisations-du-gouvernement#primaryimage"},"thumbnailUrl":"https:\/\/static.africa-press.net\/cote\/sites\/43\/2022\/07\/postQueueImg_27-62d198c905e53.jpg","datePublished":"2022-07-15T16:13:33+00:00","dateModified":"2022-07-15T16:42:19+00:00","author":{"@id":"https:\/\/www.africa-press.net\/cotedivoire\/#\/schema\/person\/2b1cf3cd81a31e3cd26889ca66d677f1"},"description":"La m\u00e9ga star ivoirienne du reggae, Seydou Kon\u00e9 dit Alpha Blondy, a re\u00e7u le 14 juillet 2022 \u00e0 Abidjan, les encouragements ...","breadcrumb":{"@id":"https:\/\/www.africa-press.net\/cotedivoire\/politique\/invitant-patrick-achi-a-son-concert-prevu-ce-vendredi-alpha-blondy-salue-les-performances-economiques-et-les-realisations-du-gouvernement#breadcrumb"},"inLanguage":"fr-FR","potentialAction":[{"@type":"ReadAction","target":["https:\/\/www.africa-press.net\/cotedivoire\/politique\/invitant-patrick-achi-a-son-concert-prevu-ce-vendredi-alpha-blondy-salue-les-performances-economiques-et-les-realisations-du-gouvernement"]}]},{"@type":"ImageObject","inLanguage":"fr-FR","@id":"https:\/\/www.africa-press.net\/cotedivoire\/politique\/invitant-patrick-achi-a-son-concert-prevu-ce-vendredi-alpha-blondy-salue-les-performances-economiques-et-les-realisations-du-gouvernement#primaryimage","url":"https:\/\/static.africa-press.net\/cote\/sites\/43\/2022\/07\/postQueueImg_27-62d198c905e53.jpg","contentUrl":"https:\/\/static.africa-press.net\/cote\/sites\/43\/2022\/07\/postQueueImg_27-62d198c905e53.jpg","width":720,"height":409,"caption":"Invitant Patrick Achi \u00e0 son concert pr\u00e9vu ce vendredi, Alpha Blondy salue les performances \u00e9conomiques et les r\u00e9alisations du Gouvernement"},{"@type":"BreadcrumbList","@id":"https:\/\/www.africa-press.net\/cotedivoire\/politique\/invitant-patrick-achi-a-son-concert-prevu-ce-vendredi-alpha-blondy-salue-les-performances-economiques-et-les-realisations-du-gouvernement#breadcrumb","itemListElement":[{"@type":"ListItem","position":1,"name":"Accueil","item":"https:\/\/www.africa-press.net\/cotedivoire\/"},{"@type":"ListItem","position":2,"name":"Invitant Patrick Achi \u00e0 son concert pr\u00e9vu ce vendredi, Alpha Blondy salue les performances \u00e9conomiques et les r\u00e9alisations du Gouvernement"}]},{"@type":"WebSite","@id":"https:\/\/www.africa-press.net\/cotedivoire\/#website","url":"https:\/\/www.africa-press.net\/cotedivoire\/","name":"C\u00f4te d&#039;Ivoire","description":"Just another Africa News Agency Sites site","potentialAction":[{"@type":"SearchAction","target":{"@type":"EntryPoint","urlTemplate":"https:\/\/www.africa-press.net\/cotedivoire\/?s={search_term_string}"},"query-input":{"@type":"PropertyValueSpecification","valueRequired":true,"valueName":"search_term_string"}}],"inLanguage":"fr-FR"},{"@type":"Person","@id":"https:\/\/www.africa-press.net\/cotedivoire\/#\/schema\/person\/2b1cf3cd81a31e3cd26889ca66d677f1","name":"cfeditorfr"}]}},"_links":{"self":[{"href":"https:\/\/www.africa-press.net\/cotedivoire\/wp-json\/wp\/v2\/posts\/40998","targetHints":{"allow":["GET"]}}],"collection":[{"href":"https:\/\/www.africa-press.net\/cotedivoire\/wp-json\/wp\/v2\/posts"}],"about":[{"href":"https:\/\/www.africa-press.net\/cotedivoire\/wp-json\/wp\/v2\/types\/post"}],"author":[{"embeddable":true,"href":"https:\/\/www.africa-press.net\/cotedivoire\/wp-json\/wp\/v2\/users\/82"}],"replies":[{"embeddable":true,"href":"https:\/\/www.africa-press.net\/cotedivoire\/wp-json\/wp\/v2\/comments?post=40998"}],"version-history":[{"count":0,"href":"https:\/\/www.africa-press.net\/cotedivoire\/wp-json\/wp\/v2\/posts\/40998\/revisions"}],"wp:featuredmedia":[{"embeddable":true,"href":"https:\/\/www.africa-press.net\/cotedivoire\/wp-json\/wp\/v2\/media\/40997"}],"wp:attachment":[{"href":"https:\/\/www.africa-press.net\/cotedivoire\/wp-json\/wp\/v2\/media?parent=40998"}],"wp:term":[{"taxonomy":"category","embeddable":true,"href":"https:\/\/www.africa-press.net\/cotedivoire\/wp-json\/wp\/v2\/categories?post=40998"},{"taxonomy":"post_tag","embeddable":true,"href":"https:\/\/www.africa-press.net\/cotedivoire\/wp-json\/wp\/v2\/tags?post=40998"}],"curies":[{"name":"wp","href":"https:\/\/api.w.org\/{rel}","templated":true}]}}