{"id":41286,"date":"2022-07-19T14:22:02","date_gmt":"2022-07-19T14:22:02","guid":{"rendered":"https:\/\/www.africa-press.net\/cotedivoire\/politique\/assemblee-nationale-adama-bictogo-dissout-le-cabinet-et-par-consequent-met-fin-aux-fonctions-des-personnels-qui-y-exercent-2"},"modified":"2022-07-19T15:06:30","modified_gmt":"2022-07-19T15:06:30","slug":"assemblee-nationale-adama-bictogo-dissout-le-cabinet-et-par-consequent-met-fin-aux-fonctions-des-personnels-qui-y-exercent-2","status":"publish","type":"post","link":"https:\/\/www.africa-press.net\/cotedivoire\/politique\/assemblee-nationale-adama-bictogo-dissout-le-cabinet-et-par-consequent-met-fin-aux-fonctions-des-personnels-qui-y-exercent-2","title":{"rendered":"Assembl\u00e9e Nationale, Adama Bictogo dissout le cabinet et par cons\u00e9quent met  fin aux fonctions des personnels qui y exercent"},"content":{"rendered":"<p><span style=\"color: #ff6600\"><strong>Africa-Press &#8211; C\u00f4te d&rsquo;Ivoire. <\/strong><\/span>Yaovi ACAKPO-ADDRA nomm\u00e9 inspecteur g\u00e9n\u00e9ral du parlement (Ph)<\/p>\n<p>Apr\u00e8s son \u00e9lection \u00e0 la pr\u00e9sidence de l\u2019Assembl\u00e9e Nationale, Adama Bictogo annonce les couleurs. Selon un communiqu\u00e9 du Parlement ivoirien, le locataire des lieux a a proc\u00e9d\u00e9 ce lundi 18 juillet 2022 \u00e0 des r\u00e9am\u00e9nagements au sein des structures administratives de l\u2019Institution que sont le Cabinet et le Secr\u00e9tariat G\u00e9n\u00e9ral.<\/p>\n<p>Il a dissout le Cabinet mis \u00e0 en place par son pr\u00e9d\u00e9cesseur feu Amadou Soumahoro et par cons\u00e9quent mis fin aux fonctions des personnels qui y exercent. Il a ensuite proc\u00e9d\u00e9 \u00e0 la nomination des personnalit\u00e9s suivantes :<\/p>\n<p>Conseiller Sp\u00e9cial aupr\u00e8s du Pr\u00e9sident de l\u2019Assembl\u00e9e nationale, charg\u00e9 de la Strat\u00e9gie et de la Coordination des Activit\u00e9s parlementaires :<\/p>\n<p>Monsieur Famoussa COULIBALY, D\u00e9put\u00e9, Enseignant-chercheur d\u2019Universit\u00e9 en Action Humanitaire, Pr\u00e9vention et Gestion des Conflits<\/p>\n<p>Inspecteur G\u00e9n\u00e9ral de l\u2019Assembl\u00e9e nationale :<\/p>\n<p>Monsieur Alain Bonaventure Yaovi ACAKPO-ADDRA, Juriste, Conseiller Parlementaire de Classe Exceptionnelle<\/p>\n<p>Directeur de Cabinet du Pr\u00e9sident de l\u2019Assembl\u00e9e nationale : Madame AKA Sonoh Julie, Pr\u00e9fet Hors Grade<\/p>\n<p>Secr\u00e9taire G\u00e9n\u00e9ral de l\u2019Assembl\u00e9e nationale : Monsieur DIOMANDE Aboubacar Siriki, Enseignant-chercheur en Droit, Ma\u00eetre-Assistant des Facult\u00e9s de Droit.<\/p>\n<p>Secr\u00e9taire G\u00e9n\u00e9ral Adjoint de l\u2019Assembl\u00e9e Nationale :<\/p>\n<p>Madame SOGODOGO A\u00efssa Aim\u00e9e Epouse TRA BI, Juriste, Administrateur Parlementaire.<\/p>\n<p>Chef de Cabinet du Pr\u00e9sident de l\u2019Assembl\u00e9e nationale :<\/p>\n<p>Monsieur DIARRASSOUBA Vassiriki, Inspecteur de l\u2019Enseignement Pr\u00e9scolaire et Primaire.<\/p>\n<p>Chef de Cabinet Adjoint charg\u00e9 des Affaires Sociales, du Genre et de l\u2019Autonomisation des Femmes aupr\u00e8s du Pr\u00e9sident de l\u2019Assembl\u00e9e nationale :<\/p>\n<p>Madame No\u00ebl AFFOUE Delphine, Juriste sp\u00e9cialiste du Droit Priv\u00e9.<\/p>\n<p>Chef de Cabinet Adjoint charg\u00e9 du Protocole et du C\u00e9r\u00e9monial aupr\u00e8s du Pr\u00e9sident de l\u2019Assembl\u00e9e nationale :<\/p>\n<p>Monsieur KACOU Ange F\u00e9lix, Ing\u00e9nieur Commerce-Communication.<\/p>\n<p><strong>Pour plus d&rsquo;informations et d&rsquo;analyses sur la <a href=\"https:\/\/www.africa-press.net\/cotedivoire\">C\u00f4te d&rsquo;Ivoire<\/a>, suivez <a href=\"https:\/\/www.africa-press.net\/\">Africa-Press<\/a><\/strong><\/p>\n","protected":false},"excerpt":{"rendered":"<p>Africa-Press &#8211; C\u00f4te d&rsquo;Ivoire. Yaovi ACAKPO-ADDRA nomm\u00e9 inspecteur g\u00e9n\u00e9ral du parlement (Ph) Apr\u00e8s son \u00e9lection \u00e0 la pr\u00e9sidence de l\u2019Assembl\u00e9e Nationale, Adama Bictogo annonce les couleurs. Selon un communiqu\u00e9 du Parlement ivoirien, le locataire des lieux a a proc\u00e9d\u00e9 ce lundi 18 juillet 2022 \u00e0 des r\u00e9am\u00e9nagements au sein des structures administratives de l\u2019Institution que [&hellip;]<\/p>\n","protected":false},"author":82,"featured_media":41285,"comment_status":"open","ping_status":"closed","sticky":false,"template":"","format":"standard","meta":{"footnotes":""},"categories":[11,2,10],"tags":[1265,56,63,1742,1741,1370,29,2341,6970],"class_list":["post-41286","post","type-post","status-publish","format-standard","has-post-thumbnail","hentry","category-homepage-french","category-politique","category-toutes-les-actualites","tag-adama-bictogo","tag-africa-press","tag-africa-press-cote-divoire","tag-amadou-soumahoro","tag-assemblee-nationale","tag-cabinet","tag-cote-divoire","tag-fonction","tag-yaovi-acapko-addra"],"yoast_head":"<!-- This site is optimized with the Yoast SEO Premium plugin v26.1 (Yoast SEO v27.0) - https:\/\/yoast.com\/product\/yoast-seo-premium-wordpress\/ -->\n<title>Assembl\u00e9e Nationale, Adama Bictogo dissout le cabinet et par cons\u00e9quent met fin aux fonctions des personnels qui y exercent - C\u00f4te d&#039;Ivoire<\/title>\n<meta name=\"description\" content=\"Yaovi ACAKPO-ADDRA nomm\u00e9 inspecteur g\u00e9n\u00e9ral du parlement (Ph) Apr\u00e8s son \u00e9lection \u00e0 la pr\u00e9sidence de l\u2019Assembl\u00e9e Nationa ...\" \/>\n<meta name=\"robots\" content=\"index, follow, max-snippet:-1, max-image-preview:large, max-video-preview:-1\" \/>\n<link rel=\"canonical\" href=\"https:\/\/www.africa-press.net\/cotedivoire\/politique\/assemblee-nationale-adama-bictogo-dissout-le-cabinet-et-par-consequent-met-fin-aux-fonctions-des-personnels-qui-y-exercent-2\" \/>\n<meta property=\"og:locale\" content=\"fr_FR\" \/>\n<meta property=\"og:type\" content=\"article\" \/>\n<meta property=\"og:title\" content=\"Assembl\u00e9e Nationale, Adama Bictogo dissout le cabinet et par cons\u00e9quent met fin aux fonctions des personnels qui y exercent\" \/>\n<meta property=\"og:description\" content=\"Yaovi ACAKPO-ADDRA nomm\u00e9 inspecteur g\u00e9n\u00e9ral du parlement (Ph) Apr\u00e8s son \u00e9lection \u00e0 la pr\u00e9sidence de l\u2019Assembl\u00e9e Nationa ...\" \/>\n<meta property=\"og:url\" content=\"https:\/\/www.africa-press.net\/cotedivoire\/politique\/assemblee-nationale-adama-bictogo-dissout-le-cabinet-et-par-consequent-met-fin-aux-fonctions-des-personnels-qui-y-exercent-2\" \/>\n<meta property=\"og:site_name\" content=\"C\u00f4te d&#039;Ivoire\" \/>\n<meta property=\"article:published_time\" content=\"2022-07-19T14:22:02+00:00\" \/>\n<meta property=\"article:modified_time\" content=\"2022-07-19T15:06:30+00:00\" \/>\n<meta property=\"og:image\" content=\"https:\/\/static.africa-press.net\/cote\/sites\/43\/2022\/07\/postQueueImg_16-62d6c85ecae85.jpg\" \/>\n\t<meta property=\"og:image:width\" content=\"720\" \/>\n\t<meta property=\"og:image:height\" content=\"480\" \/>\n\t<meta property=\"og:image:type\" content=\"image\/jpeg\" \/>\n<meta name=\"author\" content=\"cfeditorfr\" \/>\n<meta name=\"twitter:card\" content=\"summary_large_image\" \/>\n<meta name=\"twitter:label1\" content=\"\u00c9crit par\" \/>\n\t<meta name=\"twitter:data1\" content=\"cfeditorfr\" \/>\n\t<meta name=\"twitter:label2\" content=\"Dur\u00e9e de lecture estim\u00e9e\" \/>\n\t<meta name=\"twitter:data2\" content=\"2 minutes\" \/>\n<script type=\"application\/ld+json\" class=\"yoast-schema-graph\">{\"@context\":\"https:\/\/schema.org\",\"@graph\":[{\"@type\":\"Article\",\"@id\":\"https:\/\/www.africa-press.net\/cotedivoire\/politique\/assemblee-nationale-adama-bictogo-dissout-le-cabinet-et-par-consequent-met-fin-aux-fonctions-des-personnels-qui-y-exercent-2#article\",\"isPartOf\":{\"@id\":\"https:\/\/www.africa-press.net\/cotedivoire\/politique\/assemblee-nationale-adama-bictogo-dissout-le-cabinet-et-par-consequent-met-fin-aux-fonctions-des-personnels-qui-y-exercent-2\"},\"author\":{\"name\":\"cfeditorfr\",\"@id\":\"https:\/\/www.africa-press.net\/cotedivoire\/#\/schema\/person\/2b1cf3cd81a31e3cd26889ca66d677f1\"},\"headline\":\"Assembl\u00e9e Nationale, Adama Bictogo dissout le cabinet et par cons\u00e9quent met fin aux fonctions des personnels qui y exercent\",\"datePublished\":\"2022-07-19T14:22:02+00:00\",\"dateModified\":\"2022-07-19T15:06:30+00:00\",\"mainEntityOfPage\":{\"@id\":\"https:\/\/www.africa-press.net\/cotedivoire\/politique\/assemblee-nationale-adama-bictogo-dissout-le-cabinet-et-par-consequent-met-fin-aux-fonctions-des-personnels-qui-y-exercent-2\"},\"wordCount\":367,\"commentCount\":0,\"image\":{\"@id\":\"https:\/\/www.africa-press.net\/cotedivoire\/politique\/assemblee-nationale-adama-bictogo-dissout-le-cabinet-et-par-consequent-met-fin-aux-fonctions-des-personnels-qui-y-exercent-2#primaryimage\"},\"thumbnailUrl\":\"https:\/\/static.africa-press.net\/cote\/sites\/43\/2022\/07\/postQueueImg_16-62d6c85ecae85.jpg\",\"keywords\":[\"Adama Bictogo\",\"Africa Press\",\"Africa Press-C\u00f4te d'Ivoire\",\"Amadou Soumahoro\",\"Assembl\u00e9e nationale\",\"Cabinet\",\"C\u00d4TE D'IVOIRE\",\"Fonction\",\"Yaovi ACAPKO-ADDRA\"],\"articleSection\":[\"homepage-french\",\"Politique\",\"Toutes les actualit\u00e9s\"],\"inLanguage\":\"fr-FR\",\"potentialAction\":[{\"@type\":\"CommentAction\",\"name\":\"Comment\",\"target\":[\"https:\/\/www.africa-press.net\/cotedivoire\/politique\/assemblee-nationale-adama-bictogo-dissout-le-cabinet-et-par-consequent-met-fin-aux-fonctions-des-personnels-qui-y-exercent-2#respond\"]}]},{\"@type\":\"WebPage\",\"@id\":\"https:\/\/www.africa-press.net\/cotedivoire\/politique\/assemblee-nationale-adama-bictogo-dissout-le-cabinet-et-par-consequent-met-fin-aux-fonctions-des-personnels-qui-y-exercent-2\",\"url\":\"https:\/\/www.africa-press.net\/cotedivoire\/politique\/assemblee-nationale-adama-bictogo-dissout-le-cabinet-et-par-consequent-met-fin-aux-fonctions-des-personnels-qui-y-exercent-2\",\"name\":\"Assembl\u00e9e Nationale, Adama Bictogo dissout le cabinet et par cons\u00e9quent met fin aux fonctions des personnels qui y exercent - C\u00f4te d&#039;Ivoire\",\"isPartOf\":{\"@id\":\"https:\/\/www.africa-press.net\/cotedivoire\/#website\"},\"primaryImageOfPage\":{\"@id\":\"https:\/\/www.africa-press.net\/cotedivoire\/politique\/assemblee-nationale-adama-bictogo-dissout-le-cabinet-et-par-consequent-met-fin-aux-fonctions-des-personnels-qui-y-exercent-2#primaryimage\"},\"image\":{\"@id\":\"https:\/\/www.africa-press.net\/cotedivoire\/politique\/assemblee-nationale-adama-bictogo-dissout-le-cabinet-et-par-consequent-met-fin-aux-fonctions-des-personnels-qui-y-exercent-2#primaryimage\"},\"thumbnailUrl\":\"https:\/\/static.africa-press.net\/cote\/sites\/43\/2022\/07\/postQueueImg_16-62d6c85ecae85.jpg\",\"datePublished\":\"2022-07-19T14:22:02+00:00\",\"dateModified\":\"2022-07-19T15:06:30+00:00\",\"author\":{\"@id\":\"https:\/\/www.africa-press.net\/cotedivoire\/#\/schema\/person\/2b1cf3cd81a31e3cd26889ca66d677f1\"},\"description\":\"Yaovi ACAKPO-ADDRA nomm\u00e9 inspecteur g\u00e9n\u00e9ral du parlement (Ph) Apr\u00e8s son \u00e9lection \u00e0 la pr\u00e9sidence de l\u2019Assembl\u00e9e Nationa ...\",\"breadcrumb\":{\"@id\":\"https:\/\/www.africa-press.net\/cotedivoire\/politique\/assemblee-nationale-adama-bictogo-dissout-le-cabinet-et-par-consequent-met-fin-aux-fonctions-des-personnels-qui-y-exercent-2#breadcrumb\"},\"inLanguage\":\"fr-FR\",\"potentialAction\":[{\"@type\":\"ReadAction\",\"target\":[\"https:\/\/www.africa-press.net\/cotedivoire\/politique\/assemblee-nationale-adama-bictogo-dissout-le-cabinet-et-par-consequent-met-fin-aux-fonctions-des-personnels-qui-y-exercent-2\"]}]},{\"@type\":\"ImageObject\",\"inLanguage\":\"fr-FR\",\"@id\":\"https:\/\/www.africa-press.net\/cotedivoire\/politique\/assemblee-nationale-adama-bictogo-dissout-le-cabinet-et-par-consequent-met-fin-aux-fonctions-des-personnels-qui-y-exercent-2#primaryimage\",\"url\":\"https:\/\/static.africa-press.net\/cote\/sites\/43\/2022\/07\/postQueueImg_16-62d6c85ecae85.jpg\",\"contentUrl\":\"https:\/\/static.africa-press.net\/cote\/sites\/43\/2022\/07\/postQueueImg_16-62d6c85ecae85.jpg\",\"width\":720,\"height\":480,\"caption\":\"Assembl\u00e9e Nationale, Adama Bictogo dissout le cabinet et par cons\u00e9quent met fin aux fonctions des personnels qui y exercent\"},{\"@type\":\"BreadcrumbList\",\"@id\":\"https:\/\/www.africa-press.net\/cotedivoire\/politique\/assemblee-nationale-adama-bictogo-dissout-le-cabinet-et-par-consequent-met-fin-aux-fonctions-des-personnels-qui-y-exercent-2#breadcrumb\",\"itemListElement\":[{\"@type\":\"ListItem\",\"position\":1,\"name\":\"Accueil\",\"item\":\"https:\/\/www.africa-press.net\/cotedivoire\/\"},{\"@type\":\"ListItem\",\"position\":2,\"name\":\"Assembl\u00e9e Nationale, Adama Bictogo dissout le cabinet et par cons\u00e9quent met fin aux fonctions des personnels qui y exercent\"}]},{\"@type\":\"WebSite\",\"@id\":\"https:\/\/www.africa-press.net\/cotedivoire\/#website\",\"url\":\"https:\/\/www.africa-press.net\/cotedivoire\/\",\"name\":\"C\u00f4te d&#039;Ivoire\",\"description\":\"Just another Africa News Agency Sites site\",\"potentialAction\":[{\"@type\":\"SearchAction\",\"target\":{\"@type\":\"EntryPoint\",\"urlTemplate\":\"https:\/\/www.africa-press.net\/cotedivoire\/?s={search_term_string}\"},\"query-input\":{\"@type\":\"PropertyValueSpecification\",\"valueRequired\":true,\"valueName\":\"search_term_string\"}}],\"inLanguage\":\"fr-FR\"},{\"@type\":\"Person\",\"@id\":\"https:\/\/www.africa-press.net\/cotedivoire\/#\/schema\/person\/2b1cf3cd81a31e3cd26889ca66d677f1\",\"name\":\"cfeditorfr\"}]}<\/script>\n<!-- \/ Yoast SEO Premium plugin. -->","yoast_head_json":{"title":"Assembl\u00e9e Nationale, Adama Bictogo dissout le cabinet et par cons\u00e9quent met fin aux fonctions des personnels qui y exercent - C\u00f4te d&#039;Ivoire","description":"Yaovi ACAKPO-ADDRA nomm\u00e9 inspecteur g\u00e9n\u00e9ral du parlement (Ph) Apr\u00e8s son \u00e9lection \u00e0 la pr\u00e9sidence de l\u2019Assembl\u00e9e Nationa ...","robots":{"index":"index","follow":"follow","max-snippet":"max-snippet:-1","max-image-preview":"max-image-preview:large","max-video-preview":"max-video-preview:-1"},"canonical":"https:\/\/www.africa-press.net\/cotedivoire\/politique\/assemblee-nationale-adama-bictogo-dissout-le-cabinet-et-par-consequent-met-fin-aux-fonctions-des-personnels-qui-y-exercent-2","og_locale":"fr_FR","og_type":"article","og_title":"Assembl\u00e9e Nationale, Adama Bictogo dissout le cabinet et par cons\u00e9quent met fin aux fonctions des personnels qui y exercent","og_description":"Yaovi ACAKPO-ADDRA nomm\u00e9 inspecteur g\u00e9n\u00e9ral du parlement (Ph) Apr\u00e8s son \u00e9lection \u00e0 la pr\u00e9sidence de l\u2019Assembl\u00e9e Nationa ...","og_url":"https:\/\/www.africa-press.net\/cotedivoire\/politique\/assemblee-nationale-adama-bictogo-dissout-le-cabinet-et-par-consequent-met-fin-aux-fonctions-des-personnels-qui-y-exercent-2","og_site_name":"C\u00f4te d&#039;Ivoire","article_published_time":"2022-07-19T14:22:02+00:00","article_modified_time":"2022-07-19T15:06:30+00:00","og_image":[{"width":720,"height":480,"url":"https:\/\/static.africa-press.net\/cote\/sites\/43\/2022\/07\/postQueueImg_16-62d6c85ecae85.jpg","type":"image\/jpeg"}],"author":"cfeditorfr","twitter_card":"summary_large_image","twitter_misc":{"\u00c9crit par":"cfeditorfr","Dur\u00e9e de lecture estim\u00e9e":"2 minutes"},"schema":{"@context":"https:\/\/schema.org","@graph":[{"@type":"Article","@id":"https:\/\/www.africa-press.net\/cotedivoire\/politique\/assemblee-nationale-adama-bictogo-dissout-le-cabinet-et-par-consequent-met-fin-aux-fonctions-des-personnels-qui-y-exercent-2#article","isPartOf":{"@id":"https:\/\/www.africa-press.net\/cotedivoire\/politique\/assemblee-nationale-adama-bictogo-dissout-le-cabinet-et-par-consequent-met-fin-aux-fonctions-des-personnels-qui-y-exercent-2"},"author":{"name":"cfeditorfr","@id":"https:\/\/www.africa-press.net\/cotedivoire\/#\/schema\/person\/2b1cf3cd81a31e3cd26889ca66d677f1"},"headline":"Assembl\u00e9e Nationale, Adama Bictogo dissout le cabinet et par cons\u00e9quent met fin aux fonctions des personnels qui y exercent","datePublished":"2022-07-19T14:22:02+00:00","dateModified":"2022-07-19T15:06:30+00:00","mainEntityOfPage":{"@id":"https:\/\/www.africa-press.net\/cotedivoire\/politique\/assemblee-nationale-adama-bictogo-dissout-le-cabinet-et-par-consequent-met-fin-aux-fonctions-des-personnels-qui-y-exercent-2"},"wordCount":367,"commentCount":0,"image":{"@id":"https:\/\/www.africa-press.net\/cotedivoire\/politique\/assemblee-nationale-adama-bictogo-dissout-le-cabinet-et-par-consequent-met-fin-aux-fonctions-des-personnels-qui-y-exercent-2#primaryimage"},"thumbnailUrl":"https:\/\/static.africa-press.net\/cote\/sites\/43\/2022\/07\/postQueueImg_16-62d6c85ecae85.jpg","keywords":["Adama Bictogo","Africa Press","Africa Press-C\u00f4te d'Ivoire","Amadou Soumahoro","Assembl\u00e9e nationale","Cabinet","C\u00d4TE D'IVOIRE","Fonction","Yaovi ACAPKO-ADDRA"],"articleSection":["homepage-french","Politique","Toutes les actualit\u00e9s"],"inLanguage":"fr-FR","potentialAction":[{"@type":"CommentAction","name":"Comment","target":["https:\/\/www.africa-press.net\/cotedivoire\/politique\/assemblee-nationale-adama-bictogo-dissout-le-cabinet-et-par-consequent-met-fin-aux-fonctions-des-personnels-qui-y-exercent-2#respond"]}]},{"@type":"WebPage","@id":"https:\/\/www.africa-press.net\/cotedivoire\/politique\/assemblee-nationale-adama-bictogo-dissout-le-cabinet-et-par-consequent-met-fin-aux-fonctions-des-personnels-qui-y-exercent-2","url":"https:\/\/www.africa-press.net\/cotedivoire\/politique\/assemblee-nationale-adama-bictogo-dissout-le-cabinet-et-par-consequent-met-fin-aux-fonctions-des-personnels-qui-y-exercent-2","name":"Assembl\u00e9e Nationale, Adama Bictogo dissout le cabinet et par cons\u00e9quent met fin aux fonctions des personnels qui y exercent - C\u00f4te d&#039;Ivoire","isPartOf":{"@id":"https:\/\/www.africa-press.net\/cotedivoire\/#website"},"primaryImageOfPage":{"@id":"https:\/\/www.africa-press.net\/cotedivoire\/politique\/assemblee-nationale-adama-bictogo-dissout-le-cabinet-et-par-consequent-met-fin-aux-fonctions-des-personnels-qui-y-exercent-2#primaryimage"},"image":{"@id":"https:\/\/www.africa-press.net\/cotedivoire\/politique\/assemblee-nationale-adama-bictogo-dissout-le-cabinet-et-par-consequent-met-fin-aux-fonctions-des-personnels-qui-y-exercent-2#primaryimage"},"thumbnailUrl":"https:\/\/static.africa-press.net\/cote\/sites\/43\/2022\/07\/postQueueImg_16-62d6c85ecae85.jpg","datePublished":"2022-07-19T14:22:02+00:00","dateModified":"2022-07-19T15:06:30+00:00","author":{"@id":"https:\/\/www.africa-press.net\/cotedivoire\/#\/schema\/person\/2b1cf3cd81a31e3cd26889ca66d677f1"},"description":"Yaovi ACAKPO-ADDRA nomm\u00e9 inspecteur g\u00e9n\u00e9ral du parlement (Ph) Apr\u00e8s son \u00e9lection \u00e0 la pr\u00e9sidence de l\u2019Assembl\u00e9e Nationa ...","breadcrumb":{"@id":"https:\/\/www.africa-press.net\/cotedivoire\/politique\/assemblee-nationale-adama-bictogo-dissout-le-cabinet-et-par-consequent-met-fin-aux-fonctions-des-personnels-qui-y-exercent-2#breadcrumb"},"inLanguage":"fr-FR","potentialAction":[{"@type":"ReadAction","target":["https:\/\/www.africa-press.net\/cotedivoire\/politique\/assemblee-nationale-adama-bictogo-dissout-le-cabinet-et-par-consequent-met-fin-aux-fonctions-des-personnels-qui-y-exercent-2"]}]},{"@type":"ImageObject","inLanguage":"fr-FR","@id":"https:\/\/www.africa-press.net\/cotedivoire\/politique\/assemblee-nationale-adama-bictogo-dissout-le-cabinet-et-par-consequent-met-fin-aux-fonctions-des-personnels-qui-y-exercent-2#primaryimage","url":"https:\/\/static.africa-press.net\/cote\/sites\/43\/2022\/07\/postQueueImg_16-62d6c85ecae85.jpg","contentUrl":"https:\/\/static.africa-press.net\/cote\/sites\/43\/2022\/07\/postQueueImg_16-62d6c85ecae85.jpg","width":720,"height":480,"caption":"Assembl\u00e9e Nationale, Adama Bictogo dissout le cabinet et par cons\u00e9quent met fin aux fonctions des personnels qui y exercent"},{"@type":"BreadcrumbList","@id":"https:\/\/www.africa-press.net\/cotedivoire\/politique\/assemblee-nationale-adama-bictogo-dissout-le-cabinet-et-par-consequent-met-fin-aux-fonctions-des-personnels-qui-y-exercent-2#breadcrumb","itemListElement":[{"@type":"ListItem","position":1,"name":"Accueil","item":"https:\/\/www.africa-press.net\/cotedivoire\/"},{"@type":"ListItem","position":2,"name":"Assembl\u00e9e Nationale, Adama Bictogo dissout le cabinet et par cons\u00e9quent met fin aux fonctions des personnels qui y exercent"}]},{"@type":"WebSite","@id":"https:\/\/www.africa-press.net\/cotedivoire\/#website","url":"https:\/\/www.africa-press.net\/cotedivoire\/","name":"C\u00f4te d&#039;Ivoire","description":"Just another Africa News Agency Sites site","potentialAction":[{"@type":"SearchAction","target":{"@type":"EntryPoint","urlTemplate":"https:\/\/www.africa-press.net\/cotedivoire\/?s={search_term_string}"},"query-input":{"@type":"PropertyValueSpecification","valueRequired":true,"valueName":"search_term_string"}}],"inLanguage":"fr-FR"},{"@type":"Person","@id":"https:\/\/www.africa-press.net\/cotedivoire\/#\/schema\/person\/2b1cf3cd81a31e3cd26889ca66d677f1","name":"cfeditorfr"}]}},"_links":{"self":[{"href":"https:\/\/www.africa-press.net\/cotedivoire\/wp-json\/wp\/v2\/posts\/41286","targetHints":{"allow":["GET"]}}],"collection":[{"href":"https:\/\/www.africa-press.net\/cotedivoire\/wp-json\/wp\/v2\/posts"}],"about":[{"href":"https:\/\/www.africa-press.net\/cotedivoire\/wp-json\/wp\/v2\/types\/post"}],"author":[{"embeddable":true,"href":"https:\/\/www.africa-press.net\/cotedivoire\/wp-json\/wp\/v2\/users\/82"}],"replies":[{"embeddable":true,"href":"https:\/\/www.africa-press.net\/cotedivoire\/wp-json\/wp\/v2\/comments?post=41286"}],"version-history":[{"count":0,"href":"https:\/\/www.africa-press.net\/cotedivoire\/wp-json\/wp\/v2\/posts\/41286\/revisions"}],"wp:featuredmedia":[{"embeddable":true,"href":"https:\/\/www.africa-press.net\/cotedivoire\/wp-json\/wp\/v2\/media\/41285"}],"wp:attachment":[{"href":"https:\/\/www.africa-press.net\/cotedivoire\/wp-json\/wp\/v2\/media?parent=41286"}],"wp:term":[{"taxonomy":"category","embeddable":true,"href":"https:\/\/www.africa-press.net\/cotedivoire\/wp-json\/wp\/v2\/categories?post=41286"},{"taxonomy":"post_tag","embeddable":true,"href":"https:\/\/www.africa-press.net\/cotedivoire\/wp-json\/wp\/v2\/tags?post=41286"}],"curies":[{"name":"wp","href":"https:\/\/api.w.org\/{rel}","templated":true}]}}