{"id":41889,"date":"2022-07-26T17:23:36","date_gmt":"2022-07-26T17:23:36","guid":{"rendered":"https:\/\/www.africa-press.net\/cotedivoire\/politique\/depuis-lakota-stephane-kipre-exhorte-les-militantes-du-ppa-ci-a-la-mobilisation-et-releve-les-trois-retours-de-laurent-gbagbo"},"modified":"2022-07-26T17:45:18","modified_gmt":"2022-07-26T17:45:18","slug":"depuis-lakota-stephane-kipre-exhorte-les-militantes-du-ppa-ci-a-la-mobilisation-et-releve-les-trois-retours-de-laurent-gbagbo","status":"publish","type":"post","link":"https:\/\/www.africa-press.net\/cotedivoire\/politique\/depuis-lakota-stephane-kipre-exhorte-les-militantes-du-ppa-ci-a-la-mobilisation-et-releve-les-trois-retours-de-laurent-gbagbo","title":{"rendered":"Depuis Lakota Stephane Kipr\u00e9 exhorte les militantes du PPA-CI \u00e0 la mobilisation et rel\u00e8ve les  \u00ab trois retours \u00bb de Laurent Gbagbo"},"content":{"rendered":"<p><span style=\"color: #ff6600\"><strong>Africa-Press &#8211; C\u00f4te d&rsquo;Ivoire. <\/strong><\/span>St\u00e9phane Kipr\u00e9 et Lida Kouassi Mo\u00efse samedi \u00e0 Lakota (Ph)<\/p>\n<p>St\u00e9phane Kipr\u00e9, 1er vice-pr\u00e9sident ex\u00e9cutif du PPA-CI \u00e9tait en tourn\u00e9e dans le d\u00e9partement de Lakota du 22 au 25 juillet 2022.<\/p>\n<p>A cette occasion, il a anim\u00e9 un premier meeting le samedi 23 juillet \u00e0 Akabreboua \u00e0 l\u2019initiative des femmes du parti dans le d\u00e9partement.<\/p>\n<p>Pour l\u2019occasion, les 3000 femmes r\u00e9unies ont pu entendre le vice-pr\u00e9sident St\u00e9phane Kipr\u00e9 les appeler \u00e0 la remobilisation.<\/p>\n<p>Selon ce dernier, le PPA-CI est certes le dernier n\u00e9 des partis mais il est d\u00e9j\u00e0 Grand parce qu&rsquo;il a \u00e0 sa t\u00eate un Homme Grand qui est le Pr\u00e9sident Laurent Gbagbo. St\u00e9phane Kipr\u00e9 est revenu sur l\u2019\u00e9pineuse question de la chert\u00e9 de la vie.<\/p>\n<p>\u00ab Du fait de la chert\u00e9 de la vie, quand je vois nos mamans qui doivent faire des miracles pour nourrir toute une famille, j\u2019ai les larmes aux yeux. Avec 10.000f, on n\u2019arrive plus \u00e0 faire le march\u00e9. Nos mamans sont devenues des faiseuses de miracles pour nourrir toute une famille (&#8230;) Le pays est dur et quand on parle, ils nous disent : \u00ab au temps de Gbagbo la vie \u00e9tait ch\u00e8re. Or au temps de Gbagbo le riz co\u00fbtait 350fcfa le kilo, mais \u00e0 leur temps le riz co\u00fbte 600fcfa le kilo : Est-ce que c&rsquo;est Gbagbo ? Au temps de Gbagbo le Kilo de viande co\u00fbtait 1400fcfa, aujourd&rsquo;hui le Kilo de viande est \u00e0 4000fcfa : Est-ce que c&rsquo;est Gbagbo ? Le mensonge court toujours mais la v\u00e9rit\u00e9 finit par le rattraper. Et Laurent Gbagbo qui est dans la v\u00e9rit\u00e9 est venu pour rattraper ce mensonge. \u00bb , a-t-il d\u00e9clar\u00e9.<\/p>\n<p>Concernant les \u00e9lections \u00e0 venir, l\u2019ex pr\u00e9sident de l\u2019UNG appelle les militantes du PPA-CI \u00e0 la mobilisation qui doit se faire dans ce qu\u2019il appelle les trois retours de Laurent Gbagbo puis d\u2019expliquer.<\/p>\n<p>\u00ab Le premier retour, c\u2019\u00e9tait le 17 juin 2021 o\u00f9 le pr\u00e9sident Gbagbo, apr\u00e8s plusieurs ann\u00e9es de captivit\u00e9 est revenu triomphalement dans son pays, aupr\u00e8s de son peuple. C\u2019est une grande victoire pour le peuple de C\u00f4te d\u2019Ivoire. Le deuxi\u00e8me retour doit \u00eatre mat\u00e9rialis\u00e9 lors des \u00e9lections locales de 2023. Maintenant qu\u2019il est de retour, nous devons donner la preuve qu\u2019il est l\u00e0. Nous devons remporter ces \u00e9lections. Il n\u2019est pas normal que j\u2019arrive \u00e0 Lakota et tous les postes \u00e9lectifs sont aux mains du pouvoir. C\u2019est n\u2019est pas normal dans le Lakota de Boga Doudou \u00c9mile. Vous devez rapidement corriger cela en 2023 et ce sera le deuxi\u00e8me retour du pr\u00e9sident Gbagbo. Le troisi\u00e8me retour, c\u2019est en 2025 ! Est-ce que j\u2019ai besoin de vous dire ce qu\u2019on doit faire. ? Est-ce que j\u2019ai besoin de dire aux populations de Lakota ce qu\u2019on doit faire en 2025 ? Je pense qu\u2019on s\u2019est compris : en 2025, on remet le pr\u00e9sident Gbagbo au pouvoir et l\u2019affaire est r\u00e9gl\u00e9e. Maintenant que notre chef est l\u00e0, nous devons gagner partout et dans tout. En 2023 et 2025, on gagne dans tout et on gagne partout \u00bb, a conclu M. Kipr\u00e9.<\/p>\n<p><strong>Pour plus d&rsquo;informations et d&rsquo;analyses sur la <a href=\"https:\/\/www.africa-press.net\/cotedivoire\">C\u00f4te d&rsquo;Ivoire<\/a>, suivez <a href=\"https:\/\/www.africa-press.net\/\">Africa-Press<\/a><\/strong><\/p>\n","protected":false},"excerpt":{"rendered":"<p>Africa-Press &#8211; C\u00f4te d&rsquo;Ivoire. St\u00e9phane Kipr\u00e9 et Lida Kouassi Mo\u00efse samedi \u00e0 Lakota (Ph) St\u00e9phane Kipr\u00e9, 1er vice-pr\u00e9sident ex\u00e9cutif du PPA-CI \u00e9tait en tourn\u00e9e dans le d\u00e9partement de Lakota du 22 au 25 juillet 2022. A cette occasion, il a anim\u00e9 un premier meeting le samedi 23 juillet \u00e0 Akabreboua \u00e0 l\u2019initiative des femmes du [&hellip;]<\/p>\n","protected":false},"author":82,"featured_media":41888,"comment_status":"open","ping_status":"closed","sticky":false,"template":"","format":"standard","meta":{"footnotes":""},"categories":[11,2,10],"tags":[56,63,5406,29,2288,980,6966,7054,1952,356],"class_list":["post-41889","post","type-post","status-publish","format-standard","has-post-thumbnail","hentry","category-homepage-french","category-politique","category-toutes-les-actualites","tag-africa-press","tag-africa-press-cote-divoire","tag-cherte-de-la-vie","tag-cote-divoire","tag-femmes","tag-lakota","tag-lida-kouassi-moise","tag-mobilisation","tag-ppa-ci","tag-stephane-kipre"],"yoast_head":"<!-- This site is optimized with the Yoast SEO Premium plugin v26.1 (Yoast SEO v27.0) - https:\/\/yoast.com\/product\/yoast-seo-premium-wordpress\/ -->\n<title>Depuis Lakota Stephane Kipr\u00e9 exhorte les militantes du PPA-CI \u00e0 la mobilisation et rel\u00e8ve les \u00ab trois retours \u00bb de Laurent Gbagbo - C\u00f4te d&#039;Ivoire<\/title>\n<meta name=\"description\" content=\"St\u00e9phane Kipr\u00e9 et Lida Kouassi Mo\u00efse samedi \u00e0 Lakota (Ph) St\u00e9phane Kipr\u00e9, 1er vice-pr\u00e9sident ex\u00e9cutif du PPA-CI \u00e9tait e ...\" \/>\n<meta name=\"robots\" content=\"index, follow, max-snippet:-1, max-image-preview:large, max-video-preview:-1\" \/>\n<link rel=\"canonical\" href=\"https:\/\/www.africa-press.net\/cotedivoire\/politique\/depuis-lakota-stephane-kipre-exhorte-les-militantes-du-ppa-ci-a-la-mobilisation-et-releve-les-trois-retours-de-laurent-gbagbo\" \/>\n<meta property=\"og:locale\" content=\"fr_FR\" \/>\n<meta property=\"og:type\" content=\"article\" \/>\n<meta property=\"og:title\" content=\"Depuis Lakota Stephane Kipr\u00e9 exhorte les militantes du PPA-CI \u00e0 la mobilisation et rel\u00e8ve les \u00ab trois retours \u00bb de Laurent Gbagbo\" \/>\n<meta property=\"og:description\" content=\"St\u00e9phane Kipr\u00e9 et Lida Kouassi Mo\u00efse samedi \u00e0 Lakota (Ph) St\u00e9phane Kipr\u00e9, 1er vice-pr\u00e9sident ex\u00e9cutif du PPA-CI \u00e9tait e ...\" \/>\n<meta property=\"og:url\" content=\"https:\/\/www.africa-press.net\/cotedivoire\/politique\/depuis-lakota-stephane-kipre-exhorte-les-militantes-du-ppa-ci-a-la-mobilisation-et-releve-les-trois-retours-de-laurent-gbagbo\" \/>\n<meta property=\"og:site_name\" content=\"C\u00f4te d&#039;Ivoire\" \/>\n<meta property=\"article:published_time\" content=\"2022-07-26T17:23:36+00:00\" \/>\n<meta property=\"article:modified_time\" content=\"2022-07-26T17:45:18+00:00\" \/>\n<meta property=\"og:image\" content=\"https:\/\/static.africa-press.net\/cote\/sites\/43\/2022\/07\/postQueueImg_5-62e0281728692.jpg\" \/>\n\t<meta property=\"og:image:width\" content=\"720\" \/>\n\t<meta property=\"og:image:height\" content=\"398\" \/>\n\t<meta property=\"og:image:type\" content=\"image\/jpeg\" \/>\n<meta name=\"author\" content=\"cfeditorfr\" \/>\n<meta name=\"twitter:card\" content=\"summary_large_image\" \/>\n<meta name=\"twitter:label1\" content=\"\u00c9crit par\" \/>\n\t<meta name=\"twitter:data1\" content=\"cfeditorfr\" \/>\n\t<meta name=\"twitter:label2\" content=\"Dur\u00e9e de lecture estim\u00e9e\" \/>\n\t<meta name=\"twitter:data2\" content=\"3 minutes\" \/>\n<script type=\"application\/ld+json\" class=\"yoast-schema-graph\">{\"@context\":\"https:\/\/schema.org\",\"@graph\":[{\"@type\":\"Article\",\"@id\":\"https:\/\/www.africa-press.net\/cotedivoire\/politique\/depuis-lakota-stephane-kipre-exhorte-les-militantes-du-ppa-ci-a-la-mobilisation-et-releve-les-trois-retours-de-laurent-gbagbo#article\",\"isPartOf\":{\"@id\":\"https:\/\/www.africa-press.net\/cotedivoire\/politique\/depuis-lakota-stephane-kipre-exhorte-les-militantes-du-ppa-ci-a-la-mobilisation-et-releve-les-trois-retours-de-laurent-gbagbo\"},\"author\":{\"name\":\"cfeditorfr\",\"@id\":\"https:\/\/www.africa-press.net\/cotedivoire\/#\/schema\/person\/2b1cf3cd81a31e3cd26889ca66d677f1\"},\"headline\":\"Depuis Lakota Stephane Kipr\u00e9 exhorte les militantes du PPA-CI \u00e0 la mobilisation et rel\u00e8ve les \u00ab trois retours \u00bb de Laurent Gbagbo\",\"datePublished\":\"2022-07-26T17:23:36+00:00\",\"dateModified\":\"2022-07-26T17:45:18+00:00\",\"mainEntityOfPage\":{\"@id\":\"https:\/\/www.africa-press.net\/cotedivoire\/politique\/depuis-lakota-stephane-kipre-exhorte-les-militantes-du-ppa-ci-a-la-mobilisation-et-releve-les-trois-retours-de-laurent-gbagbo\"},\"wordCount\":568,\"commentCount\":0,\"image\":{\"@id\":\"https:\/\/www.africa-press.net\/cotedivoire\/politique\/depuis-lakota-stephane-kipre-exhorte-les-militantes-du-ppa-ci-a-la-mobilisation-et-releve-les-trois-retours-de-laurent-gbagbo#primaryimage\"},\"thumbnailUrl\":\"https:\/\/static.africa-press.net\/cote\/sites\/43\/2022\/07\/postQueueImg_5-62e0281728692.jpg\",\"keywords\":[\"Africa Press\",\"Africa Press-C\u00f4te d'Ivoire\",\"chert\u00e9 de la vie\",\"C\u00d4TE D'IVOIRE\",\"femmes\",\"Lakota\",\"Lida Kouassi Mo\u00eese\",\"mobilisation\",\"PPA-CI\",\"St\u00e9phane Kipr\u00e9\"],\"articleSection\":[\"homepage-french\",\"Politique\",\"Toutes les actualit\u00e9s\"],\"inLanguage\":\"fr-FR\",\"potentialAction\":[{\"@type\":\"CommentAction\",\"name\":\"Comment\",\"target\":[\"https:\/\/www.africa-press.net\/cotedivoire\/politique\/depuis-lakota-stephane-kipre-exhorte-les-militantes-du-ppa-ci-a-la-mobilisation-et-releve-les-trois-retours-de-laurent-gbagbo#respond\"]}]},{\"@type\":\"WebPage\",\"@id\":\"https:\/\/www.africa-press.net\/cotedivoire\/politique\/depuis-lakota-stephane-kipre-exhorte-les-militantes-du-ppa-ci-a-la-mobilisation-et-releve-les-trois-retours-de-laurent-gbagbo\",\"url\":\"https:\/\/www.africa-press.net\/cotedivoire\/politique\/depuis-lakota-stephane-kipre-exhorte-les-militantes-du-ppa-ci-a-la-mobilisation-et-releve-les-trois-retours-de-laurent-gbagbo\",\"name\":\"Depuis Lakota Stephane Kipr\u00e9 exhorte les militantes du PPA-CI \u00e0 la mobilisation et rel\u00e8ve les \u00ab trois retours \u00bb de Laurent Gbagbo - C\u00f4te d&#039;Ivoire\",\"isPartOf\":{\"@id\":\"https:\/\/www.africa-press.net\/cotedivoire\/#website\"},\"primaryImageOfPage\":{\"@id\":\"https:\/\/www.africa-press.net\/cotedivoire\/politique\/depuis-lakota-stephane-kipre-exhorte-les-militantes-du-ppa-ci-a-la-mobilisation-et-releve-les-trois-retours-de-laurent-gbagbo#primaryimage\"},\"image\":{\"@id\":\"https:\/\/www.africa-press.net\/cotedivoire\/politique\/depuis-lakota-stephane-kipre-exhorte-les-militantes-du-ppa-ci-a-la-mobilisation-et-releve-les-trois-retours-de-laurent-gbagbo#primaryimage\"},\"thumbnailUrl\":\"https:\/\/static.africa-press.net\/cote\/sites\/43\/2022\/07\/postQueueImg_5-62e0281728692.jpg\",\"datePublished\":\"2022-07-26T17:23:36+00:00\",\"dateModified\":\"2022-07-26T17:45:18+00:00\",\"author\":{\"@id\":\"https:\/\/www.africa-press.net\/cotedivoire\/#\/schema\/person\/2b1cf3cd81a31e3cd26889ca66d677f1\"},\"description\":\"St\u00e9phane Kipr\u00e9 et Lida Kouassi Mo\u00efse samedi \u00e0 Lakota (Ph) St\u00e9phane Kipr\u00e9, 1er vice-pr\u00e9sident ex\u00e9cutif du PPA-CI \u00e9tait e ...\",\"breadcrumb\":{\"@id\":\"https:\/\/www.africa-press.net\/cotedivoire\/politique\/depuis-lakota-stephane-kipre-exhorte-les-militantes-du-ppa-ci-a-la-mobilisation-et-releve-les-trois-retours-de-laurent-gbagbo#breadcrumb\"},\"inLanguage\":\"fr-FR\",\"potentialAction\":[{\"@type\":\"ReadAction\",\"target\":[\"https:\/\/www.africa-press.net\/cotedivoire\/politique\/depuis-lakota-stephane-kipre-exhorte-les-militantes-du-ppa-ci-a-la-mobilisation-et-releve-les-trois-retours-de-laurent-gbagbo\"]}]},{\"@type\":\"ImageObject\",\"inLanguage\":\"fr-FR\",\"@id\":\"https:\/\/www.africa-press.net\/cotedivoire\/politique\/depuis-lakota-stephane-kipre-exhorte-les-militantes-du-ppa-ci-a-la-mobilisation-et-releve-les-trois-retours-de-laurent-gbagbo#primaryimage\",\"url\":\"https:\/\/static.africa-press.net\/cote\/sites\/43\/2022\/07\/postQueueImg_5-62e0281728692.jpg\",\"contentUrl\":\"https:\/\/static.africa-press.net\/cote\/sites\/43\/2022\/07\/postQueueImg_5-62e0281728692.jpg\",\"width\":720,\"height\":398,\"caption\":\"Depuis Lakota Stephane Kipr\u00e9 exhorte les militantes du PPA-CI \u00e0 la mobilisation et rel\u00e8ve les \u00ab trois retours \u00bb de Laurent Gbagbo\"},{\"@type\":\"BreadcrumbList\",\"@id\":\"https:\/\/www.africa-press.net\/cotedivoire\/politique\/depuis-lakota-stephane-kipre-exhorte-les-militantes-du-ppa-ci-a-la-mobilisation-et-releve-les-trois-retours-de-laurent-gbagbo#breadcrumb\",\"itemListElement\":[{\"@type\":\"ListItem\",\"position\":1,\"name\":\"Accueil\",\"item\":\"https:\/\/www.africa-press.net\/cotedivoire\/\"},{\"@type\":\"ListItem\",\"position\":2,\"name\":\"Depuis Lakota Stephane Kipr\u00e9 exhorte les militantes du PPA-CI \u00e0 la mobilisation et rel\u00e8ve les \u00ab trois retours \u00bb de Laurent Gbagbo\"}]},{\"@type\":\"WebSite\",\"@id\":\"https:\/\/www.africa-press.net\/cotedivoire\/#website\",\"url\":\"https:\/\/www.africa-press.net\/cotedivoire\/\",\"name\":\"C\u00f4te d&#039;Ivoire\",\"description\":\"Just another Africa News Agency Sites site\",\"potentialAction\":[{\"@type\":\"SearchAction\",\"target\":{\"@type\":\"EntryPoint\",\"urlTemplate\":\"https:\/\/www.africa-press.net\/cotedivoire\/?s={search_term_string}\"},\"query-input\":{\"@type\":\"PropertyValueSpecification\",\"valueRequired\":true,\"valueName\":\"search_term_string\"}}],\"inLanguage\":\"fr-FR\"},{\"@type\":\"Person\",\"@id\":\"https:\/\/www.africa-press.net\/cotedivoire\/#\/schema\/person\/2b1cf3cd81a31e3cd26889ca66d677f1\",\"name\":\"cfeditorfr\"}]}<\/script>\n<!-- \/ Yoast SEO Premium plugin. -->","yoast_head_json":{"title":"Depuis Lakota Stephane Kipr\u00e9 exhorte les militantes du PPA-CI \u00e0 la mobilisation et rel\u00e8ve les \u00ab trois retours \u00bb de Laurent Gbagbo - C\u00f4te d&#039;Ivoire","description":"St\u00e9phane Kipr\u00e9 et Lida Kouassi Mo\u00efse samedi \u00e0 Lakota (Ph) St\u00e9phane Kipr\u00e9, 1er vice-pr\u00e9sident ex\u00e9cutif du PPA-CI \u00e9tait e ...","robots":{"index":"index","follow":"follow","max-snippet":"max-snippet:-1","max-image-preview":"max-image-preview:large","max-video-preview":"max-video-preview:-1"},"canonical":"https:\/\/www.africa-press.net\/cotedivoire\/politique\/depuis-lakota-stephane-kipre-exhorte-les-militantes-du-ppa-ci-a-la-mobilisation-et-releve-les-trois-retours-de-laurent-gbagbo","og_locale":"fr_FR","og_type":"article","og_title":"Depuis Lakota Stephane Kipr\u00e9 exhorte les militantes du PPA-CI \u00e0 la mobilisation et rel\u00e8ve les \u00ab trois retours \u00bb de Laurent Gbagbo","og_description":"St\u00e9phane Kipr\u00e9 et Lida Kouassi Mo\u00efse samedi \u00e0 Lakota (Ph) St\u00e9phane Kipr\u00e9, 1er vice-pr\u00e9sident ex\u00e9cutif du PPA-CI \u00e9tait e ...","og_url":"https:\/\/www.africa-press.net\/cotedivoire\/politique\/depuis-lakota-stephane-kipre-exhorte-les-militantes-du-ppa-ci-a-la-mobilisation-et-releve-les-trois-retours-de-laurent-gbagbo","og_site_name":"C\u00f4te d&#039;Ivoire","article_published_time":"2022-07-26T17:23:36+00:00","article_modified_time":"2022-07-26T17:45:18+00:00","og_image":[{"width":720,"height":398,"url":"https:\/\/static.africa-press.net\/cote\/sites\/43\/2022\/07\/postQueueImg_5-62e0281728692.jpg","type":"image\/jpeg"}],"author":"cfeditorfr","twitter_card":"summary_large_image","twitter_misc":{"\u00c9crit par":"cfeditorfr","Dur\u00e9e de lecture estim\u00e9e":"3 minutes"},"schema":{"@context":"https:\/\/schema.org","@graph":[{"@type":"Article","@id":"https:\/\/www.africa-press.net\/cotedivoire\/politique\/depuis-lakota-stephane-kipre-exhorte-les-militantes-du-ppa-ci-a-la-mobilisation-et-releve-les-trois-retours-de-laurent-gbagbo#article","isPartOf":{"@id":"https:\/\/www.africa-press.net\/cotedivoire\/politique\/depuis-lakota-stephane-kipre-exhorte-les-militantes-du-ppa-ci-a-la-mobilisation-et-releve-les-trois-retours-de-laurent-gbagbo"},"author":{"name":"cfeditorfr","@id":"https:\/\/www.africa-press.net\/cotedivoire\/#\/schema\/person\/2b1cf3cd81a31e3cd26889ca66d677f1"},"headline":"Depuis Lakota Stephane Kipr\u00e9 exhorte les militantes du PPA-CI \u00e0 la mobilisation et rel\u00e8ve les \u00ab trois retours \u00bb de Laurent Gbagbo","datePublished":"2022-07-26T17:23:36+00:00","dateModified":"2022-07-26T17:45:18+00:00","mainEntityOfPage":{"@id":"https:\/\/www.africa-press.net\/cotedivoire\/politique\/depuis-lakota-stephane-kipre-exhorte-les-militantes-du-ppa-ci-a-la-mobilisation-et-releve-les-trois-retours-de-laurent-gbagbo"},"wordCount":568,"commentCount":0,"image":{"@id":"https:\/\/www.africa-press.net\/cotedivoire\/politique\/depuis-lakota-stephane-kipre-exhorte-les-militantes-du-ppa-ci-a-la-mobilisation-et-releve-les-trois-retours-de-laurent-gbagbo#primaryimage"},"thumbnailUrl":"https:\/\/static.africa-press.net\/cote\/sites\/43\/2022\/07\/postQueueImg_5-62e0281728692.jpg","keywords":["Africa Press","Africa Press-C\u00f4te d'Ivoire","chert\u00e9 de la vie","C\u00d4TE D'IVOIRE","femmes","Lakota","Lida Kouassi Mo\u00eese","mobilisation","PPA-CI","St\u00e9phane Kipr\u00e9"],"articleSection":["homepage-french","Politique","Toutes les actualit\u00e9s"],"inLanguage":"fr-FR","potentialAction":[{"@type":"CommentAction","name":"Comment","target":["https:\/\/www.africa-press.net\/cotedivoire\/politique\/depuis-lakota-stephane-kipre-exhorte-les-militantes-du-ppa-ci-a-la-mobilisation-et-releve-les-trois-retours-de-laurent-gbagbo#respond"]}]},{"@type":"WebPage","@id":"https:\/\/www.africa-press.net\/cotedivoire\/politique\/depuis-lakota-stephane-kipre-exhorte-les-militantes-du-ppa-ci-a-la-mobilisation-et-releve-les-trois-retours-de-laurent-gbagbo","url":"https:\/\/www.africa-press.net\/cotedivoire\/politique\/depuis-lakota-stephane-kipre-exhorte-les-militantes-du-ppa-ci-a-la-mobilisation-et-releve-les-trois-retours-de-laurent-gbagbo","name":"Depuis Lakota Stephane Kipr\u00e9 exhorte les militantes du PPA-CI \u00e0 la mobilisation et rel\u00e8ve les \u00ab trois retours \u00bb de Laurent Gbagbo - C\u00f4te d&#039;Ivoire","isPartOf":{"@id":"https:\/\/www.africa-press.net\/cotedivoire\/#website"},"primaryImageOfPage":{"@id":"https:\/\/www.africa-press.net\/cotedivoire\/politique\/depuis-lakota-stephane-kipre-exhorte-les-militantes-du-ppa-ci-a-la-mobilisation-et-releve-les-trois-retours-de-laurent-gbagbo#primaryimage"},"image":{"@id":"https:\/\/www.africa-press.net\/cotedivoire\/politique\/depuis-lakota-stephane-kipre-exhorte-les-militantes-du-ppa-ci-a-la-mobilisation-et-releve-les-trois-retours-de-laurent-gbagbo#primaryimage"},"thumbnailUrl":"https:\/\/static.africa-press.net\/cote\/sites\/43\/2022\/07\/postQueueImg_5-62e0281728692.jpg","datePublished":"2022-07-26T17:23:36+00:00","dateModified":"2022-07-26T17:45:18+00:00","author":{"@id":"https:\/\/www.africa-press.net\/cotedivoire\/#\/schema\/person\/2b1cf3cd81a31e3cd26889ca66d677f1"},"description":"St\u00e9phane Kipr\u00e9 et Lida Kouassi Mo\u00efse samedi \u00e0 Lakota (Ph) St\u00e9phane Kipr\u00e9, 1er vice-pr\u00e9sident ex\u00e9cutif du PPA-CI \u00e9tait e ...","breadcrumb":{"@id":"https:\/\/www.africa-press.net\/cotedivoire\/politique\/depuis-lakota-stephane-kipre-exhorte-les-militantes-du-ppa-ci-a-la-mobilisation-et-releve-les-trois-retours-de-laurent-gbagbo#breadcrumb"},"inLanguage":"fr-FR","potentialAction":[{"@type":"ReadAction","target":["https:\/\/www.africa-press.net\/cotedivoire\/politique\/depuis-lakota-stephane-kipre-exhorte-les-militantes-du-ppa-ci-a-la-mobilisation-et-releve-les-trois-retours-de-laurent-gbagbo"]}]},{"@type":"ImageObject","inLanguage":"fr-FR","@id":"https:\/\/www.africa-press.net\/cotedivoire\/politique\/depuis-lakota-stephane-kipre-exhorte-les-militantes-du-ppa-ci-a-la-mobilisation-et-releve-les-trois-retours-de-laurent-gbagbo#primaryimage","url":"https:\/\/static.africa-press.net\/cote\/sites\/43\/2022\/07\/postQueueImg_5-62e0281728692.jpg","contentUrl":"https:\/\/static.africa-press.net\/cote\/sites\/43\/2022\/07\/postQueueImg_5-62e0281728692.jpg","width":720,"height":398,"caption":"Depuis Lakota Stephane Kipr\u00e9 exhorte les militantes du PPA-CI \u00e0 la mobilisation et rel\u00e8ve les \u00ab trois retours \u00bb de Laurent Gbagbo"},{"@type":"BreadcrumbList","@id":"https:\/\/www.africa-press.net\/cotedivoire\/politique\/depuis-lakota-stephane-kipre-exhorte-les-militantes-du-ppa-ci-a-la-mobilisation-et-releve-les-trois-retours-de-laurent-gbagbo#breadcrumb","itemListElement":[{"@type":"ListItem","position":1,"name":"Accueil","item":"https:\/\/www.africa-press.net\/cotedivoire\/"},{"@type":"ListItem","position":2,"name":"Depuis Lakota Stephane Kipr\u00e9 exhorte les militantes du PPA-CI \u00e0 la mobilisation et rel\u00e8ve les \u00ab trois retours \u00bb de Laurent Gbagbo"}]},{"@type":"WebSite","@id":"https:\/\/www.africa-press.net\/cotedivoire\/#website","url":"https:\/\/www.africa-press.net\/cotedivoire\/","name":"C\u00f4te d&#039;Ivoire","description":"Just another Africa News Agency Sites site","potentialAction":[{"@type":"SearchAction","target":{"@type":"EntryPoint","urlTemplate":"https:\/\/www.africa-press.net\/cotedivoire\/?s={search_term_string}"},"query-input":{"@type":"PropertyValueSpecification","valueRequired":true,"valueName":"search_term_string"}}],"inLanguage":"fr-FR"},{"@type":"Person","@id":"https:\/\/www.africa-press.net\/cotedivoire\/#\/schema\/person\/2b1cf3cd81a31e3cd26889ca66d677f1","name":"cfeditorfr"}]}},"_links":{"self":[{"href":"https:\/\/www.africa-press.net\/cotedivoire\/wp-json\/wp\/v2\/posts\/41889","targetHints":{"allow":["GET"]}}],"collection":[{"href":"https:\/\/www.africa-press.net\/cotedivoire\/wp-json\/wp\/v2\/posts"}],"about":[{"href":"https:\/\/www.africa-press.net\/cotedivoire\/wp-json\/wp\/v2\/types\/post"}],"author":[{"embeddable":true,"href":"https:\/\/www.africa-press.net\/cotedivoire\/wp-json\/wp\/v2\/users\/82"}],"replies":[{"embeddable":true,"href":"https:\/\/www.africa-press.net\/cotedivoire\/wp-json\/wp\/v2\/comments?post=41889"}],"version-history":[{"count":0,"href":"https:\/\/www.africa-press.net\/cotedivoire\/wp-json\/wp\/v2\/posts\/41889\/revisions"}],"wp:featuredmedia":[{"embeddable":true,"href":"https:\/\/www.africa-press.net\/cotedivoire\/wp-json\/wp\/v2\/media\/41888"}],"wp:attachment":[{"href":"https:\/\/www.africa-press.net\/cotedivoire\/wp-json\/wp\/v2\/media?parent=41889"}],"wp:term":[{"taxonomy":"category","embeddable":true,"href":"https:\/\/www.africa-press.net\/cotedivoire\/wp-json\/wp\/v2\/categories?post=41889"},{"taxonomy":"post_tag","embeddable":true,"href":"https:\/\/www.africa-press.net\/cotedivoire\/wp-json\/wp\/v2\/tags?post=41889"}],"curies":[{"name":"wp","href":"https:\/\/api.w.org\/{rel}","templated":true}]}}