{"id":41950,"date":"2022-07-27T16:48:25","date_gmt":"2022-07-27T16:48:25","guid":{"rendered":"https:\/\/www.africa-press.net\/cotedivoire\/politique\/reseau-des-parlementaires-africains-anti-corruption-adama-bictogo-present-a-cotonou-pour-la-8%e1%b5%89-assemblee-generale-biennale"},"modified":"2022-07-27T17:00:08","modified_gmt":"2022-07-27T17:00:08","slug":"reseau-des-parlementaires-africains-anti-corruption-adama-bictogo-present-a-cotonou-pour-la-8%e1%b5%89-assemblee-generale-biennale","status":"publish","type":"post","link":"https:\/\/www.africa-press.net\/cotedivoire\/politique\/reseau-des-parlementaires-africains-anti-corruption-adama-bictogo-present-a-cotonou-pour-la-8%e1%b5%89-assemblee-generale-biennale","title":{"rendered":"R\u00e9seau des Parlementaires Africains Anti-Corruption, Adama Bictogo pr\u00e9sent \u00e0 Cotonou pour la 8\u1d49 Assembl\u00e9e g\u00e9n\u00e9rale biennale"},"content":{"rendered":"<p><span style=\"color: #ff6600\"><strong>Africa-Press &#8211; C\u00f4te d&rsquo;Ivoire. <\/strong><\/span><b> <\/b><br \/>\nLa 8\u00e8 Assembl\u00e9e g\u00e9n\u00e9rale biennale du R\u00e9seau des Parlementaires Africains Anti-Corruption (APNAC) s&rsquo;est ouverte aujourd&rsquo;hui \u00e0 Cotonou au B\u00e9nin autour du th\u00e8me : \u00ab Cr\u00e9er des synergies pour la lutte efficace contre la corruption : r\u00f4le du parlement et des parlementaires \u00bb<\/p>\n<p>Adama Bictogo, Pr\u00e9sident de l&rsquo;Assembl\u00e9e nationale de C\u00f4te d&rsquo;Ivoire prend part aux travaux. Invit\u00e9 d&rsquo;honneur, il a fait une communication lors de la c\u00e9r\u00e9monie d&rsquo;ouverture. Il a d&rsquo;abord salu\u00e9 et remerci\u00e9 le pr\u00e9sident de l&rsquo;Assembl\u00e9e nationale du B\u00e9nin, Louis Vlavonou Gb\u00e8hounou, pour son amiti\u00e9 \u00e0 l&rsquo;Assembl\u00e9e nationale de C\u00f4te d&rsquo;Ivoire.<\/p>\n<p>L&rsquo;homme qui depuis son \u00e9lection prend des allures quasi de chef d&rsquo;\u00c9tat, a ensuite indiqu\u00e9 que cette fraternit\u00e9 d\u00e9note de leur convergence de vu autour de l&rsquo;avenir des deux parlements qui doivent \u00eatre les forces motrices du rayonnement et du d\u00e9veloppement inclusifs des nations africaines.<\/p>\n<p>La corruption dans les \u00e9conomies africaines est l&rsquo;objet principal des \u00e9changes qui se feront lors des ateliers et communications. Adama Bictogo a situ\u00e9 le r\u00f4le et la contribution des assembl\u00e9es parlementaires dans les efforts de lutte contre la corruption et les infractions assimil\u00e9es.<\/p>\n<p>Selon lui, dans un contexte international o\u00f9 la corruption sape les efforts de d\u00e9veloppement des Etats, les parlements et les parlementaires devraient en tout premier lieu se saisir des instruments internationaux et sous r\u00e9gionaux que sont les Conventions et autres Protocoles ratifi\u00e9s dans le domaine.<\/p>\n<p>Il a pr\u00e9sent\u00e9 les efforts consentis par la C\u00f4te d&rsquo;Ivoire en vue de mettre le pays en conformit\u00e9 avec ses engagements internationaux. Il a cit\u00e9 la ratification de la Convention de l&rsquo;Union Africaine sur la pr\u00e9vention et la lutte contre la corruption et celle des Nations Unies en 2012 \u00e0 l&rsquo;adoption, par l&rsquo;Assembl\u00e9e nationale, le Protocole de la Communaut\u00e9 Economique des Etats de l&rsquo;Afrique de l&rsquo;Ouest (CEDEAO) sur la lutte contre la corruption en d\u00e9but 2022.<\/p>\n<p>Selon lui son pays a fait du renforcement de la qualit\u00e9 des Institutions et de la gouvernance, le premier axe strat\u00e9gique du r\u00e9f\u00e9rentiel national de d\u00e9veloppement, \u00e0 savoir le Plan National de D\u00e9veloppement (PND).<\/p>\n<p>\u00ab Apr\u00e8s les entit\u00e9s administratives et judiciaires cr\u00e9\u00e9es en vue de lutter contre ce fl\u00e9au et les infractions assimil\u00e9es, le Gouvernement a lanc\u00e9 depuis avril 2022 une plateforme de d\u00e9nonciation des actes de corruption et infractions assimil\u00e9es d\u00e9nomm\u00e9e Syst\u00e8me de Pr\u00e9vention et de D\u00e9tection des Actes de Corruption et Infractions Assimil\u00e9es en abr\u00e9g\u00e9 SPACIA.CI \u00bb, a ajout\u00e9 Adama Bictogo.<\/p>\n<p>Le pr\u00e9sident a enfin lanc\u00e9 un vibrant et solennel appel \u00e0 l&rsquo;ensemble des pr\u00e9sidents des Assembl\u00e9es nationales africaines \u00e0 commencer par celles de l&rsquo;espace CEDEAO.<\/p>\n<p>\u00ab Nous devons n\u00e9cessairement instaurer des rencontres r\u00e9guli\u00e8res entre nos diff\u00e9rentes institutions parlementaires afin de jeter les bases du renforcement des liens d&rsquo;amiti\u00e9, de fraternit\u00e9 et de solidarit\u00e9 entre nos peuples. Par-dessus tout, nous devons conjuguer nos efforts \u00e0 travers le partage d&rsquo;exp\u00e9rience et dans une corr\u00e9lation intelligente avec pouvoir ex\u00e9cutif, pour b\u00e2tir de v\u00e9ritables institutions au service de l&rsquo;int\u00e9gration \u00e9conomique et de la libre circulation des biens et des personnes pour le bonheur de nos vaillantes populations\u00bb, a-t-il conclu.<\/p>\n<p>Le Professeur Massiuda Mohamed Laghdaf, Premi\u00e8re vice- pr\u00e9sidente du parlement panafricain, Jean Pierre Pasi Za Pamba, D\u00e9put\u00e9 National du Parlement de la R\u00e9publique D\u00e9mocratique du Congo ont respectivement attir\u00e9 l&rsquo;attention des africains sur les impacts n\u00e9gatifs de la corruption sur la vie des Etats.<\/p>\n<p>\u00ab La corruption dans certains Etats africains fait 10 fois l&rsquo;aide publique \u00bb et \u00e0 Monsieur Jean-Pierre Pasi Za Pamba de rench\u00e9rir : \u00ab La corruption menace la s\u00e9curit\u00e9 de nos Etats, anile les efforts des Etats et est la cause premi\u00e8re de l&rsquo;appauvrissement, et avilit l&rsquo;homme \u00bb, a pr\u00e9cis\u00e9, madame Massiuda.<\/p>\n<p>L&rsquo;ouverture de la 8\u1d49 Assembl\u00e9e g\u00e9n\u00e9rale biennale a \u00e9t\u00e9 faite par le pr\u00e9sident Louis Vlavonou Gb\u00e8hounou, qui a au passage remerci\u00e9 le pr\u00e9sident de l&rsquo;Assembl\u00e9e ivoirienne pour sa pr\u00e9sence.<\/p>\n<p><strong>Pour plus d&rsquo;informations et d&rsquo;analyses sur la <a href=\"https:\/\/www.africa-press.net\/cotedivoire\">C\u00f4te d&rsquo;Ivoire<\/a>, suivez <a href=\"https:\/\/www.africa-press.net\/\">Africa-Press<\/a><\/strong><\/p>\n","protected":false},"excerpt":{"rendered":"<p>Africa-Press &#8211; C\u00f4te d&rsquo;Ivoire. La 8\u00e8 Assembl\u00e9e g\u00e9n\u00e9rale biennale du R\u00e9seau des Parlementaires Africains Anti-Corruption (APNAC) s&rsquo;est ouverte aujourd&rsquo;hui \u00e0 Cotonou au B\u00e9nin autour du th\u00e8me : \u00ab Cr\u00e9er des synergies pour la lutte efficace contre la corruption : r\u00f4le du parlement et des parlementaires \u00bb Adama Bictogo, Pr\u00e9sident de l&rsquo;Assembl\u00e9e nationale de C\u00f4te d&rsquo;Ivoire [&hellip;]<\/p>\n","protected":false},"author":82,"featured_media":41949,"comment_status":"open","ping_status":"closed","sticky":false,"template":"","format":"standard","meta":{"footnotes":""},"categories":[11,2,10],"tags":[1265,56,63,1181,29,1514,1348],"class_list":["post-41950","post","type-post","status-publish","format-standard","has-post-thumbnail","hentry","category-homepage-french","category-politique","category-toutes-les-actualites","tag-adama-bictogo","tag-africa-press","tag-africa-press-cote-divoire","tag-corruption","tag-cote-divoire","tag-cotonou","tag-parlementaire"],"yoast_head":"<!-- This site is optimized with the Yoast SEO Premium plugin v26.1 (Yoast SEO v27.0) - https:\/\/yoast.com\/product\/yoast-seo-premium-wordpress\/ -->\n<title>R\u00e9seau des Parlementaires Africains Anti-Corruption, Adama Bictogo pr\u00e9sent \u00e0 Cotonou pour la 8\u1d49 Assembl\u00e9e g\u00e9n\u00e9rale biennale - C\u00f4te d&#039;Ivoire<\/title>\n<meta name=\"description\" content=\"La 8\u00e8 Assembl\u00e9e g\u00e9n\u00e9rale biennale du R\u00e9seau des Parlementaires Africains Anti-Corruption (APNAC) s&#039;est ouverte ...\" \/>\n<meta name=\"robots\" content=\"index, follow, max-snippet:-1, max-image-preview:large, max-video-preview:-1\" \/>\n<link rel=\"canonical\" href=\"https:\/\/www.africa-press.net\/cotedivoire\/politique\/reseau-des-parlementaires-africains-anti-corruption-adama-bictogo-present-a-cotonou-pour-la-8\u1d49-assemblee-generale-biennale\" \/>\n<meta property=\"og:locale\" content=\"fr_FR\" \/>\n<meta property=\"og:type\" content=\"article\" \/>\n<meta property=\"og:title\" content=\"R\u00e9seau des Parlementaires Africains Anti-Corruption, Adama Bictogo pr\u00e9sent \u00e0 Cotonou pour la 8\u1d49 Assembl\u00e9e g\u00e9n\u00e9rale biennale\" \/>\n<meta property=\"og:description\" content=\"La 8\u00e8 Assembl\u00e9e g\u00e9n\u00e9rale biennale du R\u00e9seau des Parlementaires Africains Anti-Corruption (APNAC) s&#039;est ouverte ...\" \/>\n<meta property=\"og:url\" content=\"https:\/\/www.africa-press.net\/cotedivoire\/politique\/reseau-des-parlementaires-africains-anti-corruption-adama-bictogo-present-a-cotonou-pour-la-8\u1d49-assemblee-generale-biennale\" \/>\n<meta property=\"og:site_name\" content=\"C\u00f4te d&#039;Ivoire\" \/>\n<meta property=\"article:published_time\" content=\"2022-07-27T16:48:25+00:00\" \/>\n<meta property=\"article:modified_time\" content=\"2022-07-27T17:00:08+00:00\" \/>\n<meta property=\"og:image\" content=\"https:\/\/static.africa-press.net\/cote\/sites\/43\/2022\/07\/postQueueImg_17-62e16ef44a7a3.jpg\" \/>\n\t<meta property=\"og:image:width\" content=\"720\" \/>\n\t<meta property=\"og:image:height\" content=\"354\" \/>\n\t<meta property=\"og:image:type\" content=\"image\/jpeg\" \/>\n<meta name=\"author\" content=\"cfeditorfr\" \/>\n<meta name=\"twitter:card\" content=\"summary_large_image\" \/>\n<meta name=\"twitter:label1\" content=\"\u00c9crit par\" \/>\n\t<meta name=\"twitter:data1\" content=\"cfeditorfr\" \/>\n\t<meta name=\"twitter:label2\" content=\"Dur\u00e9e de lecture estim\u00e9e\" \/>\n\t<meta name=\"twitter:data2\" content=\"4 minutes\" \/>\n<script type=\"application\/ld+json\" class=\"yoast-schema-graph\">{\"@context\":\"https:\/\/schema.org\",\"@graph\":[{\"@type\":\"Article\",\"@id\":\"https:\/\/www.africa-press.net\/cotedivoire\/politique\/reseau-des-parlementaires-africains-anti-corruption-adama-bictogo-present-a-cotonou-pour-la-8%e1%b5%89-assemblee-generale-biennale#article\",\"isPartOf\":{\"@id\":\"https:\/\/www.africa-press.net\/cotedivoire\/politique\/reseau-des-parlementaires-africains-anti-corruption-adama-bictogo-present-a-cotonou-pour-la-8%e1%b5%89-assemblee-generale-biennale\"},\"author\":{\"name\":\"cfeditorfr\",\"@id\":\"https:\/\/www.africa-press.net\/cotedivoire\/#\/schema\/person\/2b1cf3cd81a31e3cd26889ca66d677f1\"},\"headline\":\"R\u00e9seau des Parlementaires Africains Anti-Corruption, Adama Bictogo pr\u00e9sent \u00e0 Cotonou pour la 8\u1d49 Assembl\u00e9e g\u00e9n\u00e9rale biennale\",\"datePublished\":\"2022-07-27T16:48:25+00:00\",\"dateModified\":\"2022-07-27T17:00:08+00:00\",\"mainEntityOfPage\":{\"@id\":\"https:\/\/www.africa-press.net\/cotedivoire\/politique\/reseau-des-parlementaires-africains-anti-corruption-adama-bictogo-present-a-cotonou-pour-la-8%e1%b5%89-assemblee-generale-biennale\"},\"wordCount\":752,\"commentCount\":0,\"image\":{\"@id\":\"https:\/\/www.africa-press.net\/cotedivoire\/politique\/reseau-des-parlementaires-africains-anti-corruption-adama-bictogo-present-a-cotonou-pour-la-8%e1%b5%89-assemblee-generale-biennale#primaryimage\"},\"thumbnailUrl\":\"https:\/\/static.africa-press.net\/cote\/sites\/43\/2022\/07\/postQueueImg_17-62e16ef44a7a3.jpg\",\"keywords\":[\"Adama Bictogo\",\"Africa Press\",\"Africa Press-C\u00f4te d'Ivoire\",\"corruption\",\"C\u00d4TE D'IVOIRE\",\"Cotonou\",\"parlementaire\"],\"articleSection\":[\"homepage-french\",\"Politique\",\"Toutes les actualit\u00e9s\"],\"inLanguage\":\"fr-FR\",\"potentialAction\":[{\"@type\":\"CommentAction\",\"name\":\"Comment\",\"target\":[\"https:\/\/www.africa-press.net\/cotedivoire\/politique\/reseau-des-parlementaires-africains-anti-corruption-adama-bictogo-present-a-cotonou-pour-la-8%e1%b5%89-assemblee-generale-biennale#respond\"]}]},{\"@type\":\"WebPage\",\"@id\":\"https:\/\/www.africa-press.net\/cotedivoire\/politique\/reseau-des-parlementaires-africains-anti-corruption-adama-bictogo-present-a-cotonou-pour-la-8%e1%b5%89-assemblee-generale-biennale\",\"url\":\"https:\/\/www.africa-press.net\/cotedivoire\/politique\/reseau-des-parlementaires-africains-anti-corruption-adama-bictogo-present-a-cotonou-pour-la-8%e1%b5%89-assemblee-generale-biennale\",\"name\":\"R\u00e9seau des Parlementaires Africains Anti-Corruption, Adama Bictogo pr\u00e9sent \u00e0 Cotonou pour la 8\u1d49 Assembl\u00e9e g\u00e9n\u00e9rale biennale - C\u00f4te d&#039;Ivoire\",\"isPartOf\":{\"@id\":\"https:\/\/www.africa-press.net\/cotedivoire\/#website\"},\"primaryImageOfPage\":{\"@id\":\"https:\/\/www.africa-press.net\/cotedivoire\/politique\/reseau-des-parlementaires-africains-anti-corruption-adama-bictogo-present-a-cotonou-pour-la-8%e1%b5%89-assemblee-generale-biennale#primaryimage\"},\"image\":{\"@id\":\"https:\/\/www.africa-press.net\/cotedivoire\/politique\/reseau-des-parlementaires-africains-anti-corruption-adama-bictogo-present-a-cotonou-pour-la-8%e1%b5%89-assemblee-generale-biennale#primaryimage\"},\"thumbnailUrl\":\"https:\/\/static.africa-press.net\/cote\/sites\/43\/2022\/07\/postQueueImg_17-62e16ef44a7a3.jpg\",\"datePublished\":\"2022-07-27T16:48:25+00:00\",\"dateModified\":\"2022-07-27T17:00:08+00:00\",\"author\":{\"@id\":\"https:\/\/www.africa-press.net\/cotedivoire\/#\/schema\/person\/2b1cf3cd81a31e3cd26889ca66d677f1\"},\"description\":\"La 8\u00e8 Assembl\u00e9e g\u00e9n\u00e9rale biennale du R\u00e9seau des Parlementaires Africains Anti-Corruption (APNAC) s'est ouverte ...\",\"breadcrumb\":{\"@id\":\"https:\/\/www.africa-press.net\/cotedivoire\/politique\/reseau-des-parlementaires-africains-anti-corruption-adama-bictogo-present-a-cotonou-pour-la-8%e1%b5%89-assemblee-generale-biennale#breadcrumb\"},\"inLanguage\":\"fr-FR\",\"potentialAction\":[{\"@type\":\"ReadAction\",\"target\":[\"https:\/\/www.africa-press.net\/cotedivoire\/politique\/reseau-des-parlementaires-africains-anti-corruption-adama-bictogo-present-a-cotonou-pour-la-8%e1%b5%89-assemblee-generale-biennale\"]}]},{\"@type\":\"ImageObject\",\"inLanguage\":\"fr-FR\",\"@id\":\"https:\/\/www.africa-press.net\/cotedivoire\/politique\/reseau-des-parlementaires-africains-anti-corruption-adama-bictogo-present-a-cotonou-pour-la-8%e1%b5%89-assemblee-generale-biennale#primaryimage\",\"url\":\"https:\/\/static.africa-press.net\/cote\/sites\/43\/2022\/07\/postQueueImg_17-62e16ef44a7a3.jpg\",\"contentUrl\":\"https:\/\/static.africa-press.net\/cote\/sites\/43\/2022\/07\/postQueueImg_17-62e16ef44a7a3.jpg\",\"width\":720,\"height\":354,\"caption\":\"R\u00e9seau des Parlementaires Africains Anti-Corruption, Adama Bictogo pr\u00e9sent \u00e0 Cotonou pour la 8\u1d49 Assembl\u00e9e g\u00e9n\u00e9rale biennale\"},{\"@type\":\"BreadcrumbList\",\"@id\":\"https:\/\/www.africa-press.net\/cotedivoire\/politique\/reseau-des-parlementaires-africains-anti-corruption-adama-bictogo-present-a-cotonou-pour-la-8%e1%b5%89-assemblee-generale-biennale#breadcrumb\",\"itemListElement\":[{\"@type\":\"ListItem\",\"position\":1,\"name\":\"Accueil\",\"item\":\"https:\/\/www.africa-press.net\/cotedivoire\/\"},{\"@type\":\"ListItem\",\"position\":2,\"name\":\"R\u00e9seau des Parlementaires Africains Anti-Corruption, Adama Bictogo pr\u00e9sent \u00e0 Cotonou pour la 8\u1d49 Assembl\u00e9e g\u00e9n\u00e9rale biennale\"}]},{\"@type\":\"WebSite\",\"@id\":\"https:\/\/www.africa-press.net\/cotedivoire\/#website\",\"url\":\"https:\/\/www.africa-press.net\/cotedivoire\/\",\"name\":\"C\u00f4te d&#039;Ivoire\",\"description\":\"Just another Africa News Agency Sites site\",\"potentialAction\":[{\"@type\":\"SearchAction\",\"target\":{\"@type\":\"EntryPoint\",\"urlTemplate\":\"https:\/\/www.africa-press.net\/cotedivoire\/?s={search_term_string}\"},\"query-input\":{\"@type\":\"PropertyValueSpecification\",\"valueRequired\":true,\"valueName\":\"search_term_string\"}}],\"inLanguage\":\"fr-FR\"},{\"@type\":\"Person\",\"@id\":\"https:\/\/www.africa-press.net\/cotedivoire\/#\/schema\/person\/2b1cf3cd81a31e3cd26889ca66d677f1\",\"name\":\"cfeditorfr\"}]}<\/script>\n<!-- \/ Yoast SEO Premium plugin. -->","yoast_head_json":{"title":"R\u00e9seau des Parlementaires Africains Anti-Corruption, Adama Bictogo pr\u00e9sent \u00e0 Cotonou pour la 8\u1d49 Assembl\u00e9e g\u00e9n\u00e9rale biennale - C\u00f4te d&#039;Ivoire","description":"La 8\u00e8 Assembl\u00e9e g\u00e9n\u00e9rale biennale du R\u00e9seau des Parlementaires Africains Anti-Corruption (APNAC) s'est ouverte ...","robots":{"index":"index","follow":"follow","max-snippet":"max-snippet:-1","max-image-preview":"max-image-preview:large","max-video-preview":"max-video-preview:-1"},"canonical":"https:\/\/www.africa-press.net\/cotedivoire\/politique\/reseau-des-parlementaires-africains-anti-corruption-adama-bictogo-present-a-cotonou-pour-la-8\u1d49-assemblee-generale-biennale","og_locale":"fr_FR","og_type":"article","og_title":"R\u00e9seau des Parlementaires Africains Anti-Corruption, Adama Bictogo pr\u00e9sent \u00e0 Cotonou pour la 8\u1d49 Assembl\u00e9e g\u00e9n\u00e9rale biennale","og_description":"La 8\u00e8 Assembl\u00e9e g\u00e9n\u00e9rale biennale du R\u00e9seau des Parlementaires Africains Anti-Corruption (APNAC) s'est ouverte ...","og_url":"https:\/\/www.africa-press.net\/cotedivoire\/politique\/reseau-des-parlementaires-africains-anti-corruption-adama-bictogo-present-a-cotonou-pour-la-8\u1d49-assemblee-generale-biennale","og_site_name":"C\u00f4te d&#039;Ivoire","article_published_time":"2022-07-27T16:48:25+00:00","article_modified_time":"2022-07-27T17:00:08+00:00","og_image":[{"width":720,"height":354,"url":"https:\/\/static.africa-press.net\/cote\/sites\/43\/2022\/07\/postQueueImg_17-62e16ef44a7a3.jpg","type":"image\/jpeg"}],"author":"cfeditorfr","twitter_card":"summary_large_image","twitter_misc":{"\u00c9crit par":"cfeditorfr","Dur\u00e9e de lecture estim\u00e9e":"4 minutes"},"schema":{"@context":"https:\/\/schema.org","@graph":[{"@type":"Article","@id":"https:\/\/www.africa-press.net\/cotedivoire\/politique\/reseau-des-parlementaires-africains-anti-corruption-adama-bictogo-present-a-cotonou-pour-la-8%e1%b5%89-assemblee-generale-biennale#article","isPartOf":{"@id":"https:\/\/www.africa-press.net\/cotedivoire\/politique\/reseau-des-parlementaires-africains-anti-corruption-adama-bictogo-present-a-cotonou-pour-la-8%e1%b5%89-assemblee-generale-biennale"},"author":{"name":"cfeditorfr","@id":"https:\/\/www.africa-press.net\/cotedivoire\/#\/schema\/person\/2b1cf3cd81a31e3cd26889ca66d677f1"},"headline":"R\u00e9seau des Parlementaires Africains Anti-Corruption, Adama Bictogo pr\u00e9sent \u00e0 Cotonou pour la 8\u1d49 Assembl\u00e9e g\u00e9n\u00e9rale biennale","datePublished":"2022-07-27T16:48:25+00:00","dateModified":"2022-07-27T17:00:08+00:00","mainEntityOfPage":{"@id":"https:\/\/www.africa-press.net\/cotedivoire\/politique\/reseau-des-parlementaires-africains-anti-corruption-adama-bictogo-present-a-cotonou-pour-la-8%e1%b5%89-assemblee-generale-biennale"},"wordCount":752,"commentCount":0,"image":{"@id":"https:\/\/www.africa-press.net\/cotedivoire\/politique\/reseau-des-parlementaires-africains-anti-corruption-adama-bictogo-present-a-cotonou-pour-la-8%e1%b5%89-assemblee-generale-biennale#primaryimage"},"thumbnailUrl":"https:\/\/static.africa-press.net\/cote\/sites\/43\/2022\/07\/postQueueImg_17-62e16ef44a7a3.jpg","keywords":["Adama Bictogo","Africa Press","Africa Press-C\u00f4te d'Ivoire","corruption","C\u00d4TE D'IVOIRE","Cotonou","parlementaire"],"articleSection":["homepage-french","Politique","Toutes les actualit\u00e9s"],"inLanguage":"fr-FR","potentialAction":[{"@type":"CommentAction","name":"Comment","target":["https:\/\/www.africa-press.net\/cotedivoire\/politique\/reseau-des-parlementaires-africains-anti-corruption-adama-bictogo-present-a-cotonou-pour-la-8%e1%b5%89-assemblee-generale-biennale#respond"]}]},{"@type":"WebPage","@id":"https:\/\/www.africa-press.net\/cotedivoire\/politique\/reseau-des-parlementaires-africains-anti-corruption-adama-bictogo-present-a-cotonou-pour-la-8%e1%b5%89-assemblee-generale-biennale","url":"https:\/\/www.africa-press.net\/cotedivoire\/politique\/reseau-des-parlementaires-africains-anti-corruption-adama-bictogo-present-a-cotonou-pour-la-8%e1%b5%89-assemblee-generale-biennale","name":"R\u00e9seau des Parlementaires Africains Anti-Corruption, Adama Bictogo pr\u00e9sent \u00e0 Cotonou pour la 8\u1d49 Assembl\u00e9e g\u00e9n\u00e9rale biennale - C\u00f4te d&#039;Ivoire","isPartOf":{"@id":"https:\/\/www.africa-press.net\/cotedivoire\/#website"},"primaryImageOfPage":{"@id":"https:\/\/www.africa-press.net\/cotedivoire\/politique\/reseau-des-parlementaires-africains-anti-corruption-adama-bictogo-present-a-cotonou-pour-la-8%e1%b5%89-assemblee-generale-biennale#primaryimage"},"image":{"@id":"https:\/\/www.africa-press.net\/cotedivoire\/politique\/reseau-des-parlementaires-africains-anti-corruption-adama-bictogo-present-a-cotonou-pour-la-8%e1%b5%89-assemblee-generale-biennale#primaryimage"},"thumbnailUrl":"https:\/\/static.africa-press.net\/cote\/sites\/43\/2022\/07\/postQueueImg_17-62e16ef44a7a3.jpg","datePublished":"2022-07-27T16:48:25+00:00","dateModified":"2022-07-27T17:00:08+00:00","author":{"@id":"https:\/\/www.africa-press.net\/cotedivoire\/#\/schema\/person\/2b1cf3cd81a31e3cd26889ca66d677f1"},"description":"La 8\u00e8 Assembl\u00e9e g\u00e9n\u00e9rale biennale du R\u00e9seau des Parlementaires Africains Anti-Corruption (APNAC) s'est ouverte ...","breadcrumb":{"@id":"https:\/\/www.africa-press.net\/cotedivoire\/politique\/reseau-des-parlementaires-africains-anti-corruption-adama-bictogo-present-a-cotonou-pour-la-8%e1%b5%89-assemblee-generale-biennale#breadcrumb"},"inLanguage":"fr-FR","potentialAction":[{"@type":"ReadAction","target":["https:\/\/www.africa-press.net\/cotedivoire\/politique\/reseau-des-parlementaires-africains-anti-corruption-adama-bictogo-present-a-cotonou-pour-la-8%e1%b5%89-assemblee-generale-biennale"]}]},{"@type":"ImageObject","inLanguage":"fr-FR","@id":"https:\/\/www.africa-press.net\/cotedivoire\/politique\/reseau-des-parlementaires-africains-anti-corruption-adama-bictogo-present-a-cotonou-pour-la-8%e1%b5%89-assemblee-generale-biennale#primaryimage","url":"https:\/\/static.africa-press.net\/cote\/sites\/43\/2022\/07\/postQueueImg_17-62e16ef44a7a3.jpg","contentUrl":"https:\/\/static.africa-press.net\/cote\/sites\/43\/2022\/07\/postQueueImg_17-62e16ef44a7a3.jpg","width":720,"height":354,"caption":"R\u00e9seau des Parlementaires Africains Anti-Corruption, Adama Bictogo pr\u00e9sent \u00e0 Cotonou pour la 8\u1d49 Assembl\u00e9e g\u00e9n\u00e9rale biennale"},{"@type":"BreadcrumbList","@id":"https:\/\/www.africa-press.net\/cotedivoire\/politique\/reseau-des-parlementaires-africains-anti-corruption-adama-bictogo-present-a-cotonou-pour-la-8%e1%b5%89-assemblee-generale-biennale#breadcrumb","itemListElement":[{"@type":"ListItem","position":1,"name":"Accueil","item":"https:\/\/www.africa-press.net\/cotedivoire\/"},{"@type":"ListItem","position":2,"name":"R\u00e9seau des Parlementaires Africains Anti-Corruption, Adama Bictogo pr\u00e9sent \u00e0 Cotonou pour la 8\u1d49 Assembl\u00e9e g\u00e9n\u00e9rale biennale"}]},{"@type":"WebSite","@id":"https:\/\/www.africa-press.net\/cotedivoire\/#website","url":"https:\/\/www.africa-press.net\/cotedivoire\/","name":"C\u00f4te d&#039;Ivoire","description":"Just another Africa News Agency Sites site","potentialAction":[{"@type":"SearchAction","target":{"@type":"EntryPoint","urlTemplate":"https:\/\/www.africa-press.net\/cotedivoire\/?s={search_term_string}"},"query-input":{"@type":"PropertyValueSpecification","valueRequired":true,"valueName":"search_term_string"}}],"inLanguage":"fr-FR"},{"@type":"Person","@id":"https:\/\/www.africa-press.net\/cotedivoire\/#\/schema\/person\/2b1cf3cd81a31e3cd26889ca66d677f1","name":"cfeditorfr"}]}},"_links":{"self":[{"href":"https:\/\/www.africa-press.net\/cotedivoire\/wp-json\/wp\/v2\/posts\/41950","targetHints":{"allow":["GET"]}}],"collection":[{"href":"https:\/\/www.africa-press.net\/cotedivoire\/wp-json\/wp\/v2\/posts"}],"about":[{"href":"https:\/\/www.africa-press.net\/cotedivoire\/wp-json\/wp\/v2\/types\/post"}],"author":[{"embeddable":true,"href":"https:\/\/www.africa-press.net\/cotedivoire\/wp-json\/wp\/v2\/users\/82"}],"replies":[{"embeddable":true,"href":"https:\/\/www.africa-press.net\/cotedivoire\/wp-json\/wp\/v2\/comments?post=41950"}],"version-history":[{"count":0,"href":"https:\/\/www.africa-press.net\/cotedivoire\/wp-json\/wp\/v2\/posts\/41950\/revisions"}],"wp:featuredmedia":[{"embeddable":true,"href":"https:\/\/www.africa-press.net\/cotedivoire\/wp-json\/wp\/v2\/media\/41949"}],"wp:attachment":[{"href":"https:\/\/www.africa-press.net\/cotedivoire\/wp-json\/wp\/v2\/media?parent=41950"}],"wp:term":[{"taxonomy":"category","embeddable":true,"href":"https:\/\/www.africa-press.net\/cotedivoire\/wp-json\/wp\/v2\/categories?post=41950"},{"taxonomy":"post_tag","embeddable":true,"href":"https:\/\/www.africa-press.net\/cotedivoire\/wp-json\/wp\/v2\/tags?post=41950"}],"curies":[{"name":"wp","href":"https:\/\/api.w.org\/{rel}","templated":true}]}}