{"id":42633,"date":"2022-08-07T17:44:48","date_gmt":"2022-08-07T17:44:48","guid":{"rendered":"https:\/\/www.africa-press.net\/cotedivoire\/politique\/abobo-300-enfants-vaccines-contre-la-fievre-typhoide-dans-le-quartier-warrios"},"modified":"2022-08-07T17:50:29","modified_gmt":"2022-08-07T17:50:29","slug":"abobo-300-enfants-vaccines-contre-la-fievre-typhoide-dans-le-quartier-warrios","status":"publish","type":"post","link":"https:\/\/www.africa-press.net\/cotedivoire\/toutes-les-actualites\/abobo-300-enfants-vaccines-contre-la-fievre-typhoide-dans-le-quartier-warrios","title":{"rendered":"Abobo, 300 enfants vaccin\u00e9s contre la fi\u00e8vre typho\u00efde dans le quartier Warrios"},"content":{"rendered":"<p><span style=\"color: #ff6600\"><strong>Africa-Press &#8211; C\u00f4te d&rsquo;Ivoire. <\/strong><\/span>C&rsquo;est une action sanitaire que les populations du quartier Warrios, situ\u00e9 \u00e0 Abobo centre, entre le march\u00e9 municipal et la voie express Abobo-Anyama n&rsquo;oublieront pas de sit\u00f4t. Ce samedi 6 ao\u00fbt 2022, plus de 300 enfants dont l&rsquo;\u00e2ge varie de 2 \u00e0 10 ans ont \u00e9t\u00e9 vaccin\u00e9s contre la fi\u00e8vre typho\u00efde.<\/p>\n<p>Cette campagne de port\u00e9e humanitaire a \u00e9t\u00e9 organis\u00e9e par Brin d&rsquo;Espoir Unis (BEI), une ONG qui milite aux c\u00f4t\u00e9s des enfants des couches d\u00e9favorables en C\u00f4te d&rsquo;Ivoire.<\/p>\n<p>Selon la Pr\u00e9sidente fondatrice, Tour\u00e9 Massati Epouse Kon\u00e9, cette campagne a \u00e9t\u00e9 initi\u00e9e dans le but d&rsquo;apporter la sant\u00e9 aux enfants contre \u00ab la fi\u00e8vre typho\u00efde, qui est l&rsquo;une des maladies mortelles \u00bb, dans le pays.<\/p>\n<p>\u00ab Dans les quartiers d\u00e9favoris\u00e9s, les enfants n&rsquo;ont pas la notion de la propri\u00e9t\u00e9. Etant dans un environ insalubre, ils sont sujets \u00e0 des maladies. Pour leur \u00e9viter de contracter la maladie, nous sommes all\u00e9s d\u00e9fendre notre projet aupr\u00e8s des hommes et des femmes qui ont bien voulu venir en aide aux enfants. On avait certes le t\u00e9tanos, mais on s&rsquo;est dit que la fi\u00e8vre typho\u00efde tue plus que le t\u00e9tanos. Ces personnes ont \u00e9t\u00e9 promptes et ont d\u00e9cid\u00e9 d&rsquo;offrir 300 doses aux enfants \u00bb, a affirm\u00e9 Tour\u00e9 Massati Epouse Kon\u00e9.<\/p>\n<p>L&rsquo;organisation non gouvernementale ne compte pas s&rsquo;arr\u00eater \u00e0 ce stade. Toujours selon la pr\u00e9sidente fondatrice, elle ira d\u00e9fendre, dans les prochains jours, son projet aupr\u00e8s des partenaires, leur montrer la n\u00e9cessit\u00e9 de continuer la vaccination. Mais aussi contacter des maires pour plus de soutien.<\/p>\n<p>\u00ab Je lance un appel \u00e0 l&rsquo;Etat de C\u00f4te d&rsquo;Ivoire. Il y a des ONG s\u00e9rieuses qui sont sur le terrain, qui travaillent pour les enfants ; qui ont besoin d&rsquo;\u00eatre accompagn\u00e9es \u00bb, a-t-elle indiqu\u00e9, invitant les parents \u00e0 veiller \u00e0 la propret\u00e9 de leurs enfants.<\/p>\n<p>Marraine de cette campagne, Timit\u00e9 Fatim, \u00e9pouse Dosso, a invit\u00e9 les parents \u00e0 avoir un regard sur la sant\u00e9 des enfants.<\/p>\n<p>\u00ab Il n&rsquo;y a rien au-dessus de la sant\u00e9. Les enfants sont les plus vuln\u00e9rables de la population. Ils sont l&rsquo;avenir. Si d\u00e8s le bas \u00e2ge, ils ne sont pas en bonne sant\u00e9, notre \u00e9conomie va se fragiliser, quoiqu&rsquo;on dise, les ressources humaines, c&rsquo;est la premi\u00e8re richesse d&rsquo;un pays, si on prend soin, on va aller dans la continuit\u00e9 \u00bb, a-t-elle conclu.<\/p>\n<p><strong>Pour plus d&rsquo;informations et d&rsquo;analyses sur la <a href=\"https:\/\/www.africa-press.net\/cotedivoire\">C\u00f4te d&rsquo;Ivoire<\/a>, suivez <a href=\"https:\/\/www.africa-press.net\/\">Africa-Press<\/a><\/strong><\/p>\n","protected":false},"excerpt":{"rendered":"<p>Africa-Press &#8211; C\u00f4te d&rsquo;Ivoire. C&rsquo;est une action sanitaire que les populations du quartier Warrios, situ\u00e9 \u00e0 Abobo centre, entre le march\u00e9 municipal et la voie express Abobo-Anyama n&rsquo;oublieront pas de sit\u00f4t. Ce samedi 6 ao\u00fbt 2022, plus de 300 enfants dont l&rsquo;\u00e2ge varie de 2 \u00e0 10 ans ont \u00e9t\u00e9 vaccin\u00e9s contre la fi\u00e8vre typho\u00efde. [&hellip;]<\/p>\n","protected":false},"author":82,"featured_media":42632,"comment_status":"open","ping_status":"closed","sticky":false,"template":"","format":"standard","meta":{"footnotes":""},"categories":[21,11,10],"tags":[787,56,63,29,7209],"class_list":["post-42633","post","type-post","status-publish","format-standard","has-post-thumbnail","hentry","category-communaute","category-homepage-french","category-toutes-les-actualites","tag-abobo","tag-africa-press","tag-africa-press-cote-divoire","tag-cote-divoire","tag-fievre-typhoide"],"yoast_head":"<!-- This site is optimized with the Yoast SEO Premium plugin v26.1 (Yoast SEO v27.0) - https:\/\/yoast.com\/product\/yoast-seo-premium-wordpress\/ -->\n<title>Abobo, 300 enfants vaccin\u00e9s contre la fi\u00e8vre typho\u00efde dans le quartier Warrios - C\u00f4te d&#039;Ivoire<\/title>\n<meta name=\"description\" content=\"C&#039;est une action sanitaire que les populations du quartier Warrios, situ\u00e9 \u00e0 Abobo centre, entre le march\u00e9 municipal et l ...\" \/>\n<meta name=\"robots\" content=\"index, follow, max-snippet:-1, max-image-preview:large, max-video-preview:-1\" \/>\n<link rel=\"canonical\" href=\"https:\/\/www.africa-press.net\/cotedivoire\/toutes-les-actualites\/abobo-300-enfants-vaccines-contre-la-fievre-typhoide-dans-le-quartier-warrios\" \/>\n<meta property=\"og:locale\" content=\"fr_FR\" \/>\n<meta property=\"og:type\" content=\"article\" \/>\n<meta property=\"og:title\" content=\"Abobo, 300 enfants vaccin\u00e9s contre la fi\u00e8vre typho\u00efde dans le quartier Warrios\" \/>\n<meta property=\"og:description\" content=\"C&#039;est une action sanitaire que les populations du quartier Warrios, situ\u00e9 \u00e0 Abobo centre, entre le march\u00e9 municipal et l ...\" \/>\n<meta property=\"og:url\" content=\"https:\/\/www.africa-press.net\/cotedivoire\/toutes-les-actualites\/abobo-300-enfants-vaccines-contre-la-fievre-typhoide-dans-le-quartier-warrios\" \/>\n<meta property=\"og:site_name\" content=\"C\u00f4te d&#039;Ivoire\" \/>\n<meta property=\"article:published_time\" content=\"2022-08-07T17:44:48+00:00\" \/>\n<meta property=\"article:modified_time\" content=\"2022-08-07T17:50:29+00:00\" \/>\n<meta property=\"og:image\" content=\"https:\/\/static.africa-press.net\/cote\/sites\/43\/2022\/08\/postQueueImg_1-62effb23ea74f.jpg\" \/>\n\t<meta property=\"og:image:width\" content=\"720\" \/>\n\t<meta property=\"og:image:height\" content=\"344\" \/>\n\t<meta property=\"og:image:type\" content=\"image\/jpeg\" \/>\n<meta name=\"author\" content=\"cfeditorfr\" \/>\n<meta name=\"twitter:card\" content=\"summary_large_image\" \/>\n<meta name=\"twitter:label1\" content=\"\u00c9crit par\" \/>\n\t<meta name=\"twitter:data1\" content=\"cfeditorfr\" \/>\n\t<meta name=\"twitter:label2\" content=\"Dur\u00e9e de lecture estim\u00e9e\" \/>\n\t<meta name=\"twitter:data2\" content=\"2 minutes\" \/>\n<script type=\"application\/ld+json\" class=\"yoast-schema-graph\">{\"@context\":\"https:\/\/schema.org\",\"@graph\":[{\"@type\":\"Article\",\"@id\":\"https:\/\/www.africa-press.net\/cotedivoire\/toutes-les-actualites\/abobo-300-enfants-vaccines-contre-la-fievre-typhoide-dans-le-quartier-warrios#article\",\"isPartOf\":{\"@id\":\"https:\/\/www.africa-press.net\/cotedivoire\/toutes-les-actualites\/abobo-300-enfants-vaccines-contre-la-fievre-typhoide-dans-le-quartier-warrios\"},\"author\":{\"name\":\"cfeditorfr\",\"@id\":\"https:\/\/www.africa-press.net\/cotedivoire\/#\/schema\/person\/2b1cf3cd81a31e3cd26889ca66d677f1\"},\"headline\":\"Abobo, 300 enfants vaccin\u00e9s contre la fi\u00e8vre typho\u00efde dans le quartier Warrios\",\"datePublished\":\"2022-08-07T17:44:48+00:00\",\"dateModified\":\"2022-08-07T17:50:29+00:00\",\"mainEntityOfPage\":{\"@id\":\"https:\/\/www.africa-press.net\/cotedivoire\/toutes-les-actualites\/abobo-300-enfants-vaccines-contre-la-fievre-typhoide-dans-le-quartier-warrios\"},\"wordCount\":447,\"commentCount\":0,\"image\":{\"@id\":\"https:\/\/www.africa-press.net\/cotedivoire\/toutes-les-actualites\/abobo-300-enfants-vaccines-contre-la-fievre-typhoide-dans-le-quartier-warrios#primaryimage\"},\"thumbnailUrl\":\"https:\/\/static.africa-press.net\/cote\/sites\/43\/2022\/08\/postQueueImg_1-62effb23ea74f.jpg\",\"keywords\":[\"Abobo\",\"Africa Press\",\"Africa Press-C\u00f4te d'Ivoire\",\"C\u00d4TE D'IVOIRE\",\"fi\u00e8vre typho\u00efde\"],\"articleSection\":[\"Communaut\u00e9\",\"homepage-french\",\"Toutes les actualit\u00e9s\"],\"inLanguage\":\"fr-FR\",\"potentialAction\":[{\"@type\":\"CommentAction\",\"name\":\"Comment\",\"target\":[\"https:\/\/www.africa-press.net\/cotedivoire\/toutes-les-actualites\/abobo-300-enfants-vaccines-contre-la-fievre-typhoide-dans-le-quartier-warrios#respond\"]}]},{\"@type\":\"WebPage\",\"@id\":\"https:\/\/www.africa-press.net\/cotedivoire\/toutes-les-actualites\/abobo-300-enfants-vaccines-contre-la-fievre-typhoide-dans-le-quartier-warrios\",\"url\":\"https:\/\/www.africa-press.net\/cotedivoire\/toutes-les-actualites\/abobo-300-enfants-vaccines-contre-la-fievre-typhoide-dans-le-quartier-warrios\",\"name\":\"Abobo, 300 enfants vaccin\u00e9s contre la fi\u00e8vre typho\u00efde dans le quartier Warrios - C\u00f4te d&#039;Ivoire\",\"isPartOf\":{\"@id\":\"https:\/\/www.africa-press.net\/cotedivoire\/#website\"},\"primaryImageOfPage\":{\"@id\":\"https:\/\/www.africa-press.net\/cotedivoire\/toutes-les-actualites\/abobo-300-enfants-vaccines-contre-la-fievre-typhoide-dans-le-quartier-warrios#primaryimage\"},\"image\":{\"@id\":\"https:\/\/www.africa-press.net\/cotedivoire\/toutes-les-actualites\/abobo-300-enfants-vaccines-contre-la-fievre-typhoide-dans-le-quartier-warrios#primaryimage\"},\"thumbnailUrl\":\"https:\/\/static.africa-press.net\/cote\/sites\/43\/2022\/08\/postQueueImg_1-62effb23ea74f.jpg\",\"datePublished\":\"2022-08-07T17:44:48+00:00\",\"dateModified\":\"2022-08-07T17:50:29+00:00\",\"author\":{\"@id\":\"https:\/\/www.africa-press.net\/cotedivoire\/#\/schema\/person\/2b1cf3cd81a31e3cd26889ca66d677f1\"},\"description\":\"C'est une action sanitaire que les populations du quartier Warrios, situ\u00e9 \u00e0 Abobo centre, entre le march\u00e9 municipal et l ...\",\"breadcrumb\":{\"@id\":\"https:\/\/www.africa-press.net\/cotedivoire\/toutes-les-actualites\/abobo-300-enfants-vaccines-contre-la-fievre-typhoide-dans-le-quartier-warrios#breadcrumb\"},\"inLanguage\":\"fr-FR\",\"potentialAction\":[{\"@type\":\"ReadAction\",\"target\":[\"https:\/\/www.africa-press.net\/cotedivoire\/toutes-les-actualites\/abobo-300-enfants-vaccines-contre-la-fievre-typhoide-dans-le-quartier-warrios\"]}]},{\"@type\":\"ImageObject\",\"inLanguage\":\"fr-FR\",\"@id\":\"https:\/\/www.africa-press.net\/cotedivoire\/toutes-les-actualites\/abobo-300-enfants-vaccines-contre-la-fievre-typhoide-dans-le-quartier-warrios#primaryimage\",\"url\":\"https:\/\/static.africa-press.net\/cote\/sites\/43\/2022\/08\/postQueueImg_1-62effb23ea74f.jpg\",\"contentUrl\":\"https:\/\/static.africa-press.net\/cote\/sites\/43\/2022\/08\/postQueueImg_1-62effb23ea74f.jpg\",\"width\":720,\"height\":344,\"caption\":\"Abobo, 300 enfants vaccin\u00e9s contre la fi\u00e8vre typho\u00efde dans le quartier Warrios\"},{\"@type\":\"BreadcrumbList\",\"@id\":\"https:\/\/www.africa-press.net\/cotedivoire\/toutes-les-actualites\/abobo-300-enfants-vaccines-contre-la-fievre-typhoide-dans-le-quartier-warrios#breadcrumb\",\"itemListElement\":[{\"@type\":\"ListItem\",\"position\":1,\"name\":\"Accueil\",\"item\":\"https:\/\/www.africa-press.net\/cotedivoire\/\"},{\"@type\":\"ListItem\",\"position\":2,\"name\":\"Abobo, 300 enfants vaccin\u00e9s contre la fi\u00e8vre typho\u00efde dans le quartier Warrios\"}]},{\"@type\":\"WebSite\",\"@id\":\"https:\/\/www.africa-press.net\/cotedivoire\/#website\",\"url\":\"https:\/\/www.africa-press.net\/cotedivoire\/\",\"name\":\"C\u00f4te d&#039;Ivoire\",\"description\":\"Just another Africa News Agency Sites site\",\"potentialAction\":[{\"@type\":\"SearchAction\",\"target\":{\"@type\":\"EntryPoint\",\"urlTemplate\":\"https:\/\/www.africa-press.net\/cotedivoire\/?s={search_term_string}\"},\"query-input\":{\"@type\":\"PropertyValueSpecification\",\"valueRequired\":true,\"valueName\":\"search_term_string\"}}],\"inLanguage\":\"fr-FR\"},{\"@type\":\"Person\",\"@id\":\"https:\/\/www.africa-press.net\/cotedivoire\/#\/schema\/person\/2b1cf3cd81a31e3cd26889ca66d677f1\",\"name\":\"cfeditorfr\"}]}<\/script>\n<!-- \/ Yoast SEO Premium plugin. -->","yoast_head_json":{"title":"Abobo, 300 enfants vaccin\u00e9s contre la fi\u00e8vre typho\u00efde dans le quartier Warrios - C\u00f4te d&#039;Ivoire","description":"C'est une action sanitaire que les populations du quartier Warrios, situ\u00e9 \u00e0 Abobo centre, entre le march\u00e9 municipal et l ...","robots":{"index":"index","follow":"follow","max-snippet":"max-snippet:-1","max-image-preview":"max-image-preview:large","max-video-preview":"max-video-preview:-1"},"canonical":"https:\/\/www.africa-press.net\/cotedivoire\/toutes-les-actualites\/abobo-300-enfants-vaccines-contre-la-fievre-typhoide-dans-le-quartier-warrios","og_locale":"fr_FR","og_type":"article","og_title":"Abobo, 300 enfants vaccin\u00e9s contre la fi\u00e8vre typho\u00efde dans le quartier Warrios","og_description":"C'est une action sanitaire que les populations du quartier Warrios, situ\u00e9 \u00e0 Abobo centre, entre le march\u00e9 municipal et l ...","og_url":"https:\/\/www.africa-press.net\/cotedivoire\/toutes-les-actualites\/abobo-300-enfants-vaccines-contre-la-fievre-typhoide-dans-le-quartier-warrios","og_site_name":"C\u00f4te d&#039;Ivoire","article_published_time":"2022-08-07T17:44:48+00:00","article_modified_time":"2022-08-07T17:50:29+00:00","og_image":[{"width":720,"height":344,"url":"https:\/\/static.africa-press.net\/cote\/sites\/43\/2022\/08\/postQueueImg_1-62effb23ea74f.jpg","type":"image\/jpeg"}],"author":"cfeditorfr","twitter_card":"summary_large_image","twitter_misc":{"\u00c9crit par":"cfeditorfr","Dur\u00e9e de lecture estim\u00e9e":"2 minutes"},"schema":{"@context":"https:\/\/schema.org","@graph":[{"@type":"Article","@id":"https:\/\/www.africa-press.net\/cotedivoire\/toutes-les-actualites\/abobo-300-enfants-vaccines-contre-la-fievre-typhoide-dans-le-quartier-warrios#article","isPartOf":{"@id":"https:\/\/www.africa-press.net\/cotedivoire\/toutes-les-actualites\/abobo-300-enfants-vaccines-contre-la-fievre-typhoide-dans-le-quartier-warrios"},"author":{"name":"cfeditorfr","@id":"https:\/\/www.africa-press.net\/cotedivoire\/#\/schema\/person\/2b1cf3cd81a31e3cd26889ca66d677f1"},"headline":"Abobo, 300 enfants vaccin\u00e9s contre la fi\u00e8vre typho\u00efde dans le quartier Warrios","datePublished":"2022-08-07T17:44:48+00:00","dateModified":"2022-08-07T17:50:29+00:00","mainEntityOfPage":{"@id":"https:\/\/www.africa-press.net\/cotedivoire\/toutes-les-actualites\/abobo-300-enfants-vaccines-contre-la-fievre-typhoide-dans-le-quartier-warrios"},"wordCount":447,"commentCount":0,"image":{"@id":"https:\/\/www.africa-press.net\/cotedivoire\/toutes-les-actualites\/abobo-300-enfants-vaccines-contre-la-fievre-typhoide-dans-le-quartier-warrios#primaryimage"},"thumbnailUrl":"https:\/\/static.africa-press.net\/cote\/sites\/43\/2022\/08\/postQueueImg_1-62effb23ea74f.jpg","keywords":["Abobo","Africa Press","Africa Press-C\u00f4te d'Ivoire","C\u00d4TE D'IVOIRE","fi\u00e8vre typho\u00efde"],"articleSection":["Communaut\u00e9","homepage-french","Toutes les actualit\u00e9s"],"inLanguage":"fr-FR","potentialAction":[{"@type":"CommentAction","name":"Comment","target":["https:\/\/www.africa-press.net\/cotedivoire\/toutes-les-actualites\/abobo-300-enfants-vaccines-contre-la-fievre-typhoide-dans-le-quartier-warrios#respond"]}]},{"@type":"WebPage","@id":"https:\/\/www.africa-press.net\/cotedivoire\/toutes-les-actualites\/abobo-300-enfants-vaccines-contre-la-fievre-typhoide-dans-le-quartier-warrios","url":"https:\/\/www.africa-press.net\/cotedivoire\/toutes-les-actualites\/abobo-300-enfants-vaccines-contre-la-fievre-typhoide-dans-le-quartier-warrios","name":"Abobo, 300 enfants vaccin\u00e9s contre la fi\u00e8vre typho\u00efde dans le quartier Warrios - C\u00f4te d&#039;Ivoire","isPartOf":{"@id":"https:\/\/www.africa-press.net\/cotedivoire\/#website"},"primaryImageOfPage":{"@id":"https:\/\/www.africa-press.net\/cotedivoire\/toutes-les-actualites\/abobo-300-enfants-vaccines-contre-la-fievre-typhoide-dans-le-quartier-warrios#primaryimage"},"image":{"@id":"https:\/\/www.africa-press.net\/cotedivoire\/toutes-les-actualites\/abobo-300-enfants-vaccines-contre-la-fievre-typhoide-dans-le-quartier-warrios#primaryimage"},"thumbnailUrl":"https:\/\/static.africa-press.net\/cote\/sites\/43\/2022\/08\/postQueueImg_1-62effb23ea74f.jpg","datePublished":"2022-08-07T17:44:48+00:00","dateModified":"2022-08-07T17:50:29+00:00","author":{"@id":"https:\/\/www.africa-press.net\/cotedivoire\/#\/schema\/person\/2b1cf3cd81a31e3cd26889ca66d677f1"},"description":"C'est une action sanitaire que les populations du quartier Warrios, situ\u00e9 \u00e0 Abobo centre, entre le march\u00e9 municipal et l ...","breadcrumb":{"@id":"https:\/\/www.africa-press.net\/cotedivoire\/toutes-les-actualites\/abobo-300-enfants-vaccines-contre-la-fievre-typhoide-dans-le-quartier-warrios#breadcrumb"},"inLanguage":"fr-FR","potentialAction":[{"@type":"ReadAction","target":["https:\/\/www.africa-press.net\/cotedivoire\/toutes-les-actualites\/abobo-300-enfants-vaccines-contre-la-fievre-typhoide-dans-le-quartier-warrios"]}]},{"@type":"ImageObject","inLanguage":"fr-FR","@id":"https:\/\/www.africa-press.net\/cotedivoire\/toutes-les-actualites\/abobo-300-enfants-vaccines-contre-la-fievre-typhoide-dans-le-quartier-warrios#primaryimage","url":"https:\/\/static.africa-press.net\/cote\/sites\/43\/2022\/08\/postQueueImg_1-62effb23ea74f.jpg","contentUrl":"https:\/\/static.africa-press.net\/cote\/sites\/43\/2022\/08\/postQueueImg_1-62effb23ea74f.jpg","width":720,"height":344,"caption":"Abobo, 300 enfants vaccin\u00e9s contre la fi\u00e8vre typho\u00efde dans le quartier Warrios"},{"@type":"BreadcrumbList","@id":"https:\/\/www.africa-press.net\/cotedivoire\/toutes-les-actualites\/abobo-300-enfants-vaccines-contre-la-fievre-typhoide-dans-le-quartier-warrios#breadcrumb","itemListElement":[{"@type":"ListItem","position":1,"name":"Accueil","item":"https:\/\/www.africa-press.net\/cotedivoire\/"},{"@type":"ListItem","position":2,"name":"Abobo, 300 enfants vaccin\u00e9s contre la fi\u00e8vre typho\u00efde dans le quartier Warrios"}]},{"@type":"WebSite","@id":"https:\/\/www.africa-press.net\/cotedivoire\/#website","url":"https:\/\/www.africa-press.net\/cotedivoire\/","name":"C\u00f4te d&#039;Ivoire","description":"Just another Africa News Agency Sites site","potentialAction":[{"@type":"SearchAction","target":{"@type":"EntryPoint","urlTemplate":"https:\/\/www.africa-press.net\/cotedivoire\/?s={search_term_string}"},"query-input":{"@type":"PropertyValueSpecification","valueRequired":true,"valueName":"search_term_string"}}],"inLanguage":"fr-FR"},{"@type":"Person","@id":"https:\/\/www.africa-press.net\/cotedivoire\/#\/schema\/person\/2b1cf3cd81a31e3cd26889ca66d677f1","name":"cfeditorfr"}]}},"_links":{"self":[{"href":"https:\/\/www.africa-press.net\/cotedivoire\/wp-json\/wp\/v2\/posts\/42633","targetHints":{"allow":["GET"]}}],"collection":[{"href":"https:\/\/www.africa-press.net\/cotedivoire\/wp-json\/wp\/v2\/posts"}],"about":[{"href":"https:\/\/www.africa-press.net\/cotedivoire\/wp-json\/wp\/v2\/types\/post"}],"author":[{"embeddable":true,"href":"https:\/\/www.africa-press.net\/cotedivoire\/wp-json\/wp\/v2\/users\/82"}],"replies":[{"embeddable":true,"href":"https:\/\/www.africa-press.net\/cotedivoire\/wp-json\/wp\/v2\/comments?post=42633"}],"version-history":[{"count":0,"href":"https:\/\/www.africa-press.net\/cotedivoire\/wp-json\/wp\/v2\/posts\/42633\/revisions"}],"wp:featuredmedia":[{"embeddable":true,"href":"https:\/\/www.africa-press.net\/cotedivoire\/wp-json\/wp\/v2\/media\/42632"}],"wp:attachment":[{"href":"https:\/\/www.africa-press.net\/cotedivoire\/wp-json\/wp\/v2\/media?parent=42633"}],"wp:term":[{"taxonomy":"category","embeddable":true,"href":"https:\/\/www.africa-press.net\/cotedivoire\/wp-json\/wp\/v2\/categories?post=42633"},{"taxonomy":"post_tag","embeddable":true,"href":"https:\/\/www.africa-press.net\/cotedivoire\/wp-json\/wp\/v2\/tags?post=42633"}],"curies":[{"name":"wp","href":"https:\/\/api.w.org\/{rel}","templated":true}]}}