{"id":42837,"date":"2022-08-11T17:35:15","date_gmt":"2022-08-11T17:35:15","guid":{"rendered":"https:\/\/www.africa-press.net\/cotedivoire\/politique\/un-cartel-ne-respecterait-pas-le-prix-du-plafonnement-du-faux-thon-vers-la-paralysie-du-port-dabidjan"},"modified":"2022-08-11T18:08:26","modified_gmt":"2022-08-11T18:08:26","slug":"un-cartel-ne-respecterait-pas-le-prix-du-plafonnement-du-faux-thon-vers-la-paralysie-du-port-dabidjan","status":"publish","type":"post","link":"https:\/\/www.africa-press.net\/cotedivoire\/toutes-les-actualites\/un-cartel-ne-respecterait-pas-le-prix-du-plafonnement-du-faux-thon-vers-la-paralysie-du-port-dabidjan","title":{"rendered":"Un \u00ab cartel \u00bb ne respecterait pas  le prix du  plafonnement du \u00ab faux thon \u00bb, vers la paralysie du port d&rsquo;Abidjan ?"},"content":{"rendered":"<p><span style=\"color: #ff6600\"><strong>Africa-Press &#8211; C\u00f4te d&rsquo;Ivoire. <\/strong><\/span>Conform\u00e9ment au d\u00e9cret du pr\u00e9sident de la R\u00e9publique sur le plafonnement du prix du \u00ab faux thon \u00bb, le prix ne serait pas respect\u00e9 au Port Autonome d\u2019Abidjan (PAA).<\/p>\n<p>Selon des acteurs qui ont relev\u00e9 cette information, un \u00ab cartel \u00bb domin\u00e9 par des ressortissants de la CEDEAO \u00ab foulent aux pieds le prix du thon \u00bb.<\/p>\n<p>Tel que fix\u00e9 par le d\u00e9cret, le faux thon doit \u00eatre vendu \u00e0 400 FCFA aux grossistes, \u00e0 600 FCFA aux semi-grossistes, 650 FCFA aux d\u00e9taillants, 850 FCFA aux consommateurs d\u2019Abidjan et 900 FCFA \u00e0 ceux qui sont \u00e0 plus de 300 km d\u2019Abidjan.<\/p>\n<p>\u00ab Le prix du poisson est entre 1200 FCFA et 1300 FCFA sur le march\u00e9 ici. Ce qui est en porte-\u00e0-faux avec le d\u00e9cret du pr\u00e9sident de la R\u00e9publique \u00bb d\u00e9noncent les plaignants, comme le rapporte un confr\u00e8re.<\/p>\n<p>Pour se faire entendre, ils envisageraient de paralyser le Port d\u2019Abidjan \u00e0 travers une marche le 20 ao\u00fbt 2022.<\/p>\n<p><strong>Pour plus d&rsquo;informations et d&rsquo;analyses sur la <a href=\"https:\/\/www.africa-press.net\/cotedivoire\">C\u00f4te d&rsquo;Ivoire<\/a>, suivez <a href=\"https:\/\/www.africa-press.net\/\">Africa-Press<\/a><\/strong><\/p>\n","protected":false},"excerpt":{"rendered":"<p>Africa-Press &#8211; C\u00f4te d&rsquo;Ivoire. Conform\u00e9ment au d\u00e9cret du pr\u00e9sident de la R\u00e9publique sur le plafonnement du prix du \u00ab faux thon \u00bb, le prix ne serait pas respect\u00e9 au Port Autonome d\u2019Abidjan (PAA). Selon des acteurs qui ont relev\u00e9 cette information, un \u00ab cartel \u00bb domin\u00e9 par des ressortissants de la CEDEAO \u00ab foulent aux [&hellip;]<\/p>\n","protected":false},"author":82,"featured_media":42836,"comment_status":"open","ping_status":"closed","sticky":false,"template":"","format":"standard","meta":{"footnotes":""},"categories":[21,11,10],"tags":[56,63,7248,1150,29,1746,7247,3644],"class_list":["post-42837","post","type-post","status-publish","format-standard","has-post-thumbnail","hentry","category-communaute","category-homepage-french","category-toutes-les-actualites","tag-africa-press","tag-africa-press-cote-divoire","tag-cartel","tag-cedeao","tag-cote-divoire","tag-decret","tag-faux-thon","tag-port-dabidjan"],"yoast_head":"<!-- This site is optimized with the Yoast SEO Premium plugin v26.1 (Yoast SEO v27.0) - https:\/\/yoast.com\/product\/yoast-seo-premium-wordpress\/ -->\n<title>Un \u00ab cartel \u00bb ne respecterait pas le prix du plafonnement du \u00ab faux thon \u00bb, vers la paralysie du port d&#039;Abidjan ? - C\u00f4te d&#039;Ivoire<\/title>\n<meta name=\"description\" content=\"Conform\u00e9ment au d\u00e9cret du pr\u00e9sident de la R\u00e9publique sur le plafonnement du prix du \u00ab faux thon \u00bb, le prix ne serait pas ...\" \/>\n<meta name=\"robots\" content=\"index, follow, max-snippet:-1, max-image-preview:large, max-video-preview:-1\" \/>\n<link rel=\"canonical\" href=\"https:\/\/www.africa-press.net\/cotedivoire\/toutes-les-actualites\/un-cartel-ne-respecterait-pas-le-prix-du-plafonnement-du-faux-thon-vers-la-paralysie-du-port-dabidjan\" \/>\n<meta property=\"og:locale\" content=\"fr_FR\" \/>\n<meta property=\"og:type\" content=\"article\" \/>\n<meta property=\"og:title\" content=\"Un \u00ab cartel \u00bb ne respecterait pas le prix du plafonnement du \u00ab faux thon \u00bb, vers la paralysie du port d&#039;Abidjan ?\" \/>\n<meta property=\"og:description\" content=\"Conform\u00e9ment au d\u00e9cret du pr\u00e9sident de la R\u00e9publique sur le plafonnement du prix du \u00ab faux thon \u00bb, le prix ne serait pas ...\" \/>\n<meta property=\"og:url\" content=\"https:\/\/www.africa-press.net\/cotedivoire\/toutes-les-actualites\/un-cartel-ne-respecterait-pas-le-prix-du-plafonnement-du-faux-thon-vers-la-paralysie-du-port-dabidjan\" \/>\n<meta property=\"og:site_name\" content=\"C\u00f4te d&#039;Ivoire\" \/>\n<meta property=\"article:published_time\" content=\"2022-08-11T17:35:15+00:00\" \/>\n<meta property=\"article:modified_time\" content=\"2022-08-11T18:08:26+00:00\" \/>\n<meta property=\"og:image\" content=\"https:\/\/static.africa-press.net\/cote\/sites\/43\/2022\/08\/postQueueImg_29-62f5458354216.jpg\" \/>\n\t<meta property=\"og:image:width\" content=\"720\" \/>\n\t<meta property=\"og:image:height\" content=\"480\" \/>\n\t<meta property=\"og:image:type\" content=\"image\/jpeg\" \/>\n<meta name=\"author\" content=\"cfeditorfr\" \/>\n<meta name=\"twitter:card\" content=\"summary_large_image\" \/>\n<meta name=\"twitter:label1\" content=\"\u00c9crit par\" \/>\n\t<meta name=\"twitter:data1\" content=\"cfeditorfr\" \/>\n\t<meta name=\"twitter:label2\" content=\"Dur\u00e9e de lecture estim\u00e9e\" \/>\n\t<meta name=\"twitter:data2\" content=\"1 minute\" \/>\n<script type=\"application\/ld+json\" class=\"yoast-schema-graph\">{\"@context\":\"https:\/\/schema.org\",\"@graph\":[{\"@type\":\"Article\",\"@id\":\"https:\/\/www.africa-press.net\/cotedivoire\/toutes-les-actualites\/un-cartel-ne-respecterait-pas-le-prix-du-plafonnement-du-faux-thon-vers-la-paralysie-du-port-dabidjan#article\",\"isPartOf\":{\"@id\":\"https:\/\/www.africa-press.net\/cotedivoire\/toutes-les-actualites\/un-cartel-ne-respecterait-pas-le-prix-du-plafonnement-du-faux-thon-vers-la-paralysie-du-port-dabidjan\"},\"author\":{\"name\":\"cfeditorfr\",\"@id\":\"https:\/\/www.africa-press.net\/cotedivoire\/#\/schema\/person\/2b1cf3cd81a31e3cd26889ca66d677f1\"},\"headline\":\"Un \u00ab cartel \u00bb ne respecterait pas le prix du plafonnement du \u00ab faux thon \u00bb, vers la paralysie du port d&rsquo;Abidjan ?\",\"datePublished\":\"2022-08-11T17:35:15+00:00\",\"dateModified\":\"2022-08-11T18:08:26+00:00\",\"mainEntityOfPage\":{\"@id\":\"https:\/\/www.africa-press.net\/cotedivoire\/toutes-les-actualites\/un-cartel-ne-respecterait-pas-le-prix-du-plafonnement-du-faux-thon-vers-la-paralysie-du-port-dabidjan\"},\"wordCount\":192,\"commentCount\":0,\"image\":{\"@id\":\"https:\/\/www.africa-press.net\/cotedivoire\/toutes-les-actualites\/un-cartel-ne-respecterait-pas-le-prix-du-plafonnement-du-faux-thon-vers-la-paralysie-du-port-dabidjan#primaryimage\"},\"thumbnailUrl\":\"https:\/\/static.africa-press.net\/cote\/sites\/43\/2022\/08\/postQueueImg_29-62f5458354216.jpg\",\"keywords\":[\"Africa Press\",\"Africa Press-C\u00f4te d'Ivoire\",\"cartel\",\"CEDEAO\",\"C\u00d4TE D'IVOIRE\",\"d\u00e9cret\",\"faux thon\",\"Port d'Abidjan\"],\"articleSection\":[\"Communaut\u00e9\",\"homepage-french\",\"Toutes les actualit\u00e9s\"],\"inLanguage\":\"fr-FR\",\"potentialAction\":[{\"@type\":\"CommentAction\",\"name\":\"Comment\",\"target\":[\"https:\/\/www.africa-press.net\/cotedivoire\/toutes-les-actualites\/un-cartel-ne-respecterait-pas-le-prix-du-plafonnement-du-faux-thon-vers-la-paralysie-du-port-dabidjan#respond\"]}]},{\"@type\":\"WebPage\",\"@id\":\"https:\/\/www.africa-press.net\/cotedivoire\/toutes-les-actualites\/un-cartel-ne-respecterait-pas-le-prix-du-plafonnement-du-faux-thon-vers-la-paralysie-du-port-dabidjan\",\"url\":\"https:\/\/www.africa-press.net\/cotedivoire\/toutes-les-actualites\/un-cartel-ne-respecterait-pas-le-prix-du-plafonnement-du-faux-thon-vers-la-paralysie-du-port-dabidjan\",\"name\":\"Un \u00ab cartel \u00bb ne respecterait pas le prix du plafonnement du \u00ab faux thon \u00bb, vers la paralysie du port d'Abidjan ? - C\u00f4te d&#039;Ivoire\",\"isPartOf\":{\"@id\":\"https:\/\/www.africa-press.net\/cotedivoire\/#website\"},\"primaryImageOfPage\":{\"@id\":\"https:\/\/www.africa-press.net\/cotedivoire\/toutes-les-actualites\/un-cartel-ne-respecterait-pas-le-prix-du-plafonnement-du-faux-thon-vers-la-paralysie-du-port-dabidjan#primaryimage\"},\"image\":{\"@id\":\"https:\/\/www.africa-press.net\/cotedivoire\/toutes-les-actualites\/un-cartel-ne-respecterait-pas-le-prix-du-plafonnement-du-faux-thon-vers-la-paralysie-du-port-dabidjan#primaryimage\"},\"thumbnailUrl\":\"https:\/\/static.africa-press.net\/cote\/sites\/43\/2022\/08\/postQueueImg_29-62f5458354216.jpg\",\"datePublished\":\"2022-08-11T17:35:15+00:00\",\"dateModified\":\"2022-08-11T18:08:26+00:00\",\"author\":{\"@id\":\"https:\/\/www.africa-press.net\/cotedivoire\/#\/schema\/person\/2b1cf3cd81a31e3cd26889ca66d677f1\"},\"description\":\"Conform\u00e9ment au d\u00e9cret du pr\u00e9sident de la R\u00e9publique sur le plafonnement du prix du \u00ab faux thon \u00bb, le prix ne serait pas ...\",\"breadcrumb\":{\"@id\":\"https:\/\/www.africa-press.net\/cotedivoire\/toutes-les-actualites\/un-cartel-ne-respecterait-pas-le-prix-du-plafonnement-du-faux-thon-vers-la-paralysie-du-port-dabidjan#breadcrumb\"},\"inLanguage\":\"fr-FR\",\"potentialAction\":[{\"@type\":\"ReadAction\",\"target\":[\"https:\/\/www.africa-press.net\/cotedivoire\/toutes-les-actualites\/un-cartel-ne-respecterait-pas-le-prix-du-plafonnement-du-faux-thon-vers-la-paralysie-du-port-dabidjan\"]}]},{\"@type\":\"ImageObject\",\"inLanguage\":\"fr-FR\",\"@id\":\"https:\/\/www.africa-press.net\/cotedivoire\/toutes-les-actualites\/un-cartel-ne-respecterait-pas-le-prix-du-plafonnement-du-faux-thon-vers-la-paralysie-du-port-dabidjan#primaryimage\",\"url\":\"https:\/\/static.africa-press.net\/cote\/sites\/43\/2022\/08\/postQueueImg_29-62f5458354216.jpg\",\"contentUrl\":\"https:\/\/static.africa-press.net\/cote\/sites\/43\/2022\/08\/postQueueImg_29-62f5458354216.jpg\",\"width\":720,\"height\":480,\"caption\":\"Un \u00ab cartel \u00bb ne respecterait pas le prix du plafonnement du \u00ab faux thon \u00bb, vers la paralysie du port d'Abidjan ?\"},{\"@type\":\"BreadcrumbList\",\"@id\":\"https:\/\/www.africa-press.net\/cotedivoire\/toutes-les-actualites\/un-cartel-ne-respecterait-pas-le-prix-du-plafonnement-du-faux-thon-vers-la-paralysie-du-port-dabidjan#breadcrumb\",\"itemListElement\":[{\"@type\":\"ListItem\",\"position\":1,\"name\":\"Accueil\",\"item\":\"https:\/\/www.africa-press.net\/cotedivoire\/\"},{\"@type\":\"ListItem\",\"position\":2,\"name\":\"Un \u00ab cartel \u00bb ne respecterait pas le prix du plafonnement du \u00ab faux thon \u00bb, vers la paralysie du port d&#8217;Abidjan ?\"}]},{\"@type\":\"WebSite\",\"@id\":\"https:\/\/www.africa-press.net\/cotedivoire\/#website\",\"url\":\"https:\/\/www.africa-press.net\/cotedivoire\/\",\"name\":\"C\u00f4te d&#039;Ivoire\",\"description\":\"Just another Africa News Agency Sites site\",\"potentialAction\":[{\"@type\":\"SearchAction\",\"target\":{\"@type\":\"EntryPoint\",\"urlTemplate\":\"https:\/\/www.africa-press.net\/cotedivoire\/?s={search_term_string}\"},\"query-input\":{\"@type\":\"PropertyValueSpecification\",\"valueRequired\":true,\"valueName\":\"search_term_string\"}}],\"inLanguage\":\"fr-FR\"},{\"@type\":\"Person\",\"@id\":\"https:\/\/www.africa-press.net\/cotedivoire\/#\/schema\/person\/2b1cf3cd81a31e3cd26889ca66d677f1\",\"name\":\"cfeditorfr\"}]}<\/script>\n<!-- \/ Yoast SEO Premium plugin. -->","yoast_head_json":{"title":"Un \u00ab cartel \u00bb ne respecterait pas le prix du plafonnement du \u00ab faux thon \u00bb, vers la paralysie du port d'Abidjan ? - C\u00f4te d&#039;Ivoire","description":"Conform\u00e9ment au d\u00e9cret du pr\u00e9sident de la R\u00e9publique sur le plafonnement du prix du \u00ab faux thon \u00bb, le prix ne serait pas ...","robots":{"index":"index","follow":"follow","max-snippet":"max-snippet:-1","max-image-preview":"max-image-preview:large","max-video-preview":"max-video-preview:-1"},"canonical":"https:\/\/www.africa-press.net\/cotedivoire\/toutes-les-actualites\/un-cartel-ne-respecterait-pas-le-prix-du-plafonnement-du-faux-thon-vers-la-paralysie-du-port-dabidjan","og_locale":"fr_FR","og_type":"article","og_title":"Un \u00ab cartel \u00bb ne respecterait pas le prix du plafonnement du \u00ab faux thon \u00bb, vers la paralysie du port d'Abidjan ?","og_description":"Conform\u00e9ment au d\u00e9cret du pr\u00e9sident de la R\u00e9publique sur le plafonnement du prix du \u00ab faux thon \u00bb, le prix ne serait pas ...","og_url":"https:\/\/www.africa-press.net\/cotedivoire\/toutes-les-actualites\/un-cartel-ne-respecterait-pas-le-prix-du-plafonnement-du-faux-thon-vers-la-paralysie-du-port-dabidjan","og_site_name":"C\u00f4te d&#039;Ivoire","article_published_time":"2022-08-11T17:35:15+00:00","article_modified_time":"2022-08-11T18:08:26+00:00","og_image":[{"width":720,"height":480,"url":"https:\/\/static.africa-press.net\/cote\/sites\/43\/2022\/08\/postQueueImg_29-62f5458354216.jpg","type":"image\/jpeg"}],"author":"cfeditorfr","twitter_card":"summary_large_image","twitter_misc":{"\u00c9crit par":"cfeditorfr","Dur\u00e9e de lecture estim\u00e9e":"1 minute"},"schema":{"@context":"https:\/\/schema.org","@graph":[{"@type":"Article","@id":"https:\/\/www.africa-press.net\/cotedivoire\/toutes-les-actualites\/un-cartel-ne-respecterait-pas-le-prix-du-plafonnement-du-faux-thon-vers-la-paralysie-du-port-dabidjan#article","isPartOf":{"@id":"https:\/\/www.africa-press.net\/cotedivoire\/toutes-les-actualites\/un-cartel-ne-respecterait-pas-le-prix-du-plafonnement-du-faux-thon-vers-la-paralysie-du-port-dabidjan"},"author":{"name":"cfeditorfr","@id":"https:\/\/www.africa-press.net\/cotedivoire\/#\/schema\/person\/2b1cf3cd81a31e3cd26889ca66d677f1"},"headline":"Un \u00ab cartel \u00bb ne respecterait pas le prix du plafonnement du \u00ab faux thon \u00bb, vers la paralysie du port d&rsquo;Abidjan ?","datePublished":"2022-08-11T17:35:15+00:00","dateModified":"2022-08-11T18:08:26+00:00","mainEntityOfPage":{"@id":"https:\/\/www.africa-press.net\/cotedivoire\/toutes-les-actualites\/un-cartel-ne-respecterait-pas-le-prix-du-plafonnement-du-faux-thon-vers-la-paralysie-du-port-dabidjan"},"wordCount":192,"commentCount":0,"image":{"@id":"https:\/\/www.africa-press.net\/cotedivoire\/toutes-les-actualites\/un-cartel-ne-respecterait-pas-le-prix-du-plafonnement-du-faux-thon-vers-la-paralysie-du-port-dabidjan#primaryimage"},"thumbnailUrl":"https:\/\/static.africa-press.net\/cote\/sites\/43\/2022\/08\/postQueueImg_29-62f5458354216.jpg","keywords":["Africa Press","Africa Press-C\u00f4te d'Ivoire","cartel","CEDEAO","C\u00d4TE D'IVOIRE","d\u00e9cret","faux thon","Port d'Abidjan"],"articleSection":["Communaut\u00e9","homepage-french","Toutes les actualit\u00e9s"],"inLanguage":"fr-FR","potentialAction":[{"@type":"CommentAction","name":"Comment","target":["https:\/\/www.africa-press.net\/cotedivoire\/toutes-les-actualites\/un-cartel-ne-respecterait-pas-le-prix-du-plafonnement-du-faux-thon-vers-la-paralysie-du-port-dabidjan#respond"]}]},{"@type":"WebPage","@id":"https:\/\/www.africa-press.net\/cotedivoire\/toutes-les-actualites\/un-cartel-ne-respecterait-pas-le-prix-du-plafonnement-du-faux-thon-vers-la-paralysie-du-port-dabidjan","url":"https:\/\/www.africa-press.net\/cotedivoire\/toutes-les-actualites\/un-cartel-ne-respecterait-pas-le-prix-du-plafonnement-du-faux-thon-vers-la-paralysie-du-port-dabidjan","name":"Un \u00ab cartel \u00bb ne respecterait pas le prix du plafonnement du \u00ab faux thon \u00bb, vers la paralysie du port d'Abidjan ? - C\u00f4te d&#039;Ivoire","isPartOf":{"@id":"https:\/\/www.africa-press.net\/cotedivoire\/#website"},"primaryImageOfPage":{"@id":"https:\/\/www.africa-press.net\/cotedivoire\/toutes-les-actualites\/un-cartel-ne-respecterait-pas-le-prix-du-plafonnement-du-faux-thon-vers-la-paralysie-du-port-dabidjan#primaryimage"},"image":{"@id":"https:\/\/www.africa-press.net\/cotedivoire\/toutes-les-actualites\/un-cartel-ne-respecterait-pas-le-prix-du-plafonnement-du-faux-thon-vers-la-paralysie-du-port-dabidjan#primaryimage"},"thumbnailUrl":"https:\/\/static.africa-press.net\/cote\/sites\/43\/2022\/08\/postQueueImg_29-62f5458354216.jpg","datePublished":"2022-08-11T17:35:15+00:00","dateModified":"2022-08-11T18:08:26+00:00","author":{"@id":"https:\/\/www.africa-press.net\/cotedivoire\/#\/schema\/person\/2b1cf3cd81a31e3cd26889ca66d677f1"},"description":"Conform\u00e9ment au d\u00e9cret du pr\u00e9sident de la R\u00e9publique sur le plafonnement du prix du \u00ab faux thon \u00bb, le prix ne serait pas ...","breadcrumb":{"@id":"https:\/\/www.africa-press.net\/cotedivoire\/toutes-les-actualites\/un-cartel-ne-respecterait-pas-le-prix-du-plafonnement-du-faux-thon-vers-la-paralysie-du-port-dabidjan#breadcrumb"},"inLanguage":"fr-FR","potentialAction":[{"@type":"ReadAction","target":["https:\/\/www.africa-press.net\/cotedivoire\/toutes-les-actualites\/un-cartel-ne-respecterait-pas-le-prix-du-plafonnement-du-faux-thon-vers-la-paralysie-du-port-dabidjan"]}]},{"@type":"ImageObject","inLanguage":"fr-FR","@id":"https:\/\/www.africa-press.net\/cotedivoire\/toutes-les-actualites\/un-cartel-ne-respecterait-pas-le-prix-du-plafonnement-du-faux-thon-vers-la-paralysie-du-port-dabidjan#primaryimage","url":"https:\/\/static.africa-press.net\/cote\/sites\/43\/2022\/08\/postQueueImg_29-62f5458354216.jpg","contentUrl":"https:\/\/static.africa-press.net\/cote\/sites\/43\/2022\/08\/postQueueImg_29-62f5458354216.jpg","width":720,"height":480,"caption":"Un \u00ab cartel \u00bb ne respecterait pas le prix du plafonnement du \u00ab faux thon \u00bb, vers la paralysie du port d'Abidjan ?"},{"@type":"BreadcrumbList","@id":"https:\/\/www.africa-press.net\/cotedivoire\/toutes-les-actualites\/un-cartel-ne-respecterait-pas-le-prix-du-plafonnement-du-faux-thon-vers-la-paralysie-du-port-dabidjan#breadcrumb","itemListElement":[{"@type":"ListItem","position":1,"name":"Accueil","item":"https:\/\/www.africa-press.net\/cotedivoire\/"},{"@type":"ListItem","position":2,"name":"Un \u00ab cartel \u00bb ne respecterait pas le prix du plafonnement du \u00ab faux thon \u00bb, vers la paralysie du port d&#8217;Abidjan ?"}]},{"@type":"WebSite","@id":"https:\/\/www.africa-press.net\/cotedivoire\/#website","url":"https:\/\/www.africa-press.net\/cotedivoire\/","name":"C\u00f4te d&#039;Ivoire","description":"Just another Africa News Agency Sites site","potentialAction":[{"@type":"SearchAction","target":{"@type":"EntryPoint","urlTemplate":"https:\/\/www.africa-press.net\/cotedivoire\/?s={search_term_string}"},"query-input":{"@type":"PropertyValueSpecification","valueRequired":true,"valueName":"search_term_string"}}],"inLanguage":"fr-FR"},{"@type":"Person","@id":"https:\/\/www.africa-press.net\/cotedivoire\/#\/schema\/person\/2b1cf3cd81a31e3cd26889ca66d677f1","name":"cfeditorfr"}]}},"_links":{"self":[{"href":"https:\/\/www.africa-press.net\/cotedivoire\/wp-json\/wp\/v2\/posts\/42837","targetHints":{"allow":["GET"]}}],"collection":[{"href":"https:\/\/www.africa-press.net\/cotedivoire\/wp-json\/wp\/v2\/posts"}],"about":[{"href":"https:\/\/www.africa-press.net\/cotedivoire\/wp-json\/wp\/v2\/types\/post"}],"author":[{"embeddable":true,"href":"https:\/\/www.africa-press.net\/cotedivoire\/wp-json\/wp\/v2\/users\/82"}],"replies":[{"embeddable":true,"href":"https:\/\/www.africa-press.net\/cotedivoire\/wp-json\/wp\/v2\/comments?post=42837"}],"version-history":[{"count":0,"href":"https:\/\/www.africa-press.net\/cotedivoire\/wp-json\/wp\/v2\/posts\/42837\/revisions"}],"wp:featuredmedia":[{"embeddable":true,"href":"https:\/\/www.africa-press.net\/cotedivoire\/wp-json\/wp\/v2\/media\/42836"}],"wp:attachment":[{"href":"https:\/\/www.africa-press.net\/cotedivoire\/wp-json\/wp\/v2\/media?parent=42837"}],"wp:term":[{"taxonomy":"category","embeddable":true,"href":"https:\/\/www.africa-press.net\/cotedivoire\/wp-json\/wp\/v2\/categories?post=42837"},{"taxonomy":"post_tag","embeddable":true,"href":"https:\/\/www.africa-press.net\/cotedivoire\/wp-json\/wp\/v2\/tags?post=42837"}],"curies":[{"name":"wp","href":"https:\/\/api.w.org\/{rel}","templated":true}]}}