{"id":42892,"date":"2022-08-12T16:18:23","date_gmt":"2022-08-12T16:18:23","guid":{"rendered":"https:\/\/www.africa-press.net\/cotedivoire\/politique\/municipale-a-venir-a-bouafle-selon-hugues-ndia-koffi-le-pdci-rda-ne-bouge-pas-comme-par-le-passe"},"modified":"2022-08-12T16:42:58","modified_gmt":"2022-08-12T16:42:58","slug":"municipale-a-venir-a-bouafle-selon-hugues-ndia-koffi-le-pdci-rda-ne-bouge-pas-comme-par-le-passe","status":"publish","type":"post","link":"https:\/\/www.africa-press.net\/cotedivoire\/politique\/municipale-a-venir-a-bouafle-selon-hugues-ndia-koffi-le-pdci-rda-ne-bouge-pas-comme-par-le-passe","title":{"rendered":"Municipale \u00e0 venir \u00e0 Bouafl\u00e9, selon Hugues N&rsquo;Dia Koffi \u00ab Le PDCI-RDA ne bouge pas comme par le pass\u00e9 \u00bb"},"content":{"rendered":"<p><span style=\"color: #ff6600\"><strong>Africa-Press &#8211; C\u00f4te d&rsquo;Ivoire. <\/strong><\/span>Hugues N&rsquo;Dia Koffi n&rsquo;est pas content de la fa\u00e7on dont le PDCI-RDA est g\u00e9r\u00e9 dans la commune de Bouafl\u00e9 depuis le d\u00e9c\u00e8s de l&rsquo;ancien maire de ladite localit\u00e9, Lehi\u00e9 Bi Lucien. Il a manifest\u00e9 son m\u00e9contentement au cours d&rsquo;un point de presse ce mercredi 10 ao\u00fbt 2022 \u00e0 Bouafl\u00e9.<\/p>\n<p>Selon l&rsquo;adjoint au maire de la commune de Bouafl\u00e9, depuis le d\u00e9c\u00e8s de Dr Lehi\u00e9 Bi Lucien, \u00ab le PDCI-RDA ne bouge pas comme par le pass\u00e9.\u00bb Il a souhait\u00e9 que la d\u00e9l\u00e9gation communale du PDCI-RDA de Bouafl\u00e9 sorte du laxisme qui la gangr\u00e8ne par le n\u00e9potisme dans lequel il est install\u00e9.<\/p>\n<p>Se pr\u00e9sentant comme une alternative pour le PDCI-RDA, il s&rsquo;est dit apte \u00e0 apporter son exp\u00e9rience pour le rayonnement du plus vieux parti politique ivoirien \u00e0 Bouafl\u00e9.<\/p>\n<p>\u00ab Apr\u00e8s le d\u00e9c\u00e8s de Lehi\u00e9 Bi Lucien, nous avions dit que nous laissons la succession au maire actuel. Mais nous estimons que nous avons l&rsquo;h\u00e9ritage du maire Lehi\u00e9 Bi Lucien puisque nous avons \u00e9t\u00e9 form\u00e9s par Yves N&rsquo;Dia, le pr\u00e9sident Charles Koffi Diby et ensuite Lehi\u00e9 Bi Lucien en tant que responsable politique et cadre du PDCI-RDA. Ceci pour dire que nous avons beaucoup appris. Et que cette exp\u00e9rience, nous pouvons la mettre au service des populations.\u00bb a expliqu\u00e9 l&rsquo;adjoint au maire.<\/p>\n<p>Aussi, il a d\u00e9nonc\u00e9 le probl\u00e8me de coh\u00e9sion qui mine la d\u00e9l\u00e9gation communale du PDCI-RDA de Bouafl\u00e9.<\/p>\n<p>\u00ab Je voudrais insister sur la coh\u00e9sion entre nous cadres, si nous voulons maintenir cette supr\u00e9matie. Mais, malheureusement, la coh\u00e9sion ne se d\u00e9cr\u00e8te pas. Elle rel\u00e8ve de la volont\u00e9 d&rsquo;une personne d&rsquo;associer les autres pour un but commun. D\u00e8s l&rsquo;instant que vous avez un leader qui a des pouvoirs et qui d\u00e9cide de les utiliser \u00e0 des fins personnelles, cela \u00e9corche forc\u00e9ment la coh\u00e9sion. \u00c0 une \u00e9lection, si dans une \u00e9lection il y a beaucoup de candidats, cela voudrait dire que le d\u00e9l\u00e9gu\u00e9 lui-m\u00eame pose probl\u00e8me. Mais, s&rsquo;il comprend cette r\u00e9alit\u00e9, il peut juguler certaines vell\u00e9it\u00e9s de candidature.\u00bb a-t-il d\u00e9nonc\u00e9.<\/p>\n<p>Membre du bureau du parti du pr\u00e9sident B\u00e9di\u00e9, il a souhait\u00e9 que le mode du choix des candidats qui vont repr\u00e9senter le PDCI-RDA aux futures \u00e9lections, soit \u00e0 l&rsquo;image du pr\u00e9sident Henri Konan B\u00e9di\u00e9.<\/p>\n<p>\u00ab Voyez-vous, le pr\u00e9sident Henri Konan B\u00e9di\u00e9, tous les niveaux qu&rsquo;il a eu \u00e0 gravir, c&rsquo;est par le m\u00e9rite. C&rsquo;est un combattant aguerri. Qu&rsquo;elle que soit l&rsquo;ambition qu&rsquo;un militant peut porter, si les s\u00e9lections de candidats sont faites en toute transparence, je ne pense pas que cela puisse g\u00e9n\u00e9rer une quelconque contestation.\u00bb a-t-il indiqu\u00e9.<\/p>\n<p>Tout en f\u00e9licitant le pr\u00e9sident du PDCI-RDA qui a mis en place ce m\u00e9canisme de choix des candidats, il a dit faire enti\u00e8rement confiance aux responsables en charge des \u00e9lections. \u00ab Les candidats ind\u00e9pendants sont souvent le fruit d&rsquo;une injustice et d&rsquo;une spoliation.\u00bb a laiss\u00e9 entendre le d\u00e9put\u00e9 suppl\u00e9ant de la sous-pr\u00e9fecture de Bouafl\u00e9.<\/p>\n<p>Hugues N&rsquo;Dia Koffi tout en pla\u00e7ant sa candidature sous le sceau de la r\u00e9conciliation vraie et de servir la population de Bouafl\u00e9, a demand\u00e9 aux militants du PDCI-RDA de rester mobilis\u00e9s, sereins, et solides. \u00ab Notre candidature marquera le retour d&rsquo;un PDCI-RDA plus solide et renforcera la vision du P\u00e8re fondateur dans ces l\u00e9gitimes bases.\u00bb a-t-il conclu.<\/p>\n<p><strong>Pour plus d&rsquo;informations et d&rsquo;analyses sur la <a href=\"https:\/\/www.africa-press.net\/cotedivoire\">C\u00f4te d&rsquo;Ivoire<\/a>, suivez <a href=\"https:\/\/www.africa-press.net\/\">Africa-Press<\/a><\/strong><\/p>\n","protected":false},"excerpt":{"rendered":"<p>Africa-Press &#8211; C\u00f4te d&rsquo;Ivoire. Hugues N&rsquo;Dia Koffi n&rsquo;est pas content de la fa\u00e7on dont le PDCI-RDA est g\u00e9r\u00e9 dans la commune de Bouafl\u00e9 depuis le d\u00e9c\u00e8s de l&rsquo;ancien maire de ladite localit\u00e9, Lehi\u00e9 Bi Lucien. Il a manifest\u00e9 son m\u00e9contentement au cours d&rsquo;un point de presse ce mercredi 10 ao\u00fbt 2022 \u00e0 Bouafl\u00e9. Selon l&rsquo;adjoint [&hellip;]<\/p>\n","protected":false},"author":82,"featured_media":42891,"comment_status":"open","ping_status":"closed","sticky":false,"template":"","format":"standard","meta":{"footnotes":""},"categories":[11,2,10],"tags":[56,63,1803,29,7252,7253,1759,739],"class_list":["post-42892","post","type-post","status-publish","format-standard","has-post-thumbnail","hentry","category-homepage-french","category-politique","category-toutes-les-actualites","tag-africa-press","tag-africa-press-cote-divoire","tag-bouafle","tag-cote-divoire","tag-hugues-ndia-koffi","tag-lehie-bi-lucien","tag-maire","tag-pdci-rda"],"yoast_head":"<!-- This site is optimized with the Yoast SEO Premium plugin v26.1 (Yoast SEO v27.0) - https:\/\/yoast.com\/product\/yoast-seo-premium-wordpress\/ -->\n<title>Municipale \u00e0 venir \u00e0 Bouafl\u00e9, selon Hugues N&#039;Dia Koffi \u00ab Le PDCI-RDA ne bouge pas comme par le pass\u00e9 \u00bb - C\u00f4te d&#039;Ivoire<\/title>\n<meta name=\"description\" content=\"Hugues N&#039;Dia Koffi n&#039;est pas content de la fa\u00e7on dont le PDCI-RDA est g\u00e9r\u00e9 dans la commune de Bouafl\u00e9 depuis le d\u00e9c\u00e8s de ...\" \/>\n<meta name=\"robots\" content=\"index, follow, max-snippet:-1, max-image-preview:large, max-video-preview:-1\" \/>\n<link rel=\"canonical\" href=\"https:\/\/www.africa-press.net\/cotedivoire\/politique\/municipale-a-venir-a-bouafle-selon-hugues-ndia-koffi-le-pdci-rda-ne-bouge-pas-comme-par-le-passe\" \/>\n<meta property=\"og:locale\" content=\"fr_FR\" \/>\n<meta property=\"og:type\" content=\"article\" \/>\n<meta property=\"og:title\" content=\"Municipale \u00e0 venir \u00e0 Bouafl\u00e9, selon Hugues N&#039;Dia Koffi \u00ab Le PDCI-RDA ne bouge pas comme par le pass\u00e9 \u00bb\" \/>\n<meta property=\"og:description\" content=\"Hugues N&#039;Dia Koffi n&#039;est pas content de la fa\u00e7on dont le PDCI-RDA est g\u00e9r\u00e9 dans la commune de Bouafl\u00e9 depuis le d\u00e9c\u00e8s de ...\" \/>\n<meta property=\"og:url\" content=\"https:\/\/www.africa-press.net\/cotedivoire\/politique\/municipale-a-venir-a-bouafle-selon-hugues-ndia-koffi-le-pdci-rda-ne-bouge-pas-comme-par-le-passe\" \/>\n<meta property=\"og:site_name\" content=\"C\u00f4te d&#039;Ivoire\" \/>\n<meta property=\"article:published_time\" content=\"2022-08-12T16:18:23+00:00\" \/>\n<meta property=\"article:modified_time\" content=\"2022-08-12T16:42:58+00:00\" \/>\n<meta property=\"og:image\" content=\"https:\/\/static.africa-press.net\/cote\/sites\/43\/2022\/08\/postQueueImg_21-62f682f9eb05f.jpg\" \/>\n\t<meta property=\"og:image:width\" content=\"720\" \/>\n\t<meta property=\"og:image:height\" content=\"405\" \/>\n\t<meta property=\"og:image:type\" content=\"image\/jpeg\" \/>\n<meta name=\"author\" content=\"cfeditorfr\" \/>\n<meta name=\"twitter:card\" content=\"summary_large_image\" \/>\n<meta name=\"twitter:label1\" content=\"\u00c9crit par\" \/>\n\t<meta name=\"twitter:data1\" content=\"cfeditorfr\" \/>\n\t<meta name=\"twitter:label2\" content=\"Dur\u00e9e de lecture estim\u00e9e\" \/>\n\t<meta name=\"twitter:data2\" content=\"3 minutes\" \/>\n<script type=\"application\/ld+json\" class=\"yoast-schema-graph\">{\"@context\":\"https:\/\/schema.org\",\"@graph\":[{\"@type\":\"Article\",\"@id\":\"https:\/\/www.africa-press.net\/cotedivoire\/politique\/municipale-a-venir-a-bouafle-selon-hugues-ndia-koffi-le-pdci-rda-ne-bouge-pas-comme-par-le-passe#article\",\"isPartOf\":{\"@id\":\"https:\/\/www.africa-press.net\/cotedivoire\/politique\/municipale-a-venir-a-bouafle-selon-hugues-ndia-koffi-le-pdci-rda-ne-bouge-pas-comme-par-le-passe\"},\"author\":{\"name\":\"cfeditorfr\",\"@id\":\"https:\/\/www.africa-press.net\/cotedivoire\/#\/schema\/person\/2b1cf3cd81a31e3cd26889ca66d677f1\"},\"headline\":\"Municipale \u00e0 venir \u00e0 Bouafl\u00e9, selon Hugues N&rsquo;Dia Koffi \u00ab Le PDCI-RDA ne bouge pas comme par le pass\u00e9 \u00bb\",\"datePublished\":\"2022-08-12T16:18:23+00:00\",\"dateModified\":\"2022-08-12T16:42:58+00:00\",\"mainEntityOfPage\":{\"@id\":\"https:\/\/www.africa-press.net\/cotedivoire\/politique\/municipale-a-venir-a-bouafle-selon-hugues-ndia-koffi-le-pdci-rda-ne-bouge-pas-comme-par-le-passe\"},\"wordCount\":642,\"commentCount\":0,\"image\":{\"@id\":\"https:\/\/www.africa-press.net\/cotedivoire\/politique\/municipale-a-venir-a-bouafle-selon-hugues-ndia-koffi-le-pdci-rda-ne-bouge-pas-comme-par-le-passe#primaryimage\"},\"thumbnailUrl\":\"https:\/\/static.africa-press.net\/cote\/sites\/43\/2022\/08\/postQueueImg_21-62f682f9eb05f.jpg\",\"keywords\":[\"Africa Press\",\"Africa Press-C\u00f4te d'Ivoire\",\"Bouafl\u00e9\",\"C\u00d4TE D'IVOIRE\",\"Hugues N'Dia Koffi\",\"Lehi\u00e9 Bi Lucien\",\"Maire\",\"PDCI-RDA\"],\"articleSection\":[\"homepage-french\",\"Politique\",\"Toutes les actualit\u00e9s\"],\"inLanguage\":\"fr-FR\",\"potentialAction\":[{\"@type\":\"CommentAction\",\"name\":\"Comment\",\"target\":[\"https:\/\/www.africa-press.net\/cotedivoire\/politique\/municipale-a-venir-a-bouafle-selon-hugues-ndia-koffi-le-pdci-rda-ne-bouge-pas-comme-par-le-passe#respond\"]}]},{\"@type\":\"WebPage\",\"@id\":\"https:\/\/www.africa-press.net\/cotedivoire\/politique\/municipale-a-venir-a-bouafle-selon-hugues-ndia-koffi-le-pdci-rda-ne-bouge-pas-comme-par-le-passe\",\"url\":\"https:\/\/www.africa-press.net\/cotedivoire\/politique\/municipale-a-venir-a-bouafle-selon-hugues-ndia-koffi-le-pdci-rda-ne-bouge-pas-comme-par-le-passe\",\"name\":\"Municipale \u00e0 venir \u00e0 Bouafl\u00e9, selon Hugues N'Dia Koffi \u00ab Le PDCI-RDA ne bouge pas comme par le pass\u00e9 \u00bb - C\u00f4te d&#039;Ivoire\",\"isPartOf\":{\"@id\":\"https:\/\/www.africa-press.net\/cotedivoire\/#website\"},\"primaryImageOfPage\":{\"@id\":\"https:\/\/www.africa-press.net\/cotedivoire\/politique\/municipale-a-venir-a-bouafle-selon-hugues-ndia-koffi-le-pdci-rda-ne-bouge-pas-comme-par-le-passe#primaryimage\"},\"image\":{\"@id\":\"https:\/\/www.africa-press.net\/cotedivoire\/politique\/municipale-a-venir-a-bouafle-selon-hugues-ndia-koffi-le-pdci-rda-ne-bouge-pas-comme-par-le-passe#primaryimage\"},\"thumbnailUrl\":\"https:\/\/static.africa-press.net\/cote\/sites\/43\/2022\/08\/postQueueImg_21-62f682f9eb05f.jpg\",\"datePublished\":\"2022-08-12T16:18:23+00:00\",\"dateModified\":\"2022-08-12T16:42:58+00:00\",\"author\":{\"@id\":\"https:\/\/www.africa-press.net\/cotedivoire\/#\/schema\/person\/2b1cf3cd81a31e3cd26889ca66d677f1\"},\"description\":\"Hugues N'Dia Koffi n'est pas content de la fa\u00e7on dont le PDCI-RDA est g\u00e9r\u00e9 dans la commune de Bouafl\u00e9 depuis le d\u00e9c\u00e8s de ...\",\"breadcrumb\":{\"@id\":\"https:\/\/www.africa-press.net\/cotedivoire\/politique\/municipale-a-venir-a-bouafle-selon-hugues-ndia-koffi-le-pdci-rda-ne-bouge-pas-comme-par-le-passe#breadcrumb\"},\"inLanguage\":\"fr-FR\",\"potentialAction\":[{\"@type\":\"ReadAction\",\"target\":[\"https:\/\/www.africa-press.net\/cotedivoire\/politique\/municipale-a-venir-a-bouafle-selon-hugues-ndia-koffi-le-pdci-rda-ne-bouge-pas-comme-par-le-passe\"]}]},{\"@type\":\"ImageObject\",\"inLanguage\":\"fr-FR\",\"@id\":\"https:\/\/www.africa-press.net\/cotedivoire\/politique\/municipale-a-venir-a-bouafle-selon-hugues-ndia-koffi-le-pdci-rda-ne-bouge-pas-comme-par-le-passe#primaryimage\",\"url\":\"https:\/\/static.africa-press.net\/cote\/sites\/43\/2022\/08\/postQueueImg_21-62f682f9eb05f.jpg\",\"contentUrl\":\"https:\/\/static.africa-press.net\/cote\/sites\/43\/2022\/08\/postQueueImg_21-62f682f9eb05f.jpg\",\"width\":720,\"height\":405,\"caption\":\"Municipale \u00e0 venir \u00e0 Bouafl\u00e9, selon Hugues N'Dia Koffi \u00ab Le PDCI-RDA ne bouge pas comme par le pass\u00e9 \u00bb\"},{\"@type\":\"BreadcrumbList\",\"@id\":\"https:\/\/www.africa-press.net\/cotedivoire\/politique\/municipale-a-venir-a-bouafle-selon-hugues-ndia-koffi-le-pdci-rda-ne-bouge-pas-comme-par-le-passe#breadcrumb\",\"itemListElement\":[{\"@type\":\"ListItem\",\"position\":1,\"name\":\"Accueil\",\"item\":\"https:\/\/www.africa-press.net\/cotedivoire\/\"},{\"@type\":\"ListItem\",\"position\":2,\"name\":\"Municipale \u00e0 venir \u00e0 Bouafl\u00e9, selon Hugues N&#8217;Dia Koffi \u00ab Le PDCI-RDA ne bouge pas comme par le pass\u00e9 \u00bb\"}]},{\"@type\":\"WebSite\",\"@id\":\"https:\/\/www.africa-press.net\/cotedivoire\/#website\",\"url\":\"https:\/\/www.africa-press.net\/cotedivoire\/\",\"name\":\"C\u00f4te d&#039;Ivoire\",\"description\":\"Just another Africa News Agency Sites site\",\"potentialAction\":[{\"@type\":\"SearchAction\",\"target\":{\"@type\":\"EntryPoint\",\"urlTemplate\":\"https:\/\/www.africa-press.net\/cotedivoire\/?s={search_term_string}\"},\"query-input\":{\"@type\":\"PropertyValueSpecification\",\"valueRequired\":true,\"valueName\":\"search_term_string\"}}],\"inLanguage\":\"fr-FR\"},{\"@type\":\"Person\",\"@id\":\"https:\/\/www.africa-press.net\/cotedivoire\/#\/schema\/person\/2b1cf3cd81a31e3cd26889ca66d677f1\",\"name\":\"cfeditorfr\"}]}<\/script>\n<!-- \/ Yoast SEO Premium plugin. -->","yoast_head_json":{"title":"Municipale \u00e0 venir \u00e0 Bouafl\u00e9, selon Hugues N'Dia Koffi \u00ab Le PDCI-RDA ne bouge pas comme par le pass\u00e9 \u00bb - C\u00f4te d&#039;Ivoire","description":"Hugues N'Dia Koffi n'est pas content de la fa\u00e7on dont le PDCI-RDA est g\u00e9r\u00e9 dans la commune de Bouafl\u00e9 depuis le d\u00e9c\u00e8s de ...","robots":{"index":"index","follow":"follow","max-snippet":"max-snippet:-1","max-image-preview":"max-image-preview:large","max-video-preview":"max-video-preview:-1"},"canonical":"https:\/\/www.africa-press.net\/cotedivoire\/politique\/municipale-a-venir-a-bouafle-selon-hugues-ndia-koffi-le-pdci-rda-ne-bouge-pas-comme-par-le-passe","og_locale":"fr_FR","og_type":"article","og_title":"Municipale \u00e0 venir \u00e0 Bouafl\u00e9, selon Hugues N'Dia Koffi \u00ab Le PDCI-RDA ne bouge pas comme par le pass\u00e9 \u00bb","og_description":"Hugues N'Dia Koffi n'est pas content de la fa\u00e7on dont le PDCI-RDA est g\u00e9r\u00e9 dans la commune de Bouafl\u00e9 depuis le d\u00e9c\u00e8s de ...","og_url":"https:\/\/www.africa-press.net\/cotedivoire\/politique\/municipale-a-venir-a-bouafle-selon-hugues-ndia-koffi-le-pdci-rda-ne-bouge-pas-comme-par-le-passe","og_site_name":"C\u00f4te d&#039;Ivoire","article_published_time":"2022-08-12T16:18:23+00:00","article_modified_time":"2022-08-12T16:42:58+00:00","og_image":[{"width":720,"height":405,"url":"https:\/\/static.africa-press.net\/cote\/sites\/43\/2022\/08\/postQueueImg_21-62f682f9eb05f.jpg","type":"image\/jpeg"}],"author":"cfeditorfr","twitter_card":"summary_large_image","twitter_misc":{"\u00c9crit par":"cfeditorfr","Dur\u00e9e de lecture estim\u00e9e":"3 minutes"},"schema":{"@context":"https:\/\/schema.org","@graph":[{"@type":"Article","@id":"https:\/\/www.africa-press.net\/cotedivoire\/politique\/municipale-a-venir-a-bouafle-selon-hugues-ndia-koffi-le-pdci-rda-ne-bouge-pas-comme-par-le-passe#article","isPartOf":{"@id":"https:\/\/www.africa-press.net\/cotedivoire\/politique\/municipale-a-venir-a-bouafle-selon-hugues-ndia-koffi-le-pdci-rda-ne-bouge-pas-comme-par-le-passe"},"author":{"name":"cfeditorfr","@id":"https:\/\/www.africa-press.net\/cotedivoire\/#\/schema\/person\/2b1cf3cd81a31e3cd26889ca66d677f1"},"headline":"Municipale \u00e0 venir \u00e0 Bouafl\u00e9, selon Hugues N&rsquo;Dia Koffi \u00ab Le PDCI-RDA ne bouge pas comme par le pass\u00e9 \u00bb","datePublished":"2022-08-12T16:18:23+00:00","dateModified":"2022-08-12T16:42:58+00:00","mainEntityOfPage":{"@id":"https:\/\/www.africa-press.net\/cotedivoire\/politique\/municipale-a-venir-a-bouafle-selon-hugues-ndia-koffi-le-pdci-rda-ne-bouge-pas-comme-par-le-passe"},"wordCount":642,"commentCount":0,"image":{"@id":"https:\/\/www.africa-press.net\/cotedivoire\/politique\/municipale-a-venir-a-bouafle-selon-hugues-ndia-koffi-le-pdci-rda-ne-bouge-pas-comme-par-le-passe#primaryimage"},"thumbnailUrl":"https:\/\/static.africa-press.net\/cote\/sites\/43\/2022\/08\/postQueueImg_21-62f682f9eb05f.jpg","keywords":["Africa Press","Africa Press-C\u00f4te d'Ivoire","Bouafl\u00e9","C\u00d4TE D'IVOIRE","Hugues N'Dia Koffi","Lehi\u00e9 Bi Lucien","Maire","PDCI-RDA"],"articleSection":["homepage-french","Politique","Toutes les actualit\u00e9s"],"inLanguage":"fr-FR","potentialAction":[{"@type":"CommentAction","name":"Comment","target":["https:\/\/www.africa-press.net\/cotedivoire\/politique\/municipale-a-venir-a-bouafle-selon-hugues-ndia-koffi-le-pdci-rda-ne-bouge-pas-comme-par-le-passe#respond"]}]},{"@type":"WebPage","@id":"https:\/\/www.africa-press.net\/cotedivoire\/politique\/municipale-a-venir-a-bouafle-selon-hugues-ndia-koffi-le-pdci-rda-ne-bouge-pas-comme-par-le-passe","url":"https:\/\/www.africa-press.net\/cotedivoire\/politique\/municipale-a-venir-a-bouafle-selon-hugues-ndia-koffi-le-pdci-rda-ne-bouge-pas-comme-par-le-passe","name":"Municipale \u00e0 venir \u00e0 Bouafl\u00e9, selon Hugues N'Dia Koffi \u00ab Le PDCI-RDA ne bouge pas comme par le pass\u00e9 \u00bb - C\u00f4te d&#039;Ivoire","isPartOf":{"@id":"https:\/\/www.africa-press.net\/cotedivoire\/#website"},"primaryImageOfPage":{"@id":"https:\/\/www.africa-press.net\/cotedivoire\/politique\/municipale-a-venir-a-bouafle-selon-hugues-ndia-koffi-le-pdci-rda-ne-bouge-pas-comme-par-le-passe#primaryimage"},"image":{"@id":"https:\/\/www.africa-press.net\/cotedivoire\/politique\/municipale-a-venir-a-bouafle-selon-hugues-ndia-koffi-le-pdci-rda-ne-bouge-pas-comme-par-le-passe#primaryimage"},"thumbnailUrl":"https:\/\/static.africa-press.net\/cote\/sites\/43\/2022\/08\/postQueueImg_21-62f682f9eb05f.jpg","datePublished":"2022-08-12T16:18:23+00:00","dateModified":"2022-08-12T16:42:58+00:00","author":{"@id":"https:\/\/www.africa-press.net\/cotedivoire\/#\/schema\/person\/2b1cf3cd81a31e3cd26889ca66d677f1"},"description":"Hugues N'Dia Koffi n'est pas content de la fa\u00e7on dont le PDCI-RDA est g\u00e9r\u00e9 dans la commune de Bouafl\u00e9 depuis le d\u00e9c\u00e8s de ...","breadcrumb":{"@id":"https:\/\/www.africa-press.net\/cotedivoire\/politique\/municipale-a-venir-a-bouafle-selon-hugues-ndia-koffi-le-pdci-rda-ne-bouge-pas-comme-par-le-passe#breadcrumb"},"inLanguage":"fr-FR","potentialAction":[{"@type":"ReadAction","target":["https:\/\/www.africa-press.net\/cotedivoire\/politique\/municipale-a-venir-a-bouafle-selon-hugues-ndia-koffi-le-pdci-rda-ne-bouge-pas-comme-par-le-passe"]}]},{"@type":"ImageObject","inLanguage":"fr-FR","@id":"https:\/\/www.africa-press.net\/cotedivoire\/politique\/municipale-a-venir-a-bouafle-selon-hugues-ndia-koffi-le-pdci-rda-ne-bouge-pas-comme-par-le-passe#primaryimage","url":"https:\/\/static.africa-press.net\/cote\/sites\/43\/2022\/08\/postQueueImg_21-62f682f9eb05f.jpg","contentUrl":"https:\/\/static.africa-press.net\/cote\/sites\/43\/2022\/08\/postQueueImg_21-62f682f9eb05f.jpg","width":720,"height":405,"caption":"Municipale \u00e0 venir \u00e0 Bouafl\u00e9, selon Hugues N'Dia Koffi \u00ab Le PDCI-RDA ne bouge pas comme par le pass\u00e9 \u00bb"},{"@type":"BreadcrumbList","@id":"https:\/\/www.africa-press.net\/cotedivoire\/politique\/municipale-a-venir-a-bouafle-selon-hugues-ndia-koffi-le-pdci-rda-ne-bouge-pas-comme-par-le-passe#breadcrumb","itemListElement":[{"@type":"ListItem","position":1,"name":"Accueil","item":"https:\/\/www.africa-press.net\/cotedivoire\/"},{"@type":"ListItem","position":2,"name":"Municipale \u00e0 venir \u00e0 Bouafl\u00e9, selon Hugues N&#8217;Dia Koffi \u00ab Le PDCI-RDA ne bouge pas comme par le pass\u00e9 \u00bb"}]},{"@type":"WebSite","@id":"https:\/\/www.africa-press.net\/cotedivoire\/#website","url":"https:\/\/www.africa-press.net\/cotedivoire\/","name":"C\u00f4te d&#039;Ivoire","description":"Just another Africa News Agency Sites site","potentialAction":[{"@type":"SearchAction","target":{"@type":"EntryPoint","urlTemplate":"https:\/\/www.africa-press.net\/cotedivoire\/?s={search_term_string}"},"query-input":{"@type":"PropertyValueSpecification","valueRequired":true,"valueName":"search_term_string"}}],"inLanguage":"fr-FR"},{"@type":"Person","@id":"https:\/\/www.africa-press.net\/cotedivoire\/#\/schema\/person\/2b1cf3cd81a31e3cd26889ca66d677f1","name":"cfeditorfr"}]}},"_links":{"self":[{"href":"https:\/\/www.africa-press.net\/cotedivoire\/wp-json\/wp\/v2\/posts\/42892","targetHints":{"allow":["GET"]}}],"collection":[{"href":"https:\/\/www.africa-press.net\/cotedivoire\/wp-json\/wp\/v2\/posts"}],"about":[{"href":"https:\/\/www.africa-press.net\/cotedivoire\/wp-json\/wp\/v2\/types\/post"}],"author":[{"embeddable":true,"href":"https:\/\/www.africa-press.net\/cotedivoire\/wp-json\/wp\/v2\/users\/82"}],"replies":[{"embeddable":true,"href":"https:\/\/www.africa-press.net\/cotedivoire\/wp-json\/wp\/v2\/comments?post=42892"}],"version-history":[{"count":0,"href":"https:\/\/www.africa-press.net\/cotedivoire\/wp-json\/wp\/v2\/posts\/42892\/revisions"}],"wp:featuredmedia":[{"embeddable":true,"href":"https:\/\/www.africa-press.net\/cotedivoire\/wp-json\/wp\/v2\/media\/42891"}],"wp:attachment":[{"href":"https:\/\/www.africa-press.net\/cotedivoire\/wp-json\/wp\/v2\/media?parent=42892"}],"wp:term":[{"taxonomy":"category","embeddable":true,"href":"https:\/\/www.africa-press.net\/cotedivoire\/wp-json\/wp\/v2\/categories?post=42892"},{"taxonomy":"post_tag","embeddable":true,"href":"https:\/\/www.africa-press.net\/cotedivoire\/wp-json\/wp\/v2\/tags?post=42892"}],"curies":[{"name":"wp","href":"https:\/\/api.w.org\/{rel}","templated":true}]}}