{"id":42925,"date":"2022-08-12T16:22:02","date_gmt":"2022-08-12T16:22:02","guid":{"rendered":"https:\/\/www.africa-press.net\/cotedivoire\/politique\/togo-affaire-des-49-militaires-ivoiriens-au-mali-en-discussion-entre-lonu-et-gnassingbe"},"modified":"2022-08-12T16:49:37","modified_gmt":"2022-08-12T16:49:37","slug":"togo-affaire-des-49-militaires-ivoiriens-au-mali-en-discussion-entre-lonu-et-gnassingbe","status":"publish","type":"post","link":"https:\/\/www.africa-press.net\/cotedivoire\/politique\/togo-affaire-des-49-militaires-ivoiriens-au-mali-en-discussion-entre-lonu-et-gnassingbe","title":{"rendered":"Togo : Affaire des 49 militaires ivoiriens au Mali en discussion entre l&rsquo;ONU et Gnassingb\u00e9"},"content":{"rendered":"<p><span style=\"color: #ff6600\"><strong>Africa-Press &#8211; C\u00f4te d&rsquo;Ivoire. <\/strong><\/span>La Vice-secr\u00e9taire g\u00e9n\u00e9rale de l\u2019Organisation des Nations-Unies (ONU), Mme Amina Mohammed, a \u00e9t\u00e9 re\u00e7ue hier jeudi 11 ao\u00fbt 2022 \u00e0 Lom\u00e9 au Togo par le Pr\u00e9sident Faure Gnassingb\u00e9.<\/p>\n<p>Les \u00e9changes entre le Pr\u00e9sident Gnassingb\u00e9 et Mme Amina Mohammed ont port\u00e9 sur plusieurs sujets d\u2019int\u00e9r\u00eats de l\u2019heure dont l\u2019affaire des 49 militaires ivoiriens arr\u00eat\u00e9s au Mali. La Vice-secr\u00e9taire g\u00e9n\u00e9rale des Nations Unies \u00e9tait accompagn\u00e9e par le Repr\u00e9sentant sp\u00e9cial pour l\u2019Afrique de l\u2019Ouest et le Sahel, Mahamat Saleh Annadif.<\/p>\n<p>Ces deux personnes ont salu\u00e9 le r\u00f4le et l\u2019engagement du Togo, dans le maintien de la paix et de la s\u00e9curit\u00e9 dans la sous-r\u00e9gion, et dans la r\u00e9solution des crises.<\/p>\n<p>Sur ce point pr\u00e9cis, le Pr\u00e9sident togolais a twitt\u00e9 avoir \u00e9chang\u00e9 avec son h\u00f4te sur la s\u00e9curit\u00e9 r\u00e9gionale, \u00ab notamment les efforts du Togo pour une r\u00e9solution concert\u00e9e de la situation des soldats ivoiriens arr\u00eat\u00e9s au Mali et la contribution togolaise aux missions de maintien de la paix \u00bb.<\/p>\n<p>Ajoutons que les discussions entre le Pr\u00e9sident togolais et la d\u00e9l\u00e9gation onusienne ont aussi port\u00e9 sur les pr\u00e9paratifs de la prochaine Assembl\u00e9e g\u00e9n\u00e9rale de l\u2019ONU le 20 septembre.<\/p>\n<p>Sur la poursuite de la m\u00e9diation du Pr\u00e9sident Gnassingb\u00e9 dans la recherche d\u2019une solution n\u00e9goci\u00e9e et diplomatique \u00e0 l\u2019affaire des 49 militaires arr\u00eat\u00e9s au Mali, il ressort qu\u2019apr\u00e8s un premier round de discussion entre les d\u00e9l\u00e9gations ivoirienne et malienne \u00e0 Lom\u00e9, l\u2019horizon s\u2019est un peu \u00e9clairci.<\/p>\n<p>Pour obtenir la lib\u00e9ration des 49 militaires ivoiriens, le Mali a exig\u00e9 que la C\u00f4te d\u2019Ivoire reconnaisse sa responsabilit\u00e9 et exprime \u00ab des regrets \u00bb pour le d\u00e9ploiement de soldats sur son territoire sans cadre l\u00e9gal et \u00e9mis le v\u0153u qu\u2019Abidjan lui livre des personnalit\u00e9s maliennes pr\u00e9sentes en C\u00f4te d\u2019Ivoire qui sont recherch\u00e9es par la justice du Mali. Ces conditions n\u2019ont pas re\u00e7u d\u2019\u00e9chos favorables aupr\u00e8s d\u2019Abidjan. Les autorit\u00e9s ivoiriennes d\u00e9plorent le fait que les autorit\u00e9s de la Transition du Mali continuent de d\u00e9tenir les soldats en d\u00e9pit des explications et preuves fournies pour attester du caract\u00e8re l\u00e9gal et r\u00e9gulier de leur mission.<\/p>\n<p>Les efforts du m\u00e9diateur se poursuivent dans le cadre des discussions en vue d&rsquo;une lib\u00e9ration la plus rapide possible des soldats prisonniers.<\/p>\n<p>Rappelons que les 49 militaires ivoiriens sont d\u00e9tenus au Mali depuis le 10 juillet dernier, apr\u00e8s avoir \u00e9t\u00e9 arr\u00eat\u00e9s \u00e0 l\u2019a\u00e9roport de Bamako. Ils sont accus\u00e9s par les autoroutes maliennes d\u2019\u00eatre des \u00ab mercenaires \u00bb.<\/p>\n<p><strong>Pour plus d&rsquo;informations et d&rsquo;analyses sur la <a href=\"https:\/\/www.africa-press.net\/cotedivoire\">C\u00f4te d&rsquo;Ivoire<\/a>, suivez <a href=\"https:\/\/www.africa-press.net\/\">Africa-Press<\/a><\/strong><\/p>\n","protected":false},"excerpt":{"rendered":"<p>Africa-Press &#8211; C\u00f4te d&rsquo;Ivoire. La Vice-secr\u00e9taire g\u00e9n\u00e9rale de l\u2019Organisation des Nations-Unies (ONU), Mme Amina Mohammed, a \u00e9t\u00e9 re\u00e7ue hier jeudi 11 ao\u00fbt 2022 \u00e0 Lom\u00e9 au Togo par le Pr\u00e9sident Faure Gnassingb\u00e9. Les \u00e9changes entre le Pr\u00e9sident Gnassingb\u00e9 et Mme Amina Mohammed ont port\u00e9 sur plusieurs sujets d\u2019int\u00e9r\u00eats de l\u2019heure dont l\u2019affaire des 49 militaires [&hellip;]<\/p>\n","protected":false},"author":82,"featured_media":42924,"comment_status":"open","ping_status":"closed","sticky":false,"template":"","format":"standard","meta":{"footnotes":""},"categories":[11,2,20,10],"tags":[7095,56,63,29,7276,502,7275,4085,119,7274],"class_list":["post-42925","post","type-post","status-publish","format-standard","has-post-thumbnail","hentry","category-homepage-french","category-politique","category-top-nouvelles","category-toutes-les-actualites","tag-affaire-des-49-militaires-ivoiriens","tag-africa-press","tag-africa-press-cote-divoire","tag-cote-divoire","tag-faure-gnassingbe-2","tag-mali","tag-mme-amina-mohammed","tag-onu","tag-togo","tag-vice-secretaire-generale"],"yoast_head":"<!-- This site is optimized with the Yoast SEO Premium plugin v26.1 (Yoast SEO v27.0) - https:\/\/yoast.com\/product\/yoast-seo-premium-wordpress\/ -->\n<title>Togo : Affaire des 49 militaires ivoiriens au Mali en discussion entre l&#039;ONU et Gnassingb\u00e9 - C\u00f4te d&#039;Ivoire<\/title>\n<meta name=\"description\" content=\"La Vice-secr\u00e9taire g\u00e9n\u00e9rale de l\u2019Organisation des Nations-Unies (ONU), Mme Amina Mohammed, a \u00e9t\u00e9 re\u00e7ue hier jeudi 11 ao\u00fb ...\" \/>\n<meta name=\"robots\" content=\"index, follow, max-snippet:-1, max-image-preview:large, max-video-preview:-1\" \/>\n<link rel=\"canonical\" href=\"https:\/\/www.africa-press.net\/cotedivoire\/politique\/togo-affaire-des-49-militaires-ivoiriens-au-mali-en-discussion-entre-lonu-et-gnassingbe\" \/>\n<meta property=\"og:locale\" content=\"fr_FR\" \/>\n<meta property=\"og:type\" content=\"article\" \/>\n<meta property=\"og:title\" content=\"Togo : Affaire des 49 militaires ivoiriens au Mali en discussion entre l&#039;ONU et Gnassingb\u00e9\" \/>\n<meta property=\"og:description\" content=\"La Vice-secr\u00e9taire g\u00e9n\u00e9rale de l\u2019Organisation des Nations-Unies (ONU), Mme Amina Mohammed, a \u00e9t\u00e9 re\u00e7ue hier jeudi 11 ao\u00fb ...\" \/>\n<meta property=\"og:url\" content=\"https:\/\/www.africa-press.net\/cotedivoire\/politique\/togo-affaire-des-49-militaires-ivoiriens-au-mali-en-discussion-entre-lonu-et-gnassingbe\" \/>\n<meta property=\"og:site_name\" content=\"C\u00f4te d&#039;Ivoire\" \/>\n<meta property=\"article:published_time\" content=\"2022-08-12T16:22:02+00:00\" \/>\n<meta property=\"article:modified_time\" content=\"2022-08-12T16:49:37+00:00\" \/>\n<meta property=\"og:image\" content=\"https:\/\/static.africa-press.net\/cote\/sites\/43\/2022\/08\/postQueueImg_32-62f684825d2bf.jpg\" \/>\n\t<meta property=\"og:image:width\" content=\"720\" \/>\n\t<meta property=\"og:image:height\" content=\"336\" \/>\n\t<meta property=\"og:image:type\" content=\"image\/jpeg\" \/>\n<meta name=\"author\" content=\"cfeditorfr\" \/>\n<meta name=\"twitter:card\" content=\"summary_large_image\" \/>\n<meta name=\"twitter:label1\" content=\"\u00c9crit par\" \/>\n\t<meta name=\"twitter:data1\" content=\"cfeditorfr\" \/>\n\t<meta name=\"twitter:label2\" content=\"Dur\u00e9e de lecture estim\u00e9e\" \/>\n\t<meta name=\"twitter:data2\" content=\"3 minutes\" \/>\n<script type=\"application\/ld+json\" class=\"yoast-schema-graph\">{\"@context\":\"https:\/\/schema.org\",\"@graph\":[{\"@type\":\"Article\",\"@id\":\"https:\/\/www.africa-press.net\/cotedivoire\/politique\/togo-affaire-des-49-militaires-ivoiriens-au-mali-en-discussion-entre-lonu-et-gnassingbe#article\",\"isPartOf\":{\"@id\":\"https:\/\/www.africa-press.net\/cotedivoire\/politique\/togo-affaire-des-49-militaires-ivoiriens-au-mali-en-discussion-entre-lonu-et-gnassingbe\"},\"author\":{\"name\":\"cfeditorfr\",\"@id\":\"https:\/\/www.africa-press.net\/cotedivoire\/#\/schema\/person\/2b1cf3cd81a31e3cd26889ca66d677f1\"},\"headline\":\"Togo : Affaire des 49 militaires ivoiriens au Mali en discussion entre l&rsquo;ONU et Gnassingb\u00e9\",\"datePublished\":\"2022-08-12T16:22:02+00:00\",\"dateModified\":\"2022-08-12T16:49:37+00:00\",\"mainEntityOfPage\":{\"@id\":\"https:\/\/www.africa-press.net\/cotedivoire\/politique\/togo-affaire-des-49-militaires-ivoiriens-au-mali-en-discussion-entre-lonu-et-gnassingbe\"},\"wordCount\":502,\"commentCount\":0,\"image\":{\"@id\":\"https:\/\/www.africa-press.net\/cotedivoire\/politique\/togo-affaire-des-49-militaires-ivoiriens-au-mali-en-discussion-entre-lonu-et-gnassingbe#primaryimage\"},\"thumbnailUrl\":\"https:\/\/static.africa-press.net\/cote\/sites\/43\/2022\/08\/postQueueImg_32-62f684825d2bf.jpg\",\"keywords\":[\"Affaire des 49 militaires ivoiriens\",\"Africa Press\",\"Africa Press-C\u00f4te d'Ivoire\",\"C\u00d4TE D'IVOIRE\",\"Faure Gnassingb\u00e9.\",\"Mali\",\"Mme Amina Mohammed\",\"ONU\",\"Togo\",\"Vice-secr\u00e9taire g\u00e9n\u00e9rale\"],\"articleSection\":[\"homepage-french\",\"Politique\",\"Top Nouvelles\",\"Toutes les actualit\u00e9s\"],\"inLanguage\":\"fr-FR\",\"potentialAction\":[{\"@type\":\"CommentAction\",\"name\":\"Comment\",\"target\":[\"https:\/\/www.africa-press.net\/cotedivoire\/politique\/togo-affaire-des-49-militaires-ivoiriens-au-mali-en-discussion-entre-lonu-et-gnassingbe#respond\"]}]},{\"@type\":\"WebPage\",\"@id\":\"https:\/\/www.africa-press.net\/cotedivoire\/politique\/togo-affaire-des-49-militaires-ivoiriens-au-mali-en-discussion-entre-lonu-et-gnassingbe\",\"url\":\"https:\/\/www.africa-press.net\/cotedivoire\/politique\/togo-affaire-des-49-militaires-ivoiriens-au-mali-en-discussion-entre-lonu-et-gnassingbe\",\"name\":\"Togo : Affaire des 49 militaires ivoiriens au Mali en discussion entre l'ONU et Gnassingb\u00e9 - C\u00f4te d&#039;Ivoire\",\"isPartOf\":{\"@id\":\"https:\/\/www.africa-press.net\/cotedivoire\/#website\"},\"primaryImageOfPage\":{\"@id\":\"https:\/\/www.africa-press.net\/cotedivoire\/politique\/togo-affaire-des-49-militaires-ivoiriens-au-mali-en-discussion-entre-lonu-et-gnassingbe#primaryimage\"},\"image\":{\"@id\":\"https:\/\/www.africa-press.net\/cotedivoire\/politique\/togo-affaire-des-49-militaires-ivoiriens-au-mali-en-discussion-entre-lonu-et-gnassingbe#primaryimage\"},\"thumbnailUrl\":\"https:\/\/static.africa-press.net\/cote\/sites\/43\/2022\/08\/postQueueImg_32-62f684825d2bf.jpg\",\"datePublished\":\"2022-08-12T16:22:02+00:00\",\"dateModified\":\"2022-08-12T16:49:37+00:00\",\"author\":{\"@id\":\"https:\/\/www.africa-press.net\/cotedivoire\/#\/schema\/person\/2b1cf3cd81a31e3cd26889ca66d677f1\"},\"description\":\"La Vice-secr\u00e9taire g\u00e9n\u00e9rale de l\u2019Organisation des Nations-Unies (ONU), Mme Amina Mohammed, a \u00e9t\u00e9 re\u00e7ue hier jeudi 11 ao\u00fb ...\",\"breadcrumb\":{\"@id\":\"https:\/\/www.africa-press.net\/cotedivoire\/politique\/togo-affaire-des-49-militaires-ivoiriens-au-mali-en-discussion-entre-lonu-et-gnassingbe#breadcrumb\"},\"inLanguage\":\"fr-FR\",\"potentialAction\":[{\"@type\":\"ReadAction\",\"target\":[\"https:\/\/www.africa-press.net\/cotedivoire\/politique\/togo-affaire-des-49-militaires-ivoiriens-au-mali-en-discussion-entre-lonu-et-gnassingbe\"]}]},{\"@type\":\"ImageObject\",\"inLanguage\":\"fr-FR\",\"@id\":\"https:\/\/www.africa-press.net\/cotedivoire\/politique\/togo-affaire-des-49-militaires-ivoiriens-au-mali-en-discussion-entre-lonu-et-gnassingbe#primaryimage\",\"url\":\"https:\/\/static.africa-press.net\/cote\/sites\/43\/2022\/08\/postQueueImg_32-62f684825d2bf.jpg\",\"contentUrl\":\"https:\/\/static.africa-press.net\/cote\/sites\/43\/2022\/08\/postQueueImg_32-62f684825d2bf.jpg\",\"width\":720,\"height\":336,\"caption\":\"Togo : Affaire des 49 militaires ivoiriens au Mali en discussion entre l'ONU et Gnassingb\u00e9\"},{\"@type\":\"BreadcrumbList\",\"@id\":\"https:\/\/www.africa-press.net\/cotedivoire\/politique\/togo-affaire-des-49-militaires-ivoiriens-au-mali-en-discussion-entre-lonu-et-gnassingbe#breadcrumb\",\"itemListElement\":[{\"@type\":\"ListItem\",\"position\":1,\"name\":\"Accueil\",\"item\":\"https:\/\/www.africa-press.net\/cotedivoire\/\"},{\"@type\":\"ListItem\",\"position\":2,\"name\":\"Togo : Affaire des 49 militaires ivoiriens au Mali en discussion entre l&#8217;ONU et Gnassingb\u00e9\"}]},{\"@type\":\"WebSite\",\"@id\":\"https:\/\/www.africa-press.net\/cotedivoire\/#website\",\"url\":\"https:\/\/www.africa-press.net\/cotedivoire\/\",\"name\":\"C\u00f4te d&#039;Ivoire\",\"description\":\"Just another Africa News Agency Sites site\",\"potentialAction\":[{\"@type\":\"SearchAction\",\"target\":{\"@type\":\"EntryPoint\",\"urlTemplate\":\"https:\/\/www.africa-press.net\/cotedivoire\/?s={search_term_string}\"},\"query-input\":{\"@type\":\"PropertyValueSpecification\",\"valueRequired\":true,\"valueName\":\"search_term_string\"}}],\"inLanguage\":\"fr-FR\"},{\"@type\":\"Person\",\"@id\":\"https:\/\/www.africa-press.net\/cotedivoire\/#\/schema\/person\/2b1cf3cd81a31e3cd26889ca66d677f1\",\"name\":\"cfeditorfr\"}]}<\/script>\n<!-- \/ Yoast SEO Premium plugin. -->","yoast_head_json":{"title":"Togo : Affaire des 49 militaires ivoiriens au Mali en discussion entre l'ONU et Gnassingb\u00e9 - C\u00f4te d&#039;Ivoire","description":"La Vice-secr\u00e9taire g\u00e9n\u00e9rale de l\u2019Organisation des Nations-Unies (ONU), Mme Amina Mohammed, a \u00e9t\u00e9 re\u00e7ue hier jeudi 11 ao\u00fb ...","robots":{"index":"index","follow":"follow","max-snippet":"max-snippet:-1","max-image-preview":"max-image-preview:large","max-video-preview":"max-video-preview:-1"},"canonical":"https:\/\/www.africa-press.net\/cotedivoire\/politique\/togo-affaire-des-49-militaires-ivoiriens-au-mali-en-discussion-entre-lonu-et-gnassingbe","og_locale":"fr_FR","og_type":"article","og_title":"Togo : Affaire des 49 militaires ivoiriens au Mali en discussion entre l'ONU et Gnassingb\u00e9","og_description":"La Vice-secr\u00e9taire g\u00e9n\u00e9rale de l\u2019Organisation des Nations-Unies (ONU), Mme Amina Mohammed, a \u00e9t\u00e9 re\u00e7ue hier jeudi 11 ao\u00fb ...","og_url":"https:\/\/www.africa-press.net\/cotedivoire\/politique\/togo-affaire-des-49-militaires-ivoiriens-au-mali-en-discussion-entre-lonu-et-gnassingbe","og_site_name":"C\u00f4te d&#039;Ivoire","article_published_time":"2022-08-12T16:22:02+00:00","article_modified_time":"2022-08-12T16:49:37+00:00","og_image":[{"width":720,"height":336,"url":"https:\/\/static.africa-press.net\/cote\/sites\/43\/2022\/08\/postQueueImg_32-62f684825d2bf.jpg","type":"image\/jpeg"}],"author":"cfeditorfr","twitter_card":"summary_large_image","twitter_misc":{"\u00c9crit par":"cfeditorfr","Dur\u00e9e de lecture estim\u00e9e":"3 minutes"},"schema":{"@context":"https:\/\/schema.org","@graph":[{"@type":"Article","@id":"https:\/\/www.africa-press.net\/cotedivoire\/politique\/togo-affaire-des-49-militaires-ivoiriens-au-mali-en-discussion-entre-lonu-et-gnassingbe#article","isPartOf":{"@id":"https:\/\/www.africa-press.net\/cotedivoire\/politique\/togo-affaire-des-49-militaires-ivoiriens-au-mali-en-discussion-entre-lonu-et-gnassingbe"},"author":{"name":"cfeditorfr","@id":"https:\/\/www.africa-press.net\/cotedivoire\/#\/schema\/person\/2b1cf3cd81a31e3cd26889ca66d677f1"},"headline":"Togo : Affaire des 49 militaires ivoiriens au Mali en discussion entre l&rsquo;ONU et Gnassingb\u00e9","datePublished":"2022-08-12T16:22:02+00:00","dateModified":"2022-08-12T16:49:37+00:00","mainEntityOfPage":{"@id":"https:\/\/www.africa-press.net\/cotedivoire\/politique\/togo-affaire-des-49-militaires-ivoiriens-au-mali-en-discussion-entre-lonu-et-gnassingbe"},"wordCount":502,"commentCount":0,"image":{"@id":"https:\/\/www.africa-press.net\/cotedivoire\/politique\/togo-affaire-des-49-militaires-ivoiriens-au-mali-en-discussion-entre-lonu-et-gnassingbe#primaryimage"},"thumbnailUrl":"https:\/\/static.africa-press.net\/cote\/sites\/43\/2022\/08\/postQueueImg_32-62f684825d2bf.jpg","keywords":["Affaire des 49 militaires ivoiriens","Africa Press","Africa Press-C\u00f4te d'Ivoire","C\u00d4TE D'IVOIRE","Faure Gnassingb\u00e9.","Mali","Mme Amina Mohammed","ONU","Togo","Vice-secr\u00e9taire g\u00e9n\u00e9rale"],"articleSection":["homepage-french","Politique","Top Nouvelles","Toutes les actualit\u00e9s"],"inLanguage":"fr-FR","potentialAction":[{"@type":"CommentAction","name":"Comment","target":["https:\/\/www.africa-press.net\/cotedivoire\/politique\/togo-affaire-des-49-militaires-ivoiriens-au-mali-en-discussion-entre-lonu-et-gnassingbe#respond"]}]},{"@type":"WebPage","@id":"https:\/\/www.africa-press.net\/cotedivoire\/politique\/togo-affaire-des-49-militaires-ivoiriens-au-mali-en-discussion-entre-lonu-et-gnassingbe","url":"https:\/\/www.africa-press.net\/cotedivoire\/politique\/togo-affaire-des-49-militaires-ivoiriens-au-mali-en-discussion-entre-lonu-et-gnassingbe","name":"Togo : Affaire des 49 militaires ivoiriens au Mali en discussion entre l'ONU et Gnassingb\u00e9 - C\u00f4te d&#039;Ivoire","isPartOf":{"@id":"https:\/\/www.africa-press.net\/cotedivoire\/#website"},"primaryImageOfPage":{"@id":"https:\/\/www.africa-press.net\/cotedivoire\/politique\/togo-affaire-des-49-militaires-ivoiriens-au-mali-en-discussion-entre-lonu-et-gnassingbe#primaryimage"},"image":{"@id":"https:\/\/www.africa-press.net\/cotedivoire\/politique\/togo-affaire-des-49-militaires-ivoiriens-au-mali-en-discussion-entre-lonu-et-gnassingbe#primaryimage"},"thumbnailUrl":"https:\/\/static.africa-press.net\/cote\/sites\/43\/2022\/08\/postQueueImg_32-62f684825d2bf.jpg","datePublished":"2022-08-12T16:22:02+00:00","dateModified":"2022-08-12T16:49:37+00:00","author":{"@id":"https:\/\/www.africa-press.net\/cotedivoire\/#\/schema\/person\/2b1cf3cd81a31e3cd26889ca66d677f1"},"description":"La Vice-secr\u00e9taire g\u00e9n\u00e9rale de l\u2019Organisation des Nations-Unies (ONU), Mme Amina Mohammed, a \u00e9t\u00e9 re\u00e7ue hier jeudi 11 ao\u00fb ...","breadcrumb":{"@id":"https:\/\/www.africa-press.net\/cotedivoire\/politique\/togo-affaire-des-49-militaires-ivoiriens-au-mali-en-discussion-entre-lonu-et-gnassingbe#breadcrumb"},"inLanguage":"fr-FR","potentialAction":[{"@type":"ReadAction","target":["https:\/\/www.africa-press.net\/cotedivoire\/politique\/togo-affaire-des-49-militaires-ivoiriens-au-mali-en-discussion-entre-lonu-et-gnassingbe"]}]},{"@type":"ImageObject","inLanguage":"fr-FR","@id":"https:\/\/www.africa-press.net\/cotedivoire\/politique\/togo-affaire-des-49-militaires-ivoiriens-au-mali-en-discussion-entre-lonu-et-gnassingbe#primaryimage","url":"https:\/\/static.africa-press.net\/cote\/sites\/43\/2022\/08\/postQueueImg_32-62f684825d2bf.jpg","contentUrl":"https:\/\/static.africa-press.net\/cote\/sites\/43\/2022\/08\/postQueueImg_32-62f684825d2bf.jpg","width":720,"height":336,"caption":"Togo : Affaire des 49 militaires ivoiriens au Mali en discussion entre l'ONU et Gnassingb\u00e9"},{"@type":"BreadcrumbList","@id":"https:\/\/www.africa-press.net\/cotedivoire\/politique\/togo-affaire-des-49-militaires-ivoiriens-au-mali-en-discussion-entre-lonu-et-gnassingbe#breadcrumb","itemListElement":[{"@type":"ListItem","position":1,"name":"Accueil","item":"https:\/\/www.africa-press.net\/cotedivoire\/"},{"@type":"ListItem","position":2,"name":"Togo : Affaire des 49 militaires ivoiriens au Mali en discussion entre l&#8217;ONU et Gnassingb\u00e9"}]},{"@type":"WebSite","@id":"https:\/\/www.africa-press.net\/cotedivoire\/#website","url":"https:\/\/www.africa-press.net\/cotedivoire\/","name":"C\u00f4te d&#039;Ivoire","description":"Just another Africa News Agency Sites site","potentialAction":[{"@type":"SearchAction","target":{"@type":"EntryPoint","urlTemplate":"https:\/\/www.africa-press.net\/cotedivoire\/?s={search_term_string}"},"query-input":{"@type":"PropertyValueSpecification","valueRequired":true,"valueName":"search_term_string"}}],"inLanguage":"fr-FR"},{"@type":"Person","@id":"https:\/\/www.africa-press.net\/cotedivoire\/#\/schema\/person\/2b1cf3cd81a31e3cd26889ca66d677f1","name":"cfeditorfr"}]}},"_links":{"self":[{"href":"https:\/\/www.africa-press.net\/cotedivoire\/wp-json\/wp\/v2\/posts\/42925","targetHints":{"allow":["GET"]}}],"collection":[{"href":"https:\/\/www.africa-press.net\/cotedivoire\/wp-json\/wp\/v2\/posts"}],"about":[{"href":"https:\/\/www.africa-press.net\/cotedivoire\/wp-json\/wp\/v2\/types\/post"}],"author":[{"embeddable":true,"href":"https:\/\/www.africa-press.net\/cotedivoire\/wp-json\/wp\/v2\/users\/82"}],"replies":[{"embeddable":true,"href":"https:\/\/www.africa-press.net\/cotedivoire\/wp-json\/wp\/v2\/comments?post=42925"}],"version-history":[{"count":0,"href":"https:\/\/www.africa-press.net\/cotedivoire\/wp-json\/wp\/v2\/posts\/42925\/revisions"}],"wp:featuredmedia":[{"embeddable":true,"href":"https:\/\/www.africa-press.net\/cotedivoire\/wp-json\/wp\/v2\/media\/42924"}],"wp:attachment":[{"href":"https:\/\/www.africa-press.net\/cotedivoire\/wp-json\/wp\/v2\/media?parent=42925"}],"wp:term":[{"taxonomy":"category","embeddable":true,"href":"https:\/\/www.africa-press.net\/cotedivoire\/wp-json\/wp\/v2\/categories?post=42925"},{"taxonomy":"post_tag","embeddable":true,"href":"https:\/\/www.africa-press.net\/cotedivoire\/wp-json\/wp\/v2\/tags?post=42925"}],"curies":[{"name":"wp","href":"https:\/\/api.w.org\/{rel}","templated":true}]}}