{"id":42977,"date":"2022-08-13T16:49:13","date_gmt":"2022-08-13T16:49:13","guid":{"rendered":"https:\/\/www.africa-press.net\/cotedivoire\/politique\/une-dame-de-65-ans-placee-en-detention-suite-a-un-litige-foncier-les-vraies-raisons-connues-aupres-de-la-justice"},"modified":"2022-08-13T16:54:45","modified_gmt":"2022-08-13T16:54:45","slug":"une-dame-de-65-ans-placee-en-detention-suite-a-un-litige-foncier-les-vraies-raisons-connues-aupres-de-la-justice","status":"publish","type":"post","link":"https:\/\/www.africa-press.net\/cotedivoire\/politique\/une-dame-de-65-ans-placee-en-detention-suite-a-un-litige-foncier-les-vraies-raisons-connues-aupres-de-la-justice","title":{"rendered":"Une Dame de 65 ans plac\u00e9e en d\u00e9tention suite \u00e0 un litige foncier, les vraies raisons connues aupr\u00e8s de la Justice"},"content":{"rendered":"<p><span style=\"color: #ff6600\"><strong>Africa-Press &#8211; C\u00f4te d&rsquo;Ivoire. <\/strong><\/span>Dame Bapaou B\u00e9atrice, 65 ans fonctionnaire \u00e0 la retraite, a \u00e9t\u00e9 plac\u00e9e en d\u00e9tention suite \u00e0 un litige foncier.<\/p>\n<p>Selon ses proches qui s\u2019inqui\u00e8tent de son \u00e9tat de sant\u00e9, elle est accus\u00e9e d\u2019avoir d\u00e9truit une \u00e9cole. Elle aurait obtenu son titre foncier ainsi que la d\u00e9cision de d\u00e9guerpissement sign\u00e9e par le<\/p>\n<p>Procureur g\u00e9n\u00e9ral.<\/p>\n<p>Interpell\u00e9 sur cette affaire, le Ministre de la Justice et des Droits de l\u2019Homme, Sansan Kambil\u00e9, rel\u00e8ve d\u2019entr\u00e9e que les proches de la Dame n\u2019apportent pas d\u2019autres pr\u00e9cisions sur les circonstances des faits qui auraient conduit \u00e0 une telle \u00ab accusation \u00bb.<\/p>\n<p>Selon le Ministre, il ressort des informations recueillies aupr\u00e8s des services comp\u00e9tents que<\/p>\n<p>Dame Bapaou est poursuivie devant le juge d\u2019instruction pour faux et usage de faux dans des documents administratifs, et destruction volontaire de tout ou partie d\u2019immeuble servant \u00e0 l\u2019habitation, faits pr\u00e9vus et punis par les articles 311, 312 et 485 du Code p\u00e9nal.<\/p>\n<p>\u00ab Sans vouloir pr\u00e9juger du bien-fond\u00e9 de la d\u00e9tention de votre parente, je voudrais indiquer que son \u00e2ge (65 ans) ne constitue pas une cause d\u2019exemption de d\u00e9tention d\u00e8s lors qu\u2019il est jug\u00e9 que sa d\u00e9tention est n\u00e9cessaire \u00e0 la poursuite de l\u2019instruction. Cet \u00e2ge ne constitue pas non plus une cause d\u2019exemption de la peine d\u2019emprisonnement si la culpabilit\u00e9 de l\u2019auteur pr\u00e9sum\u00e9 de l\u2019infraction est plus tard \u00e9tablie par la juridiction de jugement. \u00bb, Explique-t-il.<\/p>\n<p>A en croire M. Sassan, seule la contrainte par corps (mesure qui consiste \u00e0 mettre ou maintenir en d\u00e9tention une personne qui ne s\u2019est pas acquitt\u00e9e de certaines amendes ou frais auxquels elle a \u00e9t\u00e9 condamn\u00e9e au profit du Tr\u00e9sor public) ne peut \u00eatre prononc\u00e9e contre les personnes condamn\u00e9es qui ont commenc\u00e9 leur soixanti\u00e8me ann\u00e9e au moment de la condamnation (article 742 du Code de proc\u00e9dure p\u00e9nale).<\/p>\n<p>Pour lui, les faits expos\u00e9s ne rentrent pas dans ce cadre. \u00ab Vous ne pouvez donc vous appuyer sur son seul \u00e2ge pour reprocher au juge d\u2019instruction d\u2019avoir plac\u00e9 votre parente en d\u00e9tention. Comme tout inculp\u00e9 d\u00e9tenu, votre tante a le droit de pr\u00e9senter une demande de mise en libert\u00e9 provisoire au juge d\u2019instruction qui d\u00e9cidera de la suite \u00e0 lui donner conform\u00e9ment \u00e0 la loi. \u00bb, a conclu le Ministre de la Justice.<\/p>\n<p><strong>Pour plus d&rsquo;informations et d&rsquo;analyses sur la <a href=\"https:\/\/www.africa-press.net\/cotedivoire\">C\u00f4te d&rsquo;Ivoire<\/a>, suivez <a href=\"https:\/\/www.africa-press.net\/\">Africa-Press<\/a><\/strong><\/p>\n","protected":false},"excerpt":{"rendered":"<p>Africa-Press &#8211; C\u00f4te d&rsquo;Ivoire. Dame Bapaou B\u00e9atrice, 65 ans fonctionnaire \u00e0 la retraite, a \u00e9t\u00e9 plac\u00e9e en d\u00e9tention suite \u00e0 un litige foncier. Selon ses proches qui s\u2019inqui\u00e8tent de son \u00e9tat de sant\u00e9, elle est accus\u00e9e d\u2019avoir d\u00e9truit une \u00e9cole. Elle aurait obtenu son titre foncier ainsi que la d\u00e9cision de d\u00e9guerpissement sign\u00e9e par le [&hellip;]<\/p>\n","protected":false},"author":82,"featured_media":42976,"comment_status":"open","ping_status":"closed","sticky":false,"template":"","format":"standard","meta":{"footnotes":""},"categories":[11,2,10],"tags":[56,63,7282,29,7281,550],"class_list":["post-42977","post","type-post","status-publish","format-standard","has-post-thumbnail","hentry","category-homepage-french","category-politique","category-toutes-les-actualites","tag-africa-press","tag-africa-press-cote-divoire","tag-bapaou-beatrice","tag-cote-divoire","tag-litige-foncier","tag-sansan-kambile"],"yoast_head":"<!-- This site is optimized with the Yoast SEO Premium plugin v26.1 (Yoast SEO v27.0) - https:\/\/yoast.com\/product\/yoast-seo-premium-wordpress\/ -->\n<title>Une Dame de 65 ans plac\u00e9e en d\u00e9tention suite \u00e0 un litige foncier, les vraies raisons connues aupr\u00e8s de la Justice - C\u00f4te d&#039;Ivoire<\/title>\n<meta name=\"description\" content=\"Dame Bapaou B\u00e9atrice, 65 ans fonctionnaire \u00e0 la retraite, a \u00e9t\u00e9 plac\u00e9e en d\u00e9tention suite \u00e0 un litige foncier. Selon se ...\" \/>\n<meta name=\"robots\" content=\"index, follow, max-snippet:-1, max-image-preview:large, max-video-preview:-1\" \/>\n<link rel=\"canonical\" href=\"https:\/\/www.africa-press.net\/cotedivoire\/politique\/une-dame-de-65-ans-placee-en-detention-suite-a-un-litige-foncier-les-vraies-raisons-connues-aupres-de-la-justice\" \/>\n<meta property=\"og:locale\" content=\"fr_FR\" \/>\n<meta property=\"og:type\" content=\"article\" \/>\n<meta property=\"og:title\" content=\"Une Dame de 65 ans plac\u00e9e en d\u00e9tention suite \u00e0 un litige foncier, les vraies raisons connues aupr\u00e8s de la Justice\" \/>\n<meta property=\"og:description\" content=\"Dame Bapaou B\u00e9atrice, 65 ans fonctionnaire \u00e0 la retraite, a \u00e9t\u00e9 plac\u00e9e en d\u00e9tention suite \u00e0 un litige foncier. Selon se ...\" \/>\n<meta property=\"og:url\" content=\"https:\/\/www.africa-press.net\/cotedivoire\/politique\/une-dame-de-65-ans-placee-en-detention-suite-a-un-litige-foncier-les-vraies-raisons-connues-aupres-de-la-justice\" \/>\n<meta property=\"og:site_name\" content=\"C\u00f4te d&#039;Ivoire\" \/>\n<meta property=\"article:published_time\" content=\"2022-08-13T16:49:13+00:00\" \/>\n<meta property=\"article:modified_time\" content=\"2022-08-13T16:54:45+00:00\" \/>\n<meta property=\"og:image\" content=\"https:\/\/static.africa-press.net\/cote\/sites\/43\/2022\/08\/postQueueImg_5-62f7d733b7ed9.jpg\" \/>\n\t<meta property=\"og:image:width\" content=\"720\" \/>\n\t<meta property=\"og:image:height\" content=\"405\" \/>\n\t<meta property=\"og:image:type\" content=\"image\/jpeg\" \/>\n<meta name=\"author\" content=\"cfeditorfr\" \/>\n<meta name=\"twitter:card\" content=\"summary_large_image\" \/>\n<meta name=\"twitter:label1\" content=\"\u00c9crit par\" \/>\n\t<meta name=\"twitter:data1\" content=\"cfeditorfr\" \/>\n\t<meta name=\"twitter:label2\" content=\"Dur\u00e9e de lecture estim\u00e9e\" \/>\n\t<meta name=\"twitter:data2\" content=\"2 minutes\" \/>\n<script type=\"application\/ld+json\" class=\"yoast-schema-graph\">{\"@context\":\"https:\/\/schema.org\",\"@graph\":[{\"@type\":\"Article\",\"@id\":\"https:\/\/www.africa-press.net\/cotedivoire\/politique\/une-dame-de-65-ans-placee-en-detention-suite-a-un-litige-foncier-les-vraies-raisons-connues-aupres-de-la-justice#article\",\"isPartOf\":{\"@id\":\"https:\/\/www.africa-press.net\/cotedivoire\/politique\/une-dame-de-65-ans-placee-en-detention-suite-a-un-litige-foncier-les-vraies-raisons-connues-aupres-de-la-justice\"},\"author\":{\"name\":\"cfeditorfr\",\"@id\":\"https:\/\/www.africa-press.net\/cotedivoire\/#\/schema\/person\/2b1cf3cd81a31e3cd26889ca66d677f1\"},\"headline\":\"Une Dame de 65 ans plac\u00e9e en d\u00e9tention suite \u00e0 un litige foncier, les vraies raisons connues aupr\u00e8s de la Justice\",\"datePublished\":\"2022-08-13T16:49:13+00:00\",\"dateModified\":\"2022-08-13T16:54:45+00:00\",\"mainEntityOfPage\":{\"@id\":\"https:\/\/www.africa-press.net\/cotedivoire\/politique\/une-dame-de-65-ans-placee-en-detention-suite-a-un-litige-foncier-les-vraies-raisons-connues-aupres-de-la-justice\"},\"wordCount\":452,\"commentCount\":0,\"image\":{\"@id\":\"https:\/\/www.africa-press.net\/cotedivoire\/politique\/une-dame-de-65-ans-placee-en-detention-suite-a-un-litige-foncier-les-vraies-raisons-connues-aupres-de-la-justice#primaryimage\"},\"thumbnailUrl\":\"https:\/\/static.africa-press.net\/cote\/sites\/43\/2022\/08\/postQueueImg_5-62f7d733b7ed9.jpg\",\"keywords\":[\"Africa Press\",\"Africa Press-C\u00f4te d'Ivoire\",\"Bapaou B\u00e9atrice\",\"C\u00d4TE D'IVOIRE\",\"litige foncier\",\"Sansan Kambil\u00e9\"],\"articleSection\":[\"homepage-french\",\"Politique\",\"Toutes les actualit\u00e9s\"],\"inLanguage\":\"fr-FR\",\"potentialAction\":[{\"@type\":\"CommentAction\",\"name\":\"Comment\",\"target\":[\"https:\/\/www.africa-press.net\/cotedivoire\/politique\/une-dame-de-65-ans-placee-en-detention-suite-a-un-litige-foncier-les-vraies-raisons-connues-aupres-de-la-justice#respond\"]}]},{\"@type\":\"WebPage\",\"@id\":\"https:\/\/www.africa-press.net\/cotedivoire\/politique\/une-dame-de-65-ans-placee-en-detention-suite-a-un-litige-foncier-les-vraies-raisons-connues-aupres-de-la-justice\",\"url\":\"https:\/\/www.africa-press.net\/cotedivoire\/politique\/une-dame-de-65-ans-placee-en-detention-suite-a-un-litige-foncier-les-vraies-raisons-connues-aupres-de-la-justice\",\"name\":\"Une Dame de 65 ans plac\u00e9e en d\u00e9tention suite \u00e0 un litige foncier, les vraies raisons connues aupr\u00e8s de la Justice - C\u00f4te d&#039;Ivoire\",\"isPartOf\":{\"@id\":\"https:\/\/www.africa-press.net\/cotedivoire\/#website\"},\"primaryImageOfPage\":{\"@id\":\"https:\/\/www.africa-press.net\/cotedivoire\/politique\/une-dame-de-65-ans-placee-en-detention-suite-a-un-litige-foncier-les-vraies-raisons-connues-aupres-de-la-justice#primaryimage\"},\"image\":{\"@id\":\"https:\/\/www.africa-press.net\/cotedivoire\/politique\/une-dame-de-65-ans-placee-en-detention-suite-a-un-litige-foncier-les-vraies-raisons-connues-aupres-de-la-justice#primaryimage\"},\"thumbnailUrl\":\"https:\/\/static.africa-press.net\/cote\/sites\/43\/2022\/08\/postQueueImg_5-62f7d733b7ed9.jpg\",\"datePublished\":\"2022-08-13T16:49:13+00:00\",\"dateModified\":\"2022-08-13T16:54:45+00:00\",\"author\":{\"@id\":\"https:\/\/www.africa-press.net\/cotedivoire\/#\/schema\/person\/2b1cf3cd81a31e3cd26889ca66d677f1\"},\"description\":\"Dame Bapaou B\u00e9atrice, 65 ans fonctionnaire \u00e0 la retraite, a \u00e9t\u00e9 plac\u00e9e en d\u00e9tention suite \u00e0 un litige foncier. Selon se ...\",\"breadcrumb\":{\"@id\":\"https:\/\/www.africa-press.net\/cotedivoire\/politique\/une-dame-de-65-ans-placee-en-detention-suite-a-un-litige-foncier-les-vraies-raisons-connues-aupres-de-la-justice#breadcrumb\"},\"inLanguage\":\"fr-FR\",\"potentialAction\":[{\"@type\":\"ReadAction\",\"target\":[\"https:\/\/www.africa-press.net\/cotedivoire\/politique\/une-dame-de-65-ans-placee-en-detention-suite-a-un-litige-foncier-les-vraies-raisons-connues-aupres-de-la-justice\"]}]},{\"@type\":\"ImageObject\",\"inLanguage\":\"fr-FR\",\"@id\":\"https:\/\/www.africa-press.net\/cotedivoire\/politique\/une-dame-de-65-ans-placee-en-detention-suite-a-un-litige-foncier-les-vraies-raisons-connues-aupres-de-la-justice#primaryimage\",\"url\":\"https:\/\/static.africa-press.net\/cote\/sites\/43\/2022\/08\/postQueueImg_5-62f7d733b7ed9.jpg\",\"contentUrl\":\"https:\/\/static.africa-press.net\/cote\/sites\/43\/2022\/08\/postQueueImg_5-62f7d733b7ed9.jpg\",\"width\":720,\"height\":405,\"caption\":\"Une Dame de 65 ans plac\u00e9e en d\u00e9tention suite \u00e0 un litige foncier, les vraies raisons connues aupr\u00e8s de la Justice\"},{\"@type\":\"BreadcrumbList\",\"@id\":\"https:\/\/www.africa-press.net\/cotedivoire\/politique\/une-dame-de-65-ans-placee-en-detention-suite-a-un-litige-foncier-les-vraies-raisons-connues-aupres-de-la-justice#breadcrumb\",\"itemListElement\":[{\"@type\":\"ListItem\",\"position\":1,\"name\":\"Accueil\",\"item\":\"https:\/\/www.africa-press.net\/cotedivoire\/\"},{\"@type\":\"ListItem\",\"position\":2,\"name\":\"Une Dame de 65 ans plac\u00e9e en d\u00e9tention suite \u00e0 un litige foncier, les vraies raisons connues aupr\u00e8s de la Justice\"}]},{\"@type\":\"WebSite\",\"@id\":\"https:\/\/www.africa-press.net\/cotedivoire\/#website\",\"url\":\"https:\/\/www.africa-press.net\/cotedivoire\/\",\"name\":\"C\u00f4te d&#039;Ivoire\",\"description\":\"Just another Africa News Agency Sites site\",\"potentialAction\":[{\"@type\":\"SearchAction\",\"target\":{\"@type\":\"EntryPoint\",\"urlTemplate\":\"https:\/\/www.africa-press.net\/cotedivoire\/?s={search_term_string}\"},\"query-input\":{\"@type\":\"PropertyValueSpecification\",\"valueRequired\":true,\"valueName\":\"search_term_string\"}}],\"inLanguage\":\"fr-FR\"},{\"@type\":\"Person\",\"@id\":\"https:\/\/www.africa-press.net\/cotedivoire\/#\/schema\/person\/2b1cf3cd81a31e3cd26889ca66d677f1\",\"name\":\"cfeditorfr\"}]}<\/script>\n<!-- \/ Yoast SEO Premium plugin. -->","yoast_head_json":{"title":"Une Dame de 65 ans plac\u00e9e en d\u00e9tention suite \u00e0 un litige foncier, les vraies raisons connues aupr\u00e8s de la Justice - C\u00f4te d&#039;Ivoire","description":"Dame Bapaou B\u00e9atrice, 65 ans fonctionnaire \u00e0 la retraite, a \u00e9t\u00e9 plac\u00e9e en d\u00e9tention suite \u00e0 un litige foncier. Selon se ...","robots":{"index":"index","follow":"follow","max-snippet":"max-snippet:-1","max-image-preview":"max-image-preview:large","max-video-preview":"max-video-preview:-1"},"canonical":"https:\/\/www.africa-press.net\/cotedivoire\/politique\/une-dame-de-65-ans-placee-en-detention-suite-a-un-litige-foncier-les-vraies-raisons-connues-aupres-de-la-justice","og_locale":"fr_FR","og_type":"article","og_title":"Une Dame de 65 ans plac\u00e9e en d\u00e9tention suite \u00e0 un litige foncier, les vraies raisons connues aupr\u00e8s de la Justice","og_description":"Dame Bapaou B\u00e9atrice, 65 ans fonctionnaire \u00e0 la retraite, a \u00e9t\u00e9 plac\u00e9e en d\u00e9tention suite \u00e0 un litige foncier. Selon se ...","og_url":"https:\/\/www.africa-press.net\/cotedivoire\/politique\/une-dame-de-65-ans-placee-en-detention-suite-a-un-litige-foncier-les-vraies-raisons-connues-aupres-de-la-justice","og_site_name":"C\u00f4te d&#039;Ivoire","article_published_time":"2022-08-13T16:49:13+00:00","article_modified_time":"2022-08-13T16:54:45+00:00","og_image":[{"width":720,"height":405,"url":"https:\/\/static.africa-press.net\/cote\/sites\/43\/2022\/08\/postQueueImg_5-62f7d733b7ed9.jpg","type":"image\/jpeg"}],"author":"cfeditorfr","twitter_card":"summary_large_image","twitter_misc":{"\u00c9crit par":"cfeditorfr","Dur\u00e9e de lecture estim\u00e9e":"2 minutes"},"schema":{"@context":"https:\/\/schema.org","@graph":[{"@type":"Article","@id":"https:\/\/www.africa-press.net\/cotedivoire\/politique\/une-dame-de-65-ans-placee-en-detention-suite-a-un-litige-foncier-les-vraies-raisons-connues-aupres-de-la-justice#article","isPartOf":{"@id":"https:\/\/www.africa-press.net\/cotedivoire\/politique\/une-dame-de-65-ans-placee-en-detention-suite-a-un-litige-foncier-les-vraies-raisons-connues-aupres-de-la-justice"},"author":{"name":"cfeditorfr","@id":"https:\/\/www.africa-press.net\/cotedivoire\/#\/schema\/person\/2b1cf3cd81a31e3cd26889ca66d677f1"},"headline":"Une Dame de 65 ans plac\u00e9e en d\u00e9tention suite \u00e0 un litige foncier, les vraies raisons connues aupr\u00e8s de la Justice","datePublished":"2022-08-13T16:49:13+00:00","dateModified":"2022-08-13T16:54:45+00:00","mainEntityOfPage":{"@id":"https:\/\/www.africa-press.net\/cotedivoire\/politique\/une-dame-de-65-ans-placee-en-detention-suite-a-un-litige-foncier-les-vraies-raisons-connues-aupres-de-la-justice"},"wordCount":452,"commentCount":0,"image":{"@id":"https:\/\/www.africa-press.net\/cotedivoire\/politique\/une-dame-de-65-ans-placee-en-detention-suite-a-un-litige-foncier-les-vraies-raisons-connues-aupres-de-la-justice#primaryimage"},"thumbnailUrl":"https:\/\/static.africa-press.net\/cote\/sites\/43\/2022\/08\/postQueueImg_5-62f7d733b7ed9.jpg","keywords":["Africa Press","Africa Press-C\u00f4te d'Ivoire","Bapaou B\u00e9atrice","C\u00d4TE D'IVOIRE","litige foncier","Sansan Kambil\u00e9"],"articleSection":["homepage-french","Politique","Toutes les actualit\u00e9s"],"inLanguage":"fr-FR","potentialAction":[{"@type":"CommentAction","name":"Comment","target":["https:\/\/www.africa-press.net\/cotedivoire\/politique\/une-dame-de-65-ans-placee-en-detention-suite-a-un-litige-foncier-les-vraies-raisons-connues-aupres-de-la-justice#respond"]}]},{"@type":"WebPage","@id":"https:\/\/www.africa-press.net\/cotedivoire\/politique\/une-dame-de-65-ans-placee-en-detention-suite-a-un-litige-foncier-les-vraies-raisons-connues-aupres-de-la-justice","url":"https:\/\/www.africa-press.net\/cotedivoire\/politique\/une-dame-de-65-ans-placee-en-detention-suite-a-un-litige-foncier-les-vraies-raisons-connues-aupres-de-la-justice","name":"Une Dame de 65 ans plac\u00e9e en d\u00e9tention suite \u00e0 un litige foncier, les vraies raisons connues aupr\u00e8s de la Justice - C\u00f4te d&#039;Ivoire","isPartOf":{"@id":"https:\/\/www.africa-press.net\/cotedivoire\/#website"},"primaryImageOfPage":{"@id":"https:\/\/www.africa-press.net\/cotedivoire\/politique\/une-dame-de-65-ans-placee-en-detention-suite-a-un-litige-foncier-les-vraies-raisons-connues-aupres-de-la-justice#primaryimage"},"image":{"@id":"https:\/\/www.africa-press.net\/cotedivoire\/politique\/une-dame-de-65-ans-placee-en-detention-suite-a-un-litige-foncier-les-vraies-raisons-connues-aupres-de-la-justice#primaryimage"},"thumbnailUrl":"https:\/\/static.africa-press.net\/cote\/sites\/43\/2022\/08\/postQueueImg_5-62f7d733b7ed9.jpg","datePublished":"2022-08-13T16:49:13+00:00","dateModified":"2022-08-13T16:54:45+00:00","author":{"@id":"https:\/\/www.africa-press.net\/cotedivoire\/#\/schema\/person\/2b1cf3cd81a31e3cd26889ca66d677f1"},"description":"Dame Bapaou B\u00e9atrice, 65 ans fonctionnaire \u00e0 la retraite, a \u00e9t\u00e9 plac\u00e9e en d\u00e9tention suite \u00e0 un litige foncier. Selon se ...","breadcrumb":{"@id":"https:\/\/www.africa-press.net\/cotedivoire\/politique\/une-dame-de-65-ans-placee-en-detention-suite-a-un-litige-foncier-les-vraies-raisons-connues-aupres-de-la-justice#breadcrumb"},"inLanguage":"fr-FR","potentialAction":[{"@type":"ReadAction","target":["https:\/\/www.africa-press.net\/cotedivoire\/politique\/une-dame-de-65-ans-placee-en-detention-suite-a-un-litige-foncier-les-vraies-raisons-connues-aupres-de-la-justice"]}]},{"@type":"ImageObject","inLanguage":"fr-FR","@id":"https:\/\/www.africa-press.net\/cotedivoire\/politique\/une-dame-de-65-ans-placee-en-detention-suite-a-un-litige-foncier-les-vraies-raisons-connues-aupres-de-la-justice#primaryimage","url":"https:\/\/static.africa-press.net\/cote\/sites\/43\/2022\/08\/postQueueImg_5-62f7d733b7ed9.jpg","contentUrl":"https:\/\/static.africa-press.net\/cote\/sites\/43\/2022\/08\/postQueueImg_5-62f7d733b7ed9.jpg","width":720,"height":405,"caption":"Une Dame de 65 ans plac\u00e9e en d\u00e9tention suite \u00e0 un litige foncier, les vraies raisons connues aupr\u00e8s de la Justice"},{"@type":"BreadcrumbList","@id":"https:\/\/www.africa-press.net\/cotedivoire\/politique\/une-dame-de-65-ans-placee-en-detention-suite-a-un-litige-foncier-les-vraies-raisons-connues-aupres-de-la-justice#breadcrumb","itemListElement":[{"@type":"ListItem","position":1,"name":"Accueil","item":"https:\/\/www.africa-press.net\/cotedivoire\/"},{"@type":"ListItem","position":2,"name":"Une Dame de 65 ans plac\u00e9e en d\u00e9tention suite \u00e0 un litige foncier, les vraies raisons connues aupr\u00e8s de la Justice"}]},{"@type":"WebSite","@id":"https:\/\/www.africa-press.net\/cotedivoire\/#website","url":"https:\/\/www.africa-press.net\/cotedivoire\/","name":"C\u00f4te d&#039;Ivoire","description":"Just another Africa News Agency Sites site","potentialAction":[{"@type":"SearchAction","target":{"@type":"EntryPoint","urlTemplate":"https:\/\/www.africa-press.net\/cotedivoire\/?s={search_term_string}"},"query-input":{"@type":"PropertyValueSpecification","valueRequired":true,"valueName":"search_term_string"}}],"inLanguage":"fr-FR"},{"@type":"Person","@id":"https:\/\/www.africa-press.net\/cotedivoire\/#\/schema\/person\/2b1cf3cd81a31e3cd26889ca66d677f1","name":"cfeditorfr"}]}},"_links":{"self":[{"href":"https:\/\/www.africa-press.net\/cotedivoire\/wp-json\/wp\/v2\/posts\/42977","targetHints":{"allow":["GET"]}}],"collection":[{"href":"https:\/\/www.africa-press.net\/cotedivoire\/wp-json\/wp\/v2\/posts"}],"about":[{"href":"https:\/\/www.africa-press.net\/cotedivoire\/wp-json\/wp\/v2\/types\/post"}],"author":[{"embeddable":true,"href":"https:\/\/www.africa-press.net\/cotedivoire\/wp-json\/wp\/v2\/users\/82"}],"replies":[{"embeddable":true,"href":"https:\/\/www.africa-press.net\/cotedivoire\/wp-json\/wp\/v2\/comments?post=42977"}],"version-history":[{"count":0,"href":"https:\/\/www.africa-press.net\/cotedivoire\/wp-json\/wp\/v2\/posts\/42977\/revisions"}],"wp:featuredmedia":[{"embeddable":true,"href":"https:\/\/www.africa-press.net\/cotedivoire\/wp-json\/wp\/v2\/media\/42976"}],"wp:attachment":[{"href":"https:\/\/www.africa-press.net\/cotedivoire\/wp-json\/wp\/v2\/media?parent=42977"}],"wp:term":[{"taxonomy":"category","embeddable":true,"href":"https:\/\/www.africa-press.net\/cotedivoire\/wp-json\/wp\/v2\/categories?post=42977"},{"taxonomy":"post_tag","embeddable":true,"href":"https:\/\/www.africa-press.net\/cotedivoire\/wp-json\/wp\/v2\/tags?post=42977"}],"curies":[{"name":"wp","href":"https:\/\/api.w.org\/{rel}","templated":true}]}}