{"id":43355,"date":"2022-08-18T16:48:21","date_gmt":"2022-08-18T16:48:21","guid":{"rendered":"https:\/\/www.africa-press.net\/cotedivoire\/politique\/assemblee-nationale-la-nouvelle-directrice-de-la-cooperation-et-des-relations-interparlementaires-mme-mouminatou-barry-a-pris-fonction"},"modified":"2022-08-18T17:40:00","modified_gmt":"2022-08-18T17:40:00","slug":"assemblee-nationale-la-nouvelle-directrice-de-la-cooperation-et-des-relations-interparlementaires-mme-mouminatou-barry-a-pris-fonction","status":"publish","type":"post","link":"https:\/\/www.africa-press.net\/cotedivoire\/politique\/assemblee-nationale-la-nouvelle-directrice-de-la-cooperation-et-des-relations-interparlementaires-mme-mouminatou-barry-a-pris-fonction","title":{"rendered":"Assembl\u00e9e Nationale, la nouvelle Directrice de la coop\u00e9ration et des relations Interparlementaires , Mme Mouminatou Barry  a pris fonction"},"content":{"rendered":"<p><span style=\"color: #ff6600\"><strong>Africa-Press &#8211; C\u00f4te d&rsquo;Ivoire. <\/strong><\/span>La nouvelle Directrice de la coop\u00e9ration et des relations Interparlementaires de l\u2019Assembl\u00e9e Nationale Madame Mouminatou Barry, \u00e9pouse Diaby a pris fonction en d\u00e9but de cette rapporte une note du Parlement ivoirien.<\/p>\n<p>Elle remplace \u00e0 ce poste Monsieur D\u00e9sir\u00e9 N\u2019Guessan .La passation de charges entre le sortant et l\u2019entrante a \u00e9t\u00e9 faite par le Secr\u00e9taire G\u00e9n\u00e9ral de l\u2019Institution, Monsieur Diomand\u00e9 Aboubacar Sidiki.<\/p>\n<p>Le Secr\u00e9taire G\u00e9n\u00e9ral a indiqu\u00e9, \u00e0 cette occasion, que le Pr\u00e9sident de l\u2019Assembl\u00e9e nationale, Monsieur Adama Bictogo a, depuis son \u00e9lection au perchoir, manifest\u00e9 sa volont\u00e9 d\u2019accorder une attention particuli\u00e8re et d\u2019impulser une nouvelle dynamique \u00e0 la diplomatie parlementaire. C\u2019est dans cette optique qu\u2019il a d\u00e9cid\u00e9 de la nomination de l\u2019Ambassadeur Mouminatou Barry \u00e9pouse Diaby, \u00e0 la t\u00eate de la Direction de la Coop\u00e9ration et des Relations Interparlementaires, pour en faire ainsi une Direction \u00e0 part enti\u00e8re.<\/p>\n<p>Madame l\u2019Ambassadeur Mouminatou Barry \u00e9pouse Diaby a remerci\u00e9 le Pr\u00e9sident Bictogo Adama, pour sa confiance tout en d\u00e9clarant qu\u2019elle usera de son exp\u00e9rience dans le domaine diplomatique pour la r\u00e9ussite des missions qui lui sont assign\u00e9es.<\/p>\n<p>Quant \u00e0 Monsieur D\u00e9sir\u00e9 N\u2019Guessan, Directeur sortant, a pour sa part exprim\u00e9 sa disponibilit\u00e9 pour toutes collaborations allant dans le sens du rayonnement de l\u2019Institution et pour l\u2019atteinte des objectifs fix\u00e9s par le Pr\u00e9sident de l\u2019Assembl\u00e9e nationale.<\/p>\n<p>Selon le document, Monsieur N\u2019Guessan reste Directeur de l\u2019Informatique et de la Documentation de l\u2019Assembl\u00e9e Nationale.<\/p>\n<p><strong>Pour plus d&rsquo;informations et d&rsquo;analyses sur la <a href=\"https:\/\/www.africa-press.net\/cotedivoire\">C\u00f4te d&rsquo;Ivoire<\/a>, suivez <a href=\"https:\/\/www.africa-press.net\/\">Africa-Press<\/a><\/strong><\/p>\n","protected":false},"excerpt":{"rendered":"<p>Africa-Press &#8211; C\u00f4te d&rsquo;Ivoire. La nouvelle Directrice de la coop\u00e9ration et des relations Interparlementaires de l\u2019Assembl\u00e9e Nationale Madame Mouminatou Barry, \u00e9pouse Diaby a pris fonction en d\u00e9but de cette rapporte une note du Parlement ivoirien. Elle remplace \u00e0 ce poste Monsieur D\u00e9sir\u00e9 N\u2019Guessan .La passation de charges entre le sortant et l\u2019entrante a \u00e9t\u00e9 faite [&hellip;]<\/p>\n","protected":false},"author":82,"featured_media":43354,"comment_status":"open","ping_status":"closed","sticky":false,"template":"","format":"standard","meta":{"footnotes":""},"categories":[11,2,10],"tags":[1265,56,63,1741,29,7345,7346,7347],"class_list":["post-43355","post","type-post","status-publish","format-standard","has-post-thumbnail","hentry","category-homepage-french","category-politique","category-toutes-les-actualites","tag-adama-bictogo","tag-africa-press","tag-africa-press-cote-divoire","tag-assemblee-nationale","tag-cote-divoire","tag-desire-nguessan","tag-diomande-aboubacar","tag-mouminatou-barry"],"yoast_head":"<!-- This site is optimized with the Yoast SEO Premium plugin v26.1 (Yoast SEO v27.0) - https:\/\/yoast.com\/product\/yoast-seo-premium-wordpress\/ -->\n<title>Assembl\u00e9e Nationale, la nouvelle Directrice de la coop\u00e9ration et des relations Interparlementaires , Mme Mouminatou Barry a pris fonction - C\u00f4te d&#039;Ivoire<\/title>\n<meta name=\"description\" content=\"La nouvelle Directrice de la coop\u00e9ration et des relations Interparlementaires de l\u2019Assembl\u00e9e Nationale Madame Mouminatou ...\" \/>\n<meta name=\"robots\" content=\"index, follow, max-snippet:-1, max-image-preview:large, max-video-preview:-1\" \/>\n<link rel=\"canonical\" href=\"https:\/\/www.africa-press.net\/cotedivoire\/politique\/assemblee-nationale-la-nouvelle-directrice-de-la-cooperation-et-des-relations-interparlementaires-mme-mouminatou-barry-a-pris-fonction\" \/>\n<meta property=\"og:locale\" content=\"fr_FR\" \/>\n<meta property=\"og:type\" content=\"article\" \/>\n<meta property=\"og:title\" content=\"Assembl\u00e9e Nationale, la nouvelle Directrice de la coop\u00e9ration et des relations Interparlementaires , Mme Mouminatou Barry a pris fonction\" \/>\n<meta property=\"og:description\" content=\"La nouvelle Directrice de la coop\u00e9ration et des relations Interparlementaires de l\u2019Assembl\u00e9e Nationale Madame Mouminatou ...\" \/>\n<meta property=\"og:url\" content=\"https:\/\/www.africa-press.net\/cotedivoire\/politique\/assemblee-nationale-la-nouvelle-directrice-de-la-cooperation-et-des-relations-interparlementaires-mme-mouminatou-barry-a-pris-fonction\" \/>\n<meta property=\"og:site_name\" content=\"C\u00f4te d&#039;Ivoire\" \/>\n<meta property=\"article:published_time\" content=\"2022-08-18T16:48:21+00:00\" \/>\n<meta property=\"article:modified_time\" content=\"2022-08-18T17:40:00+00:00\" \/>\n<meta property=\"og:image\" content=\"https:\/\/static.africa-press.net\/cote\/sites\/43\/2022\/08\/postQueueImg_16-62fe79584f534.jpg\" \/>\n\t<meta property=\"og:image:width\" content=\"720\" \/>\n\t<meta property=\"og:image:height\" content=\"480\" \/>\n\t<meta property=\"og:image:type\" content=\"image\/jpeg\" \/>\n<meta name=\"author\" content=\"cfeditorfr\" \/>\n<meta name=\"twitter:card\" content=\"summary_large_image\" \/>\n<meta name=\"twitter:label1\" content=\"\u00c9crit par\" \/>\n\t<meta name=\"twitter:data1\" content=\"cfeditorfr\" \/>\n\t<meta name=\"twitter:label2\" content=\"Dur\u00e9e de lecture estim\u00e9e\" \/>\n\t<meta name=\"twitter:data2\" content=\"2 minutes\" \/>\n<script type=\"application\/ld+json\" class=\"yoast-schema-graph\">{\"@context\":\"https:\/\/schema.org\",\"@graph\":[{\"@type\":\"Article\",\"@id\":\"https:\/\/www.africa-press.net\/cotedivoire\/politique\/assemblee-nationale-la-nouvelle-directrice-de-la-cooperation-et-des-relations-interparlementaires-mme-mouminatou-barry-a-pris-fonction#article\",\"isPartOf\":{\"@id\":\"https:\/\/www.africa-press.net\/cotedivoire\/politique\/assemblee-nationale-la-nouvelle-directrice-de-la-cooperation-et-des-relations-interparlementaires-mme-mouminatou-barry-a-pris-fonction\"},\"author\":{\"name\":\"cfeditorfr\",\"@id\":\"https:\/\/www.africa-press.net\/cotedivoire\/#\/schema\/person\/2b1cf3cd81a31e3cd26889ca66d677f1\"},\"headline\":\"Assembl\u00e9e Nationale, la nouvelle Directrice de la coop\u00e9ration et des relations Interparlementaires , Mme Mouminatou Barry a pris fonction\",\"datePublished\":\"2022-08-18T16:48:21+00:00\",\"dateModified\":\"2022-08-18T17:40:00+00:00\",\"mainEntityOfPage\":{\"@id\":\"https:\/\/www.africa-press.net\/cotedivoire\/politique\/assemblee-nationale-la-nouvelle-directrice-de-la-cooperation-et-des-relations-interparlementaires-mme-mouminatou-barry-a-pris-fonction\"},\"wordCount\":308,\"commentCount\":0,\"image\":{\"@id\":\"https:\/\/www.africa-press.net\/cotedivoire\/politique\/assemblee-nationale-la-nouvelle-directrice-de-la-cooperation-et-des-relations-interparlementaires-mme-mouminatou-barry-a-pris-fonction#primaryimage\"},\"thumbnailUrl\":\"https:\/\/static.africa-press.net\/cote\/sites\/43\/2022\/08\/postQueueImg_16-62fe79584f534.jpg\",\"keywords\":[\"Adama Bictogo\",\"Africa Press\",\"Africa Press-C\u00f4te d'Ivoire\",\"Assembl\u00e9e nationale\",\"C\u00d4TE D'IVOIRE\",\"D\u00e9sir\u00e9 N(Guessan\",\"Diomand\u00e9 Aboubacar\",\"Mouminatou Barry\"],\"articleSection\":[\"homepage-french\",\"Politique\",\"Toutes les actualit\u00e9s\"],\"inLanguage\":\"fr-FR\",\"potentialAction\":[{\"@type\":\"CommentAction\",\"name\":\"Comment\",\"target\":[\"https:\/\/www.africa-press.net\/cotedivoire\/politique\/assemblee-nationale-la-nouvelle-directrice-de-la-cooperation-et-des-relations-interparlementaires-mme-mouminatou-barry-a-pris-fonction#respond\"]}]},{\"@type\":\"WebPage\",\"@id\":\"https:\/\/www.africa-press.net\/cotedivoire\/politique\/assemblee-nationale-la-nouvelle-directrice-de-la-cooperation-et-des-relations-interparlementaires-mme-mouminatou-barry-a-pris-fonction\",\"url\":\"https:\/\/www.africa-press.net\/cotedivoire\/politique\/assemblee-nationale-la-nouvelle-directrice-de-la-cooperation-et-des-relations-interparlementaires-mme-mouminatou-barry-a-pris-fonction\",\"name\":\"Assembl\u00e9e Nationale, la nouvelle Directrice de la coop\u00e9ration et des relations Interparlementaires , Mme Mouminatou Barry a pris fonction - C\u00f4te d&#039;Ivoire\",\"isPartOf\":{\"@id\":\"https:\/\/www.africa-press.net\/cotedivoire\/#website\"},\"primaryImageOfPage\":{\"@id\":\"https:\/\/www.africa-press.net\/cotedivoire\/politique\/assemblee-nationale-la-nouvelle-directrice-de-la-cooperation-et-des-relations-interparlementaires-mme-mouminatou-barry-a-pris-fonction#primaryimage\"},\"image\":{\"@id\":\"https:\/\/www.africa-press.net\/cotedivoire\/politique\/assemblee-nationale-la-nouvelle-directrice-de-la-cooperation-et-des-relations-interparlementaires-mme-mouminatou-barry-a-pris-fonction#primaryimage\"},\"thumbnailUrl\":\"https:\/\/static.africa-press.net\/cote\/sites\/43\/2022\/08\/postQueueImg_16-62fe79584f534.jpg\",\"datePublished\":\"2022-08-18T16:48:21+00:00\",\"dateModified\":\"2022-08-18T17:40:00+00:00\",\"author\":{\"@id\":\"https:\/\/www.africa-press.net\/cotedivoire\/#\/schema\/person\/2b1cf3cd81a31e3cd26889ca66d677f1\"},\"description\":\"La nouvelle Directrice de la coop\u00e9ration et des relations Interparlementaires de l\u2019Assembl\u00e9e Nationale Madame Mouminatou ...\",\"breadcrumb\":{\"@id\":\"https:\/\/www.africa-press.net\/cotedivoire\/politique\/assemblee-nationale-la-nouvelle-directrice-de-la-cooperation-et-des-relations-interparlementaires-mme-mouminatou-barry-a-pris-fonction#breadcrumb\"},\"inLanguage\":\"fr-FR\",\"potentialAction\":[{\"@type\":\"ReadAction\",\"target\":[\"https:\/\/www.africa-press.net\/cotedivoire\/politique\/assemblee-nationale-la-nouvelle-directrice-de-la-cooperation-et-des-relations-interparlementaires-mme-mouminatou-barry-a-pris-fonction\"]}]},{\"@type\":\"ImageObject\",\"inLanguage\":\"fr-FR\",\"@id\":\"https:\/\/www.africa-press.net\/cotedivoire\/politique\/assemblee-nationale-la-nouvelle-directrice-de-la-cooperation-et-des-relations-interparlementaires-mme-mouminatou-barry-a-pris-fonction#primaryimage\",\"url\":\"https:\/\/static.africa-press.net\/cote\/sites\/43\/2022\/08\/postQueueImg_16-62fe79584f534.jpg\",\"contentUrl\":\"https:\/\/static.africa-press.net\/cote\/sites\/43\/2022\/08\/postQueueImg_16-62fe79584f534.jpg\",\"width\":720,\"height\":480,\"caption\":\"Assembl\u00e9e Nationale, la nouvelle Directrice de la coop\u00e9ration et des relations Interparlementaires , Mme Mouminatou Barry a pris fonction\"},{\"@type\":\"BreadcrumbList\",\"@id\":\"https:\/\/www.africa-press.net\/cotedivoire\/politique\/assemblee-nationale-la-nouvelle-directrice-de-la-cooperation-et-des-relations-interparlementaires-mme-mouminatou-barry-a-pris-fonction#breadcrumb\",\"itemListElement\":[{\"@type\":\"ListItem\",\"position\":1,\"name\":\"Accueil\",\"item\":\"https:\/\/www.africa-press.net\/cotedivoire\/\"},{\"@type\":\"ListItem\",\"position\":2,\"name\":\"Assembl\u00e9e Nationale, la nouvelle Directrice de la coop\u00e9ration et des relations Interparlementaires , Mme Mouminatou Barry a pris fonction\"}]},{\"@type\":\"WebSite\",\"@id\":\"https:\/\/www.africa-press.net\/cotedivoire\/#website\",\"url\":\"https:\/\/www.africa-press.net\/cotedivoire\/\",\"name\":\"C\u00f4te d&#039;Ivoire\",\"description\":\"Just another Africa News Agency Sites site\",\"potentialAction\":[{\"@type\":\"SearchAction\",\"target\":{\"@type\":\"EntryPoint\",\"urlTemplate\":\"https:\/\/www.africa-press.net\/cotedivoire\/?s={search_term_string}\"},\"query-input\":{\"@type\":\"PropertyValueSpecification\",\"valueRequired\":true,\"valueName\":\"search_term_string\"}}],\"inLanguage\":\"fr-FR\"},{\"@type\":\"Person\",\"@id\":\"https:\/\/www.africa-press.net\/cotedivoire\/#\/schema\/person\/2b1cf3cd81a31e3cd26889ca66d677f1\",\"name\":\"cfeditorfr\"}]}<\/script>\n<!-- \/ Yoast SEO Premium plugin. -->","yoast_head_json":{"title":"Assembl\u00e9e Nationale, la nouvelle Directrice de la coop\u00e9ration et des relations Interparlementaires , Mme Mouminatou Barry a pris fonction - C\u00f4te d&#039;Ivoire","description":"La nouvelle Directrice de la coop\u00e9ration et des relations Interparlementaires de l\u2019Assembl\u00e9e Nationale Madame Mouminatou ...","robots":{"index":"index","follow":"follow","max-snippet":"max-snippet:-1","max-image-preview":"max-image-preview:large","max-video-preview":"max-video-preview:-1"},"canonical":"https:\/\/www.africa-press.net\/cotedivoire\/politique\/assemblee-nationale-la-nouvelle-directrice-de-la-cooperation-et-des-relations-interparlementaires-mme-mouminatou-barry-a-pris-fonction","og_locale":"fr_FR","og_type":"article","og_title":"Assembl\u00e9e Nationale, la nouvelle Directrice de la coop\u00e9ration et des relations Interparlementaires , Mme Mouminatou Barry a pris fonction","og_description":"La nouvelle Directrice de la coop\u00e9ration et des relations Interparlementaires de l\u2019Assembl\u00e9e Nationale Madame Mouminatou ...","og_url":"https:\/\/www.africa-press.net\/cotedivoire\/politique\/assemblee-nationale-la-nouvelle-directrice-de-la-cooperation-et-des-relations-interparlementaires-mme-mouminatou-barry-a-pris-fonction","og_site_name":"C\u00f4te d&#039;Ivoire","article_published_time":"2022-08-18T16:48:21+00:00","article_modified_time":"2022-08-18T17:40:00+00:00","og_image":[{"width":720,"height":480,"url":"https:\/\/static.africa-press.net\/cote\/sites\/43\/2022\/08\/postQueueImg_16-62fe79584f534.jpg","type":"image\/jpeg"}],"author":"cfeditorfr","twitter_card":"summary_large_image","twitter_misc":{"\u00c9crit par":"cfeditorfr","Dur\u00e9e de lecture estim\u00e9e":"2 minutes"},"schema":{"@context":"https:\/\/schema.org","@graph":[{"@type":"Article","@id":"https:\/\/www.africa-press.net\/cotedivoire\/politique\/assemblee-nationale-la-nouvelle-directrice-de-la-cooperation-et-des-relations-interparlementaires-mme-mouminatou-barry-a-pris-fonction#article","isPartOf":{"@id":"https:\/\/www.africa-press.net\/cotedivoire\/politique\/assemblee-nationale-la-nouvelle-directrice-de-la-cooperation-et-des-relations-interparlementaires-mme-mouminatou-barry-a-pris-fonction"},"author":{"name":"cfeditorfr","@id":"https:\/\/www.africa-press.net\/cotedivoire\/#\/schema\/person\/2b1cf3cd81a31e3cd26889ca66d677f1"},"headline":"Assembl\u00e9e Nationale, la nouvelle Directrice de la coop\u00e9ration et des relations Interparlementaires , Mme Mouminatou Barry a pris fonction","datePublished":"2022-08-18T16:48:21+00:00","dateModified":"2022-08-18T17:40:00+00:00","mainEntityOfPage":{"@id":"https:\/\/www.africa-press.net\/cotedivoire\/politique\/assemblee-nationale-la-nouvelle-directrice-de-la-cooperation-et-des-relations-interparlementaires-mme-mouminatou-barry-a-pris-fonction"},"wordCount":308,"commentCount":0,"image":{"@id":"https:\/\/www.africa-press.net\/cotedivoire\/politique\/assemblee-nationale-la-nouvelle-directrice-de-la-cooperation-et-des-relations-interparlementaires-mme-mouminatou-barry-a-pris-fonction#primaryimage"},"thumbnailUrl":"https:\/\/static.africa-press.net\/cote\/sites\/43\/2022\/08\/postQueueImg_16-62fe79584f534.jpg","keywords":["Adama Bictogo","Africa Press","Africa Press-C\u00f4te d'Ivoire","Assembl\u00e9e nationale","C\u00d4TE D'IVOIRE","D\u00e9sir\u00e9 N(Guessan","Diomand\u00e9 Aboubacar","Mouminatou Barry"],"articleSection":["homepage-french","Politique","Toutes les actualit\u00e9s"],"inLanguage":"fr-FR","potentialAction":[{"@type":"CommentAction","name":"Comment","target":["https:\/\/www.africa-press.net\/cotedivoire\/politique\/assemblee-nationale-la-nouvelle-directrice-de-la-cooperation-et-des-relations-interparlementaires-mme-mouminatou-barry-a-pris-fonction#respond"]}]},{"@type":"WebPage","@id":"https:\/\/www.africa-press.net\/cotedivoire\/politique\/assemblee-nationale-la-nouvelle-directrice-de-la-cooperation-et-des-relations-interparlementaires-mme-mouminatou-barry-a-pris-fonction","url":"https:\/\/www.africa-press.net\/cotedivoire\/politique\/assemblee-nationale-la-nouvelle-directrice-de-la-cooperation-et-des-relations-interparlementaires-mme-mouminatou-barry-a-pris-fonction","name":"Assembl\u00e9e Nationale, la nouvelle Directrice de la coop\u00e9ration et des relations Interparlementaires , Mme Mouminatou Barry a pris fonction - C\u00f4te d&#039;Ivoire","isPartOf":{"@id":"https:\/\/www.africa-press.net\/cotedivoire\/#website"},"primaryImageOfPage":{"@id":"https:\/\/www.africa-press.net\/cotedivoire\/politique\/assemblee-nationale-la-nouvelle-directrice-de-la-cooperation-et-des-relations-interparlementaires-mme-mouminatou-barry-a-pris-fonction#primaryimage"},"image":{"@id":"https:\/\/www.africa-press.net\/cotedivoire\/politique\/assemblee-nationale-la-nouvelle-directrice-de-la-cooperation-et-des-relations-interparlementaires-mme-mouminatou-barry-a-pris-fonction#primaryimage"},"thumbnailUrl":"https:\/\/static.africa-press.net\/cote\/sites\/43\/2022\/08\/postQueueImg_16-62fe79584f534.jpg","datePublished":"2022-08-18T16:48:21+00:00","dateModified":"2022-08-18T17:40:00+00:00","author":{"@id":"https:\/\/www.africa-press.net\/cotedivoire\/#\/schema\/person\/2b1cf3cd81a31e3cd26889ca66d677f1"},"description":"La nouvelle Directrice de la coop\u00e9ration et des relations Interparlementaires de l\u2019Assembl\u00e9e Nationale Madame Mouminatou ...","breadcrumb":{"@id":"https:\/\/www.africa-press.net\/cotedivoire\/politique\/assemblee-nationale-la-nouvelle-directrice-de-la-cooperation-et-des-relations-interparlementaires-mme-mouminatou-barry-a-pris-fonction#breadcrumb"},"inLanguage":"fr-FR","potentialAction":[{"@type":"ReadAction","target":["https:\/\/www.africa-press.net\/cotedivoire\/politique\/assemblee-nationale-la-nouvelle-directrice-de-la-cooperation-et-des-relations-interparlementaires-mme-mouminatou-barry-a-pris-fonction"]}]},{"@type":"ImageObject","inLanguage":"fr-FR","@id":"https:\/\/www.africa-press.net\/cotedivoire\/politique\/assemblee-nationale-la-nouvelle-directrice-de-la-cooperation-et-des-relations-interparlementaires-mme-mouminatou-barry-a-pris-fonction#primaryimage","url":"https:\/\/static.africa-press.net\/cote\/sites\/43\/2022\/08\/postQueueImg_16-62fe79584f534.jpg","contentUrl":"https:\/\/static.africa-press.net\/cote\/sites\/43\/2022\/08\/postQueueImg_16-62fe79584f534.jpg","width":720,"height":480,"caption":"Assembl\u00e9e Nationale, la nouvelle Directrice de la coop\u00e9ration et des relations Interparlementaires , Mme Mouminatou Barry a pris fonction"},{"@type":"BreadcrumbList","@id":"https:\/\/www.africa-press.net\/cotedivoire\/politique\/assemblee-nationale-la-nouvelle-directrice-de-la-cooperation-et-des-relations-interparlementaires-mme-mouminatou-barry-a-pris-fonction#breadcrumb","itemListElement":[{"@type":"ListItem","position":1,"name":"Accueil","item":"https:\/\/www.africa-press.net\/cotedivoire\/"},{"@type":"ListItem","position":2,"name":"Assembl\u00e9e Nationale, la nouvelle Directrice de la coop\u00e9ration et des relations Interparlementaires , Mme Mouminatou Barry a pris fonction"}]},{"@type":"WebSite","@id":"https:\/\/www.africa-press.net\/cotedivoire\/#website","url":"https:\/\/www.africa-press.net\/cotedivoire\/","name":"C\u00f4te d&#039;Ivoire","description":"Just another Africa News Agency Sites site","potentialAction":[{"@type":"SearchAction","target":{"@type":"EntryPoint","urlTemplate":"https:\/\/www.africa-press.net\/cotedivoire\/?s={search_term_string}"},"query-input":{"@type":"PropertyValueSpecification","valueRequired":true,"valueName":"search_term_string"}}],"inLanguage":"fr-FR"},{"@type":"Person","@id":"https:\/\/www.africa-press.net\/cotedivoire\/#\/schema\/person\/2b1cf3cd81a31e3cd26889ca66d677f1","name":"cfeditorfr"}]}},"_links":{"self":[{"href":"https:\/\/www.africa-press.net\/cotedivoire\/wp-json\/wp\/v2\/posts\/43355","targetHints":{"allow":["GET"]}}],"collection":[{"href":"https:\/\/www.africa-press.net\/cotedivoire\/wp-json\/wp\/v2\/posts"}],"about":[{"href":"https:\/\/www.africa-press.net\/cotedivoire\/wp-json\/wp\/v2\/types\/post"}],"author":[{"embeddable":true,"href":"https:\/\/www.africa-press.net\/cotedivoire\/wp-json\/wp\/v2\/users\/82"}],"replies":[{"embeddable":true,"href":"https:\/\/www.africa-press.net\/cotedivoire\/wp-json\/wp\/v2\/comments?post=43355"}],"version-history":[{"count":0,"href":"https:\/\/www.africa-press.net\/cotedivoire\/wp-json\/wp\/v2\/posts\/43355\/revisions"}],"wp:featuredmedia":[{"embeddable":true,"href":"https:\/\/www.africa-press.net\/cotedivoire\/wp-json\/wp\/v2\/media\/43354"}],"wp:attachment":[{"href":"https:\/\/www.africa-press.net\/cotedivoire\/wp-json\/wp\/v2\/media?parent=43355"}],"wp:term":[{"taxonomy":"category","embeddable":true,"href":"https:\/\/www.africa-press.net\/cotedivoire\/wp-json\/wp\/v2\/categories?post=43355"},{"taxonomy":"post_tag","embeddable":true,"href":"https:\/\/www.africa-press.net\/cotedivoire\/wp-json\/wp\/v2\/tags?post=43355"}],"curies":[{"name":"wp","href":"https:\/\/api.w.org\/{rel}","templated":true}]}}