{"id":43675,"date":"2022-08-23T17:35:05","date_gmt":"2022-08-23T17:35:05","guid":{"rendered":"https:\/\/www.africa-press.net\/cotedivoire\/politique\/49-soldats-ivoiriens-ecroues-au-mali-en-tournee-a-linterieur-du-pays-lappel-de-la-conasu-aux-populations-voici-laction-menee-a-la-frontiere-malienne-de-pogo"},"modified":"2022-08-23T17:43:16","modified_gmt":"2022-08-23T17:43:16","slug":"49-soldats-ivoiriens-ecroues-au-mali-en-tournee-a-linterieur-du-pays-lappel-de-la-conasu-aux-populations-voici-laction-menee-a-la-frontiere-malienne-de-pogo","status":"publish","type":"post","link":"https:\/\/www.africa-press.net\/cotedivoire\/politique\/49-soldats-ivoiriens-ecroues-au-mali-en-tournee-a-linterieur-du-pays-lappel-de-la-conasu-aux-populations-voici-laction-menee-a-la-frontiere-malienne-de-pogo","title":{"rendered":"49 soldats ivoiriens \u00e9crou\u00e9s au Mali, en tourn\u00e9e \u00e0 l&rsquo;int\u00e9rieur du Pays, l&rsquo;appel de la CONASU aux populations, voici l&rsquo;action men\u00e9e \u00e0 la fronti\u00e8re malienne de Pogo"},"content":{"rendered":"<p><span style=\"color: #ff6600\"><strong>Africa-Press &#8211; C\u00f4te d&rsquo;Ivoire. <\/strong><\/span>Les responsables de la Coalition nationale pour le sursaut (CONASU), ont d\u00e9cid\u00e9 de tirer le taureau par les cornes. La situation des quarante-neuf soldats ivoiriens d\u00e9tenus depuis plus d\u2019un mois au Mali et \u00e9crou\u00e9s par la justice malienne est au centre de la pr\u00e9occupation des jeunes leaders de la CONASU.<\/p>\n<p>Cette coalition des jeunes de plusieurs partis politiques et de la soci\u00e9t\u00e9 civile a d\u00e9cid\u00e9, apr\u00e8s la marche organis\u00e9e \u00e0 Abidjan et qui a vu l\u2019emp\u00eachement de la tenue des concerts de certains artistes maliens, est en mission de sensibilisation depuis le vendredi 19 ao\u00fbt 2022 dans des villes de l\u2019int\u00e9rieur du Pays.<\/p>\n<p>En effet, Awassa Abdoul, l\u2019un des porte-parole de la CONASU et ses camarades \u00e9taient pour la premi\u00e8re \u00e9tape de cette journ\u00e9e, \u00e0 Yamoussoukro.<\/p>\n<p>Dans la capitale politique et administrative du Pays, les leaders de la CONASU y ont rencontr\u00e9 toutes les couches de la population.<\/p>\n<p>Ils ont invit\u00e9 les jeunes, femmes, religieux, chefferie traditionnelle et la communaut\u00e9 de la CEDEAO vivant \u00e0 Yamoussoukro la situation des 49 soldats ivoiriens \u00e9crou\u00e9s au Mali.<\/p>\n<p>Pour Awassa Abdoul et ses camarades de la CONASU, il \u00e9tait question d&rsquo;expliquer au mieux la situation des 49 militaires jet\u00e9s en prison au Mali par la junte militaire.<\/p>\n<p>\u00ab Nous avons trouv\u00e9 n\u00e9cessaire d&rsquo;aller \u00e0 la rencontre des populations \u00e0 l&rsquo;int\u00e9rieur du pays. Nous leur avons fait un expos\u00e9 clair de la situation de nos militaires incarc\u00e9r\u00e9s injustement \u00e0 Bamako. Pour nous ivoiriens, la situation fait mal et nous sommes meurtris. Mais \u00e0 la tribune, nous avons demand\u00e9 \u00e0 nos jeunes fr\u00e8res, \u00e0 la chefferie, aux communaut\u00e9s, \u00e0 la communaut\u00e9 CEDEAO et aux mamans de rester sereins puis de faire confiance au pr\u00e9sident de la R\u00e9publique, Alassane Ouattara. \u00bb, affirment-ils.<\/p>\n<p>Apr\u00e8s Yamoussoukro, les leaders de la CONASU ont mis le cap sur Bouak\u00e9 le samedi 20 ao\u00fbt 2022. Poursuivant leur mission de sensibilisation et de mobilisation, Awassa Abdoul et ses amis ont expliqu\u00e9 aux populations de la r\u00e9gion du Gb\u00eak\u00ea que s\u2019il est vrai que le chef de l\u2019Etat Alassane Ouattara a opt\u00e9 pour la voie diplomatique dans la r\u00e9solution de cette crise, il est n\u00e9cessaire pour les populations de rester mobilis\u00e9 pour exiger la lib\u00e9ration sans conditions des soldats ivoiriens.<\/p>\n<p>Ils ont aussi invit\u00e9 les populations de Bouak\u00e9 de ne pas se tromper d\u2019adversaires en s\u2019en prenant \u00e0 la communaut\u00e9 malienne en C\u00f4te d\u2019Ivoire.<\/p>\n<p>\u00ab Nous avons exhort\u00e9 la population de ne pas s&rsquo;en prendre \u00e0 la forte communaut\u00e9 malienne bas\u00e9e en C\u00f4te d&rsquo;Ivoire. Au contraire, nous les avons motiv\u00e9s \u00e0 nous rejoindre pour parler \u00e0 Assimi Go\u00efta et \u00e0 ses camarades afin que dans un bref d\u00e9lai nos fr\u00e8res militaires recouvrent leur libert\u00e9 et rentrent en C\u00f4te d&rsquo;Ivoire. Notre message a \u00e9t\u00e9 clair et nous attendons que les lignes bougent au niveau du Mali. Nous souhaitons simplement que la junte militaire au pouvoir au Mali per\u00e7oive les signaux que les Ivoiriens leurs envoient. \u00bb, pr\u00e9cise Awassa Abdoul.<\/p>\n<p>Apr\u00e8s l\u2019\u00e9tape de Bouak\u00e9, le cap sera mis sur la ville de Ferk\u00e9ss\u00e9dougou et de Korhogo. Le m\u00eame message \u00e0 la mobilisation sera v\u00e9hicul\u00e9 dans ces deux villes avant que les leaders de la CONASU mettent le cap sur Pogo, \u00e0 la fronti\u00e8re de la C\u00f4te d\u2019Ivoire avec le Mali.<\/p>\n<p>\u00c0 la fronti\u00e8re de Pogo, la CONASU a voulu mener des actions fortes pour attirer l\u2019attention des autorit\u00e9s maliennes sur la n\u00e9cessit\u00e9 de lib\u00e9rer les soldats ivoiriens.<\/p>\n<p>\u00ab On n\u2019a pas manqu\u00e9 d\u2019interpeller le chef de la junte Assimi Goita pour que nos 49 soldats soient lib\u00e9r\u00e9s \u00bb, l\u00e2che Awassa Abdoul.<\/p>\n<p>Enfin, \u00e0 la fronti\u00e8re malienne de Pogo, les responsables de la CONASU ont, avec la communaut\u00e9 malienne, plaid\u00e9 pour la lib\u00e9ration des 49 militaires ivoiriens.<\/p>\n<p><strong>Pour plus d&rsquo;informations et d&rsquo;analyses sur la <a href=\"https:\/\/www.africa-press.net\/cotedivoire\">C\u00f4te d&rsquo;Ivoire<\/a>, suivez <a href=\"https:\/\/www.africa-press.net\/\">Africa-Press<\/a><\/strong><\/p>\n","protected":false},"excerpt":{"rendered":"<p>Africa-Press &#8211; C\u00f4te d&rsquo;Ivoire. Les responsables de la Coalition nationale pour le sursaut (CONASU), ont d\u00e9cid\u00e9 de tirer le taureau par les cornes. La situation des quarante-neuf soldats ivoiriens d\u00e9tenus depuis plus d\u2019un mois au Mali et \u00e9crou\u00e9s par la justice malienne est au centre de la pr\u00e9occupation des jeunes leaders de la CONASU. Cette [&hellip;]<\/p>\n","protected":false},"author":82,"featured_media":43674,"comment_status":"open","ping_status":"closed","sticky":false,"template":"","format":"standard","meta":{"footnotes":""},"categories":[11,2,10],"tags":[56,63,3611,7392,1150,7242,29,1460,586,1897,395,7391,7359],"class_list":["post-43675","post","type-post","status-publish","format-standard","has-post-thumbnail","hentry","category-homepage-french","category-politique","category-toutes-les-actualites","tag-africa-press","tag-africa-press-cote-divoire","tag-assimi-goita","tag-awassa-abdoul","tag-cedeao","tag-conasu","tag-cote-divoire","tag-ferkessedougou","tag-ivoirien","tag-militaire","tag-pays","tag-pogo","tag-soldat"],"yoast_head":"<!-- This site is optimized with the Yoast SEO Premium plugin v26.1 (Yoast SEO v27.0) - https:\/\/yoast.com\/product\/yoast-seo-premium-wordpress\/ -->\n<title>49 soldats ivoiriens \u00e9crou\u00e9s au Mali, en tourn\u00e9e \u00e0 l&#039;int\u00e9rieur du Pays, l&#039;appel de la CONASU aux populations, voici l&#039;action men\u00e9e \u00e0 la fronti\u00e8re malienne de Pogo - C\u00f4te d&#039;Ivoire<\/title>\n<meta name=\"description\" content=\"Les responsables de la Coalition nationale pour le sursaut (CONASU), ont d\u00e9cid\u00e9 de tirer le taureau par les cornes. La s ...\" \/>\n<meta name=\"robots\" content=\"index, follow, max-snippet:-1, max-image-preview:large, max-video-preview:-1\" \/>\n<link rel=\"canonical\" href=\"https:\/\/www.africa-press.net\/cotedivoire\/politique\/49-soldats-ivoiriens-ecroues-au-mali-en-tournee-a-linterieur-du-pays-lappel-de-la-conasu-aux-populations-voici-laction-menee-a-la-frontiere-malienne-de-pogo\" \/>\n<meta property=\"og:locale\" content=\"fr_FR\" \/>\n<meta property=\"og:type\" content=\"article\" \/>\n<meta property=\"og:title\" content=\"49 soldats ivoiriens \u00e9crou\u00e9s au Mali, en tourn\u00e9e \u00e0 l&#039;int\u00e9rieur du Pays, l&#039;appel de la CONASU aux populations, voici l&#039;action men\u00e9e \u00e0 la fronti\u00e8re malienne de Pogo\" \/>\n<meta property=\"og:description\" content=\"Les responsables de la Coalition nationale pour le sursaut (CONASU), ont d\u00e9cid\u00e9 de tirer le taureau par les cornes. La s ...\" \/>\n<meta property=\"og:url\" content=\"https:\/\/www.africa-press.net\/cotedivoire\/politique\/49-soldats-ivoiriens-ecroues-au-mali-en-tournee-a-linterieur-du-pays-lappel-de-la-conasu-aux-populations-voici-laction-menee-a-la-frontiere-malienne-de-pogo\" \/>\n<meta property=\"og:site_name\" content=\"C\u00f4te d&#039;Ivoire\" \/>\n<meta property=\"article:published_time\" content=\"2022-08-23T17:35:05+00:00\" \/>\n<meta property=\"article:modified_time\" content=\"2022-08-23T17:43:16+00:00\" \/>\n<meta property=\"og:image\" content=\"https:\/\/static.africa-press.net\/cote\/sites\/43\/2022\/08\/postQueueImg_4-6305119c1c480.jpg\" \/>\n\t<meta property=\"og:image:width\" content=\"720\" \/>\n\t<meta property=\"og:image:height\" content=\"480\" \/>\n\t<meta property=\"og:image:type\" content=\"image\/jpeg\" \/>\n<meta name=\"author\" content=\"cfeditorfr\" \/>\n<meta name=\"twitter:card\" content=\"summary_large_image\" \/>\n<meta name=\"twitter:label1\" content=\"\u00c9crit par\" \/>\n\t<meta name=\"twitter:data1\" content=\"cfeditorfr\" \/>\n\t<meta name=\"twitter:label2\" content=\"Dur\u00e9e de lecture estim\u00e9e\" \/>\n\t<meta name=\"twitter:data2\" content=\"4 minutes\" \/>\n<script type=\"application\/ld+json\" class=\"yoast-schema-graph\">{\"@context\":\"https:\/\/schema.org\",\"@graph\":[{\"@type\":\"Article\",\"@id\":\"https:\/\/www.africa-press.net\/cotedivoire\/politique\/49-soldats-ivoiriens-ecroues-au-mali-en-tournee-a-linterieur-du-pays-lappel-de-la-conasu-aux-populations-voici-laction-menee-a-la-frontiere-malienne-de-pogo#article\",\"isPartOf\":{\"@id\":\"https:\/\/www.africa-press.net\/cotedivoire\/politique\/49-soldats-ivoiriens-ecroues-au-mali-en-tournee-a-linterieur-du-pays-lappel-de-la-conasu-aux-populations-voici-laction-menee-a-la-frontiere-malienne-de-pogo\"},\"author\":{\"name\":\"cfeditorfr\",\"@id\":\"https:\/\/www.africa-press.net\/cotedivoire\/#\/schema\/person\/2b1cf3cd81a31e3cd26889ca66d677f1\"},\"headline\":\"49 soldats ivoiriens \u00e9crou\u00e9s au Mali, en tourn\u00e9e \u00e0 l&rsquo;int\u00e9rieur du Pays, l&rsquo;appel de la CONASU aux populations, voici l&rsquo;action men\u00e9e \u00e0 la fronti\u00e8re malienne de Pogo\",\"datePublished\":\"2022-08-23T17:35:05+00:00\",\"dateModified\":\"2022-08-23T17:43:16+00:00\",\"mainEntityOfPage\":{\"@id\":\"https:\/\/www.africa-press.net\/cotedivoire\/politique\/49-soldats-ivoiriens-ecroues-au-mali-en-tournee-a-linterieur-du-pays-lappel-de-la-conasu-aux-populations-voici-laction-menee-a-la-frontiere-malienne-de-pogo\"},\"wordCount\":707,\"commentCount\":0,\"image\":{\"@id\":\"https:\/\/www.africa-press.net\/cotedivoire\/politique\/49-soldats-ivoiriens-ecroues-au-mali-en-tournee-a-linterieur-du-pays-lappel-de-la-conasu-aux-populations-voici-laction-menee-a-la-frontiere-malienne-de-pogo#primaryimage\"},\"thumbnailUrl\":\"https:\/\/static.africa-press.net\/cote\/sites\/43\/2022\/08\/postQueueImg_4-6305119c1c480.jpg\",\"keywords\":[\"Africa Press\",\"Africa Press-C\u00f4te d'Ivoire\",\"Assimi Go\u00efta\",\"Awassa Abdoul\",\"CEDEAO\",\"CONASU\",\"C\u00d4TE D'IVOIRE\",\"Ferkessedougou\",\"ivoirien\",\"militaire\",\"Pays\",\"Pogo\",\"soldat\"],\"articleSection\":[\"homepage-french\",\"Politique\",\"Toutes les actualit\u00e9s\"],\"inLanguage\":\"fr-FR\",\"potentialAction\":[{\"@type\":\"CommentAction\",\"name\":\"Comment\",\"target\":[\"https:\/\/www.africa-press.net\/cotedivoire\/politique\/49-soldats-ivoiriens-ecroues-au-mali-en-tournee-a-linterieur-du-pays-lappel-de-la-conasu-aux-populations-voici-laction-menee-a-la-frontiere-malienne-de-pogo#respond\"]}]},{\"@type\":\"WebPage\",\"@id\":\"https:\/\/www.africa-press.net\/cotedivoire\/politique\/49-soldats-ivoiriens-ecroues-au-mali-en-tournee-a-linterieur-du-pays-lappel-de-la-conasu-aux-populations-voici-laction-menee-a-la-frontiere-malienne-de-pogo\",\"url\":\"https:\/\/www.africa-press.net\/cotedivoire\/politique\/49-soldats-ivoiriens-ecroues-au-mali-en-tournee-a-linterieur-du-pays-lappel-de-la-conasu-aux-populations-voici-laction-menee-a-la-frontiere-malienne-de-pogo\",\"name\":\"49 soldats ivoiriens \u00e9crou\u00e9s au Mali, en tourn\u00e9e \u00e0 l'int\u00e9rieur du Pays, l'appel de la CONASU aux populations, voici l'action men\u00e9e \u00e0 la fronti\u00e8re malienne de Pogo - C\u00f4te d&#039;Ivoire\",\"isPartOf\":{\"@id\":\"https:\/\/www.africa-press.net\/cotedivoire\/#website\"},\"primaryImageOfPage\":{\"@id\":\"https:\/\/www.africa-press.net\/cotedivoire\/politique\/49-soldats-ivoiriens-ecroues-au-mali-en-tournee-a-linterieur-du-pays-lappel-de-la-conasu-aux-populations-voici-laction-menee-a-la-frontiere-malienne-de-pogo#primaryimage\"},\"image\":{\"@id\":\"https:\/\/www.africa-press.net\/cotedivoire\/politique\/49-soldats-ivoiriens-ecroues-au-mali-en-tournee-a-linterieur-du-pays-lappel-de-la-conasu-aux-populations-voici-laction-menee-a-la-frontiere-malienne-de-pogo#primaryimage\"},\"thumbnailUrl\":\"https:\/\/static.africa-press.net\/cote\/sites\/43\/2022\/08\/postQueueImg_4-6305119c1c480.jpg\",\"datePublished\":\"2022-08-23T17:35:05+00:00\",\"dateModified\":\"2022-08-23T17:43:16+00:00\",\"author\":{\"@id\":\"https:\/\/www.africa-press.net\/cotedivoire\/#\/schema\/person\/2b1cf3cd81a31e3cd26889ca66d677f1\"},\"description\":\"Les responsables de la Coalition nationale pour le sursaut (CONASU), ont d\u00e9cid\u00e9 de tirer le taureau par les cornes. La s ...\",\"breadcrumb\":{\"@id\":\"https:\/\/www.africa-press.net\/cotedivoire\/politique\/49-soldats-ivoiriens-ecroues-au-mali-en-tournee-a-linterieur-du-pays-lappel-de-la-conasu-aux-populations-voici-laction-menee-a-la-frontiere-malienne-de-pogo#breadcrumb\"},\"inLanguage\":\"fr-FR\",\"potentialAction\":[{\"@type\":\"ReadAction\",\"target\":[\"https:\/\/www.africa-press.net\/cotedivoire\/politique\/49-soldats-ivoiriens-ecroues-au-mali-en-tournee-a-linterieur-du-pays-lappel-de-la-conasu-aux-populations-voici-laction-menee-a-la-frontiere-malienne-de-pogo\"]}]},{\"@type\":\"ImageObject\",\"inLanguage\":\"fr-FR\",\"@id\":\"https:\/\/www.africa-press.net\/cotedivoire\/politique\/49-soldats-ivoiriens-ecroues-au-mali-en-tournee-a-linterieur-du-pays-lappel-de-la-conasu-aux-populations-voici-laction-menee-a-la-frontiere-malienne-de-pogo#primaryimage\",\"url\":\"https:\/\/static.africa-press.net\/cote\/sites\/43\/2022\/08\/postQueueImg_4-6305119c1c480.jpg\",\"contentUrl\":\"https:\/\/static.africa-press.net\/cote\/sites\/43\/2022\/08\/postQueueImg_4-6305119c1c480.jpg\",\"width\":720,\"height\":480,\"caption\":\"49 soldats ivoiriens \u00e9crou\u00e9s au Mali, en tourn\u00e9e \u00e0 l'int\u00e9rieur du Pays, l'appel de la CONASU aux populations, voici l'action men\u00e9e \u00e0 la fronti\u00e8re malienne de Pogo\"},{\"@type\":\"BreadcrumbList\",\"@id\":\"https:\/\/www.africa-press.net\/cotedivoire\/politique\/49-soldats-ivoiriens-ecroues-au-mali-en-tournee-a-linterieur-du-pays-lappel-de-la-conasu-aux-populations-voici-laction-menee-a-la-frontiere-malienne-de-pogo#breadcrumb\",\"itemListElement\":[{\"@type\":\"ListItem\",\"position\":1,\"name\":\"Accueil\",\"item\":\"https:\/\/www.africa-press.net\/cotedivoire\/\"},{\"@type\":\"ListItem\",\"position\":2,\"name\":\"49 soldats ivoiriens \u00e9crou\u00e9s au Mali, en tourn\u00e9e \u00e0 l&#8217;int\u00e9rieur du Pays, l&#8217;appel de la CONASU aux populations, voici l&#8217;action men\u00e9e \u00e0 la fronti\u00e8re malienne de Pogo\"}]},{\"@type\":\"WebSite\",\"@id\":\"https:\/\/www.africa-press.net\/cotedivoire\/#website\",\"url\":\"https:\/\/www.africa-press.net\/cotedivoire\/\",\"name\":\"C\u00f4te d&#039;Ivoire\",\"description\":\"Just another Africa News Agency Sites site\",\"potentialAction\":[{\"@type\":\"SearchAction\",\"target\":{\"@type\":\"EntryPoint\",\"urlTemplate\":\"https:\/\/www.africa-press.net\/cotedivoire\/?s={search_term_string}\"},\"query-input\":{\"@type\":\"PropertyValueSpecification\",\"valueRequired\":true,\"valueName\":\"search_term_string\"}}],\"inLanguage\":\"fr-FR\"},{\"@type\":\"Person\",\"@id\":\"https:\/\/www.africa-press.net\/cotedivoire\/#\/schema\/person\/2b1cf3cd81a31e3cd26889ca66d677f1\",\"name\":\"cfeditorfr\"}]}<\/script>\n<!-- \/ Yoast SEO Premium plugin. -->","yoast_head_json":{"title":"49 soldats ivoiriens \u00e9crou\u00e9s au Mali, en tourn\u00e9e \u00e0 l'int\u00e9rieur du Pays, l'appel de la CONASU aux populations, voici l'action men\u00e9e \u00e0 la fronti\u00e8re malienne de Pogo - C\u00f4te d&#039;Ivoire","description":"Les responsables de la Coalition nationale pour le sursaut (CONASU), ont d\u00e9cid\u00e9 de tirer le taureau par les cornes. La s ...","robots":{"index":"index","follow":"follow","max-snippet":"max-snippet:-1","max-image-preview":"max-image-preview:large","max-video-preview":"max-video-preview:-1"},"canonical":"https:\/\/www.africa-press.net\/cotedivoire\/politique\/49-soldats-ivoiriens-ecroues-au-mali-en-tournee-a-linterieur-du-pays-lappel-de-la-conasu-aux-populations-voici-laction-menee-a-la-frontiere-malienne-de-pogo","og_locale":"fr_FR","og_type":"article","og_title":"49 soldats ivoiriens \u00e9crou\u00e9s au Mali, en tourn\u00e9e \u00e0 l'int\u00e9rieur du Pays, l'appel de la CONASU aux populations, voici l'action men\u00e9e \u00e0 la fronti\u00e8re malienne de Pogo","og_description":"Les responsables de la Coalition nationale pour le sursaut (CONASU), ont d\u00e9cid\u00e9 de tirer le taureau par les cornes. La s ...","og_url":"https:\/\/www.africa-press.net\/cotedivoire\/politique\/49-soldats-ivoiriens-ecroues-au-mali-en-tournee-a-linterieur-du-pays-lappel-de-la-conasu-aux-populations-voici-laction-menee-a-la-frontiere-malienne-de-pogo","og_site_name":"C\u00f4te d&#039;Ivoire","article_published_time":"2022-08-23T17:35:05+00:00","article_modified_time":"2022-08-23T17:43:16+00:00","og_image":[{"width":720,"height":480,"url":"https:\/\/static.africa-press.net\/cote\/sites\/43\/2022\/08\/postQueueImg_4-6305119c1c480.jpg","type":"image\/jpeg"}],"author":"cfeditorfr","twitter_card":"summary_large_image","twitter_misc":{"\u00c9crit par":"cfeditorfr","Dur\u00e9e de lecture estim\u00e9e":"4 minutes"},"schema":{"@context":"https:\/\/schema.org","@graph":[{"@type":"Article","@id":"https:\/\/www.africa-press.net\/cotedivoire\/politique\/49-soldats-ivoiriens-ecroues-au-mali-en-tournee-a-linterieur-du-pays-lappel-de-la-conasu-aux-populations-voici-laction-menee-a-la-frontiere-malienne-de-pogo#article","isPartOf":{"@id":"https:\/\/www.africa-press.net\/cotedivoire\/politique\/49-soldats-ivoiriens-ecroues-au-mali-en-tournee-a-linterieur-du-pays-lappel-de-la-conasu-aux-populations-voici-laction-menee-a-la-frontiere-malienne-de-pogo"},"author":{"name":"cfeditorfr","@id":"https:\/\/www.africa-press.net\/cotedivoire\/#\/schema\/person\/2b1cf3cd81a31e3cd26889ca66d677f1"},"headline":"49 soldats ivoiriens \u00e9crou\u00e9s au Mali, en tourn\u00e9e \u00e0 l&rsquo;int\u00e9rieur du Pays, l&rsquo;appel de la CONASU aux populations, voici l&rsquo;action men\u00e9e \u00e0 la fronti\u00e8re malienne de Pogo","datePublished":"2022-08-23T17:35:05+00:00","dateModified":"2022-08-23T17:43:16+00:00","mainEntityOfPage":{"@id":"https:\/\/www.africa-press.net\/cotedivoire\/politique\/49-soldats-ivoiriens-ecroues-au-mali-en-tournee-a-linterieur-du-pays-lappel-de-la-conasu-aux-populations-voici-laction-menee-a-la-frontiere-malienne-de-pogo"},"wordCount":707,"commentCount":0,"image":{"@id":"https:\/\/www.africa-press.net\/cotedivoire\/politique\/49-soldats-ivoiriens-ecroues-au-mali-en-tournee-a-linterieur-du-pays-lappel-de-la-conasu-aux-populations-voici-laction-menee-a-la-frontiere-malienne-de-pogo#primaryimage"},"thumbnailUrl":"https:\/\/static.africa-press.net\/cote\/sites\/43\/2022\/08\/postQueueImg_4-6305119c1c480.jpg","keywords":["Africa Press","Africa Press-C\u00f4te d'Ivoire","Assimi Go\u00efta","Awassa Abdoul","CEDEAO","CONASU","C\u00d4TE D'IVOIRE","Ferkessedougou","ivoirien","militaire","Pays","Pogo","soldat"],"articleSection":["homepage-french","Politique","Toutes les actualit\u00e9s"],"inLanguage":"fr-FR","potentialAction":[{"@type":"CommentAction","name":"Comment","target":["https:\/\/www.africa-press.net\/cotedivoire\/politique\/49-soldats-ivoiriens-ecroues-au-mali-en-tournee-a-linterieur-du-pays-lappel-de-la-conasu-aux-populations-voici-laction-menee-a-la-frontiere-malienne-de-pogo#respond"]}]},{"@type":"WebPage","@id":"https:\/\/www.africa-press.net\/cotedivoire\/politique\/49-soldats-ivoiriens-ecroues-au-mali-en-tournee-a-linterieur-du-pays-lappel-de-la-conasu-aux-populations-voici-laction-menee-a-la-frontiere-malienne-de-pogo","url":"https:\/\/www.africa-press.net\/cotedivoire\/politique\/49-soldats-ivoiriens-ecroues-au-mali-en-tournee-a-linterieur-du-pays-lappel-de-la-conasu-aux-populations-voici-laction-menee-a-la-frontiere-malienne-de-pogo","name":"49 soldats ivoiriens \u00e9crou\u00e9s au Mali, en tourn\u00e9e \u00e0 l'int\u00e9rieur du Pays, l'appel de la CONASU aux populations, voici l'action men\u00e9e \u00e0 la fronti\u00e8re malienne de Pogo - C\u00f4te d&#039;Ivoire","isPartOf":{"@id":"https:\/\/www.africa-press.net\/cotedivoire\/#website"},"primaryImageOfPage":{"@id":"https:\/\/www.africa-press.net\/cotedivoire\/politique\/49-soldats-ivoiriens-ecroues-au-mali-en-tournee-a-linterieur-du-pays-lappel-de-la-conasu-aux-populations-voici-laction-menee-a-la-frontiere-malienne-de-pogo#primaryimage"},"image":{"@id":"https:\/\/www.africa-press.net\/cotedivoire\/politique\/49-soldats-ivoiriens-ecroues-au-mali-en-tournee-a-linterieur-du-pays-lappel-de-la-conasu-aux-populations-voici-laction-menee-a-la-frontiere-malienne-de-pogo#primaryimage"},"thumbnailUrl":"https:\/\/static.africa-press.net\/cote\/sites\/43\/2022\/08\/postQueueImg_4-6305119c1c480.jpg","datePublished":"2022-08-23T17:35:05+00:00","dateModified":"2022-08-23T17:43:16+00:00","author":{"@id":"https:\/\/www.africa-press.net\/cotedivoire\/#\/schema\/person\/2b1cf3cd81a31e3cd26889ca66d677f1"},"description":"Les responsables de la Coalition nationale pour le sursaut (CONASU), ont d\u00e9cid\u00e9 de tirer le taureau par les cornes. La s ...","breadcrumb":{"@id":"https:\/\/www.africa-press.net\/cotedivoire\/politique\/49-soldats-ivoiriens-ecroues-au-mali-en-tournee-a-linterieur-du-pays-lappel-de-la-conasu-aux-populations-voici-laction-menee-a-la-frontiere-malienne-de-pogo#breadcrumb"},"inLanguage":"fr-FR","potentialAction":[{"@type":"ReadAction","target":["https:\/\/www.africa-press.net\/cotedivoire\/politique\/49-soldats-ivoiriens-ecroues-au-mali-en-tournee-a-linterieur-du-pays-lappel-de-la-conasu-aux-populations-voici-laction-menee-a-la-frontiere-malienne-de-pogo"]}]},{"@type":"ImageObject","inLanguage":"fr-FR","@id":"https:\/\/www.africa-press.net\/cotedivoire\/politique\/49-soldats-ivoiriens-ecroues-au-mali-en-tournee-a-linterieur-du-pays-lappel-de-la-conasu-aux-populations-voici-laction-menee-a-la-frontiere-malienne-de-pogo#primaryimage","url":"https:\/\/static.africa-press.net\/cote\/sites\/43\/2022\/08\/postQueueImg_4-6305119c1c480.jpg","contentUrl":"https:\/\/static.africa-press.net\/cote\/sites\/43\/2022\/08\/postQueueImg_4-6305119c1c480.jpg","width":720,"height":480,"caption":"49 soldats ivoiriens \u00e9crou\u00e9s au Mali, en tourn\u00e9e \u00e0 l'int\u00e9rieur du Pays, l'appel de la CONASU aux populations, voici l'action men\u00e9e \u00e0 la fronti\u00e8re malienne de Pogo"},{"@type":"BreadcrumbList","@id":"https:\/\/www.africa-press.net\/cotedivoire\/politique\/49-soldats-ivoiriens-ecroues-au-mali-en-tournee-a-linterieur-du-pays-lappel-de-la-conasu-aux-populations-voici-laction-menee-a-la-frontiere-malienne-de-pogo#breadcrumb","itemListElement":[{"@type":"ListItem","position":1,"name":"Accueil","item":"https:\/\/www.africa-press.net\/cotedivoire\/"},{"@type":"ListItem","position":2,"name":"49 soldats ivoiriens \u00e9crou\u00e9s au Mali, en tourn\u00e9e \u00e0 l&#8217;int\u00e9rieur du Pays, l&#8217;appel de la CONASU aux populations, voici l&#8217;action men\u00e9e \u00e0 la fronti\u00e8re malienne de Pogo"}]},{"@type":"WebSite","@id":"https:\/\/www.africa-press.net\/cotedivoire\/#website","url":"https:\/\/www.africa-press.net\/cotedivoire\/","name":"C\u00f4te d&#039;Ivoire","description":"Just another Africa News Agency Sites site","potentialAction":[{"@type":"SearchAction","target":{"@type":"EntryPoint","urlTemplate":"https:\/\/www.africa-press.net\/cotedivoire\/?s={search_term_string}"},"query-input":{"@type":"PropertyValueSpecification","valueRequired":true,"valueName":"search_term_string"}}],"inLanguage":"fr-FR"},{"@type":"Person","@id":"https:\/\/www.africa-press.net\/cotedivoire\/#\/schema\/person\/2b1cf3cd81a31e3cd26889ca66d677f1","name":"cfeditorfr"}]}},"_links":{"self":[{"href":"https:\/\/www.africa-press.net\/cotedivoire\/wp-json\/wp\/v2\/posts\/43675","targetHints":{"allow":["GET"]}}],"collection":[{"href":"https:\/\/www.africa-press.net\/cotedivoire\/wp-json\/wp\/v2\/posts"}],"about":[{"href":"https:\/\/www.africa-press.net\/cotedivoire\/wp-json\/wp\/v2\/types\/post"}],"author":[{"embeddable":true,"href":"https:\/\/www.africa-press.net\/cotedivoire\/wp-json\/wp\/v2\/users\/82"}],"replies":[{"embeddable":true,"href":"https:\/\/www.africa-press.net\/cotedivoire\/wp-json\/wp\/v2\/comments?post=43675"}],"version-history":[{"count":0,"href":"https:\/\/www.africa-press.net\/cotedivoire\/wp-json\/wp\/v2\/posts\/43675\/revisions"}],"wp:featuredmedia":[{"embeddable":true,"href":"https:\/\/www.africa-press.net\/cotedivoire\/wp-json\/wp\/v2\/media\/43674"}],"wp:attachment":[{"href":"https:\/\/www.africa-press.net\/cotedivoire\/wp-json\/wp\/v2\/media?parent=43675"}],"wp:term":[{"taxonomy":"category","embeddable":true,"href":"https:\/\/www.africa-press.net\/cotedivoire\/wp-json\/wp\/v2\/categories?post=43675"},{"taxonomy":"post_tag","embeddable":true,"href":"https:\/\/www.africa-press.net\/cotedivoire\/wp-json\/wp\/v2\/tags?post=43675"}],"curies":[{"name":"wp","href":"https:\/\/api.w.org\/{rel}","templated":true}]}}