{"id":43733,"date":"2022-08-24T17:15:38","date_gmt":"2022-08-24T17:15:38","guid":{"rendered":"https:\/\/www.africa-press.net\/cotedivoire\/politique\/depuis-le-hambol-katinan-revele-que-les-reflexions-sont-en-cours-entre-le-ppa-ci-et-le-pdci-pour-la-mise-en-place-dune-strategie-en-vue-de-2025"},"modified":"2022-08-24T18:02:17","modified_gmt":"2022-08-24T18:02:17","slug":"depuis-le-hambol-katinan-revele-que-les-reflexions-sont-en-cours-entre-le-ppa-ci-et-le-pdci-pour-la-mise-en-place-dune-strategie-en-vue-de-2025","status":"publish","type":"post","link":"https:\/\/www.africa-press.net\/cotedivoire\/politique\/depuis-le-hambol-katinan-revele-que-les-reflexions-sont-en-cours-entre-le-ppa-ci-et-le-pdci-pour-la-mise-en-place-dune-strategie-en-vue-de-2025","title":{"rendered":"Depuis le Hambol, Katinan rev\u00e8le que les r\u00e9flexions sont en cours entre le  PPA-CI et  le PDCI pour la mise en place d&rsquo;une strat\u00e9gie  en vue de  2025"},"content":{"rendered":"<p><span style=\"color: #ff6600\"><strong>Africa-Press &#8211; C\u00f4te d&rsquo;Ivoire. <\/strong><\/span>Katinan et un responsable du PDCI dans le Hambol (DR)<\/p>\n<p>Justin Katinan Kon\u00e9, deuxi\u00e8me vice-pr\u00e9sident du CSP et Porte-parole du PPA-CI, poursuit, dans la r\u00e9gion du Hambol, la tourn\u00e9e politique d\u00e9but\u00e9e le dimanche 21 ao\u00fbt 2022 pour s&rsquo;achever le mercredi 31 ao\u00fbt.<\/p>\n<p>Apr\u00e8s Dabakala, il \u00e9tait \u00e0 Katiola o\u00f9 il a \u00e9voqu\u00e9 devant ses parents l\u2019alliance qui se dessine entre le PPA-CI de Laurent Gbagbo et le PDCI-RDA d\u2019Henri Konan B\u00e9di\u00e9.<\/p>\n<p>\u00ab Le pr\u00e9sident Laurent Gbagbo a cr\u00e9\u00e9 ce nouveau parti (Ndrl PPA-CI). On va tout faire, avec nos amis du PDCI-RDA, pour prendre le pouvoir en 2025 (&#8230;) Au niveau des Directions de nos deux partis, des r\u00e9flexions sont en cours pour voir comment notre alliance va s\u2019y prendre pour ratisser large \u00bb, a r\u00e9v\u00e9l\u00e9 M. Katinan et d\u2019ajouter.<\/p>\n<p>\u00ab Nous devons travailler avec nos fr\u00e8res du PDCI-RDA pour arracher le pouvoir et le remettre l\u00e0 o\u00f9 il doit \u00eatre. \u00bb<\/p>\n<p><strong>Pour plus d&rsquo;informations et d&rsquo;analyses sur la <a href=\"https:\/\/www.africa-press.net\/cotedivoire\">C\u00f4te d&rsquo;Ivoire<\/a>, suivez <a href=\"https:\/\/www.africa-press.net\/\">Africa-Press<\/a><\/strong><\/p>\n","protected":false},"excerpt":{"rendered":"<p>Africa-Press &#8211; C\u00f4te d&rsquo;Ivoire. Katinan et un responsable du PDCI dans le Hambol (DR) Justin Katinan Kon\u00e9, deuxi\u00e8me vice-pr\u00e9sident du CSP et Porte-parole du PPA-CI, poursuit, dans la r\u00e9gion du Hambol, la tourn\u00e9e politique d\u00e9but\u00e9e le dimanche 21 ao\u00fbt 2022 pour s&rsquo;achever le mercredi 31 ao\u00fbt. Apr\u00e8s Dabakala, il \u00e9tait \u00e0 Katiola o\u00f9 il a [&hellip;]<\/p>\n","protected":false},"author":82,"featured_media":43732,"comment_status":"open","ping_status":"closed","sticky":false,"template":"","format":"standard","meta":{"footnotes":""},"categories":[11,2,20,10],"tags":[56,63,29,3284,562,408,50,423,1952,742,7401],"class_list":["post-43733","post","type-post","status-publish","format-standard","has-post-thumbnail","hentry","category-homepage-french","category-politique","category-top-nouvelles","category-toutes-les-actualites","tag-africa-press","tag-africa-press-cote-divoire","tag-cote-divoire","tag-hambol","tag-katinan-kone","tag-konan-bedie","tag-laurent-gbagbo","tag-pdci","tag-ppa-ci","tag-presidentielle-2025","tag-reflexions"],"yoast_head":"<!-- This site is optimized with the Yoast SEO Premium plugin v26.1 (Yoast SEO v27.0) - https:\/\/yoast.com\/product\/yoast-seo-premium-wordpress\/ -->\n<title>Depuis le Hambol, Katinan rev\u00e8le que les r\u00e9flexions sont en cours entre le PPA-CI et le PDCI pour la mise en place d&#039;une strat\u00e9gie en vue de 2025 - C\u00f4te d&#039;Ivoire<\/title>\n<meta name=\"description\" content=\"Katinan et un responsable du PDCI dans le Hambol (DR) Justin Katinan Kon\u00e9, deuxi\u00e8me vice-pr\u00e9sident du CSP et Porte-paro ...\" \/>\n<meta name=\"robots\" content=\"index, follow, max-snippet:-1, max-image-preview:large, max-video-preview:-1\" \/>\n<link rel=\"canonical\" href=\"https:\/\/www.africa-press.net\/cotedivoire\/politique\/depuis-le-hambol-katinan-revele-que-les-reflexions-sont-en-cours-entre-le-ppa-ci-et-le-pdci-pour-la-mise-en-place-dune-strategie-en-vue-de-2025\" \/>\n<meta property=\"og:locale\" content=\"fr_FR\" \/>\n<meta property=\"og:type\" content=\"article\" \/>\n<meta property=\"og:title\" content=\"Depuis le Hambol, Katinan rev\u00e8le que les r\u00e9flexions sont en cours entre le PPA-CI et le PDCI pour la mise en place d&#039;une strat\u00e9gie en vue de 2025\" \/>\n<meta property=\"og:description\" content=\"Katinan et un responsable du PDCI dans le Hambol (DR) Justin Katinan Kon\u00e9, deuxi\u00e8me vice-pr\u00e9sident du CSP et Porte-paro ...\" \/>\n<meta property=\"og:url\" content=\"https:\/\/www.africa-press.net\/cotedivoire\/politique\/depuis-le-hambol-katinan-revele-que-les-reflexions-sont-en-cours-entre-le-ppa-ci-et-le-pdci-pour-la-mise-en-place-dune-strategie-en-vue-de-2025\" \/>\n<meta property=\"og:site_name\" content=\"C\u00f4te d&#039;Ivoire\" \/>\n<meta property=\"article:published_time\" content=\"2022-08-24T17:15:38+00:00\" \/>\n<meta property=\"article:modified_time\" content=\"2022-08-24T18:02:17+00:00\" \/>\n<meta property=\"og:image\" content=\"https:\/\/static.africa-press.net\/cote\/sites\/43\/2022\/08\/postQueueImg_20-63066760c5b35.jpg\" \/>\n\t<meta property=\"og:image:width\" content=\"720\" \/>\n\t<meta property=\"og:image:height\" content=\"450\" \/>\n\t<meta property=\"og:image:type\" content=\"image\/jpeg\" \/>\n<meta name=\"author\" content=\"cfeditorfr\" \/>\n<meta name=\"twitter:card\" content=\"summary_large_image\" \/>\n<meta name=\"twitter:label1\" content=\"\u00c9crit par\" \/>\n\t<meta name=\"twitter:data1\" content=\"cfeditorfr\" \/>\n\t<meta name=\"twitter:label2\" content=\"Dur\u00e9e de lecture estim\u00e9e\" \/>\n\t<meta name=\"twitter:data2\" content=\"1 minute\" \/>\n<script type=\"application\/ld+json\" class=\"yoast-schema-graph\">{\"@context\":\"https:\/\/schema.org\",\"@graph\":[{\"@type\":\"Article\",\"@id\":\"https:\/\/www.africa-press.net\/cotedivoire\/politique\/depuis-le-hambol-katinan-revele-que-les-reflexions-sont-en-cours-entre-le-ppa-ci-et-le-pdci-pour-la-mise-en-place-dune-strategie-en-vue-de-2025#article\",\"isPartOf\":{\"@id\":\"https:\/\/www.africa-press.net\/cotedivoire\/politique\/depuis-le-hambol-katinan-revele-que-les-reflexions-sont-en-cours-entre-le-ppa-ci-et-le-pdci-pour-la-mise-en-place-dune-strategie-en-vue-de-2025\"},\"author\":{\"name\":\"cfeditorfr\",\"@id\":\"https:\/\/www.africa-press.net\/cotedivoire\/#\/schema\/person\/2b1cf3cd81a31e3cd26889ca66d677f1\"},\"headline\":\"Depuis le Hambol, Katinan rev\u00e8le que les r\u00e9flexions sont en cours entre le PPA-CI et le PDCI pour la mise en place d&rsquo;une strat\u00e9gie en vue de 2025\",\"datePublished\":\"2022-08-24T17:15:38+00:00\",\"dateModified\":\"2022-08-24T18:02:17+00:00\",\"mainEntityOfPage\":{\"@id\":\"https:\/\/www.africa-press.net\/cotedivoire\/politique\/depuis-le-hambol-katinan-revele-que-les-reflexions-sont-en-cours-entre-le-ppa-ci-et-le-pdci-pour-la-mise-en-place-dune-strategie-en-vue-de-2025\"},\"wordCount\":214,\"commentCount\":0,\"image\":{\"@id\":\"https:\/\/www.africa-press.net\/cotedivoire\/politique\/depuis-le-hambol-katinan-revele-que-les-reflexions-sont-en-cours-entre-le-ppa-ci-et-le-pdci-pour-la-mise-en-place-dune-strategie-en-vue-de-2025#primaryimage\"},\"thumbnailUrl\":\"https:\/\/static.africa-press.net\/cote\/sites\/43\/2022\/08\/postQueueImg_20-63066760c5b35.jpg\",\"keywords\":[\"Africa Press\",\"Africa Press-C\u00f4te d'Ivoire\",\"C\u00d4TE D'IVOIRE\",\"Hambol\",\"Katinan Kon\u00e9\",\"Konan B\u00e9di\u00e9\",\"Laurent Gbagbo\",\"Pdci\",\"PPA-CI\",\"pr\u00e9sidentielle 2025\",\"reflexions\"],\"articleSection\":[\"homepage-french\",\"Politique\",\"Top Nouvelles\",\"Toutes les actualit\u00e9s\"],\"inLanguage\":\"fr-FR\",\"potentialAction\":[{\"@type\":\"CommentAction\",\"name\":\"Comment\",\"target\":[\"https:\/\/www.africa-press.net\/cotedivoire\/politique\/depuis-le-hambol-katinan-revele-que-les-reflexions-sont-en-cours-entre-le-ppa-ci-et-le-pdci-pour-la-mise-en-place-dune-strategie-en-vue-de-2025#respond\"]}]},{\"@type\":\"WebPage\",\"@id\":\"https:\/\/www.africa-press.net\/cotedivoire\/politique\/depuis-le-hambol-katinan-revele-que-les-reflexions-sont-en-cours-entre-le-ppa-ci-et-le-pdci-pour-la-mise-en-place-dune-strategie-en-vue-de-2025\",\"url\":\"https:\/\/www.africa-press.net\/cotedivoire\/politique\/depuis-le-hambol-katinan-revele-que-les-reflexions-sont-en-cours-entre-le-ppa-ci-et-le-pdci-pour-la-mise-en-place-dune-strategie-en-vue-de-2025\",\"name\":\"Depuis le Hambol, Katinan rev\u00e8le que les r\u00e9flexions sont en cours entre le PPA-CI et le PDCI pour la mise en place d'une strat\u00e9gie en vue de 2025 - C\u00f4te d&#039;Ivoire\",\"isPartOf\":{\"@id\":\"https:\/\/www.africa-press.net\/cotedivoire\/#website\"},\"primaryImageOfPage\":{\"@id\":\"https:\/\/www.africa-press.net\/cotedivoire\/politique\/depuis-le-hambol-katinan-revele-que-les-reflexions-sont-en-cours-entre-le-ppa-ci-et-le-pdci-pour-la-mise-en-place-dune-strategie-en-vue-de-2025#primaryimage\"},\"image\":{\"@id\":\"https:\/\/www.africa-press.net\/cotedivoire\/politique\/depuis-le-hambol-katinan-revele-que-les-reflexions-sont-en-cours-entre-le-ppa-ci-et-le-pdci-pour-la-mise-en-place-dune-strategie-en-vue-de-2025#primaryimage\"},\"thumbnailUrl\":\"https:\/\/static.africa-press.net\/cote\/sites\/43\/2022\/08\/postQueueImg_20-63066760c5b35.jpg\",\"datePublished\":\"2022-08-24T17:15:38+00:00\",\"dateModified\":\"2022-08-24T18:02:17+00:00\",\"author\":{\"@id\":\"https:\/\/www.africa-press.net\/cotedivoire\/#\/schema\/person\/2b1cf3cd81a31e3cd26889ca66d677f1\"},\"description\":\"Katinan et un responsable du PDCI dans le Hambol (DR) Justin Katinan Kon\u00e9, deuxi\u00e8me vice-pr\u00e9sident du CSP et Porte-paro ...\",\"breadcrumb\":{\"@id\":\"https:\/\/www.africa-press.net\/cotedivoire\/politique\/depuis-le-hambol-katinan-revele-que-les-reflexions-sont-en-cours-entre-le-ppa-ci-et-le-pdci-pour-la-mise-en-place-dune-strategie-en-vue-de-2025#breadcrumb\"},\"inLanguage\":\"fr-FR\",\"potentialAction\":[{\"@type\":\"ReadAction\",\"target\":[\"https:\/\/www.africa-press.net\/cotedivoire\/politique\/depuis-le-hambol-katinan-revele-que-les-reflexions-sont-en-cours-entre-le-ppa-ci-et-le-pdci-pour-la-mise-en-place-dune-strategie-en-vue-de-2025\"]}]},{\"@type\":\"ImageObject\",\"inLanguage\":\"fr-FR\",\"@id\":\"https:\/\/www.africa-press.net\/cotedivoire\/politique\/depuis-le-hambol-katinan-revele-que-les-reflexions-sont-en-cours-entre-le-ppa-ci-et-le-pdci-pour-la-mise-en-place-dune-strategie-en-vue-de-2025#primaryimage\",\"url\":\"https:\/\/static.africa-press.net\/cote\/sites\/43\/2022\/08\/postQueueImg_20-63066760c5b35.jpg\",\"contentUrl\":\"https:\/\/static.africa-press.net\/cote\/sites\/43\/2022\/08\/postQueueImg_20-63066760c5b35.jpg\",\"width\":720,\"height\":450,\"caption\":\"Depuis le Hambol, Katinan rev\u00e8le que les r\u00e9flexions sont en cours entre le PPA-CI et le PDCI pour la mise en place d'une strat\u00e9gie en vue de 2025\"},{\"@type\":\"BreadcrumbList\",\"@id\":\"https:\/\/www.africa-press.net\/cotedivoire\/politique\/depuis-le-hambol-katinan-revele-que-les-reflexions-sont-en-cours-entre-le-ppa-ci-et-le-pdci-pour-la-mise-en-place-dune-strategie-en-vue-de-2025#breadcrumb\",\"itemListElement\":[{\"@type\":\"ListItem\",\"position\":1,\"name\":\"Accueil\",\"item\":\"https:\/\/www.africa-press.net\/cotedivoire\/\"},{\"@type\":\"ListItem\",\"position\":2,\"name\":\"Depuis le Hambol, Katinan rev\u00e8le que les r\u00e9flexions sont en cours entre le PPA-CI et le PDCI pour la mise en place d&#8217;une strat\u00e9gie en vue de 2025\"}]},{\"@type\":\"WebSite\",\"@id\":\"https:\/\/www.africa-press.net\/cotedivoire\/#website\",\"url\":\"https:\/\/www.africa-press.net\/cotedivoire\/\",\"name\":\"C\u00f4te d&#039;Ivoire\",\"description\":\"Just another Africa News Agency Sites site\",\"potentialAction\":[{\"@type\":\"SearchAction\",\"target\":{\"@type\":\"EntryPoint\",\"urlTemplate\":\"https:\/\/www.africa-press.net\/cotedivoire\/?s={search_term_string}\"},\"query-input\":{\"@type\":\"PropertyValueSpecification\",\"valueRequired\":true,\"valueName\":\"search_term_string\"}}],\"inLanguage\":\"fr-FR\"},{\"@type\":\"Person\",\"@id\":\"https:\/\/www.africa-press.net\/cotedivoire\/#\/schema\/person\/2b1cf3cd81a31e3cd26889ca66d677f1\",\"name\":\"cfeditorfr\"}]}<\/script>\n<!-- \/ Yoast SEO Premium plugin. -->","yoast_head_json":{"title":"Depuis le Hambol, Katinan rev\u00e8le que les r\u00e9flexions sont en cours entre le PPA-CI et le PDCI pour la mise en place d'une strat\u00e9gie en vue de 2025 - C\u00f4te d&#039;Ivoire","description":"Katinan et un responsable du PDCI dans le Hambol (DR) Justin Katinan Kon\u00e9, deuxi\u00e8me vice-pr\u00e9sident du CSP et Porte-paro ...","robots":{"index":"index","follow":"follow","max-snippet":"max-snippet:-1","max-image-preview":"max-image-preview:large","max-video-preview":"max-video-preview:-1"},"canonical":"https:\/\/www.africa-press.net\/cotedivoire\/politique\/depuis-le-hambol-katinan-revele-que-les-reflexions-sont-en-cours-entre-le-ppa-ci-et-le-pdci-pour-la-mise-en-place-dune-strategie-en-vue-de-2025","og_locale":"fr_FR","og_type":"article","og_title":"Depuis le Hambol, Katinan rev\u00e8le que les r\u00e9flexions sont en cours entre le PPA-CI et le PDCI pour la mise en place d'une strat\u00e9gie en vue de 2025","og_description":"Katinan et un responsable du PDCI dans le Hambol (DR) Justin Katinan Kon\u00e9, deuxi\u00e8me vice-pr\u00e9sident du CSP et Porte-paro ...","og_url":"https:\/\/www.africa-press.net\/cotedivoire\/politique\/depuis-le-hambol-katinan-revele-que-les-reflexions-sont-en-cours-entre-le-ppa-ci-et-le-pdci-pour-la-mise-en-place-dune-strategie-en-vue-de-2025","og_site_name":"C\u00f4te d&#039;Ivoire","article_published_time":"2022-08-24T17:15:38+00:00","article_modified_time":"2022-08-24T18:02:17+00:00","og_image":[{"width":720,"height":450,"url":"https:\/\/static.africa-press.net\/cote\/sites\/43\/2022\/08\/postQueueImg_20-63066760c5b35.jpg","type":"image\/jpeg"}],"author":"cfeditorfr","twitter_card":"summary_large_image","twitter_misc":{"\u00c9crit par":"cfeditorfr","Dur\u00e9e de lecture estim\u00e9e":"1 minute"},"schema":{"@context":"https:\/\/schema.org","@graph":[{"@type":"Article","@id":"https:\/\/www.africa-press.net\/cotedivoire\/politique\/depuis-le-hambol-katinan-revele-que-les-reflexions-sont-en-cours-entre-le-ppa-ci-et-le-pdci-pour-la-mise-en-place-dune-strategie-en-vue-de-2025#article","isPartOf":{"@id":"https:\/\/www.africa-press.net\/cotedivoire\/politique\/depuis-le-hambol-katinan-revele-que-les-reflexions-sont-en-cours-entre-le-ppa-ci-et-le-pdci-pour-la-mise-en-place-dune-strategie-en-vue-de-2025"},"author":{"name":"cfeditorfr","@id":"https:\/\/www.africa-press.net\/cotedivoire\/#\/schema\/person\/2b1cf3cd81a31e3cd26889ca66d677f1"},"headline":"Depuis le Hambol, Katinan rev\u00e8le que les r\u00e9flexions sont en cours entre le PPA-CI et le PDCI pour la mise en place d&rsquo;une strat\u00e9gie en vue de 2025","datePublished":"2022-08-24T17:15:38+00:00","dateModified":"2022-08-24T18:02:17+00:00","mainEntityOfPage":{"@id":"https:\/\/www.africa-press.net\/cotedivoire\/politique\/depuis-le-hambol-katinan-revele-que-les-reflexions-sont-en-cours-entre-le-ppa-ci-et-le-pdci-pour-la-mise-en-place-dune-strategie-en-vue-de-2025"},"wordCount":214,"commentCount":0,"image":{"@id":"https:\/\/www.africa-press.net\/cotedivoire\/politique\/depuis-le-hambol-katinan-revele-que-les-reflexions-sont-en-cours-entre-le-ppa-ci-et-le-pdci-pour-la-mise-en-place-dune-strategie-en-vue-de-2025#primaryimage"},"thumbnailUrl":"https:\/\/static.africa-press.net\/cote\/sites\/43\/2022\/08\/postQueueImg_20-63066760c5b35.jpg","keywords":["Africa Press","Africa Press-C\u00f4te d'Ivoire","C\u00d4TE D'IVOIRE","Hambol","Katinan Kon\u00e9","Konan B\u00e9di\u00e9","Laurent Gbagbo","Pdci","PPA-CI","pr\u00e9sidentielle 2025","reflexions"],"articleSection":["homepage-french","Politique","Top Nouvelles","Toutes les actualit\u00e9s"],"inLanguage":"fr-FR","potentialAction":[{"@type":"CommentAction","name":"Comment","target":["https:\/\/www.africa-press.net\/cotedivoire\/politique\/depuis-le-hambol-katinan-revele-que-les-reflexions-sont-en-cours-entre-le-ppa-ci-et-le-pdci-pour-la-mise-en-place-dune-strategie-en-vue-de-2025#respond"]}]},{"@type":"WebPage","@id":"https:\/\/www.africa-press.net\/cotedivoire\/politique\/depuis-le-hambol-katinan-revele-que-les-reflexions-sont-en-cours-entre-le-ppa-ci-et-le-pdci-pour-la-mise-en-place-dune-strategie-en-vue-de-2025","url":"https:\/\/www.africa-press.net\/cotedivoire\/politique\/depuis-le-hambol-katinan-revele-que-les-reflexions-sont-en-cours-entre-le-ppa-ci-et-le-pdci-pour-la-mise-en-place-dune-strategie-en-vue-de-2025","name":"Depuis le Hambol, Katinan rev\u00e8le que les r\u00e9flexions sont en cours entre le PPA-CI et le PDCI pour la mise en place d'une strat\u00e9gie en vue de 2025 - C\u00f4te d&#039;Ivoire","isPartOf":{"@id":"https:\/\/www.africa-press.net\/cotedivoire\/#website"},"primaryImageOfPage":{"@id":"https:\/\/www.africa-press.net\/cotedivoire\/politique\/depuis-le-hambol-katinan-revele-que-les-reflexions-sont-en-cours-entre-le-ppa-ci-et-le-pdci-pour-la-mise-en-place-dune-strategie-en-vue-de-2025#primaryimage"},"image":{"@id":"https:\/\/www.africa-press.net\/cotedivoire\/politique\/depuis-le-hambol-katinan-revele-que-les-reflexions-sont-en-cours-entre-le-ppa-ci-et-le-pdci-pour-la-mise-en-place-dune-strategie-en-vue-de-2025#primaryimage"},"thumbnailUrl":"https:\/\/static.africa-press.net\/cote\/sites\/43\/2022\/08\/postQueueImg_20-63066760c5b35.jpg","datePublished":"2022-08-24T17:15:38+00:00","dateModified":"2022-08-24T18:02:17+00:00","author":{"@id":"https:\/\/www.africa-press.net\/cotedivoire\/#\/schema\/person\/2b1cf3cd81a31e3cd26889ca66d677f1"},"description":"Katinan et un responsable du PDCI dans le Hambol (DR) Justin Katinan Kon\u00e9, deuxi\u00e8me vice-pr\u00e9sident du CSP et Porte-paro ...","breadcrumb":{"@id":"https:\/\/www.africa-press.net\/cotedivoire\/politique\/depuis-le-hambol-katinan-revele-que-les-reflexions-sont-en-cours-entre-le-ppa-ci-et-le-pdci-pour-la-mise-en-place-dune-strategie-en-vue-de-2025#breadcrumb"},"inLanguage":"fr-FR","potentialAction":[{"@type":"ReadAction","target":["https:\/\/www.africa-press.net\/cotedivoire\/politique\/depuis-le-hambol-katinan-revele-que-les-reflexions-sont-en-cours-entre-le-ppa-ci-et-le-pdci-pour-la-mise-en-place-dune-strategie-en-vue-de-2025"]}]},{"@type":"ImageObject","inLanguage":"fr-FR","@id":"https:\/\/www.africa-press.net\/cotedivoire\/politique\/depuis-le-hambol-katinan-revele-que-les-reflexions-sont-en-cours-entre-le-ppa-ci-et-le-pdci-pour-la-mise-en-place-dune-strategie-en-vue-de-2025#primaryimage","url":"https:\/\/static.africa-press.net\/cote\/sites\/43\/2022\/08\/postQueueImg_20-63066760c5b35.jpg","contentUrl":"https:\/\/static.africa-press.net\/cote\/sites\/43\/2022\/08\/postQueueImg_20-63066760c5b35.jpg","width":720,"height":450,"caption":"Depuis le Hambol, Katinan rev\u00e8le que les r\u00e9flexions sont en cours entre le PPA-CI et le PDCI pour la mise en place d'une strat\u00e9gie en vue de 2025"},{"@type":"BreadcrumbList","@id":"https:\/\/www.africa-press.net\/cotedivoire\/politique\/depuis-le-hambol-katinan-revele-que-les-reflexions-sont-en-cours-entre-le-ppa-ci-et-le-pdci-pour-la-mise-en-place-dune-strategie-en-vue-de-2025#breadcrumb","itemListElement":[{"@type":"ListItem","position":1,"name":"Accueil","item":"https:\/\/www.africa-press.net\/cotedivoire\/"},{"@type":"ListItem","position":2,"name":"Depuis le Hambol, Katinan rev\u00e8le que les r\u00e9flexions sont en cours entre le PPA-CI et le PDCI pour la mise en place d&#8217;une strat\u00e9gie en vue de 2025"}]},{"@type":"WebSite","@id":"https:\/\/www.africa-press.net\/cotedivoire\/#website","url":"https:\/\/www.africa-press.net\/cotedivoire\/","name":"C\u00f4te d&#039;Ivoire","description":"Just another Africa News Agency Sites site","potentialAction":[{"@type":"SearchAction","target":{"@type":"EntryPoint","urlTemplate":"https:\/\/www.africa-press.net\/cotedivoire\/?s={search_term_string}"},"query-input":{"@type":"PropertyValueSpecification","valueRequired":true,"valueName":"search_term_string"}}],"inLanguage":"fr-FR"},{"@type":"Person","@id":"https:\/\/www.africa-press.net\/cotedivoire\/#\/schema\/person\/2b1cf3cd81a31e3cd26889ca66d677f1","name":"cfeditorfr"}]}},"_links":{"self":[{"href":"https:\/\/www.africa-press.net\/cotedivoire\/wp-json\/wp\/v2\/posts\/43733","targetHints":{"allow":["GET"]}}],"collection":[{"href":"https:\/\/www.africa-press.net\/cotedivoire\/wp-json\/wp\/v2\/posts"}],"about":[{"href":"https:\/\/www.africa-press.net\/cotedivoire\/wp-json\/wp\/v2\/types\/post"}],"author":[{"embeddable":true,"href":"https:\/\/www.africa-press.net\/cotedivoire\/wp-json\/wp\/v2\/users\/82"}],"replies":[{"embeddable":true,"href":"https:\/\/www.africa-press.net\/cotedivoire\/wp-json\/wp\/v2\/comments?post=43733"}],"version-history":[{"count":0,"href":"https:\/\/www.africa-press.net\/cotedivoire\/wp-json\/wp\/v2\/posts\/43733\/revisions"}],"wp:featuredmedia":[{"embeddable":true,"href":"https:\/\/www.africa-press.net\/cotedivoire\/wp-json\/wp\/v2\/media\/43732"}],"wp:attachment":[{"href":"https:\/\/www.africa-press.net\/cotedivoire\/wp-json\/wp\/v2\/media?parent=43733"}],"wp:term":[{"taxonomy":"category","embeddable":true,"href":"https:\/\/www.africa-press.net\/cotedivoire\/wp-json\/wp\/v2\/categories?post=43733"},{"taxonomy":"post_tag","embeddable":true,"href":"https:\/\/www.africa-press.net\/cotedivoire\/wp-json\/wp\/v2\/tags?post=43733"}],"curies":[{"name":"wp","href":"https:\/\/api.w.org\/{rel}","templated":true}]}}