{"id":43790,"date":"2022-08-25T17:04:02","date_gmt":"2022-08-25T17:04:02","guid":{"rendered":"https:\/\/www.africa-press.net\/cotedivoire\/politique\/en-difficulte-a-united-eric-bailly-va-relancer-sa-carriere-a-marseille-sous-la-forme-dun-pret-avec-option-dachat"},"modified":"2022-08-25T17:24:40","modified_gmt":"2022-08-25T17:24:40","slug":"en-difficulte-a-united-eric-bailly-va-relancer-sa-carriere-a-marseille-sous-la-forme-dun-pret-avec-option-dachat","status":"publish","type":"post","link":"https:\/\/www.africa-press.net\/cotedivoire\/sports\/en-difficulte-a-united-eric-bailly-va-relancer-sa-carriere-a-marseille-sous-la-forme-dun-pret-avec-option-dachat","title":{"rendered":"En difficult\u00e9 \u00e0 United, Eric Bailly va relancer sa carri\u00e8re \u00e0 Marseille sous la forme d&rsquo;un pr\u00eat avec option d&rsquo;achat"},"content":{"rendered":"<p><span style=\"color: #ff6600\"><strong>Africa-Press &#8211; C\u00f4te d&rsquo;Ivoire. <\/strong><\/span>Eric Bailly mercredi \u00e0 Marseille (DR)<\/p>\n<p>Enfin une porte de sortie pour l\u2019international ivoirien, Eric Bertrand Bailly 28 ans. En difficult\u00e9 \u00e0 Manchester United lors de ces derni\u00e8res saisons, le champion d\u2019Afrique 2015 s\u2019est engag\u00e9 mercredi avec l\u2019Olympique de Marseille (OM) , sous la forme d\u2019un pr\u00eat avec option d&rsquo;achat apr\u00e8s le succ\u00e8s de sa visite m\u00e9dicale.<\/p>\n<p>Apr\u00e8s six saisons chez les Red Devils o\u00f9 il a disput\u00e9 113 matchs de Premier League, l\u2019ancien joueur de Villar\u00e9al va tenter de relancer sa carri\u00e8re avec le Mythique club fran\u00e7ais en vue de la CAN 2023 qui sera organis\u00e9e en C\u00f4te d\u2019Ivoire.<\/p>\n<p>D\u00e9fenseur central d\u2019exp\u00e9rience, rapide et puissant, \u00c9ric Bailly vient compl\u00e9ter l\u2019arri\u00e8re garde de l\u2019OM et mettra \u00e0 disposition toutes ses qualit\u00e9s pour aider le club \u00e0 atteindre ses objectifs.<\/p>\n<p>Selon des m\u00e9dias occidentaux, l&rsquo;international ivoirien fait ainsi l&rsquo;objet d&rsquo;un pr\u00eat payant, estim\u00e9 \u00e0 2 millions d&rsquo;euros, avec une option d&rsquo;achat, \u00e9valu\u00e9e entre 6 \u00e0 10 millions d&rsquo;euros, sur la saison 2022-2023.<\/p>\n<p>Cette clause sera d&rsquo;ailleurs automatiquement lev\u00e9e si l&rsquo;ancien roc de Villar\u00e9al dispute 50% des matchs de l&rsquo;OM et si les hommes de l&rsquo;entra\u00eeneur Igor Tudor parviennent \u00e0 se qualifier pour la prochaine \u00e9dition de la Ligue des Champions.<\/p>\n<p>Eric Bailly pourrait \u00eatre suivi en ligue1 Fran\u00e7aise par son compatriote Nicolas P\u00e9p\u00e9, \u00e9galement en difficult\u00e9 \u00e0 Arsenal dont on annonce son arriv\u00e9e imminente ce jeudi sur la c\u00f4te d\u2019Azur, \u00e0 Nice.<\/p>\n<p>Donatien Kautcha, Abidjan<\/p>\n<p><strong>Pour plus d&rsquo;informations et d&rsquo;analyses sur la <a href=\"https:\/\/www.africa-press.net\/cotedivoire\">C\u00f4te d&rsquo;Ivoire<\/a>, suivez <a href=\"https:\/\/www.africa-press.net\/\">Africa-Press<\/a><\/strong><\/p>\n","protected":false},"excerpt":{"rendered":"<p>Africa-Press &#8211; C\u00f4te d&rsquo;Ivoire. Eric Bailly mercredi \u00e0 Marseille (DR) Enfin une porte de sortie pour l\u2019international ivoirien, Eric Bertrand Bailly 28 ans. En difficult\u00e9 \u00e0 Manchester United lors de ces derni\u00e8res saisons, le champion d\u2019Afrique 2015 s\u2019est engag\u00e9 mercredi avec l\u2019Olympique de Marseille (OM) , sous la forme d\u2019un pr\u00eat avec option d&rsquo;achat apr\u00e8s [&hellip;]<\/p>\n","protected":false},"author":82,"featured_media":43789,"comment_status":"open","ping_status":"closed","sticky":false,"template":"","format":"standard","meta":{"footnotes":""},"categories":[11,6,10],"tags":[56,63,29,2528,4136,6599,863],"class_list":["post-43790","post","type-post","status-publish","format-standard","has-post-thumbnail","hentry","category-homepage-french","category-sports","category-toutes-les-actualites","tag-africa-press","tag-africa-press-cote-divoire","tag-cote-divoire","tag-eric-bailly","tag-manchester-united","tag-marseille","tag-nicolas-pepe"],"yoast_head":"<!-- This site is optimized with the Yoast SEO Premium plugin v26.1 (Yoast SEO v27.0) - https:\/\/yoast.com\/product\/yoast-seo-premium-wordpress\/ -->\n<title>En difficult\u00e9 \u00e0 United, Eric Bailly va relancer sa carri\u00e8re \u00e0 Marseille sous la forme d&#039;un pr\u00eat avec option d&#039;achat - C\u00f4te d&#039;Ivoire<\/title>\n<meta name=\"description\" content=\"Eric Bailly mercredi \u00e0 Marseille (DR) Enfin une porte de sortie pour l\u2019international ivoirien, Eric Bertrand Bailly 28 ...\" \/>\n<meta name=\"robots\" content=\"index, follow, max-snippet:-1, max-image-preview:large, max-video-preview:-1\" \/>\n<link rel=\"canonical\" href=\"https:\/\/www.africa-press.net\/cotedivoire\/sports\/en-difficulte-a-united-eric-bailly-va-relancer-sa-carriere-a-marseille-sous-la-forme-dun-pret-avec-option-dachat\" \/>\n<meta property=\"og:locale\" content=\"fr_FR\" \/>\n<meta property=\"og:type\" content=\"article\" \/>\n<meta property=\"og:title\" content=\"En difficult\u00e9 \u00e0 United, Eric Bailly va relancer sa carri\u00e8re \u00e0 Marseille sous la forme d&#039;un pr\u00eat avec option d&#039;achat\" \/>\n<meta property=\"og:description\" content=\"Eric Bailly mercredi \u00e0 Marseille (DR) Enfin une porte de sortie pour l\u2019international ivoirien, Eric Bertrand Bailly 28 ...\" \/>\n<meta property=\"og:url\" content=\"https:\/\/www.africa-press.net\/cotedivoire\/sports\/en-difficulte-a-united-eric-bailly-va-relancer-sa-carriere-a-marseille-sous-la-forme-dun-pret-avec-option-dachat\" \/>\n<meta property=\"og:site_name\" content=\"C\u00f4te d&#039;Ivoire\" \/>\n<meta property=\"article:published_time\" content=\"2022-08-25T17:04:02+00:00\" \/>\n<meta property=\"article:modified_time\" content=\"2022-08-25T17:24:40+00:00\" \/>\n<meta property=\"og:image\" content=\"https:\/\/static.africa-press.net\/cote\/sites\/43\/2022\/08\/postQueueImg_20-6307b03641995.jpg\" \/>\n\t<meta property=\"og:image:width\" content=\"720\" \/>\n\t<meta property=\"og:image:height\" content=\"480\" \/>\n\t<meta property=\"og:image:type\" content=\"image\/jpeg\" \/>\n<meta name=\"author\" content=\"cfeditorfr\" \/>\n<meta name=\"twitter:card\" content=\"summary_large_image\" \/>\n<meta name=\"twitter:label1\" content=\"\u00c9crit par\" \/>\n\t<meta name=\"twitter:data1\" content=\"cfeditorfr\" \/>\n\t<meta name=\"twitter:label2\" content=\"Dur\u00e9e de lecture estim\u00e9e\" \/>\n\t<meta name=\"twitter:data2\" content=\"2 minutes\" \/>\n<script type=\"application\/ld+json\" class=\"yoast-schema-graph\">{\"@context\":\"https:\/\/schema.org\",\"@graph\":[{\"@type\":\"Article\",\"@id\":\"https:\/\/www.africa-press.net\/cotedivoire\/sports\/en-difficulte-a-united-eric-bailly-va-relancer-sa-carriere-a-marseille-sous-la-forme-dun-pret-avec-option-dachat#article\",\"isPartOf\":{\"@id\":\"https:\/\/www.africa-press.net\/cotedivoire\/sports\/en-difficulte-a-united-eric-bailly-va-relancer-sa-carriere-a-marseille-sous-la-forme-dun-pret-avec-option-dachat\"},\"author\":{\"name\":\"cfeditorfr\",\"@id\":\"https:\/\/www.africa-press.net\/cotedivoire\/#\/schema\/person\/2b1cf3cd81a31e3cd26889ca66d677f1\"},\"headline\":\"En difficult\u00e9 \u00e0 United, Eric Bailly va relancer sa carri\u00e8re \u00e0 Marseille sous la forme d&rsquo;un pr\u00eat avec option d&rsquo;achat\",\"datePublished\":\"2022-08-25T17:04:02+00:00\",\"dateModified\":\"2022-08-25T17:24:40+00:00\",\"mainEntityOfPage\":{\"@id\":\"https:\/\/www.africa-press.net\/cotedivoire\/sports\/en-difficulte-a-united-eric-bailly-va-relancer-sa-carriere-a-marseille-sous-la-forme-dun-pret-avec-option-dachat\"},\"wordCount\":307,\"commentCount\":0,\"image\":{\"@id\":\"https:\/\/www.africa-press.net\/cotedivoire\/sports\/en-difficulte-a-united-eric-bailly-va-relancer-sa-carriere-a-marseille-sous-la-forme-dun-pret-avec-option-dachat#primaryimage\"},\"thumbnailUrl\":\"https:\/\/static.africa-press.net\/cote\/sites\/43\/2022\/08\/postQueueImg_20-6307b03641995.jpg\",\"keywords\":[\"Africa Press\",\"Africa Press-C\u00f4te d'Ivoire\",\"C\u00d4TE D'IVOIRE\",\"Eric Bailly\",\"Manchester United\",\"Marseille\",\"Nicolas P\u00e9p\u00e9\"],\"articleSection\":[\"homepage-french\",\"Sports\",\"Toutes les actualit\u00e9s\"],\"inLanguage\":\"fr-FR\",\"potentialAction\":[{\"@type\":\"CommentAction\",\"name\":\"Comment\",\"target\":[\"https:\/\/www.africa-press.net\/cotedivoire\/sports\/en-difficulte-a-united-eric-bailly-va-relancer-sa-carriere-a-marseille-sous-la-forme-dun-pret-avec-option-dachat#respond\"]}]},{\"@type\":\"WebPage\",\"@id\":\"https:\/\/www.africa-press.net\/cotedivoire\/sports\/en-difficulte-a-united-eric-bailly-va-relancer-sa-carriere-a-marseille-sous-la-forme-dun-pret-avec-option-dachat\",\"url\":\"https:\/\/www.africa-press.net\/cotedivoire\/sports\/en-difficulte-a-united-eric-bailly-va-relancer-sa-carriere-a-marseille-sous-la-forme-dun-pret-avec-option-dachat\",\"name\":\"En difficult\u00e9 \u00e0 United, Eric Bailly va relancer sa carri\u00e8re \u00e0 Marseille sous la forme d'un pr\u00eat avec option d'achat - C\u00f4te d&#039;Ivoire\",\"isPartOf\":{\"@id\":\"https:\/\/www.africa-press.net\/cotedivoire\/#website\"},\"primaryImageOfPage\":{\"@id\":\"https:\/\/www.africa-press.net\/cotedivoire\/sports\/en-difficulte-a-united-eric-bailly-va-relancer-sa-carriere-a-marseille-sous-la-forme-dun-pret-avec-option-dachat#primaryimage\"},\"image\":{\"@id\":\"https:\/\/www.africa-press.net\/cotedivoire\/sports\/en-difficulte-a-united-eric-bailly-va-relancer-sa-carriere-a-marseille-sous-la-forme-dun-pret-avec-option-dachat#primaryimage\"},\"thumbnailUrl\":\"https:\/\/static.africa-press.net\/cote\/sites\/43\/2022\/08\/postQueueImg_20-6307b03641995.jpg\",\"datePublished\":\"2022-08-25T17:04:02+00:00\",\"dateModified\":\"2022-08-25T17:24:40+00:00\",\"author\":{\"@id\":\"https:\/\/www.africa-press.net\/cotedivoire\/#\/schema\/person\/2b1cf3cd81a31e3cd26889ca66d677f1\"},\"description\":\"Eric Bailly mercredi \u00e0 Marseille (DR) Enfin une porte de sortie pour l\u2019international ivoirien, Eric Bertrand Bailly 28 ...\",\"breadcrumb\":{\"@id\":\"https:\/\/www.africa-press.net\/cotedivoire\/sports\/en-difficulte-a-united-eric-bailly-va-relancer-sa-carriere-a-marseille-sous-la-forme-dun-pret-avec-option-dachat#breadcrumb\"},\"inLanguage\":\"fr-FR\",\"potentialAction\":[{\"@type\":\"ReadAction\",\"target\":[\"https:\/\/www.africa-press.net\/cotedivoire\/sports\/en-difficulte-a-united-eric-bailly-va-relancer-sa-carriere-a-marseille-sous-la-forme-dun-pret-avec-option-dachat\"]}]},{\"@type\":\"ImageObject\",\"inLanguage\":\"fr-FR\",\"@id\":\"https:\/\/www.africa-press.net\/cotedivoire\/sports\/en-difficulte-a-united-eric-bailly-va-relancer-sa-carriere-a-marseille-sous-la-forme-dun-pret-avec-option-dachat#primaryimage\",\"url\":\"https:\/\/static.africa-press.net\/cote\/sites\/43\/2022\/08\/postQueueImg_20-6307b03641995.jpg\",\"contentUrl\":\"https:\/\/static.africa-press.net\/cote\/sites\/43\/2022\/08\/postQueueImg_20-6307b03641995.jpg\",\"width\":720,\"height\":480,\"caption\":\"En difficult\u00e9 \u00e0 United, Eric Bailly va relancer sa carri\u00e8re \u00e0 Marseille sous la forme d'un pr\u00eat avec option d'achat\"},{\"@type\":\"BreadcrumbList\",\"@id\":\"https:\/\/www.africa-press.net\/cotedivoire\/sports\/en-difficulte-a-united-eric-bailly-va-relancer-sa-carriere-a-marseille-sous-la-forme-dun-pret-avec-option-dachat#breadcrumb\",\"itemListElement\":[{\"@type\":\"ListItem\",\"position\":1,\"name\":\"Accueil\",\"item\":\"https:\/\/www.africa-press.net\/cotedivoire\/\"},{\"@type\":\"ListItem\",\"position\":2,\"name\":\"En difficult\u00e9 \u00e0 United, Eric Bailly va relancer sa carri\u00e8re \u00e0 Marseille sous la forme d&#8217;un pr\u00eat avec option d&#8217;achat\"}]},{\"@type\":\"WebSite\",\"@id\":\"https:\/\/www.africa-press.net\/cotedivoire\/#website\",\"url\":\"https:\/\/www.africa-press.net\/cotedivoire\/\",\"name\":\"C\u00f4te d&#039;Ivoire\",\"description\":\"Just another Africa News Agency Sites site\",\"potentialAction\":[{\"@type\":\"SearchAction\",\"target\":{\"@type\":\"EntryPoint\",\"urlTemplate\":\"https:\/\/www.africa-press.net\/cotedivoire\/?s={search_term_string}\"},\"query-input\":{\"@type\":\"PropertyValueSpecification\",\"valueRequired\":true,\"valueName\":\"search_term_string\"}}],\"inLanguage\":\"fr-FR\"},{\"@type\":\"Person\",\"@id\":\"https:\/\/www.africa-press.net\/cotedivoire\/#\/schema\/person\/2b1cf3cd81a31e3cd26889ca66d677f1\",\"name\":\"cfeditorfr\"}]}<\/script>\n<!-- \/ Yoast SEO Premium plugin. -->","yoast_head_json":{"title":"En difficult\u00e9 \u00e0 United, Eric Bailly va relancer sa carri\u00e8re \u00e0 Marseille sous la forme d'un pr\u00eat avec option d'achat - C\u00f4te d&#039;Ivoire","description":"Eric Bailly mercredi \u00e0 Marseille (DR) Enfin une porte de sortie pour l\u2019international ivoirien, Eric Bertrand Bailly 28 ...","robots":{"index":"index","follow":"follow","max-snippet":"max-snippet:-1","max-image-preview":"max-image-preview:large","max-video-preview":"max-video-preview:-1"},"canonical":"https:\/\/www.africa-press.net\/cotedivoire\/sports\/en-difficulte-a-united-eric-bailly-va-relancer-sa-carriere-a-marseille-sous-la-forme-dun-pret-avec-option-dachat","og_locale":"fr_FR","og_type":"article","og_title":"En difficult\u00e9 \u00e0 United, Eric Bailly va relancer sa carri\u00e8re \u00e0 Marseille sous la forme d'un pr\u00eat avec option d'achat","og_description":"Eric Bailly mercredi \u00e0 Marseille (DR) Enfin une porte de sortie pour l\u2019international ivoirien, Eric Bertrand Bailly 28 ...","og_url":"https:\/\/www.africa-press.net\/cotedivoire\/sports\/en-difficulte-a-united-eric-bailly-va-relancer-sa-carriere-a-marseille-sous-la-forme-dun-pret-avec-option-dachat","og_site_name":"C\u00f4te d&#039;Ivoire","article_published_time":"2022-08-25T17:04:02+00:00","article_modified_time":"2022-08-25T17:24:40+00:00","og_image":[{"width":720,"height":480,"url":"https:\/\/static.africa-press.net\/cote\/sites\/43\/2022\/08\/postQueueImg_20-6307b03641995.jpg","type":"image\/jpeg"}],"author":"cfeditorfr","twitter_card":"summary_large_image","twitter_misc":{"\u00c9crit par":"cfeditorfr","Dur\u00e9e de lecture estim\u00e9e":"2 minutes"},"schema":{"@context":"https:\/\/schema.org","@graph":[{"@type":"Article","@id":"https:\/\/www.africa-press.net\/cotedivoire\/sports\/en-difficulte-a-united-eric-bailly-va-relancer-sa-carriere-a-marseille-sous-la-forme-dun-pret-avec-option-dachat#article","isPartOf":{"@id":"https:\/\/www.africa-press.net\/cotedivoire\/sports\/en-difficulte-a-united-eric-bailly-va-relancer-sa-carriere-a-marseille-sous-la-forme-dun-pret-avec-option-dachat"},"author":{"name":"cfeditorfr","@id":"https:\/\/www.africa-press.net\/cotedivoire\/#\/schema\/person\/2b1cf3cd81a31e3cd26889ca66d677f1"},"headline":"En difficult\u00e9 \u00e0 United, Eric Bailly va relancer sa carri\u00e8re \u00e0 Marseille sous la forme d&rsquo;un pr\u00eat avec option d&rsquo;achat","datePublished":"2022-08-25T17:04:02+00:00","dateModified":"2022-08-25T17:24:40+00:00","mainEntityOfPage":{"@id":"https:\/\/www.africa-press.net\/cotedivoire\/sports\/en-difficulte-a-united-eric-bailly-va-relancer-sa-carriere-a-marseille-sous-la-forme-dun-pret-avec-option-dachat"},"wordCount":307,"commentCount":0,"image":{"@id":"https:\/\/www.africa-press.net\/cotedivoire\/sports\/en-difficulte-a-united-eric-bailly-va-relancer-sa-carriere-a-marseille-sous-la-forme-dun-pret-avec-option-dachat#primaryimage"},"thumbnailUrl":"https:\/\/static.africa-press.net\/cote\/sites\/43\/2022\/08\/postQueueImg_20-6307b03641995.jpg","keywords":["Africa Press","Africa Press-C\u00f4te d'Ivoire","C\u00d4TE D'IVOIRE","Eric Bailly","Manchester United","Marseille","Nicolas P\u00e9p\u00e9"],"articleSection":["homepage-french","Sports","Toutes les actualit\u00e9s"],"inLanguage":"fr-FR","potentialAction":[{"@type":"CommentAction","name":"Comment","target":["https:\/\/www.africa-press.net\/cotedivoire\/sports\/en-difficulte-a-united-eric-bailly-va-relancer-sa-carriere-a-marseille-sous-la-forme-dun-pret-avec-option-dachat#respond"]}]},{"@type":"WebPage","@id":"https:\/\/www.africa-press.net\/cotedivoire\/sports\/en-difficulte-a-united-eric-bailly-va-relancer-sa-carriere-a-marseille-sous-la-forme-dun-pret-avec-option-dachat","url":"https:\/\/www.africa-press.net\/cotedivoire\/sports\/en-difficulte-a-united-eric-bailly-va-relancer-sa-carriere-a-marseille-sous-la-forme-dun-pret-avec-option-dachat","name":"En difficult\u00e9 \u00e0 United, Eric Bailly va relancer sa carri\u00e8re \u00e0 Marseille sous la forme d'un pr\u00eat avec option d'achat - C\u00f4te d&#039;Ivoire","isPartOf":{"@id":"https:\/\/www.africa-press.net\/cotedivoire\/#website"},"primaryImageOfPage":{"@id":"https:\/\/www.africa-press.net\/cotedivoire\/sports\/en-difficulte-a-united-eric-bailly-va-relancer-sa-carriere-a-marseille-sous-la-forme-dun-pret-avec-option-dachat#primaryimage"},"image":{"@id":"https:\/\/www.africa-press.net\/cotedivoire\/sports\/en-difficulte-a-united-eric-bailly-va-relancer-sa-carriere-a-marseille-sous-la-forme-dun-pret-avec-option-dachat#primaryimage"},"thumbnailUrl":"https:\/\/static.africa-press.net\/cote\/sites\/43\/2022\/08\/postQueueImg_20-6307b03641995.jpg","datePublished":"2022-08-25T17:04:02+00:00","dateModified":"2022-08-25T17:24:40+00:00","author":{"@id":"https:\/\/www.africa-press.net\/cotedivoire\/#\/schema\/person\/2b1cf3cd81a31e3cd26889ca66d677f1"},"description":"Eric Bailly mercredi \u00e0 Marseille (DR) Enfin une porte de sortie pour l\u2019international ivoirien, Eric Bertrand Bailly 28 ...","breadcrumb":{"@id":"https:\/\/www.africa-press.net\/cotedivoire\/sports\/en-difficulte-a-united-eric-bailly-va-relancer-sa-carriere-a-marseille-sous-la-forme-dun-pret-avec-option-dachat#breadcrumb"},"inLanguage":"fr-FR","potentialAction":[{"@type":"ReadAction","target":["https:\/\/www.africa-press.net\/cotedivoire\/sports\/en-difficulte-a-united-eric-bailly-va-relancer-sa-carriere-a-marseille-sous-la-forme-dun-pret-avec-option-dachat"]}]},{"@type":"ImageObject","inLanguage":"fr-FR","@id":"https:\/\/www.africa-press.net\/cotedivoire\/sports\/en-difficulte-a-united-eric-bailly-va-relancer-sa-carriere-a-marseille-sous-la-forme-dun-pret-avec-option-dachat#primaryimage","url":"https:\/\/static.africa-press.net\/cote\/sites\/43\/2022\/08\/postQueueImg_20-6307b03641995.jpg","contentUrl":"https:\/\/static.africa-press.net\/cote\/sites\/43\/2022\/08\/postQueueImg_20-6307b03641995.jpg","width":720,"height":480,"caption":"En difficult\u00e9 \u00e0 United, Eric Bailly va relancer sa carri\u00e8re \u00e0 Marseille sous la forme d'un pr\u00eat avec option d'achat"},{"@type":"BreadcrumbList","@id":"https:\/\/www.africa-press.net\/cotedivoire\/sports\/en-difficulte-a-united-eric-bailly-va-relancer-sa-carriere-a-marseille-sous-la-forme-dun-pret-avec-option-dachat#breadcrumb","itemListElement":[{"@type":"ListItem","position":1,"name":"Accueil","item":"https:\/\/www.africa-press.net\/cotedivoire\/"},{"@type":"ListItem","position":2,"name":"En difficult\u00e9 \u00e0 United, Eric Bailly va relancer sa carri\u00e8re \u00e0 Marseille sous la forme d&#8217;un pr\u00eat avec option d&#8217;achat"}]},{"@type":"WebSite","@id":"https:\/\/www.africa-press.net\/cotedivoire\/#website","url":"https:\/\/www.africa-press.net\/cotedivoire\/","name":"C\u00f4te d&#039;Ivoire","description":"Just another Africa News Agency Sites site","potentialAction":[{"@type":"SearchAction","target":{"@type":"EntryPoint","urlTemplate":"https:\/\/www.africa-press.net\/cotedivoire\/?s={search_term_string}"},"query-input":{"@type":"PropertyValueSpecification","valueRequired":true,"valueName":"search_term_string"}}],"inLanguage":"fr-FR"},{"@type":"Person","@id":"https:\/\/www.africa-press.net\/cotedivoire\/#\/schema\/person\/2b1cf3cd81a31e3cd26889ca66d677f1","name":"cfeditorfr"}]}},"_links":{"self":[{"href":"https:\/\/www.africa-press.net\/cotedivoire\/wp-json\/wp\/v2\/posts\/43790","targetHints":{"allow":["GET"]}}],"collection":[{"href":"https:\/\/www.africa-press.net\/cotedivoire\/wp-json\/wp\/v2\/posts"}],"about":[{"href":"https:\/\/www.africa-press.net\/cotedivoire\/wp-json\/wp\/v2\/types\/post"}],"author":[{"embeddable":true,"href":"https:\/\/www.africa-press.net\/cotedivoire\/wp-json\/wp\/v2\/users\/82"}],"replies":[{"embeddable":true,"href":"https:\/\/www.africa-press.net\/cotedivoire\/wp-json\/wp\/v2\/comments?post=43790"}],"version-history":[{"count":0,"href":"https:\/\/www.africa-press.net\/cotedivoire\/wp-json\/wp\/v2\/posts\/43790\/revisions"}],"wp:featuredmedia":[{"embeddable":true,"href":"https:\/\/www.africa-press.net\/cotedivoire\/wp-json\/wp\/v2\/media\/43789"}],"wp:attachment":[{"href":"https:\/\/www.africa-press.net\/cotedivoire\/wp-json\/wp\/v2\/media?parent=43790"}],"wp:term":[{"taxonomy":"category","embeddable":true,"href":"https:\/\/www.africa-press.net\/cotedivoire\/wp-json\/wp\/v2\/categories?post=43790"},{"taxonomy":"post_tag","embeddable":true,"href":"https:\/\/www.africa-press.net\/cotedivoire\/wp-json\/wp\/v2\/tags?post=43790"}],"curies":[{"name":"wp","href":"https:\/\/api.w.org\/{rel}","templated":true}]}}