{"id":44060,"date":"2022-08-30T15:28:30","date_gmt":"2022-08-30T15:28:30","guid":{"rendered":"https:\/\/www.africa-press.net\/cotedivoire\/politique\/pdci-rda-report-du-bureau-politique-elargi-au-comite-de-sages-le-29-septembre-2022"},"modified":"2022-08-30T16:27:07","modified_gmt":"2022-08-30T16:27:07","slug":"pdci-rda-report-du-bureau-politique-elargi-au-comite-de-sages-le-29-septembre-2022","status":"publish","type":"post","link":"https:\/\/www.africa-press.net\/cotedivoire\/politique\/pdci-rda-report-du-bureau-politique-elargi-au-comite-de-sages-le-29-septembre-2022","title":{"rendered":"PDCI-RDA, report du Bureau politique \u00e9largi au comit\u00e9 de sages le 29 septembre 2022"},"content":{"rendered":"<p><span style=\"color: #ff6600\"><strong>Africa-Press &#8211; C\u00f4te d&rsquo;Ivoire. <\/strong><\/span>En principe, le Bureau politique du PDCI-RDA \u00e9largie aux membres du Comit\u00e9 des Sages devait se tenir le 15 septembre 2022.<\/p>\n<p>En raison de la date de la rentr\u00e9e scolaire 2022-2023, fix\u00e9e au 12 septembre 2022, cette r\u00e9union du Bureau est report\u00e9e au jeudi 29 septembre 2022, comme mentionn\u00e9 dans un communiqu\u00e9 sign\u00e9 de Aim\u00e9 Henri Konan, pr\u00e9sident du parti.<\/p>\n<p>N\u00e9anmoins, l\u2019heure, le lieu et les conditions de participation \u00e0 ce Bureau Politique \u00e9largie aux membres du Comit\u00e9 des Sages restent inchang\u00e9s.<\/p>\n<p>Wassimagnon<\/p>\n<p><strong>Pour plus d&rsquo;informations et d&rsquo;analyses sur la <a href=\"https:\/\/www.africa-press.net\/cotedivoire\">C\u00f4te d&rsquo;Ivoire<\/a>, suivez <a href=\"https:\/\/www.africa-press.net\/\">Africa-Press<\/a><\/strong><\/p>\n","protected":false},"excerpt":{"rendered":"<p>Africa-Press &#8211; C\u00f4te d&rsquo;Ivoire. En principe, le Bureau politique du PDCI-RDA \u00e9largie aux membres du Comit\u00e9 des Sages devait se tenir le 15 septembre 2022. En raison de la date de la rentr\u00e9e scolaire 2022-2023, fix\u00e9e au 12 septembre 2022, cette r\u00e9union du Bureau est report\u00e9e au jeudi 29 septembre 2022, comme mentionn\u00e9 dans un [&hellip;]<\/p>\n","protected":false},"author":82,"featured_media":44059,"comment_status":"open","ping_status":"closed","sticky":false,"template":"","format":"standard","meta":{"footnotes":""},"categories":[11,2,10],"tags":[56,63,1970,1991,29,739,60,7460],"class_list":["post-44060","post","type-post","status-publish","format-standard","has-post-thumbnail","hentry","category-homepage-french","category-politique","category-toutes-les-actualites","tag-africa-press","tag-africa-press-cote-divoire","tag-bureau","tag-comite","tag-cote-divoire","tag-pdci-rda","tag-politique","tag-sages"],"yoast_head":"<!-- This site is optimized with the Yoast SEO Premium plugin v26.1 (Yoast SEO v27.0) - https:\/\/yoast.com\/product\/yoast-seo-premium-wordpress\/ -->\n<title>PDCI-RDA, report du Bureau politique \u00e9largi au comit\u00e9 de sages le 29 septembre 2022 - C\u00f4te d&#039;Ivoire<\/title>\n<meta name=\"description\" content=\"En principe, le Bureau politique du PDCI-RDA \u00e9largie aux membres du Comit\u00e9 des Sages devait se tenir le 15 septembre 202 ...\" \/>\n<meta name=\"robots\" content=\"index, follow, max-snippet:-1, max-image-preview:large, max-video-preview:-1\" \/>\n<link rel=\"canonical\" href=\"https:\/\/www.africa-press.net\/cotedivoire\/politique\/pdci-rda-report-du-bureau-politique-elargi-au-comite-de-sages-le-29-septembre-2022\" \/>\n<meta property=\"og:locale\" content=\"fr_FR\" \/>\n<meta property=\"og:type\" content=\"article\" \/>\n<meta property=\"og:title\" content=\"PDCI-RDA, report du Bureau politique \u00e9largi au comit\u00e9 de sages le 29 septembre 2022\" \/>\n<meta property=\"og:description\" content=\"En principe, le Bureau politique du PDCI-RDA \u00e9largie aux membres du Comit\u00e9 des Sages devait se tenir le 15 septembre 202 ...\" \/>\n<meta property=\"og:url\" content=\"https:\/\/www.africa-press.net\/cotedivoire\/politique\/pdci-rda-report-du-bureau-politique-elargi-au-comite-de-sages-le-29-septembre-2022\" \/>\n<meta property=\"og:site_name\" content=\"C\u00f4te d&#039;Ivoire\" \/>\n<meta property=\"article:published_time\" content=\"2022-08-30T15:28:30+00:00\" \/>\n<meta property=\"article:modified_time\" content=\"2022-08-30T16:27:07+00:00\" \/>\n<meta property=\"og:image\" content=\"https:\/\/static.africa-press.net\/cote\/sites\/43\/2022\/08\/postQueueImg_17-630e3a376b4ef.jpg\" \/>\n\t<meta property=\"og:image:width\" content=\"720\" \/>\n\t<meta property=\"og:image:height\" content=\"397\" \/>\n\t<meta property=\"og:image:type\" content=\"image\/jpeg\" \/>\n<meta name=\"author\" content=\"cfeditorfr\" \/>\n<meta name=\"twitter:card\" content=\"summary_large_image\" \/>\n<meta name=\"twitter:label1\" content=\"\u00c9crit par\" \/>\n\t<meta name=\"twitter:data1\" content=\"cfeditorfr\" \/>\n\t<meta name=\"twitter:label2\" content=\"Dur\u00e9e de lecture estim\u00e9e\" \/>\n\t<meta name=\"twitter:data2\" content=\"1 minute\" \/>\n<script type=\"application\/ld+json\" class=\"yoast-schema-graph\">{\"@context\":\"https:\/\/schema.org\",\"@graph\":[{\"@type\":\"Article\",\"@id\":\"https:\/\/www.africa-press.net\/cotedivoire\/politique\/pdci-rda-report-du-bureau-politique-elargi-au-comite-de-sages-le-29-septembre-2022#article\",\"isPartOf\":{\"@id\":\"https:\/\/www.africa-press.net\/cotedivoire\/politique\/pdci-rda-report-du-bureau-politique-elargi-au-comite-de-sages-le-29-septembre-2022\"},\"author\":{\"name\":\"cfeditorfr\",\"@id\":\"https:\/\/www.africa-press.net\/cotedivoire\/#\/schema\/person\/2b1cf3cd81a31e3cd26889ca66d677f1\"},\"headline\":\"PDCI-RDA, report du Bureau politique \u00e9largi au comit\u00e9 de sages le 29 septembre 2022\",\"datePublished\":\"2022-08-30T15:28:30+00:00\",\"dateModified\":\"2022-08-30T16:27:07+00:00\",\"mainEntityOfPage\":{\"@id\":\"https:\/\/www.africa-press.net\/cotedivoire\/politique\/pdci-rda-report-du-bureau-politique-elargi-au-comite-de-sages-le-29-septembre-2022\"},\"wordCount\":117,\"commentCount\":0,\"image\":{\"@id\":\"https:\/\/www.africa-press.net\/cotedivoire\/politique\/pdci-rda-report-du-bureau-politique-elargi-au-comite-de-sages-le-29-septembre-2022#primaryimage\"},\"thumbnailUrl\":\"https:\/\/static.africa-press.net\/cote\/sites\/43\/2022\/08\/postQueueImg_17-630e3a376b4ef.jpg\",\"keywords\":[\"Africa Press\",\"Africa Press-C\u00f4te d'Ivoire\",\"bureau\",\"Comit\u00e9\",\"C\u00d4TE D'IVOIRE\",\"PDCI-RDA\",\"Politique\",\"Sages\"],\"articleSection\":[\"homepage-french\",\"Politique\",\"Toutes les actualit\u00e9s\"],\"inLanguage\":\"fr-FR\",\"potentialAction\":[{\"@type\":\"CommentAction\",\"name\":\"Comment\",\"target\":[\"https:\/\/www.africa-press.net\/cotedivoire\/politique\/pdci-rda-report-du-bureau-politique-elargi-au-comite-de-sages-le-29-septembre-2022#respond\"]}]},{\"@type\":\"WebPage\",\"@id\":\"https:\/\/www.africa-press.net\/cotedivoire\/politique\/pdci-rda-report-du-bureau-politique-elargi-au-comite-de-sages-le-29-septembre-2022\",\"url\":\"https:\/\/www.africa-press.net\/cotedivoire\/politique\/pdci-rda-report-du-bureau-politique-elargi-au-comite-de-sages-le-29-septembre-2022\",\"name\":\"PDCI-RDA, report du Bureau politique \u00e9largi au comit\u00e9 de sages le 29 septembre 2022 - C\u00f4te d&#039;Ivoire\",\"isPartOf\":{\"@id\":\"https:\/\/www.africa-press.net\/cotedivoire\/#website\"},\"primaryImageOfPage\":{\"@id\":\"https:\/\/www.africa-press.net\/cotedivoire\/politique\/pdci-rda-report-du-bureau-politique-elargi-au-comite-de-sages-le-29-septembre-2022#primaryimage\"},\"image\":{\"@id\":\"https:\/\/www.africa-press.net\/cotedivoire\/politique\/pdci-rda-report-du-bureau-politique-elargi-au-comite-de-sages-le-29-septembre-2022#primaryimage\"},\"thumbnailUrl\":\"https:\/\/static.africa-press.net\/cote\/sites\/43\/2022\/08\/postQueueImg_17-630e3a376b4ef.jpg\",\"datePublished\":\"2022-08-30T15:28:30+00:00\",\"dateModified\":\"2022-08-30T16:27:07+00:00\",\"author\":{\"@id\":\"https:\/\/www.africa-press.net\/cotedivoire\/#\/schema\/person\/2b1cf3cd81a31e3cd26889ca66d677f1\"},\"description\":\"En principe, le Bureau politique du PDCI-RDA \u00e9largie aux membres du Comit\u00e9 des Sages devait se tenir le 15 septembre 202 ...\",\"breadcrumb\":{\"@id\":\"https:\/\/www.africa-press.net\/cotedivoire\/politique\/pdci-rda-report-du-bureau-politique-elargi-au-comite-de-sages-le-29-septembre-2022#breadcrumb\"},\"inLanguage\":\"fr-FR\",\"potentialAction\":[{\"@type\":\"ReadAction\",\"target\":[\"https:\/\/www.africa-press.net\/cotedivoire\/politique\/pdci-rda-report-du-bureau-politique-elargi-au-comite-de-sages-le-29-septembre-2022\"]}]},{\"@type\":\"ImageObject\",\"inLanguage\":\"fr-FR\",\"@id\":\"https:\/\/www.africa-press.net\/cotedivoire\/politique\/pdci-rda-report-du-bureau-politique-elargi-au-comite-de-sages-le-29-septembre-2022#primaryimage\",\"url\":\"https:\/\/static.africa-press.net\/cote\/sites\/43\/2022\/08\/postQueueImg_17-630e3a376b4ef.jpg\",\"contentUrl\":\"https:\/\/static.africa-press.net\/cote\/sites\/43\/2022\/08\/postQueueImg_17-630e3a376b4ef.jpg\",\"width\":720,\"height\":397,\"caption\":\"PDCI-RDA, report du Bureau politique \u00e9largi au comit\u00e9 de sages le 29 septembre 2022\"},{\"@type\":\"BreadcrumbList\",\"@id\":\"https:\/\/www.africa-press.net\/cotedivoire\/politique\/pdci-rda-report-du-bureau-politique-elargi-au-comite-de-sages-le-29-septembre-2022#breadcrumb\",\"itemListElement\":[{\"@type\":\"ListItem\",\"position\":1,\"name\":\"Accueil\",\"item\":\"https:\/\/www.africa-press.net\/cotedivoire\/\"},{\"@type\":\"ListItem\",\"position\":2,\"name\":\"PDCI-RDA, report du Bureau politique \u00e9largi au comit\u00e9 de sages le 29 septembre 2022\"}]},{\"@type\":\"WebSite\",\"@id\":\"https:\/\/www.africa-press.net\/cotedivoire\/#website\",\"url\":\"https:\/\/www.africa-press.net\/cotedivoire\/\",\"name\":\"C\u00f4te d&#039;Ivoire\",\"description\":\"Just another Africa News Agency Sites site\",\"potentialAction\":[{\"@type\":\"SearchAction\",\"target\":{\"@type\":\"EntryPoint\",\"urlTemplate\":\"https:\/\/www.africa-press.net\/cotedivoire\/?s={search_term_string}\"},\"query-input\":{\"@type\":\"PropertyValueSpecification\",\"valueRequired\":true,\"valueName\":\"search_term_string\"}}],\"inLanguage\":\"fr-FR\"},{\"@type\":\"Person\",\"@id\":\"https:\/\/www.africa-press.net\/cotedivoire\/#\/schema\/person\/2b1cf3cd81a31e3cd26889ca66d677f1\",\"name\":\"cfeditorfr\"}]}<\/script>\n<!-- \/ Yoast SEO Premium plugin. -->","yoast_head_json":{"title":"PDCI-RDA, report du Bureau politique \u00e9largi au comit\u00e9 de sages le 29 septembre 2022 - C\u00f4te d&#039;Ivoire","description":"En principe, le Bureau politique du PDCI-RDA \u00e9largie aux membres du Comit\u00e9 des Sages devait se tenir le 15 septembre 202 ...","robots":{"index":"index","follow":"follow","max-snippet":"max-snippet:-1","max-image-preview":"max-image-preview:large","max-video-preview":"max-video-preview:-1"},"canonical":"https:\/\/www.africa-press.net\/cotedivoire\/politique\/pdci-rda-report-du-bureau-politique-elargi-au-comite-de-sages-le-29-septembre-2022","og_locale":"fr_FR","og_type":"article","og_title":"PDCI-RDA, report du Bureau politique \u00e9largi au comit\u00e9 de sages le 29 septembre 2022","og_description":"En principe, le Bureau politique du PDCI-RDA \u00e9largie aux membres du Comit\u00e9 des Sages devait se tenir le 15 septembre 202 ...","og_url":"https:\/\/www.africa-press.net\/cotedivoire\/politique\/pdci-rda-report-du-bureau-politique-elargi-au-comite-de-sages-le-29-septembre-2022","og_site_name":"C\u00f4te d&#039;Ivoire","article_published_time":"2022-08-30T15:28:30+00:00","article_modified_time":"2022-08-30T16:27:07+00:00","og_image":[{"width":720,"height":397,"url":"https:\/\/static.africa-press.net\/cote\/sites\/43\/2022\/08\/postQueueImg_17-630e3a376b4ef.jpg","type":"image\/jpeg"}],"author":"cfeditorfr","twitter_card":"summary_large_image","twitter_misc":{"\u00c9crit par":"cfeditorfr","Dur\u00e9e de lecture estim\u00e9e":"1 minute"},"schema":{"@context":"https:\/\/schema.org","@graph":[{"@type":"Article","@id":"https:\/\/www.africa-press.net\/cotedivoire\/politique\/pdci-rda-report-du-bureau-politique-elargi-au-comite-de-sages-le-29-septembre-2022#article","isPartOf":{"@id":"https:\/\/www.africa-press.net\/cotedivoire\/politique\/pdci-rda-report-du-bureau-politique-elargi-au-comite-de-sages-le-29-septembre-2022"},"author":{"name":"cfeditorfr","@id":"https:\/\/www.africa-press.net\/cotedivoire\/#\/schema\/person\/2b1cf3cd81a31e3cd26889ca66d677f1"},"headline":"PDCI-RDA, report du Bureau politique \u00e9largi au comit\u00e9 de sages le 29 septembre 2022","datePublished":"2022-08-30T15:28:30+00:00","dateModified":"2022-08-30T16:27:07+00:00","mainEntityOfPage":{"@id":"https:\/\/www.africa-press.net\/cotedivoire\/politique\/pdci-rda-report-du-bureau-politique-elargi-au-comite-de-sages-le-29-septembre-2022"},"wordCount":117,"commentCount":0,"image":{"@id":"https:\/\/www.africa-press.net\/cotedivoire\/politique\/pdci-rda-report-du-bureau-politique-elargi-au-comite-de-sages-le-29-septembre-2022#primaryimage"},"thumbnailUrl":"https:\/\/static.africa-press.net\/cote\/sites\/43\/2022\/08\/postQueueImg_17-630e3a376b4ef.jpg","keywords":["Africa Press","Africa Press-C\u00f4te d'Ivoire","bureau","Comit\u00e9","C\u00d4TE D'IVOIRE","PDCI-RDA","Politique","Sages"],"articleSection":["homepage-french","Politique","Toutes les actualit\u00e9s"],"inLanguage":"fr-FR","potentialAction":[{"@type":"CommentAction","name":"Comment","target":["https:\/\/www.africa-press.net\/cotedivoire\/politique\/pdci-rda-report-du-bureau-politique-elargi-au-comite-de-sages-le-29-septembre-2022#respond"]}]},{"@type":"WebPage","@id":"https:\/\/www.africa-press.net\/cotedivoire\/politique\/pdci-rda-report-du-bureau-politique-elargi-au-comite-de-sages-le-29-septembre-2022","url":"https:\/\/www.africa-press.net\/cotedivoire\/politique\/pdci-rda-report-du-bureau-politique-elargi-au-comite-de-sages-le-29-septembre-2022","name":"PDCI-RDA, report du Bureau politique \u00e9largi au comit\u00e9 de sages le 29 septembre 2022 - C\u00f4te d&#039;Ivoire","isPartOf":{"@id":"https:\/\/www.africa-press.net\/cotedivoire\/#website"},"primaryImageOfPage":{"@id":"https:\/\/www.africa-press.net\/cotedivoire\/politique\/pdci-rda-report-du-bureau-politique-elargi-au-comite-de-sages-le-29-septembre-2022#primaryimage"},"image":{"@id":"https:\/\/www.africa-press.net\/cotedivoire\/politique\/pdci-rda-report-du-bureau-politique-elargi-au-comite-de-sages-le-29-septembre-2022#primaryimage"},"thumbnailUrl":"https:\/\/static.africa-press.net\/cote\/sites\/43\/2022\/08\/postQueueImg_17-630e3a376b4ef.jpg","datePublished":"2022-08-30T15:28:30+00:00","dateModified":"2022-08-30T16:27:07+00:00","author":{"@id":"https:\/\/www.africa-press.net\/cotedivoire\/#\/schema\/person\/2b1cf3cd81a31e3cd26889ca66d677f1"},"description":"En principe, le Bureau politique du PDCI-RDA \u00e9largie aux membres du Comit\u00e9 des Sages devait se tenir le 15 septembre 202 ...","breadcrumb":{"@id":"https:\/\/www.africa-press.net\/cotedivoire\/politique\/pdci-rda-report-du-bureau-politique-elargi-au-comite-de-sages-le-29-septembre-2022#breadcrumb"},"inLanguage":"fr-FR","potentialAction":[{"@type":"ReadAction","target":["https:\/\/www.africa-press.net\/cotedivoire\/politique\/pdci-rda-report-du-bureau-politique-elargi-au-comite-de-sages-le-29-septembre-2022"]}]},{"@type":"ImageObject","inLanguage":"fr-FR","@id":"https:\/\/www.africa-press.net\/cotedivoire\/politique\/pdci-rda-report-du-bureau-politique-elargi-au-comite-de-sages-le-29-septembre-2022#primaryimage","url":"https:\/\/static.africa-press.net\/cote\/sites\/43\/2022\/08\/postQueueImg_17-630e3a376b4ef.jpg","contentUrl":"https:\/\/static.africa-press.net\/cote\/sites\/43\/2022\/08\/postQueueImg_17-630e3a376b4ef.jpg","width":720,"height":397,"caption":"PDCI-RDA, report du Bureau politique \u00e9largi au comit\u00e9 de sages le 29 septembre 2022"},{"@type":"BreadcrumbList","@id":"https:\/\/www.africa-press.net\/cotedivoire\/politique\/pdci-rda-report-du-bureau-politique-elargi-au-comite-de-sages-le-29-septembre-2022#breadcrumb","itemListElement":[{"@type":"ListItem","position":1,"name":"Accueil","item":"https:\/\/www.africa-press.net\/cotedivoire\/"},{"@type":"ListItem","position":2,"name":"PDCI-RDA, report du Bureau politique \u00e9largi au comit\u00e9 de sages le 29 septembre 2022"}]},{"@type":"WebSite","@id":"https:\/\/www.africa-press.net\/cotedivoire\/#website","url":"https:\/\/www.africa-press.net\/cotedivoire\/","name":"C\u00f4te d&#039;Ivoire","description":"Just another Africa News Agency Sites site","potentialAction":[{"@type":"SearchAction","target":{"@type":"EntryPoint","urlTemplate":"https:\/\/www.africa-press.net\/cotedivoire\/?s={search_term_string}"},"query-input":{"@type":"PropertyValueSpecification","valueRequired":true,"valueName":"search_term_string"}}],"inLanguage":"fr-FR"},{"@type":"Person","@id":"https:\/\/www.africa-press.net\/cotedivoire\/#\/schema\/person\/2b1cf3cd81a31e3cd26889ca66d677f1","name":"cfeditorfr"}]}},"_links":{"self":[{"href":"https:\/\/www.africa-press.net\/cotedivoire\/wp-json\/wp\/v2\/posts\/44060","targetHints":{"allow":["GET"]}}],"collection":[{"href":"https:\/\/www.africa-press.net\/cotedivoire\/wp-json\/wp\/v2\/posts"}],"about":[{"href":"https:\/\/www.africa-press.net\/cotedivoire\/wp-json\/wp\/v2\/types\/post"}],"author":[{"embeddable":true,"href":"https:\/\/www.africa-press.net\/cotedivoire\/wp-json\/wp\/v2\/users\/82"}],"replies":[{"embeddable":true,"href":"https:\/\/www.africa-press.net\/cotedivoire\/wp-json\/wp\/v2\/comments?post=44060"}],"version-history":[{"count":0,"href":"https:\/\/www.africa-press.net\/cotedivoire\/wp-json\/wp\/v2\/posts\/44060\/revisions"}],"wp:featuredmedia":[{"embeddable":true,"href":"https:\/\/www.africa-press.net\/cotedivoire\/wp-json\/wp\/v2\/media\/44059"}],"wp:attachment":[{"href":"https:\/\/www.africa-press.net\/cotedivoire\/wp-json\/wp\/v2\/media?parent=44060"}],"wp:term":[{"taxonomy":"category","embeddable":true,"href":"https:\/\/www.africa-press.net\/cotedivoire\/wp-json\/wp\/v2\/categories?post=44060"},{"taxonomy":"post_tag","embeddable":true,"href":"https:\/\/www.africa-press.net\/cotedivoire\/wp-json\/wp\/v2\/tags?post=44060"}],"curies":[{"name":"wp","href":"https:\/\/api.w.org\/{rel}","templated":true}]}}