{"id":44081,"date":"2022-08-30T15:44:01","date_gmt":"2022-08-30T15:44:01","guid":{"rendered":"https:\/\/www.africa-press.net\/cotedivoire\/politique\/apres-les-mesures-sociales-prises-par-le-chef-de-letat-ce-que-souhaite-le-syndicat-national-du-personnel-des-communes-et-districts-ivoiriens"},"modified":"2022-08-30T16:30:36","modified_gmt":"2022-08-30T16:30:36","slug":"apres-les-mesures-sociales-prises-par-le-chef-de-letat-ce-que-souhaite-le-syndicat-national-du-personnel-des-communes-et-districts-ivoiriens","status":"publish","type":"post","link":"https:\/\/www.africa-press.net\/cotedivoire\/toutes-les-actualites\/apres-les-mesures-sociales-prises-par-le-chef-de-letat-ce-que-souhaite-le-syndicat-national-du-personnel-des-communes-et-districts-ivoiriens","title":{"rendered":"Apr\u00e8s les mesures sociales prises par le chef de l&rsquo;Etat, ce que souhaite le  Syndicat National du Personnel des Communes et Districts Ivoiriens"},"content":{"rendered":"<p><span style=\"color: #ff6600\"><strong>Africa-Press &#8211; C\u00f4te d&rsquo;Ivoire. <\/strong><\/span>Les mesures sociales annonc\u00e9es par le chef de l\u2019Etat, Alassane Ouattara, sont effectives \u00e0 la fin de ce mois d\u2019ao\u00fbt 2022.<\/p>\n<p>Notamment pour l\u2019indemnit\u00e9 de logements, une majoration de 20.000 FCFA, effective. Pour certains, selon leur grade, la majoration a doubl\u00e9.<\/p>\n<p>Les allocations familiales sont effectivement pass\u00e9es \u00e0 7500f au lieu de 2500f par enfant et la prime de transport: 20.000 FCFA pour les fonctionnaires d\u2019Abidjan.<\/p>\n<p>Mais juste apr\u00e8s l\u2019annonce des mesures sociales , par le pr\u00e9sident de la R\u00e9publique au profit des fonctionnaires et agents de l&rsquo;\u00c9tat, les Syndicats des collectivit\u00e9s territoriales ont tenu une r\u00e9union avec le Directeur G\u00e9n\u00e9ral de la D\u00e9centralisation et du D\u00e9veloppement Local aux fins d&rsquo;analyser les mesures \u00e9voqu\u00e9es ci- dessus.<\/p>\n<p>\u00ab A l&rsquo;issue des \u00e9changes, nous avons et nous avons clairement convenu que les agents des collectivit\u00e9s territoriales sont \u00e9galement concern\u00e9s par ces mesures sociales avantageuses. Le motif r\u00e9side dans le statut du personnel des collectivit\u00e9s territoriales, notamment l&rsquo;article 11 qui dispose que: le personnel recrut\u00e9 par la Collectivit\u00e9 territoriale b\u00e9n\u00e9ficie des m\u00eames droits et avantages que les fonctionnaires et agents de l&rsquo;\u00c9tat exer\u00e7ant les m\u00eames fonctions \u00bb, explique \u00e0 KOACI, le Secr\u00e9taire G\u00e9n\u00e9ral du Syndicat National du Personnel des Communes et Districts Ivoiriens (SYNAPECODI), Amadou Tour\u00e9.<\/p>\n<p>Le SYNAPECODI veut indiquer et rappeler \u00e0 tout syndicaliste, \u00e0 tout acteur du monde du travail, \u00e0 tout \u00c9lu que leur d\u00e9claration fait suite \u00e0 celle attribu\u00e9e au Grand Camarade Mamadou SORO, Secr\u00e9taire G\u00e9n\u00e9ral de la Centrale syndicale Humanisme, dans le Soir Info 8353 du lundi 29 ao\u00fbt 2022, page 9.<\/p>\n<p>Par ailleurs, le SYNAPECODI observ\u00e9 que ce sont pr\u00e8s de 20% des articles contenus dans le statut du personnel des collectivit\u00e9s territoriales qui requi\u00e8rent un d\u00e9cret pris en Conseil des Ministres&#8230;<\/p>\n<p>Par cons\u00e9quent le SYNAPECODI r\u00e9it\u00e8re son appel \u00e0 la Direction G\u00e9n\u00e9rale de la D\u00e9centralisation et du D\u00e9veloppement Local, et au-del\u00e0 \u00e0 l&rsquo;Etat, \u00e0 savoir que qu\u2019il souhaite que le Pr\u00e9sident de la R\u00e9publique cite directement et nomm\u00e9ment les agents recrut\u00e9s localement dans les collectivit\u00e9s territoriales lors des annonces de mesures sociales..<\/p>\n<p>\u00ab Nous souhaitons aussi que le Pr\u00e9sident de la R\u00e9publique prenne les d\u00e9crets \u00e0 prendre en Conseil des Ministres avant l&rsquo;\u00e9laboration des budgets de l&rsquo;exercice 2023. Je signale que l&rsquo;article 11 ne requiert aucun d\u00e9cret pour son application contrairement \u00e0 d&rsquo;autres dispositions du m\u00eame statut \u00bb, rel\u00e8ve M. Tour\u00e9.<\/p>\n<p><strong>Pour plus d&rsquo;informations et d&rsquo;analyses sur la <a href=\"https:\/\/www.africa-press.net\/cotedivoire\">C\u00f4te d&rsquo;Ivoire<\/a>, suivez <a href=\"https:\/\/www.africa-press.net\/\">Africa-Press<\/a><\/strong><\/p>\n","protected":false},"excerpt":{"rendered":"<p>Africa-Press &#8211; C\u00f4te d&rsquo;Ivoire. Les mesures sociales annonc\u00e9es par le chef de l\u2019Etat, Alassane Ouattara, sont effectives \u00e0 la fin de ce mois d\u2019ao\u00fbt 2022. Notamment pour l\u2019indemnit\u00e9 de logements, une majoration de 20.000 FCFA, effective. Pour certains, selon leur grade, la majoration a doubl\u00e9. Les allocations familiales sont effectivement pass\u00e9es \u00e0 7500f au lieu [&hellip;]<\/p>\n","protected":false},"author":82,"featured_media":44080,"comment_status":"open","ping_status":"closed","sticky":false,"template":"","format":"standard","meta":{"footnotes":""},"categories":[21,11,10],"tags":[56,63,38,6928,29,7467,3328],"class_list":["post-44081","post","type-post","status-publish","format-standard","has-post-thumbnail","hentry","category-communaute","category-homepage-french","category-toutes-les-actualites","tag-africa-press","tag-africa-press-cote-divoire","tag-alassane-ouattara","tag-amadou-toure","tag-cote-divoire","tag-mesures-sociales","tag-synapecodi"],"yoast_head":"<!-- This site is optimized with the Yoast SEO Premium plugin v26.1 (Yoast SEO v27.0) - https:\/\/yoast.com\/product\/yoast-seo-premium-wordpress\/ -->\n<title>Apr\u00e8s les mesures sociales prises par le chef de l&#039;Etat, ce que souhaite le Syndicat National du Personnel des Communes et Districts Ivoiriens - C\u00f4te d&#039;Ivoire<\/title>\n<meta name=\"description\" content=\"Les mesures sociales annonc\u00e9es par le chef de l\u2019Etat, Alassane Ouattara, sont effectives \u00e0 la fin de ce mois d\u2019ao\u00fbt 2022 ...\" \/>\n<meta name=\"robots\" content=\"index, follow, max-snippet:-1, max-image-preview:large, max-video-preview:-1\" \/>\n<link rel=\"canonical\" href=\"https:\/\/www.africa-press.net\/cotedivoire\/toutes-les-actualites\/apres-les-mesures-sociales-prises-par-le-chef-de-letat-ce-que-souhaite-le-syndicat-national-du-personnel-des-communes-et-districts-ivoiriens\" \/>\n<meta property=\"og:locale\" content=\"fr_FR\" \/>\n<meta property=\"og:type\" content=\"article\" \/>\n<meta property=\"og:title\" content=\"Apr\u00e8s les mesures sociales prises par le chef de l&#039;Etat, ce que souhaite le Syndicat National du Personnel des Communes et Districts Ivoiriens\" \/>\n<meta property=\"og:description\" content=\"Les mesures sociales annonc\u00e9es par le chef de l\u2019Etat, Alassane Ouattara, sont effectives \u00e0 la fin de ce mois d\u2019ao\u00fbt 2022 ...\" \/>\n<meta property=\"og:url\" content=\"https:\/\/www.africa-press.net\/cotedivoire\/toutes-les-actualites\/apres-les-mesures-sociales-prises-par-le-chef-de-letat-ce-que-souhaite-le-syndicat-national-du-personnel-des-communes-et-districts-ivoiriens\" \/>\n<meta property=\"og:site_name\" content=\"C\u00f4te d&#039;Ivoire\" \/>\n<meta property=\"article:published_time\" content=\"2022-08-30T15:44:01+00:00\" \/>\n<meta property=\"article:modified_time\" content=\"2022-08-30T16:30:36+00:00\" \/>\n<meta property=\"og:image\" content=\"https:\/\/static.africa-press.net\/cote\/sites\/43\/2022\/08\/postQueueImg_24-630e3b181164a.jpg\" \/>\n\t<meta property=\"og:image:width\" content=\"720\" \/>\n\t<meta property=\"og:image:height\" content=\"404\" \/>\n\t<meta property=\"og:image:type\" content=\"image\/jpeg\" \/>\n<meta name=\"author\" content=\"cfeditorfr\" \/>\n<meta name=\"twitter:card\" content=\"summary_large_image\" \/>\n<meta name=\"twitter:label1\" content=\"\u00c9crit par\" \/>\n\t<meta name=\"twitter:data1\" content=\"cfeditorfr\" \/>\n\t<meta name=\"twitter:label2\" content=\"Dur\u00e9e de lecture estim\u00e9e\" \/>\n\t<meta name=\"twitter:data2\" content=\"3 minutes\" \/>\n<script type=\"application\/ld+json\" class=\"yoast-schema-graph\">{\"@context\":\"https:\/\/schema.org\",\"@graph\":[{\"@type\":\"Article\",\"@id\":\"https:\/\/www.africa-press.net\/cotedivoire\/toutes-les-actualites\/apres-les-mesures-sociales-prises-par-le-chef-de-letat-ce-que-souhaite-le-syndicat-national-du-personnel-des-communes-et-districts-ivoiriens#article\",\"isPartOf\":{\"@id\":\"https:\/\/www.africa-press.net\/cotedivoire\/toutes-les-actualites\/apres-les-mesures-sociales-prises-par-le-chef-de-letat-ce-que-souhaite-le-syndicat-national-du-personnel-des-communes-et-districts-ivoiriens\"},\"author\":{\"name\":\"cfeditorfr\",\"@id\":\"https:\/\/www.africa-press.net\/cotedivoire\/#\/schema\/person\/2b1cf3cd81a31e3cd26889ca66d677f1\"},\"headline\":\"Apr\u00e8s les mesures sociales prises par le chef de l&rsquo;Etat, ce que souhaite le Syndicat National du Personnel des Communes et Districts Ivoiriens\",\"datePublished\":\"2022-08-30T15:44:01+00:00\",\"dateModified\":\"2022-08-30T16:30:36+00:00\",\"mainEntityOfPage\":{\"@id\":\"https:\/\/www.africa-press.net\/cotedivoire\/toutes-les-actualites\/apres-les-mesures-sociales-prises-par-le-chef-de-letat-ce-que-souhaite-le-syndicat-national-du-personnel-des-communes-et-districts-ivoiriens\"},\"wordCount\":472,\"commentCount\":0,\"image\":{\"@id\":\"https:\/\/www.africa-press.net\/cotedivoire\/toutes-les-actualites\/apres-les-mesures-sociales-prises-par-le-chef-de-letat-ce-que-souhaite-le-syndicat-national-du-personnel-des-communes-et-districts-ivoiriens#primaryimage\"},\"thumbnailUrl\":\"https:\/\/static.africa-press.net\/cote\/sites\/43\/2022\/08\/postQueueImg_24-630e3b181164a.jpg\",\"keywords\":[\"Africa Press\",\"Africa Press-C\u00f4te d'Ivoire\",\"Alassane Ouattara\",\"Amadou Tour\u00e9\",\"C\u00d4TE D'IVOIRE\",\"mesures sociales\",\"SYNAPECODI\"],\"articleSection\":[\"Communaut\u00e9\",\"homepage-french\",\"Toutes les actualit\u00e9s\"],\"inLanguage\":\"fr-FR\",\"potentialAction\":[{\"@type\":\"CommentAction\",\"name\":\"Comment\",\"target\":[\"https:\/\/www.africa-press.net\/cotedivoire\/toutes-les-actualites\/apres-les-mesures-sociales-prises-par-le-chef-de-letat-ce-que-souhaite-le-syndicat-national-du-personnel-des-communes-et-districts-ivoiriens#respond\"]}]},{\"@type\":\"WebPage\",\"@id\":\"https:\/\/www.africa-press.net\/cotedivoire\/toutes-les-actualites\/apres-les-mesures-sociales-prises-par-le-chef-de-letat-ce-que-souhaite-le-syndicat-national-du-personnel-des-communes-et-districts-ivoiriens\",\"url\":\"https:\/\/www.africa-press.net\/cotedivoire\/toutes-les-actualites\/apres-les-mesures-sociales-prises-par-le-chef-de-letat-ce-que-souhaite-le-syndicat-national-du-personnel-des-communes-et-districts-ivoiriens\",\"name\":\"Apr\u00e8s les mesures sociales prises par le chef de l'Etat, ce que souhaite le Syndicat National du Personnel des Communes et Districts Ivoiriens - C\u00f4te d&#039;Ivoire\",\"isPartOf\":{\"@id\":\"https:\/\/www.africa-press.net\/cotedivoire\/#website\"},\"primaryImageOfPage\":{\"@id\":\"https:\/\/www.africa-press.net\/cotedivoire\/toutes-les-actualites\/apres-les-mesures-sociales-prises-par-le-chef-de-letat-ce-que-souhaite-le-syndicat-national-du-personnel-des-communes-et-districts-ivoiriens#primaryimage\"},\"image\":{\"@id\":\"https:\/\/www.africa-press.net\/cotedivoire\/toutes-les-actualites\/apres-les-mesures-sociales-prises-par-le-chef-de-letat-ce-que-souhaite-le-syndicat-national-du-personnel-des-communes-et-districts-ivoiriens#primaryimage\"},\"thumbnailUrl\":\"https:\/\/static.africa-press.net\/cote\/sites\/43\/2022\/08\/postQueueImg_24-630e3b181164a.jpg\",\"datePublished\":\"2022-08-30T15:44:01+00:00\",\"dateModified\":\"2022-08-30T16:30:36+00:00\",\"author\":{\"@id\":\"https:\/\/www.africa-press.net\/cotedivoire\/#\/schema\/person\/2b1cf3cd81a31e3cd26889ca66d677f1\"},\"description\":\"Les mesures sociales annonc\u00e9es par le chef de l\u2019Etat, Alassane Ouattara, sont effectives \u00e0 la fin de ce mois d\u2019ao\u00fbt 2022 ...\",\"breadcrumb\":{\"@id\":\"https:\/\/www.africa-press.net\/cotedivoire\/toutes-les-actualites\/apres-les-mesures-sociales-prises-par-le-chef-de-letat-ce-que-souhaite-le-syndicat-national-du-personnel-des-communes-et-districts-ivoiriens#breadcrumb\"},\"inLanguage\":\"fr-FR\",\"potentialAction\":[{\"@type\":\"ReadAction\",\"target\":[\"https:\/\/www.africa-press.net\/cotedivoire\/toutes-les-actualites\/apres-les-mesures-sociales-prises-par-le-chef-de-letat-ce-que-souhaite-le-syndicat-national-du-personnel-des-communes-et-districts-ivoiriens\"]}]},{\"@type\":\"ImageObject\",\"inLanguage\":\"fr-FR\",\"@id\":\"https:\/\/www.africa-press.net\/cotedivoire\/toutes-les-actualites\/apres-les-mesures-sociales-prises-par-le-chef-de-letat-ce-que-souhaite-le-syndicat-national-du-personnel-des-communes-et-districts-ivoiriens#primaryimage\",\"url\":\"https:\/\/static.africa-press.net\/cote\/sites\/43\/2022\/08\/postQueueImg_24-630e3b181164a.jpg\",\"contentUrl\":\"https:\/\/static.africa-press.net\/cote\/sites\/43\/2022\/08\/postQueueImg_24-630e3b181164a.jpg\",\"width\":720,\"height\":404,\"caption\":\"Apr\u00e8s les mesures sociales prises par le chef de l'Etat, ce que souhaite le Syndicat National du Personnel des Communes et Districts Ivoiriens\"},{\"@type\":\"BreadcrumbList\",\"@id\":\"https:\/\/www.africa-press.net\/cotedivoire\/toutes-les-actualites\/apres-les-mesures-sociales-prises-par-le-chef-de-letat-ce-que-souhaite-le-syndicat-national-du-personnel-des-communes-et-districts-ivoiriens#breadcrumb\",\"itemListElement\":[{\"@type\":\"ListItem\",\"position\":1,\"name\":\"Accueil\",\"item\":\"https:\/\/www.africa-press.net\/cotedivoire\/\"},{\"@type\":\"ListItem\",\"position\":2,\"name\":\"Apr\u00e8s les mesures sociales prises par le chef de l&#8217;Etat, ce que souhaite le Syndicat National du Personnel des Communes et Districts Ivoiriens\"}]},{\"@type\":\"WebSite\",\"@id\":\"https:\/\/www.africa-press.net\/cotedivoire\/#website\",\"url\":\"https:\/\/www.africa-press.net\/cotedivoire\/\",\"name\":\"C\u00f4te d&#039;Ivoire\",\"description\":\"Just another Africa News Agency Sites site\",\"potentialAction\":[{\"@type\":\"SearchAction\",\"target\":{\"@type\":\"EntryPoint\",\"urlTemplate\":\"https:\/\/www.africa-press.net\/cotedivoire\/?s={search_term_string}\"},\"query-input\":{\"@type\":\"PropertyValueSpecification\",\"valueRequired\":true,\"valueName\":\"search_term_string\"}}],\"inLanguage\":\"fr-FR\"},{\"@type\":\"Person\",\"@id\":\"https:\/\/www.africa-press.net\/cotedivoire\/#\/schema\/person\/2b1cf3cd81a31e3cd26889ca66d677f1\",\"name\":\"cfeditorfr\"}]}<\/script>\n<!-- \/ Yoast SEO Premium plugin. -->","yoast_head_json":{"title":"Apr\u00e8s les mesures sociales prises par le chef de l'Etat, ce que souhaite le Syndicat National du Personnel des Communes et Districts Ivoiriens - C\u00f4te d&#039;Ivoire","description":"Les mesures sociales annonc\u00e9es par le chef de l\u2019Etat, Alassane Ouattara, sont effectives \u00e0 la fin de ce mois d\u2019ao\u00fbt 2022 ...","robots":{"index":"index","follow":"follow","max-snippet":"max-snippet:-1","max-image-preview":"max-image-preview:large","max-video-preview":"max-video-preview:-1"},"canonical":"https:\/\/www.africa-press.net\/cotedivoire\/toutes-les-actualites\/apres-les-mesures-sociales-prises-par-le-chef-de-letat-ce-que-souhaite-le-syndicat-national-du-personnel-des-communes-et-districts-ivoiriens","og_locale":"fr_FR","og_type":"article","og_title":"Apr\u00e8s les mesures sociales prises par le chef de l'Etat, ce que souhaite le Syndicat National du Personnel des Communes et Districts Ivoiriens","og_description":"Les mesures sociales annonc\u00e9es par le chef de l\u2019Etat, Alassane Ouattara, sont effectives \u00e0 la fin de ce mois d\u2019ao\u00fbt 2022 ...","og_url":"https:\/\/www.africa-press.net\/cotedivoire\/toutes-les-actualites\/apres-les-mesures-sociales-prises-par-le-chef-de-letat-ce-que-souhaite-le-syndicat-national-du-personnel-des-communes-et-districts-ivoiriens","og_site_name":"C\u00f4te d&#039;Ivoire","article_published_time":"2022-08-30T15:44:01+00:00","article_modified_time":"2022-08-30T16:30:36+00:00","og_image":[{"width":720,"height":404,"url":"https:\/\/static.africa-press.net\/cote\/sites\/43\/2022\/08\/postQueueImg_24-630e3b181164a.jpg","type":"image\/jpeg"}],"author":"cfeditorfr","twitter_card":"summary_large_image","twitter_misc":{"\u00c9crit par":"cfeditorfr","Dur\u00e9e de lecture estim\u00e9e":"3 minutes"},"schema":{"@context":"https:\/\/schema.org","@graph":[{"@type":"Article","@id":"https:\/\/www.africa-press.net\/cotedivoire\/toutes-les-actualites\/apres-les-mesures-sociales-prises-par-le-chef-de-letat-ce-que-souhaite-le-syndicat-national-du-personnel-des-communes-et-districts-ivoiriens#article","isPartOf":{"@id":"https:\/\/www.africa-press.net\/cotedivoire\/toutes-les-actualites\/apres-les-mesures-sociales-prises-par-le-chef-de-letat-ce-que-souhaite-le-syndicat-national-du-personnel-des-communes-et-districts-ivoiriens"},"author":{"name":"cfeditorfr","@id":"https:\/\/www.africa-press.net\/cotedivoire\/#\/schema\/person\/2b1cf3cd81a31e3cd26889ca66d677f1"},"headline":"Apr\u00e8s les mesures sociales prises par le chef de l&rsquo;Etat, ce que souhaite le Syndicat National du Personnel des Communes et Districts Ivoiriens","datePublished":"2022-08-30T15:44:01+00:00","dateModified":"2022-08-30T16:30:36+00:00","mainEntityOfPage":{"@id":"https:\/\/www.africa-press.net\/cotedivoire\/toutes-les-actualites\/apres-les-mesures-sociales-prises-par-le-chef-de-letat-ce-que-souhaite-le-syndicat-national-du-personnel-des-communes-et-districts-ivoiriens"},"wordCount":472,"commentCount":0,"image":{"@id":"https:\/\/www.africa-press.net\/cotedivoire\/toutes-les-actualites\/apres-les-mesures-sociales-prises-par-le-chef-de-letat-ce-que-souhaite-le-syndicat-national-du-personnel-des-communes-et-districts-ivoiriens#primaryimage"},"thumbnailUrl":"https:\/\/static.africa-press.net\/cote\/sites\/43\/2022\/08\/postQueueImg_24-630e3b181164a.jpg","keywords":["Africa Press","Africa Press-C\u00f4te d'Ivoire","Alassane Ouattara","Amadou Tour\u00e9","C\u00d4TE D'IVOIRE","mesures sociales","SYNAPECODI"],"articleSection":["Communaut\u00e9","homepage-french","Toutes les actualit\u00e9s"],"inLanguage":"fr-FR","potentialAction":[{"@type":"CommentAction","name":"Comment","target":["https:\/\/www.africa-press.net\/cotedivoire\/toutes-les-actualites\/apres-les-mesures-sociales-prises-par-le-chef-de-letat-ce-que-souhaite-le-syndicat-national-du-personnel-des-communes-et-districts-ivoiriens#respond"]}]},{"@type":"WebPage","@id":"https:\/\/www.africa-press.net\/cotedivoire\/toutes-les-actualites\/apres-les-mesures-sociales-prises-par-le-chef-de-letat-ce-que-souhaite-le-syndicat-national-du-personnel-des-communes-et-districts-ivoiriens","url":"https:\/\/www.africa-press.net\/cotedivoire\/toutes-les-actualites\/apres-les-mesures-sociales-prises-par-le-chef-de-letat-ce-que-souhaite-le-syndicat-national-du-personnel-des-communes-et-districts-ivoiriens","name":"Apr\u00e8s les mesures sociales prises par le chef de l'Etat, ce que souhaite le Syndicat National du Personnel des Communes et Districts Ivoiriens - C\u00f4te d&#039;Ivoire","isPartOf":{"@id":"https:\/\/www.africa-press.net\/cotedivoire\/#website"},"primaryImageOfPage":{"@id":"https:\/\/www.africa-press.net\/cotedivoire\/toutes-les-actualites\/apres-les-mesures-sociales-prises-par-le-chef-de-letat-ce-que-souhaite-le-syndicat-national-du-personnel-des-communes-et-districts-ivoiriens#primaryimage"},"image":{"@id":"https:\/\/www.africa-press.net\/cotedivoire\/toutes-les-actualites\/apres-les-mesures-sociales-prises-par-le-chef-de-letat-ce-que-souhaite-le-syndicat-national-du-personnel-des-communes-et-districts-ivoiriens#primaryimage"},"thumbnailUrl":"https:\/\/static.africa-press.net\/cote\/sites\/43\/2022\/08\/postQueueImg_24-630e3b181164a.jpg","datePublished":"2022-08-30T15:44:01+00:00","dateModified":"2022-08-30T16:30:36+00:00","author":{"@id":"https:\/\/www.africa-press.net\/cotedivoire\/#\/schema\/person\/2b1cf3cd81a31e3cd26889ca66d677f1"},"description":"Les mesures sociales annonc\u00e9es par le chef de l\u2019Etat, Alassane Ouattara, sont effectives \u00e0 la fin de ce mois d\u2019ao\u00fbt 2022 ...","breadcrumb":{"@id":"https:\/\/www.africa-press.net\/cotedivoire\/toutes-les-actualites\/apres-les-mesures-sociales-prises-par-le-chef-de-letat-ce-que-souhaite-le-syndicat-national-du-personnel-des-communes-et-districts-ivoiriens#breadcrumb"},"inLanguage":"fr-FR","potentialAction":[{"@type":"ReadAction","target":["https:\/\/www.africa-press.net\/cotedivoire\/toutes-les-actualites\/apres-les-mesures-sociales-prises-par-le-chef-de-letat-ce-que-souhaite-le-syndicat-national-du-personnel-des-communes-et-districts-ivoiriens"]}]},{"@type":"ImageObject","inLanguage":"fr-FR","@id":"https:\/\/www.africa-press.net\/cotedivoire\/toutes-les-actualites\/apres-les-mesures-sociales-prises-par-le-chef-de-letat-ce-que-souhaite-le-syndicat-national-du-personnel-des-communes-et-districts-ivoiriens#primaryimage","url":"https:\/\/static.africa-press.net\/cote\/sites\/43\/2022\/08\/postQueueImg_24-630e3b181164a.jpg","contentUrl":"https:\/\/static.africa-press.net\/cote\/sites\/43\/2022\/08\/postQueueImg_24-630e3b181164a.jpg","width":720,"height":404,"caption":"Apr\u00e8s les mesures sociales prises par le chef de l'Etat, ce que souhaite le Syndicat National du Personnel des Communes et Districts Ivoiriens"},{"@type":"BreadcrumbList","@id":"https:\/\/www.africa-press.net\/cotedivoire\/toutes-les-actualites\/apres-les-mesures-sociales-prises-par-le-chef-de-letat-ce-que-souhaite-le-syndicat-national-du-personnel-des-communes-et-districts-ivoiriens#breadcrumb","itemListElement":[{"@type":"ListItem","position":1,"name":"Accueil","item":"https:\/\/www.africa-press.net\/cotedivoire\/"},{"@type":"ListItem","position":2,"name":"Apr\u00e8s les mesures sociales prises par le chef de l&#8217;Etat, ce que souhaite le Syndicat National du Personnel des Communes et Districts Ivoiriens"}]},{"@type":"WebSite","@id":"https:\/\/www.africa-press.net\/cotedivoire\/#website","url":"https:\/\/www.africa-press.net\/cotedivoire\/","name":"C\u00f4te d&#039;Ivoire","description":"Just another Africa News Agency Sites site","potentialAction":[{"@type":"SearchAction","target":{"@type":"EntryPoint","urlTemplate":"https:\/\/www.africa-press.net\/cotedivoire\/?s={search_term_string}"},"query-input":{"@type":"PropertyValueSpecification","valueRequired":true,"valueName":"search_term_string"}}],"inLanguage":"fr-FR"},{"@type":"Person","@id":"https:\/\/www.africa-press.net\/cotedivoire\/#\/schema\/person\/2b1cf3cd81a31e3cd26889ca66d677f1","name":"cfeditorfr"}]}},"_links":{"self":[{"href":"https:\/\/www.africa-press.net\/cotedivoire\/wp-json\/wp\/v2\/posts\/44081","targetHints":{"allow":["GET"]}}],"collection":[{"href":"https:\/\/www.africa-press.net\/cotedivoire\/wp-json\/wp\/v2\/posts"}],"about":[{"href":"https:\/\/www.africa-press.net\/cotedivoire\/wp-json\/wp\/v2\/types\/post"}],"author":[{"embeddable":true,"href":"https:\/\/www.africa-press.net\/cotedivoire\/wp-json\/wp\/v2\/users\/82"}],"replies":[{"embeddable":true,"href":"https:\/\/www.africa-press.net\/cotedivoire\/wp-json\/wp\/v2\/comments?post=44081"}],"version-history":[{"count":0,"href":"https:\/\/www.africa-press.net\/cotedivoire\/wp-json\/wp\/v2\/posts\/44081\/revisions"}],"wp:featuredmedia":[{"embeddable":true,"href":"https:\/\/www.africa-press.net\/cotedivoire\/wp-json\/wp\/v2\/media\/44080"}],"wp:attachment":[{"href":"https:\/\/www.africa-press.net\/cotedivoire\/wp-json\/wp\/v2\/media?parent=44081"}],"wp:term":[{"taxonomy":"category","embeddable":true,"href":"https:\/\/www.africa-press.net\/cotedivoire\/wp-json\/wp\/v2\/categories?post=44081"},{"taxonomy":"post_tag","embeddable":true,"href":"https:\/\/www.africa-press.net\/cotedivoire\/wp-json\/wp\/v2\/tags?post=44081"}],"curies":[{"name":"wp","href":"https:\/\/api.w.org\/{rel}","templated":true}]}}