{"id":44111,"date":"2022-08-31T17:42:19","date_gmt":"2022-08-31T17:42:19","guid":{"rendered":"https:\/\/www.africa-press.net\/cotedivoire\/politique\/simone-gbagbo-nexclut-pas-a-lavenir-une-alliance-avec-le-ppa-ci-mais-son-parti-nest-pas-un-forcene-de-lopposition"},"modified":"2022-08-31T18:17:55","modified_gmt":"2022-08-31T18:17:55","slug":"simone-gbagbo-nexclut-pas-a-lavenir-une-alliance-avec-le-ppa-ci-mais-son-parti-nest-pas-un-forcene-de-lopposition","status":"publish","type":"post","link":"https:\/\/www.africa-press.net\/cotedivoire\/politique\/simone-gbagbo-nexclut-pas-a-lavenir-une-alliance-avec-le-ppa-ci-mais-son-parti-nest-pas-un-forcene-de-lopposition","title":{"rendered":"Simone Gbagbo n&rsquo;exclut pas \u00e0 l&rsquo;avenir une alliance avec le PPA-CI, mais son parti n&rsquo;est pas un  forcen\u00e9 de l&rsquo;opposition"},"content":{"rendered":"<p><span style=\"color: #ff6600\"><strong>Africa-Press &#8211; C\u00f4te d&rsquo;Ivoire. <\/strong><\/span>Dans une interview exclusive ce mardi 30 ao\u00fbt 2022 \u00e0 France 24, Simone Gbagbo, Pr\u00e9sident du nouveau mouvement politique G\u00e9n\u00e9rations Capables (MGC) a lev\u00e9 un coin de voile sur ses ambitions et ses relations avec le PPA-CI..<\/p>\n<p>L\u2019ancienne premi\u00e8re Dame n\u2019exclut pas \u00e0 l\u2019avenir une alliance avec le PPA-CI de Laurent Gbagbo.<\/p>\n<p>\u00ab Il ne faut pas \u00eatre pessimiste. Je ne peux pas dire que tout est rompu d\u00e9finitivement on ne dit jamais cela (&#8230;) Mais il est \u00e9vident que pour l\u2019instant chacun fait son chemin et l\u2019avenir nous dira qu\u2019elles sont les possibilit\u00e9s, et quelles sont les raisons d\u2019une alliance possible, c\u2019est l\u2019avenir qui nous le dira \u00bb, a-t-elle indiqu\u00e9.<\/p>\n<p>Revenant sur l\u2019absence du PPA-CI au congr\u00e8s de son parti, l\u2019ancienne D\u00e9put\u00e9e s\u2019est dit d\u00e9\u00e7ue mais n\u2019\u00e9tait pas \u00e9tonn\u00e9e de cette absence<\/p>\n<p>\u00ab Bien s\u00fbr on est toujours d\u00e9\u00e7u quand on lance une invitation et que la r\u00e9ponse ne vient pas positivement, mais on n\u2019\u00e9tait pas non plus \u00e9tonne de cette absence \u00bb, a fait savoir Simone Gbagbo.<\/p>\n<p>Concernant la posture de son parti, elle a soulign\u00e9 se d\u00e9finit comme un parti dans l\u2019opposition. \u00ab (&#8230;) Nous ne nous positionnons pas en alli\u00e9 du RHDP, cela est certain, mais si pour un acte historique il est n\u00e9cessaire de s\u2019asseoir pour discuter et de s\u2019entendre, on le fera. On n\u2019est pas des forcen\u00e9s de l\u2019opposition et on n\u2019est pas non plus un parti alli\u00e9 au RHDP \u00bb, a clarifi\u00e9 la pr\u00e9sidente du MGC.<\/p>\n<p>Simone Gbagbo se dit contraire \u00e0 un projet de loi limitant l\u2019\u00e2ge pour \u00eatre candidat \u00e0 la pr\u00e9sidence \u00e0 75 ans, ce qui \u00e9liminerait de la course \u00e0 la pr\u00e9sidentielle de 2025 aussi bien Alassane Ouattara que les anciens pr\u00e9sident Henri Konan B\u00e9di\u00e9 et Laurent Gbagbo, ainsi qu\u2019elle-m\u00eame.<\/p>\n<p>\u00ab Je suis contre ce genre de loi qui fait les limitations. Regarder en Europe et Am\u00e9rique, il n\u2019y aucune limitant l\u2019\u00e2ge des candidats aux pr\u00e9sidentielles qui ont des d\u00e9mocraties beaucoup plus anciennes que les n\u00f4tres \u00bb, s\u2019est-elle insurg\u00e9e sur le projet de loi qui devrait \u00eatre d\u00e9battu \u00e0 la longue par les D\u00e9put\u00e9s ivoiriens.<\/p>\n<p>Enfin concernant une \u00e9ventuelle candidature \u00e0 la pr\u00e9sidence de 2025, Simone Gbagbo s\u2019en remet \u00e0 la base de son parti.<\/p>\n<p>\u00ab Si mon parti me d\u00e9signe, je serai candidate \u00e0 la pr\u00e9sidence en 2025 \u00bb, a signifi\u00e9 la Dame de fer de la politique ivoirienne.<\/p>\n<p><strong>Pour plus d&rsquo;informations et d&rsquo;analyses sur la <a href=\"https:\/\/www.africa-press.net\/cotedivoire\">C\u00f4te d&rsquo;Ivoire<\/a>, suivez <a href=\"https:\/\/www.africa-press.net\/\">Africa-Press<\/a><\/strong><\/p>\n","protected":false},"excerpt":{"rendered":"<p>Africa-Press &#8211; C\u00f4te d&rsquo;Ivoire. Dans une interview exclusive ce mardi 30 ao\u00fbt 2022 \u00e0 France 24, Simone Gbagbo, Pr\u00e9sident du nouveau mouvement politique G\u00e9n\u00e9rations Capables (MGC) a lev\u00e9 un coin de voile sur ses ambitions et ses relations avec le PPA-CI.. L\u2019ancienne premi\u00e8re Dame n\u2019exclut pas \u00e0 l\u2019avenir une alliance avec le PPA-CI de Laurent [&hellip;]<\/p>\n","protected":false},"author":82,"featured_media":44110,"comment_status":"open","ping_status":"closed","sticky":false,"template":"","format":"standard","meta":{"footnotes":""},"categories":[11,2,10],"tags":[56,63,3204,29,50,1589,3500,1952,2548,371,222],"class_list":["post-44111","post","type-post","status-publish","format-standard","has-post-thumbnail","hentry","category-homepage-french","category-politique","category-toutes-les-actualites","tag-africa-press","tag-africa-press-cote-divoire","tag-alliance","tag-cote-divoire","tag-laurent-gbagbo","tag-mgc","tag-opposition","tag-ppa-ci","tag-presidentielles","tag-rhdp","tag-simone-gbagbo"],"yoast_head":"<!-- This site is optimized with the Yoast SEO Premium plugin v26.1 (Yoast SEO v27.0) - https:\/\/yoast.com\/product\/yoast-seo-premium-wordpress\/ -->\n<title>Simone Gbagbo n&#039;exclut pas \u00e0 l&#039;avenir une alliance avec le PPA-CI, mais son parti n&#039;est pas un forcen\u00e9 de l&#039;opposition - C\u00f4te d&#039;Ivoire<\/title>\n<meta name=\"description\" content=\"Dans une interview exclusive ce mardi 30 ao\u00fbt 2022 \u00e0 France 24, Simone Gbagbo, Pr\u00e9sident du nouveau mouvement politique ...\" \/>\n<meta name=\"robots\" content=\"index, follow, max-snippet:-1, max-image-preview:large, max-video-preview:-1\" \/>\n<link rel=\"canonical\" href=\"https:\/\/www.africa-press.net\/cotedivoire\/politique\/simone-gbagbo-nexclut-pas-a-lavenir-une-alliance-avec-le-ppa-ci-mais-son-parti-nest-pas-un-forcene-de-lopposition\" \/>\n<meta property=\"og:locale\" content=\"fr_FR\" \/>\n<meta property=\"og:type\" content=\"article\" \/>\n<meta property=\"og:title\" content=\"Simone Gbagbo n&#039;exclut pas \u00e0 l&#039;avenir une alliance avec le PPA-CI, mais son parti n&#039;est pas un forcen\u00e9 de l&#039;opposition\" \/>\n<meta property=\"og:description\" content=\"Dans une interview exclusive ce mardi 30 ao\u00fbt 2022 \u00e0 France 24, Simone Gbagbo, Pr\u00e9sident du nouveau mouvement politique ...\" \/>\n<meta property=\"og:url\" content=\"https:\/\/www.africa-press.net\/cotedivoire\/politique\/simone-gbagbo-nexclut-pas-a-lavenir-une-alliance-avec-le-ppa-ci-mais-son-parti-nest-pas-un-forcene-de-lopposition\" \/>\n<meta property=\"og:site_name\" content=\"C\u00f4te d&#039;Ivoire\" \/>\n<meta property=\"article:published_time\" content=\"2022-08-31T17:42:19+00:00\" \/>\n<meta property=\"article:modified_time\" content=\"2022-08-31T18:17:55+00:00\" \/>\n<meta property=\"og:image\" content=\"https:\/\/static.africa-press.net\/cote\/sites\/43\/2022\/08\/postQueueImg_50.jpg\" \/>\n\t<meta property=\"og:image:width\" content=\"720\" \/>\n\t<meta property=\"og:image:height\" content=\"273\" \/>\n\t<meta property=\"og:image:type\" content=\"image\/jpeg\" \/>\n<meta name=\"author\" content=\"cfeditorfr\" \/>\n<meta name=\"twitter:card\" content=\"summary_large_image\" \/>\n<meta name=\"twitter:label1\" content=\"\u00c9crit par\" \/>\n\t<meta name=\"twitter:data1\" content=\"cfeditorfr\" \/>\n\t<meta name=\"twitter:label2\" content=\"Dur\u00e9e de lecture estim\u00e9e\" \/>\n\t<meta name=\"twitter:data2\" content=\"3 minutes\" \/>\n<script type=\"application\/ld+json\" class=\"yoast-schema-graph\">{\"@context\":\"https:\/\/schema.org\",\"@graph\":[{\"@type\":\"Article\",\"@id\":\"https:\/\/www.africa-press.net\/cotedivoire\/politique\/simone-gbagbo-nexclut-pas-a-lavenir-une-alliance-avec-le-ppa-ci-mais-son-parti-nest-pas-un-forcene-de-lopposition#article\",\"isPartOf\":{\"@id\":\"https:\/\/www.africa-press.net\/cotedivoire\/politique\/simone-gbagbo-nexclut-pas-a-lavenir-une-alliance-avec-le-ppa-ci-mais-son-parti-nest-pas-un-forcene-de-lopposition\"},\"author\":{\"name\":\"cfeditorfr\",\"@id\":\"https:\/\/www.africa-press.net\/cotedivoire\/#\/schema\/person\/2b1cf3cd81a31e3cd26889ca66d677f1\"},\"headline\":\"Simone Gbagbo n&rsquo;exclut pas \u00e0 l&rsquo;avenir une alliance avec le PPA-CI, mais son parti n&rsquo;est pas un forcen\u00e9 de l&rsquo;opposition\",\"datePublished\":\"2022-08-31T17:42:19+00:00\",\"dateModified\":\"2022-08-31T18:17:55+00:00\",\"mainEntityOfPage\":{\"@id\":\"https:\/\/www.africa-press.net\/cotedivoire\/politique\/simone-gbagbo-nexclut-pas-a-lavenir-une-alliance-avec-le-ppa-ci-mais-son-parti-nest-pas-un-forcene-de-lopposition\"},\"wordCount\":467,\"commentCount\":0,\"image\":{\"@id\":\"https:\/\/www.africa-press.net\/cotedivoire\/politique\/simone-gbagbo-nexclut-pas-a-lavenir-une-alliance-avec-le-ppa-ci-mais-son-parti-nest-pas-un-forcene-de-lopposition#primaryimage\"},\"thumbnailUrl\":\"https:\/\/static.africa-press.net\/cote\/sites\/43\/2022\/08\/postQueueImg_50.jpg\",\"keywords\":[\"Africa Press\",\"Africa Press-C\u00f4te d'Ivoire\",\"alliance\",\"C\u00d4TE D'IVOIRE\",\"Laurent Gbagbo\",\"MGC\",\"opposition\",\"PPA-CI\",\"pr\u00e9sidentielles\",\"RHDP\",\"Simone Gbagbo\"],\"articleSection\":[\"homepage-french\",\"Politique\",\"Toutes les actualit\u00e9s\"],\"inLanguage\":\"fr-FR\",\"potentialAction\":[{\"@type\":\"CommentAction\",\"name\":\"Comment\",\"target\":[\"https:\/\/www.africa-press.net\/cotedivoire\/politique\/simone-gbagbo-nexclut-pas-a-lavenir-une-alliance-avec-le-ppa-ci-mais-son-parti-nest-pas-un-forcene-de-lopposition#respond\"]}]},{\"@type\":\"WebPage\",\"@id\":\"https:\/\/www.africa-press.net\/cotedivoire\/politique\/simone-gbagbo-nexclut-pas-a-lavenir-une-alliance-avec-le-ppa-ci-mais-son-parti-nest-pas-un-forcene-de-lopposition\",\"url\":\"https:\/\/www.africa-press.net\/cotedivoire\/politique\/simone-gbagbo-nexclut-pas-a-lavenir-une-alliance-avec-le-ppa-ci-mais-son-parti-nest-pas-un-forcene-de-lopposition\",\"name\":\"Simone Gbagbo n'exclut pas \u00e0 l'avenir une alliance avec le PPA-CI, mais son parti n'est pas un forcen\u00e9 de l'opposition - C\u00f4te d&#039;Ivoire\",\"isPartOf\":{\"@id\":\"https:\/\/www.africa-press.net\/cotedivoire\/#website\"},\"primaryImageOfPage\":{\"@id\":\"https:\/\/www.africa-press.net\/cotedivoire\/politique\/simone-gbagbo-nexclut-pas-a-lavenir-une-alliance-avec-le-ppa-ci-mais-son-parti-nest-pas-un-forcene-de-lopposition#primaryimage\"},\"image\":{\"@id\":\"https:\/\/www.africa-press.net\/cotedivoire\/politique\/simone-gbagbo-nexclut-pas-a-lavenir-une-alliance-avec-le-ppa-ci-mais-son-parti-nest-pas-un-forcene-de-lopposition#primaryimage\"},\"thumbnailUrl\":\"https:\/\/static.africa-press.net\/cote\/sites\/43\/2022\/08\/postQueueImg_50.jpg\",\"datePublished\":\"2022-08-31T17:42:19+00:00\",\"dateModified\":\"2022-08-31T18:17:55+00:00\",\"author\":{\"@id\":\"https:\/\/www.africa-press.net\/cotedivoire\/#\/schema\/person\/2b1cf3cd81a31e3cd26889ca66d677f1\"},\"description\":\"Dans une interview exclusive ce mardi 30 ao\u00fbt 2022 \u00e0 France 24, Simone Gbagbo, Pr\u00e9sident du nouveau mouvement politique ...\",\"breadcrumb\":{\"@id\":\"https:\/\/www.africa-press.net\/cotedivoire\/politique\/simone-gbagbo-nexclut-pas-a-lavenir-une-alliance-avec-le-ppa-ci-mais-son-parti-nest-pas-un-forcene-de-lopposition#breadcrumb\"},\"inLanguage\":\"fr-FR\",\"potentialAction\":[{\"@type\":\"ReadAction\",\"target\":[\"https:\/\/www.africa-press.net\/cotedivoire\/politique\/simone-gbagbo-nexclut-pas-a-lavenir-une-alliance-avec-le-ppa-ci-mais-son-parti-nest-pas-un-forcene-de-lopposition\"]}]},{\"@type\":\"ImageObject\",\"inLanguage\":\"fr-FR\",\"@id\":\"https:\/\/www.africa-press.net\/cotedivoire\/politique\/simone-gbagbo-nexclut-pas-a-lavenir-une-alliance-avec-le-ppa-ci-mais-son-parti-nest-pas-un-forcene-de-lopposition#primaryimage\",\"url\":\"https:\/\/static.africa-press.net\/cote\/sites\/43\/2022\/08\/postQueueImg_50.jpg\",\"contentUrl\":\"https:\/\/static.africa-press.net\/cote\/sites\/43\/2022\/08\/postQueueImg_50.jpg\",\"width\":720,\"height\":273,\"caption\":\"Simone Gbagbo n'exclut pas \u00e0 l'avenir une alliance avec le PPA-CI, mais son parti n'est pas un forcen\u00e9 de l'opposition\"},{\"@type\":\"BreadcrumbList\",\"@id\":\"https:\/\/www.africa-press.net\/cotedivoire\/politique\/simone-gbagbo-nexclut-pas-a-lavenir-une-alliance-avec-le-ppa-ci-mais-son-parti-nest-pas-un-forcene-de-lopposition#breadcrumb\",\"itemListElement\":[{\"@type\":\"ListItem\",\"position\":1,\"name\":\"Accueil\",\"item\":\"https:\/\/www.africa-press.net\/cotedivoire\/\"},{\"@type\":\"ListItem\",\"position\":2,\"name\":\"Simone Gbagbo n&#8217;exclut pas \u00e0 l&#8217;avenir une alliance avec le PPA-CI, mais son parti n&#8217;est pas un forcen\u00e9 de l&#8217;opposition\"}]},{\"@type\":\"WebSite\",\"@id\":\"https:\/\/www.africa-press.net\/cotedivoire\/#website\",\"url\":\"https:\/\/www.africa-press.net\/cotedivoire\/\",\"name\":\"C\u00f4te d&#039;Ivoire\",\"description\":\"Just another Africa News Agency Sites site\",\"potentialAction\":[{\"@type\":\"SearchAction\",\"target\":{\"@type\":\"EntryPoint\",\"urlTemplate\":\"https:\/\/www.africa-press.net\/cotedivoire\/?s={search_term_string}\"},\"query-input\":{\"@type\":\"PropertyValueSpecification\",\"valueRequired\":true,\"valueName\":\"search_term_string\"}}],\"inLanguage\":\"fr-FR\"},{\"@type\":\"Person\",\"@id\":\"https:\/\/www.africa-press.net\/cotedivoire\/#\/schema\/person\/2b1cf3cd81a31e3cd26889ca66d677f1\",\"name\":\"cfeditorfr\"}]}<\/script>\n<!-- \/ Yoast SEO Premium plugin. -->","yoast_head_json":{"title":"Simone Gbagbo n'exclut pas \u00e0 l'avenir une alliance avec le PPA-CI, mais son parti n'est pas un forcen\u00e9 de l'opposition - C\u00f4te d&#039;Ivoire","description":"Dans une interview exclusive ce mardi 30 ao\u00fbt 2022 \u00e0 France 24, Simone Gbagbo, Pr\u00e9sident du nouveau mouvement politique ...","robots":{"index":"index","follow":"follow","max-snippet":"max-snippet:-1","max-image-preview":"max-image-preview:large","max-video-preview":"max-video-preview:-1"},"canonical":"https:\/\/www.africa-press.net\/cotedivoire\/politique\/simone-gbagbo-nexclut-pas-a-lavenir-une-alliance-avec-le-ppa-ci-mais-son-parti-nest-pas-un-forcene-de-lopposition","og_locale":"fr_FR","og_type":"article","og_title":"Simone Gbagbo n'exclut pas \u00e0 l'avenir une alliance avec le PPA-CI, mais son parti n'est pas un forcen\u00e9 de l'opposition","og_description":"Dans une interview exclusive ce mardi 30 ao\u00fbt 2022 \u00e0 France 24, Simone Gbagbo, Pr\u00e9sident du nouveau mouvement politique ...","og_url":"https:\/\/www.africa-press.net\/cotedivoire\/politique\/simone-gbagbo-nexclut-pas-a-lavenir-une-alliance-avec-le-ppa-ci-mais-son-parti-nest-pas-un-forcene-de-lopposition","og_site_name":"C\u00f4te d&#039;Ivoire","article_published_time":"2022-08-31T17:42:19+00:00","article_modified_time":"2022-08-31T18:17:55+00:00","og_image":[{"width":720,"height":273,"url":"https:\/\/static.africa-press.net\/cote\/sites\/43\/2022\/08\/postQueueImg_50.jpg","type":"image\/jpeg"}],"author":"cfeditorfr","twitter_card":"summary_large_image","twitter_misc":{"\u00c9crit par":"cfeditorfr","Dur\u00e9e de lecture estim\u00e9e":"3 minutes"},"schema":{"@context":"https:\/\/schema.org","@graph":[{"@type":"Article","@id":"https:\/\/www.africa-press.net\/cotedivoire\/politique\/simone-gbagbo-nexclut-pas-a-lavenir-une-alliance-avec-le-ppa-ci-mais-son-parti-nest-pas-un-forcene-de-lopposition#article","isPartOf":{"@id":"https:\/\/www.africa-press.net\/cotedivoire\/politique\/simone-gbagbo-nexclut-pas-a-lavenir-une-alliance-avec-le-ppa-ci-mais-son-parti-nest-pas-un-forcene-de-lopposition"},"author":{"name":"cfeditorfr","@id":"https:\/\/www.africa-press.net\/cotedivoire\/#\/schema\/person\/2b1cf3cd81a31e3cd26889ca66d677f1"},"headline":"Simone Gbagbo n&rsquo;exclut pas \u00e0 l&rsquo;avenir une alliance avec le PPA-CI, mais son parti n&rsquo;est pas un forcen\u00e9 de l&rsquo;opposition","datePublished":"2022-08-31T17:42:19+00:00","dateModified":"2022-08-31T18:17:55+00:00","mainEntityOfPage":{"@id":"https:\/\/www.africa-press.net\/cotedivoire\/politique\/simone-gbagbo-nexclut-pas-a-lavenir-une-alliance-avec-le-ppa-ci-mais-son-parti-nest-pas-un-forcene-de-lopposition"},"wordCount":467,"commentCount":0,"image":{"@id":"https:\/\/www.africa-press.net\/cotedivoire\/politique\/simone-gbagbo-nexclut-pas-a-lavenir-une-alliance-avec-le-ppa-ci-mais-son-parti-nest-pas-un-forcene-de-lopposition#primaryimage"},"thumbnailUrl":"https:\/\/static.africa-press.net\/cote\/sites\/43\/2022\/08\/postQueueImg_50.jpg","keywords":["Africa Press","Africa Press-C\u00f4te d'Ivoire","alliance","C\u00d4TE D'IVOIRE","Laurent Gbagbo","MGC","opposition","PPA-CI","pr\u00e9sidentielles","RHDP","Simone Gbagbo"],"articleSection":["homepage-french","Politique","Toutes les actualit\u00e9s"],"inLanguage":"fr-FR","potentialAction":[{"@type":"CommentAction","name":"Comment","target":["https:\/\/www.africa-press.net\/cotedivoire\/politique\/simone-gbagbo-nexclut-pas-a-lavenir-une-alliance-avec-le-ppa-ci-mais-son-parti-nest-pas-un-forcene-de-lopposition#respond"]}]},{"@type":"WebPage","@id":"https:\/\/www.africa-press.net\/cotedivoire\/politique\/simone-gbagbo-nexclut-pas-a-lavenir-une-alliance-avec-le-ppa-ci-mais-son-parti-nest-pas-un-forcene-de-lopposition","url":"https:\/\/www.africa-press.net\/cotedivoire\/politique\/simone-gbagbo-nexclut-pas-a-lavenir-une-alliance-avec-le-ppa-ci-mais-son-parti-nest-pas-un-forcene-de-lopposition","name":"Simone Gbagbo n'exclut pas \u00e0 l'avenir une alliance avec le PPA-CI, mais son parti n'est pas un forcen\u00e9 de l'opposition - C\u00f4te d&#039;Ivoire","isPartOf":{"@id":"https:\/\/www.africa-press.net\/cotedivoire\/#website"},"primaryImageOfPage":{"@id":"https:\/\/www.africa-press.net\/cotedivoire\/politique\/simone-gbagbo-nexclut-pas-a-lavenir-une-alliance-avec-le-ppa-ci-mais-son-parti-nest-pas-un-forcene-de-lopposition#primaryimage"},"image":{"@id":"https:\/\/www.africa-press.net\/cotedivoire\/politique\/simone-gbagbo-nexclut-pas-a-lavenir-une-alliance-avec-le-ppa-ci-mais-son-parti-nest-pas-un-forcene-de-lopposition#primaryimage"},"thumbnailUrl":"https:\/\/static.africa-press.net\/cote\/sites\/43\/2022\/08\/postQueueImg_50.jpg","datePublished":"2022-08-31T17:42:19+00:00","dateModified":"2022-08-31T18:17:55+00:00","author":{"@id":"https:\/\/www.africa-press.net\/cotedivoire\/#\/schema\/person\/2b1cf3cd81a31e3cd26889ca66d677f1"},"description":"Dans une interview exclusive ce mardi 30 ao\u00fbt 2022 \u00e0 France 24, Simone Gbagbo, Pr\u00e9sident du nouveau mouvement politique ...","breadcrumb":{"@id":"https:\/\/www.africa-press.net\/cotedivoire\/politique\/simone-gbagbo-nexclut-pas-a-lavenir-une-alliance-avec-le-ppa-ci-mais-son-parti-nest-pas-un-forcene-de-lopposition#breadcrumb"},"inLanguage":"fr-FR","potentialAction":[{"@type":"ReadAction","target":["https:\/\/www.africa-press.net\/cotedivoire\/politique\/simone-gbagbo-nexclut-pas-a-lavenir-une-alliance-avec-le-ppa-ci-mais-son-parti-nest-pas-un-forcene-de-lopposition"]}]},{"@type":"ImageObject","inLanguage":"fr-FR","@id":"https:\/\/www.africa-press.net\/cotedivoire\/politique\/simone-gbagbo-nexclut-pas-a-lavenir-une-alliance-avec-le-ppa-ci-mais-son-parti-nest-pas-un-forcene-de-lopposition#primaryimage","url":"https:\/\/static.africa-press.net\/cote\/sites\/43\/2022\/08\/postQueueImg_50.jpg","contentUrl":"https:\/\/static.africa-press.net\/cote\/sites\/43\/2022\/08\/postQueueImg_50.jpg","width":720,"height":273,"caption":"Simone Gbagbo n'exclut pas \u00e0 l'avenir une alliance avec le PPA-CI, mais son parti n'est pas un forcen\u00e9 de l'opposition"},{"@type":"BreadcrumbList","@id":"https:\/\/www.africa-press.net\/cotedivoire\/politique\/simone-gbagbo-nexclut-pas-a-lavenir-une-alliance-avec-le-ppa-ci-mais-son-parti-nest-pas-un-forcene-de-lopposition#breadcrumb","itemListElement":[{"@type":"ListItem","position":1,"name":"Accueil","item":"https:\/\/www.africa-press.net\/cotedivoire\/"},{"@type":"ListItem","position":2,"name":"Simone Gbagbo n&#8217;exclut pas \u00e0 l&#8217;avenir une alliance avec le PPA-CI, mais son parti n&#8217;est pas un forcen\u00e9 de l&#8217;opposition"}]},{"@type":"WebSite","@id":"https:\/\/www.africa-press.net\/cotedivoire\/#website","url":"https:\/\/www.africa-press.net\/cotedivoire\/","name":"C\u00f4te d&#039;Ivoire","description":"Just another Africa News Agency Sites site","potentialAction":[{"@type":"SearchAction","target":{"@type":"EntryPoint","urlTemplate":"https:\/\/www.africa-press.net\/cotedivoire\/?s={search_term_string}"},"query-input":{"@type":"PropertyValueSpecification","valueRequired":true,"valueName":"search_term_string"}}],"inLanguage":"fr-FR"},{"@type":"Person","@id":"https:\/\/www.africa-press.net\/cotedivoire\/#\/schema\/person\/2b1cf3cd81a31e3cd26889ca66d677f1","name":"cfeditorfr"}]}},"_links":{"self":[{"href":"https:\/\/www.africa-press.net\/cotedivoire\/wp-json\/wp\/v2\/posts\/44111","targetHints":{"allow":["GET"]}}],"collection":[{"href":"https:\/\/www.africa-press.net\/cotedivoire\/wp-json\/wp\/v2\/posts"}],"about":[{"href":"https:\/\/www.africa-press.net\/cotedivoire\/wp-json\/wp\/v2\/types\/post"}],"author":[{"embeddable":true,"href":"https:\/\/www.africa-press.net\/cotedivoire\/wp-json\/wp\/v2\/users\/82"}],"replies":[{"embeddable":true,"href":"https:\/\/www.africa-press.net\/cotedivoire\/wp-json\/wp\/v2\/comments?post=44111"}],"version-history":[{"count":0,"href":"https:\/\/www.africa-press.net\/cotedivoire\/wp-json\/wp\/v2\/posts\/44111\/revisions"}],"wp:featuredmedia":[{"embeddable":true,"href":"https:\/\/www.africa-press.net\/cotedivoire\/wp-json\/wp\/v2\/media\/44110"}],"wp:attachment":[{"href":"https:\/\/www.africa-press.net\/cotedivoire\/wp-json\/wp\/v2\/media?parent=44111"}],"wp:term":[{"taxonomy":"category","embeddable":true,"href":"https:\/\/www.africa-press.net\/cotedivoire\/wp-json\/wp\/v2\/categories?post=44111"},{"taxonomy":"post_tag","embeddable":true,"href":"https:\/\/www.africa-press.net\/cotedivoire\/wp-json\/wp\/v2\/tags?post=44111"}],"curies":[{"name":"wp","href":"https:\/\/api.w.org\/{rel}","templated":true}]}}