{"id":44340,"date":"2022-09-04T17:20:26","date_gmt":"2022-09-04T17:20:26","guid":{"rendered":"https:\/\/www.africa-press.net\/cotedivoire\/politique\/arret-de-travail-de-72-heures-a-compter-du-lundi-5-septembre-les-dockers-suspendent-leur-mot-dordre-de-greve-apres-une-rencontre-avec-leur-tutelle"},"modified":"2022-09-04T17:44:18","modified_gmt":"2022-09-04T17:44:18","slug":"arret-de-travail-de-72-heures-a-compter-du-lundi-5-septembre-les-dockers-suspendent-leur-mot-dordre-de-greve-apres-une-rencontre-avec-leur-tutelle","status":"publish","type":"post","link":"https:\/\/www.africa-press.net\/cotedivoire\/toutes-les-actualites\/arret-de-travail-de-72-heures-a-compter-du-lundi-5-septembre-les-dockers-suspendent-leur-mot-dordre-de-greve-apres-une-rencontre-avec-leur-tutelle","title":{"rendered":"Arr\u00eat de travail de 72 heures \u00e0 compter du lundi 5 septembre, les dockers suspendent leur mot d&rsquo;ordre de gr\u00e8ve apr\u00e8s une rencontre avec leur tutelle"},"content":{"rendered":"<p><span style=\"color: #ff6600\"><strong>Africa-Press &#8211; C\u00f4te d&rsquo;Ivoire. <\/strong><\/span>La F\u00e9d\u00e9ration des Syndicats Dockers pour le Renouveau (FSDR) avait lanc\u00e9 un mot d\u2019ordre de gr\u00e8ve qui devrait d\u00e9buter le lundi 5 septembre 2022.<\/p>\n<p>Ces dockers d\u00e9noncent le d\u00e9tournement de leur fond de retraite par le patronat. Ils d\u00e9crient aussi la non-application par leurs patrons d\u2019un d\u00e9cret pris le 30 janvier 2019 qui leur conf\u00e8rent des avantages p\u00e9cuniaires et am\u00e9liore leurs conditions de travail.<\/p>\n<p>Pour tous ces griefs, les dockers avaient pr\u00e9vu d&rsquo;observer un arr\u00eat de travail de trois (03) jours \u00e0 compter de ce lundi 5 septembre 2022.<\/p>\n<p>Sauf que ce mot d\u2019ordre de gr\u00e8ve ne sera plus ex\u00e9cut\u00e9 comme pr\u00e9vu. En effet, au cours d\u2019un point presse tenu ce samedi 03 septembre 2022 \u00e0 Cocody, au si\u00e8ge de leur organisation, comme sur place constat\u00e9 par KOACI, Carlos Kobenan, secr\u00e9taire g\u00e9n\u00e9ral de la FSDR et ses camarades ont suspendu le mot d&rsquo;ordre de gr\u00e8ve.<\/p>\n<p>Ces derniers disent privil\u00e9gier la voie du dialogue et des n\u00e9gociations avec les autorit\u00e9s comp\u00e9tentes.<\/p>\n<p>Carlos Kobenan affirme que la f\u00e9d\u00e9ration dont il porte la parole s&rsquo;inscrit dans les sillons trac\u00e9s par le Ministre des Transports Amadou Kon\u00e9 qui a d\u00e9p\u00each\u00e9, le jeudi 1er septembre 2022, un interlocuteur \u00e0 l&rsquo;\u00e9coute des pr\u00e9occupations des dockers.<\/p>\n<p>Ainsi, apr\u00e8s cette rencontre, un rendez-vous avec le Ministre Amadou Kon\u00e9 est pr\u00e9vu pour lui soumettre directement leurs pr\u00e9occupations.<\/p>\n<p>\u00ab La FSDR demande de croire en Monsieur le Ministre qui est une personnalit\u00e9 cr\u00e9dible et digne de foi, qui de plus est l&rsquo;architecte principal dudit d\u00e9cret. Nous ne devons pas rejeter cette opportunit\u00e9 d&rsquo;exposer les r\u00e9elles pr\u00e9occupations en vue de leur r\u00e9solution \u00bb, a d\u00e9clar\u00e9 le secr\u00e9taire g\u00e9n\u00e9ral de la FSDR, Carlos Kobenan au cours de ce point presse tenu \u00e0 Cocody.<\/p>\n<p><b>Jean Chr\u00e9sus, Abidjan <\/b><\/p>\n<p><strong>Pour plus d&rsquo;informations et d&rsquo;analyses sur la <a href=\"https:\/\/www.africa-press.net\/cotedivoire\">C\u00f4te d&rsquo;Ivoire<\/a>, suivez <a href=\"https:\/\/www.africa-press.net\/\">Africa-Press<\/a><\/strong><\/p>\n","protected":false},"excerpt":{"rendered":"<p>Africa-Press &#8211; C\u00f4te d&rsquo;Ivoire. La F\u00e9d\u00e9ration des Syndicats Dockers pour le Renouveau (FSDR) avait lanc\u00e9 un mot d\u2019ordre de gr\u00e8ve qui devrait d\u00e9buter le lundi 5 septembre 2022. Ces dockers d\u00e9noncent le d\u00e9tournement de leur fond de retraite par le patronat. Ils d\u00e9crient aussi la non-application par leurs patrons d\u2019un d\u00e9cret pris le 30 janvier [&hellip;]<\/p>\n","protected":false},"author":82,"featured_media":44339,"comment_status":"open","ping_status":"closed","sticky":false,"template":"","format":"standard","meta":{"footnotes":""},"categories":[21,11,10],"tags":[56,63,390,7512,358,29,988,3235,7513,554],"class_list":["post-44340","post","type-post","status-publish","format-standard","has-post-thumbnail","hentry","category-communaute","category-homepage-french","category-toutes-les-actualites","tag-africa-press","tag-africa-press-cote-divoire","tag-amadou-kone","tag-carlos-kobenan","tag-cocody","tag-cote-divoire","tag-dialogue","tag-dockers","tag-fsdr","tag-greve"],"yoast_head":"<!-- This site is optimized with the Yoast SEO Premium plugin v26.1 (Yoast SEO v27.0) - https:\/\/yoast.com\/product\/yoast-seo-premium-wordpress\/ -->\n<title>Arr\u00eat de travail de 72 heures \u00e0 compter du lundi 5 septembre, les dockers suspendent leur mot d&#039;ordre de gr\u00e8ve apr\u00e8s une rencontre avec leur tutelle - C\u00f4te d&#039;Ivoire<\/title>\n<meta name=\"description\" content=\"La F\u00e9d\u00e9ration des Syndicats Dockers pour le Renouveau (FSDR) avait lanc\u00e9 un mot d\u2019ordre de gr\u00e8ve qui devrait d\u00e9buter le ...\" \/>\n<meta name=\"robots\" content=\"index, follow, max-snippet:-1, max-image-preview:large, max-video-preview:-1\" \/>\n<link rel=\"canonical\" href=\"https:\/\/www.africa-press.net\/cotedivoire\/toutes-les-actualites\/arret-de-travail-de-72-heures-a-compter-du-lundi-5-septembre-les-dockers-suspendent-leur-mot-dordre-de-greve-apres-une-rencontre-avec-leur-tutelle\" \/>\n<meta property=\"og:locale\" content=\"fr_FR\" \/>\n<meta property=\"og:type\" content=\"article\" \/>\n<meta property=\"og:title\" content=\"Arr\u00eat de travail de 72 heures \u00e0 compter du lundi 5 septembre, les dockers suspendent leur mot d&#039;ordre de gr\u00e8ve apr\u00e8s une rencontre avec leur tutelle\" \/>\n<meta property=\"og:description\" content=\"La F\u00e9d\u00e9ration des Syndicats Dockers pour le Renouveau (FSDR) avait lanc\u00e9 un mot d\u2019ordre de gr\u00e8ve qui devrait d\u00e9buter le ...\" \/>\n<meta property=\"og:url\" content=\"https:\/\/www.africa-press.net\/cotedivoire\/toutes-les-actualites\/arret-de-travail-de-72-heures-a-compter-du-lundi-5-septembre-les-dockers-suspendent-leur-mot-dordre-de-greve-apres-une-rencontre-avec-leur-tutelle\" \/>\n<meta property=\"og:site_name\" content=\"C\u00f4te d&#039;Ivoire\" \/>\n<meta property=\"article:published_time\" content=\"2022-09-04T17:20:26+00:00\" \/>\n<meta property=\"article:modified_time\" content=\"2022-09-04T17:44:18+00:00\" \/>\n<meta property=\"og:image\" content=\"https:\/\/static.africa-press.net\/cote\/sites\/43\/2022\/09\/postQueueImg_1-6314e3b96748a.jpg\" \/>\n\t<meta property=\"og:image:width\" content=\"720\" \/>\n\t<meta property=\"og:image:height\" content=\"358\" \/>\n\t<meta property=\"og:image:type\" content=\"image\/jpeg\" \/>\n<meta name=\"author\" content=\"cfeditorfr\" \/>\n<meta name=\"twitter:card\" content=\"summary_large_image\" \/>\n<meta name=\"twitter:label1\" content=\"\u00c9crit par\" \/>\n\t<meta name=\"twitter:data1\" content=\"cfeditorfr\" \/>\n\t<meta name=\"twitter:label2\" content=\"Dur\u00e9e de lecture estim\u00e9e\" \/>\n\t<meta name=\"twitter:data2\" content=\"2 minutes\" \/>\n<script type=\"application\/ld+json\" class=\"yoast-schema-graph\">{\"@context\":\"https:\/\/schema.org\",\"@graph\":[{\"@type\":\"Article\",\"@id\":\"https:\/\/www.africa-press.net\/cotedivoire\/toutes-les-actualites\/arret-de-travail-de-72-heures-a-compter-du-lundi-5-septembre-les-dockers-suspendent-leur-mot-dordre-de-greve-apres-une-rencontre-avec-leur-tutelle#article\",\"isPartOf\":{\"@id\":\"https:\/\/www.africa-press.net\/cotedivoire\/toutes-les-actualites\/arret-de-travail-de-72-heures-a-compter-du-lundi-5-septembre-les-dockers-suspendent-leur-mot-dordre-de-greve-apres-une-rencontre-avec-leur-tutelle\"},\"author\":{\"name\":\"cfeditorfr\",\"@id\":\"https:\/\/www.africa-press.net\/cotedivoire\/#\/schema\/person\/2b1cf3cd81a31e3cd26889ca66d677f1\"},\"headline\":\"Arr\u00eat de travail de 72 heures \u00e0 compter du lundi 5 septembre, les dockers suspendent leur mot d&rsquo;ordre de gr\u00e8ve apr\u00e8s une rencontre avec leur tutelle\",\"datePublished\":\"2022-09-04T17:20:26+00:00\",\"dateModified\":\"2022-09-04T17:44:18+00:00\",\"mainEntityOfPage\":{\"@id\":\"https:\/\/www.africa-press.net\/cotedivoire\/toutes-les-actualites\/arret-de-travail-de-72-heures-a-compter-du-lundi-5-septembre-les-dockers-suspendent-leur-mot-dordre-de-greve-apres-une-rencontre-avec-leur-tutelle\"},\"wordCount\":370,\"commentCount\":0,\"image\":{\"@id\":\"https:\/\/www.africa-press.net\/cotedivoire\/toutes-les-actualites\/arret-de-travail-de-72-heures-a-compter-du-lundi-5-septembre-les-dockers-suspendent-leur-mot-dordre-de-greve-apres-une-rencontre-avec-leur-tutelle#primaryimage\"},\"thumbnailUrl\":\"https:\/\/static.africa-press.net\/cote\/sites\/43\/2022\/09\/postQueueImg_1-6314e3b96748a.jpg\",\"keywords\":[\"Africa Press\",\"Africa Press-C\u00f4te d'Ivoire\",\"Amadou Kon\u00e9\",\"Carlos Kobenan\",\"Cocody\",\"C\u00d4TE D'IVOIRE\",\"Dialogue\",\"dockers\",\"FSDR\",\"gr\u00e8ve\"],\"articleSection\":[\"Communaut\u00e9\",\"homepage-french\",\"Toutes les actualit\u00e9s\"],\"inLanguage\":\"fr-FR\",\"potentialAction\":[{\"@type\":\"CommentAction\",\"name\":\"Comment\",\"target\":[\"https:\/\/www.africa-press.net\/cotedivoire\/toutes-les-actualites\/arret-de-travail-de-72-heures-a-compter-du-lundi-5-septembre-les-dockers-suspendent-leur-mot-dordre-de-greve-apres-une-rencontre-avec-leur-tutelle#respond\"]}]},{\"@type\":\"WebPage\",\"@id\":\"https:\/\/www.africa-press.net\/cotedivoire\/toutes-les-actualites\/arret-de-travail-de-72-heures-a-compter-du-lundi-5-septembre-les-dockers-suspendent-leur-mot-dordre-de-greve-apres-une-rencontre-avec-leur-tutelle\",\"url\":\"https:\/\/www.africa-press.net\/cotedivoire\/toutes-les-actualites\/arret-de-travail-de-72-heures-a-compter-du-lundi-5-septembre-les-dockers-suspendent-leur-mot-dordre-de-greve-apres-une-rencontre-avec-leur-tutelle\",\"name\":\"Arr\u00eat de travail de 72 heures \u00e0 compter du lundi 5 septembre, les dockers suspendent leur mot d'ordre de gr\u00e8ve apr\u00e8s une rencontre avec leur tutelle - C\u00f4te d&#039;Ivoire\",\"isPartOf\":{\"@id\":\"https:\/\/www.africa-press.net\/cotedivoire\/#website\"},\"primaryImageOfPage\":{\"@id\":\"https:\/\/www.africa-press.net\/cotedivoire\/toutes-les-actualites\/arret-de-travail-de-72-heures-a-compter-du-lundi-5-septembre-les-dockers-suspendent-leur-mot-dordre-de-greve-apres-une-rencontre-avec-leur-tutelle#primaryimage\"},\"image\":{\"@id\":\"https:\/\/www.africa-press.net\/cotedivoire\/toutes-les-actualites\/arret-de-travail-de-72-heures-a-compter-du-lundi-5-septembre-les-dockers-suspendent-leur-mot-dordre-de-greve-apres-une-rencontre-avec-leur-tutelle#primaryimage\"},\"thumbnailUrl\":\"https:\/\/static.africa-press.net\/cote\/sites\/43\/2022\/09\/postQueueImg_1-6314e3b96748a.jpg\",\"datePublished\":\"2022-09-04T17:20:26+00:00\",\"dateModified\":\"2022-09-04T17:44:18+00:00\",\"author\":{\"@id\":\"https:\/\/www.africa-press.net\/cotedivoire\/#\/schema\/person\/2b1cf3cd81a31e3cd26889ca66d677f1\"},\"description\":\"La F\u00e9d\u00e9ration des Syndicats Dockers pour le Renouveau (FSDR) avait lanc\u00e9 un mot d\u2019ordre de gr\u00e8ve qui devrait d\u00e9buter le ...\",\"breadcrumb\":{\"@id\":\"https:\/\/www.africa-press.net\/cotedivoire\/toutes-les-actualites\/arret-de-travail-de-72-heures-a-compter-du-lundi-5-septembre-les-dockers-suspendent-leur-mot-dordre-de-greve-apres-une-rencontre-avec-leur-tutelle#breadcrumb\"},\"inLanguage\":\"fr-FR\",\"potentialAction\":[{\"@type\":\"ReadAction\",\"target\":[\"https:\/\/www.africa-press.net\/cotedivoire\/toutes-les-actualites\/arret-de-travail-de-72-heures-a-compter-du-lundi-5-septembre-les-dockers-suspendent-leur-mot-dordre-de-greve-apres-une-rencontre-avec-leur-tutelle\"]}]},{\"@type\":\"ImageObject\",\"inLanguage\":\"fr-FR\",\"@id\":\"https:\/\/www.africa-press.net\/cotedivoire\/toutes-les-actualites\/arret-de-travail-de-72-heures-a-compter-du-lundi-5-septembre-les-dockers-suspendent-leur-mot-dordre-de-greve-apres-une-rencontre-avec-leur-tutelle#primaryimage\",\"url\":\"https:\/\/static.africa-press.net\/cote\/sites\/43\/2022\/09\/postQueueImg_1-6314e3b96748a.jpg\",\"contentUrl\":\"https:\/\/static.africa-press.net\/cote\/sites\/43\/2022\/09\/postQueueImg_1-6314e3b96748a.jpg\",\"width\":720,\"height\":358,\"caption\":\"Arr\u00eat de travail de 72 heures \u00e0 compter du lundi 5 septembre, les dockers suspendent leur mot d'ordre de gr\u00e8ve apr\u00e8s une rencontre avec leur tutelle\"},{\"@type\":\"BreadcrumbList\",\"@id\":\"https:\/\/www.africa-press.net\/cotedivoire\/toutes-les-actualites\/arret-de-travail-de-72-heures-a-compter-du-lundi-5-septembre-les-dockers-suspendent-leur-mot-dordre-de-greve-apres-une-rencontre-avec-leur-tutelle#breadcrumb\",\"itemListElement\":[{\"@type\":\"ListItem\",\"position\":1,\"name\":\"Accueil\",\"item\":\"https:\/\/www.africa-press.net\/cotedivoire\/\"},{\"@type\":\"ListItem\",\"position\":2,\"name\":\"Arr\u00eat de travail de 72 heures \u00e0 compter du lundi 5 septembre, les dockers suspendent leur mot d&#8217;ordre de gr\u00e8ve apr\u00e8s une rencontre avec leur tutelle\"}]},{\"@type\":\"WebSite\",\"@id\":\"https:\/\/www.africa-press.net\/cotedivoire\/#website\",\"url\":\"https:\/\/www.africa-press.net\/cotedivoire\/\",\"name\":\"C\u00f4te d&#039;Ivoire\",\"description\":\"Just another Africa News Agency Sites site\",\"potentialAction\":[{\"@type\":\"SearchAction\",\"target\":{\"@type\":\"EntryPoint\",\"urlTemplate\":\"https:\/\/www.africa-press.net\/cotedivoire\/?s={search_term_string}\"},\"query-input\":{\"@type\":\"PropertyValueSpecification\",\"valueRequired\":true,\"valueName\":\"search_term_string\"}}],\"inLanguage\":\"fr-FR\"},{\"@type\":\"Person\",\"@id\":\"https:\/\/www.africa-press.net\/cotedivoire\/#\/schema\/person\/2b1cf3cd81a31e3cd26889ca66d677f1\",\"name\":\"cfeditorfr\"}]}<\/script>\n<!-- \/ Yoast SEO Premium plugin. -->","yoast_head_json":{"title":"Arr\u00eat de travail de 72 heures \u00e0 compter du lundi 5 septembre, les dockers suspendent leur mot d'ordre de gr\u00e8ve apr\u00e8s une rencontre avec leur tutelle - C\u00f4te d&#039;Ivoire","description":"La F\u00e9d\u00e9ration des Syndicats Dockers pour le Renouveau (FSDR) avait lanc\u00e9 un mot d\u2019ordre de gr\u00e8ve qui devrait d\u00e9buter le ...","robots":{"index":"index","follow":"follow","max-snippet":"max-snippet:-1","max-image-preview":"max-image-preview:large","max-video-preview":"max-video-preview:-1"},"canonical":"https:\/\/www.africa-press.net\/cotedivoire\/toutes-les-actualites\/arret-de-travail-de-72-heures-a-compter-du-lundi-5-septembre-les-dockers-suspendent-leur-mot-dordre-de-greve-apres-une-rencontre-avec-leur-tutelle","og_locale":"fr_FR","og_type":"article","og_title":"Arr\u00eat de travail de 72 heures \u00e0 compter du lundi 5 septembre, les dockers suspendent leur mot d'ordre de gr\u00e8ve apr\u00e8s une rencontre avec leur tutelle","og_description":"La F\u00e9d\u00e9ration des Syndicats Dockers pour le Renouveau (FSDR) avait lanc\u00e9 un mot d\u2019ordre de gr\u00e8ve qui devrait d\u00e9buter le ...","og_url":"https:\/\/www.africa-press.net\/cotedivoire\/toutes-les-actualites\/arret-de-travail-de-72-heures-a-compter-du-lundi-5-septembre-les-dockers-suspendent-leur-mot-dordre-de-greve-apres-une-rencontre-avec-leur-tutelle","og_site_name":"C\u00f4te d&#039;Ivoire","article_published_time":"2022-09-04T17:20:26+00:00","article_modified_time":"2022-09-04T17:44:18+00:00","og_image":[{"width":720,"height":358,"url":"https:\/\/static.africa-press.net\/cote\/sites\/43\/2022\/09\/postQueueImg_1-6314e3b96748a.jpg","type":"image\/jpeg"}],"author":"cfeditorfr","twitter_card":"summary_large_image","twitter_misc":{"\u00c9crit par":"cfeditorfr","Dur\u00e9e de lecture estim\u00e9e":"2 minutes"},"schema":{"@context":"https:\/\/schema.org","@graph":[{"@type":"Article","@id":"https:\/\/www.africa-press.net\/cotedivoire\/toutes-les-actualites\/arret-de-travail-de-72-heures-a-compter-du-lundi-5-septembre-les-dockers-suspendent-leur-mot-dordre-de-greve-apres-une-rencontre-avec-leur-tutelle#article","isPartOf":{"@id":"https:\/\/www.africa-press.net\/cotedivoire\/toutes-les-actualites\/arret-de-travail-de-72-heures-a-compter-du-lundi-5-septembre-les-dockers-suspendent-leur-mot-dordre-de-greve-apres-une-rencontre-avec-leur-tutelle"},"author":{"name":"cfeditorfr","@id":"https:\/\/www.africa-press.net\/cotedivoire\/#\/schema\/person\/2b1cf3cd81a31e3cd26889ca66d677f1"},"headline":"Arr\u00eat de travail de 72 heures \u00e0 compter du lundi 5 septembre, les dockers suspendent leur mot d&rsquo;ordre de gr\u00e8ve apr\u00e8s une rencontre avec leur tutelle","datePublished":"2022-09-04T17:20:26+00:00","dateModified":"2022-09-04T17:44:18+00:00","mainEntityOfPage":{"@id":"https:\/\/www.africa-press.net\/cotedivoire\/toutes-les-actualites\/arret-de-travail-de-72-heures-a-compter-du-lundi-5-septembre-les-dockers-suspendent-leur-mot-dordre-de-greve-apres-une-rencontre-avec-leur-tutelle"},"wordCount":370,"commentCount":0,"image":{"@id":"https:\/\/www.africa-press.net\/cotedivoire\/toutes-les-actualites\/arret-de-travail-de-72-heures-a-compter-du-lundi-5-septembre-les-dockers-suspendent-leur-mot-dordre-de-greve-apres-une-rencontre-avec-leur-tutelle#primaryimage"},"thumbnailUrl":"https:\/\/static.africa-press.net\/cote\/sites\/43\/2022\/09\/postQueueImg_1-6314e3b96748a.jpg","keywords":["Africa Press","Africa Press-C\u00f4te d'Ivoire","Amadou Kon\u00e9","Carlos Kobenan","Cocody","C\u00d4TE D'IVOIRE","Dialogue","dockers","FSDR","gr\u00e8ve"],"articleSection":["Communaut\u00e9","homepage-french","Toutes les actualit\u00e9s"],"inLanguage":"fr-FR","potentialAction":[{"@type":"CommentAction","name":"Comment","target":["https:\/\/www.africa-press.net\/cotedivoire\/toutes-les-actualites\/arret-de-travail-de-72-heures-a-compter-du-lundi-5-septembre-les-dockers-suspendent-leur-mot-dordre-de-greve-apres-une-rencontre-avec-leur-tutelle#respond"]}]},{"@type":"WebPage","@id":"https:\/\/www.africa-press.net\/cotedivoire\/toutes-les-actualites\/arret-de-travail-de-72-heures-a-compter-du-lundi-5-septembre-les-dockers-suspendent-leur-mot-dordre-de-greve-apres-une-rencontre-avec-leur-tutelle","url":"https:\/\/www.africa-press.net\/cotedivoire\/toutes-les-actualites\/arret-de-travail-de-72-heures-a-compter-du-lundi-5-septembre-les-dockers-suspendent-leur-mot-dordre-de-greve-apres-une-rencontre-avec-leur-tutelle","name":"Arr\u00eat de travail de 72 heures \u00e0 compter du lundi 5 septembre, les dockers suspendent leur mot d'ordre de gr\u00e8ve apr\u00e8s une rencontre avec leur tutelle - C\u00f4te d&#039;Ivoire","isPartOf":{"@id":"https:\/\/www.africa-press.net\/cotedivoire\/#website"},"primaryImageOfPage":{"@id":"https:\/\/www.africa-press.net\/cotedivoire\/toutes-les-actualites\/arret-de-travail-de-72-heures-a-compter-du-lundi-5-septembre-les-dockers-suspendent-leur-mot-dordre-de-greve-apres-une-rencontre-avec-leur-tutelle#primaryimage"},"image":{"@id":"https:\/\/www.africa-press.net\/cotedivoire\/toutes-les-actualites\/arret-de-travail-de-72-heures-a-compter-du-lundi-5-septembre-les-dockers-suspendent-leur-mot-dordre-de-greve-apres-une-rencontre-avec-leur-tutelle#primaryimage"},"thumbnailUrl":"https:\/\/static.africa-press.net\/cote\/sites\/43\/2022\/09\/postQueueImg_1-6314e3b96748a.jpg","datePublished":"2022-09-04T17:20:26+00:00","dateModified":"2022-09-04T17:44:18+00:00","author":{"@id":"https:\/\/www.africa-press.net\/cotedivoire\/#\/schema\/person\/2b1cf3cd81a31e3cd26889ca66d677f1"},"description":"La F\u00e9d\u00e9ration des Syndicats Dockers pour le Renouveau (FSDR) avait lanc\u00e9 un mot d\u2019ordre de gr\u00e8ve qui devrait d\u00e9buter le ...","breadcrumb":{"@id":"https:\/\/www.africa-press.net\/cotedivoire\/toutes-les-actualites\/arret-de-travail-de-72-heures-a-compter-du-lundi-5-septembre-les-dockers-suspendent-leur-mot-dordre-de-greve-apres-une-rencontre-avec-leur-tutelle#breadcrumb"},"inLanguage":"fr-FR","potentialAction":[{"@type":"ReadAction","target":["https:\/\/www.africa-press.net\/cotedivoire\/toutes-les-actualites\/arret-de-travail-de-72-heures-a-compter-du-lundi-5-septembre-les-dockers-suspendent-leur-mot-dordre-de-greve-apres-une-rencontre-avec-leur-tutelle"]}]},{"@type":"ImageObject","inLanguage":"fr-FR","@id":"https:\/\/www.africa-press.net\/cotedivoire\/toutes-les-actualites\/arret-de-travail-de-72-heures-a-compter-du-lundi-5-septembre-les-dockers-suspendent-leur-mot-dordre-de-greve-apres-une-rencontre-avec-leur-tutelle#primaryimage","url":"https:\/\/static.africa-press.net\/cote\/sites\/43\/2022\/09\/postQueueImg_1-6314e3b96748a.jpg","contentUrl":"https:\/\/static.africa-press.net\/cote\/sites\/43\/2022\/09\/postQueueImg_1-6314e3b96748a.jpg","width":720,"height":358,"caption":"Arr\u00eat de travail de 72 heures \u00e0 compter du lundi 5 septembre, les dockers suspendent leur mot d'ordre de gr\u00e8ve apr\u00e8s une rencontre avec leur tutelle"},{"@type":"BreadcrumbList","@id":"https:\/\/www.africa-press.net\/cotedivoire\/toutes-les-actualites\/arret-de-travail-de-72-heures-a-compter-du-lundi-5-septembre-les-dockers-suspendent-leur-mot-dordre-de-greve-apres-une-rencontre-avec-leur-tutelle#breadcrumb","itemListElement":[{"@type":"ListItem","position":1,"name":"Accueil","item":"https:\/\/www.africa-press.net\/cotedivoire\/"},{"@type":"ListItem","position":2,"name":"Arr\u00eat de travail de 72 heures \u00e0 compter du lundi 5 septembre, les dockers suspendent leur mot d&#8217;ordre de gr\u00e8ve apr\u00e8s une rencontre avec leur tutelle"}]},{"@type":"WebSite","@id":"https:\/\/www.africa-press.net\/cotedivoire\/#website","url":"https:\/\/www.africa-press.net\/cotedivoire\/","name":"C\u00f4te d&#039;Ivoire","description":"Just another Africa News Agency Sites site","potentialAction":[{"@type":"SearchAction","target":{"@type":"EntryPoint","urlTemplate":"https:\/\/www.africa-press.net\/cotedivoire\/?s={search_term_string}"},"query-input":{"@type":"PropertyValueSpecification","valueRequired":true,"valueName":"search_term_string"}}],"inLanguage":"fr-FR"},{"@type":"Person","@id":"https:\/\/www.africa-press.net\/cotedivoire\/#\/schema\/person\/2b1cf3cd81a31e3cd26889ca66d677f1","name":"cfeditorfr"}]}},"_links":{"self":[{"href":"https:\/\/www.africa-press.net\/cotedivoire\/wp-json\/wp\/v2\/posts\/44340","targetHints":{"allow":["GET"]}}],"collection":[{"href":"https:\/\/www.africa-press.net\/cotedivoire\/wp-json\/wp\/v2\/posts"}],"about":[{"href":"https:\/\/www.africa-press.net\/cotedivoire\/wp-json\/wp\/v2\/types\/post"}],"author":[{"embeddable":true,"href":"https:\/\/www.africa-press.net\/cotedivoire\/wp-json\/wp\/v2\/users\/82"}],"replies":[{"embeddable":true,"href":"https:\/\/www.africa-press.net\/cotedivoire\/wp-json\/wp\/v2\/comments?post=44340"}],"version-history":[{"count":0,"href":"https:\/\/www.africa-press.net\/cotedivoire\/wp-json\/wp\/v2\/posts\/44340\/revisions"}],"wp:featuredmedia":[{"embeddable":true,"href":"https:\/\/www.africa-press.net\/cotedivoire\/wp-json\/wp\/v2\/media\/44339"}],"wp:attachment":[{"href":"https:\/\/www.africa-press.net\/cotedivoire\/wp-json\/wp\/v2\/media?parent=44340"}],"wp:term":[{"taxonomy":"category","embeddable":true,"href":"https:\/\/www.africa-press.net\/cotedivoire\/wp-json\/wp\/v2\/categories?post=44340"},{"taxonomy":"post_tag","embeddable":true,"href":"https:\/\/www.africa-press.net\/cotedivoire\/wp-json\/wp\/v2\/tags?post=44340"}],"curies":[{"name":"wp","href":"https:\/\/api.w.org\/{rel}","templated":true}]}}