{"id":44540,"date":"2022-09-12T17:48:15","date_gmt":"2022-09-12T17:48:15","guid":{"rendered":"https:\/\/www.africa-press.net\/cotedivoire\/politique\/canal-renouvelle-son-contrat-avec-la-fif-pour-04-ans-lasec-demarre-bien-la-ligue-des-champions-avec-une-victoire-a-lexterieur"},"modified":"2022-09-12T18:11:04","modified_gmt":"2022-09-12T18:11:04","slug":"canal-renouvelle-son-contrat-avec-la-fif-pour-04-ans-lasec-demarre-bien-la-ligue-des-champions-avec-une-victoire-a-lexterieur","status":"publish","type":"post","link":"https:\/\/www.africa-press.net\/cotedivoire\/sports\/canal-renouvelle-son-contrat-avec-la-fif-pour-04-ans-lasec-demarre-bien-la-ligue-des-champions-avec-une-victoire-a-lexterieur","title":{"rendered":"Canal+ renouvelle son contrat avec la FIF pour 04 ans ; L&rsquo;Asec d\u00e9marre bien la ligue des champions avec une victoire \u00e0 l&rsquo;ext\u00e9rieur"},"content":{"rendered":"<p><span style=\"color: #ff6600\"><strong>Africa-Press &#8211; C\u00f4te d&rsquo;Ivoire. <\/strong><\/span>La F\u00e9d\u00e9ration Ivoirienne de Football (FIF) et Canal+ ont proc\u00e9d\u00e9, jeudi dernier au renouvellement de la convention qui lie les deux parties depuis 2016, a-t-on appris aupr\u00e8s de l\u2019instance. Ce renouvellement d\u2019une dur\u00e9e de quatre ans est un engagement de la chaine crypt\u00e9e fran\u00e7aise \u00e0 poursuivre sa contribution pour le d\u00e9veloppement du football ivoirien, explique-t-on.<\/p>\n<p>\u00ab La nouvelle \u00e9quipe dirigeante de la FIF est dynamique. Raison pour laquelle nous sommes ravis de renouveler ce contrat. Nous sommes heureux d\u2019apporter notre touche pour le rayonnement du football ivoirien \u00bb, a indiqu\u00e9 M. Aziz Diallo, Directeur G\u00e9n\u00e9ral de Canal+ C\u00f4te d\u2019Ivoire.<\/p>\n<p>En plus de l\u2019am\u00e9lioration de l\u2019attrait autour des matches de la Ligue 1, Canal+ devrait \u00e9tendre son champ d\u2019action chez des El\u00e9phants de C\u00f4te d\u2019Ivoire.<\/p>\n<p>La chaine fran\u00e7aise devenue incontournable sur le continent va donc produire des \u00e9missions, en immersion chez les El\u00e9phants pendant les quatre ann\u00e9es \u00e0 venir. A+ Ivoire, la chaine ivoirienne lanc\u00e9e par Canal+ n\u2019est pas en reste dans cette nouvelle convention pour le d\u00e9veloppement du football national.<\/p>\n<p>Son Directeur G\u00e9n\u00e9ral, Michel Mutombo-Cartier, a d\u00e9voil\u00e9 un programme tr\u00e8s all\u00e9chant pour la saison 2022-2023. En plus de la diffusion des matches du championnat de Ligue 1, la filiale du Groupe Vivendi (propri\u00e9taire de Canal+) a annonc\u00e9 des bandes annonces quotidiennes pour la Ligue 1 et une \u00e9mission hebdomadaire pour plancher sur les coulisses de notre championnat d\u2019\u00e9lite. Autant de bonnes nouvelles qui ont fait la joie du Pr\u00e9sident de FIF, M. Yacine Idriss Diallo.<\/p>\n<p>\u00ab Je suis un homme heureux et combl\u00e9 \u00bb, reconnait-il. Le patron du football ivoirien explique sa joie par le fait que depuis son \u00e9lection \u00e0 la t\u00eate de l\u2019instance f\u00e9d\u00e9rale du football ivoirien, le d\u00e9fi majeur \u00e9tait de redonner de la confiance aux partenaires et \u00e0 ceux qui font vivre le football en C\u00f4te d&rsquo;Ivoire. \u00ab Il fallait rassurer ceux qui envoient des ressources que le calme est revenu \u00e0 la maison \u00bb, explique-t-il. Le Pr\u00e9sident de la FIF estime qu\u2019avec cette nouvelle convention avec Canal+, la Ligue 1 pourra se rapprocher des grands championnats europ\u00e9ens \u00ab en terme qualit\u00e9 et d\u2019organisation \u00bb.<\/p>\n<p>Par ailleurs, en tour pr\u00e9liminaire de la ligue des champions disput\u00e9 le dimanche 11 septembre 2022 \u00e0 Cotonou, l\u2019Asec Mimosas a pris une option s\u00e9rieuse pour la qualification au second tour.<\/p>\n<p>Les Mimos ont domin\u00e9 le repr\u00e9sentant B\u00e9ninois le Coton FC 2-1 sur son sol. Les buts des Jaunes et noirs ont \u00e9t\u00e9 inscrits respectivement par Kramo Aubin et Zouzoua Pac\u00f4me contre celui de Salim Bawa pour les B\u00e9ninois.<\/p>\n<p><strong>Pour plus d&rsquo;informations et d&rsquo;analyses sur la <a href=\"https:\/\/www.africa-press.net\/cotedivoire\">C\u00f4te d&rsquo;Ivoire<\/a>, suivez <a href=\"https:\/\/www.africa-press.net\/\">Africa-Press<\/a><\/strong><\/p>\n","protected":false},"excerpt":{"rendered":"<p>Africa-Press &#8211; C\u00f4te d&rsquo;Ivoire. La F\u00e9d\u00e9ration Ivoirienne de Football (FIF) et Canal+ ont proc\u00e9d\u00e9, jeudi dernier au renouvellement de la convention qui lie les deux parties depuis 2016, a-t-on appris aupr\u00e8s de l\u2019instance. Ce renouvellement d\u2019une dur\u00e9e de quatre ans est un engagement de la chaine crypt\u00e9e fran\u00e7aise \u00e0 poursuivre sa contribution pour le d\u00e9veloppement [&hellip;]<\/p>\n","protected":false},"author":82,"featured_media":44539,"comment_status":"open","ping_status":"closed","sticky":false,"template":"","format":"standard","meta":{"footnotes":""},"categories":[11,6,10],"tags":[56,63,1482,7532,5619,29,7534,859,1356,7533,7535],"class_list":["post-44540","post","type-post","status-publish","format-standard","has-post-thumbnail","hentry","category-homepage-french","category-sports","category-toutes-les-actualites","tag-africa-press","tag-africa-press-cote-divoire","tag-asec","tag-aziz-diallo","tag-canal-2","tag-cote-divoire","tag-coton-sport","tag-fif","tag-idriss-diallo","tag-ligue-des-champions","tag-mutombo-cartier"],"yoast_head":"<!-- This site is optimized with the Yoast SEO Premium plugin v26.1 (Yoast SEO v27.0) - https:\/\/yoast.com\/product\/yoast-seo-premium-wordpress\/ -->\n<title>Canal+ renouvelle son contrat avec la FIF pour 04 ans ; L&#039;Asec d\u00e9marre bien la ligue des champions avec une victoire \u00e0 l&#039;ext\u00e9rieur - C\u00f4te d&#039;Ivoire<\/title>\n<meta name=\"description\" content=\"La F\u00e9d\u00e9ration Ivoirienne de Football (FIF) et Canal+ ont proc\u00e9d\u00e9, jeudi dernier au renouvellement de la convention qui l ...\" \/>\n<meta name=\"robots\" content=\"index, follow, max-snippet:-1, max-image-preview:large, max-video-preview:-1\" \/>\n<link rel=\"canonical\" href=\"https:\/\/www.africa-press.net\/cotedivoire\/sports\/canal-renouvelle-son-contrat-avec-la-fif-pour-04-ans-lasec-demarre-bien-la-ligue-des-champions-avec-une-victoire-a-lexterieur\" \/>\n<meta property=\"og:locale\" content=\"fr_FR\" \/>\n<meta property=\"og:type\" content=\"article\" \/>\n<meta property=\"og:title\" content=\"Canal+ renouvelle son contrat avec la FIF pour 04 ans ; L&#039;Asec d\u00e9marre bien la ligue des champions avec une victoire \u00e0 l&#039;ext\u00e9rieur\" \/>\n<meta property=\"og:description\" content=\"La F\u00e9d\u00e9ration Ivoirienne de Football (FIF) et Canal+ ont proc\u00e9d\u00e9, jeudi dernier au renouvellement de la convention qui l ...\" \/>\n<meta property=\"og:url\" content=\"https:\/\/www.africa-press.net\/cotedivoire\/sports\/canal-renouvelle-son-contrat-avec-la-fif-pour-04-ans-lasec-demarre-bien-la-ligue-des-champions-avec-une-victoire-a-lexterieur\" \/>\n<meta property=\"og:site_name\" content=\"C\u00f4te d&#039;Ivoire\" \/>\n<meta property=\"article:published_time\" content=\"2022-09-12T17:48:15+00:00\" \/>\n<meta property=\"article:modified_time\" content=\"2022-09-12T18:11:04+00:00\" \/>\n<meta property=\"og:image\" content=\"https:\/\/static.africa-press.net\/cote\/sites\/43\/2022\/09\/postQueueImg_8-631f7612ef8ce.jpg\" \/>\n\t<meta property=\"og:image:width\" content=\"720\" \/>\n\t<meta property=\"og:image:height\" content=\"480\" \/>\n\t<meta property=\"og:image:type\" content=\"image\/jpeg\" \/>\n<meta name=\"author\" content=\"cfeditorfr\" \/>\n<meta name=\"twitter:card\" content=\"summary_large_image\" \/>\n<meta name=\"twitter:label1\" content=\"\u00c9crit par\" \/>\n\t<meta name=\"twitter:data1\" content=\"cfeditorfr\" \/>\n\t<meta name=\"twitter:label2\" content=\"Dur\u00e9e de lecture estim\u00e9e\" \/>\n\t<meta name=\"twitter:data2\" content=\"3 minutes\" \/>\n<script type=\"application\/ld+json\" class=\"yoast-schema-graph\">{\"@context\":\"https:\/\/schema.org\",\"@graph\":[{\"@type\":\"Article\",\"@id\":\"https:\/\/www.africa-press.net\/cotedivoire\/sports\/canal-renouvelle-son-contrat-avec-la-fif-pour-04-ans-lasec-demarre-bien-la-ligue-des-champions-avec-une-victoire-a-lexterieur#article\",\"isPartOf\":{\"@id\":\"https:\/\/www.africa-press.net\/cotedivoire\/sports\/canal-renouvelle-son-contrat-avec-la-fif-pour-04-ans-lasec-demarre-bien-la-ligue-des-champions-avec-une-victoire-a-lexterieur\"},\"author\":{\"name\":\"cfeditorfr\",\"@id\":\"https:\/\/www.africa-press.net\/cotedivoire\/#\/schema\/person\/2b1cf3cd81a31e3cd26889ca66d677f1\"},\"headline\":\"Canal+ renouvelle son contrat avec la FIF pour 04 ans ; L&rsquo;Asec d\u00e9marre bien la ligue des champions avec une victoire \u00e0 l&rsquo;ext\u00e9rieur\",\"datePublished\":\"2022-09-12T17:48:15+00:00\",\"dateModified\":\"2022-09-12T18:11:04+00:00\",\"mainEntityOfPage\":{\"@id\":\"https:\/\/www.africa-press.net\/cotedivoire\/sports\/canal-renouvelle-son-contrat-avec-la-fif-pour-04-ans-lasec-demarre-bien-la-ligue-des-champions-avec-une-victoire-a-lexterieur\"},\"wordCount\":496,\"commentCount\":0,\"image\":{\"@id\":\"https:\/\/www.africa-press.net\/cotedivoire\/sports\/canal-renouvelle-son-contrat-avec-la-fif-pour-04-ans-lasec-demarre-bien-la-ligue-des-champions-avec-une-victoire-a-lexterieur#primaryimage\"},\"thumbnailUrl\":\"https:\/\/static.africa-press.net\/cote\/sites\/43\/2022\/09\/postQueueImg_8-631f7612ef8ce.jpg\",\"keywords\":[\"Africa Press\",\"Africa Press-C\u00f4te d'Ivoire\",\"Asec\",\"Aziz Diallo\",\"Canal+\",\"C\u00d4TE D'IVOIRE\",\"Coton sport\",\"FIF\",\"Idriss Diallo\",\"Ligue des Champions\",\"Mutombo-Cartier\"],\"articleSection\":[\"homepage-french\",\"Sports\",\"Toutes les actualit\u00e9s\"],\"inLanguage\":\"fr-FR\",\"potentialAction\":[{\"@type\":\"CommentAction\",\"name\":\"Comment\",\"target\":[\"https:\/\/www.africa-press.net\/cotedivoire\/sports\/canal-renouvelle-son-contrat-avec-la-fif-pour-04-ans-lasec-demarre-bien-la-ligue-des-champions-avec-une-victoire-a-lexterieur#respond\"]}]},{\"@type\":\"WebPage\",\"@id\":\"https:\/\/www.africa-press.net\/cotedivoire\/sports\/canal-renouvelle-son-contrat-avec-la-fif-pour-04-ans-lasec-demarre-bien-la-ligue-des-champions-avec-une-victoire-a-lexterieur\",\"url\":\"https:\/\/www.africa-press.net\/cotedivoire\/sports\/canal-renouvelle-son-contrat-avec-la-fif-pour-04-ans-lasec-demarre-bien-la-ligue-des-champions-avec-une-victoire-a-lexterieur\",\"name\":\"Canal+ renouvelle son contrat avec la FIF pour 04 ans ; L'Asec d\u00e9marre bien la ligue des champions avec une victoire \u00e0 l'ext\u00e9rieur - C\u00f4te d&#039;Ivoire\",\"isPartOf\":{\"@id\":\"https:\/\/www.africa-press.net\/cotedivoire\/#website\"},\"primaryImageOfPage\":{\"@id\":\"https:\/\/www.africa-press.net\/cotedivoire\/sports\/canal-renouvelle-son-contrat-avec-la-fif-pour-04-ans-lasec-demarre-bien-la-ligue-des-champions-avec-une-victoire-a-lexterieur#primaryimage\"},\"image\":{\"@id\":\"https:\/\/www.africa-press.net\/cotedivoire\/sports\/canal-renouvelle-son-contrat-avec-la-fif-pour-04-ans-lasec-demarre-bien-la-ligue-des-champions-avec-une-victoire-a-lexterieur#primaryimage\"},\"thumbnailUrl\":\"https:\/\/static.africa-press.net\/cote\/sites\/43\/2022\/09\/postQueueImg_8-631f7612ef8ce.jpg\",\"datePublished\":\"2022-09-12T17:48:15+00:00\",\"dateModified\":\"2022-09-12T18:11:04+00:00\",\"author\":{\"@id\":\"https:\/\/www.africa-press.net\/cotedivoire\/#\/schema\/person\/2b1cf3cd81a31e3cd26889ca66d677f1\"},\"description\":\"La F\u00e9d\u00e9ration Ivoirienne de Football (FIF) et Canal+ ont proc\u00e9d\u00e9, jeudi dernier au renouvellement de la convention qui l ...\",\"breadcrumb\":{\"@id\":\"https:\/\/www.africa-press.net\/cotedivoire\/sports\/canal-renouvelle-son-contrat-avec-la-fif-pour-04-ans-lasec-demarre-bien-la-ligue-des-champions-avec-une-victoire-a-lexterieur#breadcrumb\"},\"inLanguage\":\"fr-FR\",\"potentialAction\":[{\"@type\":\"ReadAction\",\"target\":[\"https:\/\/www.africa-press.net\/cotedivoire\/sports\/canal-renouvelle-son-contrat-avec-la-fif-pour-04-ans-lasec-demarre-bien-la-ligue-des-champions-avec-une-victoire-a-lexterieur\"]}]},{\"@type\":\"ImageObject\",\"inLanguage\":\"fr-FR\",\"@id\":\"https:\/\/www.africa-press.net\/cotedivoire\/sports\/canal-renouvelle-son-contrat-avec-la-fif-pour-04-ans-lasec-demarre-bien-la-ligue-des-champions-avec-une-victoire-a-lexterieur#primaryimage\",\"url\":\"https:\/\/static.africa-press.net\/cote\/sites\/43\/2022\/09\/postQueueImg_8-631f7612ef8ce.jpg\",\"contentUrl\":\"https:\/\/static.africa-press.net\/cote\/sites\/43\/2022\/09\/postQueueImg_8-631f7612ef8ce.jpg\",\"width\":720,\"height\":480,\"caption\":\"Canal+ renouvelle son contrat avec la FIF pour 04 ans ; L'Asec d\u00e9marre bien la ligue des champions avec une victoire \u00e0 l'ext\u00e9rieur\"},{\"@type\":\"BreadcrumbList\",\"@id\":\"https:\/\/www.africa-press.net\/cotedivoire\/sports\/canal-renouvelle-son-contrat-avec-la-fif-pour-04-ans-lasec-demarre-bien-la-ligue-des-champions-avec-une-victoire-a-lexterieur#breadcrumb\",\"itemListElement\":[{\"@type\":\"ListItem\",\"position\":1,\"name\":\"Accueil\",\"item\":\"https:\/\/www.africa-press.net\/cotedivoire\/\"},{\"@type\":\"ListItem\",\"position\":2,\"name\":\"Canal+ renouvelle son contrat avec la FIF pour 04 ans ; L&#8217;Asec d\u00e9marre bien la ligue des champions avec une victoire \u00e0 l&#8217;ext\u00e9rieur\"}]},{\"@type\":\"WebSite\",\"@id\":\"https:\/\/www.africa-press.net\/cotedivoire\/#website\",\"url\":\"https:\/\/www.africa-press.net\/cotedivoire\/\",\"name\":\"C\u00f4te d&#039;Ivoire\",\"description\":\"Just another Africa News Agency Sites site\",\"potentialAction\":[{\"@type\":\"SearchAction\",\"target\":{\"@type\":\"EntryPoint\",\"urlTemplate\":\"https:\/\/www.africa-press.net\/cotedivoire\/?s={search_term_string}\"},\"query-input\":{\"@type\":\"PropertyValueSpecification\",\"valueRequired\":true,\"valueName\":\"search_term_string\"}}],\"inLanguage\":\"fr-FR\"},{\"@type\":\"Person\",\"@id\":\"https:\/\/www.africa-press.net\/cotedivoire\/#\/schema\/person\/2b1cf3cd81a31e3cd26889ca66d677f1\",\"name\":\"cfeditorfr\"}]}<\/script>\n<!-- \/ Yoast SEO Premium plugin. -->","yoast_head_json":{"title":"Canal+ renouvelle son contrat avec la FIF pour 04 ans ; L'Asec d\u00e9marre bien la ligue des champions avec une victoire \u00e0 l'ext\u00e9rieur - C\u00f4te d&#039;Ivoire","description":"La F\u00e9d\u00e9ration Ivoirienne de Football (FIF) et Canal+ ont proc\u00e9d\u00e9, jeudi dernier au renouvellement de la convention qui l ...","robots":{"index":"index","follow":"follow","max-snippet":"max-snippet:-1","max-image-preview":"max-image-preview:large","max-video-preview":"max-video-preview:-1"},"canonical":"https:\/\/www.africa-press.net\/cotedivoire\/sports\/canal-renouvelle-son-contrat-avec-la-fif-pour-04-ans-lasec-demarre-bien-la-ligue-des-champions-avec-une-victoire-a-lexterieur","og_locale":"fr_FR","og_type":"article","og_title":"Canal+ renouvelle son contrat avec la FIF pour 04 ans ; L'Asec d\u00e9marre bien la ligue des champions avec une victoire \u00e0 l'ext\u00e9rieur","og_description":"La F\u00e9d\u00e9ration Ivoirienne de Football (FIF) et Canal+ ont proc\u00e9d\u00e9, jeudi dernier au renouvellement de la convention qui l ...","og_url":"https:\/\/www.africa-press.net\/cotedivoire\/sports\/canal-renouvelle-son-contrat-avec-la-fif-pour-04-ans-lasec-demarre-bien-la-ligue-des-champions-avec-une-victoire-a-lexterieur","og_site_name":"C\u00f4te d&#039;Ivoire","article_published_time":"2022-09-12T17:48:15+00:00","article_modified_time":"2022-09-12T18:11:04+00:00","og_image":[{"width":720,"height":480,"url":"https:\/\/static.africa-press.net\/cote\/sites\/43\/2022\/09\/postQueueImg_8-631f7612ef8ce.jpg","type":"image\/jpeg"}],"author":"cfeditorfr","twitter_card":"summary_large_image","twitter_misc":{"\u00c9crit par":"cfeditorfr","Dur\u00e9e de lecture estim\u00e9e":"3 minutes"},"schema":{"@context":"https:\/\/schema.org","@graph":[{"@type":"Article","@id":"https:\/\/www.africa-press.net\/cotedivoire\/sports\/canal-renouvelle-son-contrat-avec-la-fif-pour-04-ans-lasec-demarre-bien-la-ligue-des-champions-avec-une-victoire-a-lexterieur#article","isPartOf":{"@id":"https:\/\/www.africa-press.net\/cotedivoire\/sports\/canal-renouvelle-son-contrat-avec-la-fif-pour-04-ans-lasec-demarre-bien-la-ligue-des-champions-avec-une-victoire-a-lexterieur"},"author":{"name":"cfeditorfr","@id":"https:\/\/www.africa-press.net\/cotedivoire\/#\/schema\/person\/2b1cf3cd81a31e3cd26889ca66d677f1"},"headline":"Canal+ renouvelle son contrat avec la FIF pour 04 ans ; L&rsquo;Asec d\u00e9marre bien la ligue des champions avec une victoire \u00e0 l&rsquo;ext\u00e9rieur","datePublished":"2022-09-12T17:48:15+00:00","dateModified":"2022-09-12T18:11:04+00:00","mainEntityOfPage":{"@id":"https:\/\/www.africa-press.net\/cotedivoire\/sports\/canal-renouvelle-son-contrat-avec-la-fif-pour-04-ans-lasec-demarre-bien-la-ligue-des-champions-avec-une-victoire-a-lexterieur"},"wordCount":496,"commentCount":0,"image":{"@id":"https:\/\/www.africa-press.net\/cotedivoire\/sports\/canal-renouvelle-son-contrat-avec-la-fif-pour-04-ans-lasec-demarre-bien-la-ligue-des-champions-avec-une-victoire-a-lexterieur#primaryimage"},"thumbnailUrl":"https:\/\/static.africa-press.net\/cote\/sites\/43\/2022\/09\/postQueueImg_8-631f7612ef8ce.jpg","keywords":["Africa Press","Africa Press-C\u00f4te d'Ivoire","Asec","Aziz Diallo","Canal+","C\u00d4TE D'IVOIRE","Coton sport","FIF","Idriss Diallo","Ligue des Champions","Mutombo-Cartier"],"articleSection":["homepage-french","Sports","Toutes les actualit\u00e9s"],"inLanguage":"fr-FR","potentialAction":[{"@type":"CommentAction","name":"Comment","target":["https:\/\/www.africa-press.net\/cotedivoire\/sports\/canal-renouvelle-son-contrat-avec-la-fif-pour-04-ans-lasec-demarre-bien-la-ligue-des-champions-avec-une-victoire-a-lexterieur#respond"]}]},{"@type":"WebPage","@id":"https:\/\/www.africa-press.net\/cotedivoire\/sports\/canal-renouvelle-son-contrat-avec-la-fif-pour-04-ans-lasec-demarre-bien-la-ligue-des-champions-avec-une-victoire-a-lexterieur","url":"https:\/\/www.africa-press.net\/cotedivoire\/sports\/canal-renouvelle-son-contrat-avec-la-fif-pour-04-ans-lasec-demarre-bien-la-ligue-des-champions-avec-une-victoire-a-lexterieur","name":"Canal+ renouvelle son contrat avec la FIF pour 04 ans ; L'Asec d\u00e9marre bien la ligue des champions avec une victoire \u00e0 l'ext\u00e9rieur - C\u00f4te d&#039;Ivoire","isPartOf":{"@id":"https:\/\/www.africa-press.net\/cotedivoire\/#website"},"primaryImageOfPage":{"@id":"https:\/\/www.africa-press.net\/cotedivoire\/sports\/canal-renouvelle-son-contrat-avec-la-fif-pour-04-ans-lasec-demarre-bien-la-ligue-des-champions-avec-une-victoire-a-lexterieur#primaryimage"},"image":{"@id":"https:\/\/www.africa-press.net\/cotedivoire\/sports\/canal-renouvelle-son-contrat-avec-la-fif-pour-04-ans-lasec-demarre-bien-la-ligue-des-champions-avec-une-victoire-a-lexterieur#primaryimage"},"thumbnailUrl":"https:\/\/static.africa-press.net\/cote\/sites\/43\/2022\/09\/postQueueImg_8-631f7612ef8ce.jpg","datePublished":"2022-09-12T17:48:15+00:00","dateModified":"2022-09-12T18:11:04+00:00","author":{"@id":"https:\/\/www.africa-press.net\/cotedivoire\/#\/schema\/person\/2b1cf3cd81a31e3cd26889ca66d677f1"},"description":"La F\u00e9d\u00e9ration Ivoirienne de Football (FIF) et Canal+ ont proc\u00e9d\u00e9, jeudi dernier au renouvellement de la convention qui l ...","breadcrumb":{"@id":"https:\/\/www.africa-press.net\/cotedivoire\/sports\/canal-renouvelle-son-contrat-avec-la-fif-pour-04-ans-lasec-demarre-bien-la-ligue-des-champions-avec-une-victoire-a-lexterieur#breadcrumb"},"inLanguage":"fr-FR","potentialAction":[{"@type":"ReadAction","target":["https:\/\/www.africa-press.net\/cotedivoire\/sports\/canal-renouvelle-son-contrat-avec-la-fif-pour-04-ans-lasec-demarre-bien-la-ligue-des-champions-avec-une-victoire-a-lexterieur"]}]},{"@type":"ImageObject","inLanguage":"fr-FR","@id":"https:\/\/www.africa-press.net\/cotedivoire\/sports\/canal-renouvelle-son-contrat-avec-la-fif-pour-04-ans-lasec-demarre-bien-la-ligue-des-champions-avec-une-victoire-a-lexterieur#primaryimage","url":"https:\/\/static.africa-press.net\/cote\/sites\/43\/2022\/09\/postQueueImg_8-631f7612ef8ce.jpg","contentUrl":"https:\/\/static.africa-press.net\/cote\/sites\/43\/2022\/09\/postQueueImg_8-631f7612ef8ce.jpg","width":720,"height":480,"caption":"Canal+ renouvelle son contrat avec la FIF pour 04 ans ; L'Asec d\u00e9marre bien la ligue des champions avec une victoire \u00e0 l'ext\u00e9rieur"},{"@type":"BreadcrumbList","@id":"https:\/\/www.africa-press.net\/cotedivoire\/sports\/canal-renouvelle-son-contrat-avec-la-fif-pour-04-ans-lasec-demarre-bien-la-ligue-des-champions-avec-une-victoire-a-lexterieur#breadcrumb","itemListElement":[{"@type":"ListItem","position":1,"name":"Accueil","item":"https:\/\/www.africa-press.net\/cotedivoire\/"},{"@type":"ListItem","position":2,"name":"Canal+ renouvelle son contrat avec la FIF pour 04 ans ; L&#8217;Asec d\u00e9marre bien la ligue des champions avec une victoire \u00e0 l&#8217;ext\u00e9rieur"}]},{"@type":"WebSite","@id":"https:\/\/www.africa-press.net\/cotedivoire\/#website","url":"https:\/\/www.africa-press.net\/cotedivoire\/","name":"C\u00f4te d&#039;Ivoire","description":"Just another Africa News Agency Sites site","potentialAction":[{"@type":"SearchAction","target":{"@type":"EntryPoint","urlTemplate":"https:\/\/www.africa-press.net\/cotedivoire\/?s={search_term_string}"},"query-input":{"@type":"PropertyValueSpecification","valueRequired":true,"valueName":"search_term_string"}}],"inLanguage":"fr-FR"},{"@type":"Person","@id":"https:\/\/www.africa-press.net\/cotedivoire\/#\/schema\/person\/2b1cf3cd81a31e3cd26889ca66d677f1","name":"cfeditorfr"}]}},"_links":{"self":[{"href":"https:\/\/www.africa-press.net\/cotedivoire\/wp-json\/wp\/v2\/posts\/44540","targetHints":{"allow":["GET"]}}],"collection":[{"href":"https:\/\/www.africa-press.net\/cotedivoire\/wp-json\/wp\/v2\/posts"}],"about":[{"href":"https:\/\/www.africa-press.net\/cotedivoire\/wp-json\/wp\/v2\/types\/post"}],"author":[{"embeddable":true,"href":"https:\/\/www.africa-press.net\/cotedivoire\/wp-json\/wp\/v2\/users\/82"}],"replies":[{"embeddable":true,"href":"https:\/\/www.africa-press.net\/cotedivoire\/wp-json\/wp\/v2\/comments?post=44540"}],"version-history":[{"count":0,"href":"https:\/\/www.africa-press.net\/cotedivoire\/wp-json\/wp\/v2\/posts\/44540\/revisions"}],"wp:featuredmedia":[{"embeddable":true,"href":"https:\/\/www.africa-press.net\/cotedivoire\/wp-json\/wp\/v2\/media\/44539"}],"wp:attachment":[{"href":"https:\/\/www.africa-press.net\/cotedivoire\/wp-json\/wp\/v2\/media?parent=44540"}],"wp:term":[{"taxonomy":"category","embeddable":true,"href":"https:\/\/www.africa-press.net\/cotedivoire\/wp-json\/wp\/v2\/categories?post=44540"},{"taxonomy":"post_tag","embeddable":true,"href":"https:\/\/www.africa-press.net\/cotedivoire\/wp-json\/wp\/v2\/tags?post=44540"}],"curies":[{"name":"wp","href":"https:\/\/api.w.org\/{rel}","templated":true}]}}