{"id":44655,"date":"2022-09-13T16:51:38","date_gmt":"2022-09-13T16:51:38","guid":{"rendered":"https:\/\/www.africa-press.net\/cotedivoire\/politique\/cocan-un-nouveau-decret-attribue-desormais-toutes-les-prerogatives-au-premier-ministre-le-ministre-des-sports-ecarte"},"modified":"2022-09-13T17:31:58","modified_gmt":"2022-09-13T17:31:58","slug":"cocan-un-nouveau-decret-attribue-desormais-toutes-les-prerogatives-au-premier-ministre-le-ministre-des-sports-ecarte","status":"publish","type":"post","link":"https:\/\/www.africa-press.net\/cotedivoire\/sports\/cocan-un-nouveau-decret-attribue-desormais-toutes-les-prerogatives-au-premier-ministre-le-ministre-des-sports-ecarte","title":{"rendered":"COCAN, un nouveau d\u00e9cret attribue d\u00e9sormais toutes les pr\u00e9rogatives au Premier Ministre, le Ministre des Sports \u00e9cart\u00e9"},"content":{"rendered":"<p><span style=\"color: #ff6600\"><strong>Africa-Press &#8211; C\u00f4te d&rsquo;Ivoire. <\/strong><\/span>Un nouveau chamboulement au sein du Comit\u00e9 d\u2019Organisation de la Coupe d\u2019Afrique des Nations (COCAN) de 2023 qui se d\u00e9roulera effectivement en janvier 2024.<\/p>\n<p>Nous apprenons que, le chef de l\u2019Etat, Alassane Ouattara, a pris un nouveau d\u00e9cret qui donne d\u00e9sormais toutes les pr\u00e9rogatives au Premier Ministre, Patrick Achi.<\/p>\n<p>Le nouveau d\u00e9cret N\u00b02022-667 du 10 ao\u00fbt 2022, stipule en son article 4 que : \u00ab Le pr\u00e9sident du COCAN est nomm\u00e9 par d\u00e9cret, sur proposition du Premier Ministre. Les Vice-pr\u00e9sidents et les membres sont nomm\u00e9s par arr\u00eat\u00e9s du Premier Ministre. Les Conseillers Sp\u00e9ciaux du pr\u00e9sident du COCAN sont nomm\u00e9s par arr\u00eat\u00e9 du Premier Ministre sur proposition du pr\u00e9sident du COCAN. \u00bb<\/p>\n<p>Ce qui signifie que toutes les pr\u00e9rogatives sont dor\u00e9navant attribu\u00e9es au chef du Gouvernement, \u00e9cartant ainsi le Ministre des Sports, Danho Paulin Claude du COCAN.<\/p>\n<p>C\u2019est donc \u00e0 pr\u00e9sent, Patrick Achi, Amichia Fran\u00e7ois et Idriss Diallo qui vont piloter tout le processus pour l\u2019organisation de la CAN 2023.<\/p>\n<p><strong>Pour plus d&rsquo;informations et d&rsquo;analyses sur la <a href=\"https:\/\/www.africa-press.net\/cotedivoire\">C\u00f4te d&rsquo;Ivoire<\/a>, suivez <a href=\"https:\/\/www.africa-press.net\/\">Africa-Press<\/a><\/strong><\/p>\n","protected":false},"excerpt":{"rendered":"<p>Africa-Press &#8211; C\u00f4te d&rsquo;Ivoire. Un nouveau chamboulement au sein du Comit\u00e9 d\u2019Organisation de la Coupe d\u2019Afrique des Nations (COCAN) de 2023 qui se d\u00e9roulera effectivement en janvier 2024. Nous apprenons que, le chef de l\u2019Etat, Alassane Ouattara, a pris un nouveau d\u00e9cret qui donne d\u00e9sormais toutes les pr\u00e9rogatives au Premier Ministre, Patrick Achi. Le nouveau [&hellip;]<\/p>\n","protected":false},"author":82,"featured_media":44654,"comment_status":"open","ping_status":"closed","sticky":false,"template":"","format":"standard","meta":{"footnotes":""},"categories":[11,6,10],"tags":[56,63,38,1791,29,1517,1746,1830,1356,402],"class_list":["post-44655","post","type-post","status-publish","format-standard","has-post-thumbnail","hentry","category-homepage-french","category-sports","category-toutes-les-actualites","tag-africa-press","tag-africa-press-cote-divoire","tag-alassane-ouattara","tag-cocan","tag-cote-divoire","tag-danho-paulin","tag-decret","tag-francois-amichia","tag-idriss-diallo","tag-patrick-achi"],"yoast_head":"<!-- This site is optimized with the Yoast SEO Premium plugin v26.1 (Yoast SEO v27.0) - https:\/\/yoast.com\/product\/yoast-seo-premium-wordpress\/ -->\n<title>COCAN, un nouveau d\u00e9cret attribue d\u00e9sormais toutes les pr\u00e9rogatives au Premier Ministre, le Ministre des Sports \u00e9cart\u00e9 - C\u00f4te d&#039;Ivoire<\/title>\n<meta name=\"description\" content=\"Un nouveau chamboulement au sein du Comit\u00e9 d\u2019Organisation de la Coupe d\u2019Afrique des Nations (COCAN) de 2023 qui se d\u00e9rou ...\" \/>\n<meta name=\"robots\" content=\"index, follow, max-snippet:-1, max-image-preview:large, max-video-preview:-1\" \/>\n<link rel=\"canonical\" href=\"https:\/\/www.africa-press.net\/cotedivoire\/sports\/cocan-un-nouveau-decret-attribue-desormais-toutes-les-prerogatives-au-premier-ministre-le-ministre-des-sports-ecarte\" \/>\n<meta property=\"og:locale\" content=\"fr_FR\" \/>\n<meta property=\"og:type\" content=\"article\" \/>\n<meta property=\"og:title\" content=\"COCAN, un nouveau d\u00e9cret attribue d\u00e9sormais toutes les pr\u00e9rogatives au Premier Ministre, le Ministre des Sports \u00e9cart\u00e9\" \/>\n<meta property=\"og:description\" content=\"Un nouveau chamboulement au sein du Comit\u00e9 d\u2019Organisation de la Coupe d\u2019Afrique des Nations (COCAN) de 2023 qui se d\u00e9rou ...\" \/>\n<meta property=\"og:url\" content=\"https:\/\/www.africa-press.net\/cotedivoire\/sports\/cocan-un-nouveau-decret-attribue-desormais-toutes-les-prerogatives-au-premier-ministre-le-ministre-des-sports-ecarte\" \/>\n<meta property=\"og:site_name\" content=\"C\u00f4te d&#039;Ivoire\" \/>\n<meta property=\"article:published_time\" content=\"2022-09-13T16:51:38+00:00\" \/>\n<meta property=\"article:modified_time\" content=\"2022-09-13T17:31:58+00:00\" \/>\n<meta property=\"og:image\" content=\"https:\/\/static.africa-press.net\/cote\/sites\/43\/2022\/09\/postQueueImg_24-6320be5075011.jpg\" \/>\n\t<meta property=\"og:image:width\" content=\"720\" \/>\n\t<meta property=\"og:image:height\" content=\"333\" \/>\n\t<meta property=\"og:image:type\" content=\"image\/jpeg\" \/>\n<meta name=\"author\" content=\"cfeditorfr\" \/>\n<meta name=\"twitter:card\" content=\"summary_large_image\" \/>\n<meta name=\"twitter:label1\" content=\"\u00c9crit par\" \/>\n\t<meta name=\"twitter:data1\" content=\"cfeditorfr\" \/>\n\t<meta name=\"twitter:label2\" content=\"Dur\u00e9e de lecture estim\u00e9e\" \/>\n\t<meta name=\"twitter:data2\" content=\"1 minute\" \/>\n<script type=\"application\/ld+json\" class=\"yoast-schema-graph\">{\"@context\":\"https:\/\/schema.org\",\"@graph\":[{\"@type\":\"Article\",\"@id\":\"https:\/\/www.africa-press.net\/cotedivoire\/sports\/cocan-un-nouveau-decret-attribue-desormais-toutes-les-prerogatives-au-premier-ministre-le-ministre-des-sports-ecarte#article\",\"isPartOf\":{\"@id\":\"https:\/\/www.africa-press.net\/cotedivoire\/sports\/cocan-un-nouveau-decret-attribue-desormais-toutes-les-prerogatives-au-premier-ministre-le-ministre-des-sports-ecarte\"},\"author\":{\"name\":\"cfeditorfr\",\"@id\":\"https:\/\/www.africa-press.net\/cotedivoire\/#\/schema\/person\/2b1cf3cd81a31e3cd26889ca66d677f1\"},\"headline\":\"COCAN, un nouveau d\u00e9cret attribue d\u00e9sormais toutes les pr\u00e9rogatives au Premier Ministre, le Ministre des Sports \u00e9cart\u00e9\",\"datePublished\":\"2022-09-13T16:51:38+00:00\",\"dateModified\":\"2022-09-13T17:31:58+00:00\",\"mainEntityOfPage\":{\"@id\":\"https:\/\/www.africa-press.net\/cotedivoire\/sports\/cocan-un-nouveau-decret-attribue-desormais-toutes-les-prerogatives-au-premier-ministre-le-ministre-des-sports-ecarte\"},\"wordCount\":218,\"commentCount\":0,\"image\":{\"@id\":\"https:\/\/www.africa-press.net\/cotedivoire\/sports\/cocan-un-nouveau-decret-attribue-desormais-toutes-les-prerogatives-au-premier-ministre-le-ministre-des-sports-ecarte#primaryimage\"},\"thumbnailUrl\":\"https:\/\/static.africa-press.net\/cote\/sites\/43\/2022\/09\/postQueueImg_24-6320be5075011.jpg\",\"keywords\":[\"Africa Press\",\"Africa Press-C\u00f4te d'Ivoire\",\"Alassane Ouattara\",\"COCAN\",\"C\u00d4TE D'IVOIRE\",\"Danho Paulin\",\"d\u00e9cret\",\"Fran\u00e7ois Amichia\",\"Idriss Diallo\",\"Patrick Achi\"],\"articleSection\":[\"homepage-french\",\"Sports\",\"Toutes les actualit\u00e9s\"],\"inLanguage\":\"fr-FR\",\"potentialAction\":[{\"@type\":\"CommentAction\",\"name\":\"Comment\",\"target\":[\"https:\/\/www.africa-press.net\/cotedivoire\/sports\/cocan-un-nouveau-decret-attribue-desormais-toutes-les-prerogatives-au-premier-ministre-le-ministre-des-sports-ecarte#respond\"]}]},{\"@type\":\"WebPage\",\"@id\":\"https:\/\/www.africa-press.net\/cotedivoire\/sports\/cocan-un-nouveau-decret-attribue-desormais-toutes-les-prerogatives-au-premier-ministre-le-ministre-des-sports-ecarte\",\"url\":\"https:\/\/www.africa-press.net\/cotedivoire\/sports\/cocan-un-nouveau-decret-attribue-desormais-toutes-les-prerogatives-au-premier-ministre-le-ministre-des-sports-ecarte\",\"name\":\"COCAN, un nouveau d\u00e9cret attribue d\u00e9sormais toutes les pr\u00e9rogatives au Premier Ministre, le Ministre des Sports \u00e9cart\u00e9 - C\u00f4te d&#039;Ivoire\",\"isPartOf\":{\"@id\":\"https:\/\/www.africa-press.net\/cotedivoire\/#website\"},\"primaryImageOfPage\":{\"@id\":\"https:\/\/www.africa-press.net\/cotedivoire\/sports\/cocan-un-nouveau-decret-attribue-desormais-toutes-les-prerogatives-au-premier-ministre-le-ministre-des-sports-ecarte#primaryimage\"},\"image\":{\"@id\":\"https:\/\/www.africa-press.net\/cotedivoire\/sports\/cocan-un-nouveau-decret-attribue-desormais-toutes-les-prerogatives-au-premier-ministre-le-ministre-des-sports-ecarte#primaryimage\"},\"thumbnailUrl\":\"https:\/\/static.africa-press.net\/cote\/sites\/43\/2022\/09\/postQueueImg_24-6320be5075011.jpg\",\"datePublished\":\"2022-09-13T16:51:38+00:00\",\"dateModified\":\"2022-09-13T17:31:58+00:00\",\"author\":{\"@id\":\"https:\/\/www.africa-press.net\/cotedivoire\/#\/schema\/person\/2b1cf3cd81a31e3cd26889ca66d677f1\"},\"description\":\"Un nouveau chamboulement au sein du Comit\u00e9 d\u2019Organisation de la Coupe d\u2019Afrique des Nations (COCAN) de 2023 qui se d\u00e9rou ...\",\"breadcrumb\":{\"@id\":\"https:\/\/www.africa-press.net\/cotedivoire\/sports\/cocan-un-nouveau-decret-attribue-desormais-toutes-les-prerogatives-au-premier-ministre-le-ministre-des-sports-ecarte#breadcrumb\"},\"inLanguage\":\"fr-FR\",\"potentialAction\":[{\"@type\":\"ReadAction\",\"target\":[\"https:\/\/www.africa-press.net\/cotedivoire\/sports\/cocan-un-nouveau-decret-attribue-desormais-toutes-les-prerogatives-au-premier-ministre-le-ministre-des-sports-ecarte\"]}]},{\"@type\":\"ImageObject\",\"inLanguage\":\"fr-FR\",\"@id\":\"https:\/\/www.africa-press.net\/cotedivoire\/sports\/cocan-un-nouveau-decret-attribue-desormais-toutes-les-prerogatives-au-premier-ministre-le-ministre-des-sports-ecarte#primaryimage\",\"url\":\"https:\/\/static.africa-press.net\/cote\/sites\/43\/2022\/09\/postQueueImg_24-6320be5075011.jpg\",\"contentUrl\":\"https:\/\/static.africa-press.net\/cote\/sites\/43\/2022\/09\/postQueueImg_24-6320be5075011.jpg\",\"width\":720,\"height\":333,\"caption\":\"COCAN, un nouveau d\u00e9cret attribue d\u00e9sormais toutes les pr\u00e9rogatives au Premier Ministre, le Ministre des Sports \u00e9cart\u00e9\"},{\"@type\":\"BreadcrumbList\",\"@id\":\"https:\/\/www.africa-press.net\/cotedivoire\/sports\/cocan-un-nouveau-decret-attribue-desormais-toutes-les-prerogatives-au-premier-ministre-le-ministre-des-sports-ecarte#breadcrumb\",\"itemListElement\":[{\"@type\":\"ListItem\",\"position\":1,\"name\":\"Accueil\",\"item\":\"https:\/\/www.africa-press.net\/cotedivoire\/\"},{\"@type\":\"ListItem\",\"position\":2,\"name\":\"COCAN, un nouveau d\u00e9cret attribue d\u00e9sormais toutes les pr\u00e9rogatives au Premier Ministre, le Ministre des Sports \u00e9cart\u00e9\"}]},{\"@type\":\"WebSite\",\"@id\":\"https:\/\/www.africa-press.net\/cotedivoire\/#website\",\"url\":\"https:\/\/www.africa-press.net\/cotedivoire\/\",\"name\":\"C\u00f4te d&#039;Ivoire\",\"description\":\"Just another Africa News Agency Sites site\",\"potentialAction\":[{\"@type\":\"SearchAction\",\"target\":{\"@type\":\"EntryPoint\",\"urlTemplate\":\"https:\/\/www.africa-press.net\/cotedivoire\/?s={search_term_string}\"},\"query-input\":{\"@type\":\"PropertyValueSpecification\",\"valueRequired\":true,\"valueName\":\"search_term_string\"}}],\"inLanguage\":\"fr-FR\"},{\"@type\":\"Person\",\"@id\":\"https:\/\/www.africa-press.net\/cotedivoire\/#\/schema\/person\/2b1cf3cd81a31e3cd26889ca66d677f1\",\"name\":\"cfeditorfr\"}]}<\/script>\n<!-- \/ Yoast SEO Premium plugin. -->","yoast_head_json":{"title":"COCAN, un nouveau d\u00e9cret attribue d\u00e9sormais toutes les pr\u00e9rogatives au Premier Ministre, le Ministre des Sports \u00e9cart\u00e9 - C\u00f4te d&#039;Ivoire","description":"Un nouveau chamboulement au sein du Comit\u00e9 d\u2019Organisation de la Coupe d\u2019Afrique des Nations (COCAN) de 2023 qui se d\u00e9rou ...","robots":{"index":"index","follow":"follow","max-snippet":"max-snippet:-1","max-image-preview":"max-image-preview:large","max-video-preview":"max-video-preview:-1"},"canonical":"https:\/\/www.africa-press.net\/cotedivoire\/sports\/cocan-un-nouveau-decret-attribue-desormais-toutes-les-prerogatives-au-premier-ministre-le-ministre-des-sports-ecarte","og_locale":"fr_FR","og_type":"article","og_title":"COCAN, un nouveau d\u00e9cret attribue d\u00e9sormais toutes les pr\u00e9rogatives au Premier Ministre, le Ministre des Sports \u00e9cart\u00e9","og_description":"Un nouveau chamboulement au sein du Comit\u00e9 d\u2019Organisation de la Coupe d\u2019Afrique des Nations (COCAN) de 2023 qui se d\u00e9rou ...","og_url":"https:\/\/www.africa-press.net\/cotedivoire\/sports\/cocan-un-nouveau-decret-attribue-desormais-toutes-les-prerogatives-au-premier-ministre-le-ministre-des-sports-ecarte","og_site_name":"C\u00f4te d&#039;Ivoire","article_published_time":"2022-09-13T16:51:38+00:00","article_modified_time":"2022-09-13T17:31:58+00:00","og_image":[{"width":720,"height":333,"url":"https:\/\/static.africa-press.net\/cote\/sites\/43\/2022\/09\/postQueueImg_24-6320be5075011.jpg","type":"image\/jpeg"}],"author":"cfeditorfr","twitter_card":"summary_large_image","twitter_misc":{"\u00c9crit par":"cfeditorfr","Dur\u00e9e de lecture estim\u00e9e":"1 minute"},"schema":{"@context":"https:\/\/schema.org","@graph":[{"@type":"Article","@id":"https:\/\/www.africa-press.net\/cotedivoire\/sports\/cocan-un-nouveau-decret-attribue-desormais-toutes-les-prerogatives-au-premier-ministre-le-ministre-des-sports-ecarte#article","isPartOf":{"@id":"https:\/\/www.africa-press.net\/cotedivoire\/sports\/cocan-un-nouveau-decret-attribue-desormais-toutes-les-prerogatives-au-premier-ministre-le-ministre-des-sports-ecarte"},"author":{"name":"cfeditorfr","@id":"https:\/\/www.africa-press.net\/cotedivoire\/#\/schema\/person\/2b1cf3cd81a31e3cd26889ca66d677f1"},"headline":"COCAN, un nouveau d\u00e9cret attribue d\u00e9sormais toutes les pr\u00e9rogatives au Premier Ministre, le Ministre des Sports \u00e9cart\u00e9","datePublished":"2022-09-13T16:51:38+00:00","dateModified":"2022-09-13T17:31:58+00:00","mainEntityOfPage":{"@id":"https:\/\/www.africa-press.net\/cotedivoire\/sports\/cocan-un-nouveau-decret-attribue-desormais-toutes-les-prerogatives-au-premier-ministre-le-ministre-des-sports-ecarte"},"wordCount":218,"commentCount":0,"image":{"@id":"https:\/\/www.africa-press.net\/cotedivoire\/sports\/cocan-un-nouveau-decret-attribue-desormais-toutes-les-prerogatives-au-premier-ministre-le-ministre-des-sports-ecarte#primaryimage"},"thumbnailUrl":"https:\/\/static.africa-press.net\/cote\/sites\/43\/2022\/09\/postQueueImg_24-6320be5075011.jpg","keywords":["Africa Press","Africa Press-C\u00f4te d'Ivoire","Alassane Ouattara","COCAN","C\u00d4TE D'IVOIRE","Danho Paulin","d\u00e9cret","Fran\u00e7ois Amichia","Idriss Diallo","Patrick Achi"],"articleSection":["homepage-french","Sports","Toutes les actualit\u00e9s"],"inLanguage":"fr-FR","potentialAction":[{"@type":"CommentAction","name":"Comment","target":["https:\/\/www.africa-press.net\/cotedivoire\/sports\/cocan-un-nouveau-decret-attribue-desormais-toutes-les-prerogatives-au-premier-ministre-le-ministre-des-sports-ecarte#respond"]}]},{"@type":"WebPage","@id":"https:\/\/www.africa-press.net\/cotedivoire\/sports\/cocan-un-nouveau-decret-attribue-desormais-toutes-les-prerogatives-au-premier-ministre-le-ministre-des-sports-ecarte","url":"https:\/\/www.africa-press.net\/cotedivoire\/sports\/cocan-un-nouveau-decret-attribue-desormais-toutes-les-prerogatives-au-premier-ministre-le-ministre-des-sports-ecarte","name":"COCAN, un nouveau d\u00e9cret attribue d\u00e9sormais toutes les pr\u00e9rogatives au Premier Ministre, le Ministre des Sports \u00e9cart\u00e9 - C\u00f4te d&#039;Ivoire","isPartOf":{"@id":"https:\/\/www.africa-press.net\/cotedivoire\/#website"},"primaryImageOfPage":{"@id":"https:\/\/www.africa-press.net\/cotedivoire\/sports\/cocan-un-nouveau-decret-attribue-desormais-toutes-les-prerogatives-au-premier-ministre-le-ministre-des-sports-ecarte#primaryimage"},"image":{"@id":"https:\/\/www.africa-press.net\/cotedivoire\/sports\/cocan-un-nouveau-decret-attribue-desormais-toutes-les-prerogatives-au-premier-ministre-le-ministre-des-sports-ecarte#primaryimage"},"thumbnailUrl":"https:\/\/static.africa-press.net\/cote\/sites\/43\/2022\/09\/postQueueImg_24-6320be5075011.jpg","datePublished":"2022-09-13T16:51:38+00:00","dateModified":"2022-09-13T17:31:58+00:00","author":{"@id":"https:\/\/www.africa-press.net\/cotedivoire\/#\/schema\/person\/2b1cf3cd81a31e3cd26889ca66d677f1"},"description":"Un nouveau chamboulement au sein du Comit\u00e9 d\u2019Organisation de la Coupe d\u2019Afrique des Nations (COCAN) de 2023 qui se d\u00e9rou ...","breadcrumb":{"@id":"https:\/\/www.africa-press.net\/cotedivoire\/sports\/cocan-un-nouveau-decret-attribue-desormais-toutes-les-prerogatives-au-premier-ministre-le-ministre-des-sports-ecarte#breadcrumb"},"inLanguage":"fr-FR","potentialAction":[{"@type":"ReadAction","target":["https:\/\/www.africa-press.net\/cotedivoire\/sports\/cocan-un-nouveau-decret-attribue-desormais-toutes-les-prerogatives-au-premier-ministre-le-ministre-des-sports-ecarte"]}]},{"@type":"ImageObject","inLanguage":"fr-FR","@id":"https:\/\/www.africa-press.net\/cotedivoire\/sports\/cocan-un-nouveau-decret-attribue-desormais-toutes-les-prerogatives-au-premier-ministre-le-ministre-des-sports-ecarte#primaryimage","url":"https:\/\/static.africa-press.net\/cote\/sites\/43\/2022\/09\/postQueueImg_24-6320be5075011.jpg","contentUrl":"https:\/\/static.africa-press.net\/cote\/sites\/43\/2022\/09\/postQueueImg_24-6320be5075011.jpg","width":720,"height":333,"caption":"COCAN, un nouveau d\u00e9cret attribue d\u00e9sormais toutes les pr\u00e9rogatives au Premier Ministre, le Ministre des Sports \u00e9cart\u00e9"},{"@type":"BreadcrumbList","@id":"https:\/\/www.africa-press.net\/cotedivoire\/sports\/cocan-un-nouveau-decret-attribue-desormais-toutes-les-prerogatives-au-premier-ministre-le-ministre-des-sports-ecarte#breadcrumb","itemListElement":[{"@type":"ListItem","position":1,"name":"Accueil","item":"https:\/\/www.africa-press.net\/cotedivoire\/"},{"@type":"ListItem","position":2,"name":"COCAN, un nouveau d\u00e9cret attribue d\u00e9sormais toutes les pr\u00e9rogatives au Premier Ministre, le Ministre des Sports \u00e9cart\u00e9"}]},{"@type":"WebSite","@id":"https:\/\/www.africa-press.net\/cotedivoire\/#website","url":"https:\/\/www.africa-press.net\/cotedivoire\/","name":"C\u00f4te d&#039;Ivoire","description":"Just another Africa News Agency Sites site","potentialAction":[{"@type":"SearchAction","target":{"@type":"EntryPoint","urlTemplate":"https:\/\/www.africa-press.net\/cotedivoire\/?s={search_term_string}"},"query-input":{"@type":"PropertyValueSpecification","valueRequired":true,"valueName":"search_term_string"}}],"inLanguage":"fr-FR"},{"@type":"Person","@id":"https:\/\/www.africa-press.net\/cotedivoire\/#\/schema\/person\/2b1cf3cd81a31e3cd26889ca66d677f1","name":"cfeditorfr"}]}},"_links":{"self":[{"href":"https:\/\/www.africa-press.net\/cotedivoire\/wp-json\/wp\/v2\/posts\/44655","targetHints":{"allow":["GET"]}}],"collection":[{"href":"https:\/\/www.africa-press.net\/cotedivoire\/wp-json\/wp\/v2\/posts"}],"about":[{"href":"https:\/\/www.africa-press.net\/cotedivoire\/wp-json\/wp\/v2\/types\/post"}],"author":[{"embeddable":true,"href":"https:\/\/www.africa-press.net\/cotedivoire\/wp-json\/wp\/v2\/users\/82"}],"replies":[{"embeddable":true,"href":"https:\/\/www.africa-press.net\/cotedivoire\/wp-json\/wp\/v2\/comments?post=44655"}],"version-history":[{"count":0,"href":"https:\/\/www.africa-press.net\/cotedivoire\/wp-json\/wp\/v2\/posts\/44655\/revisions"}],"wp:featuredmedia":[{"embeddable":true,"href":"https:\/\/www.africa-press.net\/cotedivoire\/wp-json\/wp\/v2\/media\/44654"}],"wp:attachment":[{"href":"https:\/\/www.africa-press.net\/cotedivoire\/wp-json\/wp\/v2\/media?parent=44655"}],"wp:term":[{"taxonomy":"category","embeddable":true,"href":"https:\/\/www.africa-press.net\/cotedivoire\/wp-json\/wp\/v2\/categories?post=44655"},{"taxonomy":"post_tag","embeddable":true,"href":"https:\/\/www.africa-press.net\/cotedivoire\/wp-json\/wp\/v2\/tags?post=44655"}],"curies":[{"name":"wp","href":"https:\/\/api.w.org\/{rel}","templated":true}]}}